{"id":37552,"date":"2025-04-04T13:59:19","date_gmt":"2025-04-04T16:59:19","guid":{"rendered":"https:\/\/dev.explora.cl\/nuble\/?p=37552"},"modified":"2025-04-04T13:59:19","modified_gmt":"2025-04-04T16:59:19","slug":"explora-nuble-2025-2026-nuevas-investigaciones-para-descubrir-nuestra-region","status":"publish","type":"post","link":"https:\/\/dev.explora.cl\/nuble\/explora-nuble-2025-2026-nuevas-investigaciones-para-descubrir-nuestra-region\/","title":{"rendered":"Explora \u00d1uble 2025-2026: Nuevas investigaciones para descubrir nuestra regi\u00f3n"},"content":{"rendered":"<p class=\"\" data-start=\"153\" data-end=\"465\">Este 4 de abril de 2025 hemos cerrado una nueva convocatoria para participar en la iniciativa de Investigaci\u00f3n e Innovaci\u00f3n Escolar (IIE). En esta nueva edici\u00f3n del PAR Explora \u00d1uble 2025-2026, celebramos la diversidad de equipos y proyectos de investigaci\u00f3n e innovaci\u00f3n que explorar\u00e1n nuestra regi\u00f3n con curiosidad y creatividad. Estos trabajos, liderados por ni\u00f1as, ni\u00f1os y adolescentes, nos invitan a mirar el mundo con nuevas preguntas y soluciones.<\/p>\n<p class=\"\" data-start=\"467\" data-end=\"695\">Felicitamos a todas y todos quienes participan en IIE y extendemos nuestro reconocimiento a los docentes gu\u00eda, cuyo compromiso es clave para acompa\u00f1ar a los estudiantes en su camino de exploraci\u00f3n y descubrimiento.<\/p>\n<p class=\"\" data-start=\"697\" data-end=\"758\">\u00a1Sigamos fortaleciendo la ciencia y la innovaci\u00f3n en \u00d1uble!<\/p>\n","protected":false},"excerpt":{"rendered":"<p>Este 4 de abril de 2025 hemos cerrado una nueva convocatoria para participar en la iniciativa de Investigaci\u00f3n e Innovaci\u00f3n Escolar (IIE). En esta nueva edici\u00f3n del PAR Explora \u00d1uble 2025-2026, celebramos la diversidad de equipos y proyectos de investigaci\u00f3n e innovaci\u00f3n que explorar\u00e1n nuestra regi\u00f3n con curiosidad y creatividad. Estos trabajos, liderados por ni\u00f1as, [&hellip;]<\/p>\n","protected":false},"author":25,"featured_media":37553,"comment_status":"open","ping_status":"open","sticky":false,"template":"","format":"standard","meta":{"_acf_changed":false,"_exactmetrics_skip_tracking":false,"_exactmetrics_sitenote_active":false,"_exactmetrics_sitenote_note":"","_exactmetrics_sitenote_category":0,"footnotes":"","_links_to":"","_links_to_target":""},"categories":[138],"tags":[],"class_list":["post-37552","post","type-post","status-publish","format-standard","has-post-thumbnail","hentry","category-lugar-3"],"acf":[],"yoast_head":"<!-- This site is optimized with the Yoast SEO plugin v26.7 - https:\/\/yoast.com\/wordpress\/plugins\/seo\/ -->\n<title>Explora \u00d1uble 2025-2026: Nuevas investigaciones para descubrir nuestra regi\u00f3n - \u00d1uble<\/title>\n<meta name=\"robots\" content=\"index, follow, max-snippet:-1, max-image-preview:large, max-video-preview:-1\" \/>\n<link rel=\"canonical\" href=\"https:\/\/dev.explora.cl\/nuble\/explora-nuble-2025-2026-nuevas-investigaciones-para-descubrir-nuestra-region\/\" class=\"yoast-seo-meta-tag\" \/>\n<meta property=\"og:locale\" content=\"es_ES\" class=\"yoast-seo-meta-tag\" \/>\n<meta property=\"og:type\" content=\"article\" class=\"yoast-seo-meta-tag\" \/>\n<meta property=\"og:title\" content=\"Explora \u00d1uble 2025-2026: Nuevas investigaciones para descubrir nuestra regi\u00f3n - \u00d1uble\" class=\"yoast-seo-meta-tag\" \/>\n<meta property=\"og:description\" content=\"Este 4 de abril de 2025 hemos cerrado una nueva convocatoria para participar en la iniciativa de Investigaci\u00f3n e Innovaci\u00f3n Escolar (IIE). En esta nueva edici\u00f3n del PAR Explora \u00d1uble 2025-2026, celebramos la diversidad de equipos y proyectos de investigaci\u00f3n e innovaci\u00f3n que explorar\u00e1n nuestra regi\u00f3n con curiosidad y creatividad. Estos trabajos, liderados por ni\u00f1as, [&hellip;]\" class=\"yoast-seo-meta-tag\" \/>\n<meta property=\"og:url\" content=\"https:\/\/dev.explora.cl\/nuble\/explora-nuble-2025-2026-nuevas-investigaciones-para-descubrir-nuestra-region\/\" class=\"yoast-seo-meta-tag\" \/>\n<meta property=\"og:site_name\" content=\"\u00d1uble\" class=\"yoast-seo-meta-tag\" \/>\n<meta property=\"article:published_time\" content=\"2025-04-04T16:59:19+00:00\" class=\"yoast-seo-meta-tag\" \/>\n<meta property=\"og:image\" content=\"https:\/\/dev.explora.cl\/nuble\/wp-content\/uploads\/sites\/10\/2025\/04\/WEB-2-scaled.jpg\" class=\"yoast-seo-meta-tag\" \/>\n\t<meta property=\"og:image:width\" content=\"2560\" class=\"yoast-seo-meta-tag\" \/>\n\t<meta property=\"og:image:height\" content=\"1422\" class=\"yoast-seo-meta-tag\" \/>\n\t<meta property=\"og:image:type\" content=\"image\/jpeg\" class=\"yoast-seo-meta-tag\" \/>\n<meta name=\"author\" content=\"cbeltran\" class=\"yoast-seo-meta-tag\" \/>\n<meta name=\"twitter:card\" content=\"summary_large_image\" class=\"yoast-seo-meta-tag\" \/>\n<meta name=\"twitter:label1\" content=\"Escrito por\" class=\"yoast-seo-meta-tag\" \/>\n\t<meta name=\"twitter:data1\" content=\"cbeltran\" class=\"yoast-seo-meta-tag\" \/>\n\t<meta name=\"twitter:label2\" content=\"Tiempo estimado de lectura\" class=\"yoast-seo-meta-tag\" \/>\n\t<meta name=\"twitter:data2\" content=\"1 minuto\" class=\"yoast-seo-meta-tag\" \/>\n<script type=\"application\/ld+json\" class=\"yoast-schema-graph\">{\"@context\":\"https:\/\/schema.org\",\"@graph\":[{\"@type\":\"Article\",\"@id\":\"https:\/\/dev.explora.cl\/nuble\/explora-nuble-2025-2026-nuevas-investigaciones-para-descubrir-nuestra-region\/#article\",\"isPartOf\":{\"@id\":\"https:\/\/dev.explora.cl\/nuble\/explora-nuble-2025-2026-nuevas-investigaciones-para-descubrir-nuestra-region\/\"},\"author\":{\"name\":\"cbeltran\",\"@id\":\"https:\/\/dev.explora.cl\/nuble\/#\/schema\/person\/f611679f39b55ae7cdea76bc915b056e\"},\"headline\":\"Explora \u00d1uble 2025-2026: Nuevas investigaciones para descubrir nuestra regi\u00f3n\",\"datePublished\":\"2025-04-04T16:59:19+00:00\",\"mainEntityOfPage\":{\"@id\":\"https:\/\/dev.explora.cl\/nuble\/explora-nuble-2025-2026-nuevas-investigaciones-para-descubrir-nuestra-region\/\"},\"wordCount\":132,\"commentCount\":0,\"image\":{\"@id\":\"https:\/\/dev.explora.cl\/nuble\/explora-nuble-2025-2026-nuevas-investigaciones-para-descubrir-nuestra-region\/#primaryimage\"},\"thumbnailUrl\":\"https:\/\/dev.explora.cl\/nuble\/wp-content\/uploads\/sites\/10\/2025\/04\/WEB-2-scaled.jpg\",\"articleSection\":[\"Lugar 3\"],\"inLanguage\":\"es-CL\",\"potentialAction\":[{\"@type\":\"CommentAction\",\"name\":\"Comment\",\"target\":[\"https:\/\/dev.explora.cl\/nuble\/explora-nuble-2025-2026-nuevas-investigaciones-para-descubrir-nuestra-region\/#respond\"]}]},{\"@type\":\"WebPage\",\"@id\":\"https:\/\/dev.explora.cl\/nuble\/explora-nuble-2025-2026-nuevas-investigaciones-para-descubrir-nuestra-region\/\",\"url\":\"https:\/\/dev.explora.cl\/nuble\/explora-nuble-2025-2026-nuevas-investigaciones-para-descubrir-nuestra-region\/\",\"name\":\"Explora \u00d1uble 2025-2026: Nuevas investigaciones para descubrir nuestra regi\u00f3n - \u00d1uble\",\"isPartOf\":{\"@id\":\"https:\/\/dev.explora.cl\/nuble\/#website\"},\"primaryImageOfPage\":{\"@id\":\"https:\/\/dev.explora.cl\/nuble\/explora-nuble-2025-2026-nuevas-investigaciones-para-descubrir-nuestra-region\/#primaryimage\"},\"image\":{\"@id\":\"https:\/\/dev.explora.cl\/nuble\/explora-nuble-2025-2026-nuevas-investigaciones-para-descubrir-nuestra-region\/#primaryimage\"},\"thumbnailUrl\":\"https:\/\/dev.explora.cl\/nuble\/wp-content\/uploads\/sites\/10\/2025\/04\/WEB-2-scaled.jpg\",\"datePublished\":\"2025-04-04T16:59:19+00:00\",\"author\":{\"@id\":\"https:\/\/dev.explora.cl\/nuble\/#\/schema\/person\/f611679f39b55ae7cdea76bc915b056e\"},\"breadcrumb\":{\"@id\":\"https:\/\/dev.explora.cl\/nuble\/explora-nuble-2025-2026-nuevas-investigaciones-para-descubrir-nuestra-region\/#breadcrumb\"},\"inLanguage\":\"es-CL\",\"potentialAction\":[{\"@type\":\"ReadAction\",\"target\":[\"https:\/\/dev.explora.cl\/nuble\/explora-nuble-2025-2026-nuevas-investigaciones-para-descubrir-nuestra-region\/\"]}]},{\"@type\":\"ImageObject\",\"inLanguage\":\"es-CL\",\"@id\":\"https:\/\/dev.explora.cl\/nuble\/explora-nuble-2025-2026-nuevas-investigaciones-para-descubrir-nuestra-region\/#primaryimage\",\"url\":\"https:\/\/dev.explora.cl\/nuble\/wp-content\/uploads\/sites\/10\/2025\/04\/WEB-2-scaled.jpg\",\"contentUrl\":\"https:\/\/dev.explora.cl\/nuble\/wp-content\/uploads\/sites\/10\/2025\/04\/WEB-2-scaled.jpg\",\"width\":2560,\"height\":1422},{\"@type\":\"BreadcrumbList\",\"@id\":\"https:\/\/dev.explora.cl\/nuble\/explora-nuble-2025-2026-nuevas-investigaciones-para-descubrir-nuestra-region\/#breadcrumb\",\"itemListElement\":[{\"@type\":\"ListItem\",\"position\":1,\"name\":\"Portada\",\"item\":\"https:\/\/dev.explora.cl\/nuble\/\"},{\"@type\":\"ListItem\",\"position\":2,\"name\":\"Explora \u00d1uble 2025-2026: Nuevas investigaciones para descubrir nuestra regi\u00f3n\"}]},{\"@type\":\"WebSite\",\"@id\":\"https:\/\/dev.explora.cl\/nuble\/#website\",\"url\":\"https:\/\/dev.explora.cl\/nuble\/\",\"name\":\"\u00d1uble\",\"description\":\"Otro sitio m\u00e1s de dev.explora.cl\",\"potentialAction\":[{\"@type\":\"SearchAction\",\"target\":{\"@type\":\"EntryPoint\",\"urlTemplate\":\"https:\/\/dev.explora.cl\/nuble\/?s={search_term_string}\"},\"query-input\":{\"@type\":\"PropertyValueSpecification\",\"valueRequired\":true,\"valueName\":\"search_term_string\"}}],\"inLanguage\":\"es-CL\"},{\"@type\":\"Person\",\"@id\":\"https:\/\/dev.explora.cl\/nuble\/#\/schema\/person\/f611679f39b55ae7cdea76bc915b056e\",\"name\":\"cbeltran\",\"image\":{\"@type\":\"ImageObject\",\"inLanguage\":\"es-CL\",\"@id\":\"https:\/\/dev.explora.cl\/nuble\/#\/schema\/person\/image\/\",\"url\":\"https:\/\/secure.gravatar.com\/avatar\/fde624b0b0faed85e420465a1cdb73a02c199b16b1d2d6bfe0a82b9ba438afbd?s=96&d=mm&r=g\",\"contentUrl\":\"https:\/\/secure.gravatar.com\/avatar\/fde624b0b0faed85e420465a1cdb73a02c199b16b1d2d6bfe0a82b9ba438afbd?s=96&d=mm&r=g\",\"caption\":\"cbeltran\"},\"url\":\"https:\/\/dev.explora.cl\/nuble\/author\/cbeltran\/\"}]}<\/script>\n<!-- \/ Yoast SEO plugin. -->","yoast_head_json":{"title":"Explora \u00d1uble 2025-2026: Nuevas investigaciones para descubrir nuestra regi\u00f3n - \u00d1uble","robots":{"index":"index","follow":"follow","max-snippet":"max-snippet:-1","max-image-preview":"max-image-preview:large","max-video-preview":"max-video-preview:-1"},"canonical":"https:\/\/dev.explora.cl\/nuble\/explora-nuble-2025-2026-nuevas-investigaciones-para-descubrir-nuestra-region\/","og_locale":"es_ES","og_type":"article","og_title":"Explora \u00d1uble 2025-2026: Nuevas investigaciones para descubrir nuestra regi\u00f3n - \u00d1uble","og_description":"Este 4 de abril de 2025 hemos cerrado una nueva convocatoria para participar en la iniciativa de Investigaci\u00f3n e Innovaci\u00f3n Escolar (IIE). En esta nueva edici\u00f3n del PAR Explora \u00d1uble 2025-2026, celebramos la diversidad de equipos y proyectos de investigaci\u00f3n e innovaci\u00f3n que explorar\u00e1n nuestra regi\u00f3n con curiosidad y creatividad. Estos trabajos, liderados por ni\u00f1as, [&hellip;]","og_url":"https:\/\/dev.explora.cl\/nuble\/explora-nuble-2025-2026-nuevas-investigaciones-para-descubrir-nuestra-region\/","og_site_name":"\u00d1uble","article_published_time":"2025-04-04T16:59:19+00:00","og_image":[{"width":2560,"height":1422,"url":"https:\/\/dev.explora.cl\/nuble\/wp-content\/uploads\/sites\/10\/2025\/04\/WEB-2-scaled.jpg","type":"image\/jpeg"}],"author":"cbeltran","twitter_card":"summary_large_image","twitter_misc":{"Escrito por":"cbeltran","Tiempo estimado de lectura":"1 minuto"},"schema":{"@context":"https:\/\/schema.org","@graph":[{"@type":"Article","@id":"https:\/\/dev.explora.cl\/nuble\/explora-nuble-2025-2026-nuevas-investigaciones-para-descubrir-nuestra-region\/#article","isPartOf":{"@id":"https:\/\/dev.explora.cl\/nuble\/explora-nuble-2025-2026-nuevas-investigaciones-para-descubrir-nuestra-region\/"},"author":{"name":"cbeltran","@id":"https:\/\/dev.explora.cl\/nuble\/#\/schema\/person\/f611679f39b55ae7cdea76bc915b056e"},"headline":"Explora \u00d1uble 2025-2026: Nuevas investigaciones para descubrir nuestra regi\u00f3n","datePublished":"2025-04-04T16:59:19+00:00","mainEntityOfPage":{"@id":"https:\/\/dev.explora.cl\/nuble\/explora-nuble-2025-2026-nuevas-investigaciones-para-descubrir-nuestra-region\/"},"wordCount":132,"commentCount":0,"image":{"@id":"https:\/\/dev.explora.cl\/nuble\/explora-nuble-2025-2026-nuevas-investigaciones-para-descubrir-nuestra-region\/#primaryimage"},"thumbnailUrl":"https:\/\/dev.explora.cl\/nuble\/wp-content\/uploads\/sites\/10\/2025\/04\/WEB-2-scaled.jpg","articleSection":["Lugar 3"],"inLanguage":"es-CL","potentialAction":[{"@type":"CommentAction","name":"Comment","target":["https:\/\/dev.explora.cl\/nuble\/explora-nuble-2025-2026-nuevas-investigaciones-para-descubrir-nuestra-region\/#respond"]}]},{"@type":"WebPage","@id":"https:\/\/dev.explora.cl\/nuble\/explora-nuble-2025-2026-nuevas-investigaciones-para-descubrir-nuestra-region\/","url":"https:\/\/dev.explora.cl\/nuble\/explora-nuble-2025-2026-nuevas-investigaciones-para-descubrir-nuestra-region\/","name":"Explora \u00d1uble 2025-2026: Nuevas investigaciones para descubrir nuestra regi\u00f3n - \u00d1uble","isPartOf":{"@id":"https:\/\/dev.explora.cl\/nuble\/#website"},"primaryImageOfPage":{"@id":"https:\/\/dev.explora.cl\/nuble\/explora-nuble-2025-2026-nuevas-investigaciones-para-descubrir-nuestra-region\/#primaryimage"},"image":{"@id":"https:\/\/dev.explora.cl\/nuble\/explora-nuble-2025-2026-nuevas-investigaciones-para-descubrir-nuestra-region\/#primaryimage"},"thumbnailUrl":"https:\/\/dev.explora.cl\/nuble\/wp-content\/uploads\/sites\/10\/2025\/04\/WEB-2-scaled.jpg","datePublished":"2025-04-04T16:59:19+00:00","author":{"@id":"https:\/\/dev.explora.cl\/nuble\/#\/schema\/person\/f611679f39b55ae7cdea76bc915b056e"},"breadcrumb":{"@id":"https:\/\/dev.explora.cl\/nuble\/explora-nuble-2025-2026-nuevas-investigaciones-para-descubrir-nuestra-region\/#breadcrumb"},"inLanguage":"es-CL","potentialAction":[{"@type":"ReadAction","target":["https:\/\/dev.explora.cl\/nuble\/explora-nuble-2025-2026-nuevas-investigaciones-para-descubrir-nuestra-region\/"]}]},{"@type":"ImageObject","inLanguage":"es-CL","@id":"https:\/\/dev.explora.cl\/nuble\/explora-nuble-2025-2026-nuevas-investigaciones-para-descubrir-nuestra-region\/#primaryimage","url":"https:\/\/dev.explora.cl\/nuble\/wp-content\/uploads\/sites\/10\/2025\/04\/WEB-2-scaled.jpg","contentUrl":"https:\/\/dev.explora.cl\/nuble\/wp-content\/uploads\/sites\/10\/2025\/04\/WEB-2-scaled.jpg","width":2560,"height":1422},{"@type":"BreadcrumbList","@id":"https:\/\/dev.explora.cl\/nuble\/explora-nuble-2025-2026-nuevas-investigaciones-para-descubrir-nuestra-region\/#breadcrumb","itemListElement":[{"@type":"ListItem","position":1,"name":"Portada","item":"https:\/\/dev.explora.cl\/nuble\/"},{"@type":"ListItem","position":2,"name":"Explora \u00d1uble 2025-2026: Nuevas investigaciones para descubrir nuestra regi\u00f3n"}]},{"@type":"WebSite","@id":"https:\/\/dev.explora.cl\/nuble\/#website","url":"https:\/\/dev.explora.cl\/nuble\/","name":"\u00d1uble","description":"Otro sitio m\u00e1s de dev.explora.cl","potentialAction":[{"@type":"SearchAction","target":{"@type":"EntryPoint","urlTemplate":"https:\/\/dev.explora.cl\/nuble\/?s={search_term_string}"},"query-input":{"@type":"PropertyValueSpecification","valueRequired":true,"valueName":"search_term_string"}}],"inLanguage":"es-CL"},{"@type":"Person","@id":"https:\/\/dev.explora.cl\/nuble\/#\/schema\/person\/f611679f39b55ae7cdea76bc915b056e","name":"cbeltran","image":{"@type":"ImageObject","inLanguage":"es-CL","@id":"https:\/\/dev.explora.cl\/nuble\/#\/schema\/person\/image\/","url":"https:\/\/secure.gravatar.com\/avatar\/fde624b0b0faed85e420465a1cdb73a02c199b16b1d2d6bfe0a82b9ba438afbd?s=96&d=mm&r=g","contentUrl":"https:\/\/secure.gravatar.com\/avatar\/fde624b0b0faed85e420465a1cdb73a02c199b16b1d2d6bfe0a82b9ba438afbd?s=96&d=mm&r=g","caption":"cbeltran"},"url":"https:\/\/dev.explora.cl\/nuble\/author\/cbeltran\/"}]}},"_links":{"self":[{"href":"https:\/\/dev.explora.cl\/nuble\/wp-json\/wp\/v2\/posts\/37552","targetHints":{"allow":["GET"]}}],"collection":[{"href":"https:\/\/dev.explora.cl\/nuble\/wp-json\/wp\/v2\/posts"}],"about":[{"href":"https:\/\/dev.explora.cl\/nuble\/wp-json\/wp\/v2\/types\/post"}],"author":[{"embeddable":true,"href":"https:\/\/dev.explora.cl\/nuble\/wp-json\/wp\/v2\/users\/25"}],"replies":[{"embeddable":true,"href":"https:\/\/dev.explora.cl\/nuble\/wp-json\/wp\/v2\/comments?post=37552"}],"version-history":[{"count":2,"href":"https:\/\/dev.explora.cl\/nuble\/wp-json\/wp\/v2\/posts\/37552\/revisions"}],"predecessor-version":[{"id":37555,"href":"https:\/\/dev.explora.cl\/nuble\/wp-json\/wp\/v2\/posts\/37552\/revisions\/37555"}],"wp:featuredmedia":[{"embeddable":true,"href":"https:\/\/dev.explora.cl\/nuble\/wp-json\/wp\/v2\/media\/37553"}],"wp:attachment":[{"href":"https:\/\/dev.explora.cl\/nuble\/wp-json\/wp\/v2\/media?parent=37552"}],"wp:term":[{"taxonomy":"category","embeddable":true,"href":"https:\/\/dev.explora.cl\/nuble\/wp-json\/wp\/v2\/categories?post=37552"},{"taxonomy":"post_tag","embeddable":true,"href":"https:\/\/dev.explora.cl\/nuble\/wp-json\/wp\/v2\/tags?post=37552"}],"curies":[{"name":"wp","href":"https:\/\/api.w.org\/{rel}","templated":true}]}}