{"id":37489,"date":"2025-03-18T10:11:30","date_gmt":"2025-03-18T13:11:30","guid":{"rendered":"https:\/\/dev.explora.cl\/nuble\/?p=37489"},"modified":"2025-03-28T10:23:24","modified_gmt":"2025-03-28T13:23:24","slug":"inscribete-para-participar-del-lanzamiento-de-par-explora-nuble-2025-2026","status":"publish","type":"post","link":"https:\/\/dev.explora.cl\/nuble\/inscribete-para-participar-del-lanzamiento-de-par-explora-nuble-2025-2026\/","title":{"rendered":"Cerramos Inscripciones de Lanzamiento de PAR Explora \u00d1uble 2025 &#8211; 2026"},"content":{"rendered":"<p>&#8220;\u00a1Cupos completos! Agradecemos el gran inter\u00e9s de las comunidades educativas en el lanzamiento del Programa Explora \u00d1uble 2025-2026. Nos emociona compartir esta jornada con docentes y estudiantes de la regi\u00f3n para inspirarnos y proyectar juntos\/as nuevas ideas en ciencia, tecnolog\u00eda y educaci\u00f3n. Adem\u00e1s, contaremos con las expositoras Paola Garc\u00eda Valladares, experta en tecnolog\u00eda educativa, y Luciana Ortega Ortega, Global Teacher Prize 2024 en educaci\u00f3n musical. \u00a1Nos vemos el 8 de abril en el Auditorio Jos\u00e9 Su\u00e1rez Fanjul!&#8221;<\/p>\n","protected":false},"excerpt":{"rendered":"<p>&#8220;\u00a1Cupos completos! Agradecemos el gran inter\u00e9s de las comunidades educativas en el lanzamiento del Programa Explora \u00d1uble 2025-2026. Nos emociona compartir esta jornada con docentes y estudiantes de la regi\u00f3n para inspirarnos y proyectar juntos\/as nuevas ideas en ciencia, tecnolog\u00eda y educaci\u00f3n. Adem\u00e1s, contaremos con las expositoras Paola Garc\u00eda Valladares, experta en tecnolog\u00eda educativa, y [&hellip;]<\/p>\n","protected":false},"author":25,"featured_media":37536,"comment_status":"open","ping_status":"open","sticky":false,"template":"","format":"standard","meta":{"_acf_changed":false,"_exactmetrics_skip_tracking":false,"_exactmetrics_sitenote_active":false,"_exactmetrics_sitenote_note":"","_exactmetrics_sitenote_category":0,"footnotes":"","_links_to":"","_links_to_target":""},"categories":[136,1],"tags":[],"class_list":["post-37489","post","type-post","status-publish","format-standard","has-post-thumbnail","hentry","category-lugar-1","category-sin-categoria"],"acf":[],"yoast_head":"<!-- This site is optimized with the Yoast SEO plugin v26.7 - https:\/\/yoast.com\/wordpress\/plugins\/seo\/ -->\n<title>Cerramos Inscripciones de Lanzamiento de PAR Explora \u00d1uble 2025 - 2026 - \u00d1uble<\/title>\n<meta name=\"robots\" content=\"index, follow, max-snippet:-1, max-image-preview:large, max-video-preview:-1\" \/>\n<link rel=\"canonical\" href=\"https:\/\/dev.explora.cl\/nuble\/inscribete-para-participar-del-lanzamiento-de-par-explora-nuble-2025-2026\/\" class=\"yoast-seo-meta-tag\" \/>\n<meta property=\"og:locale\" content=\"es_ES\" class=\"yoast-seo-meta-tag\" \/>\n<meta property=\"og:type\" content=\"article\" class=\"yoast-seo-meta-tag\" \/>\n<meta property=\"og:title\" content=\"Cerramos Inscripciones de Lanzamiento de PAR Explora \u00d1uble 2025 - 2026 - \u00d1uble\" class=\"yoast-seo-meta-tag\" \/>\n<meta property=\"og:description\" content=\"&#8220;\u00a1Cupos completos! Agradecemos el gran inter\u00e9s de las comunidades educativas en el lanzamiento del Programa Explora \u00d1uble 2025-2026. Nos emociona compartir esta jornada con docentes y estudiantes de la regi\u00f3n para inspirarnos y proyectar juntos\/as nuevas ideas en ciencia, tecnolog\u00eda y educaci\u00f3n. Adem\u00e1s, contaremos con las expositoras Paola Garc\u00eda Valladares, experta en tecnolog\u00eda educativa, y [&hellip;]\" class=\"yoast-seo-meta-tag\" \/>\n<meta property=\"og:url\" content=\"https:\/\/dev.explora.cl\/nuble\/inscribete-para-participar-del-lanzamiento-de-par-explora-nuble-2025-2026\/\" class=\"yoast-seo-meta-tag\" \/>\n<meta property=\"og:site_name\" content=\"\u00d1uble\" class=\"yoast-seo-meta-tag\" \/>\n<meta property=\"article:published_time\" content=\"2025-03-18T13:11:30+00:00\" class=\"yoast-seo-meta-tag\" \/>\n<meta property=\"article:modified_time\" content=\"2025-03-28T13:23:24+00:00\" class=\"yoast-seo-meta-tag\" \/>\n<meta property=\"og:image\" content=\"https:\/\/dev.explora.cl\/nuble\/wp-content\/uploads\/sites\/10\/2025\/03\/WEB_Mesa-de-trabajo-1-scaled.jpg\" class=\"yoast-seo-meta-tag\" \/>\n\t<meta property=\"og:image:width\" content=\"2560\" class=\"yoast-seo-meta-tag\" \/>\n\t<meta property=\"og:image:height\" content=\"1422\" class=\"yoast-seo-meta-tag\" \/>\n\t<meta property=\"og:image:type\" content=\"image\/jpeg\" class=\"yoast-seo-meta-tag\" \/>\n<meta name=\"author\" content=\"cbeltran\" class=\"yoast-seo-meta-tag\" \/>\n<meta name=\"twitter:card\" content=\"summary_large_image\" class=\"yoast-seo-meta-tag\" \/>\n<meta name=\"twitter:label1\" content=\"Escrito por\" class=\"yoast-seo-meta-tag\" \/>\n\t<meta name=\"twitter:data1\" content=\"cbeltran\" class=\"yoast-seo-meta-tag\" \/>\n\t<meta name=\"twitter:label2\" content=\"Tiempo estimado de lectura\" class=\"yoast-seo-meta-tag\" \/>\n\t<meta name=\"twitter:data2\" content=\"1 minuto\" class=\"yoast-seo-meta-tag\" \/>\n<script type=\"application\/ld+json\" class=\"yoast-schema-graph\">{\"@context\":\"https:\/\/schema.org\",\"@graph\":[{\"@type\":\"Article\",\"@id\":\"https:\/\/dev.explora.cl\/nuble\/inscribete-para-participar-del-lanzamiento-de-par-explora-nuble-2025-2026\/#article\",\"isPartOf\":{\"@id\":\"https:\/\/dev.explora.cl\/nuble\/inscribete-para-participar-del-lanzamiento-de-par-explora-nuble-2025-2026\/\"},\"author\":{\"name\":\"cbeltran\",\"@id\":\"https:\/\/dev.explora.cl\/nuble\/#\/schema\/person\/f611679f39b55ae7cdea76bc915b056e\"},\"headline\":\"Cerramos Inscripciones de Lanzamiento de PAR Explora \u00d1uble 2025 &#8211; 2026\",\"datePublished\":\"2025-03-18T13:11:30+00:00\",\"dateModified\":\"2025-03-28T13:23:24+00:00\",\"mainEntityOfPage\":{\"@id\":\"https:\/\/dev.explora.cl\/nuble\/inscribete-para-participar-del-lanzamiento-de-par-explora-nuble-2025-2026\/\"},\"wordCount\":94,\"commentCount\":0,\"image\":{\"@id\":\"https:\/\/dev.explora.cl\/nuble\/inscribete-para-participar-del-lanzamiento-de-par-explora-nuble-2025-2026\/#primaryimage\"},\"thumbnailUrl\":\"https:\/\/dev.explora.cl\/nuble\/wp-content\/uploads\/sites\/10\/2025\/03\/WEB_Mesa-de-trabajo-1-scaled.jpg\",\"articleSection\":[\"Lugar 1\"],\"inLanguage\":\"es-CL\",\"potentialAction\":[{\"@type\":\"CommentAction\",\"name\":\"Comment\",\"target\":[\"https:\/\/dev.explora.cl\/nuble\/inscribete-para-participar-del-lanzamiento-de-par-explora-nuble-2025-2026\/#respond\"]}]},{\"@type\":\"WebPage\",\"@id\":\"https:\/\/dev.explora.cl\/nuble\/inscribete-para-participar-del-lanzamiento-de-par-explora-nuble-2025-2026\/\",\"url\":\"https:\/\/dev.explora.cl\/nuble\/inscribete-para-participar-del-lanzamiento-de-par-explora-nuble-2025-2026\/\",\"name\":\"Cerramos Inscripciones de Lanzamiento de PAR Explora \u00d1uble 2025 - 2026 - \u00d1uble\",\"isPartOf\":{\"@id\":\"https:\/\/dev.explora.cl\/nuble\/#website\"},\"primaryImageOfPage\":{\"@id\":\"https:\/\/dev.explora.cl\/nuble\/inscribete-para-participar-del-lanzamiento-de-par-explora-nuble-2025-2026\/#primaryimage\"},\"image\":{\"@id\":\"https:\/\/dev.explora.cl\/nuble\/inscribete-para-participar-del-lanzamiento-de-par-explora-nuble-2025-2026\/#primaryimage\"},\"thumbnailUrl\":\"https:\/\/dev.explora.cl\/nuble\/wp-content\/uploads\/sites\/10\/2025\/03\/WEB_Mesa-de-trabajo-1-scaled.jpg\",\"datePublished\":\"2025-03-18T13:11:30+00:00\",\"dateModified\":\"2025-03-28T13:23:24+00:00\",\"author\":{\"@id\":\"https:\/\/dev.explora.cl\/nuble\/#\/schema\/person\/f611679f39b55ae7cdea76bc915b056e\"},\"breadcrumb\":{\"@id\":\"https:\/\/dev.explora.cl\/nuble\/inscribete-para-participar-del-lanzamiento-de-par-explora-nuble-2025-2026\/#breadcrumb\"},\"inLanguage\":\"es-CL\",\"potentialAction\":[{\"@type\":\"ReadAction\",\"target\":[\"https:\/\/dev.explora.cl\/nuble\/inscribete-para-participar-del-lanzamiento-de-par-explora-nuble-2025-2026\/\"]}]},{\"@type\":\"ImageObject\",\"inLanguage\":\"es-CL\",\"@id\":\"https:\/\/dev.explora.cl\/nuble\/inscribete-para-participar-del-lanzamiento-de-par-explora-nuble-2025-2026\/#primaryimage\",\"url\":\"https:\/\/dev.explora.cl\/nuble\/wp-content\/uploads\/sites\/10\/2025\/03\/WEB_Mesa-de-trabajo-1-scaled.jpg\",\"contentUrl\":\"https:\/\/dev.explora.cl\/nuble\/wp-content\/uploads\/sites\/10\/2025\/03\/WEB_Mesa-de-trabajo-1-scaled.jpg\",\"width\":2560,\"height\":1422},{\"@type\":\"BreadcrumbList\",\"@id\":\"https:\/\/dev.explora.cl\/nuble\/inscribete-para-participar-del-lanzamiento-de-par-explora-nuble-2025-2026\/#breadcrumb\",\"itemListElement\":[{\"@type\":\"ListItem\",\"position\":1,\"name\":\"Portada\",\"item\":\"https:\/\/dev.explora.cl\/nuble\/\"},{\"@type\":\"ListItem\",\"position\":2,\"name\":\"Cerramos Inscripciones de Lanzamiento de PAR Explora \u00d1uble 2025 &#8211; 2026\"}]},{\"@type\":\"WebSite\",\"@id\":\"https:\/\/dev.explora.cl\/nuble\/#website\",\"url\":\"https:\/\/dev.explora.cl\/nuble\/\",\"name\":\"\u00d1uble\",\"description\":\"Otro sitio m\u00e1s de dev.explora.cl\",\"potentialAction\":[{\"@type\":\"SearchAction\",\"target\":{\"@type\":\"EntryPoint\",\"urlTemplate\":\"https:\/\/dev.explora.cl\/nuble\/?s={search_term_string}\"},\"query-input\":{\"@type\":\"PropertyValueSpecification\",\"valueRequired\":true,\"valueName\":\"search_term_string\"}}],\"inLanguage\":\"es-CL\"},{\"@type\":\"Person\",\"@id\":\"https:\/\/dev.explora.cl\/nuble\/#\/schema\/person\/f611679f39b55ae7cdea76bc915b056e\",\"name\":\"cbeltran\",\"image\":{\"@type\":\"ImageObject\",\"inLanguage\":\"es-CL\",\"@id\":\"https:\/\/dev.explora.cl\/nuble\/#\/schema\/person\/image\/\",\"url\":\"https:\/\/secure.gravatar.com\/avatar\/fde624b0b0faed85e420465a1cdb73a02c199b16b1d2d6bfe0a82b9ba438afbd?s=96&d=mm&r=g\",\"contentUrl\":\"https:\/\/secure.gravatar.com\/avatar\/fde624b0b0faed85e420465a1cdb73a02c199b16b1d2d6bfe0a82b9ba438afbd?s=96&d=mm&r=g\",\"caption\":\"cbeltran\"},\"url\":\"https:\/\/dev.explora.cl\/nuble\/author\/cbeltran\/\"}]}<\/script>\n<!-- \/ Yoast SEO plugin. -->","yoast_head_json":{"title":"Cerramos Inscripciones de Lanzamiento de PAR Explora \u00d1uble 2025 - 2026 - \u00d1uble","robots":{"index":"index","follow":"follow","max-snippet":"max-snippet:-1","max-image-preview":"max-image-preview:large","max-video-preview":"max-video-preview:-1"},"canonical":"https:\/\/dev.explora.cl\/nuble\/inscribete-para-participar-del-lanzamiento-de-par-explora-nuble-2025-2026\/","og_locale":"es_ES","og_type":"article","og_title":"Cerramos Inscripciones de Lanzamiento de PAR Explora \u00d1uble 2025 - 2026 - \u00d1uble","og_description":"&#8220;\u00a1Cupos completos! Agradecemos el gran inter\u00e9s de las comunidades educativas en el lanzamiento del Programa Explora \u00d1uble 2025-2026. Nos emociona compartir esta jornada con docentes y estudiantes de la regi\u00f3n para inspirarnos y proyectar juntos\/as nuevas ideas en ciencia, tecnolog\u00eda y educaci\u00f3n. Adem\u00e1s, contaremos con las expositoras Paola Garc\u00eda Valladares, experta en tecnolog\u00eda educativa, y [&hellip;]","og_url":"https:\/\/dev.explora.cl\/nuble\/inscribete-para-participar-del-lanzamiento-de-par-explora-nuble-2025-2026\/","og_site_name":"\u00d1uble","article_published_time":"2025-03-18T13:11:30+00:00","article_modified_time":"2025-03-28T13:23:24+00:00","og_image":[{"width":2560,"height":1422,"url":"https:\/\/dev.explora.cl\/nuble\/wp-content\/uploads\/sites\/10\/2025\/03\/WEB_Mesa-de-trabajo-1-scaled.jpg","type":"image\/jpeg"}],"author":"cbeltran","twitter_card":"summary_large_image","twitter_misc":{"Escrito por":"cbeltran","Tiempo estimado de lectura":"1 minuto"},"schema":{"@context":"https:\/\/schema.org","@graph":[{"@type":"Article","@id":"https:\/\/dev.explora.cl\/nuble\/inscribete-para-participar-del-lanzamiento-de-par-explora-nuble-2025-2026\/#article","isPartOf":{"@id":"https:\/\/dev.explora.cl\/nuble\/inscribete-para-participar-del-lanzamiento-de-par-explora-nuble-2025-2026\/"},"author":{"name":"cbeltran","@id":"https:\/\/dev.explora.cl\/nuble\/#\/schema\/person\/f611679f39b55ae7cdea76bc915b056e"},"headline":"Cerramos Inscripciones de Lanzamiento de PAR Explora \u00d1uble 2025 &#8211; 2026","datePublished":"2025-03-18T13:11:30+00:00","dateModified":"2025-03-28T13:23:24+00:00","mainEntityOfPage":{"@id":"https:\/\/dev.explora.cl\/nuble\/inscribete-para-participar-del-lanzamiento-de-par-explora-nuble-2025-2026\/"},"wordCount":94,"commentCount":0,"image":{"@id":"https:\/\/dev.explora.cl\/nuble\/inscribete-para-participar-del-lanzamiento-de-par-explora-nuble-2025-2026\/#primaryimage"},"thumbnailUrl":"https:\/\/dev.explora.cl\/nuble\/wp-content\/uploads\/sites\/10\/2025\/03\/WEB_Mesa-de-trabajo-1-scaled.jpg","articleSection":["Lugar 1"],"inLanguage":"es-CL","potentialAction":[{"@type":"CommentAction","name":"Comment","target":["https:\/\/dev.explora.cl\/nuble\/inscribete-para-participar-del-lanzamiento-de-par-explora-nuble-2025-2026\/#respond"]}]},{"@type":"WebPage","@id":"https:\/\/dev.explora.cl\/nuble\/inscribete-para-participar-del-lanzamiento-de-par-explora-nuble-2025-2026\/","url":"https:\/\/dev.explora.cl\/nuble\/inscribete-para-participar-del-lanzamiento-de-par-explora-nuble-2025-2026\/","name":"Cerramos Inscripciones de Lanzamiento de PAR Explora \u00d1uble 2025 - 2026 - \u00d1uble","isPartOf":{"@id":"https:\/\/dev.explora.cl\/nuble\/#website"},"primaryImageOfPage":{"@id":"https:\/\/dev.explora.cl\/nuble\/inscribete-para-participar-del-lanzamiento-de-par-explora-nuble-2025-2026\/#primaryimage"},"image":{"@id":"https:\/\/dev.explora.cl\/nuble\/inscribete-para-participar-del-lanzamiento-de-par-explora-nuble-2025-2026\/#primaryimage"},"thumbnailUrl":"https:\/\/dev.explora.cl\/nuble\/wp-content\/uploads\/sites\/10\/2025\/03\/WEB_Mesa-de-trabajo-1-scaled.jpg","datePublished":"2025-03-18T13:11:30+00:00","dateModified":"2025-03-28T13:23:24+00:00","author":{"@id":"https:\/\/dev.explora.cl\/nuble\/#\/schema\/person\/f611679f39b55ae7cdea76bc915b056e"},"breadcrumb":{"@id":"https:\/\/dev.explora.cl\/nuble\/inscribete-para-participar-del-lanzamiento-de-par-explora-nuble-2025-2026\/#breadcrumb"},"inLanguage":"es-CL","potentialAction":[{"@type":"ReadAction","target":["https:\/\/dev.explora.cl\/nuble\/inscribete-para-participar-del-lanzamiento-de-par-explora-nuble-2025-2026\/"]}]},{"@type":"ImageObject","inLanguage":"es-CL","@id":"https:\/\/dev.explora.cl\/nuble\/inscribete-para-participar-del-lanzamiento-de-par-explora-nuble-2025-2026\/#primaryimage","url":"https:\/\/dev.explora.cl\/nuble\/wp-content\/uploads\/sites\/10\/2025\/03\/WEB_Mesa-de-trabajo-1-scaled.jpg","contentUrl":"https:\/\/dev.explora.cl\/nuble\/wp-content\/uploads\/sites\/10\/2025\/03\/WEB_Mesa-de-trabajo-1-scaled.jpg","width":2560,"height":1422},{"@type":"BreadcrumbList","@id":"https:\/\/dev.explora.cl\/nuble\/inscribete-para-participar-del-lanzamiento-de-par-explora-nuble-2025-2026\/#breadcrumb","itemListElement":[{"@type":"ListItem","position":1,"name":"Portada","item":"https:\/\/dev.explora.cl\/nuble\/"},{"@type":"ListItem","position":2,"name":"Cerramos Inscripciones de Lanzamiento de PAR Explora \u00d1uble 2025 &#8211; 2026"}]},{"@type":"WebSite","@id":"https:\/\/dev.explora.cl\/nuble\/#website","url":"https:\/\/dev.explora.cl\/nuble\/","name":"\u00d1uble","description":"Otro sitio m\u00e1s de dev.explora.cl","potentialAction":[{"@type":"SearchAction","target":{"@type":"EntryPoint","urlTemplate":"https:\/\/dev.explora.cl\/nuble\/?s={search_term_string}"},"query-input":{"@type":"PropertyValueSpecification","valueRequired":true,"valueName":"search_term_string"}}],"inLanguage":"es-CL"},{"@type":"Person","@id":"https:\/\/dev.explora.cl\/nuble\/#\/schema\/person\/f611679f39b55ae7cdea76bc915b056e","name":"cbeltran","image":{"@type":"ImageObject","inLanguage":"es-CL","@id":"https:\/\/dev.explora.cl\/nuble\/#\/schema\/person\/image\/","url":"https:\/\/secure.gravatar.com\/avatar\/fde624b0b0faed85e420465a1cdb73a02c199b16b1d2d6bfe0a82b9ba438afbd?s=96&d=mm&r=g","contentUrl":"https:\/\/secure.gravatar.com\/avatar\/fde624b0b0faed85e420465a1cdb73a02c199b16b1d2d6bfe0a82b9ba438afbd?s=96&d=mm&r=g","caption":"cbeltran"},"url":"https:\/\/dev.explora.cl\/nuble\/author\/cbeltran\/"}]}},"_links":{"self":[{"href":"https:\/\/dev.explora.cl\/nuble\/wp-json\/wp\/v2\/posts\/37489","targetHints":{"allow":["GET"]}}],"collection":[{"href":"https:\/\/dev.explora.cl\/nuble\/wp-json\/wp\/v2\/posts"}],"about":[{"href":"https:\/\/dev.explora.cl\/nuble\/wp-json\/wp\/v2\/types\/post"}],"author":[{"embeddable":true,"href":"https:\/\/dev.explora.cl\/nuble\/wp-json\/wp\/v2\/users\/25"}],"replies":[{"embeddable":true,"href":"https:\/\/dev.explora.cl\/nuble\/wp-json\/wp\/v2\/comments?post=37489"}],"version-history":[{"count":5,"href":"https:\/\/dev.explora.cl\/nuble\/wp-json\/wp\/v2\/posts\/37489\/revisions"}],"predecessor-version":[{"id":37537,"href":"https:\/\/dev.explora.cl\/nuble\/wp-json\/wp\/v2\/posts\/37489\/revisions\/37537"}],"wp:featuredmedia":[{"embeddable":true,"href":"https:\/\/dev.explora.cl\/nuble\/wp-json\/wp\/v2\/media\/37536"}],"wp:attachment":[{"href":"https:\/\/dev.explora.cl\/nuble\/wp-json\/wp\/v2\/media?parent=37489"}],"wp:term":[{"taxonomy":"category","embeddable":true,"href":"https:\/\/dev.explora.cl\/nuble\/wp-json\/wp\/v2\/categories?post=37489"},{"taxonomy":"post_tag","embeddable":true,"href":"https:\/\/dev.explora.cl\/nuble\/wp-json\/wp\/v2\/tags?post=37489"}],"curies":[{"name":"wp","href":"https:\/\/api.w.org\/{rel}","templated":true}]}}