{"id":37305,"date":"2024-10-08T15:19:24","date_gmt":"2024-10-08T18:19:24","guid":{"rendered":"https:\/\/dev.explora.cl\/nuble\/?p=37305"},"modified":"2024-10-08T15:29:55","modified_gmt":"2024-10-08T18:29:55","slug":"destacada-participacion-de-escuela-rural-nido-de-golondrinas-en-congreso-nacional-explora","status":"publish","type":"post","link":"https:\/\/dev.explora.cl\/nuble\/destacada-participacion-de-escuela-rural-nido-de-golondrinas-en-congreso-nacional-explora\/","title":{"rendered":"Destacada participaci\u00f3n de Escuela Rural Nido de Golondrinas en Congreso Nacional Explora"},"content":{"rendered":"<p>La Escuela Multigrado &#8220;Nido de Golondrinas&#8221;, ubicada en el sector rural de El Chacay, comuna de Pinto, tuvo el honor de representar a la regi\u00f3n de \u00d1uble en el Congreso Nacional Explora, que se celebr\u00f3 los d\u00edas 6 y 7 de octubre en Santiago. El equipo, conformado por los estudiantes Israel Cruces Medrano y Mart\u00edn Palma Lagos, bajo la direcci\u00f3n de la docente Paula Cifuentes, destac\u00f3 con su proyecto titulado <strong>&#8220;Peumo en Acci\u00f3n&#8221;<\/strong>, el cual se enfoc\u00f3 en la investigaci\u00f3n e innovaci\u00f3n para la conservaci\u00f3n de esta especie nativa.<\/p>\n<p>Durante el Congreso, los estudiantes expusieron su trabajo a destacadas personalidades del mundo de las ciencias y las humanidades, participando en un espacio de intercambio de experiencias y aprendizajes con j\u00f3venes de todo el pa\u00eds. Su selecci\u00f3n para representar a \u00d1uble fue un logro destacado, ya que obtuvieron el mayor puntaje en los criterios de evaluaci\u00f3n establecidos.<\/p>\n<p><strong><a href=\"https:\/\/dev.explora.cl\/nuble\/wp-content\/uploads\/sites\/10\/2024\/10\/IMG-20241007-WA0075.jpg\"><img loading=\"lazy\" decoding=\"async\" class=\"alignleft size-thumbnail wp-image-37308\" src=\"https:\/\/dev.explora.cl\/nuble\/wp-content\/uploads\/sites\/10\/2024\/10\/IMG-20241007-WA0075-150x150.jpg\" alt=\"\" width=\"150\" height=\"150\" srcset=\"https:\/\/dev.explora.cl\/nuble\/wp-content\/uploads\/sites\/10\/2024\/10\/IMG-20241007-WA0075-150x150.jpg 150w, https:\/\/dev.explora.cl\/nuble\/wp-content\/uploads\/sites\/10\/2024\/10\/IMG-20241007-WA0075-300x300.jpg 300w, https:\/\/dev.explora.cl\/nuble\/wp-content\/uploads\/sites\/10\/2024\/10\/IMG-20241007-WA0075-60x60.jpg 60w\" sizes=\"auto, (max-width: 150px) 100vw, 150px\" \/><\/a><\/strong>Nido de Golondrinas es una escuela dependiente del Servicio Local de Educaci\u00f3n P\u00fablica de la Provincia de Punilla; es por ello que su Directora Ejecutiva, Karina Sabbatini, estuvo presente durante el Congreso Explora y subray\u00f3 la importancia de esta experiencia para las comunidades rurales: <em>&#8220;Como SLEP Punilla estamos muy contentos y orgullosos de que nuestros estudiantes hayan participado de este congreso nacional de ciencias, una experiencia de aprendizaje significativa que nos permite como Educaci\u00f3n P\u00fablica desarrollar competencias cient\u00edficas en nuestros estudiantes, rescatando el patrimonio cultural local y apoyando el inter\u00e9s por las ciencias.&#8221;<\/em><\/p>\n<p>&nbsp;<\/p>\n<p><a href=\"https:\/\/dev.explora.cl\/nuble\/wp-content\/uploads\/sites\/10\/2024\/10\/IMG-20241007-WA0124.jpg\"><img loading=\"lazy\" decoding=\"async\" class=\"alignleft size-thumbnail wp-image-37309\" src=\"https:\/\/dev.explora.cl\/nuble\/wp-content\/uploads\/sites\/10\/2024\/10\/IMG-20241007-WA0124-150x150.jpg\" alt=\"\" width=\"150\" height=\"150\" srcset=\"https:\/\/dev.explora.cl\/nuble\/wp-content\/uploads\/sites\/10\/2024\/10\/IMG-20241007-WA0124-150x150.jpg 150w, https:\/\/dev.explora.cl\/nuble\/wp-content\/uploads\/sites\/10\/2024\/10\/IMG-20241007-WA0124-300x300.jpg 300w, https:\/\/dev.explora.cl\/nuble\/wp-content\/uploads\/sites\/10\/2024\/10\/IMG-20241007-WA0124-60x60.jpg 60w\" sizes=\"auto, (max-width: 150px) 100vw, 150px\" \/><\/a>Israel al ser consultado por c\u00f3mo cree que recordar\u00e1 esta experiencia en algunos a\u00f1os m\u00e1s se\u00f1al\u00f3:<em> &#8220;creo que ser\u00e1 un momento muy especial rememorar lo emocionante que fue presentar ante tanta gente nuestro proyecto del Peumo, pero que no \u00e9ramos los \u00fanicos; a lo largo de todo el pa\u00eds hab\u00edan m\u00e1s ni\u00f1os como yo que estaban trabajando por cuidar nuestro medio ambiente; ayer me di realmente cuenta que en mi escuela hacemos ciencia pese a ser peque\u00f1ita y contar con pocos ni\u00f1os. Ser\u00e1 un recuerdo que atesorar\u00e9 por a\u00f1os&#8221;<\/em> manifest\u00f3 el menor de 10 a\u00f1os.<\/p>\n<p>Mart\u00edn en tanto cont\u00f3 que: <em>&#8220;ayer vi proyectos escolares incre\u00edbles, y que el nuestro (el del Peumo) era super valorado tambi\u00e9n por nuestros pares. Con esta experiencia aprendi que trabajando en equipo podemos llegar a hacer cosas geniales; solo espero que mis compa\u00f1eros de Escuela Nido de Golondrinas tambi\u00e9n puedan vivir lo que nosotros experimentamos esta semana&#8221;<\/em>, concluy\u00f3<\/p>\n<p><a href=\"https:\/\/dev.explora.cl\/nuble\/wp-content\/uploads\/sites\/10\/2024\/10\/IMG-20241007-WA0081.jpg\"><img loading=\"lazy\" decoding=\"async\" class=\"alignleft size-thumbnail wp-image-37310\" src=\"https:\/\/dev.explora.cl\/nuble\/wp-content\/uploads\/sites\/10\/2024\/10\/IMG-20241007-WA0081-150x150.jpg\" alt=\"\" width=\"150\" height=\"150\" srcset=\"https:\/\/dev.explora.cl\/nuble\/wp-content\/uploads\/sites\/10\/2024\/10\/IMG-20241007-WA0081-150x150.jpg 150w, https:\/\/dev.explora.cl\/nuble\/wp-content\/uploads\/sites\/10\/2024\/10\/IMG-20241007-WA0081-300x300.jpg 300w, https:\/\/dev.explora.cl\/nuble\/wp-content\/uploads\/sites\/10\/2024\/10\/IMG-20241007-WA0081-60x60.jpg 60w\" sizes=\"auto, (max-width: 150px) 100vw, 150px\" \/><\/a><a href=\"https:\/\/dev.explora.cl\/nuble\/wp-content\/uploads\/sites\/10\/2024\/10\/IMG-20241007-WA0087.jpg\"><img loading=\"lazy\" decoding=\"async\" class=\"alignleft size-thumbnail wp-image-37311\" src=\"https:\/\/dev.explora.cl\/nuble\/wp-content\/uploads\/sites\/10\/2024\/10\/IMG-20241007-WA0087-150x150.jpg\" alt=\"\" width=\"150\" height=\"150\" srcset=\"https:\/\/dev.explora.cl\/nuble\/wp-content\/uploads\/sites\/10\/2024\/10\/IMG-20241007-WA0087-150x150.jpg 150w, https:\/\/dev.explora.cl\/nuble\/wp-content\/uploads\/sites\/10\/2024\/10\/IMG-20241007-WA0087-300x300.jpg 300w, https:\/\/dev.explora.cl\/nuble\/wp-content\/uploads\/sites\/10\/2024\/10\/IMG-20241007-WA0087-60x60.jpg 60w\" sizes=\"auto, (max-width: 150px) 100vw, 150px\" \/><\/a>El proyecto fue apoyado por PAR Explora \u00d1uble, que ha promovido activamente la participaci\u00f3n de estudiantes de toda la regi\u00f3n en espacios de investigaci\u00f3n escolar, con el fin de fortalecer el v\u00ednculo entre las comunidades educativas y el ecosistema de Ciencia, Tecnolog\u00eda, Conocimiento e Innovaci\u00f3n (CTCI). In\u00e9s Figueroa (Directora del PAR Explora \u00d1uble) y Marta Parra (Encargada de Redes Cient\u00edficas) concluyeron en que esta experiencia le sirvi\u00f3 a los ni\u00f1os de \u00d1uble, para tener una visi\u00f3n m\u00e1s acabada de las investigaciones, problem\u00e1ticas e innovaciones que se est\u00e1n desarrollando a nivel nacional: &#8220;Imag\u00ednate observar un proyecto que da soluci\u00f3n a una problem\u00e1tica h\u00eddrica en el desierto de Atacama, que es una realidad tan distinta a la que ellos tienen en la cordillera de \u00d1uble&#8221;, sostuvieron las responsables.<\/p>\n<p>Felicitamos nuevamente a los estudiantes y docentes de la Escuela &#8220;Nido de Golondrinas&#8221; por este notable logro, que pone en alto a la regi\u00f3n de \u00d1uble en el \u00e1mbito de la investigaci\u00f3n e innovaci\u00f3n escolar.<\/p>\n","protected":false},"excerpt":{"rendered":"<p>La Escuela Multigrado &#8220;Nido de Golondrinas&#8221;, ubicada en el sector rural de El Chacay, comuna de Pinto, tuvo el honor de representar a la regi\u00f3n de \u00d1uble en el Congreso Nacional Explora, que se celebr\u00f3 los d\u00edas 6 y 7 de octubre en Santiago. El equipo, conformado por los estudiantes Israel Cruces Medrano y Mart\u00edn [&hellip;]<\/p>\n","protected":false},"author":25,"featured_media":37306,"comment_status":"open","ping_status":"open","sticky":false,"template":"","format":"standard","meta":{"_acf_changed":false,"_exactmetrics_skip_tracking":false,"_exactmetrics_sitenote_active":false,"_exactmetrics_sitenote_note":"","_exactmetrics_sitenote_category":0,"footnotes":"","_links_to":"","_links_to_target":""},"categories":[137],"tags":[],"class_list":["post-37305","post","type-post","status-publish","format-standard","has-post-thumbnail","hentry","category-lugar-2"],"acf":[],"yoast_head":"<!-- This site is optimized with the Yoast SEO plugin v26.7 - https:\/\/yoast.com\/wordpress\/plugins\/seo\/ -->\n<title>Destacada participaci\u00f3n de Escuela Rural Nido de Golondrinas en Congreso Nacional Explora - \u00d1uble<\/title>\n<meta name=\"robots\" content=\"index, follow, max-snippet:-1, max-image-preview:large, max-video-preview:-1\" \/>\n<link rel=\"canonical\" href=\"https:\/\/dev.explora.cl\/nuble\/destacada-participacion-de-escuela-rural-nido-de-golondrinas-en-congreso-nacional-explora\/\" class=\"yoast-seo-meta-tag\" \/>\n<meta property=\"og:locale\" content=\"es_ES\" class=\"yoast-seo-meta-tag\" \/>\n<meta property=\"og:type\" content=\"article\" class=\"yoast-seo-meta-tag\" \/>\n<meta property=\"og:title\" content=\"Destacada participaci\u00f3n de Escuela Rural Nido de Golondrinas en Congreso Nacional Explora - \u00d1uble\" class=\"yoast-seo-meta-tag\" \/>\n<meta property=\"og:description\" content=\"La Escuela Multigrado &#8220;Nido de Golondrinas&#8221;, ubicada en el sector rural de El Chacay, comuna de Pinto, tuvo el honor de representar a la regi\u00f3n de \u00d1uble en el Congreso Nacional Explora, que se celebr\u00f3 los d\u00edas 6 y 7 de octubre en Santiago. El equipo, conformado por los estudiantes Israel Cruces Medrano y Mart\u00edn [&hellip;]\" class=\"yoast-seo-meta-tag\" \/>\n<meta property=\"og:url\" content=\"https:\/\/dev.explora.cl\/nuble\/destacada-participacion-de-escuela-rural-nido-de-golondrinas-en-congreso-nacional-explora\/\" class=\"yoast-seo-meta-tag\" \/>\n<meta property=\"og:site_name\" content=\"\u00d1uble\" class=\"yoast-seo-meta-tag\" \/>\n<meta property=\"article:published_time\" content=\"2024-10-08T18:19:24+00:00\" class=\"yoast-seo-meta-tag\" \/>\n<meta property=\"article:modified_time\" content=\"2024-10-08T18:29:55+00:00\" class=\"yoast-seo-meta-tag\" \/>\n<meta property=\"og:image\" content=\"https:\/\/dev.explora.cl\/nuble\/wp-content\/uploads\/sites\/10\/2024\/10\/IMG-20241007-WA0013.jpg\" class=\"yoast-seo-meta-tag\" \/>\n\t<meta property=\"og:image:width\" content=\"1600\" class=\"yoast-seo-meta-tag\" \/>\n\t<meta property=\"og:image:height\" content=\"1200\" class=\"yoast-seo-meta-tag\" \/>\n\t<meta property=\"og:image:type\" content=\"image\/jpeg\" class=\"yoast-seo-meta-tag\" \/>\n<meta name=\"author\" content=\"cbeltran\" class=\"yoast-seo-meta-tag\" \/>\n<meta name=\"twitter:card\" content=\"summary_large_image\" class=\"yoast-seo-meta-tag\" \/>\n<meta name=\"twitter:label1\" content=\"Escrito por\" class=\"yoast-seo-meta-tag\" \/>\n\t<meta name=\"twitter:data1\" content=\"cbeltran\" class=\"yoast-seo-meta-tag\" \/>\n\t<meta name=\"twitter:label2\" content=\"Tiempo estimado de lectura\" class=\"yoast-seo-meta-tag\" \/>\n\t<meta name=\"twitter:data2\" content=\"3 minutos\" class=\"yoast-seo-meta-tag\" \/>\n<script type=\"application\/ld+json\" class=\"yoast-schema-graph\">{\"@context\":\"https:\/\/schema.org\",\"@graph\":[{\"@type\":\"Article\",\"@id\":\"https:\/\/dev.explora.cl\/nuble\/destacada-participacion-de-escuela-rural-nido-de-golondrinas-en-congreso-nacional-explora\/#article\",\"isPartOf\":{\"@id\":\"https:\/\/dev.explora.cl\/nuble\/destacada-participacion-de-escuela-rural-nido-de-golondrinas-en-congreso-nacional-explora\/\"},\"author\":{\"name\":\"cbeltran\",\"@id\":\"https:\/\/dev.explora.cl\/nuble\/#\/schema\/person\/f611679f39b55ae7cdea76bc915b056e\"},\"headline\":\"Destacada participaci\u00f3n de Escuela Rural Nido de Golondrinas en Congreso Nacional Explora\",\"datePublished\":\"2024-10-08T18:19:24+00:00\",\"dateModified\":\"2024-10-08T18:29:55+00:00\",\"mainEntityOfPage\":{\"@id\":\"https:\/\/dev.explora.cl\/nuble\/destacada-participacion-de-escuela-rural-nido-de-golondrinas-en-congreso-nacional-explora\/\"},\"wordCount\":619,\"commentCount\":0,\"image\":{\"@id\":\"https:\/\/dev.explora.cl\/nuble\/destacada-participacion-de-escuela-rural-nido-de-golondrinas-en-congreso-nacional-explora\/#primaryimage\"},\"thumbnailUrl\":\"https:\/\/dev.explora.cl\/nuble\/wp-content\/uploads\/sites\/10\/2024\/10\/IMG-20241007-WA0013.jpg\",\"articleSection\":[\"Lugar 2\"],\"inLanguage\":\"es-CL\",\"potentialAction\":[{\"@type\":\"CommentAction\",\"name\":\"Comment\",\"target\":[\"https:\/\/dev.explora.cl\/nuble\/destacada-participacion-de-escuela-rural-nido-de-golondrinas-en-congreso-nacional-explora\/#respond\"]}]},{\"@type\":\"WebPage\",\"@id\":\"https:\/\/dev.explora.cl\/nuble\/destacada-participacion-de-escuela-rural-nido-de-golondrinas-en-congreso-nacional-explora\/\",\"url\":\"https:\/\/dev.explora.cl\/nuble\/destacada-participacion-de-escuela-rural-nido-de-golondrinas-en-congreso-nacional-explora\/\",\"name\":\"Destacada participaci\u00f3n de Escuela Rural Nido de Golondrinas en Congreso Nacional Explora - \u00d1uble\",\"isPartOf\":{\"@id\":\"https:\/\/dev.explora.cl\/nuble\/#website\"},\"primaryImageOfPage\":{\"@id\":\"https:\/\/dev.explora.cl\/nuble\/destacada-participacion-de-escuela-rural-nido-de-golondrinas-en-congreso-nacional-explora\/#primaryimage\"},\"image\":{\"@id\":\"https:\/\/dev.explora.cl\/nuble\/destacada-participacion-de-escuela-rural-nido-de-golondrinas-en-congreso-nacional-explora\/#primaryimage\"},\"thumbnailUrl\":\"https:\/\/dev.explora.cl\/nuble\/wp-content\/uploads\/sites\/10\/2024\/10\/IMG-20241007-WA0013.jpg\",\"datePublished\":\"2024-10-08T18:19:24+00:00\",\"dateModified\":\"2024-10-08T18:29:55+00:00\",\"author\":{\"@id\":\"https:\/\/dev.explora.cl\/nuble\/#\/schema\/person\/f611679f39b55ae7cdea76bc915b056e\"},\"breadcrumb\":{\"@id\":\"https:\/\/dev.explora.cl\/nuble\/destacada-participacion-de-escuela-rural-nido-de-golondrinas-en-congreso-nacional-explora\/#breadcrumb\"},\"inLanguage\":\"es-CL\",\"potentialAction\":[{\"@type\":\"ReadAction\",\"target\":[\"https:\/\/dev.explora.cl\/nuble\/destacada-participacion-de-escuela-rural-nido-de-golondrinas-en-congreso-nacional-explora\/\"]}]},{\"@type\":\"ImageObject\",\"inLanguage\":\"es-CL\",\"@id\":\"https:\/\/dev.explora.cl\/nuble\/destacada-participacion-de-escuela-rural-nido-de-golondrinas-en-congreso-nacional-explora\/#primaryimage\",\"url\":\"https:\/\/dev.explora.cl\/nuble\/wp-content\/uploads\/sites\/10\/2024\/10\/IMG-20241007-WA0013.jpg\",\"contentUrl\":\"https:\/\/dev.explora.cl\/nuble\/wp-content\/uploads\/sites\/10\/2024\/10\/IMG-20241007-WA0013.jpg\",\"width\":1600,\"height\":1200},{\"@type\":\"BreadcrumbList\",\"@id\":\"https:\/\/dev.explora.cl\/nuble\/destacada-participacion-de-escuela-rural-nido-de-golondrinas-en-congreso-nacional-explora\/#breadcrumb\",\"itemListElement\":[{\"@type\":\"ListItem\",\"position\":1,\"name\":\"Portada\",\"item\":\"https:\/\/dev.explora.cl\/nuble\/\"},{\"@type\":\"ListItem\",\"position\":2,\"name\":\"Destacada participaci\u00f3n de Escuela Rural Nido de Golondrinas en Congreso Nacional Explora\"}]},{\"@type\":\"WebSite\",\"@id\":\"https:\/\/dev.explora.cl\/nuble\/#website\",\"url\":\"https:\/\/dev.explora.cl\/nuble\/\",\"name\":\"\u00d1uble\",\"description\":\"Otro sitio m\u00e1s de dev.explora.cl\",\"potentialAction\":[{\"@type\":\"SearchAction\",\"target\":{\"@type\":\"EntryPoint\",\"urlTemplate\":\"https:\/\/dev.explora.cl\/nuble\/?s={search_term_string}\"},\"query-input\":{\"@type\":\"PropertyValueSpecification\",\"valueRequired\":true,\"valueName\":\"search_term_string\"}}],\"inLanguage\":\"es-CL\"},{\"@type\":\"Person\",\"@id\":\"https:\/\/dev.explora.cl\/nuble\/#\/schema\/person\/f611679f39b55ae7cdea76bc915b056e\",\"name\":\"cbeltran\",\"image\":{\"@type\":\"ImageObject\",\"inLanguage\":\"es-CL\",\"@id\":\"https:\/\/dev.explora.cl\/nuble\/#\/schema\/person\/image\/\",\"url\":\"https:\/\/secure.gravatar.com\/avatar\/fde624b0b0faed85e420465a1cdb73a02c199b16b1d2d6bfe0a82b9ba438afbd?s=96&d=mm&r=g\",\"contentUrl\":\"https:\/\/secure.gravatar.com\/avatar\/fde624b0b0faed85e420465a1cdb73a02c199b16b1d2d6bfe0a82b9ba438afbd?s=96&d=mm&r=g\",\"caption\":\"cbeltran\"},\"url\":\"https:\/\/dev.explora.cl\/nuble\/author\/cbeltran\/\"}]}<\/script>\n<!-- \/ Yoast SEO plugin. -->","yoast_head_json":{"title":"Destacada participaci\u00f3n de Escuela Rural Nido de Golondrinas en Congreso Nacional Explora - \u00d1uble","robots":{"index":"index","follow":"follow","max-snippet":"max-snippet:-1","max-image-preview":"max-image-preview:large","max-video-preview":"max-video-preview:-1"},"canonical":"https:\/\/dev.explora.cl\/nuble\/destacada-participacion-de-escuela-rural-nido-de-golondrinas-en-congreso-nacional-explora\/","og_locale":"es_ES","og_type":"article","og_title":"Destacada participaci\u00f3n de Escuela Rural Nido de Golondrinas en Congreso Nacional Explora - \u00d1uble","og_description":"La Escuela Multigrado &#8220;Nido de Golondrinas&#8221;, ubicada en el sector rural de El Chacay, comuna de Pinto, tuvo el honor de representar a la regi\u00f3n de \u00d1uble en el Congreso Nacional Explora, que se celebr\u00f3 los d\u00edas 6 y 7 de octubre en Santiago. El equipo, conformado por los estudiantes Israel Cruces Medrano y Mart\u00edn [&hellip;]","og_url":"https:\/\/dev.explora.cl\/nuble\/destacada-participacion-de-escuela-rural-nido-de-golondrinas-en-congreso-nacional-explora\/","og_site_name":"\u00d1uble","article_published_time":"2024-10-08T18:19:24+00:00","article_modified_time":"2024-10-08T18:29:55+00:00","og_image":[{"width":1600,"height":1200,"url":"https:\/\/dev.explora.cl\/nuble\/wp-content\/uploads\/sites\/10\/2024\/10\/IMG-20241007-WA0013.jpg","type":"image\/jpeg"}],"author":"cbeltran","twitter_card":"summary_large_image","twitter_misc":{"Escrito por":"cbeltran","Tiempo estimado de lectura":"3 minutos"},"schema":{"@context":"https:\/\/schema.org","@graph":[{"@type":"Article","@id":"https:\/\/dev.explora.cl\/nuble\/destacada-participacion-de-escuela-rural-nido-de-golondrinas-en-congreso-nacional-explora\/#article","isPartOf":{"@id":"https:\/\/dev.explora.cl\/nuble\/destacada-participacion-de-escuela-rural-nido-de-golondrinas-en-congreso-nacional-explora\/"},"author":{"name":"cbeltran","@id":"https:\/\/dev.explora.cl\/nuble\/#\/schema\/person\/f611679f39b55ae7cdea76bc915b056e"},"headline":"Destacada participaci\u00f3n de Escuela Rural Nido de Golondrinas en Congreso Nacional Explora","datePublished":"2024-10-08T18:19:24+00:00","dateModified":"2024-10-08T18:29:55+00:00","mainEntityOfPage":{"@id":"https:\/\/dev.explora.cl\/nuble\/destacada-participacion-de-escuela-rural-nido-de-golondrinas-en-congreso-nacional-explora\/"},"wordCount":619,"commentCount":0,"image":{"@id":"https:\/\/dev.explora.cl\/nuble\/destacada-participacion-de-escuela-rural-nido-de-golondrinas-en-congreso-nacional-explora\/#primaryimage"},"thumbnailUrl":"https:\/\/dev.explora.cl\/nuble\/wp-content\/uploads\/sites\/10\/2024\/10\/IMG-20241007-WA0013.jpg","articleSection":["Lugar 2"],"inLanguage":"es-CL","potentialAction":[{"@type":"CommentAction","name":"Comment","target":["https:\/\/dev.explora.cl\/nuble\/destacada-participacion-de-escuela-rural-nido-de-golondrinas-en-congreso-nacional-explora\/#respond"]}]},{"@type":"WebPage","@id":"https:\/\/dev.explora.cl\/nuble\/destacada-participacion-de-escuela-rural-nido-de-golondrinas-en-congreso-nacional-explora\/","url":"https:\/\/dev.explora.cl\/nuble\/destacada-participacion-de-escuela-rural-nido-de-golondrinas-en-congreso-nacional-explora\/","name":"Destacada participaci\u00f3n de Escuela Rural Nido de Golondrinas en Congreso Nacional Explora - \u00d1uble","isPartOf":{"@id":"https:\/\/dev.explora.cl\/nuble\/#website"},"primaryImageOfPage":{"@id":"https:\/\/dev.explora.cl\/nuble\/destacada-participacion-de-escuela-rural-nido-de-golondrinas-en-congreso-nacional-explora\/#primaryimage"},"image":{"@id":"https:\/\/dev.explora.cl\/nuble\/destacada-participacion-de-escuela-rural-nido-de-golondrinas-en-congreso-nacional-explora\/#primaryimage"},"thumbnailUrl":"https:\/\/dev.explora.cl\/nuble\/wp-content\/uploads\/sites\/10\/2024\/10\/IMG-20241007-WA0013.jpg","datePublished":"2024-10-08T18:19:24+00:00","dateModified":"2024-10-08T18:29:55+00:00","author":{"@id":"https:\/\/dev.explora.cl\/nuble\/#\/schema\/person\/f611679f39b55ae7cdea76bc915b056e"},"breadcrumb":{"@id":"https:\/\/dev.explora.cl\/nuble\/destacada-participacion-de-escuela-rural-nido-de-golondrinas-en-congreso-nacional-explora\/#breadcrumb"},"inLanguage":"es-CL","potentialAction":[{"@type":"ReadAction","target":["https:\/\/dev.explora.cl\/nuble\/destacada-participacion-de-escuela-rural-nido-de-golondrinas-en-congreso-nacional-explora\/"]}]},{"@type":"ImageObject","inLanguage":"es-CL","@id":"https:\/\/dev.explora.cl\/nuble\/destacada-participacion-de-escuela-rural-nido-de-golondrinas-en-congreso-nacional-explora\/#primaryimage","url":"https:\/\/dev.explora.cl\/nuble\/wp-content\/uploads\/sites\/10\/2024\/10\/IMG-20241007-WA0013.jpg","contentUrl":"https:\/\/dev.explora.cl\/nuble\/wp-content\/uploads\/sites\/10\/2024\/10\/IMG-20241007-WA0013.jpg","width":1600,"height":1200},{"@type":"BreadcrumbList","@id":"https:\/\/dev.explora.cl\/nuble\/destacada-participacion-de-escuela-rural-nido-de-golondrinas-en-congreso-nacional-explora\/#breadcrumb","itemListElement":[{"@type":"ListItem","position":1,"name":"Portada","item":"https:\/\/dev.explora.cl\/nuble\/"},{"@type":"ListItem","position":2,"name":"Destacada participaci\u00f3n de Escuela Rural Nido de Golondrinas en Congreso Nacional Explora"}]},{"@type":"WebSite","@id":"https:\/\/dev.explora.cl\/nuble\/#website","url":"https:\/\/dev.explora.cl\/nuble\/","name":"\u00d1uble","description":"Otro sitio m\u00e1s de dev.explora.cl","potentialAction":[{"@type":"SearchAction","target":{"@type":"EntryPoint","urlTemplate":"https:\/\/dev.explora.cl\/nuble\/?s={search_term_string}"},"query-input":{"@type":"PropertyValueSpecification","valueRequired":true,"valueName":"search_term_string"}}],"inLanguage":"es-CL"},{"@type":"Person","@id":"https:\/\/dev.explora.cl\/nuble\/#\/schema\/person\/f611679f39b55ae7cdea76bc915b056e","name":"cbeltran","image":{"@type":"ImageObject","inLanguage":"es-CL","@id":"https:\/\/dev.explora.cl\/nuble\/#\/schema\/person\/image\/","url":"https:\/\/secure.gravatar.com\/avatar\/fde624b0b0faed85e420465a1cdb73a02c199b16b1d2d6bfe0a82b9ba438afbd?s=96&d=mm&r=g","contentUrl":"https:\/\/secure.gravatar.com\/avatar\/fde624b0b0faed85e420465a1cdb73a02c199b16b1d2d6bfe0a82b9ba438afbd?s=96&d=mm&r=g","caption":"cbeltran"},"url":"https:\/\/dev.explora.cl\/nuble\/author\/cbeltran\/"}]}},"_links":{"self":[{"href":"https:\/\/dev.explora.cl\/nuble\/wp-json\/wp\/v2\/posts\/37305","targetHints":{"allow":["GET"]}}],"collection":[{"href":"https:\/\/dev.explora.cl\/nuble\/wp-json\/wp\/v2\/posts"}],"about":[{"href":"https:\/\/dev.explora.cl\/nuble\/wp-json\/wp\/v2\/types\/post"}],"author":[{"embeddable":true,"href":"https:\/\/dev.explora.cl\/nuble\/wp-json\/wp\/v2\/users\/25"}],"replies":[{"embeddable":true,"href":"https:\/\/dev.explora.cl\/nuble\/wp-json\/wp\/v2\/comments?post=37305"}],"version-history":[{"count":5,"href":"https:\/\/dev.explora.cl\/nuble\/wp-json\/wp\/v2\/posts\/37305\/revisions"}],"predecessor-version":[{"id":37315,"href":"https:\/\/dev.explora.cl\/nuble\/wp-json\/wp\/v2\/posts\/37305\/revisions\/37315"}],"wp:featuredmedia":[{"embeddable":true,"href":"https:\/\/dev.explora.cl\/nuble\/wp-json\/wp\/v2\/media\/37306"}],"wp:attachment":[{"href":"https:\/\/dev.explora.cl\/nuble\/wp-json\/wp\/v2\/media?parent=37305"}],"wp:term":[{"taxonomy":"category","embeddable":true,"href":"https:\/\/dev.explora.cl\/nuble\/wp-json\/wp\/v2\/categories?post=37305"},{"taxonomy":"post_tag","embeddable":true,"href":"https:\/\/dev.explora.cl\/nuble\/wp-json\/wp\/v2\/tags?post=37305"}],"curies":[{"name":"wp","href":"https:\/\/api.w.org\/{rel}","templated":true}]}}