{"id":37233,"date":"2024-09-25T09:58:36","date_gmt":"2024-09-25T12:58:36","guid":{"rendered":"https:\/\/dev.explora.cl\/nuble\/?p=37233"},"modified":"2024-09-25T10:53:14","modified_gmt":"2024-09-25T13:53:14","slug":"convocatoria-socializacion-iie-exploradores-de-nuble-2024","status":"publish","type":"post","link":"https:\/\/dev.explora.cl\/nuble\/convocatoria-socializacion-iie-exploradores-de-nuble-2024\/","title":{"rendered":"Convocatoria &#8220;Socializaci\u00f3n IIE: Exploradores de \u00d1uble 2024&#8221;."},"content":{"rendered":"<div class=\"flex-shrink-0 flex flex-col relative items-end\">\n<div>\n<div class=\"pt-0\">\n<div class=\"gizmo-bot-avatar flex h-8 w-8 items-center justify-center overflow-hidden rounded-full\">\n<h1 style=\"text-align: center\">\ud83d\udd35\u00a0 <strong>\u00a1Atenci\u00f3n Equipos de IIE 2024!\u00a0 <\/strong>\ud83d\udd35<\/h1>\n<\/div>\n<\/div>\n<div>\n<hr \/>\n<\/div>\n<div class=\"pt-0\">\n<div class=\"gizmo-bot-avatar flex h-8 w-8 items-center justify-center overflow-hidden rounded-full\">\n<div><\/div>\n<div class=\"relative p-1 rounded-sm flex items-center justify-center bg-token-main-surface-primary text-token-text-primary h-8 w-8\">Desde el PAR Explora de nuestra regi\u00f3n te invitamos a participar en la Socializaci\u00f3n Regional de Investigaci\u00f3n e Innovaci\u00f3n Escolar &#8220;Exploradores de \u00d1uble 2024&#8221;, un espacio donde estudiantes de esta parte del territorio nacional, desde 1\u00b0 B\u00e1sico a 4\u00b0 Medio, podr\u00e1n compartir los resultados de sus proyectos cient\u00edficos y de innovaci\u00f3n.<\/div>\n<div>\n<hr \/>\n<\/div>\n<div class=\"relative p-1 rounded-sm flex items-center justify-center bg-token-main-surface-primary text-token-text-primary h-8 w-8\">Ser\u00e1 una oportunidad para mostrar tu trabajo en equipo y reflexionar sobre los procesos que desarrollaron para generar sus investigaciones y proyectos de innovaci\u00f3n. No pierdas esta ocasi\u00f3n para contribuir al conocimiento y aprender de otras y otros j\u00f3venes investigadores.<\/div>\n<div class=\"relative p-1 rounded-sm flex items-center justify-center bg-token-main-surface-primary text-token-text-primary h-8 w-8\">\u00a1\u00danete y forma parte de esta gran experiencia educativa!<\/div>\n<\/div>\n<div>\n<p>&nbsp;<\/p>\n<hr \/>\n<\/div>\n<\/div>\n<\/div>\n<\/div>\n<ul>\n<li>Fecha: Mi\u00e9rcoles 20 de noviembre del 2024<\/li>\n<li>Horario: 08:30 a 14:00 hrs<\/li>\n<li>Lugar: Universidad de Concepci\u00f3n Campus Chill\u00e1n (Av. Vicente M\u00e9ndez 595, Chill\u00e1n)<\/li>\n<\/ul>\n<p>&nbsp;<\/p>\n<h4 style=\"text-align: center\"><b>\ud83d\udd35 Plazo postulaci\u00f3n<\/b><strong>: desde el 25 de septiembre al 11 de octubre del 2024, a las 11.59 am horas.\ud83d\udd35<\/strong><\/h4>\n<p>&nbsp;<\/p>\n<hr \/>\n<h2><\/h2>\n<h2 class=\"LC20lb MBeuO DKV0Md\" style=\"text-align: center\"><span style=\"color: #000000\"><strong>Documentos descargables para la postulaci\u00f3n \ud83d\udc47<\/strong><\/span><\/h2>\n<p>&nbsp;<\/p>\n<p><a href=\"https:\/\/dev.explora.cl\/nuble\/wp-content\/uploads\/sites\/10\/2024\/09\/Bases-para-Socializaci\u00f3n-IIE-\u00d1uble-2024.pdf\" target=\"_blank\" rel=\"noopener noreferrer\"><img loading=\"lazy\" decoding=\"async\" class=\"aligncenter wp-image-37247\" src=\"https:\/\/dev.explora.cl\/nuble\/wp-content\/uploads\/sites\/10\/2024\/09\/Botones-para-web_Mesa-de-trabajo-1-copia-11.png\" alt=\"\" width=\"400\" height=\"96\" srcset=\"https:\/\/dev.explora.cl\/nuble\/wp-content\/uploads\/sites\/10\/2024\/09\/Botones-para-web_Mesa-de-trabajo-1-copia-11.png 3514w, https:\/\/dev.explora.cl\/nuble\/wp-content\/uploads\/sites\/10\/2024\/09\/Botones-para-web_Mesa-de-trabajo-1-copia-11-300x72.png 300w, https:\/\/dev.explora.cl\/nuble\/wp-content\/uploads\/sites\/10\/2024\/09\/Botones-para-web_Mesa-de-trabajo-1-copia-11-768x184.png 768w, https:\/\/dev.explora.cl\/nuble\/wp-content\/uploads\/sites\/10\/2024\/09\/Botones-para-web_Mesa-de-trabajo-1-copia-11-1024x245.png 1024w\" sizes=\"auto, (max-width: 400px) 100vw, 400px\" \/><\/a><\/p>\n<p><a href=\"https:\/\/docs.google.com\/forms\/d\/e\/1FAIpQLSeixN01k5z26ORqTA-XuDD-9bWgZ-6Vc6FjMq72G041xgQ8yg\/viewform?usp=sf_link\" target=\"_blank\" rel=\"noopener noreferrer\"><img loading=\"lazy\" decoding=\"async\" class=\"aligncenter wp-image-37256\" src=\"https:\/\/dev.explora.cl\/nuble\/wp-content\/uploads\/sites\/10\/2024\/09\/Botones-para-web_Mesa-de-trabajo-1-copia-12-300x72.png\" alt=\"\" width=\"400\" height=\"96\" srcset=\"https:\/\/dev.explora.cl\/nuble\/wp-content\/uploads\/sites\/10\/2024\/09\/Botones-para-web_Mesa-de-trabajo-1-copia-12-300x72.png 300w, https:\/\/dev.explora.cl\/nuble\/wp-content\/uploads\/sites\/10\/2024\/09\/Botones-para-web_Mesa-de-trabajo-1-copia-12-768x184.png 768w, https:\/\/dev.explora.cl\/nuble\/wp-content\/uploads\/sites\/10\/2024\/09\/Botones-para-web_Mesa-de-trabajo-1-copia-12-1024x245.png 1024w\" sizes=\"auto, (max-width: 400px) 100vw, 400px\" \/><\/a><\/p>\n<p><a href=\"https:\/\/dev.explora.cl\/nuble\/wp-content\/uploads\/sites\/10\/2024\/09\/Anexo-3-Cesi\u00f3n-de-Derechos-de-uno-de-imagen-y-voz-Estudiantes-.docx\" target=\"_blank\" rel=\"noopener noreferrer\"><img loading=\"lazy\" decoding=\"async\" class=\"aligncenter wp-image-37246 size-medium\" src=\"https:\/\/dev.explora.cl\/nuble\/wp-content\/uploads\/sites\/10\/2024\/09\/Botones-para-web_Mesa-de-trabajo-1-copia-9-300x109.png\" alt=\"\" width=\"300\" height=\"109\" srcset=\"https:\/\/dev.explora.cl\/nuble\/wp-content\/uploads\/sites\/10\/2024\/09\/Botones-para-web_Mesa-de-trabajo-1-copia-9-300x109.png 300w, https:\/\/dev.explora.cl\/nuble\/wp-content\/uploads\/sites\/10\/2024\/09\/Botones-para-web_Mesa-de-trabajo-1-copia-9-768x280.png 768w, https:\/\/dev.explora.cl\/nuble\/wp-content\/uploads\/sites\/10\/2024\/09\/Botones-para-web_Mesa-de-trabajo-1-copia-9-1024x374.png 1024w, https:\/\/dev.explora.cl\/nuble\/wp-content\/uploads\/sites\/10\/2024\/09\/Botones-para-web_Mesa-de-trabajo-1-copia-9.png 1784w\" sizes=\"auto, (max-width: 300px) 100vw, 300px\" \/><\/a><\/p>\n<p><a href=\"https:\/\/dev.explora.cl\/nuble\/wp-content\/uploads\/sites\/10\/2024\/09\/Anexo-4-Cesi\u00f3n-de-Derechos-de-uso-de-imagen-y-voz-Profesores.docx\" target=\"_blank\" rel=\"noopener noreferrer\"><img loading=\"lazy\" decoding=\"async\" class=\"aligncenter wp-image-37245 size-medium\" src=\"https:\/\/dev.explora.cl\/nuble\/wp-content\/uploads\/sites\/10\/2024\/09\/Botones-para-web_Mesa-de-trabajo-1-copia-10-300x109.png\" alt=\"\" width=\"300\" height=\"109\" srcset=\"https:\/\/dev.explora.cl\/nuble\/wp-content\/uploads\/sites\/10\/2024\/09\/Botones-para-web_Mesa-de-trabajo-1-copia-10-300x109.png 300w, https:\/\/dev.explora.cl\/nuble\/wp-content\/uploads\/sites\/10\/2024\/09\/Botones-para-web_Mesa-de-trabajo-1-copia-10-768x280.png 768w, https:\/\/dev.explora.cl\/nuble\/wp-content\/uploads\/sites\/10\/2024\/09\/Botones-para-web_Mesa-de-trabajo-1-copia-10-1024x374.png 1024w, https:\/\/dev.explora.cl\/nuble\/wp-content\/uploads\/sites\/10\/2024\/09\/Botones-para-web_Mesa-de-trabajo-1-copia-10.png 1784w\" sizes=\"auto, (max-width: 300px) 100vw, 300px\" \/><\/a><\/p>\n<p><a href=\"https:\/\/dev.explora.cl\/nuble\/wp-content\/uploads\/sites\/10\/2024\/09\/Poster-Socializaci\u00f3n-IIE-B\u00e1sica.pptx\"><img loading=\"lazy\" decoding=\"async\" class=\"aligncenter wp-image-37258\" src=\"https:\/\/dev.explora.cl\/nuble\/wp-content\/uploads\/sites\/10\/2024\/09\/Botones-para-web_Mesa-de-trabajo-1-copia-7-1-300x72.png\" alt=\"\" width=\"400\" height=\"96\" srcset=\"https:\/\/dev.explora.cl\/nuble\/wp-content\/uploads\/sites\/10\/2024\/09\/Botones-para-web_Mesa-de-trabajo-1-copia-7-1-300x72.png 300w, https:\/\/dev.explora.cl\/nuble\/wp-content\/uploads\/sites\/10\/2024\/09\/Botones-para-web_Mesa-de-trabajo-1-copia-7-1-768x184.png 768w, https:\/\/dev.explora.cl\/nuble\/wp-content\/uploads\/sites\/10\/2024\/09\/Botones-para-web_Mesa-de-trabajo-1-copia-7-1-1024x245.png 1024w\" sizes=\"auto, (max-width: 400px) 100vw, 400px\" \/><\/a><a href=\"https:\/\/dev.explora.cl\/nuble\/wp-content\/uploads\/sites\/10\/2024\/09\/Poster-Socializaci\u00f3n-IIE-Media.pptx\"><img loading=\"lazy\" decoding=\"async\" class=\"aligncenter wp-image-37257\" src=\"https:\/\/dev.explora.cl\/nuble\/wp-content\/uploads\/sites\/10\/2024\/09\/Botones-para-web_Mesa-de-trabajo-1-copia-6-1-300x72.png\" alt=\"\" width=\"400\" height=\"96\" srcset=\"https:\/\/dev.explora.cl\/nuble\/wp-content\/uploads\/sites\/10\/2024\/09\/Botones-para-web_Mesa-de-trabajo-1-copia-6-1-300x72.png 300w, https:\/\/dev.explora.cl\/nuble\/wp-content\/uploads\/sites\/10\/2024\/09\/Botones-para-web_Mesa-de-trabajo-1-copia-6-1-768x184.png 768w, https:\/\/dev.explora.cl\/nuble\/wp-content\/uploads\/sites\/10\/2024\/09\/Botones-para-web_Mesa-de-trabajo-1-copia-6-1-1024x245.png 1024w\" sizes=\"auto, (max-width: 400px) 100vw, 400px\" \/><\/a><\/p>\n<p>&nbsp;<\/p>\n<h2 style=\"text-align: center\"><strong>Conectemos con el conocimiento generado en <span class=\"x7l2uk3 xt0e3qv\">#\u00f1uble <\/span><\/strong>\ud83e\udd13\ud83c\udf0e\ud83d\udcab<\/h2>\n<p>&nbsp;<\/p>\n<p>Envianos tus consultas al:<\/p>\n<ul>\n<li>Correo: par.nuble.explora@gmail.com<\/li>\n<li>Tel\u00e9fono 42-2207571 . Horario de 9.00 a 13.00 hrs y de 13.30 a 17.00 hrs<\/li>\n<\/ul>\n<p>&nbsp;<\/p>\n","protected":false},"excerpt":{"rendered":"<p>\ud83d\udd35\u00a0 \u00a1Atenci\u00f3n Equipos de IIE 2024!\u00a0 \ud83d\udd35 Desde el PAR Explora de nuestra regi\u00f3n te invitamos a participar en la Socializaci\u00f3n Regional de Investigaci\u00f3n e Innovaci\u00f3n Escolar &#8220;Exploradores de \u00d1uble 2024&#8221;, un espacio donde estudiantes de esta parte del territorio nacional, desde 1\u00b0 B\u00e1sico a 4\u00b0 Medio, podr\u00e1n compartir los resultados de sus proyectos cient\u00edficos [&hellip;]<\/p>\n","protected":false},"author":25,"featured_media":37297,"comment_status":"open","ping_status":"open","sticky":false,"template":"","format":"standard","meta":{"_acf_changed":false,"_exactmetrics_skip_tracking":false,"_exactmetrics_sitenote_active":false,"_exactmetrics_sitenote_note":"","_exactmetrics_sitenote_category":0,"footnotes":"","_links_to":"","_links_to_target":""},"categories":[127,136,116,1],"tags":[221,294],"class_list":["post-37233","post","type-post","status-publish","format-standard","has-post-thumbnail","hentry","category-iniciativas_publ_grl","category-lugar-1","category-para-comunidad-escolar","category-sin-categoria","tag-iie-investigacionescolar-exploranuble","tag-feria-de-socializacion"],"acf":[],"yoast_head":"<!-- This site is optimized with the Yoast SEO plugin v26.7 - https:\/\/yoast.com\/wordpress\/plugins\/seo\/ -->\n<title>Convocatoria &quot;Socializaci\u00f3n IIE: Exploradores de \u00d1uble 2024&quot;. - \u00d1uble<\/title>\n<meta name=\"robots\" content=\"index, follow, max-snippet:-1, max-image-preview:large, max-video-preview:-1\" \/>\n<link rel=\"canonical\" href=\"https:\/\/dev.explora.cl\/nuble\/convocatoria-socializacion-iie-exploradores-de-nuble-2024\/\" class=\"yoast-seo-meta-tag\" \/>\n<meta property=\"og:locale\" content=\"es_ES\" class=\"yoast-seo-meta-tag\" \/>\n<meta property=\"og:type\" content=\"article\" class=\"yoast-seo-meta-tag\" \/>\n<meta property=\"og:title\" content=\"Convocatoria &quot;Socializaci\u00f3n IIE: Exploradores de \u00d1uble 2024&quot;. - \u00d1uble\" class=\"yoast-seo-meta-tag\" \/>\n<meta property=\"og:description\" content=\"\ud83d\udd35\u00a0 \u00a1Atenci\u00f3n Equipos de IIE 2024!\u00a0 \ud83d\udd35 Desde el PAR Explora de nuestra regi\u00f3n te invitamos a participar en la Socializaci\u00f3n Regional de Investigaci\u00f3n e Innovaci\u00f3n Escolar &#8220;Exploradores de \u00d1uble 2024&#8221;, un espacio donde estudiantes de esta parte del territorio nacional, desde 1\u00b0 B\u00e1sico a 4\u00b0 Medio, podr\u00e1n compartir los resultados de sus proyectos cient\u00edficos [&hellip;]\" class=\"yoast-seo-meta-tag\" \/>\n<meta property=\"og:url\" content=\"https:\/\/dev.explora.cl\/nuble\/convocatoria-socializacion-iie-exploradores-de-nuble-2024\/\" class=\"yoast-seo-meta-tag\" \/>\n<meta property=\"og:site_name\" content=\"\u00d1uble\" class=\"yoast-seo-meta-tag\" \/>\n<meta property=\"article:published_time\" content=\"2024-09-25T12:58:36+00:00\" class=\"yoast-seo-meta-tag\" \/>\n<meta property=\"article:modified_time\" content=\"2024-09-25T13:53:14+00:00\" class=\"yoast-seo-meta-tag\" \/>\n<meta property=\"og:image\" content=\"https:\/\/dev.explora.cl\/nuble\/wp-content\/uploads\/sites\/10\/2024\/09\/WEB-Prueba_Mesa-de-trabajo-1-copia.jpg\" class=\"yoast-seo-meta-tag\" \/>\n\t<meta property=\"og:image:width\" content=\"3542\" class=\"yoast-seo-meta-tag\" \/>\n\t<meta property=\"og:image:height\" content=\"2333\" class=\"yoast-seo-meta-tag\" \/>\n\t<meta property=\"og:image:type\" content=\"image\/jpeg\" class=\"yoast-seo-meta-tag\" \/>\n<meta name=\"author\" content=\"cbeltran\" class=\"yoast-seo-meta-tag\" \/>\n<meta name=\"twitter:card\" content=\"summary_large_image\" class=\"yoast-seo-meta-tag\" \/>\n<meta name=\"twitter:label1\" content=\"Escrito por\" class=\"yoast-seo-meta-tag\" \/>\n\t<meta name=\"twitter:data1\" content=\"cbeltran\" class=\"yoast-seo-meta-tag\" \/>\n\t<meta name=\"twitter:label2\" content=\"Tiempo estimado de lectura\" class=\"yoast-seo-meta-tag\" \/>\n\t<meta name=\"twitter:data2\" content=\"1 minuto\" class=\"yoast-seo-meta-tag\" \/>\n<script type=\"application\/ld+json\" class=\"yoast-schema-graph\">{\"@context\":\"https:\/\/schema.org\",\"@graph\":[{\"@type\":\"Article\",\"@id\":\"https:\/\/dev.explora.cl\/nuble\/convocatoria-socializacion-iie-exploradores-de-nuble-2024\/#article\",\"isPartOf\":{\"@id\":\"https:\/\/dev.explora.cl\/nuble\/convocatoria-socializacion-iie-exploradores-de-nuble-2024\/\"},\"author\":{\"name\":\"cbeltran\",\"@id\":\"https:\/\/dev.explora.cl\/nuble\/#\/schema\/person\/f611679f39b55ae7cdea76bc915b056e\"},\"headline\":\"Convocatoria &#8220;Socializaci\u00f3n IIE: Exploradores de \u00d1uble 2024&#8221;.\",\"datePublished\":\"2024-09-25T12:58:36+00:00\",\"dateModified\":\"2024-09-25T13:53:14+00:00\",\"mainEntityOfPage\":{\"@id\":\"https:\/\/dev.explora.cl\/nuble\/convocatoria-socializacion-iie-exploradores-de-nuble-2024\/\"},\"wordCount\":199,\"commentCount\":0,\"image\":{\"@id\":\"https:\/\/dev.explora.cl\/nuble\/convocatoria-socializacion-iie-exploradores-de-nuble-2024\/#primaryimage\"},\"thumbnailUrl\":\"https:\/\/dev.explora.cl\/nuble\/wp-content\/uploads\/sites\/10\/2024\/09\/WEB-Prueba_Mesa-de-trabajo-1-copia.jpg\",\"keywords\":[\"#IIE #Investigaci\u00f3nEscolar #Explora\u00d1uble\",\"Feria de socializaci\u00f3n\"],\"articleSection\":[\"Iniciativas\",\"Lugar 1\",\"Para Comunidad Escolar\"],\"inLanguage\":\"es-CL\",\"potentialAction\":[{\"@type\":\"CommentAction\",\"name\":\"Comment\",\"target\":[\"https:\/\/dev.explora.cl\/nuble\/convocatoria-socializacion-iie-exploradores-de-nuble-2024\/#respond\"]}]},{\"@type\":\"WebPage\",\"@id\":\"https:\/\/dev.explora.cl\/nuble\/convocatoria-socializacion-iie-exploradores-de-nuble-2024\/\",\"url\":\"https:\/\/dev.explora.cl\/nuble\/convocatoria-socializacion-iie-exploradores-de-nuble-2024\/\",\"name\":\"Convocatoria \\\"Socializaci\u00f3n IIE: Exploradores de \u00d1uble 2024\\\". - \u00d1uble\",\"isPartOf\":{\"@id\":\"https:\/\/dev.explora.cl\/nuble\/#website\"},\"primaryImageOfPage\":{\"@id\":\"https:\/\/dev.explora.cl\/nuble\/convocatoria-socializacion-iie-exploradores-de-nuble-2024\/#primaryimage\"},\"image\":{\"@id\":\"https:\/\/dev.explora.cl\/nuble\/convocatoria-socializacion-iie-exploradores-de-nuble-2024\/#primaryimage\"},\"thumbnailUrl\":\"https:\/\/dev.explora.cl\/nuble\/wp-content\/uploads\/sites\/10\/2024\/09\/WEB-Prueba_Mesa-de-trabajo-1-copia.jpg\",\"datePublished\":\"2024-09-25T12:58:36+00:00\",\"dateModified\":\"2024-09-25T13:53:14+00:00\",\"author\":{\"@id\":\"https:\/\/dev.explora.cl\/nuble\/#\/schema\/person\/f611679f39b55ae7cdea76bc915b056e\"},\"breadcrumb\":{\"@id\":\"https:\/\/dev.explora.cl\/nuble\/convocatoria-socializacion-iie-exploradores-de-nuble-2024\/#breadcrumb\"},\"inLanguage\":\"es-CL\",\"potentialAction\":[{\"@type\":\"ReadAction\",\"target\":[\"https:\/\/dev.explora.cl\/nuble\/convocatoria-socializacion-iie-exploradores-de-nuble-2024\/\"]}]},{\"@type\":\"ImageObject\",\"inLanguage\":\"es-CL\",\"@id\":\"https:\/\/dev.explora.cl\/nuble\/convocatoria-socializacion-iie-exploradores-de-nuble-2024\/#primaryimage\",\"url\":\"https:\/\/dev.explora.cl\/nuble\/wp-content\/uploads\/sites\/10\/2024\/09\/WEB-Prueba_Mesa-de-trabajo-1-copia.jpg\",\"contentUrl\":\"https:\/\/dev.explora.cl\/nuble\/wp-content\/uploads\/sites\/10\/2024\/09\/WEB-Prueba_Mesa-de-trabajo-1-copia.jpg\",\"width\":3542,\"height\":2333},{\"@type\":\"BreadcrumbList\",\"@id\":\"https:\/\/dev.explora.cl\/nuble\/convocatoria-socializacion-iie-exploradores-de-nuble-2024\/#breadcrumb\",\"itemListElement\":[{\"@type\":\"ListItem\",\"position\":1,\"name\":\"Portada\",\"item\":\"https:\/\/dev.explora.cl\/nuble\/\"},{\"@type\":\"ListItem\",\"position\":2,\"name\":\"Convocatoria &#8220;Socializaci\u00f3n IIE: Exploradores de \u00d1uble 2024&#8221;.\"}]},{\"@type\":\"WebSite\",\"@id\":\"https:\/\/dev.explora.cl\/nuble\/#website\",\"url\":\"https:\/\/dev.explora.cl\/nuble\/\",\"name\":\"\u00d1uble\",\"description\":\"Otro sitio m\u00e1s de dev.explora.cl\",\"potentialAction\":[{\"@type\":\"SearchAction\",\"target\":{\"@type\":\"EntryPoint\",\"urlTemplate\":\"https:\/\/dev.explora.cl\/nuble\/?s={search_term_string}\"},\"query-input\":{\"@type\":\"PropertyValueSpecification\",\"valueRequired\":true,\"valueName\":\"search_term_string\"}}],\"inLanguage\":\"es-CL\"},{\"@type\":\"Person\",\"@id\":\"https:\/\/dev.explora.cl\/nuble\/#\/schema\/person\/f611679f39b55ae7cdea76bc915b056e\",\"name\":\"cbeltran\",\"image\":{\"@type\":\"ImageObject\",\"inLanguage\":\"es-CL\",\"@id\":\"https:\/\/dev.explora.cl\/nuble\/#\/schema\/person\/image\/\",\"url\":\"https:\/\/secure.gravatar.com\/avatar\/fde624b0b0faed85e420465a1cdb73a02c199b16b1d2d6bfe0a82b9ba438afbd?s=96&d=mm&r=g\",\"contentUrl\":\"https:\/\/secure.gravatar.com\/avatar\/fde624b0b0faed85e420465a1cdb73a02c199b16b1d2d6bfe0a82b9ba438afbd?s=96&d=mm&r=g\",\"caption\":\"cbeltran\"},\"url\":\"https:\/\/dev.explora.cl\/nuble\/author\/cbeltran\/\"}]}<\/script>\n<!-- \/ Yoast SEO plugin. -->","yoast_head_json":{"title":"Convocatoria \"Socializaci\u00f3n IIE: Exploradores de \u00d1uble 2024\". - \u00d1uble","robots":{"index":"index","follow":"follow","max-snippet":"max-snippet:-1","max-image-preview":"max-image-preview:large","max-video-preview":"max-video-preview:-1"},"canonical":"https:\/\/dev.explora.cl\/nuble\/convocatoria-socializacion-iie-exploradores-de-nuble-2024\/","og_locale":"es_ES","og_type":"article","og_title":"Convocatoria \"Socializaci\u00f3n IIE: Exploradores de \u00d1uble 2024\". - \u00d1uble","og_description":"\ud83d\udd35\u00a0 \u00a1Atenci\u00f3n Equipos de IIE 2024!\u00a0 \ud83d\udd35 Desde el PAR Explora de nuestra regi\u00f3n te invitamos a participar en la Socializaci\u00f3n Regional de Investigaci\u00f3n e Innovaci\u00f3n Escolar &#8220;Exploradores de \u00d1uble 2024&#8221;, un espacio donde estudiantes de esta parte del territorio nacional, desde 1\u00b0 B\u00e1sico a 4\u00b0 Medio, podr\u00e1n compartir los resultados de sus proyectos cient\u00edficos [&hellip;]","og_url":"https:\/\/dev.explora.cl\/nuble\/convocatoria-socializacion-iie-exploradores-de-nuble-2024\/","og_site_name":"\u00d1uble","article_published_time":"2024-09-25T12:58:36+00:00","article_modified_time":"2024-09-25T13:53:14+00:00","og_image":[{"width":3542,"height":2333,"url":"https:\/\/dev.explora.cl\/nuble\/wp-content\/uploads\/sites\/10\/2024\/09\/WEB-Prueba_Mesa-de-trabajo-1-copia.jpg","type":"image\/jpeg"}],"author":"cbeltran","twitter_card":"summary_large_image","twitter_misc":{"Escrito por":"cbeltran","Tiempo estimado de lectura":"1 minuto"},"schema":{"@context":"https:\/\/schema.org","@graph":[{"@type":"Article","@id":"https:\/\/dev.explora.cl\/nuble\/convocatoria-socializacion-iie-exploradores-de-nuble-2024\/#article","isPartOf":{"@id":"https:\/\/dev.explora.cl\/nuble\/convocatoria-socializacion-iie-exploradores-de-nuble-2024\/"},"author":{"name":"cbeltran","@id":"https:\/\/dev.explora.cl\/nuble\/#\/schema\/person\/f611679f39b55ae7cdea76bc915b056e"},"headline":"Convocatoria &#8220;Socializaci\u00f3n IIE: Exploradores de \u00d1uble 2024&#8221;.","datePublished":"2024-09-25T12:58:36+00:00","dateModified":"2024-09-25T13:53:14+00:00","mainEntityOfPage":{"@id":"https:\/\/dev.explora.cl\/nuble\/convocatoria-socializacion-iie-exploradores-de-nuble-2024\/"},"wordCount":199,"commentCount":0,"image":{"@id":"https:\/\/dev.explora.cl\/nuble\/convocatoria-socializacion-iie-exploradores-de-nuble-2024\/#primaryimage"},"thumbnailUrl":"https:\/\/dev.explora.cl\/nuble\/wp-content\/uploads\/sites\/10\/2024\/09\/WEB-Prueba_Mesa-de-trabajo-1-copia.jpg","keywords":["#IIE #Investigaci\u00f3nEscolar #Explora\u00d1uble","Feria de socializaci\u00f3n"],"articleSection":["Iniciativas","Lugar 1","Para Comunidad Escolar"],"inLanguage":"es-CL","potentialAction":[{"@type":"CommentAction","name":"Comment","target":["https:\/\/dev.explora.cl\/nuble\/convocatoria-socializacion-iie-exploradores-de-nuble-2024\/#respond"]}]},{"@type":"WebPage","@id":"https:\/\/dev.explora.cl\/nuble\/convocatoria-socializacion-iie-exploradores-de-nuble-2024\/","url":"https:\/\/dev.explora.cl\/nuble\/convocatoria-socializacion-iie-exploradores-de-nuble-2024\/","name":"Convocatoria \"Socializaci\u00f3n IIE: Exploradores de \u00d1uble 2024\". - \u00d1uble","isPartOf":{"@id":"https:\/\/dev.explora.cl\/nuble\/#website"},"primaryImageOfPage":{"@id":"https:\/\/dev.explora.cl\/nuble\/convocatoria-socializacion-iie-exploradores-de-nuble-2024\/#primaryimage"},"image":{"@id":"https:\/\/dev.explora.cl\/nuble\/convocatoria-socializacion-iie-exploradores-de-nuble-2024\/#primaryimage"},"thumbnailUrl":"https:\/\/dev.explora.cl\/nuble\/wp-content\/uploads\/sites\/10\/2024\/09\/WEB-Prueba_Mesa-de-trabajo-1-copia.jpg","datePublished":"2024-09-25T12:58:36+00:00","dateModified":"2024-09-25T13:53:14+00:00","author":{"@id":"https:\/\/dev.explora.cl\/nuble\/#\/schema\/person\/f611679f39b55ae7cdea76bc915b056e"},"breadcrumb":{"@id":"https:\/\/dev.explora.cl\/nuble\/convocatoria-socializacion-iie-exploradores-de-nuble-2024\/#breadcrumb"},"inLanguage":"es-CL","potentialAction":[{"@type":"ReadAction","target":["https:\/\/dev.explora.cl\/nuble\/convocatoria-socializacion-iie-exploradores-de-nuble-2024\/"]}]},{"@type":"ImageObject","inLanguage":"es-CL","@id":"https:\/\/dev.explora.cl\/nuble\/convocatoria-socializacion-iie-exploradores-de-nuble-2024\/#primaryimage","url":"https:\/\/dev.explora.cl\/nuble\/wp-content\/uploads\/sites\/10\/2024\/09\/WEB-Prueba_Mesa-de-trabajo-1-copia.jpg","contentUrl":"https:\/\/dev.explora.cl\/nuble\/wp-content\/uploads\/sites\/10\/2024\/09\/WEB-Prueba_Mesa-de-trabajo-1-copia.jpg","width":3542,"height":2333},{"@type":"BreadcrumbList","@id":"https:\/\/dev.explora.cl\/nuble\/convocatoria-socializacion-iie-exploradores-de-nuble-2024\/#breadcrumb","itemListElement":[{"@type":"ListItem","position":1,"name":"Portada","item":"https:\/\/dev.explora.cl\/nuble\/"},{"@type":"ListItem","position":2,"name":"Convocatoria &#8220;Socializaci\u00f3n IIE: Exploradores de \u00d1uble 2024&#8221;."}]},{"@type":"WebSite","@id":"https:\/\/dev.explora.cl\/nuble\/#website","url":"https:\/\/dev.explora.cl\/nuble\/","name":"\u00d1uble","description":"Otro sitio m\u00e1s de dev.explora.cl","potentialAction":[{"@type":"SearchAction","target":{"@type":"EntryPoint","urlTemplate":"https:\/\/dev.explora.cl\/nuble\/?s={search_term_string}"},"query-input":{"@type":"PropertyValueSpecification","valueRequired":true,"valueName":"search_term_string"}}],"inLanguage":"es-CL"},{"@type":"Person","@id":"https:\/\/dev.explora.cl\/nuble\/#\/schema\/person\/f611679f39b55ae7cdea76bc915b056e","name":"cbeltran","image":{"@type":"ImageObject","inLanguage":"es-CL","@id":"https:\/\/dev.explora.cl\/nuble\/#\/schema\/person\/image\/","url":"https:\/\/secure.gravatar.com\/avatar\/fde624b0b0faed85e420465a1cdb73a02c199b16b1d2d6bfe0a82b9ba438afbd?s=96&d=mm&r=g","contentUrl":"https:\/\/secure.gravatar.com\/avatar\/fde624b0b0faed85e420465a1cdb73a02c199b16b1d2d6bfe0a82b9ba438afbd?s=96&d=mm&r=g","caption":"cbeltran"},"url":"https:\/\/dev.explora.cl\/nuble\/author\/cbeltran\/"}]}},"_links":{"self":[{"href":"https:\/\/dev.explora.cl\/nuble\/wp-json\/wp\/v2\/posts\/37233","targetHints":{"allow":["GET"]}}],"collection":[{"href":"https:\/\/dev.explora.cl\/nuble\/wp-json\/wp\/v2\/posts"}],"about":[{"href":"https:\/\/dev.explora.cl\/nuble\/wp-json\/wp\/v2\/types\/post"}],"author":[{"embeddable":true,"href":"https:\/\/dev.explora.cl\/nuble\/wp-json\/wp\/v2\/users\/25"}],"replies":[{"embeddable":true,"href":"https:\/\/dev.explora.cl\/nuble\/wp-json\/wp\/v2\/comments?post=37233"}],"version-history":[{"count":39,"href":"https:\/\/dev.explora.cl\/nuble\/wp-json\/wp\/v2\/posts\/37233\/revisions"}],"predecessor-version":[{"id":37303,"href":"https:\/\/dev.explora.cl\/nuble\/wp-json\/wp\/v2\/posts\/37233\/revisions\/37303"}],"wp:featuredmedia":[{"embeddable":true,"href":"https:\/\/dev.explora.cl\/nuble\/wp-json\/wp\/v2\/media\/37297"}],"wp:attachment":[{"href":"https:\/\/dev.explora.cl\/nuble\/wp-json\/wp\/v2\/media?parent=37233"}],"wp:term":[{"taxonomy":"category","embeddable":true,"href":"https:\/\/dev.explora.cl\/nuble\/wp-json\/wp\/v2\/categories?post=37233"},{"taxonomy":"post_tag","embeddable":true,"href":"https:\/\/dev.explora.cl\/nuble\/wp-json\/wp\/v2\/tags?post=37233"}],"curies":[{"name":"wp","href":"https:\/\/api.w.org\/{rel}","templated":true}]}}