{"id":37223,"date":"2024-09-06T11:59:52","date_gmt":"2024-09-06T15:59:52","guid":{"rendered":"https:\/\/dev.explora.cl\/nuble\/?p=37223"},"modified":"2024-09-06T11:59:52","modified_gmt":"2024-09-06T15:59:52","slug":"campamento-explora-va-culmino-con-emotiva-ceremonia","status":"publish","type":"post","link":"https:\/\/dev.explora.cl\/nuble\/campamento-explora-va-culmino-con-emotiva-ceremonia\/","title":{"rendered":"Campamento Explora Va! culmin\u00f3 con emotiva ceremonia"},"content":{"rendered":"<p>En el marco de la iniciativa formativa\u00a0 Campamento Explora Va! se realiz\u00f3 una emotiva ceremonia de cierre en la ma\u00f1ana del 5 de septiembre,\u00a0 en el auditorio Jos\u00e9 Su\u00e1rez Fanjul del Campus Chill\u00e1n de la Universidad de Concepci\u00f3n. La actividad reuni\u00f3 a docentes de toda la regi\u00f3n, quienes se capacitaron en competencias Explora, fortaleciendo su rol como agentes de cambio en la educaci\u00f3n cient\u00edfica y tecnol\u00f3gica.<\/p>\n<p>La actividad, organizada por el Proyecto Asociativo Regional Explora \u00d1uble , tuvo como objetivo capacitar a educadores provenientes de sectores rurales y vulnerables en competencias cient\u00edficas. Durante una semana de enero de 2024 en Nevados de Chill\u00e1n, los participantes exploraron m\u00e9todos innovadores para integrar la ciencia en sus pr\u00e1cticas pedag\u00f3gicas.<\/p>\n<p>El Seremi del Ministerio de Ciencia, Gustavo N\u00fa\u00f1ez Acu\u00f1a, y el Subdirector del Campus Chill\u00e1n, Daniel Sandoval Silva, saludaron y destacaron la importancia de esta iniciativa, valorando el rol de los docentes en la transformaci\u00f3n de sus comunidades educativas.<\/p>\n<p>In\u00e9s Figueroa, Directora del PAR Explora \u00d1uble, tambi\u00e9n destac\u00f3: \u201cEl Campamento no es solo una instancia de formaci\u00f3n, es un espacio donde los docentes se convierten en motores de cambio en sus comunidades. La ciencia se transforma en una forma de habitar el territorio, una cultura que impulsamos desde \u00d1uble.\u201d<\/p>\n<p>La jornada tambi\u00e9n incorpor\u00f3 la exposici\u00f3n de proyectos exitosos que se empezaron a desarrollar a partir de la experiencia de Campamento Explova Va! El primer fue el presentado por la profesora Alejandra Canales de Dinabec College de San Carlos, el segundo fue el presentado por el profesor Jorge Arteaga del Instituto Superior de Comercio de Chill\u00e1n, y el \u00faltimo fue el presentado por los docentes de la Escuela San Jorg\u00e9 de \u00d1iqu\u00e9n, Ricardo Cort\u00e9s, y Lilian VIllanueva.<\/p>\n<p>Buen viaje campistas! cont\u00f3\u00a0 con la presencia de delegaciones estudiantiles de la Universidad Adventista de Chile (Unach) y la Universidad del B\u00edo-B\u00edo (UBB), quienes acompa\u00f1aron y compartieron sus experiencias como futuros profesionales de la educaci\u00f3n, fortaleciendo los v\u00ednculos entre la academia y la comunidad escolar de la regi\u00f3n.<\/p>\n<p><a href=\"https:\/\/dev.explora.cl\/nuble\/wp-content\/uploads\/sites\/10\/2024\/09\/1.jpg\"><img loading=\"lazy\" decoding=\"async\" class=\"alignleft size-thumbnail wp-image-37226\" src=\"https:\/\/dev.explora.cl\/nuble\/wp-content\/uploads\/sites\/10\/2024\/09\/1-150x150.jpg\" alt=\"\" width=\"150\" height=\"150\" srcset=\"https:\/\/dev.explora.cl\/nuble\/wp-content\/uploads\/sites\/10\/2024\/09\/1-150x150.jpg 150w, https:\/\/dev.explora.cl\/nuble\/wp-content\/uploads\/sites\/10\/2024\/09\/1-300x300.jpg 300w, https:\/\/dev.explora.cl\/nuble\/wp-content\/uploads\/sites\/10\/2024\/09\/1-60x60.jpg 60w\" sizes=\"auto, (max-width: 150px) 100vw, 150px\" \/><\/a>Hans Contreras, profesor invitado y conocido por su innovadora forma de ense\u00f1ar, fue invitado para dictar una clase magistral sobre c\u00f3mo innovar en la pedagog\u00eda con los recursos pre-existentes. Contreras realiza docencia en el sector rural de Isla de Marchant en la provincia de Curic\u00f3.<\/p>\n<p>&nbsp;<\/p>\n<p>&nbsp;<\/p>\n<p>Aquiles Avil\u00e9s, encargado de Campamento Explora Va!\u00a0 concluye que: &#8220;Es muy satisfactorio ver como Campamento Explora Va! se convirti\u00f3 en un espacio de empoderamiento para nuestros profesores, ya que a trav\u00e9s de la formaci\u00f3n de comunidades de aprendizaje y la promoci\u00f3n del trabajo en red han podido levantar interesantes proyectos en beneficio de las y los estudiantes de nuestra regi\u00f3n&#8221;.<\/p>\n<p>El evento lleg\u00f3 a su fin con la entrega de certificados y el compromiso de los docentes de continuar promoviendo proyectos cient\u00edficos en sus establecimientos. \u00a1Buen viaje, campistas!<\/p>\n<p><a href=\"https:\/\/dev.explora.cl\/nuble\/wp-content\/uploads\/sites\/10\/2024\/09\/3-1.jpg\"><img loading=\"lazy\" decoding=\"async\" class=\"alignleft size-thumbnail wp-image-37228\" src=\"https:\/\/dev.explora.cl\/nuble\/wp-content\/uploads\/sites\/10\/2024\/09\/3-1-150x150.jpg\" alt=\"\" width=\"150\" height=\"150\" srcset=\"https:\/\/dev.explora.cl\/nuble\/wp-content\/uploads\/sites\/10\/2024\/09\/3-1-150x150.jpg 150w, https:\/\/dev.explora.cl\/nuble\/wp-content\/uploads\/sites\/10\/2024\/09\/3-1-300x300.jpg 300w, https:\/\/dev.explora.cl\/nuble\/wp-content\/uploads\/sites\/10\/2024\/09\/3-1-60x60.jpg 60w\" sizes=\"auto, (max-width: 150px) 100vw, 150px\" \/><\/a><a href=\"https:\/\/dev.explora.cl\/nuble\/wp-content\/uploads\/sites\/10\/2024\/09\/6.jpg\"><img loading=\"lazy\" decoding=\"async\" class=\"alignleft size-thumbnail wp-image-37229\" src=\"https:\/\/dev.explora.cl\/nuble\/wp-content\/uploads\/sites\/10\/2024\/09\/6-150x150.jpg\" alt=\"\" width=\"150\" height=\"150\" srcset=\"https:\/\/dev.explora.cl\/nuble\/wp-content\/uploads\/sites\/10\/2024\/09\/6-150x150.jpg 150w, https:\/\/dev.explora.cl\/nuble\/wp-content\/uploads\/sites\/10\/2024\/09\/6-300x300.jpg 300w, https:\/\/dev.explora.cl\/nuble\/wp-content\/uploads\/sites\/10\/2024\/09\/6-60x60.jpg 60w\" sizes=\"auto, (max-width: 150px) 100vw, 150px\" \/><\/a><\/p>\n","protected":false},"excerpt":{"rendered":"<p>En el marco de la iniciativa formativa\u00a0 Campamento Explora Va! se realiz\u00f3 una emotiva ceremonia de cierre en la ma\u00f1ana del 5 de septiembre,\u00a0 en el auditorio Jos\u00e9 Su\u00e1rez Fanjul del Campus Chill\u00e1n de la Universidad de Concepci\u00f3n. La actividad reuni\u00f3 a docentes de toda la regi\u00f3n, quienes se capacitaron en competencias Explora, fortaleciendo su [&hellip;]<\/p>\n","protected":false},"author":25,"featured_media":37224,"comment_status":"open","ping_status":"open","sticky":false,"template":"","format":"standard","meta":{"_acf_changed":false,"_exactmetrics_skip_tracking":false,"_exactmetrics_sitenote_active":false,"_exactmetrics_sitenote_note":"","_exactmetrics_sitenote_category":0,"footnotes":"","_links_to":"","_links_to_target":""},"categories":[138],"tags":[],"class_list":["post-37223","post","type-post","status-publish","format-standard","has-post-thumbnail","hentry","category-lugar-3"],"acf":[],"yoast_head":"<!-- This site is optimized with the Yoast SEO plugin v26.7 - https:\/\/yoast.com\/wordpress\/plugins\/seo\/ -->\n<title>Campamento Explora Va! culmin\u00f3 con emotiva ceremonia - \u00d1uble<\/title>\n<meta name=\"robots\" content=\"index, follow, max-snippet:-1, max-image-preview:large, max-video-preview:-1\" \/>\n<link rel=\"canonical\" href=\"https:\/\/dev.explora.cl\/nuble\/campamento-explora-va-culmino-con-emotiva-ceremonia\/\" class=\"yoast-seo-meta-tag\" \/>\n<meta property=\"og:locale\" content=\"es_ES\" class=\"yoast-seo-meta-tag\" \/>\n<meta property=\"og:type\" content=\"article\" class=\"yoast-seo-meta-tag\" \/>\n<meta property=\"og:title\" content=\"Campamento Explora Va! culmin\u00f3 con emotiva ceremonia - \u00d1uble\" class=\"yoast-seo-meta-tag\" \/>\n<meta property=\"og:description\" content=\"En el marco de la iniciativa formativa\u00a0 Campamento Explora Va! se realiz\u00f3 una emotiva ceremonia de cierre en la ma\u00f1ana del 5 de septiembre,\u00a0 en el auditorio Jos\u00e9 Su\u00e1rez Fanjul del Campus Chill\u00e1n de la Universidad de Concepci\u00f3n. La actividad reuni\u00f3 a docentes de toda la regi\u00f3n, quienes se capacitaron en competencias Explora, fortaleciendo su [&hellip;]\" class=\"yoast-seo-meta-tag\" \/>\n<meta property=\"og:url\" content=\"https:\/\/dev.explora.cl\/nuble\/campamento-explora-va-culmino-con-emotiva-ceremonia\/\" class=\"yoast-seo-meta-tag\" \/>\n<meta property=\"og:site_name\" content=\"\u00d1uble\" class=\"yoast-seo-meta-tag\" \/>\n<meta property=\"article:published_time\" content=\"2024-09-06T15:59:52+00:00\" class=\"yoast-seo-meta-tag\" \/>\n<meta property=\"og:image\" content=\"https:\/\/dev.explora.cl\/nuble\/wp-content\/uploads\/sites\/10\/2024\/09\/9-1024x768.jpg\" class=\"yoast-seo-meta-tag\" \/>\n\t<meta property=\"og:image:width\" content=\"1024\" class=\"yoast-seo-meta-tag\" \/>\n\t<meta property=\"og:image:height\" content=\"768\" class=\"yoast-seo-meta-tag\" \/>\n\t<meta property=\"og:image:type\" content=\"image\/jpeg\" class=\"yoast-seo-meta-tag\" \/>\n<meta name=\"author\" content=\"cbeltran\" class=\"yoast-seo-meta-tag\" \/>\n<meta name=\"twitter:card\" content=\"summary_large_image\" class=\"yoast-seo-meta-tag\" \/>\n<meta name=\"twitter:label1\" content=\"Escrito por\" class=\"yoast-seo-meta-tag\" \/>\n\t<meta name=\"twitter:data1\" content=\"cbeltran\" class=\"yoast-seo-meta-tag\" \/>\n\t<meta name=\"twitter:label2\" content=\"Tiempo estimado de lectura\" class=\"yoast-seo-meta-tag\" \/>\n\t<meta name=\"twitter:data2\" content=\"3 minutos\" class=\"yoast-seo-meta-tag\" \/>\n<script type=\"application\/ld+json\" class=\"yoast-schema-graph\">{\"@context\":\"https:\/\/schema.org\",\"@graph\":[{\"@type\":\"Article\",\"@id\":\"https:\/\/dev.explora.cl\/nuble\/campamento-explora-va-culmino-con-emotiva-ceremonia\/#article\",\"isPartOf\":{\"@id\":\"https:\/\/dev.explora.cl\/nuble\/campamento-explora-va-culmino-con-emotiva-ceremonia\/\"},\"author\":{\"name\":\"cbeltran\",\"@id\":\"https:\/\/dev.explora.cl\/nuble\/#\/schema\/person\/f611679f39b55ae7cdea76bc915b056e\"},\"headline\":\"Campamento Explora Va! culmin\u00f3 con emotiva ceremonia\",\"datePublished\":\"2024-09-06T15:59:52+00:00\",\"mainEntityOfPage\":{\"@id\":\"https:\/\/dev.explora.cl\/nuble\/campamento-explora-va-culmino-con-emotiva-ceremonia\/\"},\"wordCount\":509,\"commentCount\":0,\"image\":{\"@id\":\"https:\/\/dev.explora.cl\/nuble\/campamento-explora-va-culmino-con-emotiva-ceremonia\/#primaryimage\"},\"thumbnailUrl\":\"https:\/\/dev.explora.cl\/nuble\/wp-content\/uploads\/sites\/10\/2024\/09\/9.jpg\",\"articleSection\":[\"Lugar 3\"],\"inLanguage\":\"es-CL\",\"potentialAction\":[{\"@type\":\"CommentAction\",\"name\":\"Comment\",\"target\":[\"https:\/\/dev.explora.cl\/nuble\/campamento-explora-va-culmino-con-emotiva-ceremonia\/#respond\"]}]},{\"@type\":\"WebPage\",\"@id\":\"https:\/\/dev.explora.cl\/nuble\/campamento-explora-va-culmino-con-emotiva-ceremonia\/\",\"url\":\"https:\/\/dev.explora.cl\/nuble\/campamento-explora-va-culmino-con-emotiva-ceremonia\/\",\"name\":\"Campamento Explora Va! culmin\u00f3 con emotiva ceremonia - \u00d1uble\",\"isPartOf\":{\"@id\":\"https:\/\/dev.explora.cl\/nuble\/#website\"},\"primaryImageOfPage\":{\"@id\":\"https:\/\/dev.explora.cl\/nuble\/campamento-explora-va-culmino-con-emotiva-ceremonia\/#primaryimage\"},\"image\":{\"@id\":\"https:\/\/dev.explora.cl\/nuble\/campamento-explora-va-culmino-con-emotiva-ceremonia\/#primaryimage\"},\"thumbnailUrl\":\"https:\/\/dev.explora.cl\/nuble\/wp-content\/uploads\/sites\/10\/2024\/09\/9.jpg\",\"datePublished\":\"2024-09-06T15:59:52+00:00\",\"author\":{\"@id\":\"https:\/\/dev.explora.cl\/nuble\/#\/schema\/person\/f611679f39b55ae7cdea76bc915b056e\"},\"breadcrumb\":{\"@id\":\"https:\/\/dev.explora.cl\/nuble\/campamento-explora-va-culmino-con-emotiva-ceremonia\/#breadcrumb\"},\"inLanguage\":\"es-CL\",\"potentialAction\":[{\"@type\":\"ReadAction\",\"target\":[\"https:\/\/dev.explora.cl\/nuble\/campamento-explora-va-culmino-con-emotiva-ceremonia\/\"]}]},{\"@type\":\"ImageObject\",\"inLanguage\":\"es-CL\",\"@id\":\"https:\/\/dev.explora.cl\/nuble\/campamento-explora-va-culmino-con-emotiva-ceremonia\/#primaryimage\",\"url\":\"https:\/\/dev.explora.cl\/nuble\/wp-content\/uploads\/sites\/10\/2024\/09\/9.jpg\",\"contentUrl\":\"https:\/\/dev.explora.cl\/nuble\/wp-content\/uploads\/sites\/10\/2024\/09\/9.jpg\",\"width\":4000,\"height\":3000},{\"@type\":\"BreadcrumbList\",\"@id\":\"https:\/\/dev.explora.cl\/nuble\/campamento-explora-va-culmino-con-emotiva-ceremonia\/#breadcrumb\",\"itemListElement\":[{\"@type\":\"ListItem\",\"position\":1,\"name\":\"Portada\",\"item\":\"https:\/\/dev.explora.cl\/nuble\/\"},{\"@type\":\"ListItem\",\"position\":2,\"name\":\"Campamento Explora Va! culmin\u00f3 con emotiva ceremonia\"}]},{\"@type\":\"WebSite\",\"@id\":\"https:\/\/dev.explora.cl\/nuble\/#website\",\"url\":\"https:\/\/dev.explora.cl\/nuble\/\",\"name\":\"\u00d1uble\",\"description\":\"Otro sitio m\u00e1s de dev.explora.cl\",\"potentialAction\":[{\"@type\":\"SearchAction\",\"target\":{\"@type\":\"EntryPoint\",\"urlTemplate\":\"https:\/\/dev.explora.cl\/nuble\/?s={search_term_string}\"},\"query-input\":{\"@type\":\"PropertyValueSpecification\",\"valueRequired\":true,\"valueName\":\"search_term_string\"}}],\"inLanguage\":\"es-CL\"},{\"@type\":\"Person\",\"@id\":\"https:\/\/dev.explora.cl\/nuble\/#\/schema\/person\/f611679f39b55ae7cdea76bc915b056e\",\"name\":\"cbeltran\",\"image\":{\"@type\":\"ImageObject\",\"inLanguage\":\"es-CL\",\"@id\":\"https:\/\/dev.explora.cl\/nuble\/#\/schema\/person\/image\/\",\"url\":\"https:\/\/secure.gravatar.com\/avatar\/fde624b0b0faed85e420465a1cdb73a02c199b16b1d2d6bfe0a82b9ba438afbd?s=96&d=mm&r=g\",\"contentUrl\":\"https:\/\/secure.gravatar.com\/avatar\/fde624b0b0faed85e420465a1cdb73a02c199b16b1d2d6bfe0a82b9ba438afbd?s=96&d=mm&r=g\",\"caption\":\"cbeltran\"},\"url\":\"https:\/\/dev.explora.cl\/nuble\/author\/cbeltran\/\"}]}<\/script>\n<!-- \/ Yoast SEO plugin. -->","yoast_head_json":{"title":"Campamento Explora Va! culmin\u00f3 con emotiva ceremonia - \u00d1uble","robots":{"index":"index","follow":"follow","max-snippet":"max-snippet:-1","max-image-preview":"max-image-preview:large","max-video-preview":"max-video-preview:-1"},"canonical":"https:\/\/dev.explora.cl\/nuble\/campamento-explora-va-culmino-con-emotiva-ceremonia\/","og_locale":"es_ES","og_type":"article","og_title":"Campamento Explora Va! culmin\u00f3 con emotiva ceremonia - \u00d1uble","og_description":"En el marco de la iniciativa formativa\u00a0 Campamento Explora Va! se realiz\u00f3 una emotiva ceremonia de cierre en la ma\u00f1ana del 5 de septiembre,\u00a0 en el auditorio Jos\u00e9 Su\u00e1rez Fanjul del Campus Chill\u00e1n de la Universidad de Concepci\u00f3n. La actividad reuni\u00f3 a docentes de toda la regi\u00f3n, quienes se capacitaron en competencias Explora, fortaleciendo su [&hellip;]","og_url":"https:\/\/dev.explora.cl\/nuble\/campamento-explora-va-culmino-con-emotiva-ceremonia\/","og_site_name":"\u00d1uble","article_published_time":"2024-09-06T15:59:52+00:00","og_image":[{"width":1024,"height":768,"url":"https:\/\/dev.explora.cl\/nuble\/wp-content\/uploads\/sites\/10\/2024\/09\/9-1024x768.jpg","type":"image\/jpeg"}],"author":"cbeltran","twitter_card":"summary_large_image","twitter_misc":{"Escrito por":"cbeltran","Tiempo estimado de lectura":"3 minutos"},"schema":{"@context":"https:\/\/schema.org","@graph":[{"@type":"Article","@id":"https:\/\/dev.explora.cl\/nuble\/campamento-explora-va-culmino-con-emotiva-ceremonia\/#article","isPartOf":{"@id":"https:\/\/dev.explora.cl\/nuble\/campamento-explora-va-culmino-con-emotiva-ceremonia\/"},"author":{"name":"cbeltran","@id":"https:\/\/dev.explora.cl\/nuble\/#\/schema\/person\/f611679f39b55ae7cdea76bc915b056e"},"headline":"Campamento Explora Va! culmin\u00f3 con emotiva ceremonia","datePublished":"2024-09-06T15:59:52+00:00","mainEntityOfPage":{"@id":"https:\/\/dev.explora.cl\/nuble\/campamento-explora-va-culmino-con-emotiva-ceremonia\/"},"wordCount":509,"commentCount":0,"image":{"@id":"https:\/\/dev.explora.cl\/nuble\/campamento-explora-va-culmino-con-emotiva-ceremonia\/#primaryimage"},"thumbnailUrl":"https:\/\/dev.explora.cl\/nuble\/wp-content\/uploads\/sites\/10\/2024\/09\/9.jpg","articleSection":["Lugar 3"],"inLanguage":"es-CL","potentialAction":[{"@type":"CommentAction","name":"Comment","target":["https:\/\/dev.explora.cl\/nuble\/campamento-explora-va-culmino-con-emotiva-ceremonia\/#respond"]}]},{"@type":"WebPage","@id":"https:\/\/dev.explora.cl\/nuble\/campamento-explora-va-culmino-con-emotiva-ceremonia\/","url":"https:\/\/dev.explora.cl\/nuble\/campamento-explora-va-culmino-con-emotiva-ceremonia\/","name":"Campamento Explora Va! culmin\u00f3 con emotiva ceremonia - \u00d1uble","isPartOf":{"@id":"https:\/\/dev.explora.cl\/nuble\/#website"},"primaryImageOfPage":{"@id":"https:\/\/dev.explora.cl\/nuble\/campamento-explora-va-culmino-con-emotiva-ceremonia\/#primaryimage"},"image":{"@id":"https:\/\/dev.explora.cl\/nuble\/campamento-explora-va-culmino-con-emotiva-ceremonia\/#primaryimage"},"thumbnailUrl":"https:\/\/dev.explora.cl\/nuble\/wp-content\/uploads\/sites\/10\/2024\/09\/9.jpg","datePublished":"2024-09-06T15:59:52+00:00","author":{"@id":"https:\/\/dev.explora.cl\/nuble\/#\/schema\/person\/f611679f39b55ae7cdea76bc915b056e"},"breadcrumb":{"@id":"https:\/\/dev.explora.cl\/nuble\/campamento-explora-va-culmino-con-emotiva-ceremonia\/#breadcrumb"},"inLanguage":"es-CL","potentialAction":[{"@type":"ReadAction","target":["https:\/\/dev.explora.cl\/nuble\/campamento-explora-va-culmino-con-emotiva-ceremonia\/"]}]},{"@type":"ImageObject","inLanguage":"es-CL","@id":"https:\/\/dev.explora.cl\/nuble\/campamento-explora-va-culmino-con-emotiva-ceremonia\/#primaryimage","url":"https:\/\/dev.explora.cl\/nuble\/wp-content\/uploads\/sites\/10\/2024\/09\/9.jpg","contentUrl":"https:\/\/dev.explora.cl\/nuble\/wp-content\/uploads\/sites\/10\/2024\/09\/9.jpg","width":4000,"height":3000},{"@type":"BreadcrumbList","@id":"https:\/\/dev.explora.cl\/nuble\/campamento-explora-va-culmino-con-emotiva-ceremonia\/#breadcrumb","itemListElement":[{"@type":"ListItem","position":1,"name":"Portada","item":"https:\/\/dev.explora.cl\/nuble\/"},{"@type":"ListItem","position":2,"name":"Campamento Explora Va! culmin\u00f3 con emotiva ceremonia"}]},{"@type":"WebSite","@id":"https:\/\/dev.explora.cl\/nuble\/#website","url":"https:\/\/dev.explora.cl\/nuble\/","name":"\u00d1uble","description":"Otro sitio m\u00e1s de dev.explora.cl","potentialAction":[{"@type":"SearchAction","target":{"@type":"EntryPoint","urlTemplate":"https:\/\/dev.explora.cl\/nuble\/?s={search_term_string}"},"query-input":{"@type":"PropertyValueSpecification","valueRequired":true,"valueName":"search_term_string"}}],"inLanguage":"es-CL"},{"@type":"Person","@id":"https:\/\/dev.explora.cl\/nuble\/#\/schema\/person\/f611679f39b55ae7cdea76bc915b056e","name":"cbeltran","image":{"@type":"ImageObject","inLanguage":"es-CL","@id":"https:\/\/dev.explora.cl\/nuble\/#\/schema\/person\/image\/","url":"https:\/\/secure.gravatar.com\/avatar\/fde624b0b0faed85e420465a1cdb73a02c199b16b1d2d6bfe0a82b9ba438afbd?s=96&d=mm&r=g","contentUrl":"https:\/\/secure.gravatar.com\/avatar\/fde624b0b0faed85e420465a1cdb73a02c199b16b1d2d6bfe0a82b9ba438afbd?s=96&d=mm&r=g","caption":"cbeltran"},"url":"https:\/\/dev.explora.cl\/nuble\/author\/cbeltran\/"}]}},"_links":{"self":[{"href":"https:\/\/dev.explora.cl\/nuble\/wp-json\/wp\/v2\/posts\/37223","targetHints":{"allow":["GET"]}}],"collection":[{"href":"https:\/\/dev.explora.cl\/nuble\/wp-json\/wp\/v2\/posts"}],"about":[{"href":"https:\/\/dev.explora.cl\/nuble\/wp-json\/wp\/v2\/types\/post"}],"author":[{"embeddable":true,"href":"https:\/\/dev.explora.cl\/nuble\/wp-json\/wp\/v2\/users\/25"}],"replies":[{"embeddable":true,"href":"https:\/\/dev.explora.cl\/nuble\/wp-json\/wp\/v2\/comments?post=37223"}],"version-history":[{"count":2,"href":"https:\/\/dev.explora.cl\/nuble\/wp-json\/wp\/v2\/posts\/37223\/revisions"}],"predecessor-version":[{"id":37230,"href":"https:\/\/dev.explora.cl\/nuble\/wp-json\/wp\/v2\/posts\/37223\/revisions\/37230"}],"wp:featuredmedia":[{"embeddable":true,"href":"https:\/\/dev.explora.cl\/nuble\/wp-json\/wp\/v2\/media\/37224"}],"wp:attachment":[{"href":"https:\/\/dev.explora.cl\/nuble\/wp-json\/wp\/v2\/media?parent=37223"}],"wp:term":[{"taxonomy":"category","embeddable":true,"href":"https:\/\/dev.explora.cl\/nuble\/wp-json\/wp\/v2\/categories?post=37223"},{"taxonomy":"post_tag","embeddable":true,"href":"https:\/\/dev.explora.cl\/nuble\/wp-json\/wp\/v2\/tags?post=37223"}],"curies":[{"name":"wp","href":"https:\/\/api.w.org\/{rel}","templated":true}]}}