{"id":37216,"date":"2024-09-06T11:13:48","date_gmt":"2024-09-06T15:13:48","guid":{"rendered":"https:\/\/dev.explora.cl\/nuble\/?p=37216"},"modified":"2024-09-06T11:13:48","modified_gmt":"2024-09-06T15:13:48","slug":"inspiradora-charla-de-barbarita-lara-ante-estudiantes-de-nuble","status":"publish","type":"post","link":"https:\/\/dev.explora.cl\/nuble\/inspiradora-charla-de-barbarita-lara-ante-estudiantes-de-nuble\/","title":{"rendered":"Inspiradora charla de Barbarita Lara ante estudiantes de \u00d1uble"},"content":{"rendered":"<p><strong>La reconocida ingeniera e inventora se dirigi\u00f3 a j\u00f3venes de la regi\u00f3n para motivarlos a aprovechar sus talentos, innovar y emprender de la mano de la ciencia y la tecnolog\u00eda. La actividad fue organizada por el FIC-R Distrito de Innovaci\u00f3n de \u00d1uble, iniciativa financiado por el Gobierno Regional de \u00d1uble, y se realiz\u00f3 de manera conjunta con PAR Explora \u00d1uble.<\/strong><\/p>\n<p>\u201cHack yourself: rompiendo tus propias barreras&#8221; es el nombre de la motivadora charla que ofreci\u00f3 Barbarita Lara Mart\u00ednez ante 150 estudiantes de educaci\u00f3n media y profesores de las distintas comunas de \u00d1uble, el pasado mi\u00e9rcoles, en el auditorio del Instituto Profesional Virginio G\u00f3mez sede Chill\u00e1n. Por cerca de una hora, la expositora -quien fue recientemente reconocida por la prestigiosa revista Forbes entre las 50 mujeres m\u00e1s poderosas de Chile-, relat\u00f3 su experiencia e inst\u00f3 a \u201chackearse a s\u00ed mismos\u201d, a ver las crisis como oportunidad y a asumir la vida como su mejor emprendimiento, a la vez que motiv\u00f3 a las mujeres a seguir carreras de las \u00e1reas STEM (ciencia, tecnolog\u00eda, ingenier\u00eda y matem\u00e1ticas), todo esto en un lenguaje cercano y matizado con humor, lo que las y los asistentes agradecieron con prolongados aplausos.<\/p>\n<p>La charla buscaba motivar a las y los j\u00f3venes para que se atrevan a descubrir, potenciarse, emprender, innovar y generar soluciones a problem\u00e1ticas comunes.\u00a0\u201cEstoy muy contenta de estar aqu\u00ed porque siempre nos juntamos a elegir premios de innovaci\u00f3n en la capital de Chile, pero hablamos de que debemos estar en regiones. Es necesario hacerlo, porque el talento est\u00e1 distribuido en todos lados, pero, lamentablemente, las oportunidades no. Y aqu\u00ed hay mucho talento y harto que hacer como regi\u00f3n, y con el uso de la tecnolog\u00eda perfectamente lo podemos hacer\u201d, expres\u00f3 Barbarita Lara, quien, entre otros reconocimientos, ostenta el de ser la primera chilena en estar en la lista mundial de innovadores menores de 35 a\u00f1os del MIT\u00a0tras idear un sistema que permite enviar mensajes de emergencias a la poblaci\u00f3n afectada por un desastre natural incluso cuando no hay internet o redes m\u00f3viles.<\/p>\n<p><strong>Proyectos\u00a0destacados<\/strong><\/p>\n<p><a href=\"https:\/\/dev.explora.cl\/nuble\/wp-content\/uploads\/sites\/10\/2024\/09\/4.jpg\"><img loading=\"lazy\" decoding=\"async\" class=\"alignleft size-thumbnail wp-image-37220\" src=\"https:\/\/dev.explora.cl\/nuble\/wp-content\/uploads\/sites\/10\/2024\/09\/4-150x150.jpg\" alt=\"\" width=\"150\" height=\"150\" srcset=\"https:\/\/dev.explora.cl\/nuble\/wp-content\/uploads\/sites\/10\/2024\/09\/4-150x150.jpg 150w, https:\/\/dev.explora.cl\/nuble\/wp-content\/uploads\/sites\/10\/2024\/09\/4-300x300.jpg 300w, https:\/\/dev.explora.cl\/nuble\/wp-content\/uploads\/sites\/10\/2024\/09\/4-60x60.jpg 60w\" sizes=\"auto, (max-width: 150px) 100vw, 150px\" \/><\/a><a href=\"https:\/\/dev.explora.cl\/nuble\/wp-content\/uploads\/sites\/10\/2024\/09\/3.jpg\"><img loading=\"lazy\" decoding=\"async\" class=\"alignleft size-thumbnail wp-image-37219\" src=\"https:\/\/dev.explora.cl\/nuble\/wp-content\/uploads\/sites\/10\/2024\/09\/3-150x150.jpg\" alt=\"\" width=\"150\" height=\"150\" srcset=\"https:\/\/dev.explora.cl\/nuble\/wp-content\/uploads\/sites\/10\/2024\/09\/3-150x150.jpg 150w, https:\/\/dev.explora.cl\/nuble\/wp-content\/uploads\/sites\/10\/2024\/09\/3-300x300.jpg 300w, https:\/\/dev.explora.cl\/nuble\/wp-content\/uploads\/sites\/10\/2024\/09\/3-60x60.jpg 60w\" sizes=\"auto, (max-width: 150px) 100vw, 150px\" \/><\/a><\/p>\n<p>&nbsp;<\/p>\n<p>&nbsp;<\/p>\n<p>&nbsp;<\/p>\n<p>&nbsp;<\/p>\n<p>&nbsp;<\/p>\n<p>Durante la jornada hubo espacio para que equipos de los colegios Adventista de Chill\u00e1n y Concepci\u00f3n de San Carlos mostraran los proyectos de innovaci\u00f3n en los que est\u00e1n trabajando como parte de la comunidad del Par Explora \u00d1uble. Su directora, la Dra. In\u00e9s Figueroa Cares, destac\u00f3 el inter\u00e9s y la alta convocatoria: \u00a0\u201cPoder ver e interactuar con una referente en las ciencias y las tecnolog\u00edas es un aliciente para seguir en lo que est\u00e1n\u201d, expres\u00f3. Por su parte, el Seremi de Ciencia, Tecnolog\u00eda, Conocimiento e Innovaci\u00f3n de la macrozona Centro Sur, Gustavo N\u00fa\u00f1ez Acu\u00f1a, resalt\u00f3 que la actividad estuviera orientada a educar a las nuevas generaciones para poder formar futuros cient\u00edficos y cient\u00edficas en la regi\u00f3n. \u201c\u00d1uble tiene que avanzar a pasos acelerados respecto de tem\u00e1ticas de ciencia, fortalecimiento del ecosistema cient\u00edfico-tecnol\u00f3gico de conocimiento e innovaci\u00f3n y a la vez tambi\u00e9n formar nuevos emprendedores y emprendedoras con vocaci\u00f3n en ciencia y tecnolog\u00eda\u201d, concluy\u00f3.<\/p>\n<p>&nbsp;<\/p>\n","protected":false},"excerpt":{"rendered":"<p>La reconocida ingeniera e inventora se dirigi\u00f3 a j\u00f3venes de la regi\u00f3n para motivarlos a aprovechar sus talentos, innovar y emprender de la mano de la ciencia y la tecnolog\u00eda. La actividad fue organizada por el FIC-R Distrito de Innovaci\u00f3n de \u00d1uble, iniciativa financiado por el Gobierno Regional de \u00d1uble, y se realiz\u00f3 de manera [&hellip;]<\/p>\n","protected":false},"author":25,"featured_media":37217,"comment_status":"open","ping_status":"open","sticky":false,"template":"","format":"standard","meta":{"_acf_changed":false,"_exactmetrics_skip_tracking":false,"_exactmetrics_sitenote_active":false,"_exactmetrics_sitenote_note":"","_exactmetrics_sitenote_category":0,"footnotes":"","_links_to":"","_links_to_target":""},"categories":[137],"tags":[],"class_list":["post-37216","post","type-post","status-publish","format-standard","has-post-thumbnail","hentry","category-lugar-2"],"acf":[],"yoast_head":"<!-- This site is optimized with the Yoast SEO plugin v26.7 - https:\/\/yoast.com\/wordpress\/plugins\/seo\/ -->\n<title>Inspiradora charla de Barbarita Lara ante estudiantes de \u00d1uble - \u00d1uble<\/title>\n<meta name=\"robots\" content=\"index, follow, max-snippet:-1, max-image-preview:large, max-video-preview:-1\" \/>\n<link rel=\"canonical\" href=\"https:\/\/dev.explora.cl\/nuble\/inspiradora-charla-de-barbarita-lara-ante-estudiantes-de-nuble\/\" class=\"yoast-seo-meta-tag\" \/>\n<meta property=\"og:locale\" content=\"es_ES\" class=\"yoast-seo-meta-tag\" \/>\n<meta property=\"og:type\" content=\"article\" class=\"yoast-seo-meta-tag\" \/>\n<meta property=\"og:title\" content=\"Inspiradora charla de Barbarita Lara ante estudiantes de \u00d1uble - \u00d1uble\" class=\"yoast-seo-meta-tag\" \/>\n<meta property=\"og:description\" content=\"La reconocida ingeniera e inventora se dirigi\u00f3 a j\u00f3venes de la regi\u00f3n para motivarlos a aprovechar sus talentos, innovar y emprender de la mano de la ciencia y la tecnolog\u00eda. La actividad fue organizada por el FIC-R Distrito de Innovaci\u00f3n de \u00d1uble, iniciativa financiado por el Gobierno Regional de \u00d1uble, y se realiz\u00f3 de manera [&hellip;]\" class=\"yoast-seo-meta-tag\" \/>\n<meta property=\"og:url\" content=\"https:\/\/dev.explora.cl\/nuble\/inspiradora-charla-de-barbarita-lara-ante-estudiantes-de-nuble\/\" class=\"yoast-seo-meta-tag\" \/>\n<meta property=\"og:site_name\" content=\"\u00d1uble\" class=\"yoast-seo-meta-tag\" \/>\n<meta property=\"article:published_time\" content=\"2024-09-06T15:13:48+00:00\" class=\"yoast-seo-meta-tag\" \/>\n<meta property=\"og:image\" content=\"https:\/\/dev.explora.cl\/nuble\/wp-content\/uploads\/sites\/10\/2024\/09\/10-1024x768.jpg\" class=\"yoast-seo-meta-tag\" \/>\n\t<meta property=\"og:image:width\" content=\"1024\" class=\"yoast-seo-meta-tag\" \/>\n\t<meta property=\"og:image:height\" content=\"768\" class=\"yoast-seo-meta-tag\" \/>\n\t<meta property=\"og:image:type\" content=\"image\/jpeg\" class=\"yoast-seo-meta-tag\" \/>\n<meta name=\"author\" content=\"cbeltran\" class=\"yoast-seo-meta-tag\" \/>\n<meta name=\"twitter:card\" content=\"summary_large_image\" class=\"yoast-seo-meta-tag\" \/>\n<meta name=\"twitter:label1\" content=\"Escrito por\" class=\"yoast-seo-meta-tag\" \/>\n\t<meta name=\"twitter:data1\" content=\"cbeltran\" class=\"yoast-seo-meta-tag\" \/>\n\t<meta name=\"twitter:label2\" content=\"Tiempo estimado de lectura\" class=\"yoast-seo-meta-tag\" \/>\n\t<meta name=\"twitter:data2\" content=\"3 minutos\" class=\"yoast-seo-meta-tag\" \/>\n<script type=\"application\/ld+json\" class=\"yoast-schema-graph\">{\"@context\":\"https:\/\/schema.org\",\"@graph\":[{\"@type\":\"Article\",\"@id\":\"https:\/\/dev.explora.cl\/nuble\/inspiradora-charla-de-barbarita-lara-ante-estudiantes-de-nuble\/#article\",\"isPartOf\":{\"@id\":\"https:\/\/dev.explora.cl\/nuble\/inspiradora-charla-de-barbarita-lara-ante-estudiantes-de-nuble\/\"},\"author\":{\"name\":\"cbeltran\",\"@id\":\"https:\/\/dev.explora.cl\/nuble\/#\/schema\/person\/f611679f39b55ae7cdea76bc915b056e\"},\"headline\":\"Inspiradora charla de Barbarita Lara ante estudiantes de \u00d1uble\",\"datePublished\":\"2024-09-06T15:13:48+00:00\",\"mainEntityOfPage\":{\"@id\":\"https:\/\/dev.explora.cl\/nuble\/inspiradora-charla-de-barbarita-lara-ante-estudiantes-de-nuble\/\"},\"wordCount\":548,\"commentCount\":0,\"image\":{\"@id\":\"https:\/\/dev.explora.cl\/nuble\/inspiradora-charla-de-barbarita-lara-ante-estudiantes-de-nuble\/#primaryimage\"},\"thumbnailUrl\":\"https:\/\/dev.explora.cl\/nuble\/wp-content\/uploads\/sites\/10\/2024\/09\/10.jpg\",\"articleSection\":[\"Lugar 2\"],\"inLanguage\":\"es-CL\",\"potentialAction\":[{\"@type\":\"CommentAction\",\"name\":\"Comment\",\"target\":[\"https:\/\/dev.explora.cl\/nuble\/inspiradora-charla-de-barbarita-lara-ante-estudiantes-de-nuble\/#respond\"]}]},{\"@type\":\"WebPage\",\"@id\":\"https:\/\/dev.explora.cl\/nuble\/inspiradora-charla-de-barbarita-lara-ante-estudiantes-de-nuble\/\",\"url\":\"https:\/\/dev.explora.cl\/nuble\/inspiradora-charla-de-barbarita-lara-ante-estudiantes-de-nuble\/\",\"name\":\"Inspiradora charla de Barbarita Lara ante estudiantes de \u00d1uble - \u00d1uble\",\"isPartOf\":{\"@id\":\"https:\/\/dev.explora.cl\/nuble\/#website\"},\"primaryImageOfPage\":{\"@id\":\"https:\/\/dev.explora.cl\/nuble\/inspiradora-charla-de-barbarita-lara-ante-estudiantes-de-nuble\/#primaryimage\"},\"image\":{\"@id\":\"https:\/\/dev.explora.cl\/nuble\/inspiradora-charla-de-barbarita-lara-ante-estudiantes-de-nuble\/#primaryimage\"},\"thumbnailUrl\":\"https:\/\/dev.explora.cl\/nuble\/wp-content\/uploads\/sites\/10\/2024\/09\/10.jpg\",\"datePublished\":\"2024-09-06T15:13:48+00:00\",\"author\":{\"@id\":\"https:\/\/dev.explora.cl\/nuble\/#\/schema\/person\/f611679f39b55ae7cdea76bc915b056e\"},\"breadcrumb\":{\"@id\":\"https:\/\/dev.explora.cl\/nuble\/inspiradora-charla-de-barbarita-lara-ante-estudiantes-de-nuble\/#breadcrumb\"},\"inLanguage\":\"es-CL\",\"potentialAction\":[{\"@type\":\"ReadAction\",\"target\":[\"https:\/\/dev.explora.cl\/nuble\/inspiradora-charla-de-barbarita-lara-ante-estudiantes-de-nuble\/\"]}]},{\"@type\":\"ImageObject\",\"inLanguage\":\"es-CL\",\"@id\":\"https:\/\/dev.explora.cl\/nuble\/inspiradora-charla-de-barbarita-lara-ante-estudiantes-de-nuble\/#primaryimage\",\"url\":\"https:\/\/dev.explora.cl\/nuble\/wp-content\/uploads\/sites\/10\/2024\/09\/10.jpg\",\"contentUrl\":\"https:\/\/dev.explora.cl\/nuble\/wp-content\/uploads\/sites\/10\/2024\/09\/10.jpg\",\"width\":4000,\"height\":3000},{\"@type\":\"BreadcrumbList\",\"@id\":\"https:\/\/dev.explora.cl\/nuble\/inspiradora-charla-de-barbarita-lara-ante-estudiantes-de-nuble\/#breadcrumb\",\"itemListElement\":[{\"@type\":\"ListItem\",\"position\":1,\"name\":\"Portada\",\"item\":\"https:\/\/dev.explora.cl\/nuble\/\"},{\"@type\":\"ListItem\",\"position\":2,\"name\":\"Inspiradora charla de Barbarita Lara ante estudiantes de \u00d1uble\"}]},{\"@type\":\"WebSite\",\"@id\":\"https:\/\/dev.explora.cl\/nuble\/#website\",\"url\":\"https:\/\/dev.explora.cl\/nuble\/\",\"name\":\"\u00d1uble\",\"description\":\"Otro sitio m\u00e1s de dev.explora.cl\",\"potentialAction\":[{\"@type\":\"SearchAction\",\"target\":{\"@type\":\"EntryPoint\",\"urlTemplate\":\"https:\/\/dev.explora.cl\/nuble\/?s={search_term_string}\"},\"query-input\":{\"@type\":\"PropertyValueSpecification\",\"valueRequired\":true,\"valueName\":\"search_term_string\"}}],\"inLanguage\":\"es-CL\"},{\"@type\":\"Person\",\"@id\":\"https:\/\/dev.explora.cl\/nuble\/#\/schema\/person\/f611679f39b55ae7cdea76bc915b056e\",\"name\":\"cbeltran\",\"image\":{\"@type\":\"ImageObject\",\"inLanguage\":\"es-CL\",\"@id\":\"https:\/\/dev.explora.cl\/nuble\/#\/schema\/person\/image\/\",\"url\":\"https:\/\/secure.gravatar.com\/avatar\/fde624b0b0faed85e420465a1cdb73a02c199b16b1d2d6bfe0a82b9ba438afbd?s=96&d=mm&r=g\",\"contentUrl\":\"https:\/\/secure.gravatar.com\/avatar\/fde624b0b0faed85e420465a1cdb73a02c199b16b1d2d6bfe0a82b9ba438afbd?s=96&d=mm&r=g\",\"caption\":\"cbeltran\"},\"url\":\"https:\/\/dev.explora.cl\/nuble\/author\/cbeltran\/\"}]}<\/script>\n<!-- \/ Yoast SEO plugin. -->","yoast_head_json":{"title":"Inspiradora charla de Barbarita Lara ante estudiantes de \u00d1uble - \u00d1uble","robots":{"index":"index","follow":"follow","max-snippet":"max-snippet:-1","max-image-preview":"max-image-preview:large","max-video-preview":"max-video-preview:-1"},"canonical":"https:\/\/dev.explora.cl\/nuble\/inspiradora-charla-de-barbarita-lara-ante-estudiantes-de-nuble\/","og_locale":"es_ES","og_type":"article","og_title":"Inspiradora charla de Barbarita Lara ante estudiantes de \u00d1uble - \u00d1uble","og_description":"La reconocida ingeniera e inventora se dirigi\u00f3 a j\u00f3venes de la regi\u00f3n para motivarlos a aprovechar sus talentos, innovar y emprender de la mano de la ciencia y la tecnolog\u00eda. La actividad fue organizada por el FIC-R Distrito de Innovaci\u00f3n de \u00d1uble, iniciativa financiado por el Gobierno Regional de \u00d1uble, y se realiz\u00f3 de manera [&hellip;]","og_url":"https:\/\/dev.explora.cl\/nuble\/inspiradora-charla-de-barbarita-lara-ante-estudiantes-de-nuble\/","og_site_name":"\u00d1uble","article_published_time":"2024-09-06T15:13:48+00:00","og_image":[{"width":1024,"height":768,"url":"https:\/\/dev.explora.cl\/nuble\/wp-content\/uploads\/sites\/10\/2024\/09\/10-1024x768.jpg","type":"image\/jpeg"}],"author":"cbeltran","twitter_card":"summary_large_image","twitter_misc":{"Escrito por":"cbeltran","Tiempo estimado de lectura":"3 minutos"},"schema":{"@context":"https:\/\/schema.org","@graph":[{"@type":"Article","@id":"https:\/\/dev.explora.cl\/nuble\/inspiradora-charla-de-barbarita-lara-ante-estudiantes-de-nuble\/#article","isPartOf":{"@id":"https:\/\/dev.explora.cl\/nuble\/inspiradora-charla-de-barbarita-lara-ante-estudiantes-de-nuble\/"},"author":{"name":"cbeltran","@id":"https:\/\/dev.explora.cl\/nuble\/#\/schema\/person\/f611679f39b55ae7cdea76bc915b056e"},"headline":"Inspiradora charla de Barbarita Lara ante estudiantes de \u00d1uble","datePublished":"2024-09-06T15:13:48+00:00","mainEntityOfPage":{"@id":"https:\/\/dev.explora.cl\/nuble\/inspiradora-charla-de-barbarita-lara-ante-estudiantes-de-nuble\/"},"wordCount":548,"commentCount":0,"image":{"@id":"https:\/\/dev.explora.cl\/nuble\/inspiradora-charla-de-barbarita-lara-ante-estudiantes-de-nuble\/#primaryimage"},"thumbnailUrl":"https:\/\/dev.explora.cl\/nuble\/wp-content\/uploads\/sites\/10\/2024\/09\/10.jpg","articleSection":["Lugar 2"],"inLanguage":"es-CL","potentialAction":[{"@type":"CommentAction","name":"Comment","target":["https:\/\/dev.explora.cl\/nuble\/inspiradora-charla-de-barbarita-lara-ante-estudiantes-de-nuble\/#respond"]}]},{"@type":"WebPage","@id":"https:\/\/dev.explora.cl\/nuble\/inspiradora-charla-de-barbarita-lara-ante-estudiantes-de-nuble\/","url":"https:\/\/dev.explora.cl\/nuble\/inspiradora-charla-de-barbarita-lara-ante-estudiantes-de-nuble\/","name":"Inspiradora charla de Barbarita Lara ante estudiantes de \u00d1uble - \u00d1uble","isPartOf":{"@id":"https:\/\/dev.explora.cl\/nuble\/#website"},"primaryImageOfPage":{"@id":"https:\/\/dev.explora.cl\/nuble\/inspiradora-charla-de-barbarita-lara-ante-estudiantes-de-nuble\/#primaryimage"},"image":{"@id":"https:\/\/dev.explora.cl\/nuble\/inspiradora-charla-de-barbarita-lara-ante-estudiantes-de-nuble\/#primaryimage"},"thumbnailUrl":"https:\/\/dev.explora.cl\/nuble\/wp-content\/uploads\/sites\/10\/2024\/09\/10.jpg","datePublished":"2024-09-06T15:13:48+00:00","author":{"@id":"https:\/\/dev.explora.cl\/nuble\/#\/schema\/person\/f611679f39b55ae7cdea76bc915b056e"},"breadcrumb":{"@id":"https:\/\/dev.explora.cl\/nuble\/inspiradora-charla-de-barbarita-lara-ante-estudiantes-de-nuble\/#breadcrumb"},"inLanguage":"es-CL","potentialAction":[{"@type":"ReadAction","target":["https:\/\/dev.explora.cl\/nuble\/inspiradora-charla-de-barbarita-lara-ante-estudiantes-de-nuble\/"]}]},{"@type":"ImageObject","inLanguage":"es-CL","@id":"https:\/\/dev.explora.cl\/nuble\/inspiradora-charla-de-barbarita-lara-ante-estudiantes-de-nuble\/#primaryimage","url":"https:\/\/dev.explora.cl\/nuble\/wp-content\/uploads\/sites\/10\/2024\/09\/10.jpg","contentUrl":"https:\/\/dev.explora.cl\/nuble\/wp-content\/uploads\/sites\/10\/2024\/09\/10.jpg","width":4000,"height":3000},{"@type":"BreadcrumbList","@id":"https:\/\/dev.explora.cl\/nuble\/inspiradora-charla-de-barbarita-lara-ante-estudiantes-de-nuble\/#breadcrumb","itemListElement":[{"@type":"ListItem","position":1,"name":"Portada","item":"https:\/\/dev.explora.cl\/nuble\/"},{"@type":"ListItem","position":2,"name":"Inspiradora charla de Barbarita Lara ante estudiantes de \u00d1uble"}]},{"@type":"WebSite","@id":"https:\/\/dev.explora.cl\/nuble\/#website","url":"https:\/\/dev.explora.cl\/nuble\/","name":"\u00d1uble","description":"Otro sitio m\u00e1s de dev.explora.cl","potentialAction":[{"@type":"SearchAction","target":{"@type":"EntryPoint","urlTemplate":"https:\/\/dev.explora.cl\/nuble\/?s={search_term_string}"},"query-input":{"@type":"PropertyValueSpecification","valueRequired":true,"valueName":"search_term_string"}}],"inLanguage":"es-CL"},{"@type":"Person","@id":"https:\/\/dev.explora.cl\/nuble\/#\/schema\/person\/f611679f39b55ae7cdea76bc915b056e","name":"cbeltran","image":{"@type":"ImageObject","inLanguage":"es-CL","@id":"https:\/\/dev.explora.cl\/nuble\/#\/schema\/person\/image\/","url":"https:\/\/secure.gravatar.com\/avatar\/fde624b0b0faed85e420465a1cdb73a02c199b16b1d2d6bfe0a82b9ba438afbd?s=96&d=mm&r=g","contentUrl":"https:\/\/secure.gravatar.com\/avatar\/fde624b0b0faed85e420465a1cdb73a02c199b16b1d2d6bfe0a82b9ba438afbd?s=96&d=mm&r=g","caption":"cbeltran"},"url":"https:\/\/dev.explora.cl\/nuble\/author\/cbeltran\/"}]}},"_links":{"self":[{"href":"https:\/\/dev.explora.cl\/nuble\/wp-json\/wp\/v2\/posts\/37216","targetHints":{"allow":["GET"]}}],"collection":[{"href":"https:\/\/dev.explora.cl\/nuble\/wp-json\/wp\/v2\/posts"}],"about":[{"href":"https:\/\/dev.explora.cl\/nuble\/wp-json\/wp\/v2\/types\/post"}],"author":[{"embeddable":true,"href":"https:\/\/dev.explora.cl\/nuble\/wp-json\/wp\/v2\/users\/25"}],"replies":[{"embeddable":true,"href":"https:\/\/dev.explora.cl\/nuble\/wp-json\/wp\/v2\/comments?post=37216"}],"version-history":[{"count":2,"href":"https:\/\/dev.explora.cl\/nuble\/wp-json\/wp\/v2\/posts\/37216\/revisions"}],"predecessor-version":[{"id":37222,"href":"https:\/\/dev.explora.cl\/nuble\/wp-json\/wp\/v2\/posts\/37216\/revisions\/37222"}],"wp:featuredmedia":[{"embeddable":true,"href":"https:\/\/dev.explora.cl\/nuble\/wp-json\/wp\/v2\/media\/37217"}],"wp:attachment":[{"href":"https:\/\/dev.explora.cl\/nuble\/wp-json\/wp\/v2\/media?parent=37216"}],"wp:term":[{"taxonomy":"category","embeddable":true,"href":"https:\/\/dev.explora.cl\/nuble\/wp-json\/wp\/v2\/categories?post=37216"},{"taxonomy":"post_tag","embeddable":true,"href":"https:\/\/dev.explora.cl\/nuble\/wp-json\/wp\/v2\/tags?post=37216"}],"curies":[{"name":"wp","href":"https:\/\/api.w.org\/{rel}","templated":true}]}}