{"id":37154,"date":"2024-08-07T17:37:44","date_gmt":"2024-08-07T21:37:44","guid":{"rendered":"https:\/\/dev.explora.cl\/nuble\/?p=37154"},"modified":"2024-08-07T17:39:53","modified_gmt":"2024-08-07T21:39:53","slug":"seleccionados-socializacion-interregional-2024","status":"publish","type":"post","link":"https:\/\/dev.explora.cl\/nuble\/seleccionados-socializacion-interregional-2024\/","title":{"rendered":"SELECCIONADOS Socializaci\u00f3n Interregional 2024"},"content":{"rendered":"<h3 style=\"text-align: center\"><strong>Proyectos Seleccionados para Socializaci\u00f3n Interregional, Talca 29 y 30 de Agosto<\/strong><\/h3>\n<p>Nos complace felicitar a los equipos del IIE 2024 que han sido seleccionados para participar en el Congreso Nacional Explora de Investigaci\u00f3n e Innovaci\u00f3n Escolar, el cual se llevar\u00e1 a cabo los d\u00edas 29 y 30 de agosto en la Universidad de Talca. Este evento brindar\u00e1 una valiosa oportunidad para que los estudiantes compartan sus investigaciones y proyectos de innovaci\u00f3n con pares de las regiones de O&#8217;Higgins, Maule, Bio-b\u00edo y \u00d1uble.<\/p>\n<p>Queremos tambi\u00e9n expresar nuestro sincero agradecimiento a todos aquellos que dedicaron tiempo y esfuerzo para crear y enviar sus videos, aunque no hayan sido seleccionados en esta ocasi\u00f3n. Les animamos a no desanimarse, ya que siempre hay nuevas oportunidades para demostrar su talento y creatividad en futuras convocatorias.<\/p>\n<p>&nbsp;<\/p>\n<p><a href=\"https:\/\/dev.explora.cl\/nuble\/wp-content\/uploads\/sites\/10\/2024\/08\/Seleccionados_Mesa-de-trabajo-1.jpg\"><img loading=\"lazy\" decoding=\"async\" class=\"aligncenter wp-image-37158 size-large\" src=\"https:\/\/dev.explora.cl\/nuble\/wp-content\/uploads\/sites\/10\/2024\/08\/Seleccionados_Mesa-de-trabajo-1-791x1024.jpg\" alt=\"\" width=\"791\" height=\"1024\" srcset=\"https:\/\/dev.explora.cl\/nuble\/wp-content\/uploads\/sites\/10\/2024\/08\/Seleccionados_Mesa-de-trabajo-1-791x1024.jpg 791w, https:\/\/dev.explora.cl\/nuble\/wp-content\/uploads\/sites\/10\/2024\/08\/Seleccionados_Mesa-de-trabajo-1-232x300.jpg 232w, https:\/\/dev.explora.cl\/nuble\/wp-content\/uploads\/sites\/10\/2024\/08\/Seleccionados_Mesa-de-trabajo-1-768x994.jpg 768w, https:\/\/dev.explora.cl\/nuble\/wp-content\/uploads\/sites\/10\/2024\/08\/Seleccionados_Mesa-de-trabajo-1.jpg 1275w\" sizes=\"auto, (max-width: 791px) 100vw, 791px\" \/><\/a><\/p>\n<p>&nbsp;<\/p>\n<p><a href=\"https:\/\/dev.explora.cl\/nuble\/wp-content\/uploads\/sites\/10\/2024\/08\/Seleccionados-02.jpg\"><img loading=\"lazy\" decoding=\"async\" class=\"aligncenter wp-image-37157 size-large\" src=\"https:\/\/dev.explora.cl\/nuble\/wp-content\/uploads\/sites\/10\/2024\/08\/Seleccionados-02-791x1024.jpg\" alt=\"\" width=\"791\" height=\"1024\" srcset=\"https:\/\/dev.explora.cl\/nuble\/wp-content\/uploads\/sites\/10\/2024\/08\/Seleccionados-02-791x1024.jpg 791w, https:\/\/dev.explora.cl\/nuble\/wp-content\/uploads\/sites\/10\/2024\/08\/Seleccionados-02-232x300.jpg 232w, https:\/\/dev.explora.cl\/nuble\/wp-content\/uploads\/sites\/10\/2024\/08\/Seleccionados-02-768x994.jpg 768w, https:\/\/dev.explora.cl\/nuble\/wp-content\/uploads\/sites\/10\/2024\/08\/Seleccionados-02.jpg 1275w\" sizes=\"auto, (max-width: 791px) 100vw, 791px\" \/><\/a><\/p>\n","protected":false},"excerpt":{"rendered":"<p>Proyectos Seleccionados para Socializaci\u00f3n Interregional, Talca 29 y 30 de Agosto Nos complace felicitar a los equipos del IIE 2024 que han sido seleccionados para participar en el Congreso Nacional Explora de Investigaci\u00f3n e Innovaci\u00f3n Escolar, el cual se llevar\u00e1 a cabo los d\u00edas 29 y 30 de agosto en la Universidad de Talca. Este [&hellip;]<\/p>\n","protected":false},"author":25,"featured_media":37155,"comment_status":"open","ping_status":"open","sticky":false,"template":"","format":"standard","meta":{"_acf_changed":false,"_exactmetrics_skip_tracking":false,"_exactmetrics_sitenote_active":false,"_exactmetrics_sitenote_note":"","_exactmetrics_sitenote_category":0,"footnotes":"","_links_to":"","_links_to_target":""},"categories":[136,1],"tags":[234,235,309],"class_list":["post-37154","post","type-post","status-publish","format-standard","has-post-thumbnail","hentry","category-lugar-1","category-sin-categoria","tag-iie","tag-investigacionescolar","tag-congreso-explora"],"acf":[],"yoast_head":"<!-- This site is optimized with the Yoast SEO plugin v26.7 - https:\/\/yoast.com\/wordpress\/plugins\/seo\/ -->\n<title>SELECCIONADOS Socializaci\u00f3n Interregional 2024 - \u00d1uble<\/title>\n<meta name=\"robots\" content=\"index, follow, max-snippet:-1, max-image-preview:large, max-video-preview:-1\" \/>\n<link rel=\"canonical\" href=\"https:\/\/dev.explora.cl\/nuble\/seleccionados-socializacion-interregional-2024\/\" class=\"yoast-seo-meta-tag\" \/>\n<meta property=\"og:locale\" content=\"es_ES\" class=\"yoast-seo-meta-tag\" \/>\n<meta property=\"og:type\" content=\"article\" class=\"yoast-seo-meta-tag\" \/>\n<meta property=\"og:title\" content=\"SELECCIONADOS Socializaci\u00f3n Interregional 2024 - \u00d1uble\" class=\"yoast-seo-meta-tag\" \/>\n<meta property=\"og:description\" content=\"Proyectos Seleccionados para Socializaci\u00f3n Interregional, Talca 29 y 30 de Agosto Nos complace felicitar a los equipos del IIE 2024 que han sido seleccionados para participar en el Congreso Nacional Explora de Investigaci\u00f3n e Innovaci\u00f3n Escolar, el cual se llevar\u00e1 a cabo los d\u00edas 29 y 30 de agosto en la Universidad de Talca. Este [&hellip;]\" class=\"yoast-seo-meta-tag\" \/>\n<meta property=\"og:url\" content=\"https:\/\/dev.explora.cl\/nuble\/seleccionados-socializacion-interregional-2024\/\" class=\"yoast-seo-meta-tag\" \/>\n<meta property=\"og:site_name\" content=\"\u00d1uble\" class=\"yoast-seo-meta-tag\" \/>\n<meta property=\"article:published_time\" content=\"2024-08-07T21:37:44+00:00\" class=\"yoast-seo-meta-tag\" \/>\n<meta property=\"article:modified_time\" content=\"2024-08-07T21:39:53+00:00\" class=\"yoast-seo-meta-tag\" \/>\n<meta property=\"og:image\" content=\"https:\/\/dev.explora.cl\/nuble\/wp-content\/uploads\/sites\/10\/2024\/08\/WEB-02.jpg\" class=\"yoast-seo-meta-tag\" \/>\n\t<meta property=\"og:image:width\" content=\"3542\" class=\"yoast-seo-meta-tag\" \/>\n\t<meta property=\"og:image:height\" content=\"2333\" class=\"yoast-seo-meta-tag\" \/>\n\t<meta property=\"og:image:type\" content=\"image\/jpeg\" class=\"yoast-seo-meta-tag\" \/>\n<meta name=\"author\" content=\"cbeltran\" class=\"yoast-seo-meta-tag\" \/>\n<meta name=\"twitter:card\" content=\"summary_large_image\" class=\"yoast-seo-meta-tag\" \/>\n<meta name=\"twitter:label1\" content=\"Escrito por\" class=\"yoast-seo-meta-tag\" \/>\n\t<meta name=\"twitter:data1\" content=\"cbeltran\" class=\"yoast-seo-meta-tag\" \/>\n\t<meta name=\"twitter:label2\" content=\"Tiempo estimado de lectura\" class=\"yoast-seo-meta-tag\" \/>\n\t<meta name=\"twitter:data2\" content=\"1 minuto\" class=\"yoast-seo-meta-tag\" \/>\n<script type=\"application\/ld+json\" class=\"yoast-schema-graph\">{\"@context\":\"https:\/\/schema.org\",\"@graph\":[{\"@type\":\"Article\",\"@id\":\"https:\/\/dev.explora.cl\/nuble\/seleccionados-socializacion-interregional-2024\/#article\",\"isPartOf\":{\"@id\":\"https:\/\/dev.explora.cl\/nuble\/seleccionados-socializacion-interregional-2024\/\"},\"author\":{\"name\":\"cbeltran\",\"@id\":\"https:\/\/dev.explora.cl\/nuble\/#\/schema\/person\/f611679f39b55ae7cdea76bc915b056e\"},\"headline\":\"SELECCIONADOS Socializaci\u00f3n Interregional 2024\",\"datePublished\":\"2024-08-07T21:37:44+00:00\",\"dateModified\":\"2024-08-07T21:39:53+00:00\",\"mainEntityOfPage\":{\"@id\":\"https:\/\/dev.explora.cl\/nuble\/seleccionados-socializacion-interregional-2024\/\"},\"wordCount\":140,\"commentCount\":0,\"image\":{\"@id\":\"https:\/\/dev.explora.cl\/nuble\/seleccionados-socializacion-interregional-2024\/#primaryimage\"},\"thumbnailUrl\":\"https:\/\/dev.explora.cl\/nuble\/wp-content\/uploads\/sites\/10\/2024\/08\/WEB-02.jpg\",\"keywords\":[\"#IIE\",\"#Investigaci\u00f3nEscolar\",\"congreso explora\"],\"articleSection\":[\"Lugar 1\"],\"inLanguage\":\"es-CL\",\"potentialAction\":[{\"@type\":\"CommentAction\",\"name\":\"Comment\",\"target\":[\"https:\/\/dev.explora.cl\/nuble\/seleccionados-socializacion-interregional-2024\/#respond\"]}]},{\"@type\":\"WebPage\",\"@id\":\"https:\/\/dev.explora.cl\/nuble\/seleccionados-socializacion-interregional-2024\/\",\"url\":\"https:\/\/dev.explora.cl\/nuble\/seleccionados-socializacion-interregional-2024\/\",\"name\":\"SELECCIONADOS Socializaci\u00f3n Interregional 2024 - \u00d1uble\",\"isPartOf\":{\"@id\":\"https:\/\/dev.explora.cl\/nuble\/#website\"},\"primaryImageOfPage\":{\"@id\":\"https:\/\/dev.explora.cl\/nuble\/seleccionados-socializacion-interregional-2024\/#primaryimage\"},\"image\":{\"@id\":\"https:\/\/dev.explora.cl\/nuble\/seleccionados-socializacion-interregional-2024\/#primaryimage\"},\"thumbnailUrl\":\"https:\/\/dev.explora.cl\/nuble\/wp-content\/uploads\/sites\/10\/2024\/08\/WEB-02.jpg\",\"datePublished\":\"2024-08-07T21:37:44+00:00\",\"dateModified\":\"2024-08-07T21:39:53+00:00\",\"author\":{\"@id\":\"https:\/\/dev.explora.cl\/nuble\/#\/schema\/person\/f611679f39b55ae7cdea76bc915b056e\"},\"breadcrumb\":{\"@id\":\"https:\/\/dev.explora.cl\/nuble\/seleccionados-socializacion-interregional-2024\/#breadcrumb\"},\"inLanguage\":\"es-CL\",\"potentialAction\":[{\"@type\":\"ReadAction\",\"target\":[\"https:\/\/dev.explora.cl\/nuble\/seleccionados-socializacion-interregional-2024\/\"]}]},{\"@type\":\"ImageObject\",\"inLanguage\":\"es-CL\",\"@id\":\"https:\/\/dev.explora.cl\/nuble\/seleccionados-socializacion-interregional-2024\/#primaryimage\",\"url\":\"https:\/\/dev.explora.cl\/nuble\/wp-content\/uploads\/sites\/10\/2024\/08\/WEB-02.jpg\",\"contentUrl\":\"https:\/\/dev.explora.cl\/nuble\/wp-content\/uploads\/sites\/10\/2024\/08\/WEB-02.jpg\",\"width\":3542,\"height\":2333},{\"@type\":\"BreadcrumbList\",\"@id\":\"https:\/\/dev.explora.cl\/nuble\/seleccionados-socializacion-interregional-2024\/#breadcrumb\",\"itemListElement\":[{\"@type\":\"ListItem\",\"position\":1,\"name\":\"Portada\",\"item\":\"https:\/\/dev.explora.cl\/nuble\/\"},{\"@type\":\"ListItem\",\"position\":2,\"name\":\"SELECCIONADOS Socializaci\u00f3n Interregional 2024\"}]},{\"@type\":\"WebSite\",\"@id\":\"https:\/\/dev.explora.cl\/nuble\/#website\",\"url\":\"https:\/\/dev.explora.cl\/nuble\/\",\"name\":\"\u00d1uble\",\"description\":\"Otro sitio m\u00e1s de dev.explora.cl\",\"potentialAction\":[{\"@type\":\"SearchAction\",\"target\":{\"@type\":\"EntryPoint\",\"urlTemplate\":\"https:\/\/dev.explora.cl\/nuble\/?s={search_term_string}\"},\"query-input\":{\"@type\":\"PropertyValueSpecification\",\"valueRequired\":true,\"valueName\":\"search_term_string\"}}],\"inLanguage\":\"es-CL\"},{\"@type\":\"Person\",\"@id\":\"https:\/\/dev.explora.cl\/nuble\/#\/schema\/person\/f611679f39b55ae7cdea76bc915b056e\",\"name\":\"cbeltran\",\"image\":{\"@type\":\"ImageObject\",\"inLanguage\":\"es-CL\",\"@id\":\"https:\/\/dev.explora.cl\/nuble\/#\/schema\/person\/image\/\",\"url\":\"https:\/\/secure.gravatar.com\/avatar\/fde624b0b0faed85e420465a1cdb73a02c199b16b1d2d6bfe0a82b9ba438afbd?s=96&d=mm&r=g\",\"contentUrl\":\"https:\/\/secure.gravatar.com\/avatar\/fde624b0b0faed85e420465a1cdb73a02c199b16b1d2d6bfe0a82b9ba438afbd?s=96&d=mm&r=g\",\"caption\":\"cbeltran\"},\"url\":\"https:\/\/dev.explora.cl\/nuble\/author\/cbeltran\/\"}]}<\/script>\n<!-- \/ Yoast SEO plugin. -->","yoast_head_json":{"title":"SELECCIONADOS Socializaci\u00f3n Interregional 2024 - \u00d1uble","robots":{"index":"index","follow":"follow","max-snippet":"max-snippet:-1","max-image-preview":"max-image-preview:large","max-video-preview":"max-video-preview:-1"},"canonical":"https:\/\/dev.explora.cl\/nuble\/seleccionados-socializacion-interregional-2024\/","og_locale":"es_ES","og_type":"article","og_title":"SELECCIONADOS Socializaci\u00f3n Interregional 2024 - \u00d1uble","og_description":"Proyectos Seleccionados para Socializaci\u00f3n Interregional, Talca 29 y 30 de Agosto Nos complace felicitar a los equipos del IIE 2024 que han sido seleccionados para participar en el Congreso Nacional Explora de Investigaci\u00f3n e Innovaci\u00f3n Escolar, el cual se llevar\u00e1 a cabo los d\u00edas 29 y 30 de agosto en la Universidad de Talca. Este [&hellip;]","og_url":"https:\/\/dev.explora.cl\/nuble\/seleccionados-socializacion-interregional-2024\/","og_site_name":"\u00d1uble","article_published_time":"2024-08-07T21:37:44+00:00","article_modified_time":"2024-08-07T21:39:53+00:00","og_image":[{"width":3542,"height":2333,"url":"https:\/\/dev.explora.cl\/nuble\/wp-content\/uploads\/sites\/10\/2024\/08\/WEB-02.jpg","type":"image\/jpeg"}],"author":"cbeltran","twitter_card":"summary_large_image","twitter_misc":{"Escrito por":"cbeltran","Tiempo estimado de lectura":"1 minuto"},"schema":{"@context":"https:\/\/schema.org","@graph":[{"@type":"Article","@id":"https:\/\/dev.explora.cl\/nuble\/seleccionados-socializacion-interregional-2024\/#article","isPartOf":{"@id":"https:\/\/dev.explora.cl\/nuble\/seleccionados-socializacion-interregional-2024\/"},"author":{"name":"cbeltran","@id":"https:\/\/dev.explora.cl\/nuble\/#\/schema\/person\/f611679f39b55ae7cdea76bc915b056e"},"headline":"SELECCIONADOS Socializaci\u00f3n Interregional 2024","datePublished":"2024-08-07T21:37:44+00:00","dateModified":"2024-08-07T21:39:53+00:00","mainEntityOfPage":{"@id":"https:\/\/dev.explora.cl\/nuble\/seleccionados-socializacion-interregional-2024\/"},"wordCount":140,"commentCount":0,"image":{"@id":"https:\/\/dev.explora.cl\/nuble\/seleccionados-socializacion-interregional-2024\/#primaryimage"},"thumbnailUrl":"https:\/\/dev.explora.cl\/nuble\/wp-content\/uploads\/sites\/10\/2024\/08\/WEB-02.jpg","keywords":["#IIE","#Investigaci\u00f3nEscolar","congreso explora"],"articleSection":["Lugar 1"],"inLanguage":"es-CL","potentialAction":[{"@type":"CommentAction","name":"Comment","target":["https:\/\/dev.explora.cl\/nuble\/seleccionados-socializacion-interregional-2024\/#respond"]}]},{"@type":"WebPage","@id":"https:\/\/dev.explora.cl\/nuble\/seleccionados-socializacion-interregional-2024\/","url":"https:\/\/dev.explora.cl\/nuble\/seleccionados-socializacion-interregional-2024\/","name":"SELECCIONADOS Socializaci\u00f3n Interregional 2024 - \u00d1uble","isPartOf":{"@id":"https:\/\/dev.explora.cl\/nuble\/#website"},"primaryImageOfPage":{"@id":"https:\/\/dev.explora.cl\/nuble\/seleccionados-socializacion-interregional-2024\/#primaryimage"},"image":{"@id":"https:\/\/dev.explora.cl\/nuble\/seleccionados-socializacion-interregional-2024\/#primaryimage"},"thumbnailUrl":"https:\/\/dev.explora.cl\/nuble\/wp-content\/uploads\/sites\/10\/2024\/08\/WEB-02.jpg","datePublished":"2024-08-07T21:37:44+00:00","dateModified":"2024-08-07T21:39:53+00:00","author":{"@id":"https:\/\/dev.explora.cl\/nuble\/#\/schema\/person\/f611679f39b55ae7cdea76bc915b056e"},"breadcrumb":{"@id":"https:\/\/dev.explora.cl\/nuble\/seleccionados-socializacion-interregional-2024\/#breadcrumb"},"inLanguage":"es-CL","potentialAction":[{"@type":"ReadAction","target":["https:\/\/dev.explora.cl\/nuble\/seleccionados-socializacion-interregional-2024\/"]}]},{"@type":"ImageObject","inLanguage":"es-CL","@id":"https:\/\/dev.explora.cl\/nuble\/seleccionados-socializacion-interregional-2024\/#primaryimage","url":"https:\/\/dev.explora.cl\/nuble\/wp-content\/uploads\/sites\/10\/2024\/08\/WEB-02.jpg","contentUrl":"https:\/\/dev.explora.cl\/nuble\/wp-content\/uploads\/sites\/10\/2024\/08\/WEB-02.jpg","width":3542,"height":2333},{"@type":"BreadcrumbList","@id":"https:\/\/dev.explora.cl\/nuble\/seleccionados-socializacion-interregional-2024\/#breadcrumb","itemListElement":[{"@type":"ListItem","position":1,"name":"Portada","item":"https:\/\/dev.explora.cl\/nuble\/"},{"@type":"ListItem","position":2,"name":"SELECCIONADOS Socializaci\u00f3n Interregional 2024"}]},{"@type":"WebSite","@id":"https:\/\/dev.explora.cl\/nuble\/#website","url":"https:\/\/dev.explora.cl\/nuble\/","name":"\u00d1uble","description":"Otro sitio m\u00e1s de dev.explora.cl","potentialAction":[{"@type":"SearchAction","target":{"@type":"EntryPoint","urlTemplate":"https:\/\/dev.explora.cl\/nuble\/?s={search_term_string}"},"query-input":{"@type":"PropertyValueSpecification","valueRequired":true,"valueName":"search_term_string"}}],"inLanguage":"es-CL"},{"@type":"Person","@id":"https:\/\/dev.explora.cl\/nuble\/#\/schema\/person\/f611679f39b55ae7cdea76bc915b056e","name":"cbeltran","image":{"@type":"ImageObject","inLanguage":"es-CL","@id":"https:\/\/dev.explora.cl\/nuble\/#\/schema\/person\/image\/","url":"https:\/\/secure.gravatar.com\/avatar\/fde624b0b0faed85e420465a1cdb73a02c199b16b1d2d6bfe0a82b9ba438afbd?s=96&d=mm&r=g","contentUrl":"https:\/\/secure.gravatar.com\/avatar\/fde624b0b0faed85e420465a1cdb73a02c199b16b1d2d6bfe0a82b9ba438afbd?s=96&d=mm&r=g","caption":"cbeltran"},"url":"https:\/\/dev.explora.cl\/nuble\/author\/cbeltran\/"}]}},"_links":{"self":[{"href":"https:\/\/dev.explora.cl\/nuble\/wp-json\/wp\/v2\/posts\/37154","targetHints":{"allow":["GET"]}}],"collection":[{"href":"https:\/\/dev.explora.cl\/nuble\/wp-json\/wp\/v2\/posts"}],"about":[{"href":"https:\/\/dev.explora.cl\/nuble\/wp-json\/wp\/v2\/types\/post"}],"author":[{"embeddable":true,"href":"https:\/\/dev.explora.cl\/nuble\/wp-json\/wp\/v2\/users\/25"}],"replies":[{"embeddable":true,"href":"https:\/\/dev.explora.cl\/nuble\/wp-json\/wp\/v2\/comments?post=37154"}],"version-history":[{"count":2,"href":"https:\/\/dev.explora.cl\/nuble\/wp-json\/wp\/v2\/posts\/37154\/revisions"}],"predecessor-version":[{"id":37159,"href":"https:\/\/dev.explora.cl\/nuble\/wp-json\/wp\/v2\/posts\/37154\/revisions\/37159"}],"wp:featuredmedia":[{"embeddable":true,"href":"https:\/\/dev.explora.cl\/nuble\/wp-json\/wp\/v2\/media\/37155"}],"wp:attachment":[{"href":"https:\/\/dev.explora.cl\/nuble\/wp-json\/wp\/v2\/media?parent=37154"}],"wp:term":[{"taxonomy":"category","embeddable":true,"href":"https:\/\/dev.explora.cl\/nuble\/wp-json\/wp\/v2\/categories?post=37154"},{"taxonomy":"post_tag","embeddable":true,"href":"https:\/\/dev.explora.cl\/nuble\/wp-json\/wp\/v2\/tags?post=37154"}],"curies":[{"name":"wp","href":"https:\/\/api.w.org\/{rel}","templated":true}]}}