{"id":37117,"date":"2024-07-22T17:09:50","date_gmt":"2024-07-22T21:09:50","guid":{"rendered":"https:\/\/dev.explora.cl\/nuble\/?p=37117"},"modified":"2024-07-23T10:05:36","modified_gmt":"2024-07-23T14:05:36","slug":"inscripciones-charla-hack-yourself-con-barbarita-lara","status":"publish","type":"post","link":"https:\/\/dev.explora.cl\/nuble\/inscripciones-charla-hack-yourself-con-barbarita-lara\/","title":{"rendered":"Inscripciones Charla: &#8220;Hack Yourself&#8221; con Barbarita Lara"},"content":{"rendered":"<p>Extendemos una invitaci\u00f3n a los docentes de \u00d1uble a participar junto a sus estudiantes con inquietudes en\u00a0 la Innovaci\u00f3n a una actividad que busca potenciar este importante \u00e1mbito en los contextos escolares de la regi\u00f3n de \u00d1uble.<\/p>\n<p>Esta charla se realizar\u00e1 el 4 de septiembre de 2024, desde las 9.30horas hasta las 12.30 horas, en el Auditorio del Instituto Profesional Virginio G\u00f3mez, (Av. Vicente M\u00e9ndez 1240, Chill\u00e1n) y estar\u00e1 a cargo de la ingeniera e inventora Barbarita Lara, una de las referentes nacionales en esta l\u00ednea.<\/p>\n<p>La invitaci\u00f3n es dirigida a estudiantes de ense\u00f1anza media. Los docentes pueden inscribirse con un m\u00e1ximo de 10 estudiantes. No importa el tipo de establecimiento ni su ubicaci\u00f3n dentro de la regi\u00f3n de \u00d1uble.<\/p>\n<p>La charla es organizada por el FIC-R Distrito de Innovaci\u00f3n de \u00d1uble, proyecto financiado por el Gobierno Regional de \u00d1uble y ejecutado por la Universidad de Concepci\u00f3n Campus Chill\u00e1n, en colaboraci\u00f3n con Par Explora \u00d1uble, perteneciente al Ministerio de Ciencia, Tecnolog\u00eda, Conocimiento e Innovaci\u00f3n y a la Universidad de Concepci\u00f3n, Direcci\u00f3n Campus Chill\u00e1n.<\/p>\n<p>La entrada es liberada. \u00a1No se lo pierda!<\/p>\n<p>&nbsp;<\/p>\n<p>Formulario en L\u00ednea<\/p>\n<p><a href=\"https:\/\/forms.gle\/Jm2FHoVgL95WpxZX6\" target=\"_blank\" rel=\"noopener noreferrer\"><img loading=\"lazy\" decoding=\"async\" class=\"aligncenter wp-image-37060 size-medium\" src=\"https:\/\/dev.explora.cl\/nuble\/wp-content\/uploads\/sites\/10\/2024\/06\/Iconos-gu\u00eda-did\u00e1ctica-14-300x118.png\" alt=\"\" width=\"300\" height=\"118\" srcset=\"https:\/\/dev.explora.cl\/nuble\/wp-content\/uploads\/sites\/10\/2024\/06\/Iconos-gu\u00eda-did\u00e1ctica-14-300x118.png 300w, https:\/\/dev.explora.cl\/nuble\/wp-content\/uploads\/sites\/10\/2024\/06\/Iconos-gu\u00eda-did\u00e1ctica-14-768x302.png 768w, https:\/\/dev.explora.cl\/nuble\/wp-content\/uploads\/sites\/10\/2024\/06\/Iconos-gu\u00eda-did\u00e1ctica-14.png 904w\" sizes=\"auto, (max-width: 300px) 100vw, 300px\" \/><\/a><\/p>\n<p>&nbsp;<\/p>\n<h3 style=\"text-align: center\">Descubre, observa y aprende con #Explora\u00d1uble<\/h3>\n","protected":false},"excerpt":{"rendered":"<p>Extendemos una invitaci\u00f3n a los docentes de \u00d1uble a participar junto a sus estudiantes con inquietudes en\u00a0 la Innovaci\u00f3n a una actividad que busca potenciar este importante \u00e1mbito en los contextos escolares de la regi\u00f3n de \u00d1uble. Esta charla se realizar\u00e1 el 4 de septiembre de 2024, desde las 9.30horas hasta las 12.30 horas, en [&hellip;]<\/p>\n","protected":false},"author":25,"featured_media":37126,"comment_status":"open","ping_status":"open","sticky":false,"template":"","format":"standard","meta":{"_acf_changed":false,"_exactmetrics_skip_tracking":false,"_exactmetrics_sitenote_active":false,"_exactmetrics_sitenote_note":"","_exactmetrics_sitenote_category":0,"footnotes":"","_links_to":"","_links_to_target":""},"categories":[137,116,126],"tags":[],"class_list":["post-37117","post","type-post","status-publish","format-standard","has-post-thumbnail","hentry","category-lugar-2","category-para-comunidad-escolar","category-para-publico-general"],"acf":[],"yoast_head":"<!-- This site is optimized with the Yoast SEO plugin v26.7 - https:\/\/yoast.com\/wordpress\/plugins\/seo\/ -->\n<title>Inscripciones Charla: &quot;Hack Yourself&quot; con Barbarita Lara - \u00d1uble<\/title>\n<meta name=\"robots\" content=\"index, follow, max-snippet:-1, max-image-preview:large, max-video-preview:-1\" \/>\n<link rel=\"canonical\" href=\"https:\/\/dev.explora.cl\/nuble\/inscripciones-charla-hack-yourself-con-barbarita-lara\/\" class=\"yoast-seo-meta-tag\" \/>\n<meta property=\"og:locale\" content=\"es_ES\" class=\"yoast-seo-meta-tag\" \/>\n<meta property=\"og:type\" content=\"article\" class=\"yoast-seo-meta-tag\" \/>\n<meta property=\"og:title\" content=\"Inscripciones Charla: &quot;Hack Yourself&quot; con Barbarita Lara - \u00d1uble\" class=\"yoast-seo-meta-tag\" \/>\n<meta property=\"og:description\" content=\"Extendemos una invitaci\u00f3n a los docentes de \u00d1uble a participar junto a sus estudiantes con inquietudes en\u00a0 la Innovaci\u00f3n a una actividad que busca potenciar este importante \u00e1mbito en los contextos escolares de la regi\u00f3n de \u00d1uble. Esta charla se realizar\u00e1 el 4 de septiembre de 2024, desde las 9.30horas hasta las 12.30 horas, en [&hellip;]\" class=\"yoast-seo-meta-tag\" \/>\n<meta property=\"og:url\" content=\"https:\/\/dev.explora.cl\/nuble\/inscripciones-charla-hack-yourself-con-barbarita-lara\/\" class=\"yoast-seo-meta-tag\" \/>\n<meta property=\"og:site_name\" content=\"\u00d1uble\" class=\"yoast-seo-meta-tag\" \/>\n<meta property=\"article:published_time\" content=\"2024-07-22T21:09:50+00:00\" class=\"yoast-seo-meta-tag\" \/>\n<meta property=\"article:modified_time\" content=\"2024-07-23T14:05:36+00:00\" class=\"yoast-seo-meta-tag\" \/>\n<meta property=\"og:image\" content=\"https:\/\/dev.explora.cl\/nuble\/wp-content\/uploads\/sites\/10\/2024\/07\/WEB-y-Mailing-copia-01-1.jpg\" class=\"yoast-seo-meta-tag\" \/>\n\t<meta property=\"og:image:width\" content=\"3542\" class=\"yoast-seo-meta-tag\" \/>\n\t<meta property=\"og:image:height\" content=\"2333\" class=\"yoast-seo-meta-tag\" \/>\n\t<meta property=\"og:image:type\" content=\"image\/jpeg\" class=\"yoast-seo-meta-tag\" \/>\n<meta name=\"author\" content=\"cbeltran\" class=\"yoast-seo-meta-tag\" \/>\n<meta name=\"twitter:card\" content=\"summary_large_image\" class=\"yoast-seo-meta-tag\" \/>\n<meta name=\"twitter:label1\" content=\"Escrito por\" class=\"yoast-seo-meta-tag\" \/>\n\t<meta name=\"twitter:data1\" content=\"cbeltran\" class=\"yoast-seo-meta-tag\" \/>\n\t<meta name=\"twitter:label2\" content=\"Tiempo estimado de lectura\" class=\"yoast-seo-meta-tag\" \/>\n\t<meta name=\"twitter:data2\" content=\"1 minuto\" class=\"yoast-seo-meta-tag\" \/>\n<script type=\"application\/ld+json\" class=\"yoast-schema-graph\">{\"@context\":\"https:\/\/schema.org\",\"@graph\":[{\"@type\":\"Article\",\"@id\":\"https:\/\/dev.explora.cl\/nuble\/inscripciones-charla-hack-yourself-con-barbarita-lara\/#article\",\"isPartOf\":{\"@id\":\"https:\/\/dev.explora.cl\/nuble\/inscripciones-charla-hack-yourself-con-barbarita-lara\/\"},\"author\":{\"name\":\"cbeltran\",\"@id\":\"https:\/\/dev.explora.cl\/nuble\/#\/schema\/person\/f611679f39b55ae7cdea76bc915b056e\"},\"headline\":\"Inscripciones Charla: &#8220;Hack Yourself&#8221; con Barbarita Lara\",\"datePublished\":\"2024-07-22T21:09:50+00:00\",\"dateModified\":\"2024-07-23T14:05:36+00:00\",\"mainEntityOfPage\":{\"@id\":\"https:\/\/dev.explora.cl\/nuble\/inscripciones-charla-hack-yourself-con-barbarita-lara\/\"},\"wordCount\":217,\"commentCount\":0,\"image\":{\"@id\":\"https:\/\/dev.explora.cl\/nuble\/inscripciones-charla-hack-yourself-con-barbarita-lara\/#primaryimage\"},\"thumbnailUrl\":\"https:\/\/dev.explora.cl\/nuble\/wp-content\/uploads\/sites\/10\/2024\/07\/WEB-y-Mailing-copia-01-1.jpg\",\"articleSection\":[\"Lugar 2\",\"Para Comunidad Escolar\",\"Para P\u00fablico General\"],\"inLanguage\":\"es-CL\",\"potentialAction\":[{\"@type\":\"CommentAction\",\"name\":\"Comment\",\"target\":[\"https:\/\/dev.explora.cl\/nuble\/inscripciones-charla-hack-yourself-con-barbarita-lara\/#respond\"]}]},{\"@type\":\"WebPage\",\"@id\":\"https:\/\/dev.explora.cl\/nuble\/inscripciones-charla-hack-yourself-con-barbarita-lara\/\",\"url\":\"https:\/\/dev.explora.cl\/nuble\/inscripciones-charla-hack-yourself-con-barbarita-lara\/\",\"name\":\"Inscripciones Charla: \\\"Hack Yourself\\\" con Barbarita Lara - \u00d1uble\",\"isPartOf\":{\"@id\":\"https:\/\/dev.explora.cl\/nuble\/#website\"},\"primaryImageOfPage\":{\"@id\":\"https:\/\/dev.explora.cl\/nuble\/inscripciones-charla-hack-yourself-con-barbarita-lara\/#primaryimage\"},\"image\":{\"@id\":\"https:\/\/dev.explora.cl\/nuble\/inscripciones-charla-hack-yourself-con-barbarita-lara\/#primaryimage\"},\"thumbnailUrl\":\"https:\/\/dev.explora.cl\/nuble\/wp-content\/uploads\/sites\/10\/2024\/07\/WEB-y-Mailing-copia-01-1.jpg\",\"datePublished\":\"2024-07-22T21:09:50+00:00\",\"dateModified\":\"2024-07-23T14:05:36+00:00\",\"author\":{\"@id\":\"https:\/\/dev.explora.cl\/nuble\/#\/schema\/person\/f611679f39b55ae7cdea76bc915b056e\"},\"breadcrumb\":{\"@id\":\"https:\/\/dev.explora.cl\/nuble\/inscripciones-charla-hack-yourself-con-barbarita-lara\/#breadcrumb\"},\"inLanguage\":\"es-CL\",\"potentialAction\":[{\"@type\":\"ReadAction\",\"target\":[\"https:\/\/dev.explora.cl\/nuble\/inscripciones-charla-hack-yourself-con-barbarita-lara\/\"]}]},{\"@type\":\"ImageObject\",\"inLanguage\":\"es-CL\",\"@id\":\"https:\/\/dev.explora.cl\/nuble\/inscripciones-charla-hack-yourself-con-barbarita-lara\/#primaryimage\",\"url\":\"https:\/\/dev.explora.cl\/nuble\/wp-content\/uploads\/sites\/10\/2024\/07\/WEB-y-Mailing-copia-01-1.jpg\",\"contentUrl\":\"https:\/\/dev.explora.cl\/nuble\/wp-content\/uploads\/sites\/10\/2024\/07\/WEB-y-Mailing-copia-01-1.jpg\",\"width\":3542,\"height\":2333},{\"@type\":\"BreadcrumbList\",\"@id\":\"https:\/\/dev.explora.cl\/nuble\/inscripciones-charla-hack-yourself-con-barbarita-lara\/#breadcrumb\",\"itemListElement\":[{\"@type\":\"ListItem\",\"position\":1,\"name\":\"Portada\",\"item\":\"https:\/\/dev.explora.cl\/nuble\/\"},{\"@type\":\"ListItem\",\"position\":2,\"name\":\"Inscripciones Charla: &#8220;Hack Yourself&#8221; con Barbarita Lara\"}]},{\"@type\":\"WebSite\",\"@id\":\"https:\/\/dev.explora.cl\/nuble\/#website\",\"url\":\"https:\/\/dev.explora.cl\/nuble\/\",\"name\":\"\u00d1uble\",\"description\":\"Otro sitio m\u00e1s de dev.explora.cl\",\"potentialAction\":[{\"@type\":\"SearchAction\",\"target\":{\"@type\":\"EntryPoint\",\"urlTemplate\":\"https:\/\/dev.explora.cl\/nuble\/?s={search_term_string}\"},\"query-input\":{\"@type\":\"PropertyValueSpecification\",\"valueRequired\":true,\"valueName\":\"search_term_string\"}}],\"inLanguage\":\"es-CL\"},{\"@type\":\"Person\",\"@id\":\"https:\/\/dev.explora.cl\/nuble\/#\/schema\/person\/f611679f39b55ae7cdea76bc915b056e\",\"name\":\"cbeltran\",\"image\":{\"@type\":\"ImageObject\",\"inLanguage\":\"es-CL\",\"@id\":\"https:\/\/dev.explora.cl\/nuble\/#\/schema\/person\/image\/\",\"url\":\"https:\/\/secure.gravatar.com\/avatar\/fde624b0b0faed85e420465a1cdb73a02c199b16b1d2d6bfe0a82b9ba438afbd?s=96&d=mm&r=g\",\"contentUrl\":\"https:\/\/secure.gravatar.com\/avatar\/fde624b0b0faed85e420465a1cdb73a02c199b16b1d2d6bfe0a82b9ba438afbd?s=96&d=mm&r=g\",\"caption\":\"cbeltran\"},\"url\":\"https:\/\/dev.explora.cl\/nuble\/author\/cbeltran\/\"}]}<\/script>\n<!-- \/ Yoast SEO plugin. -->","yoast_head_json":{"title":"Inscripciones Charla: \"Hack Yourself\" con Barbarita Lara - \u00d1uble","robots":{"index":"index","follow":"follow","max-snippet":"max-snippet:-1","max-image-preview":"max-image-preview:large","max-video-preview":"max-video-preview:-1"},"canonical":"https:\/\/dev.explora.cl\/nuble\/inscripciones-charla-hack-yourself-con-barbarita-lara\/","og_locale":"es_ES","og_type":"article","og_title":"Inscripciones Charla: \"Hack Yourself\" con Barbarita Lara - \u00d1uble","og_description":"Extendemos una invitaci\u00f3n a los docentes de \u00d1uble a participar junto a sus estudiantes con inquietudes en\u00a0 la Innovaci\u00f3n a una actividad que busca potenciar este importante \u00e1mbito en los contextos escolares de la regi\u00f3n de \u00d1uble. Esta charla se realizar\u00e1 el 4 de septiembre de 2024, desde las 9.30horas hasta las 12.30 horas, en [&hellip;]","og_url":"https:\/\/dev.explora.cl\/nuble\/inscripciones-charla-hack-yourself-con-barbarita-lara\/","og_site_name":"\u00d1uble","article_published_time":"2024-07-22T21:09:50+00:00","article_modified_time":"2024-07-23T14:05:36+00:00","og_image":[{"width":3542,"height":2333,"url":"https:\/\/dev.explora.cl\/nuble\/wp-content\/uploads\/sites\/10\/2024\/07\/WEB-y-Mailing-copia-01-1.jpg","type":"image\/jpeg"}],"author":"cbeltran","twitter_card":"summary_large_image","twitter_misc":{"Escrito por":"cbeltran","Tiempo estimado de lectura":"1 minuto"},"schema":{"@context":"https:\/\/schema.org","@graph":[{"@type":"Article","@id":"https:\/\/dev.explora.cl\/nuble\/inscripciones-charla-hack-yourself-con-barbarita-lara\/#article","isPartOf":{"@id":"https:\/\/dev.explora.cl\/nuble\/inscripciones-charla-hack-yourself-con-barbarita-lara\/"},"author":{"name":"cbeltran","@id":"https:\/\/dev.explora.cl\/nuble\/#\/schema\/person\/f611679f39b55ae7cdea76bc915b056e"},"headline":"Inscripciones Charla: &#8220;Hack Yourself&#8221; con Barbarita Lara","datePublished":"2024-07-22T21:09:50+00:00","dateModified":"2024-07-23T14:05:36+00:00","mainEntityOfPage":{"@id":"https:\/\/dev.explora.cl\/nuble\/inscripciones-charla-hack-yourself-con-barbarita-lara\/"},"wordCount":217,"commentCount":0,"image":{"@id":"https:\/\/dev.explora.cl\/nuble\/inscripciones-charla-hack-yourself-con-barbarita-lara\/#primaryimage"},"thumbnailUrl":"https:\/\/dev.explora.cl\/nuble\/wp-content\/uploads\/sites\/10\/2024\/07\/WEB-y-Mailing-copia-01-1.jpg","articleSection":["Lugar 2","Para Comunidad Escolar","Para P\u00fablico General"],"inLanguage":"es-CL","potentialAction":[{"@type":"CommentAction","name":"Comment","target":["https:\/\/dev.explora.cl\/nuble\/inscripciones-charla-hack-yourself-con-barbarita-lara\/#respond"]}]},{"@type":"WebPage","@id":"https:\/\/dev.explora.cl\/nuble\/inscripciones-charla-hack-yourself-con-barbarita-lara\/","url":"https:\/\/dev.explora.cl\/nuble\/inscripciones-charla-hack-yourself-con-barbarita-lara\/","name":"Inscripciones Charla: \"Hack Yourself\" con Barbarita Lara - \u00d1uble","isPartOf":{"@id":"https:\/\/dev.explora.cl\/nuble\/#website"},"primaryImageOfPage":{"@id":"https:\/\/dev.explora.cl\/nuble\/inscripciones-charla-hack-yourself-con-barbarita-lara\/#primaryimage"},"image":{"@id":"https:\/\/dev.explora.cl\/nuble\/inscripciones-charla-hack-yourself-con-barbarita-lara\/#primaryimage"},"thumbnailUrl":"https:\/\/dev.explora.cl\/nuble\/wp-content\/uploads\/sites\/10\/2024\/07\/WEB-y-Mailing-copia-01-1.jpg","datePublished":"2024-07-22T21:09:50+00:00","dateModified":"2024-07-23T14:05:36+00:00","author":{"@id":"https:\/\/dev.explora.cl\/nuble\/#\/schema\/person\/f611679f39b55ae7cdea76bc915b056e"},"breadcrumb":{"@id":"https:\/\/dev.explora.cl\/nuble\/inscripciones-charla-hack-yourself-con-barbarita-lara\/#breadcrumb"},"inLanguage":"es-CL","potentialAction":[{"@type":"ReadAction","target":["https:\/\/dev.explora.cl\/nuble\/inscripciones-charla-hack-yourself-con-barbarita-lara\/"]}]},{"@type":"ImageObject","inLanguage":"es-CL","@id":"https:\/\/dev.explora.cl\/nuble\/inscripciones-charla-hack-yourself-con-barbarita-lara\/#primaryimage","url":"https:\/\/dev.explora.cl\/nuble\/wp-content\/uploads\/sites\/10\/2024\/07\/WEB-y-Mailing-copia-01-1.jpg","contentUrl":"https:\/\/dev.explora.cl\/nuble\/wp-content\/uploads\/sites\/10\/2024\/07\/WEB-y-Mailing-copia-01-1.jpg","width":3542,"height":2333},{"@type":"BreadcrumbList","@id":"https:\/\/dev.explora.cl\/nuble\/inscripciones-charla-hack-yourself-con-barbarita-lara\/#breadcrumb","itemListElement":[{"@type":"ListItem","position":1,"name":"Portada","item":"https:\/\/dev.explora.cl\/nuble\/"},{"@type":"ListItem","position":2,"name":"Inscripciones Charla: &#8220;Hack Yourself&#8221; con Barbarita Lara"}]},{"@type":"WebSite","@id":"https:\/\/dev.explora.cl\/nuble\/#website","url":"https:\/\/dev.explora.cl\/nuble\/","name":"\u00d1uble","description":"Otro sitio m\u00e1s de dev.explora.cl","potentialAction":[{"@type":"SearchAction","target":{"@type":"EntryPoint","urlTemplate":"https:\/\/dev.explora.cl\/nuble\/?s={search_term_string}"},"query-input":{"@type":"PropertyValueSpecification","valueRequired":true,"valueName":"search_term_string"}}],"inLanguage":"es-CL"},{"@type":"Person","@id":"https:\/\/dev.explora.cl\/nuble\/#\/schema\/person\/f611679f39b55ae7cdea76bc915b056e","name":"cbeltran","image":{"@type":"ImageObject","inLanguage":"es-CL","@id":"https:\/\/dev.explora.cl\/nuble\/#\/schema\/person\/image\/","url":"https:\/\/secure.gravatar.com\/avatar\/fde624b0b0faed85e420465a1cdb73a02c199b16b1d2d6bfe0a82b9ba438afbd?s=96&d=mm&r=g","contentUrl":"https:\/\/secure.gravatar.com\/avatar\/fde624b0b0faed85e420465a1cdb73a02c199b16b1d2d6bfe0a82b9ba438afbd?s=96&d=mm&r=g","caption":"cbeltran"},"url":"https:\/\/dev.explora.cl\/nuble\/author\/cbeltran\/"}]}},"_links":{"self":[{"href":"https:\/\/dev.explora.cl\/nuble\/wp-json\/wp\/v2\/posts\/37117","targetHints":{"allow":["GET"]}}],"collection":[{"href":"https:\/\/dev.explora.cl\/nuble\/wp-json\/wp\/v2\/posts"}],"about":[{"href":"https:\/\/dev.explora.cl\/nuble\/wp-json\/wp\/v2\/types\/post"}],"author":[{"embeddable":true,"href":"https:\/\/dev.explora.cl\/nuble\/wp-json\/wp\/v2\/users\/25"}],"replies":[{"embeddable":true,"href":"https:\/\/dev.explora.cl\/nuble\/wp-json\/wp\/v2\/comments?post=37117"}],"version-history":[{"count":12,"href":"https:\/\/dev.explora.cl\/nuble\/wp-json\/wp\/v2\/posts\/37117\/revisions"}],"predecessor-version":[{"id":37132,"href":"https:\/\/dev.explora.cl\/nuble\/wp-json\/wp\/v2\/posts\/37117\/revisions\/37132"}],"wp:featuredmedia":[{"embeddable":true,"href":"https:\/\/dev.explora.cl\/nuble\/wp-json\/wp\/v2\/media\/37126"}],"wp:attachment":[{"href":"https:\/\/dev.explora.cl\/nuble\/wp-json\/wp\/v2\/media?parent=37117"}],"wp:term":[{"taxonomy":"category","embeddable":true,"href":"https:\/\/dev.explora.cl\/nuble\/wp-json\/wp\/v2\/categories?post=37117"},{"taxonomy":"post_tag","embeddable":true,"href":"https:\/\/dev.explora.cl\/nuble\/wp-json\/wp\/v2\/tags?post=37117"}],"curies":[{"name":"wp","href":"https:\/\/api.w.org\/{rel}","templated":true}]}}