{"id":36777,"date":"2024-03-15T12:09:58","date_gmt":"2024-03-15T15:09:58","guid":{"rendered":"https:\/\/dev.explora.cl\/nuble\/?p=36777"},"modified":"2024-03-18T09:50:18","modified_gmt":"2024-03-18T12:50:18","slug":"convocatoria-para-asesores-cientificos","status":"publish","type":"post","link":"https:\/\/dev.explora.cl\/nuble\/convocatoria-para-asesores-cientificos\/","title":{"rendered":"Convocatoria para Asesores Cient\u00edficos"},"content":{"rendered":"<p><b>\u00a1Convocatoria abierta para Asesores Cient\u00edficos 2024 PAR Explora \u00d1uble!<\/b><\/p>\n<p><b><i>\u00a1Sum\u00e9rgete en la aventura cient\u00edfica de \u00d1uble!<\/i><\/b><\/p>\n<p>El Proyecto Asociativo Regional Explora, financiado por el Ministerio de Ciencia, Tecnolog\u00eda, Conocimiento e Innovaci\u00f3n (CTCI), y liderado por la Direcci\u00f3n del Campus Chill\u00e1n de la Universidad de Concepci\u00f3n, te invita a formar parte de su equipo como Asesor\/a Cient\u00edfico\/a para el a\u00f1o 2024. Desde 2019, nuestro proyecto ha estado trabajando de manera independiente para fomentar una cultura cient\u00edfica y tecnol\u00f3gica, promoviendo la valoraci\u00f3n y divulgaci\u00f3n de las ciencias, las artes y las tecnolog\u00edas en las comunidades educativas de la Regi\u00f3n de \u00d1uble.<\/p>\n<p><b>Buscamos investigadores\/as, docentes universitarios\/as y estudiantes de posgrado de todas las \u00e1reas del conocimiento para asesorar a grupos escolares en investigaci\u00f3n en diversos campos del saber durante este a\u00f1o.<\/b><\/p>\n<p>&nbsp;<\/p>\n<h4 style=\"text-align: center\"><b>\ud83d\udd35 Plazo postulaci\u00f3n<\/b><strong>: desde el 15 de marzo hasta 20 de abril de 2024 a las 12.59 horas.\ud83d\udd35<\/strong><\/h4>\n<p>Te invitamos a ser parte de los Asesores Cient\u00edficos de \u00d1uble,<strong> completando el siguiente formulario <\/strong><\/p>\n<ul>\n<li><strong><a href=\"https:\/\/forms.gle\/ibqeja4nvF4i9S4y7\" target=\"_blank\" rel=\"noopener noreferrer\">Formulario para Asesores\/as Cient\u00edficos\/as<\/a><\/strong><\/li>\n<li><strong><a href=\"https:\/\/dev.explora.cl\/nuble\/convocatoria-para-asesores-cientificos\/bases-asesores-cientificos-2024-par-explora-nuble\/\" target=\"_blank\" rel=\"attachment noopener wp-att-36781 noreferrer\">DESCARGA Bases Asesores Cient\u00edficos 2024 PAR Explora \u00d1uble<\/a><\/strong><\/li>\n<\/ul>\n","protected":false},"excerpt":{"rendered":"<p>\u00a1Convocatoria abierta para Asesores Cient\u00edficos 2024 PAR Explora \u00d1uble! \u00a1Sum\u00e9rgete en la aventura cient\u00edfica de \u00d1uble! El Proyecto Asociativo Regional Explora, financiado por el Ministerio de Ciencia, Tecnolog\u00eda, Conocimiento e Innovaci\u00f3n (CTCI), y liderado por la Direcci\u00f3n del Campus Chill\u00e1n de la Universidad de Concepci\u00f3n, te invita a formar parte de su equipo como Asesor\/a [&hellip;]<\/p>\n","protected":false},"author":25,"featured_media":36782,"comment_status":"open","ping_status":"open","sticky":false,"template":"","format":"standard","meta":{"_acf_changed":false,"_exactmetrics_skip_tracking":false,"_exactmetrics_sitenote_active":false,"_exactmetrics_sitenote_note":"","_exactmetrics_sitenote_category":0,"footnotes":"","_links_to":"","_links_to_target":""},"categories":[137,1],"tags":[],"class_list":["post-36777","post","type-post","status-publish","format-standard","has-post-thumbnail","hentry","category-lugar-2","category-sin-categoria"],"acf":[],"yoast_head":"<!-- This site is optimized with the Yoast SEO plugin v26.7 - https:\/\/yoast.com\/wordpress\/plugins\/seo\/ -->\n<title>Convocatoria para Asesores Cient\u00edficos - \u00d1uble<\/title>\n<meta name=\"robots\" content=\"index, follow, max-snippet:-1, max-image-preview:large, max-video-preview:-1\" \/>\n<link rel=\"canonical\" href=\"https:\/\/dev.explora.cl\/nuble\/convocatoria-para-asesores-cientificos\/\" class=\"yoast-seo-meta-tag\" \/>\n<meta property=\"og:locale\" content=\"es_ES\" class=\"yoast-seo-meta-tag\" \/>\n<meta property=\"og:type\" content=\"article\" class=\"yoast-seo-meta-tag\" \/>\n<meta property=\"og:title\" content=\"Convocatoria para Asesores Cient\u00edficos - \u00d1uble\" class=\"yoast-seo-meta-tag\" \/>\n<meta property=\"og:description\" content=\"\u00a1Convocatoria abierta para Asesores Cient\u00edficos 2024 PAR Explora \u00d1uble! \u00a1Sum\u00e9rgete en la aventura cient\u00edfica de \u00d1uble! El Proyecto Asociativo Regional Explora, financiado por el Ministerio de Ciencia, Tecnolog\u00eda, Conocimiento e Innovaci\u00f3n (CTCI), y liderado por la Direcci\u00f3n del Campus Chill\u00e1n de la Universidad de Concepci\u00f3n, te invita a formar parte de su equipo como Asesor\/a [&hellip;]\" class=\"yoast-seo-meta-tag\" \/>\n<meta property=\"og:url\" content=\"https:\/\/dev.explora.cl\/nuble\/convocatoria-para-asesores-cientificos\/\" class=\"yoast-seo-meta-tag\" \/>\n<meta property=\"og:site_name\" content=\"\u00d1uble\" class=\"yoast-seo-meta-tag\" \/>\n<meta property=\"article:published_time\" content=\"2024-03-15T15:09:58+00:00\" class=\"yoast-seo-meta-tag\" \/>\n<meta property=\"article:modified_time\" content=\"2024-03-18T12:50:18+00:00\" class=\"yoast-seo-meta-tag\" \/>\n<meta property=\"og:image\" content=\"https:\/\/dev.explora.cl\/nuble\/wp-content\/uploads\/sites\/10\/2024\/03\/Mailing-y-web_Mesa-de-trabajo-1-copia-2.jpg\" class=\"yoast-seo-meta-tag\" \/>\n\t<meta property=\"og:image:width\" content=\"4062\" class=\"yoast-seo-meta-tag\" \/>\n\t<meta property=\"og:image:height\" content=\"2334\" class=\"yoast-seo-meta-tag\" \/>\n\t<meta property=\"og:image:type\" content=\"image\/jpeg\" class=\"yoast-seo-meta-tag\" \/>\n<meta name=\"author\" content=\"cbeltran\" class=\"yoast-seo-meta-tag\" \/>\n<meta name=\"twitter:card\" content=\"summary_large_image\" class=\"yoast-seo-meta-tag\" \/>\n<meta name=\"twitter:label1\" content=\"Escrito por\" class=\"yoast-seo-meta-tag\" \/>\n\t<meta name=\"twitter:data1\" content=\"cbeltran\" class=\"yoast-seo-meta-tag\" \/>\n\t<meta name=\"twitter:label2\" content=\"Tiempo estimado de lectura\" class=\"yoast-seo-meta-tag\" \/>\n\t<meta name=\"twitter:data2\" content=\"1 minuto\" class=\"yoast-seo-meta-tag\" \/>\n<script type=\"application\/ld+json\" class=\"yoast-schema-graph\">{\"@context\":\"https:\/\/schema.org\",\"@graph\":[{\"@type\":\"Article\",\"@id\":\"https:\/\/dev.explora.cl\/nuble\/convocatoria-para-asesores-cientificos\/#article\",\"isPartOf\":{\"@id\":\"https:\/\/dev.explora.cl\/nuble\/convocatoria-para-asesores-cientificos\/\"},\"author\":{\"name\":\"cbeltran\",\"@id\":\"https:\/\/dev.explora.cl\/nuble\/#\/schema\/person\/f611679f39b55ae7cdea76bc915b056e\"},\"headline\":\"Convocatoria para Asesores Cient\u00edficos\",\"datePublished\":\"2024-03-15T15:09:58+00:00\",\"dateModified\":\"2024-03-18T12:50:18+00:00\",\"mainEntityOfPage\":{\"@id\":\"https:\/\/dev.explora.cl\/nuble\/convocatoria-para-asesores-cientificos\/\"},\"wordCount\":198,\"commentCount\":0,\"image\":{\"@id\":\"https:\/\/dev.explora.cl\/nuble\/convocatoria-para-asesores-cientificos\/#primaryimage\"},\"thumbnailUrl\":\"https:\/\/dev.explora.cl\/nuble\/wp-content\/uploads\/sites\/10\/2024\/03\/Mailing-y-web_Mesa-de-trabajo-1-copia-2.jpg\",\"articleSection\":[\"Lugar 2\"],\"inLanguage\":\"es-CL\",\"potentialAction\":[{\"@type\":\"CommentAction\",\"name\":\"Comment\",\"target\":[\"https:\/\/dev.explora.cl\/nuble\/convocatoria-para-asesores-cientificos\/#respond\"]}]},{\"@type\":\"WebPage\",\"@id\":\"https:\/\/dev.explora.cl\/nuble\/convocatoria-para-asesores-cientificos\/\",\"url\":\"https:\/\/dev.explora.cl\/nuble\/convocatoria-para-asesores-cientificos\/\",\"name\":\"Convocatoria para Asesores Cient\u00edficos - \u00d1uble\",\"isPartOf\":{\"@id\":\"https:\/\/dev.explora.cl\/nuble\/#website\"},\"primaryImageOfPage\":{\"@id\":\"https:\/\/dev.explora.cl\/nuble\/convocatoria-para-asesores-cientificos\/#primaryimage\"},\"image\":{\"@id\":\"https:\/\/dev.explora.cl\/nuble\/convocatoria-para-asesores-cientificos\/#primaryimage\"},\"thumbnailUrl\":\"https:\/\/dev.explora.cl\/nuble\/wp-content\/uploads\/sites\/10\/2024\/03\/Mailing-y-web_Mesa-de-trabajo-1-copia-2.jpg\",\"datePublished\":\"2024-03-15T15:09:58+00:00\",\"dateModified\":\"2024-03-18T12:50:18+00:00\",\"author\":{\"@id\":\"https:\/\/dev.explora.cl\/nuble\/#\/schema\/person\/f611679f39b55ae7cdea76bc915b056e\"},\"breadcrumb\":{\"@id\":\"https:\/\/dev.explora.cl\/nuble\/convocatoria-para-asesores-cientificos\/#breadcrumb\"},\"inLanguage\":\"es-CL\",\"potentialAction\":[{\"@type\":\"ReadAction\",\"target\":[\"https:\/\/dev.explora.cl\/nuble\/convocatoria-para-asesores-cientificos\/\"]}]},{\"@type\":\"ImageObject\",\"inLanguage\":\"es-CL\",\"@id\":\"https:\/\/dev.explora.cl\/nuble\/convocatoria-para-asesores-cientificos\/#primaryimage\",\"url\":\"https:\/\/dev.explora.cl\/nuble\/wp-content\/uploads\/sites\/10\/2024\/03\/Mailing-y-web_Mesa-de-trabajo-1-copia-2.jpg\",\"contentUrl\":\"https:\/\/dev.explora.cl\/nuble\/wp-content\/uploads\/sites\/10\/2024\/03\/Mailing-y-web_Mesa-de-trabajo-1-copia-2.jpg\",\"width\":4062,\"height\":2334},{\"@type\":\"BreadcrumbList\",\"@id\":\"https:\/\/dev.explora.cl\/nuble\/convocatoria-para-asesores-cientificos\/#breadcrumb\",\"itemListElement\":[{\"@type\":\"ListItem\",\"position\":1,\"name\":\"Portada\",\"item\":\"https:\/\/dev.explora.cl\/nuble\/\"},{\"@type\":\"ListItem\",\"position\":2,\"name\":\"Convocatoria para Asesores Cient\u00edficos\"}]},{\"@type\":\"WebSite\",\"@id\":\"https:\/\/dev.explora.cl\/nuble\/#website\",\"url\":\"https:\/\/dev.explora.cl\/nuble\/\",\"name\":\"\u00d1uble\",\"description\":\"Otro sitio m\u00e1s de dev.explora.cl\",\"potentialAction\":[{\"@type\":\"SearchAction\",\"target\":{\"@type\":\"EntryPoint\",\"urlTemplate\":\"https:\/\/dev.explora.cl\/nuble\/?s={search_term_string}\"},\"query-input\":{\"@type\":\"PropertyValueSpecification\",\"valueRequired\":true,\"valueName\":\"search_term_string\"}}],\"inLanguage\":\"es-CL\"},{\"@type\":\"Person\",\"@id\":\"https:\/\/dev.explora.cl\/nuble\/#\/schema\/person\/f611679f39b55ae7cdea76bc915b056e\",\"name\":\"cbeltran\",\"image\":{\"@type\":\"ImageObject\",\"inLanguage\":\"es-CL\",\"@id\":\"https:\/\/dev.explora.cl\/nuble\/#\/schema\/person\/image\/\",\"url\":\"https:\/\/secure.gravatar.com\/avatar\/fde624b0b0faed85e420465a1cdb73a02c199b16b1d2d6bfe0a82b9ba438afbd?s=96&d=mm&r=g\",\"contentUrl\":\"https:\/\/secure.gravatar.com\/avatar\/fde624b0b0faed85e420465a1cdb73a02c199b16b1d2d6bfe0a82b9ba438afbd?s=96&d=mm&r=g\",\"caption\":\"cbeltran\"},\"url\":\"https:\/\/dev.explora.cl\/nuble\/author\/cbeltran\/\"}]}<\/script>\n<!-- \/ Yoast SEO plugin. -->","yoast_head_json":{"title":"Convocatoria para Asesores Cient\u00edficos - \u00d1uble","robots":{"index":"index","follow":"follow","max-snippet":"max-snippet:-1","max-image-preview":"max-image-preview:large","max-video-preview":"max-video-preview:-1"},"canonical":"https:\/\/dev.explora.cl\/nuble\/convocatoria-para-asesores-cientificos\/","og_locale":"es_ES","og_type":"article","og_title":"Convocatoria para Asesores Cient\u00edficos - \u00d1uble","og_description":"\u00a1Convocatoria abierta para Asesores Cient\u00edficos 2024 PAR Explora \u00d1uble! \u00a1Sum\u00e9rgete en la aventura cient\u00edfica de \u00d1uble! El Proyecto Asociativo Regional Explora, financiado por el Ministerio de Ciencia, Tecnolog\u00eda, Conocimiento e Innovaci\u00f3n (CTCI), y liderado por la Direcci\u00f3n del Campus Chill\u00e1n de la Universidad de Concepci\u00f3n, te invita a formar parte de su equipo como Asesor\/a [&hellip;]","og_url":"https:\/\/dev.explora.cl\/nuble\/convocatoria-para-asesores-cientificos\/","og_site_name":"\u00d1uble","article_published_time":"2024-03-15T15:09:58+00:00","article_modified_time":"2024-03-18T12:50:18+00:00","og_image":[{"width":4062,"height":2334,"url":"https:\/\/dev.explora.cl\/nuble\/wp-content\/uploads\/sites\/10\/2024\/03\/Mailing-y-web_Mesa-de-trabajo-1-copia-2.jpg","type":"image\/jpeg"}],"author":"cbeltran","twitter_card":"summary_large_image","twitter_misc":{"Escrito por":"cbeltran","Tiempo estimado de lectura":"1 minuto"},"schema":{"@context":"https:\/\/schema.org","@graph":[{"@type":"Article","@id":"https:\/\/dev.explora.cl\/nuble\/convocatoria-para-asesores-cientificos\/#article","isPartOf":{"@id":"https:\/\/dev.explora.cl\/nuble\/convocatoria-para-asesores-cientificos\/"},"author":{"name":"cbeltran","@id":"https:\/\/dev.explora.cl\/nuble\/#\/schema\/person\/f611679f39b55ae7cdea76bc915b056e"},"headline":"Convocatoria para Asesores Cient\u00edficos","datePublished":"2024-03-15T15:09:58+00:00","dateModified":"2024-03-18T12:50:18+00:00","mainEntityOfPage":{"@id":"https:\/\/dev.explora.cl\/nuble\/convocatoria-para-asesores-cientificos\/"},"wordCount":198,"commentCount":0,"image":{"@id":"https:\/\/dev.explora.cl\/nuble\/convocatoria-para-asesores-cientificos\/#primaryimage"},"thumbnailUrl":"https:\/\/dev.explora.cl\/nuble\/wp-content\/uploads\/sites\/10\/2024\/03\/Mailing-y-web_Mesa-de-trabajo-1-copia-2.jpg","articleSection":["Lugar 2"],"inLanguage":"es-CL","potentialAction":[{"@type":"CommentAction","name":"Comment","target":["https:\/\/dev.explora.cl\/nuble\/convocatoria-para-asesores-cientificos\/#respond"]}]},{"@type":"WebPage","@id":"https:\/\/dev.explora.cl\/nuble\/convocatoria-para-asesores-cientificos\/","url":"https:\/\/dev.explora.cl\/nuble\/convocatoria-para-asesores-cientificos\/","name":"Convocatoria para Asesores Cient\u00edficos - \u00d1uble","isPartOf":{"@id":"https:\/\/dev.explora.cl\/nuble\/#website"},"primaryImageOfPage":{"@id":"https:\/\/dev.explora.cl\/nuble\/convocatoria-para-asesores-cientificos\/#primaryimage"},"image":{"@id":"https:\/\/dev.explora.cl\/nuble\/convocatoria-para-asesores-cientificos\/#primaryimage"},"thumbnailUrl":"https:\/\/dev.explora.cl\/nuble\/wp-content\/uploads\/sites\/10\/2024\/03\/Mailing-y-web_Mesa-de-trabajo-1-copia-2.jpg","datePublished":"2024-03-15T15:09:58+00:00","dateModified":"2024-03-18T12:50:18+00:00","author":{"@id":"https:\/\/dev.explora.cl\/nuble\/#\/schema\/person\/f611679f39b55ae7cdea76bc915b056e"},"breadcrumb":{"@id":"https:\/\/dev.explora.cl\/nuble\/convocatoria-para-asesores-cientificos\/#breadcrumb"},"inLanguage":"es-CL","potentialAction":[{"@type":"ReadAction","target":["https:\/\/dev.explora.cl\/nuble\/convocatoria-para-asesores-cientificos\/"]}]},{"@type":"ImageObject","inLanguage":"es-CL","@id":"https:\/\/dev.explora.cl\/nuble\/convocatoria-para-asesores-cientificos\/#primaryimage","url":"https:\/\/dev.explora.cl\/nuble\/wp-content\/uploads\/sites\/10\/2024\/03\/Mailing-y-web_Mesa-de-trabajo-1-copia-2.jpg","contentUrl":"https:\/\/dev.explora.cl\/nuble\/wp-content\/uploads\/sites\/10\/2024\/03\/Mailing-y-web_Mesa-de-trabajo-1-copia-2.jpg","width":4062,"height":2334},{"@type":"BreadcrumbList","@id":"https:\/\/dev.explora.cl\/nuble\/convocatoria-para-asesores-cientificos\/#breadcrumb","itemListElement":[{"@type":"ListItem","position":1,"name":"Portada","item":"https:\/\/dev.explora.cl\/nuble\/"},{"@type":"ListItem","position":2,"name":"Convocatoria para Asesores Cient\u00edficos"}]},{"@type":"WebSite","@id":"https:\/\/dev.explora.cl\/nuble\/#website","url":"https:\/\/dev.explora.cl\/nuble\/","name":"\u00d1uble","description":"Otro sitio m\u00e1s de dev.explora.cl","potentialAction":[{"@type":"SearchAction","target":{"@type":"EntryPoint","urlTemplate":"https:\/\/dev.explora.cl\/nuble\/?s={search_term_string}"},"query-input":{"@type":"PropertyValueSpecification","valueRequired":true,"valueName":"search_term_string"}}],"inLanguage":"es-CL"},{"@type":"Person","@id":"https:\/\/dev.explora.cl\/nuble\/#\/schema\/person\/f611679f39b55ae7cdea76bc915b056e","name":"cbeltran","image":{"@type":"ImageObject","inLanguage":"es-CL","@id":"https:\/\/dev.explora.cl\/nuble\/#\/schema\/person\/image\/","url":"https:\/\/secure.gravatar.com\/avatar\/fde624b0b0faed85e420465a1cdb73a02c199b16b1d2d6bfe0a82b9ba438afbd?s=96&d=mm&r=g","contentUrl":"https:\/\/secure.gravatar.com\/avatar\/fde624b0b0faed85e420465a1cdb73a02c199b16b1d2d6bfe0a82b9ba438afbd?s=96&d=mm&r=g","caption":"cbeltran"},"url":"https:\/\/dev.explora.cl\/nuble\/author\/cbeltran\/"}]}},"_links":{"self":[{"href":"https:\/\/dev.explora.cl\/nuble\/wp-json\/wp\/v2\/posts\/36777","targetHints":{"allow":["GET"]}}],"collection":[{"href":"https:\/\/dev.explora.cl\/nuble\/wp-json\/wp\/v2\/posts"}],"about":[{"href":"https:\/\/dev.explora.cl\/nuble\/wp-json\/wp\/v2\/types\/post"}],"author":[{"embeddable":true,"href":"https:\/\/dev.explora.cl\/nuble\/wp-json\/wp\/v2\/users\/25"}],"replies":[{"embeddable":true,"href":"https:\/\/dev.explora.cl\/nuble\/wp-json\/wp\/v2\/comments?post=36777"}],"version-history":[{"count":7,"href":"https:\/\/dev.explora.cl\/nuble\/wp-json\/wp\/v2\/posts\/36777\/revisions"}],"predecessor-version":[{"id":36787,"href":"https:\/\/dev.explora.cl\/nuble\/wp-json\/wp\/v2\/posts\/36777\/revisions\/36787"}],"wp:featuredmedia":[{"embeddable":true,"href":"https:\/\/dev.explora.cl\/nuble\/wp-json\/wp\/v2\/media\/36782"}],"wp:attachment":[{"href":"https:\/\/dev.explora.cl\/nuble\/wp-json\/wp\/v2\/media?parent=36777"}],"wp:term":[{"taxonomy":"category","embeddable":true,"href":"https:\/\/dev.explora.cl\/nuble\/wp-json\/wp\/v2\/categories?post=36777"},{"taxonomy":"post_tag","embeddable":true,"href":"https:\/\/dev.explora.cl\/nuble\/wp-json\/wp\/v2\/tags?post=36777"}],"curies":[{"name":"wp","href":"https:\/\/api.w.org\/{rel}","templated":true}]}}