{"id":36731,"date":"2024-02-09T15:53:46","date_gmt":"2024-02-09T18:53:46","guid":{"rendered":"https:\/\/dev.explora.cl\/nuble\/?p=36731"},"modified":"2024-02-09T15:55:07","modified_gmt":"2024-02-09T18:55:07","slug":"par-explora-nuble-cierra-el-ano-con-todas-las-metas-cumplidas","status":"publish","type":"post","link":"https:\/\/dev.explora.cl\/nuble\/par-explora-nuble-cierra-el-ano-con-todas-las-metas-cumplidas\/","title":{"rendered":"PAR Explora \u00d1uble cierra el a\u00f1o con todas las metas cumplidas"},"content":{"rendered":"<p><strong>Un a\u00f1o intenso, que concentr\u00f3 una planificaci\u00f3n anual en tan solo 8 meses, se logr\u00f3 concretar satisfactoriamente con la ejecuci\u00f3n de 5 programas de trabajo que dan cuenta de la tarea\u00a0 de divulgar la ciencia en la regi\u00f3n de \u00d1uble.<\/strong><\/p>\n<p>La Universidad de Concepci\u00f3n est\u00e1 semivac\u00eda; la mayor\u00eda de los estudiantes que circulan est\u00e1n rindiendo algunos cert\u00e1menes, ya cerraron los programas acad\u00e9micos, las visitas guiadas, etc. En ese contexto el equipo del PAR Explora cierra su a\u00f1o haciendo balances financieros, redactando informes de cierre de planificaciones, y ultimando detalles de las actividades de verano.<\/p>\n<p>Sobre las conclusiones a las que llega el PAR Explora \u00d1uble tras haber llevado a cabo su misi\u00f3n de fortalecer el ecosistema CTCI este 2023, son variadas, y muchas resultaron sorprendentes por diversos motivos.<\/p>\n<p>&nbsp;<\/p>\n<p>Una de las metas m\u00e1s importantes de Explora \u00d1uble fue haber conseguido cubrir el 85% del territorio \u00f1ublensino, beneficiando a alguna comunidad escolar. Solo quedaron pendientes R\u00e1nquil, Pemuco y Treguaco: &#8220;Esperamos este 2024 lograr llegar a las 21 comunas que componen nuestra regi\u00f3n&#8221;, se\u00f1al\u00f3 In\u00e9s Figueroa Cares, Directora del PAR Explora \u00d1uble, e investigadora acad\u00e9mica UdeC.<\/p>\n<p>Uno de los programas insignia del Explora es la realizaci\u00f3n del Programa de Indagaci\u00f3n en Primeras Edades (PIPE). Sobre esto los profesionales encargados de la ejecuci\u00f3n se muestran m\u00e1s que satisfechos por los niveles de creatividad demostrados por los equipos de educaci\u00f3n parvularia, al implementar el M\u00e9todo Indagatorio se han enriquecido los procesos did\u00e1cticos, espec\u00edficamente aplicando insumos metodol\u00f3gicos propios del Programa Explora. En cuanto a beneficiarios directos, estos llegaron a 30 duplas de Educadoras junto a sus T\u00e9cnicos en Ed. Parvularia; mientras que los beneficiarios indirectos fueron 650 P\u00e1rvulos. \u201cEste dato es revelador puesto que la proyecci\u00f3n en 2023 se estim\u00f3 en 250 y pudimos impactar en 400 ni\u00f1os y ni\u00f1as m\u00e1s de lo contemplado\u201d indica Tatiana Vidal, coordinadora de PIPE. Quien agrega que este logro se pudo conseguir gracias al compromiso y responsabilidad de todos los equipos de educaci\u00f3n parvularia que participaron del programa este a\u00f1o&#8221;<\/p>\n<p>Investigaci\u00f3n e Innovaci\u00f3n Escolar (IIE) es otro de los programas que involucra una mayor cantidad de personas beneficiadas; especialmente a ni\u00f1os y ni\u00f1as que aprenden a investigar bajo el m\u00e9todo cient\u00edfico, fomentando el pensamiento cr\u00edtico, problematizando el entorno que les rodea, desde la pertinencia territorial.<\/p>\n<p>&nbsp;<\/p>\n<p><a href=\"https:\/\/dev.explora.cl\/nuble\/par-explora-nuble-cierra-el-ano-con-todas-las-metas-cumplidas\/participacion\/\" rel=\"attachment wp-att-36735\"><img loading=\"lazy\" decoding=\"async\" class=\"aligncenter wp-image-36735\" src=\"https:\/\/dev.explora.cl\/nuble\/wp-content\/uploads\/sites\/10\/2024\/02\/participacion-1024x576.jpg\" alt=\"\" width=\"668\" height=\"376\" srcset=\"https:\/\/dev.explora.cl\/nuble\/wp-content\/uploads\/sites\/10\/2024\/02\/participacion-1024x576.jpg 1024w, https:\/\/dev.explora.cl\/nuble\/wp-content\/uploads\/sites\/10\/2024\/02\/participacion-300x169.jpg 300w, https:\/\/dev.explora.cl\/nuble\/wp-content\/uploads\/sites\/10\/2024\/02\/participacion-768x432.jpg 768w, https:\/\/dev.explora.cl\/nuble\/wp-content\/uploads\/sites\/10\/2024\/02\/participacion.jpg 1280w\" sizes=\"auto, (max-width: 668px) 100vw, 668px\" \/><\/a><\/p>\n<p>En el transcurso del a\u00f1o 2023, la Iniciativa de Investigaci\u00f3n e Innovaci\u00f3n Escolar despleg\u00f3 m\u00e1s de 90 proyectos de investigaci\u00f3n escolar en \u00e1reas que abarcan desde la innovaci\u00f3n hasta las Ciencias Naturales, Ciencias Sociales, Artes y Humanidades. &#8220;El Aprendizaje basado en proyectos de investigaci\u00f3n, que surge a partir de la problematizaci\u00f3n del territorio, es un trabajo al que le hemos dado continuidad en el tiempo, puesto que\u00a0 es una excelente formar de acercar el mundo cient\u00edfico al mundo escolar, estrechando ese v\u00ednculo&#8221; se\u00f1ala Vidal.<br \/>\nUn total de 421 estudiantes, pertenecientes a los niveles desde primero b\u00e1sico hasta cuarto medio, se sumaron activamente a este valioso proceso, contando con la orientaci\u00f3n de sus docentes y asesores cient\u00edficos a lo largo del a\u00f1o. Para fortalecer sus capacidades y respaldar el desarrollo de sus respectivas investigaciones, se llevaron a cabo capacitaciones que replicamos en cada provincia.<\/p>\n<p><a href=\"https:\/\/dev.explora.cl\/nuble\/par-explora-nuble-cierra-el-ano-con-todas-las-metas-cumplidas\/diapositiva3-1-2\/\" rel=\"attachment wp-att-36737\"><img loading=\"lazy\" decoding=\"async\" class=\"aligncenter wp-image-36737\" src=\"https:\/\/dev.explora.cl\/nuble\/wp-content\/uploads\/sites\/10\/2024\/02\/Diapositiva3-1-1-1024x576.jpg\" alt=\"\" width=\"691\" height=\"389\" srcset=\"https:\/\/dev.explora.cl\/nuble\/wp-content\/uploads\/sites\/10\/2024\/02\/Diapositiva3-1-1-1024x576.jpg 1024w, https:\/\/dev.explora.cl\/nuble\/wp-content\/uploads\/sites\/10\/2024\/02\/Diapositiva3-1-1-300x169.jpg 300w, https:\/\/dev.explora.cl\/nuble\/wp-content\/uploads\/sites\/10\/2024\/02\/Diapositiva3-1-1-768x432.jpg 768w, https:\/\/dev.explora.cl\/nuble\/wp-content\/uploads\/sites\/10\/2024\/02\/Diapositiva3-1-1.jpg 1280w\" sizes=\"auto, (max-width: 691px) 100vw, 691px\" \/><\/a>La culminaci\u00f3n de este enriquecedor proceso tuvo lugar en la instancia de socializaci\u00f3n, llevada a cabo este a\u00f1o en el Parque Monumental de Chill\u00e1n Viejo en Noviembre. En este evento, se presentaron m\u00e1s de 70 investigaciones de toda la regi\u00f3n.<\/p>\n<p>Este 2024, Explora \u00d1uble se propone diversificar su cobertura de beneficiados, promoviendo la descentralizaci\u00f3n de sus acciones; si bien la cobertura en 2024 abarc\u00f3 gran parte del territorio, el equipo ha decidido llegar a escuelas emplazadas en sectores de m\u00e1s complejo acceso, transitando de la urbanidad comunal a la ruralidad de la regi\u00f3n.<\/p>\n","protected":false},"excerpt":{"rendered":"<p>Un a\u00f1o intenso, que concentr\u00f3 una planificaci\u00f3n anual en tan solo 8 meses, se logr\u00f3 concretar satisfactoriamente con la ejecuci\u00f3n de 5 programas de trabajo que dan cuenta de la tarea\u00a0 de divulgar la ciencia en la regi\u00f3n de \u00d1uble. La Universidad de Concepci\u00f3n est\u00e1 semivac\u00eda; la mayor\u00eda de los estudiantes que circulan est\u00e1n rindiendo [&hellip;]<\/p>\n","protected":false},"author":25,"featured_media":36732,"comment_status":"open","ping_status":"open","sticky":false,"template":"","format":"standard","meta":{"_acf_changed":false,"_exactmetrics_skip_tracking":false,"_exactmetrics_sitenote_active":false,"_exactmetrics_sitenote_note":"","_exactmetrics_sitenote_category":0,"footnotes":"","_links_to":"","_links_to_target":""},"categories":[138,1],"tags":[],"class_list":["post-36731","post","type-post","status-publish","format-standard","has-post-thumbnail","hentry","category-lugar-3","category-sin-categoria"],"acf":[],"yoast_head":"<!-- This site is optimized with the Yoast SEO plugin v26.7 - https:\/\/yoast.com\/wordpress\/plugins\/seo\/ -->\n<title>PAR Explora \u00d1uble cierra el a\u00f1o con todas las metas cumplidas - \u00d1uble<\/title>\n<meta name=\"robots\" content=\"index, follow, max-snippet:-1, max-image-preview:large, max-video-preview:-1\" \/>\n<link rel=\"canonical\" href=\"https:\/\/dev.explora.cl\/nuble\/par-explora-nuble-cierra-el-ano-con-todas-las-metas-cumplidas\/\" class=\"yoast-seo-meta-tag\" \/>\n<meta property=\"og:locale\" content=\"es_ES\" class=\"yoast-seo-meta-tag\" \/>\n<meta property=\"og:type\" content=\"article\" class=\"yoast-seo-meta-tag\" \/>\n<meta property=\"og:title\" content=\"PAR Explora \u00d1uble cierra el a\u00f1o con todas las metas cumplidas - \u00d1uble\" class=\"yoast-seo-meta-tag\" \/>\n<meta property=\"og:description\" content=\"Un a\u00f1o intenso, que concentr\u00f3 una planificaci\u00f3n anual en tan solo 8 meses, se logr\u00f3 concretar satisfactoriamente con la ejecuci\u00f3n de 5 programas de trabajo que dan cuenta de la tarea\u00a0 de divulgar la ciencia en la regi\u00f3n de \u00d1uble. La Universidad de Concepci\u00f3n est\u00e1 semivac\u00eda; la mayor\u00eda de los estudiantes que circulan est\u00e1n rindiendo [&hellip;]\" class=\"yoast-seo-meta-tag\" \/>\n<meta property=\"og:url\" content=\"https:\/\/dev.explora.cl\/nuble\/par-explora-nuble-cierra-el-ano-con-todas-las-metas-cumplidas\/\" class=\"yoast-seo-meta-tag\" \/>\n<meta property=\"og:site_name\" content=\"\u00d1uble\" class=\"yoast-seo-meta-tag\" \/>\n<meta property=\"article:published_time\" content=\"2024-02-09T18:53:46+00:00\" class=\"yoast-seo-meta-tag\" \/>\n<meta property=\"article:modified_time\" content=\"2024-02-09T18:55:07+00:00\" class=\"yoast-seo-meta-tag\" \/>\n<meta property=\"og:image\" content=\"https:\/\/dev.explora.cl\/nuble\/wp-content\/uploads\/sites\/10\/2024\/01\/mapa.png\" class=\"yoast-seo-meta-tag\" \/>\n\t<meta property=\"og:image:width\" content=\"1675\" class=\"yoast-seo-meta-tag\" \/>\n\t<meta property=\"og:image:height\" content=\"889\" class=\"yoast-seo-meta-tag\" \/>\n\t<meta property=\"og:image:type\" content=\"image\/png\" class=\"yoast-seo-meta-tag\" \/>\n<meta name=\"author\" content=\"cbeltran\" class=\"yoast-seo-meta-tag\" \/>\n<meta name=\"twitter:card\" content=\"summary_large_image\" class=\"yoast-seo-meta-tag\" \/>\n<meta name=\"twitter:label1\" content=\"Escrito por\" class=\"yoast-seo-meta-tag\" \/>\n\t<meta name=\"twitter:data1\" content=\"cbeltran\" class=\"yoast-seo-meta-tag\" \/>\n\t<meta name=\"twitter:label2\" content=\"Tiempo estimado de lectura\" class=\"yoast-seo-meta-tag\" \/>\n\t<meta name=\"twitter:data2\" content=\"3 minutos\" class=\"yoast-seo-meta-tag\" \/>\n<script type=\"application\/ld+json\" class=\"yoast-schema-graph\">{\"@context\":\"https:\/\/schema.org\",\"@graph\":[{\"@type\":\"Article\",\"@id\":\"https:\/\/dev.explora.cl\/nuble\/par-explora-nuble-cierra-el-ano-con-todas-las-metas-cumplidas\/#article\",\"isPartOf\":{\"@id\":\"https:\/\/dev.explora.cl\/nuble\/par-explora-nuble-cierra-el-ano-con-todas-las-metas-cumplidas\/\"},\"author\":{\"name\":\"cbeltran\",\"@id\":\"https:\/\/dev.explora.cl\/nuble\/#\/schema\/person\/f611679f39b55ae7cdea76bc915b056e\"},\"headline\":\"PAR Explora \u00d1uble cierra el a\u00f1o con todas las metas cumplidas\",\"datePublished\":\"2024-02-09T18:53:46+00:00\",\"dateModified\":\"2024-02-09T18:55:07+00:00\",\"mainEntityOfPage\":{\"@id\":\"https:\/\/dev.explora.cl\/nuble\/par-explora-nuble-cierra-el-ano-con-todas-las-metas-cumplidas\/\"},\"wordCount\":675,\"commentCount\":0,\"image\":{\"@id\":\"https:\/\/dev.explora.cl\/nuble\/par-explora-nuble-cierra-el-ano-con-todas-las-metas-cumplidas\/#primaryimage\"},\"thumbnailUrl\":\"https:\/\/dev.explora.cl\/nuble\/wp-content\/uploads\/sites\/10\/2024\/01\/mapa.png\",\"articleSection\":[\"Lugar 3\"],\"inLanguage\":\"es-CL\",\"potentialAction\":[{\"@type\":\"CommentAction\",\"name\":\"Comment\",\"target\":[\"https:\/\/dev.explora.cl\/nuble\/par-explora-nuble-cierra-el-ano-con-todas-las-metas-cumplidas\/#respond\"]}]},{\"@type\":\"WebPage\",\"@id\":\"https:\/\/dev.explora.cl\/nuble\/par-explora-nuble-cierra-el-ano-con-todas-las-metas-cumplidas\/\",\"url\":\"https:\/\/dev.explora.cl\/nuble\/par-explora-nuble-cierra-el-ano-con-todas-las-metas-cumplidas\/\",\"name\":\"PAR Explora \u00d1uble cierra el a\u00f1o con todas las metas cumplidas - \u00d1uble\",\"isPartOf\":{\"@id\":\"https:\/\/dev.explora.cl\/nuble\/#website\"},\"primaryImageOfPage\":{\"@id\":\"https:\/\/dev.explora.cl\/nuble\/par-explora-nuble-cierra-el-ano-con-todas-las-metas-cumplidas\/#primaryimage\"},\"image\":{\"@id\":\"https:\/\/dev.explora.cl\/nuble\/par-explora-nuble-cierra-el-ano-con-todas-las-metas-cumplidas\/#primaryimage\"},\"thumbnailUrl\":\"https:\/\/dev.explora.cl\/nuble\/wp-content\/uploads\/sites\/10\/2024\/01\/mapa.png\",\"datePublished\":\"2024-02-09T18:53:46+00:00\",\"dateModified\":\"2024-02-09T18:55:07+00:00\",\"author\":{\"@id\":\"https:\/\/dev.explora.cl\/nuble\/#\/schema\/person\/f611679f39b55ae7cdea76bc915b056e\"},\"breadcrumb\":{\"@id\":\"https:\/\/dev.explora.cl\/nuble\/par-explora-nuble-cierra-el-ano-con-todas-las-metas-cumplidas\/#breadcrumb\"},\"inLanguage\":\"es-CL\",\"potentialAction\":[{\"@type\":\"ReadAction\",\"target\":[\"https:\/\/dev.explora.cl\/nuble\/par-explora-nuble-cierra-el-ano-con-todas-las-metas-cumplidas\/\"]}]},{\"@type\":\"ImageObject\",\"inLanguage\":\"es-CL\",\"@id\":\"https:\/\/dev.explora.cl\/nuble\/par-explora-nuble-cierra-el-ano-con-todas-las-metas-cumplidas\/#primaryimage\",\"url\":\"https:\/\/dev.explora.cl\/nuble\/wp-content\/uploads\/sites\/10\/2024\/01\/mapa.png\",\"contentUrl\":\"https:\/\/dev.explora.cl\/nuble\/wp-content\/uploads\/sites\/10\/2024\/01\/mapa.png\",\"width\":1675,\"height\":889},{\"@type\":\"BreadcrumbList\",\"@id\":\"https:\/\/dev.explora.cl\/nuble\/par-explora-nuble-cierra-el-ano-con-todas-las-metas-cumplidas\/#breadcrumb\",\"itemListElement\":[{\"@type\":\"ListItem\",\"position\":1,\"name\":\"Portada\",\"item\":\"https:\/\/dev.explora.cl\/nuble\/\"},{\"@type\":\"ListItem\",\"position\":2,\"name\":\"PAR Explora \u00d1uble cierra el a\u00f1o con todas las metas cumplidas\"}]},{\"@type\":\"WebSite\",\"@id\":\"https:\/\/dev.explora.cl\/nuble\/#website\",\"url\":\"https:\/\/dev.explora.cl\/nuble\/\",\"name\":\"\u00d1uble\",\"description\":\"Otro sitio m\u00e1s de dev.explora.cl\",\"potentialAction\":[{\"@type\":\"SearchAction\",\"target\":{\"@type\":\"EntryPoint\",\"urlTemplate\":\"https:\/\/dev.explora.cl\/nuble\/?s={search_term_string}\"},\"query-input\":{\"@type\":\"PropertyValueSpecification\",\"valueRequired\":true,\"valueName\":\"search_term_string\"}}],\"inLanguage\":\"es-CL\"},{\"@type\":\"Person\",\"@id\":\"https:\/\/dev.explora.cl\/nuble\/#\/schema\/person\/f611679f39b55ae7cdea76bc915b056e\",\"name\":\"cbeltran\",\"image\":{\"@type\":\"ImageObject\",\"inLanguage\":\"es-CL\",\"@id\":\"https:\/\/dev.explora.cl\/nuble\/#\/schema\/person\/image\/\",\"url\":\"https:\/\/secure.gravatar.com\/avatar\/fde624b0b0faed85e420465a1cdb73a02c199b16b1d2d6bfe0a82b9ba438afbd?s=96&d=mm&r=g\",\"contentUrl\":\"https:\/\/secure.gravatar.com\/avatar\/fde624b0b0faed85e420465a1cdb73a02c199b16b1d2d6bfe0a82b9ba438afbd?s=96&d=mm&r=g\",\"caption\":\"cbeltran\"},\"url\":\"https:\/\/dev.explora.cl\/nuble\/author\/cbeltran\/\"}]}<\/script>\n<!-- \/ Yoast SEO plugin. -->","yoast_head_json":{"title":"PAR Explora \u00d1uble cierra el a\u00f1o con todas las metas cumplidas - \u00d1uble","robots":{"index":"index","follow":"follow","max-snippet":"max-snippet:-1","max-image-preview":"max-image-preview:large","max-video-preview":"max-video-preview:-1"},"canonical":"https:\/\/dev.explora.cl\/nuble\/par-explora-nuble-cierra-el-ano-con-todas-las-metas-cumplidas\/","og_locale":"es_ES","og_type":"article","og_title":"PAR Explora \u00d1uble cierra el a\u00f1o con todas las metas cumplidas - \u00d1uble","og_description":"Un a\u00f1o intenso, que concentr\u00f3 una planificaci\u00f3n anual en tan solo 8 meses, se logr\u00f3 concretar satisfactoriamente con la ejecuci\u00f3n de 5 programas de trabajo que dan cuenta de la tarea\u00a0 de divulgar la ciencia en la regi\u00f3n de \u00d1uble. La Universidad de Concepci\u00f3n est\u00e1 semivac\u00eda; la mayor\u00eda de los estudiantes que circulan est\u00e1n rindiendo [&hellip;]","og_url":"https:\/\/dev.explora.cl\/nuble\/par-explora-nuble-cierra-el-ano-con-todas-las-metas-cumplidas\/","og_site_name":"\u00d1uble","article_published_time":"2024-02-09T18:53:46+00:00","article_modified_time":"2024-02-09T18:55:07+00:00","og_image":[{"width":1675,"height":889,"url":"https:\/\/dev.explora.cl\/nuble\/wp-content\/uploads\/sites\/10\/2024\/01\/mapa.png","type":"image\/png"}],"author":"cbeltran","twitter_card":"summary_large_image","twitter_misc":{"Escrito por":"cbeltran","Tiempo estimado de lectura":"3 minutos"},"schema":{"@context":"https:\/\/schema.org","@graph":[{"@type":"Article","@id":"https:\/\/dev.explora.cl\/nuble\/par-explora-nuble-cierra-el-ano-con-todas-las-metas-cumplidas\/#article","isPartOf":{"@id":"https:\/\/dev.explora.cl\/nuble\/par-explora-nuble-cierra-el-ano-con-todas-las-metas-cumplidas\/"},"author":{"name":"cbeltran","@id":"https:\/\/dev.explora.cl\/nuble\/#\/schema\/person\/f611679f39b55ae7cdea76bc915b056e"},"headline":"PAR Explora \u00d1uble cierra el a\u00f1o con todas las metas cumplidas","datePublished":"2024-02-09T18:53:46+00:00","dateModified":"2024-02-09T18:55:07+00:00","mainEntityOfPage":{"@id":"https:\/\/dev.explora.cl\/nuble\/par-explora-nuble-cierra-el-ano-con-todas-las-metas-cumplidas\/"},"wordCount":675,"commentCount":0,"image":{"@id":"https:\/\/dev.explora.cl\/nuble\/par-explora-nuble-cierra-el-ano-con-todas-las-metas-cumplidas\/#primaryimage"},"thumbnailUrl":"https:\/\/dev.explora.cl\/nuble\/wp-content\/uploads\/sites\/10\/2024\/01\/mapa.png","articleSection":["Lugar 3"],"inLanguage":"es-CL","potentialAction":[{"@type":"CommentAction","name":"Comment","target":["https:\/\/dev.explora.cl\/nuble\/par-explora-nuble-cierra-el-ano-con-todas-las-metas-cumplidas\/#respond"]}]},{"@type":"WebPage","@id":"https:\/\/dev.explora.cl\/nuble\/par-explora-nuble-cierra-el-ano-con-todas-las-metas-cumplidas\/","url":"https:\/\/dev.explora.cl\/nuble\/par-explora-nuble-cierra-el-ano-con-todas-las-metas-cumplidas\/","name":"PAR Explora \u00d1uble cierra el a\u00f1o con todas las metas cumplidas - \u00d1uble","isPartOf":{"@id":"https:\/\/dev.explora.cl\/nuble\/#website"},"primaryImageOfPage":{"@id":"https:\/\/dev.explora.cl\/nuble\/par-explora-nuble-cierra-el-ano-con-todas-las-metas-cumplidas\/#primaryimage"},"image":{"@id":"https:\/\/dev.explora.cl\/nuble\/par-explora-nuble-cierra-el-ano-con-todas-las-metas-cumplidas\/#primaryimage"},"thumbnailUrl":"https:\/\/dev.explora.cl\/nuble\/wp-content\/uploads\/sites\/10\/2024\/01\/mapa.png","datePublished":"2024-02-09T18:53:46+00:00","dateModified":"2024-02-09T18:55:07+00:00","author":{"@id":"https:\/\/dev.explora.cl\/nuble\/#\/schema\/person\/f611679f39b55ae7cdea76bc915b056e"},"breadcrumb":{"@id":"https:\/\/dev.explora.cl\/nuble\/par-explora-nuble-cierra-el-ano-con-todas-las-metas-cumplidas\/#breadcrumb"},"inLanguage":"es-CL","potentialAction":[{"@type":"ReadAction","target":["https:\/\/dev.explora.cl\/nuble\/par-explora-nuble-cierra-el-ano-con-todas-las-metas-cumplidas\/"]}]},{"@type":"ImageObject","inLanguage":"es-CL","@id":"https:\/\/dev.explora.cl\/nuble\/par-explora-nuble-cierra-el-ano-con-todas-las-metas-cumplidas\/#primaryimage","url":"https:\/\/dev.explora.cl\/nuble\/wp-content\/uploads\/sites\/10\/2024\/01\/mapa.png","contentUrl":"https:\/\/dev.explora.cl\/nuble\/wp-content\/uploads\/sites\/10\/2024\/01\/mapa.png","width":1675,"height":889},{"@type":"BreadcrumbList","@id":"https:\/\/dev.explora.cl\/nuble\/par-explora-nuble-cierra-el-ano-con-todas-las-metas-cumplidas\/#breadcrumb","itemListElement":[{"@type":"ListItem","position":1,"name":"Portada","item":"https:\/\/dev.explora.cl\/nuble\/"},{"@type":"ListItem","position":2,"name":"PAR Explora \u00d1uble cierra el a\u00f1o con todas las metas cumplidas"}]},{"@type":"WebSite","@id":"https:\/\/dev.explora.cl\/nuble\/#website","url":"https:\/\/dev.explora.cl\/nuble\/","name":"\u00d1uble","description":"Otro sitio m\u00e1s de dev.explora.cl","potentialAction":[{"@type":"SearchAction","target":{"@type":"EntryPoint","urlTemplate":"https:\/\/dev.explora.cl\/nuble\/?s={search_term_string}"},"query-input":{"@type":"PropertyValueSpecification","valueRequired":true,"valueName":"search_term_string"}}],"inLanguage":"es-CL"},{"@type":"Person","@id":"https:\/\/dev.explora.cl\/nuble\/#\/schema\/person\/f611679f39b55ae7cdea76bc915b056e","name":"cbeltran","image":{"@type":"ImageObject","inLanguage":"es-CL","@id":"https:\/\/dev.explora.cl\/nuble\/#\/schema\/person\/image\/","url":"https:\/\/secure.gravatar.com\/avatar\/fde624b0b0faed85e420465a1cdb73a02c199b16b1d2d6bfe0a82b9ba438afbd?s=96&d=mm&r=g","contentUrl":"https:\/\/secure.gravatar.com\/avatar\/fde624b0b0faed85e420465a1cdb73a02c199b16b1d2d6bfe0a82b9ba438afbd?s=96&d=mm&r=g","caption":"cbeltran"},"url":"https:\/\/dev.explora.cl\/nuble\/author\/cbeltran\/"}]}},"_links":{"self":[{"href":"https:\/\/dev.explora.cl\/nuble\/wp-json\/wp\/v2\/posts\/36731","targetHints":{"allow":["GET"]}}],"collection":[{"href":"https:\/\/dev.explora.cl\/nuble\/wp-json\/wp\/v2\/posts"}],"about":[{"href":"https:\/\/dev.explora.cl\/nuble\/wp-json\/wp\/v2\/types\/post"}],"author":[{"embeddable":true,"href":"https:\/\/dev.explora.cl\/nuble\/wp-json\/wp\/v2\/users\/25"}],"replies":[{"embeddable":true,"href":"https:\/\/dev.explora.cl\/nuble\/wp-json\/wp\/v2\/comments?post=36731"}],"version-history":[{"count":5,"href":"https:\/\/dev.explora.cl\/nuble\/wp-json\/wp\/v2\/posts\/36731\/revisions"}],"predecessor-version":[{"id":36741,"href":"https:\/\/dev.explora.cl\/nuble\/wp-json\/wp\/v2\/posts\/36731\/revisions\/36741"}],"wp:featuredmedia":[{"embeddable":true,"href":"https:\/\/dev.explora.cl\/nuble\/wp-json\/wp\/v2\/media\/36732"}],"wp:attachment":[{"href":"https:\/\/dev.explora.cl\/nuble\/wp-json\/wp\/v2\/media?parent=36731"}],"wp:term":[{"taxonomy":"category","embeddable":true,"href":"https:\/\/dev.explora.cl\/nuble\/wp-json\/wp\/v2\/categories?post=36731"},{"taxonomy":"post_tag","embeddable":true,"href":"https:\/\/dev.explora.cl\/nuble\/wp-json\/wp\/v2\/tags?post=36731"}],"curies":[{"name":"wp","href":"https:\/\/api.w.org\/{rel}","templated":true}]}}