{"id":36568,"date":"2023-12-04T15:08:28","date_gmt":"2023-12-04T18:08:28","guid":{"rendered":"https:\/\/dev.explora.cl\/nuble\/?p=36568"},"modified":"2023-12-04T15:16:20","modified_gmt":"2023-12-04T18:16:20","slug":"programa-pipe-culmina-con-exitosa-instancia-de-socializacion-en-udec-campus-chillan-2","status":"publish","type":"post","link":"https:\/\/dev.explora.cl\/nuble\/programa-pipe-culmina-con-exitosa-instancia-de-socializacion-en-udec-campus-chillan-2\/","title":{"rendered":"Programa PIPE culmina con exitosa instancia de socializaci\u00f3n en UdeC Campus Chill\u00e1n"},"content":{"rendered":"<p>[vc_row][vc_column][vc_column_text]En las \u00e1reas verdes de la Universidad de Concepci\u00f3n campus Chill\u00e1n, el mi\u00e9rcoles 29 de Noviembre se realiz\u00f3 la \u00faltima Socializaci\u00f3n del Programa de Indagaci\u00f3n en Primeras EdadesPrimeras Edades (PIPE) organizada por el PAR Explora \u00d1uble. Cabe destacar que el 14 de noviembre se realiz\u00f3 la primera de estas con los establecimientos de la Provincia de Punilla en San Carlos, y el 16 del mismo mes en Quirihue con los equipos participantes de la provincia de Itata.<br \/>\nEstas actividades tuvieron como prop\u00f3sito intercambiar experiencias entre las educadoras de p\u00e1rvulos, quienes adem\u00e1s mostraron los resultados de las etapas del programa desarrollado este a\u00f1o: capacitaci\u00f3n, retroalimentaci\u00f3n y trabajo con el kit de materiales gestionado por el PAR Explora \u00d1uble.<\/p>\n<p>La actividad tuvo como principales expositores a los ni\u00f1os y ni\u00f1as de los establecimientos quienes explicaron los trabajos bajo el modelo de competencias PIPE &#8211; Explora. Puesto que el cierre estaba programado en UdeC- Chill\u00e1n, Explora \u00d1uble organiz\u00f3 una breve ceremonia de clausura que este 2023 convoc\u00f3 a 30 equipos de educaci\u00f3n parvularia provenientes de diversos puntos de la regi\u00f3n de \u00d1uble. En dicha ceremonia intervino el Subdirector del Campus, Daniel Sandoval, quien dio la bienvenida a las y los integrantes de los 18 equipos junto a sus ni\u00f1os y ni\u00f1as. Sandoval se\u00f1al\u00f3 sentirse complacido con la presencia inusual de estos peque\u00f1os expositores: \u201c<em>su presencia alegra la vida universitaria de este campus, y a su vez desarrollamos un tipo de vinculaci\u00f3n m\u00e1s profunda con las comunidades<\/em>\u201d manifest\u00f3 el subdirector.<br \/>\n<em>\u201cEn el desarrollo de PIPE en 2023, hemos tenido la participaci\u00f3n de gran parte de la diversidad de establecimientos de educaci\u00f3n parvularia, sean estos: v\u00eda transferencia de Fondos, Junji, Integra, Daem, y particulares subvencionados, hemos intencionado de esta forma la posibilidad que nuestras participantes conozcan otras realidades, que compartan experiencias y fortalecer, de esta forma, el ecosistema de educaci\u00f3n en primeras edades en la regi\u00f3n de \u00d1uble\u201d<\/em> sostuvo la coordinadora de Rutas Formativas y organizadora del programa <strong>PIPE<\/strong>, Tatiana Vidal.<\/p>\n<p><strong>In\u00e9s Figueroa,<\/strong> Directora del PAR Explora \u00d1uble agradeci\u00f3 la dedicaci\u00f3n, profesionalismo y compromiso demostrado por los 30 equipos de educaci\u00f3n de p\u00e1rvulos, que <em>\u201cde manera voluntaria han decidido formarse como posibilitadoras de la generaci\u00f3n de un pensamiento curioso y de indagaci\u00f3n en primeras edades\u201d<\/em>. La directora agradeci\u00f3 a los padres y apoderados que asistieron a las socializaciones de PIPE: <em>\u201cpor confiar en nosotros, permiti\u00e9ndonos contribuir en la formaci\u00f3n de los ni\u00f1os y ni\u00f1as de los establecimientos de \u00d1uble\u201d<\/em>, finaliz\u00f3.[\/vc_column_text][\/vc_column][\/vc_row][vc_row][vc_column][vc_column_text]<\/p>\n<h3 style=\"text-align: center\">Socializaci\u00f3n PIPE 2023 &#8211; Provincia de Punilla<\/h3>\n<p>[\/vc_column_text][\/vc_column][\/vc_row][vc_row content_placement=&#8221;middle&#8221;][vc_column css=&#8221;.vc_custom_1701696497029{border-radius: 3px !important;}&#8221;][vc_images_carousel images=&#8221;36577,36569,36576,36575,36574,36573,36572,36571,36570,36599,36600,36601,36602,36603,36604&#8243; img_size=&#8221;800&#215;550&#8243; onclick=&#8221;custom_link&#8221; custom_links_target=&#8221;_blank&#8221; speed=&#8221;3000&#8243; autoplay=&#8221;yes&#8221; hide_prev_next_buttons=&#8221;yes&#8221; wrap=&#8221;yes&#8221;][\/vc_column][\/vc_row][vc_row][vc_column][vc_column_text]<\/p>\n<h3 style=\"text-align: center\">Socializaci\u00f3n PIPE 2023 &#8211; Provincia de Itata<\/h3>\n<p>[\/vc_column_text][\/vc_column][\/vc_row][vc_row][vc_column][vc_images_carousel images=&#8221;36610,36611,36612,36613,36614,36615,36616,36617,36618,36619,36620,36621,36622,36623,36624,36625,36626&#8243; img_size=&#8221;800&#215;550&#8243; onclick=&#8221;custom_link&#8221; custom_links_target=&#8221;_blank&#8221; speed=&#8221;3000&#8243; autoplay=&#8221;yes&#8221; hide_prev_next_buttons=&#8221;yes&#8221; wrap=&#8221;yes&#8221; css=&#8221;.vc_custom_1701713544935{border-radius: 3px !important;}&#8221;][\/vc_column][\/vc_row][vc_row][vc_column][vc_column_text]<\/p>\n<h3 style=\"text-align: center\">Socializaci\u00f3n PIPE 2023 &#8211; Provincia de Diguill\u00edn<\/h3>\n<p>[\/vc_column_text][\/vc_column][\/vc_row][vc_row][vc_column][vc_images_carousel images=&#8221;36630,36631,36632,36633,36634,36635,36636,36637,36638,36639,36640,36641,36642,36643,36644,36645,36646,36647,36648,36649,36650,36651,36652,36653,36654,36655,36656,36657,36658,36659,36660,36661,36662,36663,36664,36665&#8243; img_size=&#8221;800&#215;550&#8243; onclick=&#8221;custom_link&#8221; custom_links_target=&#8221;_blank&#8221; speed=&#8221;3000&#8243; autoplay=&#8221;yes&#8221; hide_prev_next_buttons=&#8221;yes&#8221; wrap=&#8221;yes&#8221; css=&#8221;.vc_custom_1701713552111{border-radius: 3px !important;}&#8221;][\/vc_column][\/vc_row]<\/p>\n","protected":false},"excerpt":{"rendered":"<p>[vc_row][vc_column][vc_column_text]En las \u00e1reas verdes de la Universidad de Concepci\u00f3n campus Chill\u00e1n, el mi\u00e9rcoles 29 de Noviembre se realiz\u00f3 la \u00faltima Socializaci\u00f3n del Programa de Indagaci\u00f3n en Primeras EdadesPrimeras Edades (PIPE) organizada por el PAR Explora \u00d1uble. Cabe destacar que el 14 de noviembre se realiz\u00f3 la primera de estas con los establecimientos de la Provincia [&hellip;]<\/p>\n","protected":false},"author":25,"featured_media":36629,"comment_status":"open","ping_status":"open","sticky":false,"template":"","format":"standard","meta":{"_acf_changed":false,"_exactmetrics_skip_tracking":false,"_exactmetrics_sitenote_active":false,"_exactmetrics_sitenote_note":"","_exactmetrics_sitenote_category":0,"footnotes":"","_links_to":"","_links_to_target":""},"categories":[127,138,116,126],"tags":[241,157,182,294,181,297,200],"class_list":["post-36568","post","type-post","status-publish","format-standard","has-post-thumbnail","hentry","category-iniciativas_publ_grl","category-lugar-3","category-para-comunidad-escolar","category-para-publico-general","tag-educadorasdeparvulos","tag-nuble","tag-educacion-parvularia","tag-feria-de-socializacion","tag-pipe","tag-programa-de-indagacion-para-primeras-edades","tag-region-de-nuble"],"acf":[],"yoast_head":"<!-- This site is optimized with the Yoast SEO plugin v26.7 - https:\/\/yoast.com\/wordpress\/plugins\/seo\/ -->\n<title>Programa PIPE culmina con exitosa instancia de socializaci\u00f3n en UdeC Campus Chill\u00e1n - \u00d1uble<\/title>\n<meta name=\"robots\" content=\"index, follow, max-snippet:-1, max-image-preview:large, max-video-preview:-1\" \/>\n<link rel=\"canonical\" href=\"https:\/\/dev.explora.cl\/nuble\/programa-pipe-culmina-con-exitosa-instancia-de-socializacion-en-udec-campus-chillan-2\/\" class=\"yoast-seo-meta-tag\" \/>\n<meta property=\"og:locale\" content=\"es_ES\" class=\"yoast-seo-meta-tag\" \/>\n<meta property=\"og:type\" content=\"article\" class=\"yoast-seo-meta-tag\" \/>\n<meta property=\"og:title\" content=\"Programa PIPE culmina con exitosa instancia de socializaci\u00f3n en UdeC Campus Chill\u00e1n - \u00d1uble\" class=\"yoast-seo-meta-tag\" \/>\n<meta property=\"og:description\" content=\"[vc_row][vc_column][vc_column_text]En las \u00e1reas verdes de la Universidad de Concepci\u00f3n campus Chill\u00e1n, el mi\u00e9rcoles 29 de Noviembre se realiz\u00f3 la \u00faltima Socializaci\u00f3n del Programa de Indagaci\u00f3n en Primeras EdadesPrimeras Edades (PIPE) organizada por el PAR Explora \u00d1uble. Cabe destacar que el 14 de noviembre se realiz\u00f3 la primera de estas con los establecimientos de la Provincia [&hellip;]\" class=\"yoast-seo-meta-tag\" \/>\n<meta property=\"og:url\" content=\"https:\/\/dev.explora.cl\/nuble\/programa-pipe-culmina-con-exitosa-instancia-de-socializacion-en-udec-campus-chillan-2\/\" class=\"yoast-seo-meta-tag\" \/>\n<meta property=\"og:site_name\" content=\"\u00d1uble\" class=\"yoast-seo-meta-tag\" \/>\n<meta property=\"article:published_time\" content=\"2023-12-04T18:08:28+00:00\" class=\"yoast-seo-meta-tag\" \/>\n<meta property=\"article:modified_time\" content=\"2023-12-04T18:16:20+00:00\" class=\"yoast-seo-meta-tag\" \/>\n<meta property=\"og:image\" content=\"https:\/\/dev.explora.cl\/nuble\/wp-content\/uploads\/sites\/10\/2023\/12\/web.jpg\" class=\"yoast-seo-meta-tag\" \/>\n\t<meta property=\"og:image:width\" content=\"3538\" class=\"yoast-seo-meta-tag\" \/>\n\t<meta property=\"og:image:height\" content=\"2334\" class=\"yoast-seo-meta-tag\" \/>\n\t<meta property=\"og:image:type\" content=\"image\/jpeg\" class=\"yoast-seo-meta-tag\" \/>\n<meta name=\"author\" content=\"cbeltran\" class=\"yoast-seo-meta-tag\" \/>\n<meta name=\"twitter:card\" content=\"summary_large_image\" class=\"yoast-seo-meta-tag\" \/>\n<meta name=\"twitter:label1\" content=\"Escrito por\" class=\"yoast-seo-meta-tag\" \/>\n\t<meta name=\"twitter:data1\" content=\"cbeltran\" class=\"yoast-seo-meta-tag\" \/>\n\t<meta name=\"twitter:label2\" content=\"Tiempo estimado de lectura\" class=\"yoast-seo-meta-tag\" \/>\n\t<meta name=\"twitter:data2\" content=\"3 minutos\" class=\"yoast-seo-meta-tag\" \/>\n<script type=\"application\/ld+json\" class=\"yoast-schema-graph\">{\"@context\":\"https:\/\/schema.org\",\"@graph\":[{\"@type\":\"Article\",\"@id\":\"https:\/\/dev.explora.cl\/nuble\/programa-pipe-culmina-con-exitosa-instancia-de-socializacion-en-udec-campus-chillan-2\/#article\",\"isPartOf\":{\"@id\":\"https:\/\/dev.explora.cl\/nuble\/programa-pipe-culmina-con-exitosa-instancia-de-socializacion-en-udec-campus-chillan-2\/\"},\"author\":{\"name\":\"cbeltran\",\"@id\":\"https:\/\/dev.explora.cl\/nuble\/#\/schema\/person\/f611679f39b55ae7cdea76bc915b056e\"},\"headline\":\"Programa PIPE culmina con exitosa instancia de socializaci\u00f3n en UdeC Campus Chill\u00e1n\",\"datePublished\":\"2023-12-04T18:08:28+00:00\",\"dateModified\":\"2023-12-04T18:16:20+00:00\",\"mainEntityOfPage\":{\"@id\":\"https:\/\/dev.explora.cl\/nuble\/programa-pipe-culmina-con-exitosa-instancia-de-socializacion-en-udec-campus-chillan-2\/\"},\"wordCount\":643,\"commentCount\":0,\"image\":{\"@id\":\"https:\/\/dev.explora.cl\/nuble\/programa-pipe-culmina-con-exitosa-instancia-de-socializacion-en-udec-campus-chillan-2\/#primaryimage\"},\"thumbnailUrl\":\"https:\/\/dev.explora.cl\/nuble\/wp-content\/uploads\/sites\/10\/2023\/12\/web.jpg\",\"keywords\":[\"#EducadorasDeP\u00e1rvulos\",\"#\u00d1uble\",\"Educaci\u00f3n Parvularia\",\"Feria de socializaci\u00f3n\",\"PIPE\",\"Programa de Indagaci\u00f3n para primeras edades\",\"Regi\u00f3n de \u00d1uble\"],\"articleSection\":[\"Iniciativas\",\"Lugar 3\",\"Para Comunidad Escolar\",\"Para P\u00fablico General\"],\"inLanguage\":\"es-CL\",\"potentialAction\":[{\"@type\":\"CommentAction\",\"name\":\"Comment\",\"target\":[\"https:\/\/dev.explora.cl\/nuble\/programa-pipe-culmina-con-exitosa-instancia-de-socializacion-en-udec-campus-chillan-2\/#respond\"]}]},{\"@type\":\"WebPage\",\"@id\":\"https:\/\/dev.explora.cl\/nuble\/programa-pipe-culmina-con-exitosa-instancia-de-socializacion-en-udec-campus-chillan-2\/\",\"url\":\"https:\/\/dev.explora.cl\/nuble\/programa-pipe-culmina-con-exitosa-instancia-de-socializacion-en-udec-campus-chillan-2\/\",\"name\":\"Programa PIPE culmina con exitosa instancia de socializaci\u00f3n en UdeC Campus Chill\u00e1n - \u00d1uble\",\"isPartOf\":{\"@id\":\"https:\/\/dev.explora.cl\/nuble\/#website\"},\"primaryImageOfPage\":{\"@id\":\"https:\/\/dev.explora.cl\/nuble\/programa-pipe-culmina-con-exitosa-instancia-de-socializacion-en-udec-campus-chillan-2\/#primaryimage\"},\"image\":{\"@id\":\"https:\/\/dev.explora.cl\/nuble\/programa-pipe-culmina-con-exitosa-instancia-de-socializacion-en-udec-campus-chillan-2\/#primaryimage\"},\"thumbnailUrl\":\"https:\/\/dev.explora.cl\/nuble\/wp-content\/uploads\/sites\/10\/2023\/12\/web.jpg\",\"datePublished\":\"2023-12-04T18:08:28+00:00\",\"dateModified\":\"2023-12-04T18:16:20+00:00\",\"author\":{\"@id\":\"https:\/\/dev.explora.cl\/nuble\/#\/schema\/person\/f611679f39b55ae7cdea76bc915b056e\"},\"breadcrumb\":{\"@id\":\"https:\/\/dev.explora.cl\/nuble\/programa-pipe-culmina-con-exitosa-instancia-de-socializacion-en-udec-campus-chillan-2\/#breadcrumb\"},\"inLanguage\":\"es-CL\",\"potentialAction\":[{\"@type\":\"ReadAction\",\"target\":[\"https:\/\/dev.explora.cl\/nuble\/programa-pipe-culmina-con-exitosa-instancia-de-socializacion-en-udec-campus-chillan-2\/\"]}]},{\"@type\":\"ImageObject\",\"inLanguage\":\"es-CL\",\"@id\":\"https:\/\/dev.explora.cl\/nuble\/programa-pipe-culmina-con-exitosa-instancia-de-socializacion-en-udec-campus-chillan-2\/#primaryimage\",\"url\":\"https:\/\/dev.explora.cl\/nuble\/wp-content\/uploads\/sites\/10\/2023\/12\/web.jpg\",\"contentUrl\":\"https:\/\/dev.explora.cl\/nuble\/wp-content\/uploads\/sites\/10\/2023\/12\/web.jpg\",\"width\":3538,\"height\":2334},{\"@type\":\"BreadcrumbList\",\"@id\":\"https:\/\/dev.explora.cl\/nuble\/programa-pipe-culmina-con-exitosa-instancia-de-socializacion-en-udec-campus-chillan-2\/#breadcrumb\",\"itemListElement\":[{\"@type\":\"ListItem\",\"position\":1,\"name\":\"Portada\",\"item\":\"https:\/\/dev.explora.cl\/nuble\/\"},{\"@type\":\"ListItem\",\"position\":2,\"name\":\"Programa PIPE culmina con exitosa instancia de socializaci\u00f3n en UdeC Campus Chill\u00e1n\"}]},{\"@type\":\"WebSite\",\"@id\":\"https:\/\/dev.explora.cl\/nuble\/#website\",\"url\":\"https:\/\/dev.explora.cl\/nuble\/\",\"name\":\"\u00d1uble\",\"description\":\"Otro sitio m\u00e1s de dev.explora.cl\",\"potentialAction\":[{\"@type\":\"SearchAction\",\"target\":{\"@type\":\"EntryPoint\",\"urlTemplate\":\"https:\/\/dev.explora.cl\/nuble\/?s={search_term_string}\"},\"query-input\":{\"@type\":\"PropertyValueSpecification\",\"valueRequired\":true,\"valueName\":\"search_term_string\"}}],\"inLanguage\":\"es-CL\"},{\"@type\":\"Person\",\"@id\":\"https:\/\/dev.explora.cl\/nuble\/#\/schema\/person\/f611679f39b55ae7cdea76bc915b056e\",\"name\":\"cbeltran\",\"image\":{\"@type\":\"ImageObject\",\"inLanguage\":\"es-CL\",\"@id\":\"https:\/\/dev.explora.cl\/nuble\/#\/schema\/person\/image\/\",\"url\":\"https:\/\/secure.gravatar.com\/avatar\/fde624b0b0faed85e420465a1cdb73a02c199b16b1d2d6bfe0a82b9ba438afbd?s=96&d=mm&r=g\",\"contentUrl\":\"https:\/\/secure.gravatar.com\/avatar\/fde624b0b0faed85e420465a1cdb73a02c199b16b1d2d6bfe0a82b9ba438afbd?s=96&d=mm&r=g\",\"caption\":\"cbeltran\"},\"url\":\"https:\/\/dev.explora.cl\/nuble\/author\/cbeltran\/\"}]}<\/script>\n<!-- \/ Yoast SEO plugin. -->","yoast_head_json":{"title":"Programa PIPE culmina con exitosa instancia de socializaci\u00f3n en UdeC Campus Chill\u00e1n - \u00d1uble","robots":{"index":"index","follow":"follow","max-snippet":"max-snippet:-1","max-image-preview":"max-image-preview:large","max-video-preview":"max-video-preview:-1"},"canonical":"https:\/\/dev.explora.cl\/nuble\/programa-pipe-culmina-con-exitosa-instancia-de-socializacion-en-udec-campus-chillan-2\/","og_locale":"es_ES","og_type":"article","og_title":"Programa PIPE culmina con exitosa instancia de socializaci\u00f3n en UdeC Campus Chill\u00e1n - \u00d1uble","og_description":"[vc_row][vc_column][vc_column_text]En las \u00e1reas verdes de la Universidad de Concepci\u00f3n campus Chill\u00e1n, el mi\u00e9rcoles 29 de Noviembre se realiz\u00f3 la \u00faltima Socializaci\u00f3n del Programa de Indagaci\u00f3n en Primeras EdadesPrimeras Edades (PIPE) organizada por el PAR Explora \u00d1uble. Cabe destacar que el 14 de noviembre se realiz\u00f3 la primera de estas con los establecimientos de la Provincia [&hellip;]","og_url":"https:\/\/dev.explora.cl\/nuble\/programa-pipe-culmina-con-exitosa-instancia-de-socializacion-en-udec-campus-chillan-2\/","og_site_name":"\u00d1uble","article_published_time":"2023-12-04T18:08:28+00:00","article_modified_time":"2023-12-04T18:16:20+00:00","og_image":[{"width":3538,"height":2334,"url":"https:\/\/dev.explora.cl\/nuble\/wp-content\/uploads\/sites\/10\/2023\/12\/web.jpg","type":"image\/jpeg"}],"author":"cbeltran","twitter_card":"summary_large_image","twitter_misc":{"Escrito por":"cbeltran","Tiempo estimado de lectura":"3 minutos"},"schema":{"@context":"https:\/\/schema.org","@graph":[{"@type":"Article","@id":"https:\/\/dev.explora.cl\/nuble\/programa-pipe-culmina-con-exitosa-instancia-de-socializacion-en-udec-campus-chillan-2\/#article","isPartOf":{"@id":"https:\/\/dev.explora.cl\/nuble\/programa-pipe-culmina-con-exitosa-instancia-de-socializacion-en-udec-campus-chillan-2\/"},"author":{"name":"cbeltran","@id":"https:\/\/dev.explora.cl\/nuble\/#\/schema\/person\/f611679f39b55ae7cdea76bc915b056e"},"headline":"Programa PIPE culmina con exitosa instancia de socializaci\u00f3n en UdeC Campus Chill\u00e1n","datePublished":"2023-12-04T18:08:28+00:00","dateModified":"2023-12-04T18:16:20+00:00","mainEntityOfPage":{"@id":"https:\/\/dev.explora.cl\/nuble\/programa-pipe-culmina-con-exitosa-instancia-de-socializacion-en-udec-campus-chillan-2\/"},"wordCount":643,"commentCount":0,"image":{"@id":"https:\/\/dev.explora.cl\/nuble\/programa-pipe-culmina-con-exitosa-instancia-de-socializacion-en-udec-campus-chillan-2\/#primaryimage"},"thumbnailUrl":"https:\/\/dev.explora.cl\/nuble\/wp-content\/uploads\/sites\/10\/2023\/12\/web.jpg","keywords":["#EducadorasDeP\u00e1rvulos","#\u00d1uble","Educaci\u00f3n Parvularia","Feria de socializaci\u00f3n","PIPE","Programa de Indagaci\u00f3n para primeras edades","Regi\u00f3n de \u00d1uble"],"articleSection":["Iniciativas","Lugar 3","Para Comunidad Escolar","Para P\u00fablico General"],"inLanguage":"es-CL","potentialAction":[{"@type":"CommentAction","name":"Comment","target":["https:\/\/dev.explora.cl\/nuble\/programa-pipe-culmina-con-exitosa-instancia-de-socializacion-en-udec-campus-chillan-2\/#respond"]}]},{"@type":"WebPage","@id":"https:\/\/dev.explora.cl\/nuble\/programa-pipe-culmina-con-exitosa-instancia-de-socializacion-en-udec-campus-chillan-2\/","url":"https:\/\/dev.explora.cl\/nuble\/programa-pipe-culmina-con-exitosa-instancia-de-socializacion-en-udec-campus-chillan-2\/","name":"Programa PIPE culmina con exitosa instancia de socializaci\u00f3n en UdeC Campus Chill\u00e1n - \u00d1uble","isPartOf":{"@id":"https:\/\/dev.explora.cl\/nuble\/#website"},"primaryImageOfPage":{"@id":"https:\/\/dev.explora.cl\/nuble\/programa-pipe-culmina-con-exitosa-instancia-de-socializacion-en-udec-campus-chillan-2\/#primaryimage"},"image":{"@id":"https:\/\/dev.explora.cl\/nuble\/programa-pipe-culmina-con-exitosa-instancia-de-socializacion-en-udec-campus-chillan-2\/#primaryimage"},"thumbnailUrl":"https:\/\/dev.explora.cl\/nuble\/wp-content\/uploads\/sites\/10\/2023\/12\/web.jpg","datePublished":"2023-12-04T18:08:28+00:00","dateModified":"2023-12-04T18:16:20+00:00","author":{"@id":"https:\/\/dev.explora.cl\/nuble\/#\/schema\/person\/f611679f39b55ae7cdea76bc915b056e"},"breadcrumb":{"@id":"https:\/\/dev.explora.cl\/nuble\/programa-pipe-culmina-con-exitosa-instancia-de-socializacion-en-udec-campus-chillan-2\/#breadcrumb"},"inLanguage":"es-CL","potentialAction":[{"@type":"ReadAction","target":["https:\/\/dev.explora.cl\/nuble\/programa-pipe-culmina-con-exitosa-instancia-de-socializacion-en-udec-campus-chillan-2\/"]}]},{"@type":"ImageObject","inLanguage":"es-CL","@id":"https:\/\/dev.explora.cl\/nuble\/programa-pipe-culmina-con-exitosa-instancia-de-socializacion-en-udec-campus-chillan-2\/#primaryimage","url":"https:\/\/dev.explora.cl\/nuble\/wp-content\/uploads\/sites\/10\/2023\/12\/web.jpg","contentUrl":"https:\/\/dev.explora.cl\/nuble\/wp-content\/uploads\/sites\/10\/2023\/12\/web.jpg","width":3538,"height":2334},{"@type":"BreadcrumbList","@id":"https:\/\/dev.explora.cl\/nuble\/programa-pipe-culmina-con-exitosa-instancia-de-socializacion-en-udec-campus-chillan-2\/#breadcrumb","itemListElement":[{"@type":"ListItem","position":1,"name":"Portada","item":"https:\/\/dev.explora.cl\/nuble\/"},{"@type":"ListItem","position":2,"name":"Programa PIPE culmina con exitosa instancia de socializaci\u00f3n en UdeC Campus Chill\u00e1n"}]},{"@type":"WebSite","@id":"https:\/\/dev.explora.cl\/nuble\/#website","url":"https:\/\/dev.explora.cl\/nuble\/","name":"\u00d1uble","description":"Otro sitio m\u00e1s de dev.explora.cl","potentialAction":[{"@type":"SearchAction","target":{"@type":"EntryPoint","urlTemplate":"https:\/\/dev.explora.cl\/nuble\/?s={search_term_string}"},"query-input":{"@type":"PropertyValueSpecification","valueRequired":true,"valueName":"search_term_string"}}],"inLanguage":"es-CL"},{"@type":"Person","@id":"https:\/\/dev.explora.cl\/nuble\/#\/schema\/person\/f611679f39b55ae7cdea76bc915b056e","name":"cbeltran","image":{"@type":"ImageObject","inLanguage":"es-CL","@id":"https:\/\/dev.explora.cl\/nuble\/#\/schema\/person\/image\/","url":"https:\/\/secure.gravatar.com\/avatar\/fde624b0b0faed85e420465a1cdb73a02c199b16b1d2d6bfe0a82b9ba438afbd?s=96&d=mm&r=g","contentUrl":"https:\/\/secure.gravatar.com\/avatar\/fde624b0b0faed85e420465a1cdb73a02c199b16b1d2d6bfe0a82b9ba438afbd?s=96&d=mm&r=g","caption":"cbeltran"},"url":"https:\/\/dev.explora.cl\/nuble\/author\/cbeltran\/"}]}},"_links":{"self":[{"href":"https:\/\/dev.explora.cl\/nuble\/wp-json\/wp\/v2\/posts\/36568","targetHints":{"allow":["GET"]}}],"collection":[{"href":"https:\/\/dev.explora.cl\/nuble\/wp-json\/wp\/v2\/posts"}],"about":[{"href":"https:\/\/dev.explora.cl\/nuble\/wp-json\/wp\/v2\/types\/post"}],"author":[{"embeddable":true,"href":"https:\/\/dev.explora.cl\/nuble\/wp-json\/wp\/v2\/users\/25"}],"replies":[{"embeddable":true,"href":"https:\/\/dev.explora.cl\/nuble\/wp-json\/wp\/v2\/comments?post=36568"}],"version-history":[{"count":32,"href":"https:\/\/dev.explora.cl\/nuble\/wp-json\/wp\/v2\/posts\/36568\/revisions"}],"predecessor-version":[{"id":36670,"href":"https:\/\/dev.explora.cl\/nuble\/wp-json\/wp\/v2\/posts\/36568\/revisions\/36670"}],"wp:featuredmedia":[{"embeddable":true,"href":"https:\/\/dev.explora.cl\/nuble\/wp-json\/wp\/v2\/media\/36629"}],"wp:attachment":[{"href":"https:\/\/dev.explora.cl\/nuble\/wp-json\/wp\/v2\/media?parent=36568"}],"wp:term":[{"taxonomy":"category","embeddable":true,"href":"https:\/\/dev.explora.cl\/nuble\/wp-json\/wp\/v2\/categories?post=36568"},{"taxonomy":"post_tag","embeddable":true,"href":"https:\/\/dev.explora.cl\/nuble\/wp-json\/wp\/v2\/tags?post=36568"}],"curies":[{"name":"wp","href":"https:\/\/api.w.org\/{rel}","templated":true}]}}