{"id":36166,"date":"2023-07-26T15:49:15","date_gmt":"2023-07-26T19:49:15","guid":{"rendered":"https:\/\/dev.explora.cl\/nuble\/?p=36166"},"modified":"2023-08-17T12:53:38","modified_gmt":"2023-08-17T16:53:38","slug":"capacitacionpipe29duplas","status":"publish","type":"post","link":"https:\/\/dev.explora.cl\/nuble\/capacitacionpipe29duplas\/","title":{"rendered":"Capacitaci\u00f3n PIPE congreg\u00f3 a 29 duplas de educaci\u00f3n parvularia provenientes de diversas comunas de \u00d1uble"},"content":{"rendered":"<p>&nbsp;<\/p>\n<p><strong>La instancia de formaci\u00f3n que se realiz\u00f3 entre el 9 y 11 de agosto, tuvo como prop\u00f3sito desarrollar aprendizajes y din\u00e1micas aplicables a los entornos educativos de las primeras infancias de \u00d1uble bajo el modelo de competencias Explora. <\/strong><\/p>\n<p>En modalidad Internado, 58 profesionales y t\u00e9cnicos en educaci\u00f3n parvularia, se dieron cita en el MDS Hotel Chill\u00e1n, para someterse a una intensiva capacitaci\u00f3n enmarcada bajo el Programa de Indagaci\u00f3n para Primeras Edades (PIPE), que es llevado a cabo en todo el territorio nacional, como uno de los pilares fundamentales del Programa Explora, y es\u00a0 ejecutado en \u00d1uble por la Universidad de Concepci\u00f3n, Campus Chill\u00e1n, a trav\u00e9s de la adjudicaci\u00f3n de un Proyecto Asociativo Regional que se desarrollar\u00e1 entre 2023 y 2024.<\/p>\n<p>La capacitaci\u00f3n se inici\u00f3 el mi\u00e9rcoles 9 de agosto con un acto de inauguraci\u00f3n en el que los equipos de educaci\u00f3n parvularia fueron saludados por la Seremi de Ciencias (CTCI) Macro Zona\u00a0 Centro Sur, Dra. Sof\u00eda Valenzuela, por la Directora del PAR Explora, Dra. In\u00e9s Figueroa, y por la coordinadora de rutas formativas, Tatiana Vidal. Esta \u00faltima una vez terminada la jornada el viernes 11 inform\u00f3 que el objetivo de las jornadas se vio ampliamente consolidado en cuanto a su prop\u00f3sito, que es la aplicaci\u00f3n del Modelo de Indagaci\u00f3n y Competencias Explora: \u201cDestacamos la alta participaci\u00f3n y entusiasmo de las educadoras de educaci\u00f3n parvularia en cada uno de los talleres, concluyendo esta primera etapa con una evaluaci\u00f3n muy positiva.<\/p>\n<p>Otro de los objetivos logrados destacados por la organizaci\u00f3n, fue lograr la generaci\u00f3n de redes entre profesionales del \u00e1mbito parvulario, gener\u00e1ndose un ambiente generoso en cuanto a compartir experiencias que enriquecer\u00e1n su labor pedag\u00f3gica en las aulas emplazadas en gran parte del territorio regional de \u00d1uble.<\/p>\n<p>La columna vertebral de estas jornadas fue desarrollada por el profesor especialista en contenidos Explora, Ariel Araneda, quien profundiz\u00f3 en Modelo indagatorio, Modelo de competencias, Taller de Actividades PIPE, y planificaciones, adem\u00e1s se desarrollaron actividades complementarias, tales como el Taller de Narrativa llevado a cabo por la actriz Cynthia Varela, y el Taller Juego, Cultura y Educaci\u00f3n, ejecutado por la docente Bel\u00e9n Rivas.<\/p>\n<p>Araneda destac\u00f3 que uno de los primeros resultados conseguidos fue que las educadoras hayan realizado ejercicios de reflexi\u00f3n donde pudieron conectar con el pensamiento cient\u00edfico, y aplicarlo a la pr\u00e1ctica de aula. El segundo elemento destacado por el acad\u00e9mico \u201ctiene que ver con la capacidad de articular una acci\u00f3n de aprendizaje a un enfoque pedag\u00f3gico llamado indagaci\u00f3n cient\u00edfica que act\u00faa como mediador en el desarrollo del modelo de Competencias Explora\u201d. Mientras que el tercer logro se relaciona \u201ccon brindarnos un espacio de reflexi\u00f3n pedag\u00f3gica de aprendizaje colaborativo y de socializaci\u00f3n entre pares, lo que tributa a una experiencia que va m\u00e1s all\u00e1 de una capacitaci\u00f3n tradicional logrando una visi\u00f3n formativa profunda y focalizada en el equipo de educaci\u00f3n de parvularia\u201d finaliz\u00f3 el facultativo.<\/p>\n<p>El programa continuar\u00e1 este a\u00f1o con un proceso de retroalimentaci\u00f3n y acompa\u00f1amiento presencial en las 12 comunas que est\u00e1n participando de PIPE 2023, finalizando este a\u00f1o entre noviembre y diciembre con instancias de socializaci\u00f3n presenciales a realizarse en las 3 provincias de la regi\u00f3n de \u00d1uble. Vidal adelant\u00f3 que pr\u00f3ximamente se les har\u00e1 entrega en los mismos jardines de un kit completo de materiales para la realizaci\u00f3n de distintas actividades en aula, que son parte del Modelo Explora.<\/p>\n<p>-&#8220;Como equipo estamos muy contentos que se haya vivido una jornada exitosa en donde se cuidaron todos los detalles para crear un ambiente de trabajo que prestara todas las facilidades necesarias para las distintas actividades, y al mismo tiempo las educadoras contaran durante los tres d\u00edas con un espacio c\u00f3modo y acogedor&#8221;, destac\u00f3 la Dra. In\u00e9s Figueroa, Directora de PAR Explora \u00d1uble.<\/p>\n<p><strong>Caracterizaci\u00f3n de los establecimientos participantes<\/strong><\/p>\n<p>&#8211; Dentro de las principales caracterizaciones de los jardines participantes de PIPE 2023, desde la organizaci\u00f3n informan que lo integran ocho establecimientos DAEM, tres VTF, cuatro JUNJI, siete INTEGRA y ocho particulares subvencionados, lo que se traduce en que dos tercios de estos establecimientos son 100% estatales y uno de tres reciben financiamiento parcial del estado.<\/p>\n<p>&nbsp;<\/p>\n<p>&nbsp;<\/p>\n<p>&nbsp;<\/p>\n<p>&nbsp;<\/p>\n<p><strong><a href=\"https:\/\/dev.explora.cl\/nuble\/resultados-de-la-convocatoria-par-explora-nuble-iie-2023-2024\/20230809_095849-2\/\" rel=\"attachment wp-att-36227\"><img loading=\"lazy\" decoding=\"async\" class=\"alignnone size-medium wp-image-36227\" src=\"https:\/\/dev.explora.cl\/nuble\/wp-content\/uploads\/sites\/10\/2023\/07\/20230809_095849-e1692220576235-300x300.jpg\" alt=\"\" width=\"300\" height=\"300\" srcset=\"https:\/\/dev.explora.cl\/nuble\/wp-content\/uploads\/sites\/10\/2023\/07\/20230809_095849-e1692220576235-300x300.jpg 300w, https:\/\/dev.explora.cl\/nuble\/wp-content\/uploads\/sites\/10\/2023\/07\/20230809_095849-e1692220576235-150x150.jpg 150w, https:\/\/dev.explora.cl\/nuble\/wp-content\/uploads\/sites\/10\/2023\/07\/20230809_095849-e1692220576235-768x768.jpg 768w, https:\/\/dev.explora.cl\/nuble\/wp-content\/uploads\/sites\/10\/2023\/07\/20230809_095849-e1692220576235-1024x1024.jpg 1024w, https:\/\/dev.explora.cl\/nuble\/wp-content\/uploads\/sites\/10\/2023\/07\/20230809_095849-e1692220576235-60x60.jpg 60w\" sizes=\"auto, (max-width: 300px) 100vw, 300px\" \/><\/a><a href=\"https:\/\/dev.explora.cl\/nuble\/resultados-de-la-convocatoria-par-explora-nuble-iie-2023-2024\/20230810_115305\/\" rel=\"attachment wp-att-36226\"><img loading=\"lazy\" decoding=\"async\" class=\"alignnone size-medium wp-image-36226\" src=\"https:\/\/dev.explora.cl\/nuble\/wp-content\/uploads\/sites\/10\/2023\/07\/20230810_115305-300x225.jpg\" alt=\"\" width=\"300\" height=\"225\" srcset=\"https:\/\/dev.explora.cl\/nuble\/wp-content\/uploads\/sites\/10\/2023\/07\/20230810_115305-300x225.jpg 300w, https:\/\/dev.explora.cl\/nuble\/wp-content\/uploads\/sites\/10\/2023\/07\/20230810_115305-768x576.jpg 768w, https:\/\/dev.explora.cl\/nuble\/wp-content\/uploads\/sites\/10\/2023\/07\/20230810_115305-1024x768.jpg 1024w\" sizes=\"auto, (max-width: 300px) 100vw, 300px\" \/><\/a><a href=\"https:\/\/dev.explora.cl\/nuble\/resultados-de-la-convocatoria-par-explora-nuble-iie-2023-2024\/20230810_115008\/\" rel=\"attachment wp-att-36225\"><img loading=\"lazy\" decoding=\"async\" class=\"alignnone size-medium wp-image-36225\" src=\"https:\/\/dev.explora.cl\/nuble\/wp-content\/uploads\/sites\/10\/2023\/07\/20230810_115008-e1692220596271-225x300.jpg\" alt=\"\" width=\"225\" height=\"300\" srcset=\"https:\/\/dev.explora.cl\/nuble\/wp-content\/uploads\/sites\/10\/2023\/07\/20230810_115008-e1692220596271-225x300.jpg 225w, https:\/\/dev.explora.cl\/nuble\/wp-content\/uploads\/sites\/10\/2023\/07\/20230810_115008-e1692220596271-768x1024.jpg 768w\" sizes=\"auto, (max-width: 225px) 100vw, 225px\" \/><\/a><a href=\"https:\/\/dev.explora.cl\/nuble\/resultados-de-la-convocatoria-par-explora-nuble-iie-2023-2024\/20230810_092836\/\" rel=\"attachment wp-att-36224\"><img loading=\"lazy\" decoding=\"async\" class=\"alignnone size-medium wp-image-36224\" src=\"https:\/\/dev.explora.cl\/nuble\/wp-content\/uploads\/sites\/10\/2023\/07\/20230810_092836-300x225.jpg\" alt=\"\" width=\"300\" height=\"225\" srcset=\"https:\/\/dev.explora.cl\/nuble\/wp-content\/uploads\/sites\/10\/2023\/07\/20230810_092836-300x225.jpg 300w, https:\/\/dev.explora.cl\/nuble\/wp-content\/uploads\/sites\/10\/2023\/07\/20230810_092836-768x576.jpg 768w, https:\/\/dev.explora.cl\/nuble\/wp-content\/uploads\/sites\/10\/2023\/07\/20230810_092836-1024x768.jpg 1024w\" sizes=\"auto, (max-width: 300px) 100vw, 300px\" \/><\/a><a href=\"https:\/\/dev.explora.cl\/nuble\/?attachment_id=36217\" rel=\"attachment wp-att-36217\"><img loading=\"lazy\" decoding=\"async\" class=\"alignnone size-medium wp-image-36217\" src=\"https:\/\/dev.explora.cl\/nuble\/wp-content\/uploads\/sites\/10\/2023\/08\/20230809_090247-300x300.jpg\" alt=\"\" width=\"300\" height=\"300\" srcset=\"https:\/\/dev.explora.cl\/nuble\/wp-content\/uploads\/sites\/10\/2023\/08\/20230809_090247-300x300.jpg 300w, https:\/\/dev.explora.cl\/nuble\/wp-content\/uploads\/sites\/10\/2023\/08\/20230809_090247-150x150.jpg 150w, https:\/\/dev.explora.cl\/nuble\/wp-content\/uploads\/sites\/10\/2023\/08\/20230809_090247-768x768.jpg 768w, https:\/\/dev.explora.cl\/nuble\/wp-content\/uploads\/sites\/10\/2023\/08\/20230809_090247-1024x1024.jpg 1024w, https:\/\/dev.explora.cl\/nuble\/wp-content\/uploads\/sites\/10\/2023\/08\/20230809_090247-60x60.jpg 60w\" sizes=\"auto, (max-width: 300px) 100vw, 300px\" \/><\/a><a href=\"https:\/\/dev.explora.cl\/nuble\/?attachment_id=36216\" rel=\"attachment wp-att-36216\"><img loading=\"lazy\" decoding=\"async\" class=\"alignnone size-medium wp-image-36216\" src=\"https:\/\/dev.explora.cl\/nuble\/wp-content\/uploads\/sites\/10\/2023\/08\/20230809_095849-e1692220617652-300x300.jpg\" alt=\"\" width=\"300\" height=\"300\" srcset=\"https:\/\/dev.explora.cl\/nuble\/wp-content\/uploads\/sites\/10\/2023\/08\/20230809_095849-e1692220617652-300x300.jpg 300w, https:\/\/dev.explora.cl\/nuble\/wp-content\/uploads\/sites\/10\/2023\/08\/20230809_095849-e1692220617652-150x150.jpg 150w, https:\/\/dev.explora.cl\/nuble\/wp-content\/uploads\/sites\/10\/2023\/08\/20230809_095849-e1692220617652-768x768.jpg 768w, https:\/\/dev.explora.cl\/nuble\/wp-content\/uploads\/sites\/10\/2023\/08\/20230809_095849-e1692220617652-1024x1024.jpg 1024w, https:\/\/dev.explora.cl\/nuble\/wp-content\/uploads\/sites\/10\/2023\/08\/20230809_095849-e1692220617652-60x60.jpg 60w\" sizes=\"auto, (max-width: 300px) 100vw, 300px\" \/><\/a><a href=\"https:\/\/dev.explora.cl\/nuble\/?attachment_id=36215\" rel=\"attachment wp-att-36215\"><img loading=\"lazy\" decoding=\"async\" class=\"alignnone size-medium wp-image-36215\" src=\"https:\/\/dev.explora.cl\/nuble\/wp-content\/uploads\/sites\/10\/2023\/08\/20230809_115958-e1692220641282-225x300.jpg\" alt=\"\" width=\"225\" height=\"300\" srcset=\"https:\/\/dev.explora.cl\/nuble\/wp-content\/uploads\/sites\/10\/2023\/08\/20230809_115958-e1692220641282-225x300.jpg 225w, https:\/\/dev.explora.cl\/nuble\/wp-content\/uploads\/sites\/10\/2023\/08\/20230809_115958-e1692220641282-768x1024.jpg 768w\" sizes=\"auto, (max-width: 225px) 100vw, 225px\" \/><\/a><a href=\"https:\/\/dev.explora.cl\/nuble\/?attachment_id=36214\" rel=\"attachment wp-att-36214\"><img loading=\"lazy\" decoding=\"async\" class=\"alignnone size-medium wp-image-36214\" src=\"https:\/\/dev.explora.cl\/nuble\/wp-content\/uploads\/sites\/10\/2023\/08\/20230809_120001-e1692220761337-225x300.jpg\" alt=\"\" width=\"225\" height=\"300\" srcset=\"https:\/\/dev.explora.cl\/nuble\/wp-content\/uploads\/sites\/10\/2023\/08\/20230809_120001-e1692220761337-225x300.jpg 225w, https:\/\/dev.explora.cl\/nuble\/wp-content\/uploads\/sites\/10\/2023\/08\/20230809_120001-e1692220761337-768x1024.jpg 768w\" sizes=\"auto, (max-width: 225px) 100vw, 225px\" \/><\/a><a href=\"https:\/\/dev.explora.cl\/nuble\/?attachment_id=36213\" rel=\"attachment wp-att-36213\"><img loading=\"lazy\" decoding=\"async\" class=\"alignnone size-medium wp-image-36213\" src=\"https:\/\/dev.explora.cl\/nuble\/wp-content\/uploads\/sites\/10\/2023\/08\/20230809_122502-300x225.jpg\" alt=\"\" width=\"300\" height=\"225\" srcset=\"https:\/\/dev.explora.cl\/nuble\/wp-content\/uploads\/sites\/10\/2023\/08\/20230809_122502-300x225.jpg 300w, https:\/\/dev.explora.cl\/nuble\/wp-content\/uploads\/sites\/10\/2023\/08\/20230809_122502-768x576.jpg 768w, https:\/\/dev.explora.cl\/nuble\/wp-content\/uploads\/sites\/10\/2023\/08\/20230809_122502-1024x768.jpg 1024w\" sizes=\"auto, (max-width: 300px) 100vw, 300px\" \/><\/a><a href=\"https:\/\/dev.explora.cl\/nuble\/?attachment_id=36212\" rel=\"attachment wp-att-36212\"><img loading=\"lazy\" decoding=\"async\" class=\"alignnone size-medium wp-image-36212\" src=\"https:\/\/dev.explora.cl\/nuble\/wp-content\/uploads\/sites\/10\/2023\/08\/20230809_122346-300x225.jpg\" alt=\"\" width=\"300\" height=\"225\" srcset=\"https:\/\/dev.explora.cl\/nuble\/wp-content\/uploads\/sites\/10\/2023\/08\/20230809_122346-300x225.jpg 300w, https:\/\/dev.explora.cl\/nuble\/wp-content\/uploads\/sites\/10\/2023\/08\/20230809_122346-768x576.jpg 768w, https:\/\/dev.explora.cl\/nuble\/wp-content\/uploads\/sites\/10\/2023\/08\/20230809_122346-1024x768.jpg 1024w\" sizes=\"auto, (max-width: 300px) 100vw, 300px\" \/><\/a><\/strong><\/p>\n<p><strong><a href=\"https:\/\/dev.explora.cl\/nuble\/resultados-de-la-convocatoria-par-explora-nuble-iie-2023-2024\/20230810_110741\/\" rel=\"attachment wp-att-36229\"><img loading=\"lazy\" decoding=\"async\" class=\"alignnone size-medium wp-image-36229\" src=\"https:\/\/dev.explora.cl\/nuble\/wp-content\/uploads\/sites\/10\/2023\/07\/20230810_110741-e1692220560203-225x300.jpg\" alt=\"\" width=\"225\" height=\"300\" srcset=\"https:\/\/dev.explora.cl\/nuble\/wp-content\/uploads\/sites\/10\/2023\/07\/20230810_110741-e1692220560203-225x300.jpg 225w, https:\/\/dev.explora.cl\/nuble\/wp-content\/uploads\/sites\/10\/2023\/07\/20230810_110741-e1692220560203-768x1024.jpg 768w\" sizes=\"auto, (max-width: 225px) 100vw, 225px\" \/><\/a><a href=\"https:\/\/dev.explora.cl\/nuble\/?attachment_id=36211\" rel=\"attachment wp-att-36211\"><img loading=\"lazy\" decoding=\"async\" class=\"alignnone size-medium wp-image-36211\" src=\"https:\/\/dev.explora.cl\/nuble\/wp-content\/uploads\/sites\/10\/2023\/08\/20230809_115836-300x225.jpg\" alt=\"\" width=\"300\" height=\"225\" srcset=\"https:\/\/dev.explora.cl\/nuble\/wp-content\/uploads\/sites\/10\/2023\/08\/20230809_115836-300x225.jpg 300w, https:\/\/dev.explora.cl\/nuble\/wp-content\/uploads\/sites\/10\/2023\/08\/20230809_115836-768x576.jpg 768w, https:\/\/dev.explora.cl\/nuble\/wp-content\/uploads\/sites\/10\/2023\/08\/20230809_115836-1024x768.jpg 1024w\" sizes=\"auto, (max-width: 300px) 100vw, 300px\" \/><\/a><\/strong><\/p>\n","protected":false},"excerpt":{"rendered":"<p>&nbsp; La instancia de formaci\u00f3n que se realiz\u00f3 entre el 9 y 11 de agosto, tuvo como prop\u00f3sito desarrollar aprendizajes y din\u00e1micas aplicables a los entornos educativos de las primeras infancias de \u00d1uble bajo el modelo de competencias Explora. En modalidad Internado, 58 profesionales y t\u00e9cnicos en educaci\u00f3n parvularia, se dieron cita en el MDS [&hellip;]<\/p>\n","protected":false},"author":25,"featured_media":36237,"comment_status":"open","ping_status":"open","sticky":false,"template":"","format":"standard","meta":{"_acf_changed":false,"_exactmetrics_skip_tracking":false,"_exactmetrics_sitenote_active":false,"_exactmetrics_sitenote_note":"","_exactmetrics_sitenote_category":0,"footnotes":"","_links_to":"","_links_to_target":""},"categories":[136,1],"tags":[282,157,155,287],"class_list":["post-36166","post","type-post","status-publish","format-standard","has-post-thumbnail","hentry","category-lugar-1","category-sin-categoria","tag-iie-investigacionescolar","tag-nuble","tag-parexploranuble","tag-quirihue"],"acf":[],"yoast_head":"<!-- This site is optimized with the Yoast SEO plugin v26.7 - https:\/\/yoast.com\/wordpress\/plugins\/seo\/ -->\n<title>Capacitaci\u00f3n PIPE congreg\u00f3 a 29 duplas de educaci\u00f3n parvularia provenientes de diversas comunas de \u00d1uble - \u00d1uble<\/title>\n<meta name=\"robots\" content=\"index, follow, max-snippet:-1, max-image-preview:large, max-video-preview:-1\" \/>\n<link rel=\"canonical\" href=\"https:\/\/dev.explora.cl\/nuble\/capacitacionpipe29duplas\/\" class=\"yoast-seo-meta-tag\" \/>\n<meta property=\"og:locale\" content=\"es_ES\" class=\"yoast-seo-meta-tag\" \/>\n<meta property=\"og:type\" content=\"article\" class=\"yoast-seo-meta-tag\" \/>\n<meta property=\"og:title\" content=\"Capacitaci\u00f3n PIPE congreg\u00f3 a 29 duplas de educaci\u00f3n parvularia provenientes de diversas comunas de \u00d1uble - \u00d1uble\" class=\"yoast-seo-meta-tag\" \/>\n<meta property=\"og:description\" content=\"&nbsp; La instancia de formaci\u00f3n que se realiz\u00f3 entre el 9 y 11 de agosto, tuvo como prop\u00f3sito desarrollar aprendizajes y din\u00e1micas aplicables a los entornos educativos de las primeras infancias de \u00d1uble bajo el modelo de competencias Explora. En modalidad Internado, 58 profesionales y t\u00e9cnicos en educaci\u00f3n parvularia, se dieron cita en el MDS [&hellip;]\" class=\"yoast-seo-meta-tag\" \/>\n<meta property=\"og:url\" content=\"https:\/\/dev.explora.cl\/nuble\/capacitacionpipe29duplas\/\" class=\"yoast-seo-meta-tag\" \/>\n<meta property=\"og:site_name\" content=\"\u00d1uble\" class=\"yoast-seo-meta-tag\" \/>\n<meta property=\"article:published_time\" content=\"2023-07-26T19:49:15+00:00\" class=\"yoast-seo-meta-tag\" \/>\n<meta property=\"article:modified_time\" content=\"2023-08-17T16:53:38+00:00\" class=\"yoast-seo-meta-tag\" \/>\n<meta property=\"og:image\" content=\"https:\/\/dev.explora.cl\/nuble\/wp-content\/uploads\/sites\/10\/2023\/07\/Cierre-PIPE-01.jpg\" class=\"yoast-seo-meta-tag\" \/>\n\t<meta property=\"og:image:width\" content=\"1938\" class=\"yoast-seo-meta-tag\" \/>\n\t<meta property=\"og:image:height\" content=\"1275\" class=\"yoast-seo-meta-tag\" \/>\n\t<meta property=\"og:image:type\" content=\"image\/jpeg\" class=\"yoast-seo-meta-tag\" \/>\n<meta name=\"author\" content=\"cbeltran\" class=\"yoast-seo-meta-tag\" \/>\n<meta name=\"twitter:card\" content=\"summary_large_image\" class=\"yoast-seo-meta-tag\" \/>\n<meta name=\"twitter:label1\" content=\"Escrito por\" class=\"yoast-seo-meta-tag\" \/>\n\t<meta name=\"twitter:data1\" content=\"cbeltran\" class=\"yoast-seo-meta-tag\" \/>\n\t<meta name=\"twitter:label2\" content=\"Tiempo estimado de lectura\" class=\"yoast-seo-meta-tag\" \/>\n\t<meta name=\"twitter:data2\" content=\"4 minutos\" class=\"yoast-seo-meta-tag\" \/>\n<script type=\"application\/ld+json\" class=\"yoast-schema-graph\">{\"@context\":\"https:\/\/schema.org\",\"@graph\":[{\"@type\":\"Article\",\"@id\":\"https:\/\/dev.explora.cl\/nuble\/capacitacionpipe29duplas\/#article\",\"isPartOf\":{\"@id\":\"https:\/\/dev.explora.cl\/nuble\/capacitacionpipe29duplas\/\"},\"author\":{\"name\":\"cbeltran\",\"@id\":\"https:\/\/dev.explora.cl\/nuble\/#\/schema\/person\/f611679f39b55ae7cdea76bc915b056e\"},\"headline\":\"Capacitaci\u00f3n PIPE congreg\u00f3 a 29 duplas de educaci\u00f3n parvularia provenientes de diversas comunas de \u00d1uble\",\"datePublished\":\"2023-07-26T19:49:15+00:00\",\"dateModified\":\"2023-08-17T16:53:38+00:00\",\"mainEntityOfPage\":{\"@id\":\"https:\/\/dev.explora.cl\/nuble\/capacitacionpipe29duplas\/\"},\"wordCount\":744,\"commentCount\":0,\"image\":{\"@id\":\"https:\/\/dev.explora.cl\/nuble\/capacitacionpipe29duplas\/#primaryimage\"},\"thumbnailUrl\":\"https:\/\/dev.explora.cl\/nuble\/wp-content\/uploads\/sites\/10\/2023\/07\/Cierre-PIPE-01.jpg\",\"keywords\":[\"#IIE #Investigaci\u00f3nEscolar\",\"#\u00d1uble\",\"#PARExplora\u00d1uble\",\"#Quirihue\"],\"articleSection\":[\"Lugar 1\"],\"inLanguage\":\"es-CL\",\"potentialAction\":[{\"@type\":\"CommentAction\",\"name\":\"Comment\",\"target\":[\"https:\/\/dev.explora.cl\/nuble\/capacitacionpipe29duplas\/#respond\"]}]},{\"@type\":\"WebPage\",\"@id\":\"https:\/\/dev.explora.cl\/nuble\/capacitacionpipe29duplas\/\",\"url\":\"https:\/\/dev.explora.cl\/nuble\/capacitacionpipe29duplas\/\",\"name\":\"Capacitaci\u00f3n PIPE congreg\u00f3 a 29 duplas de educaci\u00f3n parvularia provenientes de diversas comunas de \u00d1uble - \u00d1uble\",\"isPartOf\":{\"@id\":\"https:\/\/dev.explora.cl\/nuble\/#website\"},\"primaryImageOfPage\":{\"@id\":\"https:\/\/dev.explora.cl\/nuble\/capacitacionpipe29duplas\/#primaryimage\"},\"image\":{\"@id\":\"https:\/\/dev.explora.cl\/nuble\/capacitacionpipe29duplas\/#primaryimage\"},\"thumbnailUrl\":\"https:\/\/dev.explora.cl\/nuble\/wp-content\/uploads\/sites\/10\/2023\/07\/Cierre-PIPE-01.jpg\",\"datePublished\":\"2023-07-26T19:49:15+00:00\",\"dateModified\":\"2023-08-17T16:53:38+00:00\",\"author\":{\"@id\":\"https:\/\/dev.explora.cl\/nuble\/#\/schema\/person\/f611679f39b55ae7cdea76bc915b056e\"},\"breadcrumb\":{\"@id\":\"https:\/\/dev.explora.cl\/nuble\/capacitacionpipe29duplas\/#breadcrumb\"},\"inLanguage\":\"es-CL\",\"potentialAction\":[{\"@type\":\"ReadAction\",\"target\":[\"https:\/\/dev.explora.cl\/nuble\/capacitacionpipe29duplas\/\"]}]},{\"@type\":\"ImageObject\",\"inLanguage\":\"es-CL\",\"@id\":\"https:\/\/dev.explora.cl\/nuble\/capacitacionpipe29duplas\/#primaryimage\",\"url\":\"https:\/\/dev.explora.cl\/nuble\/wp-content\/uploads\/sites\/10\/2023\/07\/Cierre-PIPE-01.jpg\",\"contentUrl\":\"https:\/\/dev.explora.cl\/nuble\/wp-content\/uploads\/sites\/10\/2023\/07\/Cierre-PIPE-01.jpg\",\"width\":1938,\"height\":1275},{\"@type\":\"BreadcrumbList\",\"@id\":\"https:\/\/dev.explora.cl\/nuble\/capacitacionpipe29duplas\/#breadcrumb\",\"itemListElement\":[{\"@type\":\"ListItem\",\"position\":1,\"name\":\"Portada\",\"item\":\"https:\/\/dev.explora.cl\/nuble\/\"},{\"@type\":\"ListItem\",\"position\":2,\"name\":\"Capacitaci\u00f3n PIPE congreg\u00f3 a 29 duplas de educaci\u00f3n parvularia provenientes de diversas comunas de \u00d1uble\"}]},{\"@type\":\"WebSite\",\"@id\":\"https:\/\/dev.explora.cl\/nuble\/#website\",\"url\":\"https:\/\/dev.explora.cl\/nuble\/\",\"name\":\"\u00d1uble\",\"description\":\"Otro sitio m\u00e1s de dev.explora.cl\",\"potentialAction\":[{\"@type\":\"SearchAction\",\"target\":{\"@type\":\"EntryPoint\",\"urlTemplate\":\"https:\/\/dev.explora.cl\/nuble\/?s={search_term_string}\"},\"query-input\":{\"@type\":\"PropertyValueSpecification\",\"valueRequired\":true,\"valueName\":\"search_term_string\"}}],\"inLanguage\":\"es-CL\"},{\"@type\":\"Person\",\"@id\":\"https:\/\/dev.explora.cl\/nuble\/#\/schema\/person\/f611679f39b55ae7cdea76bc915b056e\",\"name\":\"cbeltran\",\"image\":{\"@type\":\"ImageObject\",\"inLanguage\":\"es-CL\",\"@id\":\"https:\/\/dev.explora.cl\/nuble\/#\/schema\/person\/image\/\",\"url\":\"https:\/\/secure.gravatar.com\/avatar\/fde624b0b0faed85e420465a1cdb73a02c199b16b1d2d6bfe0a82b9ba438afbd?s=96&d=mm&r=g\",\"contentUrl\":\"https:\/\/secure.gravatar.com\/avatar\/fde624b0b0faed85e420465a1cdb73a02c199b16b1d2d6bfe0a82b9ba438afbd?s=96&d=mm&r=g\",\"caption\":\"cbeltran\"},\"url\":\"https:\/\/dev.explora.cl\/nuble\/author\/cbeltran\/\"}]}<\/script>\n<!-- \/ Yoast SEO plugin. -->","yoast_head_json":{"title":"Capacitaci\u00f3n PIPE congreg\u00f3 a 29 duplas de educaci\u00f3n parvularia provenientes de diversas comunas de \u00d1uble - \u00d1uble","robots":{"index":"index","follow":"follow","max-snippet":"max-snippet:-1","max-image-preview":"max-image-preview:large","max-video-preview":"max-video-preview:-1"},"canonical":"https:\/\/dev.explora.cl\/nuble\/capacitacionpipe29duplas\/","og_locale":"es_ES","og_type":"article","og_title":"Capacitaci\u00f3n PIPE congreg\u00f3 a 29 duplas de educaci\u00f3n parvularia provenientes de diversas comunas de \u00d1uble - \u00d1uble","og_description":"&nbsp; La instancia de formaci\u00f3n que se realiz\u00f3 entre el 9 y 11 de agosto, tuvo como prop\u00f3sito desarrollar aprendizajes y din\u00e1micas aplicables a los entornos educativos de las primeras infancias de \u00d1uble bajo el modelo de competencias Explora. En modalidad Internado, 58 profesionales y t\u00e9cnicos en educaci\u00f3n parvularia, se dieron cita en el MDS [&hellip;]","og_url":"https:\/\/dev.explora.cl\/nuble\/capacitacionpipe29duplas\/","og_site_name":"\u00d1uble","article_published_time":"2023-07-26T19:49:15+00:00","article_modified_time":"2023-08-17T16:53:38+00:00","og_image":[{"width":1938,"height":1275,"url":"https:\/\/dev.explora.cl\/nuble\/wp-content\/uploads\/sites\/10\/2023\/07\/Cierre-PIPE-01.jpg","type":"image\/jpeg"}],"author":"cbeltran","twitter_card":"summary_large_image","twitter_misc":{"Escrito por":"cbeltran","Tiempo estimado de lectura":"4 minutos"},"schema":{"@context":"https:\/\/schema.org","@graph":[{"@type":"Article","@id":"https:\/\/dev.explora.cl\/nuble\/capacitacionpipe29duplas\/#article","isPartOf":{"@id":"https:\/\/dev.explora.cl\/nuble\/capacitacionpipe29duplas\/"},"author":{"name":"cbeltran","@id":"https:\/\/dev.explora.cl\/nuble\/#\/schema\/person\/f611679f39b55ae7cdea76bc915b056e"},"headline":"Capacitaci\u00f3n PIPE congreg\u00f3 a 29 duplas de educaci\u00f3n parvularia provenientes de diversas comunas de \u00d1uble","datePublished":"2023-07-26T19:49:15+00:00","dateModified":"2023-08-17T16:53:38+00:00","mainEntityOfPage":{"@id":"https:\/\/dev.explora.cl\/nuble\/capacitacionpipe29duplas\/"},"wordCount":744,"commentCount":0,"image":{"@id":"https:\/\/dev.explora.cl\/nuble\/capacitacionpipe29duplas\/#primaryimage"},"thumbnailUrl":"https:\/\/dev.explora.cl\/nuble\/wp-content\/uploads\/sites\/10\/2023\/07\/Cierre-PIPE-01.jpg","keywords":["#IIE #Investigaci\u00f3nEscolar","#\u00d1uble","#PARExplora\u00d1uble","#Quirihue"],"articleSection":["Lugar 1"],"inLanguage":"es-CL","potentialAction":[{"@type":"CommentAction","name":"Comment","target":["https:\/\/dev.explora.cl\/nuble\/capacitacionpipe29duplas\/#respond"]}]},{"@type":"WebPage","@id":"https:\/\/dev.explora.cl\/nuble\/capacitacionpipe29duplas\/","url":"https:\/\/dev.explora.cl\/nuble\/capacitacionpipe29duplas\/","name":"Capacitaci\u00f3n PIPE congreg\u00f3 a 29 duplas de educaci\u00f3n parvularia provenientes de diversas comunas de \u00d1uble - \u00d1uble","isPartOf":{"@id":"https:\/\/dev.explora.cl\/nuble\/#website"},"primaryImageOfPage":{"@id":"https:\/\/dev.explora.cl\/nuble\/capacitacionpipe29duplas\/#primaryimage"},"image":{"@id":"https:\/\/dev.explora.cl\/nuble\/capacitacionpipe29duplas\/#primaryimage"},"thumbnailUrl":"https:\/\/dev.explora.cl\/nuble\/wp-content\/uploads\/sites\/10\/2023\/07\/Cierre-PIPE-01.jpg","datePublished":"2023-07-26T19:49:15+00:00","dateModified":"2023-08-17T16:53:38+00:00","author":{"@id":"https:\/\/dev.explora.cl\/nuble\/#\/schema\/person\/f611679f39b55ae7cdea76bc915b056e"},"breadcrumb":{"@id":"https:\/\/dev.explora.cl\/nuble\/capacitacionpipe29duplas\/#breadcrumb"},"inLanguage":"es-CL","potentialAction":[{"@type":"ReadAction","target":["https:\/\/dev.explora.cl\/nuble\/capacitacionpipe29duplas\/"]}]},{"@type":"ImageObject","inLanguage":"es-CL","@id":"https:\/\/dev.explora.cl\/nuble\/capacitacionpipe29duplas\/#primaryimage","url":"https:\/\/dev.explora.cl\/nuble\/wp-content\/uploads\/sites\/10\/2023\/07\/Cierre-PIPE-01.jpg","contentUrl":"https:\/\/dev.explora.cl\/nuble\/wp-content\/uploads\/sites\/10\/2023\/07\/Cierre-PIPE-01.jpg","width":1938,"height":1275},{"@type":"BreadcrumbList","@id":"https:\/\/dev.explora.cl\/nuble\/capacitacionpipe29duplas\/#breadcrumb","itemListElement":[{"@type":"ListItem","position":1,"name":"Portada","item":"https:\/\/dev.explora.cl\/nuble\/"},{"@type":"ListItem","position":2,"name":"Capacitaci\u00f3n PIPE congreg\u00f3 a 29 duplas de educaci\u00f3n parvularia provenientes de diversas comunas de \u00d1uble"}]},{"@type":"WebSite","@id":"https:\/\/dev.explora.cl\/nuble\/#website","url":"https:\/\/dev.explora.cl\/nuble\/","name":"\u00d1uble","description":"Otro sitio m\u00e1s de dev.explora.cl","potentialAction":[{"@type":"SearchAction","target":{"@type":"EntryPoint","urlTemplate":"https:\/\/dev.explora.cl\/nuble\/?s={search_term_string}"},"query-input":{"@type":"PropertyValueSpecification","valueRequired":true,"valueName":"search_term_string"}}],"inLanguage":"es-CL"},{"@type":"Person","@id":"https:\/\/dev.explora.cl\/nuble\/#\/schema\/person\/f611679f39b55ae7cdea76bc915b056e","name":"cbeltran","image":{"@type":"ImageObject","inLanguage":"es-CL","@id":"https:\/\/dev.explora.cl\/nuble\/#\/schema\/person\/image\/","url":"https:\/\/secure.gravatar.com\/avatar\/fde624b0b0faed85e420465a1cdb73a02c199b16b1d2d6bfe0a82b9ba438afbd?s=96&d=mm&r=g","contentUrl":"https:\/\/secure.gravatar.com\/avatar\/fde624b0b0faed85e420465a1cdb73a02c199b16b1d2d6bfe0a82b9ba438afbd?s=96&d=mm&r=g","caption":"cbeltran"},"url":"https:\/\/dev.explora.cl\/nuble\/author\/cbeltran\/"}]}},"_links":{"self":[{"href":"https:\/\/dev.explora.cl\/nuble\/wp-json\/wp\/v2\/posts\/36166","targetHints":{"allow":["GET"]}}],"collection":[{"href":"https:\/\/dev.explora.cl\/nuble\/wp-json\/wp\/v2\/posts"}],"about":[{"href":"https:\/\/dev.explora.cl\/nuble\/wp-json\/wp\/v2\/types\/post"}],"author":[{"embeddable":true,"href":"https:\/\/dev.explora.cl\/nuble\/wp-json\/wp\/v2\/users\/25"}],"replies":[{"embeddable":true,"href":"https:\/\/dev.explora.cl\/nuble\/wp-json\/wp\/v2\/comments?post=36166"}],"version-history":[{"count":18,"href":"https:\/\/dev.explora.cl\/nuble\/wp-json\/wp\/v2\/posts\/36166\/revisions"}],"predecessor-version":[{"id":36236,"href":"https:\/\/dev.explora.cl\/nuble\/wp-json\/wp\/v2\/posts\/36166\/revisions\/36236"}],"wp:featuredmedia":[{"embeddable":true,"href":"https:\/\/dev.explora.cl\/nuble\/wp-json\/wp\/v2\/media\/36237"}],"wp:attachment":[{"href":"https:\/\/dev.explora.cl\/nuble\/wp-json\/wp\/v2\/media?parent=36166"}],"wp:term":[{"taxonomy":"category","embeddable":true,"href":"https:\/\/dev.explora.cl\/nuble\/wp-json\/wp\/v2\/categories?post=36166"},{"taxonomy":"post_tag","embeddable":true,"href":"https:\/\/dev.explora.cl\/nuble\/wp-json\/wp\/v2\/tags?post=36166"}],"curies":[{"name":"wp","href":"https:\/\/api.w.org\/{rel}","templated":true}]}}