{"id":36153,"date":"2023-07-19T17:05:00","date_gmt":"2023-07-19T21:05:00","guid":{"rendered":"https:\/\/dev.explora.cl\/nuble\/?p=36153"},"modified":"2023-07-19T17:05:00","modified_gmt":"2023-07-19T21:05:00","slug":"exitoso-cierre-de-convocatoria-de-pipe-2023","status":"publish","type":"post","link":"https:\/\/dev.explora.cl\/nuble\/exitoso-cierre-de-convocatoria-de-pipe-2023\/","title":{"rendered":"Exitoso cierre de convocatoria de PIPE 2023"},"content":{"rendered":"<p>Por un mes y una semana estuvo abierta la convocatoria para participar de las diferentes actividades formativas que contempla el Programa de Indagaci\u00f3n en Primeras Edades, que es parte de las iniciativas que desarrolla el Proyecto Asociativo Regional de la regi\u00f3n de \u00d1uble, y que\u00a0 hoy (19 de julio a las 17 hrs) se dio por finalizado. Este proceso que beneficiar\u00e1 a equipos profesionales de parvulario pertenecientes a comunas pertenecientes a Itata, Punilla y Diguill\u00edn,\u00a0 se desarrollar\u00e1 entre 2023 y 2024.<\/p>\n<p>Tatiana Vidal, coordinadora de rutas formativas se mostr\u00f3 satisfecha con la cantidad de postulaciones recibidas a PAR Explora \u00d1uble indicando que &#8220;Una vez finalizada la convocatoria de PIPE, estamos contentos con la alta participaci\u00f3n por las educadoras de p\u00e1rvulos, superando la meta de las inscripciones de lo que ten\u00edamos presupuestado&#8221; la profesional concluye\u00a0 agradeciendo &#8211;\u00a0 el inter\u00e9s de todas y todos; esperamos que este proyecto 2023 sea una gran contribuci\u00f3n para el trabajo de aula con las educadoras&#8221;.<\/p>\n","protected":false},"excerpt":{"rendered":"<p>Por un mes y una semana estuvo abierta la convocatoria para participar de las diferentes actividades formativas que contempla el Programa de Indagaci\u00f3n en Primeras Edades, que es parte de las iniciativas que desarrolla el Proyecto Asociativo Regional de la regi\u00f3n de \u00d1uble, y que\u00a0 hoy (19 de julio a las 17 hrs) se dio [&hellip;]<\/p>\n","protected":false},"author":25,"featured_media":36154,"comment_status":"open","ping_status":"open","sticky":false,"template":"","format":"standard","meta":{"_acf_changed":false,"_exactmetrics_skip_tracking":false,"_exactmetrics_sitenote_active":false,"_exactmetrics_sitenote_note":"","_exactmetrics_sitenote_category":0,"footnotes":"","_links_to":"","_links_to_target":""},"categories":[137],"tags":[157,181],"class_list":["post-36153","post","type-post","status-publish","format-standard","has-post-thumbnail","hentry","category-lugar-2","tag-nuble","tag-pipe"],"acf":[],"yoast_head":"<!-- This site is optimized with the Yoast SEO plugin v26.7 - https:\/\/yoast.com\/wordpress\/plugins\/seo\/ -->\n<title>Exitoso cierre de convocatoria de PIPE 2023 - \u00d1uble<\/title>\n<meta name=\"robots\" content=\"index, follow, max-snippet:-1, max-image-preview:large, max-video-preview:-1\" \/>\n<link rel=\"canonical\" href=\"https:\/\/dev.explora.cl\/nuble\/exitoso-cierre-de-convocatoria-de-pipe-2023\/\" class=\"yoast-seo-meta-tag\" \/>\n<meta property=\"og:locale\" content=\"es_ES\" class=\"yoast-seo-meta-tag\" \/>\n<meta property=\"og:type\" content=\"article\" class=\"yoast-seo-meta-tag\" \/>\n<meta property=\"og:title\" content=\"Exitoso cierre de convocatoria de PIPE 2023 - \u00d1uble\" class=\"yoast-seo-meta-tag\" \/>\n<meta property=\"og:description\" content=\"Por un mes y una semana estuvo abierta la convocatoria para participar de las diferentes actividades formativas que contempla el Programa de Indagaci\u00f3n en Primeras Edades, que es parte de las iniciativas que desarrolla el Proyecto Asociativo Regional de la regi\u00f3n de \u00d1uble, y que\u00a0 hoy (19 de julio a las 17 hrs) se dio [&hellip;]\" class=\"yoast-seo-meta-tag\" \/>\n<meta property=\"og:url\" content=\"https:\/\/dev.explora.cl\/nuble\/exitoso-cierre-de-convocatoria-de-pipe-2023\/\" class=\"yoast-seo-meta-tag\" \/>\n<meta property=\"og:site_name\" content=\"\u00d1uble\" class=\"yoast-seo-meta-tag\" \/>\n<meta property=\"article:published_time\" content=\"2023-07-19T21:05:00+00:00\" class=\"yoast-seo-meta-tag\" \/>\n<meta property=\"og:image\" content=\"https:\/\/dev.explora.cl\/nuble\/wp-content\/uploads\/sites\/10\/2023\/07\/web-1.jpg\" class=\"yoast-seo-meta-tag\" \/>\n\t<meta property=\"og:image:width\" content=\"3539\" class=\"yoast-seo-meta-tag\" \/>\n\t<meta property=\"og:image:height\" content=\"2335\" class=\"yoast-seo-meta-tag\" \/>\n\t<meta property=\"og:image:type\" content=\"image\/jpeg\" class=\"yoast-seo-meta-tag\" \/>\n<meta name=\"author\" content=\"cbeltran\" class=\"yoast-seo-meta-tag\" \/>\n<meta name=\"twitter:card\" content=\"summary_large_image\" class=\"yoast-seo-meta-tag\" \/>\n<meta name=\"twitter:label1\" content=\"Escrito por\" class=\"yoast-seo-meta-tag\" \/>\n\t<meta name=\"twitter:data1\" content=\"cbeltran\" class=\"yoast-seo-meta-tag\" \/>\n\t<meta name=\"twitter:label2\" content=\"Tiempo estimado de lectura\" class=\"yoast-seo-meta-tag\" \/>\n\t<meta name=\"twitter:data2\" content=\"1 minuto\" class=\"yoast-seo-meta-tag\" \/>\n<script type=\"application\/ld+json\" class=\"yoast-schema-graph\">{\"@context\":\"https:\/\/schema.org\",\"@graph\":[{\"@type\":\"Article\",\"@id\":\"https:\/\/dev.explora.cl\/nuble\/exitoso-cierre-de-convocatoria-de-pipe-2023\/#article\",\"isPartOf\":{\"@id\":\"https:\/\/dev.explora.cl\/nuble\/exitoso-cierre-de-convocatoria-de-pipe-2023\/\"},\"author\":{\"name\":\"cbeltran\",\"@id\":\"https:\/\/dev.explora.cl\/nuble\/#\/schema\/person\/f611679f39b55ae7cdea76bc915b056e\"},\"headline\":\"Exitoso cierre de convocatoria de PIPE 2023\",\"datePublished\":\"2023-07-19T21:05:00+00:00\",\"mainEntityOfPage\":{\"@id\":\"https:\/\/dev.explora.cl\/nuble\/exitoso-cierre-de-convocatoria-de-pipe-2023\/\"},\"wordCount\":168,\"commentCount\":0,\"image\":{\"@id\":\"https:\/\/dev.explora.cl\/nuble\/exitoso-cierre-de-convocatoria-de-pipe-2023\/#primaryimage\"},\"thumbnailUrl\":\"https:\/\/dev.explora.cl\/nuble\/wp-content\/uploads\/sites\/10\/2023\/07\/web-1.jpg\",\"keywords\":[\"#\u00d1uble\",\"PIPE\"],\"articleSection\":[\"Lugar 2\"],\"inLanguage\":\"es-CL\",\"potentialAction\":[{\"@type\":\"CommentAction\",\"name\":\"Comment\",\"target\":[\"https:\/\/dev.explora.cl\/nuble\/exitoso-cierre-de-convocatoria-de-pipe-2023\/#respond\"]}]},{\"@type\":\"WebPage\",\"@id\":\"https:\/\/dev.explora.cl\/nuble\/exitoso-cierre-de-convocatoria-de-pipe-2023\/\",\"url\":\"https:\/\/dev.explora.cl\/nuble\/exitoso-cierre-de-convocatoria-de-pipe-2023\/\",\"name\":\"Exitoso cierre de convocatoria de PIPE 2023 - \u00d1uble\",\"isPartOf\":{\"@id\":\"https:\/\/dev.explora.cl\/nuble\/#website\"},\"primaryImageOfPage\":{\"@id\":\"https:\/\/dev.explora.cl\/nuble\/exitoso-cierre-de-convocatoria-de-pipe-2023\/#primaryimage\"},\"image\":{\"@id\":\"https:\/\/dev.explora.cl\/nuble\/exitoso-cierre-de-convocatoria-de-pipe-2023\/#primaryimage\"},\"thumbnailUrl\":\"https:\/\/dev.explora.cl\/nuble\/wp-content\/uploads\/sites\/10\/2023\/07\/web-1.jpg\",\"datePublished\":\"2023-07-19T21:05:00+00:00\",\"author\":{\"@id\":\"https:\/\/dev.explora.cl\/nuble\/#\/schema\/person\/f611679f39b55ae7cdea76bc915b056e\"},\"breadcrumb\":{\"@id\":\"https:\/\/dev.explora.cl\/nuble\/exitoso-cierre-de-convocatoria-de-pipe-2023\/#breadcrumb\"},\"inLanguage\":\"es-CL\",\"potentialAction\":[{\"@type\":\"ReadAction\",\"target\":[\"https:\/\/dev.explora.cl\/nuble\/exitoso-cierre-de-convocatoria-de-pipe-2023\/\"]}]},{\"@type\":\"ImageObject\",\"inLanguage\":\"es-CL\",\"@id\":\"https:\/\/dev.explora.cl\/nuble\/exitoso-cierre-de-convocatoria-de-pipe-2023\/#primaryimage\",\"url\":\"https:\/\/dev.explora.cl\/nuble\/wp-content\/uploads\/sites\/10\/2023\/07\/web-1.jpg\",\"contentUrl\":\"https:\/\/dev.explora.cl\/nuble\/wp-content\/uploads\/sites\/10\/2023\/07\/web-1.jpg\",\"width\":3539,\"height\":2335},{\"@type\":\"BreadcrumbList\",\"@id\":\"https:\/\/dev.explora.cl\/nuble\/exitoso-cierre-de-convocatoria-de-pipe-2023\/#breadcrumb\",\"itemListElement\":[{\"@type\":\"ListItem\",\"position\":1,\"name\":\"Portada\",\"item\":\"https:\/\/dev.explora.cl\/nuble\/\"},{\"@type\":\"ListItem\",\"position\":2,\"name\":\"Exitoso cierre de convocatoria de PIPE 2023\"}]},{\"@type\":\"WebSite\",\"@id\":\"https:\/\/dev.explora.cl\/nuble\/#website\",\"url\":\"https:\/\/dev.explora.cl\/nuble\/\",\"name\":\"\u00d1uble\",\"description\":\"Otro sitio m\u00e1s de dev.explora.cl\",\"potentialAction\":[{\"@type\":\"SearchAction\",\"target\":{\"@type\":\"EntryPoint\",\"urlTemplate\":\"https:\/\/dev.explora.cl\/nuble\/?s={search_term_string}\"},\"query-input\":{\"@type\":\"PropertyValueSpecification\",\"valueRequired\":true,\"valueName\":\"search_term_string\"}}],\"inLanguage\":\"es-CL\"},{\"@type\":\"Person\",\"@id\":\"https:\/\/dev.explora.cl\/nuble\/#\/schema\/person\/f611679f39b55ae7cdea76bc915b056e\",\"name\":\"cbeltran\",\"image\":{\"@type\":\"ImageObject\",\"inLanguage\":\"es-CL\",\"@id\":\"https:\/\/dev.explora.cl\/nuble\/#\/schema\/person\/image\/\",\"url\":\"https:\/\/secure.gravatar.com\/avatar\/fde624b0b0faed85e420465a1cdb73a02c199b16b1d2d6bfe0a82b9ba438afbd?s=96&d=mm&r=g\",\"contentUrl\":\"https:\/\/secure.gravatar.com\/avatar\/fde624b0b0faed85e420465a1cdb73a02c199b16b1d2d6bfe0a82b9ba438afbd?s=96&d=mm&r=g\",\"caption\":\"cbeltran\"},\"url\":\"https:\/\/dev.explora.cl\/nuble\/author\/cbeltran\/\"}]}<\/script>\n<!-- \/ Yoast SEO plugin. -->","yoast_head_json":{"title":"Exitoso cierre de convocatoria de PIPE 2023 - \u00d1uble","robots":{"index":"index","follow":"follow","max-snippet":"max-snippet:-1","max-image-preview":"max-image-preview:large","max-video-preview":"max-video-preview:-1"},"canonical":"https:\/\/dev.explora.cl\/nuble\/exitoso-cierre-de-convocatoria-de-pipe-2023\/","og_locale":"es_ES","og_type":"article","og_title":"Exitoso cierre de convocatoria de PIPE 2023 - \u00d1uble","og_description":"Por un mes y una semana estuvo abierta la convocatoria para participar de las diferentes actividades formativas que contempla el Programa de Indagaci\u00f3n en Primeras Edades, que es parte de las iniciativas que desarrolla el Proyecto Asociativo Regional de la regi\u00f3n de \u00d1uble, y que\u00a0 hoy (19 de julio a las 17 hrs) se dio [&hellip;]","og_url":"https:\/\/dev.explora.cl\/nuble\/exitoso-cierre-de-convocatoria-de-pipe-2023\/","og_site_name":"\u00d1uble","article_published_time":"2023-07-19T21:05:00+00:00","og_image":[{"width":3539,"height":2335,"url":"https:\/\/dev.explora.cl\/nuble\/wp-content\/uploads\/sites\/10\/2023\/07\/web-1.jpg","type":"image\/jpeg"}],"author":"cbeltran","twitter_card":"summary_large_image","twitter_misc":{"Escrito por":"cbeltran","Tiempo estimado de lectura":"1 minuto"},"schema":{"@context":"https:\/\/schema.org","@graph":[{"@type":"Article","@id":"https:\/\/dev.explora.cl\/nuble\/exitoso-cierre-de-convocatoria-de-pipe-2023\/#article","isPartOf":{"@id":"https:\/\/dev.explora.cl\/nuble\/exitoso-cierre-de-convocatoria-de-pipe-2023\/"},"author":{"name":"cbeltran","@id":"https:\/\/dev.explora.cl\/nuble\/#\/schema\/person\/f611679f39b55ae7cdea76bc915b056e"},"headline":"Exitoso cierre de convocatoria de PIPE 2023","datePublished":"2023-07-19T21:05:00+00:00","mainEntityOfPage":{"@id":"https:\/\/dev.explora.cl\/nuble\/exitoso-cierre-de-convocatoria-de-pipe-2023\/"},"wordCount":168,"commentCount":0,"image":{"@id":"https:\/\/dev.explora.cl\/nuble\/exitoso-cierre-de-convocatoria-de-pipe-2023\/#primaryimage"},"thumbnailUrl":"https:\/\/dev.explora.cl\/nuble\/wp-content\/uploads\/sites\/10\/2023\/07\/web-1.jpg","keywords":["#\u00d1uble","PIPE"],"articleSection":["Lugar 2"],"inLanguage":"es-CL","potentialAction":[{"@type":"CommentAction","name":"Comment","target":["https:\/\/dev.explora.cl\/nuble\/exitoso-cierre-de-convocatoria-de-pipe-2023\/#respond"]}]},{"@type":"WebPage","@id":"https:\/\/dev.explora.cl\/nuble\/exitoso-cierre-de-convocatoria-de-pipe-2023\/","url":"https:\/\/dev.explora.cl\/nuble\/exitoso-cierre-de-convocatoria-de-pipe-2023\/","name":"Exitoso cierre de convocatoria de PIPE 2023 - \u00d1uble","isPartOf":{"@id":"https:\/\/dev.explora.cl\/nuble\/#website"},"primaryImageOfPage":{"@id":"https:\/\/dev.explora.cl\/nuble\/exitoso-cierre-de-convocatoria-de-pipe-2023\/#primaryimage"},"image":{"@id":"https:\/\/dev.explora.cl\/nuble\/exitoso-cierre-de-convocatoria-de-pipe-2023\/#primaryimage"},"thumbnailUrl":"https:\/\/dev.explora.cl\/nuble\/wp-content\/uploads\/sites\/10\/2023\/07\/web-1.jpg","datePublished":"2023-07-19T21:05:00+00:00","author":{"@id":"https:\/\/dev.explora.cl\/nuble\/#\/schema\/person\/f611679f39b55ae7cdea76bc915b056e"},"breadcrumb":{"@id":"https:\/\/dev.explora.cl\/nuble\/exitoso-cierre-de-convocatoria-de-pipe-2023\/#breadcrumb"},"inLanguage":"es-CL","potentialAction":[{"@type":"ReadAction","target":["https:\/\/dev.explora.cl\/nuble\/exitoso-cierre-de-convocatoria-de-pipe-2023\/"]}]},{"@type":"ImageObject","inLanguage":"es-CL","@id":"https:\/\/dev.explora.cl\/nuble\/exitoso-cierre-de-convocatoria-de-pipe-2023\/#primaryimage","url":"https:\/\/dev.explora.cl\/nuble\/wp-content\/uploads\/sites\/10\/2023\/07\/web-1.jpg","contentUrl":"https:\/\/dev.explora.cl\/nuble\/wp-content\/uploads\/sites\/10\/2023\/07\/web-1.jpg","width":3539,"height":2335},{"@type":"BreadcrumbList","@id":"https:\/\/dev.explora.cl\/nuble\/exitoso-cierre-de-convocatoria-de-pipe-2023\/#breadcrumb","itemListElement":[{"@type":"ListItem","position":1,"name":"Portada","item":"https:\/\/dev.explora.cl\/nuble\/"},{"@type":"ListItem","position":2,"name":"Exitoso cierre de convocatoria de PIPE 2023"}]},{"@type":"WebSite","@id":"https:\/\/dev.explora.cl\/nuble\/#website","url":"https:\/\/dev.explora.cl\/nuble\/","name":"\u00d1uble","description":"Otro sitio m\u00e1s de dev.explora.cl","potentialAction":[{"@type":"SearchAction","target":{"@type":"EntryPoint","urlTemplate":"https:\/\/dev.explora.cl\/nuble\/?s={search_term_string}"},"query-input":{"@type":"PropertyValueSpecification","valueRequired":true,"valueName":"search_term_string"}}],"inLanguage":"es-CL"},{"@type":"Person","@id":"https:\/\/dev.explora.cl\/nuble\/#\/schema\/person\/f611679f39b55ae7cdea76bc915b056e","name":"cbeltran","image":{"@type":"ImageObject","inLanguage":"es-CL","@id":"https:\/\/dev.explora.cl\/nuble\/#\/schema\/person\/image\/","url":"https:\/\/secure.gravatar.com\/avatar\/fde624b0b0faed85e420465a1cdb73a02c199b16b1d2d6bfe0a82b9ba438afbd?s=96&d=mm&r=g","contentUrl":"https:\/\/secure.gravatar.com\/avatar\/fde624b0b0faed85e420465a1cdb73a02c199b16b1d2d6bfe0a82b9ba438afbd?s=96&d=mm&r=g","caption":"cbeltran"},"url":"https:\/\/dev.explora.cl\/nuble\/author\/cbeltran\/"}]}},"_links":{"self":[{"href":"https:\/\/dev.explora.cl\/nuble\/wp-json\/wp\/v2\/posts\/36153","targetHints":{"allow":["GET"]}}],"collection":[{"href":"https:\/\/dev.explora.cl\/nuble\/wp-json\/wp\/v2\/posts"}],"about":[{"href":"https:\/\/dev.explora.cl\/nuble\/wp-json\/wp\/v2\/types\/post"}],"author":[{"embeddable":true,"href":"https:\/\/dev.explora.cl\/nuble\/wp-json\/wp\/v2\/users\/25"}],"replies":[{"embeddable":true,"href":"https:\/\/dev.explora.cl\/nuble\/wp-json\/wp\/v2\/comments?post=36153"}],"version-history":[{"count":1,"href":"https:\/\/dev.explora.cl\/nuble\/wp-json\/wp\/v2\/posts\/36153\/revisions"}],"predecessor-version":[{"id":36157,"href":"https:\/\/dev.explora.cl\/nuble\/wp-json\/wp\/v2\/posts\/36153\/revisions\/36157"}],"wp:featuredmedia":[{"embeddable":true,"href":"https:\/\/dev.explora.cl\/nuble\/wp-json\/wp\/v2\/media\/36154"}],"wp:attachment":[{"href":"https:\/\/dev.explora.cl\/nuble\/wp-json\/wp\/v2\/media?parent=36153"}],"wp:term":[{"taxonomy":"category","embeddable":true,"href":"https:\/\/dev.explora.cl\/nuble\/wp-json\/wp\/v2\/categories?post=36153"},{"taxonomy":"post_tag","embeddable":true,"href":"https:\/\/dev.explora.cl\/nuble\/wp-json\/wp\/v2\/tags?post=36153"}],"curies":[{"name":"wp","href":"https:\/\/api.w.org\/{rel}","templated":true}]}}