{"id":36146,"date":"2023-07-19T11:29:42","date_gmt":"2023-07-19T15:29:42","guid":{"rendered":"https:\/\/dev.explora.cl\/nuble\/?p=36146"},"modified":"2023-07-27T15:15:46","modified_gmt":"2023-07-27T19:15:46","slug":"columna-de-opinion-astronomia-y-educacion-en-nuble","status":"publish","type":"post","link":"https:\/\/dev.explora.cl\/nuble\/columna-de-opinion-astronomia-y-educacion-en-nuble\/","title":{"rendered":"Columna de opini\u00f3n: astronom\u00eda y educaci\u00f3n en \u00d1uble"},"content":{"rendered":"<p><em>Por Dra. In\u00e9s Figueroa<\/em><\/p>\n<p><em>Directora PAR Explora \u00d1uble<\/em><\/p>\n<p><em>Universidad de Concepci\u00f3n<\/em><\/p>\n<p>La divulgaci\u00f3n de la astronom\u00eda en la educaci\u00f3n escolar en el contexto de \u00d1uble se hace relevante puesto que fomenta el inter\u00e9s en la ciencia: Es evidente que esta fascinante \u00e1rea que involucra el estudio del universo, los planetas, las estrellas y otros objetos celestes, al ser compartida con las y los estudiantes, desde una edad temprana, puede despertar su curiosidad y entusiasmo por la ciencia en general, lo que puede llevar a una mayor participaci\u00f3n en disciplinas cient\u00edficas y tecnol\u00f3gicas. El contacto con este milenario estudio implica la comprensi\u00f3n de conceptos complejos y la resoluci\u00f3n de problemas. Al aprender sobre el cosmos y las leyes que rigen el universo, los estudiantes desarrollan habilidades de pensamiento cr\u00edtico y an\u00e1lisis que son aplicables en muchas \u00e1reas de la vida.<\/p>\n<p>La astronom\u00eda puede inspirar a nuestras y nuestros j\u00f3venes, a considerar carreras en campos cient\u00edficos y tecnol\u00f3gicos; al mostrarles y participar de las diversas \u00e1reas de estudio que se vinculan con ella, como la f\u00edsica, la matem\u00e1tica y la ingenier\u00eda, se les brindan oportunidades para descubrir sus intereses y talentos y seguir, probablemente, un estudio superior.<\/p>\n<p>Estas y otras reflexiones se dieron lugar en el Lanzamiento del Proyecto Asociativo Regional Explora \u00d1uble 2023-2024, realizado el 12 de julio en el Campus Chill\u00e1n de la Universidad de Concepci\u00f3n, instituci\u00f3n que lidera esta iniciativa, financiada por el Ministerio de Ciencia, Tecnolog\u00eda, Conocimiento e Innovaci\u00f3n; su misi\u00f3n es contribuir al desarrollo de una cultura cient\u00edfica tecnol\u00f3gica en la regi\u00f3n, a trav\u00e9s de iniciativas que promueven la valoraci\u00f3n y divulgaci\u00f3n de las ciencias, las artes y las tecnolog\u00edas en la comunidad escolar y general.<\/p>\n<p>En esta instancia conocimos la experiencia de la docente Paola Sanhueza, encargada del Taller de Astronom\u00eda de la Escuela Municipal Rosita O\u00b4Higgins, quien nos emocion\u00f3 con sus logros y nos sorprendimos con su vocaci\u00f3n por ense\u00f1ar a ver el mundo y la naturaleza de las formas m\u00e1s l\u00fadicas y sorprendentes. El doctor Ren\u00e9 Lagos, en tanto, quien dirige el Observatorio Astron\u00f3mico de Recinto, nos mostr\u00f3 un innovador proyecto de difusi\u00f3n del estudio de los astros desde una perspectiva educativa, l\u00fadica y familiar, potenciando la oferta tur\u00edstica del sector cordillerano de \u00d1uble.<\/p>\n<p>Este encuentro nos permiti\u00f3 tener una visi\u00f3n m\u00e1s espec\u00edfica de las iniciativas que se est\u00e1n desarrollando en nuestra regi\u00f3n, y se nos hizo evidente la necesidad de generar una articulaci\u00f3n m\u00e1s profunda sobre todo con los actores claves que est\u00e1n desarrollando esta \u00e1rea de conocimiento en \u00d1uble, en donde el PAR Explora puede ser un puente de acercamiento entre las instituciones y las comunidades educativas. Es necesaria la participaci\u00f3n de las Serem\u00edas, las voluntades de autoridades educacionales, de los centros universitarios, y por sobre todo de profesores motivados que se sientan acompa\u00f1ados por este camino que puede dinamizar el desarrollo educativo de \u00d1uble.<\/p>\n<p>Concuerdo con lo se\u00f1alado por Marllory Fuentes, jefa de comunicaciones del Departamento de Astronom\u00eda UdeC y CATA (quien viaj\u00f3 especialmente a este encuentro): \u201ces necesario para el desarrollo de pa\u00eds, invertir tiempo y recursos para que podamos abrir la mirada a mundos interesantes, y poder lograr ese asombro necesario para encantarse con el deseo de conocer\u201d.<\/p>\n","protected":false},"excerpt":{"rendered":"<p>Por Dra. In\u00e9s Figueroa Directora PAR Explora \u00d1uble Universidad de Concepci\u00f3n La divulgaci\u00f3n de la astronom\u00eda en la educaci\u00f3n escolar en el contexto de \u00d1uble se hace relevante puesto que fomenta el inter\u00e9s en la ciencia: Es evidente que esta fascinante \u00e1rea que involucra el estudio del universo, los planetas, las estrellas y otros objetos [&hellip;]<\/p>\n","protected":false},"author":25,"featured_media":36151,"comment_status":"open","ping_status":"open","sticky":false,"template":"","format":"standard","meta":{"_acf_changed":false,"_exactmetrics_skip_tracking":false,"_exactmetrics_sitenote_active":false,"_exactmetrics_sitenote_note":"","_exactmetrics_sitenote_category":0,"footnotes":"","_links_to":"","_links_to_target":""},"categories":[140,4,1],"tags":[],"class_list":["post-36146","post","type-post","status-publish","format-standard","has-post-thumbnail","hentry","category-lugar-5","category-noticias","category-sin-categoria"],"acf":[],"yoast_head":"<!-- This site is optimized with the Yoast SEO plugin v26.7 - https:\/\/yoast.com\/wordpress\/plugins\/seo\/ -->\n<title>Columna de opini\u00f3n: astronom\u00eda y educaci\u00f3n en \u00d1uble - \u00d1uble<\/title>\n<meta name=\"robots\" content=\"index, follow, max-snippet:-1, max-image-preview:large, max-video-preview:-1\" \/>\n<link rel=\"canonical\" href=\"https:\/\/dev.explora.cl\/nuble\/columna-de-opinion-astronomia-y-educacion-en-nuble\/\" class=\"yoast-seo-meta-tag\" \/>\n<meta property=\"og:locale\" content=\"es_ES\" class=\"yoast-seo-meta-tag\" \/>\n<meta property=\"og:type\" content=\"article\" class=\"yoast-seo-meta-tag\" \/>\n<meta property=\"og:title\" content=\"Columna de opini\u00f3n: astronom\u00eda y educaci\u00f3n en \u00d1uble - \u00d1uble\" class=\"yoast-seo-meta-tag\" \/>\n<meta property=\"og:description\" content=\"Por Dra. In\u00e9s Figueroa Directora PAR Explora \u00d1uble Universidad de Concepci\u00f3n La divulgaci\u00f3n de la astronom\u00eda en la educaci\u00f3n escolar en el contexto de \u00d1uble se hace relevante puesto que fomenta el inter\u00e9s en la ciencia: Es evidente que esta fascinante \u00e1rea que involucra el estudio del universo, los planetas, las estrellas y otros objetos [&hellip;]\" class=\"yoast-seo-meta-tag\" \/>\n<meta property=\"og:url\" content=\"https:\/\/dev.explora.cl\/nuble\/columna-de-opinion-astronomia-y-educacion-en-nuble\/\" class=\"yoast-seo-meta-tag\" \/>\n<meta property=\"og:site_name\" content=\"\u00d1uble\" class=\"yoast-seo-meta-tag\" \/>\n<meta property=\"article:published_time\" content=\"2023-07-19T15:29:42+00:00\" class=\"yoast-seo-meta-tag\" \/>\n<meta property=\"article:modified_time\" content=\"2023-07-27T19:15:46+00:00\" class=\"yoast-seo-meta-tag\" \/>\n<meta property=\"og:image\" content=\"https:\/\/dev.explora.cl\/nuble\/wp-content\/uploads\/sites\/10\/2023\/07\/Columna-opinion-01.jpg\" class=\"yoast-seo-meta-tag\" \/>\n\t<meta property=\"og:image:width\" content=\"3539\" class=\"yoast-seo-meta-tag\" \/>\n\t<meta property=\"og:image:height\" content=\"2335\" class=\"yoast-seo-meta-tag\" \/>\n\t<meta property=\"og:image:type\" content=\"image\/jpeg\" class=\"yoast-seo-meta-tag\" \/>\n<meta name=\"author\" content=\"cbeltran\" class=\"yoast-seo-meta-tag\" \/>\n<meta name=\"twitter:card\" content=\"summary_large_image\" class=\"yoast-seo-meta-tag\" \/>\n<meta name=\"twitter:label1\" content=\"Escrito por\" class=\"yoast-seo-meta-tag\" \/>\n\t<meta name=\"twitter:data1\" content=\"cbeltran\" class=\"yoast-seo-meta-tag\" \/>\n\t<meta name=\"twitter:label2\" content=\"Tiempo estimado de lectura\" class=\"yoast-seo-meta-tag\" \/>\n\t<meta name=\"twitter:data2\" content=\"3 minutos\" class=\"yoast-seo-meta-tag\" \/>\n<script type=\"application\/ld+json\" class=\"yoast-schema-graph\">{\"@context\":\"https:\/\/schema.org\",\"@graph\":[{\"@type\":\"Article\",\"@id\":\"https:\/\/dev.explora.cl\/nuble\/columna-de-opinion-astronomia-y-educacion-en-nuble\/#article\",\"isPartOf\":{\"@id\":\"https:\/\/dev.explora.cl\/nuble\/columna-de-opinion-astronomia-y-educacion-en-nuble\/\"},\"author\":{\"name\":\"cbeltran\",\"@id\":\"https:\/\/dev.explora.cl\/nuble\/#\/schema\/person\/f611679f39b55ae7cdea76bc915b056e\"},\"headline\":\"Columna de opini\u00f3n: astronom\u00eda y educaci\u00f3n en \u00d1uble\",\"datePublished\":\"2023-07-19T15:29:42+00:00\",\"dateModified\":\"2023-07-27T19:15:46+00:00\",\"mainEntityOfPage\":{\"@id\":\"https:\/\/dev.explora.cl\/nuble\/columna-de-opinion-astronomia-y-educacion-en-nuble\/\"},\"wordCount\":596,\"commentCount\":0,\"image\":{\"@id\":\"https:\/\/dev.explora.cl\/nuble\/columna-de-opinion-astronomia-y-educacion-en-nuble\/#primaryimage\"},\"thumbnailUrl\":\"https:\/\/dev.explora.cl\/nuble\/wp-content\/uploads\/sites\/10\/2023\/07\/Columna-opinion-01.jpg\",\"articleSection\":[\"Lugar 5\",\"Noticias\"],\"inLanguage\":\"es-CL\",\"potentialAction\":[{\"@type\":\"CommentAction\",\"name\":\"Comment\",\"target\":[\"https:\/\/dev.explora.cl\/nuble\/columna-de-opinion-astronomia-y-educacion-en-nuble\/#respond\"]}]},{\"@type\":\"WebPage\",\"@id\":\"https:\/\/dev.explora.cl\/nuble\/columna-de-opinion-astronomia-y-educacion-en-nuble\/\",\"url\":\"https:\/\/dev.explora.cl\/nuble\/columna-de-opinion-astronomia-y-educacion-en-nuble\/\",\"name\":\"Columna de opini\u00f3n: astronom\u00eda y educaci\u00f3n en \u00d1uble - \u00d1uble\",\"isPartOf\":{\"@id\":\"https:\/\/dev.explora.cl\/nuble\/#website\"},\"primaryImageOfPage\":{\"@id\":\"https:\/\/dev.explora.cl\/nuble\/columna-de-opinion-astronomia-y-educacion-en-nuble\/#primaryimage\"},\"image\":{\"@id\":\"https:\/\/dev.explora.cl\/nuble\/columna-de-opinion-astronomia-y-educacion-en-nuble\/#primaryimage\"},\"thumbnailUrl\":\"https:\/\/dev.explora.cl\/nuble\/wp-content\/uploads\/sites\/10\/2023\/07\/Columna-opinion-01.jpg\",\"datePublished\":\"2023-07-19T15:29:42+00:00\",\"dateModified\":\"2023-07-27T19:15:46+00:00\",\"author\":{\"@id\":\"https:\/\/dev.explora.cl\/nuble\/#\/schema\/person\/f611679f39b55ae7cdea76bc915b056e\"},\"breadcrumb\":{\"@id\":\"https:\/\/dev.explora.cl\/nuble\/columna-de-opinion-astronomia-y-educacion-en-nuble\/#breadcrumb\"},\"inLanguage\":\"es-CL\",\"potentialAction\":[{\"@type\":\"ReadAction\",\"target\":[\"https:\/\/dev.explora.cl\/nuble\/columna-de-opinion-astronomia-y-educacion-en-nuble\/\"]}]},{\"@type\":\"ImageObject\",\"inLanguage\":\"es-CL\",\"@id\":\"https:\/\/dev.explora.cl\/nuble\/columna-de-opinion-astronomia-y-educacion-en-nuble\/#primaryimage\",\"url\":\"https:\/\/dev.explora.cl\/nuble\/wp-content\/uploads\/sites\/10\/2023\/07\/Columna-opinion-01.jpg\",\"contentUrl\":\"https:\/\/dev.explora.cl\/nuble\/wp-content\/uploads\/sites\/10\/2023\/07\/Columna-opinion-01.jpg\",\"width\":3539,\"height\":2335},{\"@type\":\"BreadcrumbList\",\"@id\":\"https:\/\/dev.explora.cl\/nuble\/columna-de-opinion-astronomia-y-educacion-en-nuble\/#breadcrumb\",\"itemListElement\":[{\"@type\":\"ListItem\",\"position\":1,\"name\":\"Portada\",\"item\":\"https:\/\/dev.explora.cl\/nuble\/\"},{\"@type\":\"ListItem\",\"position\":2,\"name\":\"Columna de opini\u00f3n: astronom\u00eda y educaci\u00f3n en \u00d1uble\"}]},{\"@type\":\"WebSite\",\"@id\":\"https:\/\/dev.explora.cl\/nuble\/#website\",\"url\":\"https:\/\/dev.explora.cl\/nuble\/\",\"name\":\"\u00d1uble\",\"description\":\"Otro sitio m\u00e1s de dev.explora.cl\",\"potentialAction\":[{\"@type\":\"SearchAction\",\"target\":{\"@type\":\"EntryPoint\",\"urlTemplate\":\"https:\/\/dev.explora.cl\/nuble\/?s={search_term_string}\"},\"query-input\":{\"@type\":\"PropertyValueSpecification\",\"valueRequired\":true,\"valueName\":\"search_term_string\"}}],\"inLanguage\":\"es-CL\"},{\"@type\":\"Person\",\"@id\":\"https:\/\/dev.explora.cl\/nuble\/#\/schema\/person\/f611679f39b55ae7cdea76bc915b056e\",\"name\":\"cbeltran\",\"image\":{\"@type\":\"ImageObject\",\"inLanguage\":\"es-CL\",\"@id\":\"https:\/\/dev.explora.cl\/nuble\/#\/schema\/person\/image\/\",\"url\":\"https:\/\/secure.gravatar.com\/avatar\/fde624b0b0faed85e420465a1cdb73a02c199b16b1d2d6bfe0a82b9ba438afbd?s=96&d=mm&r=g\",\"contentUrl\":\"https:\/\/secure.gravatar.com\/avatar\/fde624b0b0faed85e420465a1cdb73a02c199b16b1d2d6bfe0a82b9ba438afbd?s=96&d=mm&r=g\",\"caption\":\"cbeltran\"},\"url\":\"https:\/\/dev.explora.cl\/nuble\/author\/cbeltran\/\"}]}<\/script>\n<!-- \/ Yoast SEO plugin. -->","yoast_head_json":{"title":"Columna de opini\u00f3n: astronom\u00eda y educaci\u00f3n en \u00d1uble - \u00d1uble","robots":{"index":"index","follow":"follow","max-snippet":"max-snippet:-1","max-image-preview":"max-image-preview:large","max-video-preview":"max-video-preview:-1"},"canonical":"https:\/\/dev.explora.cl\/nuble\/columna-de-opinion-astronomia-y-educacion-en-nuble\/","og_locale":"es_ES","og_type":"article","og_title":"Columna de opini\u00f3n: astronom\u00eda y educaci\u00f3n en \u00d1uble - \u00d1uble","og_description":"Por Dra. In\u00e9s Figueroa Directora PAR Explora \u00d1uble Universidad de Concepci\u00f3n La divulgaci\u00f3n de la astronom\u00eda en la educaci\u00f3n escolar en el contexto de \u00d1uble se hace relevante puesto que fomenta el inter\u00e9s en la ciencia: Es evidente que esta fascinante \u00e1rea que involucra el estudio del universo, los planetas, las estrellas y otros objetos [&hellip;]","og_url":"https:\/\/dev.explora.cl\/nuble\/columna-de-opinion-astronomia-y-educacion-en-nuble\/","og_site_name":"\u00d1uble","article_published_time":"2023-07-19T15:29:42+00:00","article_modified_time":"2023-07-27T19:15:46+00:00","og_image":[{"width":3539,"height":2335,"url":"https:\/\/dev.explora.cl\/nuble\/wp-content\/uploads\/sites\/10\/2023\/07\/Columna-opinion-01.jpg","type":"image\/jpeg"}],"author":"cbeltran","twitter_card":"summary_large_image","twitter_misc":{"Escrito por":"cbeltran","Tiempo estimado de lectura":"3 minutos"},"schema":{"@context":"https:\/\/schema.org","@graph":[{"@type":"Article","@id":"https:\/\/dev.explora.cl\/nuble\/columna-de-opinion-astronomia-y-educacion-en-nuble\/#article","isPartOf":{"@id":"https:\/\/dev.explora.cl\/nuble\/columna-de-opinion-astronomia-y-educacion-en-nuble\/"},"author":{"name":"cbeltran","@id":"https:\/\/dev.explora.cl\/nuble\/#\/schema\/person\/f611679f39b55ae7cdea76bc915b056e"},"headline":"Columna de opini\u00f3n: astronom\u00eda y educaci\u00f3n en \u00d1uble","datePublished":"2023-07-19T15:29:42+00:00","dateModified":"2023-07-27T19:15:46+00:00","mainEntityOfPage":{"@id":"https:\/\/dev.explora.cl\/nuble\/columna-de-opinion-astronomia-y-educacion-en-nuble\/"},"wordCount":596,"commentCount":0,"image":{"@id":"https:\/\/dev.explora.cl\/nuble\/columna-de-opinion-astronomia-y-educacion-en-nuble\/#primaryimage"},"thumbnailUrl":"https:\/\/dev.explora.cl\/nuble\/wp-content\/uploads\/sites\/10\/2023\/07\/Columna-opinion-01.jpg","articleSection":["Lugar 5","Noticias"],"inLanguage":"es-CL","potentialAction":[{"@type":"CommentAction","name":"Comment","target":["https:\/\/dev.explora.cl\/nuble\/columna-de-opinion-astronomia-y-educacion-en-nuble\/#respond"]}]},{"@type":"WebPage","@id":"https:\/\/dev.explora.cl\/nuble\/columna-de-opinion-astronomia-y-educacion-en-nuble\/","url":"https:\/\/dev.explora.cl\/nuble\/columna-de-opinion-astronomia-y-educacion-en-nuble\/","name":"Columna de opini\u00f3n: astronom\u00eda y educaci\u00f3n en \u00d1uble - \u00d1uble","isPartOf":{"@id":"https:\/\/dev.explora.cl\/nuble\/#website"},"primaryImageOfPage":{"@id":"https:\/\/dev.explora.cl\/nuble\/columna-de-opinion-astronomia-y-educacion-en-nuble\/#primaryimage"},"image":{"@id":"https:\/\/dev.explora.cl\/nuble\/columna-de-opinion-astronomia-y-educacion-en-nuble\/#primaryimage"},"thumbnailUrl":"https:\/\/dev.explora.cl\/nuble\/wp-content\/uploads\/sites\/10\/2023\/07\/Columna-opinion-01.jpg","datePublished":"2023-07-19T15:29:42+00:00","dateModified":"2023-07-27T19:15:46+00:00","author":{"@id":"https:\/\/dev.explora.cl\/nuble\/#\/schema\/person\/f611679f39b55ae7cdea76bc915b056e"},"breadcrumb":{"@id":"https:\/\/dev.explora.cl\/nuble\/columna-de-opinion-astronomia-y-educacion-en-nuble\/#breadcrumb"},"inLanguage":"es-CL","potentialAction":[{"@type":"ReadAction","target":["https:\/\/dev.explora.cl\/nuble\/columna-de-opinion-astronomia-y-educacion-en-nuble\/"]}]},{"@type":"ImageObject","inLanguage":"es-CL","@id":"https:\/\/dev.explora.cl\/nuble\/columna-de-opinion-astronomia-y-educacion-en-nuble\/#primaryimage","url":"https:\/\/dev.explora.cl\/nuble\/wp-content\/uploads\/sites\/10\/2023\/07\/Columna-opinion-01.jpg","contentUrl":"https:\/\/dev.explora.cl\/nuble\/wp-content\/uploads\/sites\/10\/2023\/07\/Columna-opinion-01.jpg","width":3539,"height":2335},{"@type":"BreadcrumbList","@id":"https:\/\/dev.explora.cl\/nuble\/columna-de-opinion-astronomia-y-educacion-en-nuble\/#breadcrumb","itemListElement":[{"@type":"ListItem","position":1,"name":"Portada","item":"https:\/\/dev.explora.cl\/nuble\/"},{"@type":"ListItem","position":2,"name":"Columna de opini\u00f3n: astronom\u00eda y educaci\u00f3n en \u00d1uble"}]},{"@type":"WebSite","@id":"https:\/\/dev.explora.cl\/nuble\/#website","url":"https:\/\/dev.explora.cl\/nuble\/","name":"\u00d1uble","description":"Otro sitio m\u00e1s de dev.explora.cl","potentialAction":[{"@type":"SearchAction","target":{"@type":"EntryPoint","urlTemplate":"https:\/\/dev.explora.cl\/nuble\/?s={search_term_string}"},"query-input":{"@type":"PropertyValueSpecification","valueRequired":true,"valueName":"search_term_string"}}],"inLanguage":"es-CL"},{"@type":"Person","@id":"https:\/\/dev.explora.cl\/nuble\/#\/schema\/person\/f611679f39b55ae7cdea76bc915b056e","name":"cbeltran","image":{"@type":"ImageObject","inLanguage":"es-CL","@id":"https:\/\/dev.explora.cl\/nuble\/#\/schema\/person\/image\/","url":"https:\/\/secure.gravatar.com\/avatar\/fde624b0b0faed85e420465a1cdb73a02c199b16b1d2d6bfe0a82b9ba438afbd?s=96&d=mm&r=g","contentUrl":"https:\/\/secure.gravatar.com\/avatar\/fde624b0b0faed85e420465a1cdb73a02c199b16b1d2d6bfe0a82b9ba438afbd?s=96&d=mm&r=g","caption":"cbeltran"},"url":"https:\/\/dev.explora.cl\/nuble\/author\/cbeltran\/"}]}},"_links":{"self":[{"href":"https:\/\/dev.explora.cl\/nuble\/wp-json\/wp\/v2\/posts\/36146","targetHints":{"allow":["GET"]}}],"collection":[{"href":"https:\/\/dev.explora.cl\/nuble\/wp-json\/wp\/v2\/posts"}],"about":[{"href":"https:\/\/dev.explora.cl\/nuble\/wp-json\/wp\/v2\/types\/post"}],"author":[{"embeddable":true,"href":"https:\/\/dev.explora.cl\/nuble\/wp-json\/wp\/v2\/users\/25"}],"replies":[{"embeddable":true,"href":"https:\/\/dev.explora.cl\/nuble\/wp-json\/wp\/v2\/comments?post=36146"}],"version-history":[{"count":3,"href":"https:\/\/dev.explora.cl\/nuble\/wp-json\/wp\/v2\/posts\/36146\/revisions"}],"predecessor-version":[{"id":36199,"href":"https:\/\/dev.explora.cl\/nuble\/wp-json\/wp\/v2\/posts\/36146\/revisions\/36199"}],"wp:featuredmedia":[{"embeddable":true,"href":"https:\/\/dev.explora.cl\/nuble\/wp-json\/wp\/v2\/media\/36151"}],"wp:attachment":[{"href":"https:\/\/dev.explora.cl\/nuble\/wp-json\/wp\/v2\/media?parent=36146"}],"wp:term":[{"taxonomy":"category","embeddable":true,"href":"https:\/\/dev.explora.cl\/nuble\/wp-json\/wp\/v2\/categories?post=36146"},{"taxonomy":"post_tag","embeddable":true,"href":"https:\/\/dev.explora.cl\/nuble\/wp-json\/wp\/v2\/tags?post=36146"}],"curies":[{"name":"wp","href":"https:\/\/api.w.org\/{rel}","templated":true}]}}