{"id":36021,"date":"2023-01-25T13:16:39","date_gmt":"2023-01-25T16:16:39","guid":{"rendered":"https:\/\/dev.explora.cl\/nuble\/?p=36021"},"modified":"2023-01-25T13:17:29","modified_gmt":"2023-01-25T16:17:29","slug":"catalogo-y-exposicion-artistica-invitan-a-conocer-nuble-desde-la-mirada-de-ninos-ninas-y-adolescentes-de-la-region","status":"publish","type":"post","link":"https:\/\/dev.explora.cl\/nuble\/catalogo-y-exposicion-artistica-invitan-a-conocer-nuble-desde-la-mirada-de-ninos-ninas-y-adolescentes-de-la-region\/","title":{"rendered":"Cat\u00e1logo y exposici\u00f3n art\u00edstica invitan a conocer \u00d1uble desde la mirada de ni\u00f1os, ni\u00f1as y adolescentes de la regi\u00f3n"},"content":{"rendered":"<p><strong>Obras de arte y fotograf\u00edas fueron parte de la muestra que reunir\u00e1 los trabajos de 42 ni\u00f1os, ni\u00f1as y adolescentes de la regi\u00f3n, en una instancia organizada por Explora \u00d1uble y la Seremi de Desarrollo Social y Familia..<\/strong><\/p>\n<p><span style=\"font-weight: 400\">La muestra \u201cConociendo y retratando mi regi\u00f3n\u201d est\u00e1 ubicada en la Sala Gonzalo Rojas, del Teatro Municipal de Chill\u00e1n, hasta el 23 de diciembre. Esta instancia a cargo del Proyecto Asociativo Regional, PAR, Explora \u00d1uble- financiado por el Ministerio de Ciencia, Tecnolog\u00eda, Conocimiento e Innovaci\u00f3n y ejecutado por la UdeC Campus Chill\u00e1n- en colaboraci\u00f3n con el programa \u201cAbriendo Caminos\u201d del Ministerio de Desarrollo Social y Familia, es el punto c\u00falmine del trabajo realizado por ambas entidades durante el \u00faltimo trimestre de 2022.\u00a0<\/span><\/p>\n<p><span style=\"font-weight: 400\">\u201cConociendo y retratando mi regi\u00f3n\u201d es una iniciativa que releva las caracter\u00edsticas culturales y naturales de \u00d1uble, invitando que los y las j\u00f3venes recorran la zona aprendiendo sobre su flora y fauna nativa. Durante la realizaci\u00f3n de los talleres, los y las participantes recorrieron el Valle Las Trancas, en la comuna de Pinto y el Cerro Cayumanqui, en la comuna de Quill\u00f3n, como parte de la ruta natural.<\/span><\/p>\n<p><span style=\"font-weight: 400\">Al respecto, la Dra. In\u00e9s Figueroa Cares, directora de Explora \u00d1uble expresa que \u201cagradecemos al Ministerio de Desarrollo Social y Familia, y a las corporaciones Llequ\u00e9n y CATIM, por permitirnos compartir este recorrido y colaborar en el proceso creativo que desarrollaron los ni\u00f1os, ni\u00f1as y adolescentes que participaron de esta actividad. Sin duda, el combinar arte y ciencia ha sido uno de los ejes claves del trabajo de Explora \u00d1uble, esperamos seguir generando estos espacios de encuentro entre de distintas disciplinas\u201d, sostuvo.<\/span><\/p>\n<p><span style=\"font-weight: 400\">En relaci\u00f3n a la participaci\u00f3n del Ministerio de Desarrollo Social y Familia, la Seremi Marta Carvajal Aguirre enfatiza sobre la necesidad de abrir puertas y oportunidaes, a trav\u00e9s del trabajo colaborativo entre el Programa Abriendo Caminos y Explora \u00d1uble. \u201cDestacamos como\u00a0 gobierno del presidente Gabriel Boric el trabajo\u00a0 que se hace desde la institucionalidad p\u00fablico privada y c\u00f3mo va beneficiando a los ni\u00f1os\u00a0 ni\u00f1as y j\u00f3venes que con toda la disposici\u00f3n, responsabilidad y talento participaron de cada uno de estos talleres, lo que hoy se concreta con esta exposici\u00f3n que presentamos en el Teatro Municipal de Chill\u00e1n\u201d, puntualiz\u00f3.\u00a0<\/span><\/p>\n<p><span style=\"font-weight: 400\">La exposici\u00f3n es acompa\u00f1ada por un cat\u00e1logo que plasma la experiencia de ni\u00f1os, ni\u00f1as y adolescentes que participaron de la iniciativa regional, con testimonios de los y las protagonistas. La muestra estar\u00e1 abierta al p\u00fablico hasta el 23 de diciembre, en la Sala Gonzalo Rojas, cuarto piso del Teatro Municipal de Chill\u00e1n.<\/span><\/p>\n<p><img loading=\"lazy\" decoding=\"async\" class=\"alignnone wp-image-36023\" src=\"https:\/\/dev.explora.cl\/nuble\/wp-content\/uploads\/sites\/10\/2023\/01\/IMG_6744-300x200.jpg\" alt=\"\" width=\"563\" height=\"375\" srcset=\"https:\/\/dev.explora.cl\/nuble\/wp-content\/uploads\/sites\/10\/2023\/01\/IMG_6744-300x200.jpg 300w, https:\/\/dev.explora.cl\/nuble\/wp-content\/uploads\/sites\/10\/2023\/01\/IMG_6744-768x512.jpg 768w, https:\/\/dev.explora.cl\/nuble\/wp-content\/uploads\/sites\/10\/2023\/01\/IMG_6744-1024x683.jpg 1024w\" sizes=\"auto, (max-width: 563px) 100vw, 563px\" \/><\/p>\n","protected":false},"excerpt":{"rendered":"<p>Obras de arte y fotograf\u00edas fueron parte de la muestra que reunir\u00e1 los trabajos de 42 ni\u00f1os, ni\u00f1as y adolescentes de la regi\u00f3n, en una instancia organizada por Explora \u00d1uble y la Seremi de Desarrollo Social y Familia.. La muestra \u201cConociendo y retratando mi regi\u00f3n\u201d est\u00e1 ubicada en la Sala Gonzalo Rojas, del Teatro Municipal [&hellip;]<\/p>\n","protected":false},"author":25,"featured_media":36022,"comment_status":"open","ping_status":"open","sticky":false,"template":"","format":"standard","meta":{"_acf_changed":false,"_exactmetrics_skip_tracking":false,"_exactmetrics_sitenote_active":false,"_exactmetrics_sitenote_note":"","_exactmetrics_sitenote_category":0,"footnotes":"","_links_to":"","_links_to_target":""},"categories":[151,138,1],"tags":[],"class_list":["post-36021","post","type-post","status-publish","format-standard","has-post-thumbnail","hentry","category-banner","category-lugar-3","category-sin-categoria"],"acf":[],"yoast_head":"<!-- This site is optimized with the Yoast SEO plugin v26.7 - https:\/\/yoast.com\/wordpress\/plugins\/seo\/ -->\n<title>Cat\u00e1logo y exposici\u00f3n art\u00edstica invitan a conocer \u00d1uble desde la mirada de ni\u00f1os, ni\u00f1as y adolescentes de la regi\u00f3n - \u00d1uble<\/title>\n<meta name=\"robots\" content=\"index, follow, max-snippet:-1, max-image-preview:large, max-video-preview:-1\" \/>\n<link rel=\"canonical\" href=\"https:\/\/dev.explora.cl\/nuble\/catalogo-y-exposicion-artistica-invitan-a-conocer-nuble-desde-la-mirada-de-ninos-ninas-y-adolescentes-de-la-region\/\" class=\"yoast-seo-meta-tag\" \/>\n<meta property=\"og:locale\" content=\"es_ES\" class=\"yoast-seo-meta-tag\" \/>\n<meta property=\"og:type\" content=\"article\" class=\"yoast-seo-meta-tag\" \/>\n<meta property=\"og:title\" content=\"Cat\u00e1logo y exposici\u00f3n art\u00edstica invitan a conocer \u00d1uble desde la mirada de ni\u00f1os, ni\u00f1as y adolescentes de la regi\u00f3n - \u00d1uble\" class=\"yoast-seo-meta-tag\" \/>\n<meta property=\"og:description\" content=\"Obras de arte y fotograf\u00edas fueron parte de la muestra que reunir\u00e1 los trabajos de 42 ni\u00f1os, ni\u00f1as y adolescentes de la regi\u00f3n, en una instancia organizada por Explora \u00d1uble y la Seremi de Desarrollo Social y Familia.. La muestra \u201cConociendo y retratando mi regi\u00f3n\u201d est\u00e1 ubicada en la Sala Gonzalo Rojas, del Teatro Municipal [&hellip;]\" class=\"yoast-seo-meta-tag\" \/>\n<meta property=\"og:url\" content=\"https:\/\/dev.explora.cl\/nuble\/catalogo-y-exposicion-artistica-invitan-a-conocer-nuble-desde-la-mirada-de-ninos-ninas-y-adolescentes-de-la-region\/\" class=\"yoast-seo-meta-tag\" \/>\n<meta property=\"og:site_name\" content=\"\u00d1uble\" class=\"yoast-seo-meta-tag\" \/>\n<meta property=\"article:published_time\" content=\"2023-01-25T16:16:39+00:00\" class=\"yoast-seo-meta-tag\" \/>\n<meta property=\"article:modified_time\" content=\"2023-01-25T16:17:29+00:00\" class=\"yoast-seo-meta-tag\" \/>\n<meta property=\"og:image\" content=\"https:\/\/dev.explora.cl\/nuble\/wp-content\/uploads\/sites\/10\/2023\/01\/IMG_6765.jpg\" class=\"yoast-seo-meta-tag\" \/>\n\t<meta property=\"og:image:width\" content=\"2080\" class=\"yoast-seo-meta-tag\" \/>\n\t<meta property=\"og:image:height\" content=\"1387\" class=\"yoast-seo-meta-tag\" \/>\n\t<meta property=\"og:image:type\" content=\"image\/jpeg\" class=\"yoast-seo-meta-tag\" \/>\n<meta name=\"author\" content=\"cbeltran\" class=\"yoast-seo-meta-tag\" \/>\n<meta name=\"twitter:card\" content=\"summary_large_image\" class=\"yoast-seo-meta-tag\" \/>\n<meta name=\"twitter:label1\" content=\"Escrito por\" class=\"yoast-seo-meta-tag\" \/>\n\t<meta name=\"twitter:data1\" content=\"cbeltran\" class=\"yoast-seo-meta-tag\" \/>\n\t<meta name=\"twitter:label2\" content=\"Tiempo estimado de lectura\" class=\"yoast-seo-meta-tag\" \/>\n\t<meta name=\"twitter:data2\" content=\"2 minutos\" class=\"yoast-seo-meta-tag\" \/>\n<script type=\"application\/ld+json\" class=\"yoast-schema-graph\">{\"@context\":\"https:\/\/schema.org\",\"@graph\":[{\"@type\":\"Article\",\"@id\":\"https:\/\/dev.explora.cl\/nuble\/catalogo-y-exposicion-artistica-invitan-a-conocer-nuble-desde-la-mirada-de-ninos-ninas-y-adolescentes-de-la-region\/#article\",\"isPartOf\":{\"@id\":\"https:\/\/dev.explora.cl\/nuble\/catalogo-y-exposicion-artistica-invitan-a-conocer-nuble-desde-la-mirada-de-ninos-ninas-y-adolescentes-de-la-region\/\"},\"author\":{\"name\":\"cbeltran\",\"@id\":\"https:\/\/dev.explora.cl\/nuble\/#\/schema\/person\/f611679f39b55ae7cdea76bc915b056e\"},\"headline\":\"Cat\u00e1logo y exposici\u00f3n art\u00edstica invitan a conocer \u00d1uble desde la mirada de ni\u00f1os, ni\u00f1as y adolescentes de la regi\u00f3n\",\"datePublished\":\"2023-01-25T16:16:39+00:00\",\"dateModified\":\"2023-01-25T16:17:29+00:00\",\"mainEntityOfPage\":{\"@id\":\"https:\/\/dev.explora.cl\/nuble\/catalogo-y-exposicion-artistica-invitan-a-conocer-nuble-desde-la-mirada-de-ninos-ninas-y-adolescentes-de-la-region\/\"},\"wordCount\":479,\"commentCount\":0,\"image\":{\"@id\":\"https:\/\/dev.explora.cl\/nuble\/catalogo-y-exposicion-artistica-invitan-a-conocer-nuble-desde-la-mirada-de-ninos-ninas-y-adolescentes-de-la-region\/#primaryimage\"},\"thumbnailUrl\":\"https:\/\/dev.explora.cl\/nuble\/wp-content\/uploads\/sites\/10\/2023\/01\/IMG_6765.jpg\",\"articleSection\":[\"Banner\",\"Lugar 3\"],\"inLanguage\":\"es-CL\",\"potentialAction\":[{\"@type\":\"CommentAction\",\"name\":\"Comment\",\"target\":[\"https:\/\/dev.explora.cl\/nuble\/catalogo-y-exposicion-artistica-invitan-a-conocer-nuble-desde-la-mirada-de-ninos-ninas-y-adolescentes-de-la-region\/#respond\"]}]},{\"@type\":\"WebPage\",\"@id\":\"https:\/\/dev.explora.cl\/nuble\/catalogo-y-exposicion-artistica-invitan-a-conocer-nuble-desde-la-mirada-de-ninos-ninas-y-adolescentes-de-la-region\/\",\"url\":\"https:\/\/dev.explora.cl\/nuble\/catalogo-y-exposicion-artistica-invitan-a-conocer-nuble-desde-la-mirada-de-ninos-ninas-y-adolescentes-de-la-region\/\",\"name\":\"Cat\u00e1logo y exposici\u00f3n art\u00edstica invitan a conocer \u00d1uble desde la mirada de ni\u00f1os, ni\u00f1as y adolescentes de la regi\u00f3n - \u00d1uble\",\"isPartOf\":{\"@id\":\"https:\/\/dev.explora.cl\/nuble\/#website\"},\"primaryImageOfPage\":{\"@id\":\"https:\/\/dev.explora.cl\/nuble\/catalogo-y-exposicion-artistica-invitan-a-conocer-nuble-desde-la-mirada-de-ninos-ninas-y-adolescentes-de-la-region\/#primaryimage\"},\"image\":{\"@id\":\"https:\/\/dev.explora.cl\/nuble\/catalogo-y-exposicion-artistica-invitan-a-conocer-nuble-desde-la-mirada-de-ninos-ninas-y-adolescentes-de-la-region\/#primaryimage\"},\"thumbnailUrl\":\"https:\/\/dev.explora.cl\/nuble\/wp-content\/uploads\/sites\/10\/2023\/01\/IMG_6765.jpg\",\"datePublished\":\"2023-01-25T16:16:39+00:00\",\"dateModified\":\"2023-01-25T16:17:29+00:00\",\"author\":{\"@id\":\"https:\/\/dev.explora.cl\/nuble\/#\/schema\/person\/f611679f39b55ae7cdea76bc915b056e\"},\"breadcrumb\":{\"@id\":\"https:\/\/dev.explora.cl\/nuble\/catalogo-y-exposicion-artistica-invitan-a-conocer-nuble-desde-la-mirada-de-ninos-ninas-y-adolescentes-de-la-region\/#breadcrumb\"},\"inLanguage\":\"es-CL\",\"potentialAction\":[{\"@type\":\"ReadAction\",\"target\":[\"https:\/\/dev.explora.cl\/nuble\/catalogo-y-exposicion-artistica-invitan-a-conocer-nuble-desde-la-mirada-de-ninos-ninas-y-adolescentes-de-la-region\/\"]}]},{\"@type\":\"ImageObject\",\"inLanguage\":\"es-CL\",\"@id\":\"https:\/\/dev.explora.cl\/nuble\/catalogo-y-exposicion-artistica-invitan-a-conocer-nuble-desde-la-mirada-de-ninos-ninas-y-adolescentes-de-la-region\/#primaryimage\",\"url\":\"https:\/\/dev.explora.cl\/nuble\/wp-content\/uploads\/sites\/10\/2023\/01\/IMG_6765.jpg\",\"contentUrl\":\"https:\/\/dev.explora.cl\/nuble\/wp-content\/uploads\/sites\/10\/2023\/01\/IMG_6765.jpg\",\"width\":2080,\"height\":1387},{\"@type\":\"BreadcrumbList\",\"@id\":\"https:\/\/dev.explora.cl\/nuble\/catalogo-y-exposicion-artistica-invitan-a-conocer-nuble-desde-la-mirada-de-ninos-ninas-y-adolescentes-de-la-region\/#breadcrumb\",\"itemListElement\":[{\"@type\":\"ListItem\",\"position\":1,\"name\":\"Portada\",\"item\":\"https:\/\/dev.explora.cl\/nuble\/\"},{\"@type\":\"ListItem\",\"position\":2,\"name\":\"Cat\u00e1logo y exposici\u00f3n art\u00edstica invitan a conocer \u00d1uble desde la mirada de ni\u00f1os, ni\u00f1as y adolescentes de la regi\u00f3n\"}]},{\"@type\":\"WebSite\",\"@id\":\"https:\/\/dev.explora.cl\/nuble\/#website\",\"url\":\"https:\/\/dev.explora.cl\/nuble\/\",\"name\":\"\u00d1uble\",\"description\":\"Otro sitio m\u00e1s de dev.explora.cl\",\"potentialAction\":[{\"@type\":\"SearchAction\",\"target\":{\"@type\":\"EntryPoint\",\"urlTemplate\":\"https:\/\/dev.explora.cl\/nuble\/?s={search_term_string}\"},\"query-input\":{\"@type\":\"PropertyValueSpecification\",\"valueRequired\":true,\"valueName\":\"search_term_string\"}}],\"inLanguage\":\"es-CL\"},{\"@type\":\"Person\",\"@id\":\"https:\/\/dev.explora.cl\/nuble\/#\/schema\/person\/f611679f39b55ae7cdea76bc915b056e\",\"name\":\"cbeltran\",\"image\":{\"@type\":\"ImageObject\",\"inLanguage\":\"es-CL\",\"@id\":\"https:\/\/dev.explora.cl\/nuble\/#\/schema\/person\/image\/\",\"url\":\"https:\/\/secure.gravatar.com\/avatar\/fde624b0b0faed85e420465a1cdb73a02c199b16b1d2d6bfe0a82b9ba438afbd?s=96&d=mm&r=g\",\"contentUrl\":\"https:\/\/secure.gravatar.com\/avatar\/fde624b0b0faed85e420465a1cdb73a02c199b16b1d2d6bfe0a82b9ba438afbd?s=96&d=mm&r=g\",\"caption\":\"cbeltran\"},\"url\":\"https:\/\/dev.explora.cl\/nuble\/author\/cbeltran\/\"}]}<\/script>\n<!-- \/ Yoast SEO plugin. -->","yoast_head_json":{"title":"Cat\u00e1logo y exposici\u00f3n art\u00edstica invitan a conocer \u00d1uble desde la mirada de ni\u00f1os, ni\u00f1as y adolescentes de la regi\u00f3n - \u00d1uble","robots":{"index":"index","follow":"follow","max-snippet":"max-snippet:-1","max-image-preview":"max-image-preview:large","max-video-preview":"max-video-preview:-1"},"canonical":"https:\/\/dev.explora.cl\/nuble\/catalogo-y-exposicion-artistica-invitan-a-conocer-nuble-desde-la-mirada-de-ninos-ninas-y-adolescentes-de-la-region\/","og_locale":"es_ES","og_type":"article","og_title":"Cat\u00e1logo y exposici\u00f3n art\u00edstica invitan a conocer \u00d1uble desde la mirada de ni\u00f1os, ni\u00f1as y adolescentes de la regi\u00f3n - \u00d1uble","og_description":"Obras de arte y fotograf\u00edas fueron parte de la muestra que reunir\u00e1 los trabajos de 42 ni\u00f1os, ni\u00f1as y adolescentes de la regi\u00f3n, en una instancia organizada por Explora \u00d1uble y la Seremi de Desarrollo Social y Familia.. La muestra \u201cConociendo y retratando mi regi\u00f3n\u201d est\u00e1 ubicada en la Sala Gonzalo Rojas, del Teatro Municipal [&hellip;]","og_url":"https:\/\/dev.explora.cl\/nuble\/catalogo-y-exposicion-artistica-invitan-a-conocer-nuble-desde-la-mirada-de-ninos-ninas-y-adolescentes-de-la-region\/","og_site_name":"\u00d1uble","article_published_time":"2023-01-25T16:16:39+00:00","article_modified_time":"2023-01-25T16:17:29+00:00","og_image":[{"width":2080,"height":1387,"url":"https:\/\/dev.explora.cl\/nuble\/wp-content\/uploads\/sites\/10\/2023\/01\/IMG_6765.jpg","type":"image\/jpeg"}],"author":"cbeltran","twitter_card":"summary_large_image","twitter_misc":{"Escrito por":"cbeltran","Tiempo estimado de lectura":"2 minutos"},"schema":{"@context":"https:\/\/schema.org","@graph":[{"@type":"Article","@id":"https:\/\/dev.explora.cl\/nuble\/catalogo-y-exposicion-artistica-invitan-a-conocer-nuble-desde-la-mirada-de-ninos-ninas-y-adolescentes-de-la-region\/#article","isPartOf":{"@id":"https:\/\/dev.explora.cl\/nuble\/catalogo-y-exposicion-artistica-invitan-a-conocer-nuble-desde-la-mirada-de-ninos-ninas-y-adolescentes-de-la-region\/"},"author":{"name":"cbeltran","@id":"https:\/\/dev.explora.cl\/nuble\/#\/schema\/person\/f611679f39b55ae7cdea76bc915b056e"},"headline":"Cat\u00e1logo y exposici\u00f3n art\u00edstica invitan a conocer \u00d1uble desde la mirada de ni\u00f1os, ni\u00f1as y adolescentes de la regi\u00f3n","datePublished":"2023-01-25T16:16:39+00:00","dateModified":"2023-01-25T16:17:29+00:00","mainEntityOfPage":{"@id":"https:\/\/dev.explora.cl\/nuble\/catalogo-y-exposicion-artistica-invitan-a-conocer-nuble-desde-la-mirada-de-ninos-ninas-y-adolescentes-de-la-region\/"},"wordCount":479,"commentCount":0,"image":{"@id":"https:\/\/dev.explora.cl\/nuble\/catalogo-y-exposicion-artistica-invitan-a-conocer-nuble-desde-la-mirada-de-ninos-ninas-y-adolescentes-de-la-region\/#primaryimage"},"thumbnailUrl":"https:\/\/dev.explora.cl\/nuble\/wp-content\/uploads\/sites\/10\/2023\/01\/IMG_6765.jpg","articleSection":["Banner","Lugar 3"],"inLanguage":"es-CL","potentialAction":[{"@type":"CommentAction","name":"Comment","target":["https:\/\/dev.explora.cl\/nuble\/catalogo-y-exposicion-artistica-invitan-a-conocer-nuble-desde-la-mirada-de-ninos-ninas-y-adolescentes-de-la-region\/#respond"]}]},{"@type":"WebPage","@id":"https:\/\/dev.explora.cl\/nuble\/catalogo-y-exposicion-artistica-invitan-a-conocer-nuble-desde-la-mirada-de-ninos-ninas-y-adolescentes-de-la-region\/","url":"https:\/\/dev.explora.cl\/nuble\/catalogo-y-exposicion-artistica-invitan-a-conocer-nuble-desde-la-mirada-de-ninos-ninas-y-adolescentes-de-la-region\/","name":"Cat\u00e1logo y exposici\u00f3n art\u00edstica invitan a conocer \u00d1uble desde la mirada de ni\u00f1os, ni\u00f1as y adolescentes de la regi\u00f3n - \u00d1uble","isPartOf":{"@id":"https:\/\/dev.explora.cl\/nuble\/#website"},"primaryImageOfPage":{"@id":"https:\/\/dev.explora.cl\/nuble\/catalogo-y-exposicion-artistica-invitan-a-conocer-nuble-desde-la-mirada-de-ninos-ninas-y-adolescentes-de-la-region\/#primaryimage"},"image":{"@id":"https:\/\/dev.explora.cl\/nuble\/catalogo-y-exposicion-artistica-invitan-a-conocer-nuble-desde-la-mirada-de-ninos-ninas-y-adolescentes-de-la-region\/#primaryimage"},"thumbnailUrl":"https:\/\/dev.explora.cl\/nuble\/wp-content\/uploads\/sites\/10\/2023\/01\/IMG_6765.jpg","datePublished":"2023-01-25T16:16:39+00:00","dateModified":"2023-01-25T16:17:29+00:00","author":{"@id":"https:\/\/dev.explora.cl\/nuble\/#\/schema\/person\/f611679f39b55ae7cdea76bc915b056e"},"breadcrumb":{"@id":"https:\/\/dev.explora.cl\/nuble\/catalogo-y-exposicion-artistica-invitan-a-conocer-nuble-desde-la-mirada-de-ninos-ninas-y-adolescentes-de-la-region\/#breadcrumb"},"inLanguage":"es-CL","potentialAction":[{"@type":"ReadAction","target":["https:\/\/dev.explora.cl\/nuble\/catalogo-y-exposicion-artistica-invitan-a-conocer-nuble-desde-la-mirada-de-ninos-ninas-y-adolescentes-de-la-region\/"]}]},{"@type":"ImageObject","inLanguage":"es-CL","@id":"https:\/\/dev.explora.cl\/nuble\/catalogo-y-exposicion-artistica-invitan-a-conocer-nuble-desde-la-mirada-de-ninos-ninas-y-adolescentes-de-la-region\/#primaryimage","url":"https:\/\/dev.explora.cl\/nuble\/wp-content\/uploads\/sites\/10\/2023\/01\/IMG_6765.jpg","contentUrl":"https:\/\/dev.explora.cl\/nuble\/wp-content\/uploads\/sites\/10\/2023\/01\/IMG_6765.jpg","width":2080,"height":1387},{"@type":"BreadcrumbList","@id":"https:\/\/dev.explora.cl\/nuble\/catalogo-y-exposicion-artistica-invitan-a-conocer-nuble-desde-la-mirada-de-ninos-ninas-y-adolescentes-de-la-region\/#breadcrumb","itemListElement":[{"@type":"ListItem","position":1,"name":"Portada","item":"https:\/\/dev.explora.cl\/nuble\/"},{"@type":"ListItem","position":2,"name":"Cat\u00e1logo y exposici\u00f3n art\u00edstica invitan a conocer \u00d1uble desde la mirada de ni\u00f1os, ni\u00f1as y adolescentes de la regi\u00f3n"}]},{"@type":"WebSite","@id":"https:\/\/dev.explora.cl\/nuble\/#website","url":"https:\/\/dev.explora.cl\/nuble\/","name":"\u00d1uble","description":"Otro sitio m\u00e1s de dev.explora.cl","potentialAction":[{"@type":"SearchAction","target":{"@type":"EntryPoint","urlTemplate":"https:\/\/dev.explora.cl\/nuble\/?s={search_term_string}"},"query-input":{"@type":"PropertyValueSpecification","valueRequired":true,"valueName":"search_term_string"}}],"inLanguage":"es-CL"},{"@type":"Person","@id":"https:\/\/dev.explora.cl\/nuble\/#\/schema\/person\/f611679f39b55ae7cdea76bc915b056e","name":"cbeltran","image":{"@type":"ImageObject","inLanguage":"es-CL","@id":"https:\/\/dev.explora.cl\/nuble\/#\/schema\/person\/image\/","url":"https:\/\/secure.gravatar.com\/avatar\/fde624b0b0faed85e420465a1cdb73a02c199b16b1d2d6bfe0a82b9ba438afbd?s=96&d=mm&r=g","contentUrl":"https:\/\/secure.gravatar.com\/avatar\/fde624b0b0faed85e420465a1cdb73a02c199b16b1d2d6bfe0a82b9ba438afbd?s=96&d=mm&r=g","caption":"cbeltran"},"url":"https:\/\/dev.explora.cl\/nuble\/author\/cbeltran\/"}]}},"_links":{"self":[{"href":"https:\/\/dev.explora.cl\/nuble\/wp-json\/wp\/v2\/posts\/36021","targetHints":{"allow":["GET"]}}],"collection":[{"href":"https:\/\/dev.explora.cl\/nuble\/wp-json\/wp\/v2\/posts"}],"about":[{"href":"https:\/\/dev.explora.cl\/nuble\/wp-json\/wp\/v2\/types\/post"}],"author":[{"embeddable":true,"href":"https:\/\/dev.explora.cl\/nuble\/wp-json\/wp\/v2\/users\/25"}],"replies":[{"embeddable":true,"href":"https:\/\/dev.explora.cl\/nuble\/wp-json\/wp\/v2\/comments?post=36021"}],"version-history":[{"count":2,"href":"https:\/\/dev.explora.cl\/nuble\/wp-json\/wp\/v2\/posts\/36021\/revisions"}],"predecessor-version":[{"id":36025,"href":"https:\/\/dev.explora.cl\/nuble\/wp-json\/wp\/v2\/posts\/36021\/revisions\/36025"}],"wp:featuredmedia":[{"embeddable":true,"href":"https:\/\/dev.explora.cl\/nuble\/wp-json\/wp\/v2\/media\/36022"}],"wp:attachment":[{"href":"https:\/\/dev.explora.cl\/nuble\/wp-json\/wp\/v2\/media?parent=36021"}],"wp:term":[{"taxonomy":"category","embeddable":true,"href":"https:\/\/dev.explora.cl\/nuble\/wp-json\/wp\/v2\/categories?post=36021"},{"taxonomy":"post_tag","embeddable":true,"href":"https:\/\/dev.explora.cl\/nuble\/wp-json\/wp\/v2\/tags?post=36021"}],"curies":[{"name":"wp","href":"https:\/\/api.w.org\/{rel}","templated":true}]}}