{"id":35764,"date":"2022-10-17T12:20:40","date_gmt":"2022-10-17T15:20:40","guid":{"rendered":"https:\/\/dev.explora.cl\/nuble\/?p=35764"},"modified":"2023-01-26T11:54:40","modified_gmt":"2023-01-26T14:54:40","slug":"festival-de-las-ciencias-2022-abordo-el-cambio-climatico-y-el-agua-en-nuble","status":"publish","type":"post","link":"https:\/\/dev.explora.cl\/nuble\/festival-de-las-ciencias-2022-abordo-el-cambio-climatico-y-el-agua-en-nuble\/","title":{"rendered":"Festival de las Ciencias 2022 abord\u00f3 el cambio clim\u00e1tico y el agua en \u00d1uble"},"content":{"rendered":"<p>[vc_row][vc_column][vc_column_text]<i><span style=\"font-weight: 400\">Con una despliegue por distintas comunas de la regi\u00f3n, Explora \u00d1uble llev\u00f3 el conocimiento a la ciudadan\u00eda, a trav\u00e9s de talleres, charlas, exposiciones y una feria cient\u00edfica en la Universidad de Concepci\u00f3n, Campus Chill\u00e1n.\u00a0<\/span><\/i><\/p>\n<p><span style=\"font-weight: 400\">Teniendo como premisa el celebrar el conocimiento en las 21 comunas de la zona, Explora \u00d1uble &#8211; proyecto financiado por el Ministerio de Ciencia, Tecnolog\u00eda, Conocimiento e Innovaci\u00f3n y ejecutado por la Universidad de Concepci\u00f3n, Campus Chill\u00e1n- realiz\u00f3 una serie de actividades gratuitas y abiertas a la comunidad, en el marco del Festival de las Ciencias, FECI 2022.<\/span><\/p>\n<p><span style=\"font-weight: 400\">FECI, es un hito nacional que busca <strong>posicionar las ciencias en el imaginario colectivo de la poblaci\u00f3n<\/strong>. Este a\u00f1o, el llamado fue a <strong>celebrar el conocimiento a partir de una tem\u00e1tica particular: el cambio clim\u00e1tico y el agua<\/strong>, con m\u00e1s de 200 actividades organizadas a lo largo del pa\u00eds.\u00a0<\/span><\/p>\n<p><span style=\"font-weight: 400\">Desde Explora \u00d1uble, FECI es una oportunidad para ofrecer distintas experiencias cient\u00edficas, tecnol\u00f3gicas y art\u00edsticas, que por un lado, aborden el eje tem\u00e1tico propuesto por el MinCiencia, y por otra parte, tengan una bajada con pertinencia territorial, mostrando <strong>c\u00f3mo la comunidad en \u00d1uble est\u00e1 trabajando en enfrentar la crisis clim\u00e1tica optimizar el recurso h\u00eddrico<\/strong>.\u00a0<\/span><\/p>\n<p><span style=\"font-weight: 400\">La <strong>Dra. In\u00e9s Figueroa Cares, directora de Explora \u00d1uble<\/strong> comenta que \u201cesta versi\u00f3n de FECI marca un antes y un despu\u00e9s, considerando que este es el primer festival que realizamos completamente en modalidad presencial, luego de la pandemia. Preparamos actividades que abren las ciencias a la comunidad, desde una mirada ecosist\u00e9mica tomando uno de los\u00a0 elementos m\u00e1s sensibles a la crisis clim\u00e1tica: el agua\u201d, puntualiz\u00f3.<\/span><\/p>\n<p><span style=\"font-weight: 400\">Junto a la colaboraci\u00f3n de diversas instituciones asociadas al quehacer cient\u00edfico, se realizaron charlas en las provincias de Itata, Punilla y Diguill\u00edn, abordando el clima y el agua, el estr\u00e9s h\u00eddrico, la prevenci\u00f3n de incendios e incluso, la expedici\u00f3n a las profundidades del oc\u00e9ano, a lo largo de 5 jornadas.\u00a0<\/span><\/p>\n<p><img loading=\"lazy\" decoding=\"async\" class=\"wp-image-35765 aligncenter\" src=\"https:\/\/dev.explora.cl\/nuble\/wp-content\/uploads\/sites\/10\/2022\/10\/IMG_5746-300x200.jpg\" alt=\"\" width=\"623\" height=\"415\" srcset=\"https:\/\/dev.explora.cl\/nuble\/wp-content\/uploads\/sites\/10\/2022\/10\/IMG_5746-300x200.jpg 300w, https:\/\/dev.explora.cl\/nuble\/wp-content\/uploads\/sites\/10\/2022\/10\/IMG_5746-768x512.jpg 768w, https:\/\/dev.explora.cl\/nuble\/wp-content\/uploads\/sites\/10\/2022\/10\/IMG_5746-1024x682.jpg 1024w, https:\/\/dev.explora.cl\/nuble\/wp-content\/uploads\/sites\/10\/2022\/10\/IMG_5746.jpg 1280w\" sizes=\"auto, (max-width: 623px) 100vw, 623px\" \/><\/p>\n<p><b>Lunes 3 de octubre<\/b><\/p>\n<p><span style=\"font-weight: 400\">La Dra. Luc\u00eda Scaff, investigadora postdoctoral del Centro de Recursos H\u00eddricos para la Agricultura y la Miner\u00eda, CRHIAM, comparti\u00f3 una jornada con j\u00f3venes de la comuna de Coihueco, conversando sobre el clima y c\u00f3mo Chile se est\u00e1 adaptando al cambio clim\u00e1tico.\u00a0<\/span><\/p>\n<p><b><img loading=\"lazy\" decoding=\"async\" class=\"alignnone size-medium wp-image-35766\" src=\"https:\/\/dev.explora.cl\/nuble\/wp-content\/uploads\/sites\/10\/2022\/10\/IMG_5195-300x200.jpg\" alt=\"\" width=\"300\" height=\"200\" srcset=\"https:\/\/dev.explora.cl\/nuble\/wp-content\/uploads\/sites\/10\/2022\/10\/IMG_5195-300x200.jpg 300w, https:\/\/dev.explora.cl\/nuble\/wp-content\/uploads\/sites\/10\/2022\/10\/IMG_5195-768x512.jpg 768w, https:\/\/dev.explora.cl\/nuble\/wp-content\/uploads\/sites\/10\/2022\/10\/IMG_5195-1024x683.jpg 1024w\" sizes=\"auto, (max-width: 300px) 100vw, 300px\" \/><img loading=\"lazy\" decoding=\"async\" class=\"alignnone size-medium wp-image-35767\" src=\"https:\/\/dev.explora.cl\/nuble\/wp-content\/uploads\/sites\/10\/2022\/10\/IMG_5224-300x200.jpg\" alt=\"\" width=\"300\" height=\"200\" srcset=\"https:\/\/dev.explora.cl\/nuble\/wp-content\/uploads\/sites\/10\/2022\/10\/IMG_5224-300x200.jpg 300w, https:\/\/dev.explora.cl\/nuble\/wp-content\/uploads\/sites\/10\/2022\/10\/IMG_5224-768x512.jpg 768w, https:\/\/dev.explora.cl\/nuble\/wp-content\/uploads\/sites\/10\/2022\/10\/IMG_5224-1024x683.jpg 1024w\" sizes=\"auto, (max-width: 300px) 100vw, 300px\" \/><\/b><\/p>\n<p><b>Martes 4 de octubre<\/b><\/p>\n<p><span style=\"font-weight: 400\">Desde la Biblioteca de Trehuaco, el Dr. Arturo Calder\u00f3n Orellana, Ingeniero Agr\u00f3nomo de la Universidad de Concepci\u00f3n, PhD en Fruticultura, mostr\u00f3 a agricultores\/as de la zona los efectos del d\u00e9ficit h\u00eddrico en la actividad agr\u00edcola y los mecanismos existentes para medir el nivel de agua en especies vegetales.<\/span><\/p>\n<p><b><img loading=\"lazy\" decoding=\"async\" class=\"alignnone size-medium wp-image-35768\" src=\"https:\/\/dev.explora.cl\/nuble\/wp-content\/uploads\/sites\/10\/2022\/10\/IMG_5309-300x200.jpg\" alt=\"\" width=\"300\" height=\"200\" srcset=\"https:\/\/dev.explora.cl\/nuble\/wp-content\/uploads\/sites\/10\/2022\/10\/IMG_5309-300x200.jpg 300w, https:\/\/dev.explora.cl\/nuble\/wp-content\/uploads\/sites\/10\/2022\/10\/IMG_5309-768x512.jpg 768w, https:\/\/dev.explora.cl\/nuble\/wp-content\/uploads\/sites\/10\/2022\/10\/IMG_5309-1024x683.jpg 1024w\" sizes=\"auto, (max-width: 300px) 100vw, 300px\" \/><img loading=\"lazy\" decoding=\"async\" class=\"alignnone size-medium wp-image-35769\" src=\"https:\/\/dev.explora.cl\/nuble\/wp-content\/uploads\/sites\/10\/2022\/10\/IMG_5354-300x200.jpg\" alt=\"\" width=\"300\" height=\"200\" srcset=\"https:\/\/dev.explora.cl\/nuble\/wp-content\/uploads\/sites\/10\/2022\/10\/IMG_5354-300x200.jpg 300w, https:\/\/dev.explora.cl\/nuble\/wp-content\/uploads\/sites\/10\/2022\/10\/IMG_5354-768x512.jpg 768w, https:\/\/dev.explora.cl\/nuble\/wp-content\/uploads\/sites\/10\/2022\/10\/IMG_5354-1024x683.jpg 1024w\" sizes=\"auto, (max-width: 300px) 100vw, 300px\" \/><\/b><\/p>\n<p><b>Mi\u00e9rcoles 5 de octubre<\/b><\/p>\n<p><span style=\"font-weight: 400\">Continuamos el Festival de las Ciencias en San Fabi\u00e1n, junto al equipo de CONAF \u00d1uble, conversando con ni\u00f1os, ni\u00f1as y j\u00f3venes sobre la importancia de resguardar la flora y fauna de \u00d1uble, a trav\u00e9s de la prevenci\u00f3n de incendios y correcto manejo de recursos h\u00eddricos en la zona.<\/span><\/p>\n<p><b><img loading=\"lazy\" decoding=\"async\" class=\"alignnone size-medium wp-image-35770\" src=\"https:\/\/dev.explora.cl\/nuble\/wp-content\/uploads\/sites\/10\/2022\/10\/IMG_5409-300x200.jpg\" alt=\"\" width=\"300\" height=\"200\" srcset=\"https:\/\/dev.explora.cl\/nuble\/wp-content\/uploads\/sites\/10\/2022\/10\/IMG_5409-300x200.jpg 300w, https:\/\/dev.explora.cl\/nuble\/wp-content\/uploads\/sites\/10\/2022\/10\/IMG_5409-768x512.jpg 768w, https:\/\/dev.explora.cl\/nuble\/wp-content\/uploads\/sites\/10\/2022\/10\/IMG_5409-1024x683.jpg 1024w\" sizes=\"auto, (max-width: 300px) 100vw, 300px\" \/><img loading=\"lazy\" decoding=\"async\" class=\"alignnone size-medium wp-image-35771\" src=\"https:\/\/dev.explora.cl\/nuble\/wp-content\/uploads\/sites\/10\/2022\/10\/IMG_5434-300x200.jpg\" alt=\"\" width=\"300\" height=\"200\" srcset=\"https:\/\/dev.explora.cl\/nuble\/wp-content\/uploads\/sites\/10\/2022\/10\/IMG_5434-300x200.jpg 300w, https:\/\/dev.explora.cl\/nuble\/wp-content\/uploads\/sites\/10\/2022\/10\/IMG_5434-768x512.jpg 768w, https:\/\/dev.explora.cl\/nuble\/wp-content\/uploads\/sites\/10\/2022\/10\/IMG_5434-1024x683.jpg 1024w\" sizes=\"auto, (max-width: 300px) 100vw, 300px\" \/><\/b><\/p>\n<p><b>Jueves 6 de octubre<\/b><\/p>\n<p><span style=\"font-weight: 400\">En compa\u00f1\u00eda del Dr. Osvaldo Ulloa Quijada, Director del Instituto Milenio de Oceanograf\u00eda (IMO) UdeC, j\u00f3venes y adultos pudieron conocer los detalles detr\u00e1s de la expedici\u00f3n a la Fosa de Atacama, con una traves\u00eda por el oc\u00e9ano profundo.<\/span><\/p>\n<p><b><img loading=\"lazy\" decoding=\"async\" class=\"alignnone size-medium wp-image-35772\" src=\"https:\/\/dev.explora.cl\/nuble\/wp-content\/uploads\/sites\/10\/2022\/10\/IMG_5477-300x200.jpg\" alt=\"\" width=\"300\" height=\"200\" srcset=\"https:\/\/dev.explora.cl\/nuble\/wp-content\/uploads\/sites\/10\/2022\/10\/IMG_5477-300x200.jpg 300w, https:\/\/dev.explora.cl\/nuble\/wp-content\/uploads\/sites\/10\/2022\/10\/IMG_5477-768x512.jpg 768w, https:\/\/dev.explora.cl\/nuble\/wp-content\/uploads\/sites\/10\/2022\/10\/IMG_5477-1024x683.jpg 1024w\" sizes=\"auto, (max-width: 300px) 100vw, 300px\" \/><img loading=\"lazy\" decoding=\"async\" class=\"alignnone size-medium wp-image-35773\" src=\"https:\/\/dev.explora.cl\/nuble\/wp-content\/uploads\/sites\/10\/2022\/10\/IMG_5468-300x200.jpg\" alt=\"\" width=\"300\" height=\"200\" srcset=\"https:\/\/dev.explora.cl\/nuble\/wp-content\/uploads\/sites\/10\/2022\/10\/IMG_5468-300x200.jpg 300w, https:\/\/dev.explora.cl\/nuble\/wp-content\/uploads\/sites\/10\/2022\/10\/IMG_5468-768x512.jpg 768w, https:\/\/dev.explora.cl\/nuble\/wp-content\/uploads\/sites\/10\/2022\/10\/IMG_5468-1024x683.jpg 1024w\" sizes=\"auto, (max-width: 300px) 100vw, 300px\" \/><\/b><\/p>\n<p><b>S\u00e1bado 8 de octubre<\/b><\/p>\n<p><span style=\"font-weight: 400\">La semana de actividades culmin\u00f3 con la realizaci\u00f3n del Festival de las Ciencias en \u00d1uble, con una feria que reuni\u00f3 a distintos exponentes de las ciencias, la tecnolog\u00eda y el arte, en torno al eje de crisis clim\u00e1tica y el agua.\u00a0<\/span><\/p>\n<p><span style=\"font-weight: 400\">En un ambiente familiar, los y las asistentes pudieron conocer investigaciones cient\u00edficas orientadas a optimizar los recursos naturales de la regi\u00f3n y proyectos que buscan ofrecer soluciones a problem\u00e1ticas medioambientales. Adem\u00e1s, la instancia cont\u00f3 con talleres art\u00edsticos, con \u00e9nfasis en la reutilizaci\u00f3n de materiales.<\/span><\/p>\n<p><span style=\"font-weight: 400\">El festival finaliz\u00f3 con la presentaci\u00f3n de la banda chilena Saiko, en la Universidad de Concepci\u00f3n, Campus Chill\u00e1n, completando la jornada dedicada a la celebraci\u00f3n del conocimiento en la Regi\u00f3n de \u00d1uble.<\/span><\/p>\n<p>[\/vc_column_text][vc_images_carousel images=&#8221;35777,35778,35779,35780,35781,35782,35783,35786,35787,35788,35789,35790,35791,35792,35793,35794,35795,35796,35797,35798,35799,35800,35801,35802&#8243; img_size=&#8221;large&#8221; autoplay=&#8221;yes&#8221;][\/vc_column][\/vc_row]<\/p>\n","protected":false},"excerpt":{"rendered":"<p>[vc_row][vc_column][vc_column_text]Con una despliegue por distintas comunas de la regi\u00f3n, Explora \u00d1uble llev\u00f3 el conocimiento a la ciudadan\u00eda, a trav\u00e9s de talleres, charlas, exposiciones y una feria cient\u00edfica en la Universidad de Concepci\u00f3n, Campus Chill\u00e1n.\u00a0 Teniendo como premisa el celebrar el conocimiento en las 21 comunas de la zona, Explora \u00d1uble &#8211; proyecto financiado por el [&hellip;]<\/p>\n","protected":false},"author":25,"featured_media":35761,"comment_status":"open","ping_status":"open","sticky":false,"template":"","format":"standard","meta":{"_acf_changed":false,"_exactmetrics_skip_tracking":false,"_exactmetrics_sitenote_active":false,"_exactmetrics_sitenote_note":"","_exactmetrics_sitenote_category":0,"footnotes":"","_links_to":"","_links_to_target":""},"categories":[140,4,1],"tags":[],"class_list":["post-35764","post","type-post","status-publish","format-standard","has-post-thumbnail","hentry","category-lugar-5","category-noticias","category-sin-categoria"],"acf":[],"yoast_head":"<!-- This site is optimized with the Yoast SEO plugin v26.7 - https:\/\/yoast.com\/wordpress\/plugins\/seo\/ -->\n<title>Festival de las Ciencias 2022 abord\u00f3 el cambio clim\u00e1tico y el agua en \u00d1uble - \u00d1uble<\/title>\n<meta name=\"robots\" content=\"index, follow, max-snippet:-1, max-image-preview:large, max-video-preview:-1\" \/>\n<link rel=\"canonical\" href=\"https:\/\/dev.explora.cl\/nuble\/festival-de-las-ciencias-2022-abordo-el-cambio-climatico-y-el-agua-en-nuble\/\" class=\"yoast-seo-meta-tag\" \/>\n<meta property=\"og:locale\" content=\"es_ES\" class=\"yoast-seo-meta-tag\" \/>\n<meta property=\"og:type\" content=\"article\" class=\"yoast-seo-meta-tag\" \/>\n<meta property=\"og:title\" content=\"Festival de las Ciencias 2022 abord\u00f3 el cambio clim\u00e1tico y el agua en \u00d1uble - \u00d1uble\" class=\"yoast-seo-meta-tag\" \/>\n<meta property=\"og:description\" content=\"[vc_row][vc_column][vc_column_text]Con una despliegue por distintas comunas de la regi\u00f3n, Explora \u00d1uble llev\u00f3 el conocimiento a la ciudadan\u00eda, a trav\u00e9s de talleres, charlas, exposiciones y una feria cient\u00edfica en la Universidad de Concepci\u00f3n, Campus Chill\u00e1n.\u00a0 Teniendo como premisa el celebrar el conocimiento en las 21 comunas de la zona, Explora \u00d1uble &#8211; proyecto financiado por el [&hellip;]\" class=\"yoast-seo-meta-tag\" \/>\n<meta property=\"og:url\" content=\"https:\/\/dev.explora.cl\/nuble\/festival-de-las-ciencias-2022-abordo-el-cambio-climatico-y-el-agua-en-nuble\/\" class=\"yoast-seo-meta-tag\" \/>\n<meta property=\"og:site_name\" content=\"\u00d1uble\" class=\"yoast-seo-meta-tag\" \/>\n<meta property=\"article:published_time\" content=\"2022-10-17T15:20:40+00:00\" class=\"yoast-seo-meta-tag\" \/>\n<meta property=\"article:modified_time\" content=\"2023-01-26T14:54:40+00:00\" class=\"yoast-seo-meta-tag\" \/>\n<meta property=\"og:image\" content=\"https:\/\/dev.explora.cl\/nuble\/wp-content\/uploads\/sites\/10\/2022\/10\/Web-FECI-2022.jpg\" class=\"yoast-seo-meta-tag\" \/>\n\t<meta property=\"og:image:width\" content=\"3540\" class=\"yoast-seo-meta-tag\" \/>\n\t<meta property=\"og:image:height\" content=\"2334\" class=\"yoast-seo-meta-tag\" \/>\n\t<meta property=\"og:image:type\" content=\"image\/jpeg\" class=\"yoast-seo-meta-tag\" \/>\n<meta name=\"author\" content=\"cbeltran\" class=\"yoast-seo-meta-tag\" \/>\n<meta name=\"twitter:card\" content=\"summary_large_image\" class=\"yoast-seo-meta-tag\" \/>\n<meta name=\"twitter:label1\" content=\"Escrito por\" class=\"yoast-seo-meta-tag\" \/>\n\t<meta name=\"twitter:data1\" content=\"cbeltran\" class=\"yoast-seo-meta-tag\" \/>\n\t<meta name=\"twitter:label2\" content=\"Tiempo estimado de lectura\" class=\"yoast-seo-meta-tag\" \/>\n\t<meta name=\"twitter:data2\" content=\"4 minutos\" class=\"yoast-seo-meta-tag\" \/>\n<script type=\"application\/ld+json\" class=\"yoast-schema-graph\">{\"@context\":\"https:\/\/schema.org\",\"@graph\":[{\"@type\":\"Article\",\"@id\":\"https:\/\/dev.explora.cl\/nuble\/festival-de-las-ciencias-2022-abordo-el-cambio-climatico-y-el-agua-en-nuble\/#article\",\"isPartOf\":{\"@id\":\"https:\/\/dev.explora.cl\/nuble\/festival-de-las-ciencias-2022-abordo-el-cambio-climatico-y-el-agua-en-nuble\/\"},\"author\":{\"name\":\"cbeltran\",\"@id\":\"https:\/\/dev.explora.cl\/nuble\/#\/schema\/person\/f611679f39b55ae7cdea76bc915b056e\"},\"headline\":\"Festival de las Ciencias 2022 abord\u00f3 el cambio clim\u00e1tico y el agua en \u00d1uble\",\"datePublished\":\"2022-10-17T15:20:40+00:00\",\"dateModified\":\"2023-01-26T14:54:40+00:00\",\"mainEntityOfPage\":{\"@id\":\"https:\/\/dev.explora.cl\/nuble\/festival-de-las-ciencias-2022-abordo-el-cambio-climatico-y-el-agua-en-nuble\/\"},\"wordCount\":730,\"commentCount\":0,\"image\":{\"@id\":\"https:\/\/dev.explora.cl\/nuble\/festival-de-las-ciencias-2022-abordo-el-cambio-climatico-y-el-agua-en-nuble\/#primaryimage\"},\"thumbnailUrl\":\"https:\/\/dev.explora.cl\/nuble\/wp-content\/uploads\/sites\/10\/2022\/10\/Web-FECI-2022.jpg\",\"articleSection\":[\"Lugar 5\",\"Noticias\"],\"inLanguage\":\"es-CL\",\"potentialAction\":[{\"@type\":\"CommentAction\",\"name\":\"Comment\",\"target\":[\"https:\/\/dev.explora.cl\/nuble\/festival-de-las-ciencias-2022-abordo-el-cambio-climatico-y-el-agua-en-nuble\/#respond\"]}]},{\"@type\":\"WebPage\",\"@id\":\"https:\/\/dev.explora.cl\/nuble\/festival-de-las-ciencias-2022-abordo-el-cambio-climatico-y-el-agua-en-nuble\/\",\"url\":\"https:\/\/dev.explora.cl\/nuble\/festival-de-las-ciencias-2022-abordo-el-cambio-climatico-y-el-agua-en-nuble\/\",\"name\":\"Festival de las Ciencias 2022 abord\u00f3 el cambio clim\u00e1tico y el agua en \u00d1uble - \u00d1uble\",\"isPartOf\":{\"@id\":\"https:\/\/dev.explora.cl\/nuble\/#website\"},\"primaryImageOfPage\":{\"@id\":\"https:\/\/dev.explora.cl\/nuble\/festival-de-las-ciencias-2022-abordo-el-cambio-climatico-y-el-agua-en-nuble\/#primaryimage\"},\"image\":{\"@id\":\"https:\/\/dev.explora.cl\/nuble\/festival-de-las-ciencias-2022-abordo-el-cambio-climatico-y-el-agua-en-nuble\/#primaryimage\"},\"thumbnailUrl\":\"https:\/\/dev.explora.cl\/nuble\/wp-content\/uploads\/sites\/10\/2022\/10\/Web-FECI-2022.jpg\",\"datePublished\":\"2022-10-17T15:20:40+00:00\",\"dateModified\":\"2023-01-26T14:54:40+00:00\",\"author\":{\"@id\":\"https:\/\/dev.explora.cl\/nuble\/#\/schema\/person\/f611679f39b55ae7cdea76bc915b056e\"},\"breadcrumb\":{\"@id\":\"https:\/\/dev.explora.cl\/nuble\/festival-de-las-ciencias-2022-abordo-el-cambio-climatico-y-el-agua-en-nuble\/#breadcrumb\"},\"inLanguage\":\"es-CL\",\"potentialAction\":[{\"@type\":\"ReadAction\",\"target\":[\"https:\/\/dev.explora.cl\/nuble\/festival-de-las-ciencias-2022-abordo-el-cambio-climatico-y-el-agua-en-nuble\/\"]}]},{\"@type\":\"ImageObject\",\"inLanguage\":\"es-CL\",\"@id\":\"https:\/\/dev.explora.cl\/nuble\/festival-de-las-ciencias-2022-abordo-el-cambio-climatico-y-el-agua-en-nuble\/#primaryimage\",\"url\":\"https:\/\/dev.explora.cl\/nuble\/wp-content\/uploads\/sites\/10\/2022\/10\/Web-FECI-2022.jpg\",\"contentUrl\":\"https:\/\/dev.explora.cl\/nuble\/wp-content\/uploads\/sites\/10\/2022\/10\/Web-FECI-2022.jpg\",\"width\":3540,\"height\":2334},{\"@type\":\"BreadcrumbList\",\"@id\":\"https:\/\/dev.explora.cl\/nuble\/festival-de-las-ciencias-2022-abordo-el-cambio-climatico-y-el-agua-en-nuble\/#breadcrumb\",\"itemListElement\":[{\"@type\":\"ListItem\",\"position\":1,\"name\":\"Portada\",\"item\":\"https:\/\/dev.explora.cl\/nuble\/\"},{\"@type\":\"ListItem\",\"position\":2,\"name\":\"Festival de las Ciencias 2022 abord\u00f3 el cambio clim\u00e1tico y el agua en \u00d1uble\"}]},{\"@type\":\"WebSite\",\"@id\":\"https:\/\/dev.explora.cl\/nuble\/#website\",\"url\":\"https:\/\/dev.explora.cl\/nuble\/\",\"name\":\"\u00d1uble\",\"description\":\"Otro sitio m\u00e1s de dev.explora.cl\",\"potentialAction\":[{\"@type\":\"SearchAction\",\"target\":{\"@type\":\"EntryPoint\",\"urlTemplate\":\"https:\/\/dev.explora.cl\/nuble\/?s={search_term_string}\"},\"query-input\":{\"@type\":\"PropertyValueSpecification\",\"valueRequired\":true,\"valueName\":\"search_term_string\"}}],\"inLanguage\":\"es-CL\"},{\"@type\":\"Person\",\"@id\":\"https:\/\/dev.explora.cl\/nuble\/#\/schema\/person\/f611679f39b55ae7cdea76bc915b056e\",\"name\":\"cbeltran\",\"image\":{\"@type\":\"ImageObject\",\"inLanguage\":\"es-CL\",\"@id\":\"https:\/\/dev.explora.cl\/nuble\/#\/schema\/person\/image\/\",\"url\":\"https:\/\/secure.gravatar.com\/avatar\/fde624b0b0faed85e420465a1cdb73a02c199b16b1d2d6bfe0a82b9ba438afbd?s=96&d=mm&r=g\",\"contentUrl\":\"https:\/\/secure.gravatar.com\/avatar\/fde624b0b0faed85e420465a1cdb73a02c199b16b1d2d6bfe0a82b9ba438afbd?s=96&d=mm&r=g\",\"caption\":\"cbeltran\"},\"url\":\"https:\/\/dev.explora.cl\/nuble\/author\/cbeltran\/\"}]}<\/script>\n<!-- \/ Yoast SEO plugin. -->","yoast_head_json":{"title":"Festival de las Ciencias 2022 abord\u00f3 el cambio clim\u00e1tico y el agua en \u00d1uble - \u00d1uble","robots":{"index":"index","follow":"follow","max-snippet":"max-snippet:-1","max-image-preview":"max-image-preview:large","max-video-preview":"max-video-preview:-1"},"canonical":"https:\/\/dev.explora.cl\/nuble\/festival-de-las-ciencias-2022-abordo-el-cambio-climatico-y-el-agua-en-nuble\/","og_locale":"es_ES","og_type":"article","og_title":"Festival de las Ciencias 2022 abord\u00f3 el cambio clim\u00e1tico y el agua en \u00d1uble - \u00d1uble","og_description":"[vc_row][vc_column][vc_column_text]Con una despliegue por distintas comunas de la regi\u00f3n, Explora \u00d1uble llev\u00f3 el conocimiento a la ciudadan\u00eda, a trav\u00e9s de talleres, charlas, exposiciones y una feria cient\u00edfica en la Universidad de Concepci\u00f3n, Campus Chill\u00e1n.\u00a0 Teniendo como premisa el celebrar el conocimiento en las 21 comunas de la zona, Explora \u00d1uble &#8211; proyecto financiado por el [&hellip;]","og_url":"https:\/\/dev.explora.cl\/nuble\/festival-de-las-ciencias-2022-abordo-el-cambio-climatico-y-el-agua-en-nuble\/","og_site_name":"\u00d1uble","article_published_time":"2022-10-17T15:20:40+00:00","article_modified_time":"2023-01-26T14:54:40+00:00","og_image":[{"width":3540,"height":2334,"url":"https:\/\/dev.explora.cl\/nuble\/wp-content\/uploads\/sites\/10\/2022\/10\/Web-FECI-2022.jpg","type":"image\/jpeg"}],"author":"cbeltran","twitter_card":"summary_large_image","twitter_misc":{"Escrito por":"cbeltran","Tiempo estimado de lectura":"4 minutos"},"schema":{"@context":"https:\/\/schema.org","@graph":[{"@type":"Article","@id":"https:\/\/dev.explora.cl\/nuble\/festival-de-las-ciencias-2022-abordo-el-cambio-climatico-y-el-agua-en-nuble\/#article","isPartOf":{"@id":"https:\/\/dev.explora.cl\/nuble\/festival-de-las-ciencias-2022-abordo-el-cambio-climatico-y-el-agua-en-nuble\/"},"author":{"name":"cbeltran","@id":"https:\/\/dev.explora.cl\/nuble\/#\/schema\/person\/f611679f39b55ae7cdea76bc915b056e"},"headline":"Festival de las Ciencias 2022 abord\u00f3 el cambio clim\u00e1tico y el agua en \u00d1uble","datePublished":"2022-10-17T15:20:40+00:00","dateModified":"2023-01-26T14:54:40+00:00","mainEntityOfPage":{"@id":"https:\/\/dev.explora.cl\/nuble\/festival-de-las-ciencias-2022-abordo-el-cambio-climatico-y-el-agua-en-nuble\/"},"wordCount":730,"commentCount":0,"image":{"@id":"https:\/\/dev.explora.cl\/nuble\/festival-de-las-ciencias-2022-abordo-el-cambio-climatico-y-el-agua-en-nuble\/#primaryimage"},"thumbnailUrl":"https:\/\/dev.explora.cl\/nuble\/wp-content\/uploads\/sites\/10\/2022\/10\/Web-FECI-2022.jpg","articleSection":["Lugar 5","Noticias"],"inLanguage":"es-CL","potentialAction":[{"@type":"CommentAction","name":"Comment","target":["https:\/\/dev.explora.cl\/nuble\/festival-de-las-ciencias-2022-abordo-el-cambio-climatico-y-el-agua-en-nuble\/#respond"]}]},{"@type":"WebPage","@id":"https:\/\/dev.explora.cl\/nuble\/festival-de-las-ciencias-2022-abordo-el-cambio-climatico-y-el-agua-en-nuble\/","url":"https:\/\/dev.explora.cl\/nuble\/festival-de-las-ciencias-2022-abordo-el-cambio-climatico-y-el-agua-en-nuble\/","name":"Festival de las Ciencias 2022 abord\u00f3 el cambio clim\u00e1tico y el agua en \u00d1uble - \u00d1uble","isPartOf":{"@id":"https:\/\/dev.explora.cl\/nuble\/#website"},"primaryImageOfPage":{"@id":"https:\/\/dev.explora.cl\/nuble\/festival-de-las-ciencias-2022-abordo-el-cambio-climatico-y-el-agua-en-nuble\/#primaryimage"},"image":{"@id":"https:\/\/dev.explora.cl\/nuble\/festival-de-las-ciencias-2022-abordo-el-cambio-climatico-y-el-agua-en-nuble\/#primaryimage"},"thumbnailUrl":"https:\/\/dev.explora.cl\/nuble\/wp-content\/uploads\/sites\/10\/2022\/10\/Web-FECI-2022.jpg","datePublished":"2022-10-17T15:20:40+00:00","dateModified":"2023-01-26T14:54:40+00:00","author":{"@id":"https:\/\/dev.explora.cl\/nuble\/#\/schema\/person\/f611679f39b55ae7cdea76bc915b056e"},"breadcrumb":{"@id":"https:\/\/dev.explora.cl\/nuble\/festival-de-las-ciencias-2022-abordo-el-cambio-climatico-y-el-agua-en-nuble\/#breadcrumb"},"inLanguage":"es-CL","potentialAction":[{"@type":"ReadAction","target":["https:\/\/dev.explora.cl\/nuble\/festival-de-las-ciencias-2022-abordo-el-cambio-climatico-y-el-agua-en-nuble\/"]}]},{"@type":"ImageObject","inLanguage":"es-CL","@id":"https:\/\/dev.explora.cl\/nuble\/festival-de-las-ciencias-2022-abordo-el-cambio-climatico-y-el-agua-en-nuble\/#primaryimage","url":"https:\/\/dev.explora.cl\/nuble\/wp-content\/uploads\/sites\/10\/2022\/10\/Web-FECI-2022.jpg","contentUrl":"https:\/\/dev.explora.cl\/nuble\/wp-content\/uploads\/sites\/10\/2022\/10\/Web-FECI-2022.jpg","width":3540,"height":2334},{"@type":"BreadcrumbList","@id":"https:\/\/dev.explora.cl\/nuble\/festival-de-las-ciencias-2022-abordo-el-cambio-climatico-y-el-agua-en-nuble\/#breadcrumb","itemListElement":[{"@type":"ListItem","position":1,"name":"Portada","item":"https:\/\/dev.explora.cl\/nuble\/"},{"@type":"ListItem","position":2,"name":"Festival de las Ciencias 2022 abord\u00f3 el cambio clim\u00e1tico y el agua en \u00d1uble"}]},{"@type":"WebSite","@id":"https:\/\/dev.explora.cl\/nuble\/#website","url":"https:\/\/dev.explora.cl\/nuble\/","name":"\u00d1uble","description":"Otro sitio m\u00e1s de dev.explora.cl","potentialAction":[{"@type":"SearchAction","target":{"@type":"EntryPoint","urlTemplate":"https:\/\/dev.explora.cl\/nuble\/?s={search_term_string}"},"query-input":{"@type":"PropertyValueSpecification","valueRequired":true,"valueName":"search_term_string"}}],"inLanguage":"es-CL"},{"@type":"Person","@id":"https:\/\/dev.explora.cl\/nuble\/#\/schema\/person\/f611679f39b55ae7cdea76bc915b056e","name":"cbeltran","image":{"@type":"ImageObject","inLanguage":"es-CL","@id":"https:\/\/dev.explora.cl\/nuble\/#\/schema\/person\/image\/","url":"https:\/\/secure.gravatar.com\/avatar\/fde624b0b0faed85e420465a1cdb73a02c199b16b1d2d6bfe0a82b9ba438afbd?s=96&d=mm&r=g","contentUrl":"https:\/\/secure.gravatar.com\/avatar\/fde624b0b0faed85e420465a1cdb73a02c199b16b1d2d6bfe0a82b9ba438afbd?s=96&d=mm&r=g","caption":"cbeltran"},"url":"https:\/\/dev.explora.cl\/nuble\/author\/cbeltran\/"}]}},"_links":{"self":[{"href":"https:\/\/dev.explora.cl\/nuble\/wp-json\/wp\/v2\/posts\/35764","targetHints":{"allow":["GET"]}}],"collection":[{"href":"https:\/\/dev.explora.cl\/nuble\/wp-json\/wp\/v2\/posts"}],"about":[{"href":"https:\/\/dev.explora.cl\/nuble\/wp-json\/wp\/v2\/types\/post"}],"author":[{"embeddable":true,"href":"https:\/\/dev.explora.cl\/nuble\/wp-json\/wp\/v2\/users\/25"}],"replies":[{"embeddable":true,"href":"https:\/\/dev.explora.cl\/nuble\/wp-json\/wp\/v2\/comments?post=35764"}],"version-history":[{"count":6,"href":"https:\/\/dev.explora.cl\/nuble\/wp-json\/wp\/v2\/posts\/35764\/revisions"}],"predecessor-version":[{"id":35805,"href":"https:\/\/dev.explora.cl\/nuble\/wp-json\/wp\/v2\/posts\/35764\/revisions\/35805"}],"wp:featuredmedia":[{"embeddable":true,"href":"https:\/\/dev.explora.cl\/nuble\/wp-json\/wp\/v2\/media\/35761"}],"wp:attachment":[{"href":"https:\/\/dev.explora.cl\/nuble\/wp-json\/wp\/v2\/media?parent=35764"}],"wp:term":[{"taxonomy":"category","embeddable":true,"href":"https:\/\/dev.explora.cl\/nuble\/wp-json\/wp\/v2\/categories?post=35764"},{"taxonomy":"post_tag","embeddable":true,"href":"https:\/\/dev.explora.cl\/nuble\/wp-json\/wp\/v2\/tags?post=35764"}],"curies":[{"name":"wp","href":"https:\/\/api.w.org\/{rel}","templated":true}]}}