{"id":35745,"date":"2022-09-23T21:30:50","date_gmt":"2022-09-24T00:30:50","guid":{"rendered":"https:\/\/dev.explora.cl\/nuble\/?p=35745"},"modified":"2022-09-23T21:30:50","modified_gmt":"2022-09-24T00:30:50","slug":"participa-en-el-concurso-fotografico-paisajes-de-agua-para-nuble-en-el-festival-de-las-ciencias-2022","status":"publish","type":"post","link":"https:\/\/dev.explora.cl\/nuble\/participa-en-el-concurso-fotografico-paisajes-de-agua-para-nuble-en-el-festival-de-las-ciencias-2022\/","title":{"rendered":"Participa en el concurso fotogr\u00e1fico &#8220;Paisajes de agua para \u00d1uble&#8221; en el Festival de las Ciencias 2022"},"content":{"rendered":"<p><span style=\"font-weight: 400\">\u00a1Combinemos las ciencias y el arte! Invitamos a las 21 comunas de la Regi\u00f3n de \u00d1uble a participar de este concurso fotogr\u00e1fico orientado a relevar el patrimonio h\u00eddrico presente en nuestra zona.\u00a0<\/span><\/p>\n<p><b>\u00bfDe qu\u00e9 trata?<\/b><span style=\"font-weight: 400\">\u00a0<\/span><\/p>\n<p><span style=\"font-weight: 400\">Este certamen te invita a capturar escenas en las que el agua sea el elemento principal, con fotograf\u00edas de diversos cuerpos de agua naturales\u00a0 presentes en \u00d1uble.<\/span><\/p>\n<p><b>\u00bfC\u00f3mo participar?<\/b><\/p>\n<p><span style=\"font-weight: 400\">Si te encanta fotografiar, debes tomar im\u00e1genes en las que fuentes de agua natural de la regi\u00f3n de \u00d1uble, sean protagonistas. Para concursar, debes enviar <\/span><b>m\u00e1ximo una fotograf\u00eda al correo de PAR EXPLORA \u00d1UBLE<\/b><span style=\"font-weight: 400\">\u00a0 (<\/span><a href=\"mailto:par.nuble.explora@gmail.com\"><span style=\"font-weight: 400\">par.nuble.explora@gmail.com<\/span><\/a><span style=\"font-weight: 400\">)<\/span><\/p>\n<p><span style=\"font-weight: 400\">Aquellas fotograf\u00edas que cumplan con los requisitos, ser\u00e1n publicadas en la cuenta de <\/span><b>Instagram <\/b><a href=\"https:\/\/www.instagram.com\/parexploranuble\/\"><b>@parexploranube<\/b><\/a><span style=\"font-weight: 400\">.<\/span><\/p>\n<p><strong><a href=\"https:\/\/drive.google.com\/file\/d\/1mw7U1pvt8g8iDkTphC2cDF3M6R50J6NV\/view?usp=sharing\">REVISA LAS BASES DEL CONCURSO PINCHANDO AQU\u00cd<\/a><\/strong><\/p>\n","protected":false},"excerpt":{"rendered":"<p>\u00a1Combinemos las ciencias y el arte! Invitamos a las 21 comunas de la Regi\u00f3n de \u00d1uble a participar de este concurso fotogr\u00e1fico orientado a relevar el patrimonio h\u00eddrico presente en nuestra zona.\u00a0 \u00bfDe qu\u00e9 trata?\u00a0 Este certamen te invita a capturar escenas en las que el agua sea el elemento principal, con fotograf\u00edas de diversos [&hellip;]<\/p>\n","protected":false},"author":25,"featured_media":35746,"comment_status":"open","ping_status":"open","sticky":false,"template":"","format":"standard","meta":{"_acf_changed":false,"_exactmetrics_skip_tracking":false,"_exactmetrics_sitenote_active":false,"_exactmetrics_sitenote_note":"","_exactmetrics_sitenote_category":0,"footnotes":"","_links_to":"","_links_to_target":""},"categories":[1],"tags":[],"class_list":["post-35745","post","type-post","status-publish","format-standard","has-post-thumbnail","hentry","category-sin-categoria"],"acf":[],"yoast_head":"<!-- This site is optimized with the Yoast SEO plugin v26.7 - https:\/\/yoast.com\/wordpress\/plugins\/seo\/ -->\n<title>Participa en el concurso fotogr\u00e1fico &quot;Paisajes de agua para \u00d1uble&quot; en el Festival de las Ciencias 2022 - \u00d1uble<\/title>\n<meta name=\"robots\" content=\"index, follow, max-snippet:-1, max-image-preview:large, max-video-preview:-1\" \/>\n<link rel=\"canonical\" href=\"https:\/\/dev.explora.cl\/nuble\/participa-en-el-concurso-fotografico-paisajes-de-agua-para-nuble-en-el-festival-de-las-ciencias-2022\/\" class=\"yoast-seo-meta-tag\" \/>\n<meta property=\"og:locale\" content=\"es_ES\" class=\"yoast-seo-meta-tag\" \/>\n<meta property=\"og:type\" content=\"article\" class=\"yoast-seo-meta-tag\" \/>\n<meta property=\"og:title\" content=\"Participa en el concurso fotogr\u00e1fico &quot;Paisajes de agua para \u00d1uble&quot; en el Festival de las Ciencias 2022 - \u00d1uble\" class=\"yoast-seo-meta-tag\" \/>\n<meta property=\"og:description\" content=\"\u00a1Combinemos las ciencias y el arte! Invitamos a las 21 comunas de la Regi\u00f3n de \u00d1uble a participar de este concurso fotogr\u00e1fico orientado a relevar el patrimonio h\u00eddrico presente en nuestra zona.\u00a0 \u00bfDe qu\u00e9 trata?\u00a0 Este certamen te invita a capturar escenas en las que el agua sea el elemento principal, con fotograf\u00edas de diversos [&hellip;]\" class=\"yoast-seo-meta-tag\" \/>\n<meta property=\"og:url\" content=\"https:\/\/dev.explora.cl\/nuble\/participa-en-el-concurso-fotografico-paisajes-de-agua-para-nuble-en-el-festival-de-las-ciencias-2022\/\" class=\"yoast-seo-meta-tag\" \/>\n<meta property=\"og:site_name\" content=\"\u00d1uble\" class=\"yoast-seo-meta-tag\" \/>\n<meta property=\"article:published_time\" content=\"2022-09-24T00:30:50+00:00\" class=\"yoast-seo-meta-tag\" \/>\n<meta property=\"og:image\" content=\"https:\/\/dev.explora.cl\/nuble\/wp-content\/uploads\/sites\/10\/2022\/09\/web-3.jpg\" class=\"yoast-seo-meta-tag\" \/>\n\t<meta property=\"og:image:width\" content=\"3003\" class=\"yoast-seo-meta-tag\" \/>\n\t<meta property=\"og:image:height\" content=\"1921\" class=\"yoast-seo-meta-tag\" \/>\n\t<meta property=\"og:image:type\" content=\"image\/jpeg\" class=\"yoast-seo-meta-tag\" \/>\n<meta name=\"author\" content=\"cbeltran\" class=\"yoast-seo-meta-tag\" \/>\n<meta name=\"twitter:card\" content=\"summary_large_image\" class=\"yoast-seo-meta-tag\" \/>\n<meta name=\"twitter:label1\" content=\"Escrito por\" class=\"yoast-seo-meta-tag\" \/>\n\t<meta name=\"twitter:data1\" content=\"cbeltran\" class=\"yoast-seo-meta-tag\" \/>\n\t<meta name=\"twitter:label2\" content=\"Tiempo estimado de lectura\" class=\"yoast-seo-meta-tag\" \/>\n\t<meta name=\"twitter:data2\" content=\"1 minuto\" class=\"yoast-seo-meta-tag\" \/>\n<script type=\"application\/ld+json\" class=\"yoast-schema-graph\">{\"@context\":\"https:\/\/schema.org\",\"@graph\":[{\"@type\":\"Article\",\"@id\":\"https:\/\/dev.explora.cl\/nuble\/participa-en-el-concurso-fotografico-paisajes-de-agua-para-nuble-en-el-festival-de-las-ciencias-2022\/#article\",\"isPartOf\":{\"@id\":\"https:\/\/dev.explora.cl\/nuble\/participa-en-el-concurso-fotografico-paisajes-de-agua-para-nuble-en-el-festival-de-las-ciencias-2022\/\"},\"author\":{\"name\":\"cbeltran\",\"@id\":\"https:\/\/dev.explora.cl\/nuble\/#\/schema\/person\/f611679f39b55ae7cdea76bc915b056e\"},\"headline\":\"Participa en el concurso fotogr\u00e1fico &#8220;Paisajes de agua para \u00d1uble&#8221; en el Festival de las Ciencias 2022\",\"datePublished\":\"2022-09-24T00:30:50+00:00\",\"mainEntityOfPage\":{\"@id\":\"https:\/\/dev.explora.cl\/nuble\/participa-en-el-concurso-fotografico-paisajes-de-agua-para-nuble-en-el-festival-de-las-ciencias-2022\/\"},\"wordCount\":152,\"commentCount\":0,\"image\":{\"@id\":\"https:\/\/dev.explora.cl\/nuble\/participa-en-el-concurso-fotografico-paisajes-de-agua-para-nuble-en-el-festival-de-las-ciencias-2022\/#primaryimage\"},\"thumbnailUrl\":\"https:\/\/dev.explora.cl\/nuble\/wp-content\/uploads\/sites\/10\/2022\/09\/web-3.jpg\",\"inLanguage\":\"es-CL\",\"potentialAction\":[{\"@type\":\"CommentAction\",\"name\":\"Comment\",\"target\":[\"https:\/\/dev.explora.cl\/nuble\/participa-en-el-concurso-fotografico-paisajes-de-agua-para-nuble-en-el-festival-de-las-ciencias-2022\/#respond\"]}]},{\"@type\":\"WebPage\",\"@id\":\"https:\/\/dev.explora.cl\/nuble\/participa-en-el-concurso-fotografico-paisajes-de-agua-para-nuble-en-el-festival-de-las-ciencias-2022\/\",\"url\":\"https:\/\/dev.explora.cl\/nuble\/participa-en-el-concurso-fotografico-paisajes-de-agua-para-nuble-en-el-festival-de-las-ciencias-2022\/\",\"name\":\"Participa en el concurso fotogr\u00e1fico \\\"Paisajes de agua para \u00d1uble\\\" en el Festival de las Ciencias 2022 - \u00d1uble\",\"isPartOf\":{\"@id\":\"https:\/\/dev.explora.cl\/nuble\/#website\"},\"primaryImageOfPage\":{\"@id\":\"https:\/\/dev.explora.cl\/nuble\/participa-en-el-concurso-fotografico-paisajes-de-agua-para-nuble-en-el-festival-de-las-ciencias-2022\/#primaryimage\"},\"image\":{\"@id\":\"https:\/\/dev.explora.cl\/nuble\/participa-en-el-concurso-fotografico-paisajes-de-agua-para-nuble-en-el-festival-de-las-ciencias-2022\/#primaryimage\"},\"thumbnailUrl\":\"https:\/\/dev.explora.cl\/nuble\/wp-content\/uploads\/sites\/10\/2022\/09\/web-3.jpg\",\"datePublished\":\"2022-09-24T00:30:50+00:00\",\"author\":{\"@id\":\"https:\/\/dev.explora.cl\/nuble\/#\/schema\/person\/f611679f39b55ae7cdea76bc915b056e\"},\"breadcrumb\":{\"@id\":\"https:\/\/dev.explora.cl\/nuble\/participa-en-el-concurso-fotografico-paisajes-de-agua-para-nuble-en-el-festival-de-las-ciencias-2022\/#breadcrumb\"},\"inLanguage\":\"es-CL\",\"potentialAction\":[{\"@type\":\"ReadAction\",\"target\":[\"https:\/\/dev.explora.cl\/nuble\/participa-en-el-concurso-fotografico-paisajes-de-agua-para-nuble-en-el-festival-de-las-ciencias-2022\/\"]}]},{\"@type\":\"ImageObject\",\"inLanguage\":\"es-CL\",\"@id\":\"https:\/\/dev.explora.cl\/nuble\/participa-en-el-concurso-fotografico-paisajes-de-agua-para-nuble-en-el-festival-de-las-ciencias-2022\/#primaryimage\",\"url\":\"https:\/\/dev.explora.cl\/nuble\/wp-content\/uploads\/sites\/10\/2022\/09\/web-3.jpg\",\"contentUrl\":\"https:\/\/dev.explora.cl\/nuble\/wp-content\/uploads\/sites\/10\/2022\/09\/web-3.jpg\",\"width\":3003,\"height\":1921},{\"@type\":\"BreadcrumbList\",\"@id\":\"https:\/\/dev.explora.cl\/nuble\/participa-en-el-concurso-fotografico-paisajes-de-agua-para-nuble-en-el-festival-de-las-ciencias-2022\/#breadcrumb\",\"itemListElement\":[{\"@type\":\"ListItem\",\"position\":1,\"name\":\"Portada\",\"item\":\"https:\/\/dev.explora.cl\/nuble\/\"},{\"@type\":\"ListItem\",\"position\":2,\"name\":\"Participa en el concurso fotogr\u00e1fico &#8220;Paisajes de agua para \u00d1uble&#8221; en el Festival de las Ciencias 2022\"}]},{\"@type\":\"WebSite\",\"@id\":\"https:\/\/dev.explora.cl\/nuble\/#website\",\"url\":\"https:\/\/dev.explora.cl\/nuble\/\",\"name\":\"\u00d1uble\",\"description\":\"Otro sitio m\u00e1s de dev.explora.cl\",\"potentialAction\":[{\"@type\":\"SearchAction\",\"target\":{\"@type\":\"EntryPoint\",\"urlTemplate\":\"https:\/\/dev.explora.cl\/nuble\/?s={search_term_string}\"},\"query-input\":{\"@type\":\"PropertyValueSpecification\",\"valueRequired\":true,\"valueName\":\"search_term_string\"}}],\"inLanguage\":\"es-CL\"},{\"@type\":\"Person\",\"@id\":\"https:\/\/dev.explora.cl\/nuble\/#\/schema\/person\/f611679f39b55ae7cdea76bc915b056e\",\"name\":\"cbeltran\",\"image\":{\"@type\":\"ImageObject\",\"inLanguage\":\"es-CL\",\"@id\":\"https:\/\/dev.explora.cl\/nuble\/#\/schema\/person\/image\/\",\"url\":\"https:\/\/secure.gravatar.com\/avatar\/fde624b0b0faed85e420465a1cdb73a02c199b16b1d2d6bfe0a82b9ba438afbd?s=96&d=mm&r=g\",\"contentUrl\":\"https:\/\/secure.gravatar.com\/avatar\/fde624b0b0faed85e420465a1cdb73a02c199b16b1d2d6bfe0a82b9ba438afbd?s=96&d=mm&r=g\",\"caption\":\"cbeltran\"},\"url\":\"https:\/\/dev.explora.cl\/nuble\/author\/cbeltran\/\"}]}<\/script>\n<!-- \/ Yoast SEO plugin. -->","yoast_head_json":{"title":"Participa en el concurso fotogr\u00e1fico \"Paisajes de agua para \u00d1uble\" en el Festival de las Ciencias 2022 - \u00d1uble","robots":{"index":"index","follow":"follow","max-snippet":"max-snippet:-1","max-image-preview":"max-image-preview:large","max-video-preview":"max-video-preview:-1"},"canonical":"https:\/\/dev.explora.cl\/nuble\/participa-en-el-concurso-fotografico-paisajes-de-agua-para-nuble-en-el-festival-de-las-ciencias-2022\/","og_locale":"es_ES","og_type":"article","og_title":"Participa en el concurso fotogr\u00e1fico \"Paisajes de agua para \u00d1uble\" en el Festival de las Ciencias 2022 - \u00d1uble","og_description":"\u00a1Combinemos las ciencias y el arte! Invitamos a las 21 comunas de la Regi\u00f3n de \u00d1uble a participar de este concurso fotogr\u00e1fico orientado a relevar el patrimonio h\u00eddrico presente en nuestra zona.\u00a0 \u00bfDe qu\u00e9 trata?\u00a0 Este certamen te invita a capturar escenas en las que el agua sea el elemento principal, con fotograf\u00edas de diversos [&hellip;]","og_url":"https:\/\/dev.explora.cl\/nuble\/participa-en-el-concurso-fotografico-paisajes-de-agua-para-nuble-en-el-festival-de-las-ciencias-2022\/","og_site_name":"\u00d1uble","article_published_time":"2022-09-24T00:30:50+00:00","og_image":[{"width":3003,"height":1921,"url":"https:\/\/dev.explora.cl\/nuble\/wp-content\/uploads\/sites\/10\/2022\/09\/web-3.jpg","type":"image\/jpeg"}],"author":"cbeltran","twitter_card":"summary_large_image","twitter_misc":{"Escrito por":"cbeltran","Tiempo estimado de lectura":"1 minuto"},"schema":{"@context":"https:\/\/schema.org","@graph":[{"@type":"Article","@id":"https:\/\/dev.explora.cl\/nuble\/participa-en-el-concurso-fotografico-paisajes-de-agua-para-nuble-en-el-festival-de-las-ciencias-2022\/#article","isPartOf":{"@id":"https:\/\/dev.explora.cl\/nuble\/participa-en-el-concurso-fotografico-paisajes-de-agua-para-nuble-en-el-festival-de-las-ciencias-2022\/"},"author":{"name":"cbeltran","@id":"https:\/\/dev.explora.cl\/nuble\/#\/schema\/person\/f611679f39b55ae7cdea76bc915b056e"},"headline":"Participa en el concurso fotogr\u00e1fico &#8220;Paisajes de agua para \u00d1uble&#8221; en el Festival de las Ciencias 2022","datePublished":"2022-09-24T00:30:50+00:00","mainEntityOfPage":{"@id":"https:\/\/dev.explora.cl\/nuble\/participa-en-el-concurso-fotografico-paisajes-de-agua-para-nuble-en-el-festival-de-las-ciencias-2022\/"},"wordCount":152,"commentCount":0,"image":{"@id":"https:\/\/dev.explora.cl\/nuble\/participa-en-el-concurso-fotografico-paisajes-de-agua-para-nuble-en-el-festival-de-las-ciencias-2022\/#primaryimage"},"thumbnailUrl":"https:\/\/dev.explora.cl\/nuble\/wp-content\/uploads\/sites\/10\/2022\/09\/web-3.jpg","inLanguage":"es-CL","potentialAction":[{"@type":"CommentAction","name":"Comment","target":["https:\/\/dev.explora.cl\/nuble\/participa-en-el-concurso-fotografico-paisajes-de-agua-para-nuble-en-el-festival-de-las-ciencias-2022\/#respond"]}]},{"@type":"WebPage","@id":"https:\/\/dev.explora.cl\/nuble\/participa-en-el-concurso-fotografico-paisajes-de-agua-para-nuble-en-el-festival-de-las-ciencias-2022\/","url":"https:\/\/dev.explora.cl\/nuble\/participa-en-el-concurso-fotografico-paisajes-de-agua-para-nuble-en-el-festival-de-las-ciencias-2022\/","name":"Participa en el concurso fotogr\u00e1fico \"Paisajes de agua para \u00d1uble\" en el Festival de las Ciencias 2022 - \u00d1uble","isPartOf":{"@id":"https:\/\/dev.explora.cl\/nuble\/#website"},"primaryImageOfPage":{"@id":"https:\/\/dev.explora.cl\/nuble\/participa-en-el-concurso-fotografico-paisajes-de-agua-para-nuble-en-el-festival-de-las-ciencias-2022\/#primaryimage"},"image":{"@id":"https:\/\/dev.explora.cl\/nuble\/participa-en-el-concurso-fotografico-paisajes-de-agua-para-nuble-en-el-festival-de-las-ciencias-2022\/#primaryimage"},"thumbnailUrl":"https:\/\/dev.explora.cl\/nuble\/wp-content\/uploads\/sites\/10\/2022\/09\/web-3.jpg","datePublished":"2022-09-24T00:30:50+00:00","author":{"@id":"https:\/\/dev.explora.cl\/nuble\/#\/schema\/person\/f611679f39b55ae7cdea76bc915b056e"},"breadcrumb":{"@id":"https:\/\/dev.explora.cl\/nuble\/participa-en-el-concurso-fotografico-paisajes-de-agua-para-nuble-en-el-festival-de-las-ciencias-2022\/#breadcrumb"},"inLanguage":"es-CL","potentialAction":[{"@type":"ReadAction","target":["https:\/\/dev.explora.cl\/nuble\/participa-en-el-concurso-fotografico-paisajes-de-agua-para-nuble-en-el-festival-de-las-ciencias-2022\/"]}]},{"@type":"ImageObject","inLanguage":"es-CL","@id":"https:\/\/dev.explora.cl\/nuble\/participa-en-el-concurso-fotografico-paisajes-de-agua-para-nuble-en-el-festival-de-las-ciencias-2022\/#primaryimage","url":"https:\/\/dev.explora.cl\/nuble\/wp-content\/uploads\/sites\/10\/2022\/09\/web-3.jpg","contentUrl":"https:\/\/dev.explora.cl\/nuble\/wp-content\/uploads\/sites\/10\/2022\/09\/web-3.jpg","width":3003,"height":1921},{"@type":"BreadcrumbList","@id":"https:\/\/dev.explora.cl\/nuble\/participa-en-el-concurso-fotografico-paisajes-de-agua-para-nuble-en-el-festival-de-las-ciencias-2022\/#breadcrumb","itemListElement":[{"@type":"ListItem","position":1,"name":"Portada","item":"https:\/\/dev.explora.cl\/nuble\/"},{"@type":"ListItem","position":2,"name":"Participa en el concurso fotogr\u00e1fico &#8220;Paisajes de agua para \u00d1uble&#8221; en el Festival de las Ciencias 2022"}]},{"@type":"WebSite","@id":"https:\/\/dev.explora.cl\/nuble\/#website","url":"https:\/\/dev.explora.cl\/nuble\/","name":"\u00d1uble","description":"Otro sitio m\u00e1s de dev.explora.cl","potentialAction":[{"@type":"SearchAction","target":{"@type":"EntryPoint","urlTemplate":"https:\/\/dev.explora.cl\/nuble\/?s={search_term_string}"},"query-input":{"@type":"PropertyValueSpecification","valueRequired":true,"valueName":"search_term_string"}}],"inLanguage":"es-CL"},{"@type":"Person","@id":"https:\/\/dev.explora.cl\/nuble\/#\/schema\/person\/f611679f39b55ae7cdea76bc915b056e","name":"cbeltran","image":{"@type":"ImageObject","inLanguage":"es-CL","@id":"https:\/\/dev.explora.cl\/nuble\/#\/schema\/person\/image\/","url":"https:\/\/secure.gravatar.com\/avatar\/fde624b0b0faed85e420465a1cdb73a02c199b16b1d2d6bfe0a82b9ba438afbd?s=96&d=mm&r=g","contentUrl":"https:\/\/secure.gravatar.com\/avatar\/fde624b0b0faed85e420465a1cdb73a02c199b16b1d2d6bfe0a82b9ba438afbd?s=96&d=mm&r=g","caption":"cbeltran"},"url":"https:\/\/dev.explora.cl\/nuble\/author\/cbeltran\/"}]}},"_links":{"self":[{"href":"https:\/\/dev.explora.cl\/nuble\/wp-json\/wp\/v2\/posts\/35745","targetHints":{"allow":["GET"]}}],"collection":[{"href":"https:\/\/dev.explora.cl\/nuble\/wp-json\/wp\/v2\/posts"}],"about":[{"href":"https:\/\/dev.explora.cl\/nuble\/wp-json\/wp\/v2\/types\/post"}],"author":[{"embeddable":true,"href":"https:\/\/dev.explora.cl\/nuble\/wp-json\/wp\/v2\/users\/25"}],"replies":[{"embeddable":true,"href":"https:\/\/dev.explora.cl\/nuble\/wp-json\/wp\/v2\/comments?post=35745"}],"version-history":[{"count":2,"href":"https:\/\/dev.explora.cl\/nuble\/wp-json\/wp\/v2\/posts\/35745\/revisions"}],"predecessor-version":[{"id":35748,"href":"https:\/\/dev.explora.cl\/nuble\/wp-json\/wp\/v2\/posts\/35745\/revisions\/35748"}],"wp:featuredmedia":[{"embeddable":true,"href":"https:\/\/dev.explora.cl\/nuble\/wp-json\/wp\/v2\/media\/35746"}],"wp:attachment":[{"href":"https:\/\/dev.explora.cl\/nuble\/wp-json\/wp\/v2\/media?parent=35745"}],"wp:term":[{"taxonomy":"category","embeddable":true,"href":"https:\/\/dev.explora.cl\/nuble\/wp-json\/wp\/v2\/categories?post=35745"},{"taxonomy":"post_tag","embeddable":true,"href":"https:\/\/dev.explora.cl\/nuble\/wp-json\/wp\/v2\/tags?post=35745"}],"curies":[{"name":"wp","href":"https:\/\/api.w.org\/{rel}","templated":true}]}}