{"id":35735,"date":"2022-09-20T12:26:30","date_gmt":"2022-09-20T15:26:30","guid":{"rendered":"https:\/\/dev.explora.cl\/nuble\/?p=35735"},"modified":"2022-09-20T12:26:30","modified_gmt":"2022-09-20T15:26:30","slug":"convocatoria-abierta-para-ser-parte-del-comite-cientifico-escolar-en-el-proximo-congreso-regional-de-investigacion-e-innovacion-en-nuble","status":"publish","type":"post","link":"https:\/\/dev.explora.cl\/nuble\/convocatoria-abierta-para-ser-parte-del-comite-cientifico-escolar-en-el-proximo-congreso-regional-de-investigacion-e-innovacion-en-nuble\/","title":{"rendered":"Convocatoria abierta para ser parte del Comit\u00e9 Cient\u00edfico Escolar en el pr\u00f3ximo Congreso Regional de Investigaci\u00f3n e Innovaci\u00f3n en \u00d1uble"},"content":{"rendered":"<p><span style=\"font-weight: 400\">\u00a1S\u00famate al desarrollo de una cultura cient\u00edfica junto a Explora \u00d1uble!<\/span><\/p>\n<p><span style=\"font-weight: 400\">Si eres investigador\/a o estudiante de mag\u00edster o doctorado, te invitamos a ser un agente de cambio y contribuir a la cultura cient\u00edfica de la Regi\u00f3n de \u00d1uble, participando en el <strong>III Congreso Regional de Investigaci\u00f3n e Innovaci\u00f3n Escolar 2022<\/strong>, como evaluador\/a de proyectos de investigaci\u00f3n e innovaci\u00f3n escolar.<\/span><\/p>\n<ul>\n<li>Hasta el 26 de septiembre: convocatoria para evaluar proyectos de investigaci\u00f3n escritos<\/li>\n<li>Hasta el 20 de octubre: convocatoria para evaluar presentaciones orales de proyectos de investigaci\u00f3n<\/li>\n<\/ul>\n<p><span style=\"font-weight: 400\">Te invitamos a ser parte del <strong>Comit\u00e9 Cient\u00edfico Escolar (CCE)<\/strong>, completando el siguiente formulario google:\u00a0<\/span><\/p>\n<p><a href=\"https:\/\/forms.gle\/X51v9CK9Emf8sQqy5\">https:\/\/forms.gle\/X51v9CK9Emf8sQqy5<\/a><\/p>\n","protected":false},"excerpt":{"rendered":"<p>\u00a1S\u00famate al desarrollo de una cultura cient\u00edfica junto a Explora \u00d1uble! Si eres investigador\/a o estudiante de mag\u00edster o doctorado, te invitamos a ser un agente de cambio y contribuir a la cultura cient\u00edfica de la Regi\u00f3n de \u00d1uble, participando en el III Congreso Regional de Investigaci\u00f3n e Innovaci\u00f3n Escolar 2022, como evaluador\/a de proyectos [&hellip;]<\/p>\n","protected":false},"author":25,"featured_media":35737,"comment_status":"open","ping_status":"open","sticky":false,"template":"","format":"standard","meta":{"_acf_changed":false,"_exactmetrics_skip_tracking":false,"_exactmetrics_sitenote_active":false,"_exactmetrics_sitenote_note":"","_exactmetrics_sitenote_category":0,"footnotes":"","_links_to":"","_links_to_target":""},"categories":[1],"tags":[],"class_list":["post-35735","post","type-post","status-publish","format-standard","has-post-thumbnail","hentry","category-sin-categoria"],"acf":[],"yoast_head":"<!-- This site is optimized with the Yoast SEO plugin v26.7 - https:\/\/yoast.com\/wordpress\/plugins\/seo\/ -->\n<title>Convocatoria abierta para ser parte del Comit\u00e9 Cient\u00edfico Escolar en el pr\u00f3ximo Congreso Regional de Investigaci\u00f3n e Innovaci\u00f3n en \u00d1uble - \u00d1uble<\/title>\n<meta name=\"robots\" content=\"index, follow, max-snippet:-1, max-image-preview:large, max-video-preview:-1\" \/>\n<link rel=\"canonical\" href=\"https:\/\/dev.explora.cl\/nuble\/convocatoria-abierta-para-ser-parte-del-comite-cientifico-escolar-en-el-proximo-congreso-regional-de-investigacion-e-innovacion-en-nuble\/\" class=\"yoast-seo-meta-tag\" \/>\n<meta property=\"og:locale\" content=\"es_ES\" class=\"yoast-seo-meta-tag\" \/>\n<meta property=\"og:type\" content=\"article\" class=\"yoast-seo-meta-tag\" \/>\n<meta property=\"og:title\" content=\"Convocatoria abierta para ser parte del Comit\u00e9 Cient\u00edfico Escolar en el pr\u00f3ximo Congreso Regional de Investigaci\u00f3n e Innovaci\u00f3n en \u00d1uble - \u00d1uble\" class=\"yoast-seo-meta-tag\" \/>\n<meta property=\"og:description\" content=\"\u00a1S\u00famate al desarrollo de una cultura cient\u00edfica junto a Explora \u00d1uble! Si eres investigador\/a o estudiante de mag\u00edster o doctorado, te invitamos a ser un agente de cambio y contribuir a la cultura cient\u00edfica de la Regi\u00f3n de \u00d1uble, participando en el III Congreso Regional de Investigaci\u00f3n e Innovaci\u00f3n Escolar 2022, como evaluador\/a de proyectos [&hellip;]\" class=\"yoast-seo-meta-tag\" \/>\n<meta property=\"og:url\" content=\"https:\/\/dev.explora.cl\/nuble\/convocatoria-abierta-para-ser-parte-del-comite-cientifico-escolar-en-el-proximo-congreso-regional-de-investigacion-e-innovacion-en-nuble\/\" class=\"yoast-seo-meta-tag\" \/>\n<meta property=\"og:site_name\" content=\"\u00d1uble\" class=\"yoast-seo-meta-tag\" \/>\n<meta property=\"article:published_time\" content=\"2022-09-20T15:26:30+00:00\" class=\"yoast-seo-meta-tag\" \/>\n<meta property=\"og:image\" content=\"https:\/\/dev.explora.cl\/nuble\/wp-content\/uploads\/sites\/10\/2022\/09\/Comit\u00e9-Cient\u00edfico-Explora-\u00d1uble.jpg\" class=\"yoast-seo-meta-tag\" \/>\n\t<meta property=\"og:image:width\" content=\"2629\" class=\"yoast-seo-meta-tag\" \/>\n\t<meta property=\"og:image:height\" content=\"1682\" class=\"yoast-seo-meta-tag\" \/>\n\t<meta property=\"og:image:type\" content=\"image\/jpeg\" class=\"yoast-seo-meta-tag\" \/>\n<meta name=\"author\" content=\"cbeltran\" class=\"yoast-seo-meta-tag\" \/>\n<meta name=\"twitter:card\" content=\"summary_large_image\" class=\"yoast-seo-meta-tag\" \/>\n<meta name=\"twitter:label1\" content=\"Escrito por\" class=\"yoast-seo-meta-tag\" \/>\n\t<meta name=\"twitter:data1\" content=\"cbeltran\" class=\"yoast-seo-meta-tag\" \/>\n\t<meta name=\"twitter:label2\" content=\"Tiempo estimado de lectura\" class=\"yoast-seo-meta-tag\" \/>\n\t<meta name=\"twitter:data2\" content=\"1 minuto\" class=\"yoast-seo-meta-tag\" \/>\n<script type=\"application\/ld+json\" class=\"yoast-schema-graph\">{\"@context\":\"https:\/\/schema.org\",\"@graph\":[{\"@type\":\"Article\",\"@id\":\"https:\/\/dev.explora.cl\/nuble\/convocatoria-abierta-para-ser-parte-del-comite-cientifico-escolar-en-el-proximo-congreso-regional-de-investigacion-e-innovacion-en-nuble\/#article\",\"isPartOf\":{\"@id\":\"https:\/\/dev.explora.cl\/nuble\/convocatoria-abierta-para-ser-parte-del-comite-cientifico-escolar-en-el-proximo-congreso-regional-de-investigacion-e-innovacion-en-nuble\/\"},\"author\":{\"name\":\"cbeltran\",\"@id\":\"https:\/\/dev.explora.cl\/nuble\/#\/schema\/person\/f611679f39b55ae7cdea76bc915b056e\"},\"headline\":\"Convocatoria abierta para ser parte del Comit\u00e9 Cient\u00edfico Escolar en el pr\u00f3ximo Congreso Regional de Investigaci\u00f3n e Innovaci\u00f3n en \u00d1uble\",\"datePublished\":\"2022-09-20T15:26:30+00:00\",\"mainEntityOfPage\":{\"@id\":\"https:\/\/dev.explora.cl\/nuble\/convocatoria-abierta-para-ser-parte-del-comite-cientifico-escolar-en-el-proximo-congreso-regional-de-investigacion-e-innovacion-en-nuble\/\"},\"wordCount\":144,\"commentCount\":0,\"image\":{\"@id\":\"https:\/\/dev.explora.cl\/nuble\/convocatoria-abierta-para-ser-parte-del-comite-cientifico-escolar-en-el-proximo-congreso-regional-de-investigacion-e-innovacion-en-nuble\/#primaryimage\"},\"thumbnailUrl\":\"https:\/\/dev.explora.cl\/nuble\/wp-content\/uploads\/sites\/10\/2022\/09\/Comit\u00e9-Cient\u00edfico-Explora-\u00d1uble.jpg\",\"inLanguage\":\"es-CL\",\"potentialAction\":[{\"@type\":\"CommentAction\",\"name\":\"Comment\",\"target\":[\"https:\/\/dev.explora.cl\/nuble\/convocatoria-abierta-para-ser-parte-del-comite-cientifico-escolar-en-el-proximo-congreso-regional-de-investigacion-e-innovacion-en-nuble\/#respond\"]}]},{\"@type\":\"WebPage\",\"@id\":\"https:\/\/dev.explora.cl\/nuble\/convocatoria-abierta-para-ser-parte-del-comite-cientifico-escolar-en-el-proximo-congreso-regional-de-investigacion-e-innovacion-en-nuble\/\",\"url\":\"https:\/\/dev.explora.cl\/nuble\/convocatoria-abierta-para-ser-parte-del-comite-cientifico-escolar-en-el-proximo-congreso-regional-de-investigacion-e-innovacion-en-nuble\/\",\"name\":\"Convocatoria abierta para ser parte del Comit\u00e9 Cient\u00edfico Escolar en el pr\u00f3ximo Congreso Regional de Investigaci\u00f3n e Innovaci\u00f3n en \u00d1uble - \u00d1uble\",\"isPartOf\":{\"@id\":\"https:\/\/dev.explora.cl\/nuble\/#website\"},\"primaryImageOfPage\":{\"@id\":\"https:\/\/dev.explora.cl\/nuble\/convocatoria-abierta-para-ser-parte-del-comite-cientifico-escolar-en-el-proximo-congreso-regional-de-investigacion-e-innovacion-en-nuble\/#primaryimage\"},\"image\":{\"@id\":\"https:\/\/dev.explora.cl\/nuble\/convocatoria-abierta-para-ser-parte-del-comite-cientifico-escolar-en-el-proximo-congreso-regional-de-investigacion-e-innovacion-en-nuble\/#primaryimage\"},\"thumbnailUrl\":\"https:\/\/dev.explora.cl\/nuble\/wp-content\/uploads\/sites\/10\/2022\/09\/Comit\u00e9-Cient\u00edfico-Explora-\u00d1uble.jpg\",\"datePublished\":\"2022-09-20T15:26:30+00:00\",\"author\":{\"@id\":\"https:\/\/dev.explora.cl\/nuble\/#\/schema\/person\/f611679f39b55ae7cdea76bc915b056e\"},\"breadcrumb\":{\"@id\":\"https:\/\/dev.explora.cl\/nuble\/convocatoria-abierta-para-ser-parte-del-comite-cientifico-escolar-en-el-proximo-congreso-regional-de-investigacion-e-innovacion-en-nuble\/#breadcrumb\"},\"inLanguage\":\"es-CL\",\"potentialAction\":[{\"@type\":\"ReadAction\",\"target\":[\"https:\/\/dev.explora.cl\/nuble\/convocatoria-abierta-para-ser-parte-del-comite-cientifico-escolar-en-el-proximo-congreso-regional-de-investigacion-e-innovacion-en-nuble\/\"]}]},{\"@type\":\"ImageObject\",\"inLanguage\":\"es-CL\",\"@id\":\"https:\/\/dev.explora.cl\/nuble\/convocatoria-abierta-para-ser-parte-del-comite-cientifico-escolar-en-el-proximo-congreso-regional-de-investigacion-e-innovacion-en-nuble\/#primaryimage\",\"url\":\"https:\/\/dev.explora.cl\/nuble\/wp-content\/uploads\/sites\/10\/2022\/09\/Comit\u00e9-Cient\u00edfico-Explora-\u00d1uble.jpg\",\"contentUrl\":\"https:\/\/dev.explora.cl\/nuble\/wp-content\/uploads\/sites\/10\/2022\/09\/Comit\u00e9-Cient\u00edfico-Explora-\u00d1uble.jpg\",\"width\":2629,\"height\":1682},{\"@type\":\"BreadcrumbList\",\"@id\":\"https:\/\/dev.explora.cl\/nuble\/convocatoria-abierta-para-ser-parte-del-comite-cientifico-escolar-en-el-proximo-congreso-regional-de-investigacion-e-innovacion-en-nuble\/#breadcrumb\",\"itemListElement\":[{\"@type\":\"ListItem\",\"position\":1,\"name\":\"Portada\",\"item\":\"https:\/\/dev.explora.cl\/nuble\/\"},{\"@type\":\"ListItem\",\"position\":2,\"name\":\"Convocatoria abierta para ser parte del Comit\u00e9 Cient\u00edfico Escolar en el pr\u00f3ximo Congreso Regional de Investigaci\u00f3n e Innovaci\u00f3n en \u00d1uble\"}]},{\"@type\":\"WebSite\",\"@id\":\"https:\/\/dev.explora.cl\/nuble\/#website\",\"url\":\"https:\/\/dev.explora.cl\/nuble\/\",\"name\":\"\u00d1uble\",\"description\":\"Otro sitio m\u00e1s de dev.explora.cl\",\"potentialAction\":[{\"@type\":\"SearchAction\",\"target\":{\"@type\":\"EntryPoint\",\"urlTemplate\":\"https:\/\/dev.explora.cl\/nuble\/?s={search_term_string}\"},\"query-input\":{\"@type\":\"PropertyValueSpecification\",\"valueRequired\":true,\"valueName\":\"search_term_string\"}}],\"inLanguage\":\"es-CL\"},{\"@type\":\"Person\",\"@id\":\"https:\/\/dev.explora.cl\/nuble\/#\/schema\/person\/f611679f39b55ae7cdea76bc915b056e\",\"name\":\"cbeltran\",\"image\":{\"@type\":\"ImageObject\",\"inLanguage\":\"es-CL\",\"@id\":\"https:\/\/dev.explora.cl\/nuble\/#\/schema\/person\/image\/\",\"url\":\"https:\/\/secure.gravatar.com\/avatar\/fde624b0b0faed85e420465a1cdb73a02c199b16b1d2d6bfe0a82b9ba438afbd?s=96&d=mm&r=g\",\"contentUrl\":\"https:\/\/secure.gravatar.com\/avatar\/fde624b0b0faed85e420465a1cdb73a02c199b16b1d2d6bfe0a82b9ba438afbd?s=96&d=mm&r=g\",\"caption\":\"cbeltran\"},\"url\":\"https:\/\/dev.explora.cl\/nuble\/author\/cbeltran\/\"}]}<\/script>\n<!-- \/ Yoast SEO plugin. -->","yoast_head_json":{"title":"Convocatoria abierta para ser parte del Comit\u00e9 Cient\u00edfico Escolar en el pr\u00f3ximo Congreso Regional de Investigaci\u00f3n e Innovaci\u00f3n en \u00d1uble - \u00d1uble","robots":{"index":"index","follow":"follow","max-snippet":"max-snippet:-1","max-image-preview":"max-image-preview:large","max-video-preview":"max-video-preview:-1"},"canonical":"https:\/\/dev.explora.cl\/nuble\/convocatoria-abierta-para-ser-parte-del-comite-cientifico-escolar-en-el-proximo-congreso-regional-de-investigacion-e-innovacion-en-nuble\/","og_locale":"es_ES","og_type":"article","og_title":"Convocatoria abierta para ser parte del Comit\u00e9 Cient\u00edfico Escolar en el pr\u00f3ximo Congreso Regional de Investigaci\u00f3n e Innovaci\u00f3n en \u00d1uble - \u00d1uble","og_description":"\u00a1S\u00famate al desarrollo de una cultura cient\u00edfica junto a Explora \u00d1uble! Si eres investigador\/a o estudiante de mag\u00edster o doctorado, te invitamos a ser un agente de cambio y contribuir a la cultura cient\u00edfica de la Regi\u00f3n de \u00d1uble, participando en el III Congreso Regional de Investigaci\u00f3n e Innovaci\u00f3n Escolar 2022, como evaluador\/a de proyectos [&hellip;]","og_url":"https:\/\/dev.explora.cl\/nuble\/convocatoria-abierta-para-ser-parte-del-comite-cientifico-escolar-en-el-proximo-congreso-regional-de-investigacion-e-innovacion-en-nuble\/","og_site_name":"\u00d1uble","article_published_time":"2022-09-20T15:26:30+00:00","og_image":[{"width":2629,"height":1682,"url":"https:\/\/dev.explora.cl\/nuble\/wp-content\/uploads\/sites\/10\/2022\/09\/Comit\u00e9-Cient\u00edfico-Explora-\u00d1uble.jpg","type":"image\/jpeg"}],"author":"cbeltran","twitter_card":"summary_large_image","twitter_misc":{"Escrito por":"cbeltran","Tiempo estimado de lectura":"1 minuto"},"schema":{"@context":"https:\/\/schema.org","@graph":[{"@type":"Article","@id":"https:\/\/dev.explora.cl\/nuble\/convocatoria-abierta-para-ser-parte-del-comite-cientifico-escolar-en-el-proximo-congreso-regional-de-investigacion-e-innovacion-en-nuble\/#article","isPartOf":{"@id":"https:\/\/dev.explora.cl\/nuble\/convocatoria-abierta-para-ser-parte-del-comite-cientifico-escolar-en-el-proximo-congreso-regional-de-investigacion-e-innovacion-en-nuble\/"},"author":{"name":"cbeltran","@id":"https:\/\/dev.explora.cl\/nuble\/#\/schema\/person\/f611679f39b55ae7cdea76bc915b056e"},"headline":"Convocatoria abierta para ser parte del Comit\u00e9 Cient\u00edfico Escolar en el pr\u00f3ximo Congreso Regional de Investigaci\u00f3n e Innovaci\u00f3n en \u00d1uble","datePublished":"2022-09-20T15:26:30+00:00","mainEntityOfPage":{"@id":"https:\/\/dev.explora.cl\/nuble\/convocatoria-abierta-para-ser-parte-del-comite-cientifico-escolar-en-el-proximo-congreso-regional-de-investigacion-e-innovacion-en-nuble\/"},"wordCount":144,"commentCount":0,"image":{"@id":"https:\/\/dev.explora.cl\/nuble\/convocatoria-abierta-para-ser-parte-del-comite-cientifico-escolar-en-el-proximo-congreso-regional-de-investigacion-e-innovacion-en-nuble\/#primaryimage"},"thumbnailUrl":"https:\/\/dev.explora.cl\/nuble\/wp-content\/uploads\/sites\/10\/2022\/09\/Comit\u00e9-Cient\u00edfico-Explora-\u00d1uble.jpg","inLanguage":"es-CL","potentialAction":[{"@type":"CommentAction","name":"Comment","target":["https:\/\/dev.explora.cl\/nuble\/convocatoria-abierta-para-ser-parte-del-comite-cientifico-escolar-en-el-proximo-congreso-regional-de-investigacion-e-innovacion-en-nuble\/#respond"]}]},{"@type":"WebPage","@id":"https:\/\/dev.explora.cl\/nuble\/convocatoria-abierta-para-ser-parte-del-comite-cientifico-escolar-en-el-proximo-congreso-regional-de-investigacion-e-innovacion-en-nuble\/","url":"https:\/\/dev.explora.cl\/nuble\/convocatoria-abierta-para-ser-parte-del-comite-cientifico-escolar-en-el-proximo-congreso-regional-de-investigacion-e-innovacion-en-nuble\/","name":"Convocatoria abierta para ser parte del Comit\u00e9 Cient\u00edfico Escolar en el pr\u00f3ximo Congreso Regional de Investigaci\u00f3n e Innovaci\u00f3n en \u00d1uble - \u00d1uble","isPartOf":{"@id":"https:\/\/dev.explora.cl\/nuble\/#website"},"primaryImageOfPage":{"@id":"https:\/\/dev.explora.cl\/nuble\/convocatoria-abierta-para-ser-parte-del-comite-cientifico-escolar-en-el-proximo-congreso-regional-de-investigacion-e-innovacion-en-nuble\/#primaryimage"},"image":{"@id":"https:\/\/dev.explora.cl\/nuble\/convocatoria-abierta-para-ser-parte-del-comite-cientifico-escolar-en-el-proximo-congreso-regional-de-investigacion-e-innovacion-en-nuble\/#primaryimage"},"thumbnailUrl":"https:\/\/dev.explora.cl\/nuble\/wp-content\/uploads\/sites\/10\/2022\/09\/Comit\u00e9-Cient\u00edfico-Explora-\u00d1uble.jpg","datePublished":"2022-09-20T15:26:30+00:00","author":{"@id":"https:\/\/dev.explora.cl\/nuble\/#\/schema\/person\/f611679f39b55ae7cdea76bc915b056e"},"breadcrumb":{"@id":"https:\/\/dev.explora.cl\/nuble\/convocatoria-abierta-para-ser-parte-del-comite-cientifico-escolar-en-el-proximo-congreso-regional-de-investigacion-e-innovacion-en-nuble\/#breadcrumb"},"inLanguage":"es-CL","potentialAction":[{"@type":"ReadAction","target":["https:\/\/dev.explora.cl\/nuble\/convocatoria-abierta-para-ser-parte-del-comite-cientifico-escolar-en-el-proximo-congreso-regional-de-investigacion-e-innovacion-en-nuble\/"]}]},{"@type":"ImageObject","inLanguage":"es-CL","@id":"https:\/\/dev.explora.cl\/nuble\/convocatoria-abierta-para-ser-parte-del-comite-cientifico-escolar-en-el-proximo-congreso-regional-de-investigacion-e-innovacion-en-nuble\/#primaryimage","url":"https:\/\/dev.explora.cl\/nuble\/wp-content\/uploads\/sites\/10\/2022\/09\/Comit\u00e9-Cient\u00edfico-Explora-\u00d1uble.jpg","contentUrl":"https:\/\/dev.explora.cl\/nuble\/wp-content\/uploads\/sites\/10\/2022\/09\/Comit\u00e9-Cient\u00edfico-Explora-\u00d1uble.jpg","width":2629,"height":1682},{"@type":"BreadcrumbList","@id":"https:\/\/dev.explora.cl\/nuble\/convocatoria-abierta-para-ser-parte-del-comite-cientifico-escolar-en-el-proximo-congreso-regional-de-investigacion-e-innovacion-en-nuble\/#breadcrumb","itemListElement":[{"@type":"ListItem","position":1,"name":"Portada","item":"https:\/\/dev.explora.cl\/nuble\/"},{"@type":"ListItem","position":2,"name":"Convocatoria abierta para ser parte del Comit\u00e9 Cient\u00edfico Escolar en el pr\u00f3ximo Congreso Regional de Investigaci\u00f3n e Innovaci\u00f3n en \u00d1uble"}]},{"@type":"WebSite","@id":"https:\/\/dev.explora.cl\/nuble\/#website","url":"https:\/\/dev.explora.cl\/nuble\/","name":"\u00d1uble","description":"Otro sitio m\u00e1s de dev.explora.cl","potentialAction":[{"@type":"SearchAction","target":{"@type":"EntryPoint","urlTemplate":"https:\/\/dev.explora.cl\/nuble\/?s={search_term_string}"},"query-input":{"@type":"PropertyValueSpecification","valueRequired":true,"valueName":"search_term_string"}}],"inLanguage":"es-CL"},{"@type":"Person","@id":"https:\/\/dev.explora.cl\/nuble\/#\/schema\/person\/f611679f39b55ae7cdea76bc915b056e","name":"cbeltran","image":{"@type":"ImageObject","inLanguage":"es-CL","@id":"https:\/\/dev.explora.cl\/nuble\/#\/schema\/person\/image\/","url":"https:\/\/secure.gravatar.com\/avatar\/fde624b0b0faed85e420465a1cdb73a02c199b16b1d2d6bfe0a82b9ba438afbd?s=96&d=mm&r=g","contentUrl":"https:\/\/secure.gravatar.com\/avatar\/fde624b0b0faed85e420465a1cdb73a02c199b16b1d2d6bfe0a82b9ba438afbd?s=96&d=mm&r=g","caption":"cbeltran"},"url":"https:\/\/dev.explora.cl\/nuble\/author\/cbeltran\/"}]}},"_links":{"self":[{"href":"https:\/\/dev.explora.cl\/nuble\/wp-json\/wp\/v2\/posts\/35735","targetHints":{"allow":["GET"]}}],"collection":[{"href":"https:\/\/dev.explora.cl\/nuble\/wp-json\/wp\/v2\/posts"}],"about":[{"href":"https:\/\/dev.explora.cl\/nuble\/wp-json\/wp\/v2\/types\/post"}],"author":[{"embeddable":true,"href":"https:\/\/dev.explora.cl\/nuble\/wp-json\/wp\/v2\/users\/25"}],"replies":[{"embeddable":true,"href":"https:\/\/dev.explora.cl\/nuble\/wp-json\/wp\/v2\/comments?post=35735"}],"version-history":[{"count":2,"href":"https:\/\/dev.explora.cl\/nuble\/wp-json\/wp\/v2\/posts\/35735\/revisions"}],"predecessor-version":[{"id":35739,"href":"https:\/\/dev.explora.cl\/nuble\/wp-json\/wp\/v2\/posts\/35735\/revisions\/35739"}],"wp:featuredmedia":[{"embeddable":true,"href":"https:\/\/dev.explora.cl\/nuble\/wp-json\/wp\/v2\/media\/35737"}],"wp:attachment":[{"href":"https:\/\/dev.explora.cl\/nuble\/wp-json\/wp\/v2\/media?parent=35735"}],"wp:term":[{"taxonomy":"category","embeddable":true,"href":"https:\/\/dev.explora.cl\/nuble\/wp-json\/wp\/v2\/categories?post=35735"},{"taxonomy":"post_tag","embeddable":true,"href":"https:\/\/dev.explora.cl\/nuble\/wp-json\/wp\/v2\/tags?post=35735"}],"curies":[{"name":"wp","href":"https:\/\/api.w.org\/{rel}","templated":true}]}}