{"id":35646,"date":"2022-07-18T10:41:16","date_gmt":"2022-07-18T14:41:16","guid":{"rendered":"https:\/\/dev.explora.cl\/nuble\/?p=35646"},"modified":"2022-07-18T10:41:37","modified_gmt":"2022-07-18T14:41:37","slug":"explora-nuble-comienza-nuevo-ciclo-de-charlas-con-ciencia-abierta","status":"publish","type":"post","link":"https:\/\/dev.explora.cl\/nuble\/explora-nuble-comienza-nuevo-ciclo-de-charlas-con-ciencia-abierta\/","title":{"rendered":"Explora \u00d1uble comienza nuevo ciclo de charlas con Ciencia Abierta"},"content":{"rendered":"<h3><strong>La iniciativa Ciencia Abierta, desarrollada por Explora \u00d1uble de la Universidad de Concepci\u00f3n, Campus Chill\u00e1n, y financiado por el Ministerio de Ciencia, Tecnolog\u00eda, Conocimiento e Innovaci\u00f3n, invita a descubrir conocimiento, a trav\u00e9s de charlas y\/o conversatorios con especialistas de diversas \u00e1reas.<\/strong><\/h3>\n<p><span style=\"font-weight: 400\">Con un <strong>recorrido por el Campus UdeC Chill\u00e1n<\/strong> y la charla online <strong>\u201cLa ciencia escondida en Los Simpson\u201d<\/strong>, se dio inicio a un nuevo ciclo de <strong>Ciencia Abierta<\/strong>. A trav\u00e9s de esta instancia, Explora \u00d1uble se propone acercar el conocimiento, de una manera entretenida, promoviendo la curiosidad por nuevas disciplinas y explorando fen\u00f3menos cotidianos desde una mirada cient\u00edfica.<\/span><\/p>\n<p><span style=\"font-weight: 400\">Al respecto, la Dra. Patricia Jana Pinninghoff, encargada de Contenido del PAR Explora \u00d1uble comenta sobre la importancia de iniciativas como esta. &#8220;La idea detr\u00e1s de Ciencia Abierta es compartir el conocimiento, abrir hacia la comunidad la labor de los y las especialistas, presentar los avances en materia de ciencia y tecnolog\u00eda, relevando los saberes generados en la Regi\u00f3n de \u00d1uble para que la ciudadan\u00eda comprenda de mejor manera su entorno&#8221;, enfatiza.<\/span><\/p>\n<p>&nbsp;<\/p>\n<p><b>Visita UdeC Campus Chill\u00e1n<\/b><\/p>\n<p><span style=\"font-weight: 400\">Ni\u00f1os, ni\u00f1as y adolescentes de 7\u00b0 b\u00e1sico a 4\u00b0 medio, junto a la Seremi de Desarrollo Social y Familia, Marta Carvajal Aguirre, visitaron las instalaciones de la Universidad de Concepci\u00f3n, Campus Chill\u00e1n, partiendo el recorrido en la biblioteca que es reconocida por su colecci\u00f3n especializada en las \u00e1reas de las Ciencias Agron\u00f3micas, Medicina Veterinaria e Ingenier\u00eda Agr\u00edcola, convirti\u00e9ndola en una de las m\u00e1s completas del pa\u00eds.\u00a0<\/span><\/p>\n<p><span style=\"font-weight: 400\">Junto a lo anterior, los y las participantes observaron la exposici\u00f3n <strong>\u201cFondo Chill\u00e1n: Patrimonio Documental, Memoria e Identidad Institucional\u201d<\/strong>, que alberga el archivo del Plan de desarrollo agr\u00edcola e higiene rural del Maule, \u00d1uble y Concepci\u00f3n, Plan Chill\u00e1n.\u00a0<\/span><\/p>\n<p><span style=\"font-weight: 400\">Durante la jornada, pudieron conocer las instalaciones de la universidad, finalizando con una breve charla a cargo de Sebasti\u00e1n Ortiz P\u00e9rez, psic\u00f3logo de Servicios Estudiantiles de la UdeC Campus Chill\u00e1n, qui\u00e9n comparti\u00f3 con las y los estudiantes estrategias de motivaci\u00f3n.<\/span><\/p>\n<p>&nbsp;<\/p>\n<p><b>Ciencia Abierta a distancia<\/b><\/p>\n<p><span style=\"font-weight: 400\">Ciencia Abierta tambi\u00e9n se presenta en formato online con charlas y entrevistas a especialistas de todas las \u00e1reas del conocimiento. En esta oportunidad, \u201cLa ciencia escondida en Los Simpson\u201d, a cargo del Dr. Gonzalo Silva Aguayo, acad\u00e9mico de la Facultad de Agronom\u00eda de la UdeC Campus Chill\u00e1n, nos revel\u00f3 los misterios cient\u00edficos presentes en la popular serie animada, revisando cap\u00edtulos emblem\u00e1ticos y respondiendo las preguntas de quienes siguieron atentamente la actividad.<\/span><\/p>\n<p><span style=\"font-weight: 400\">La presentaci\u00f3n fue transmitida por <\/span><a href=\"https:\/\/fb.watch\/ebVXy6ytQ9\/\"><span style=\"font-weight: 400\">Facebook Live<\/span><\/a><span style=\"font-weight: 400\"> y el canal de <\/span><a href=\"https:\/\/www.youtube.com\/watch?v=AYDnmXmC2x4\"><span style=\"font-weight: 400\">YouTube<\/span><\/a><span style=\"font-weight: 400\"> oficial del PAR Explora \u00d1uble y se encuentra disponible para que el p\u00fablico reviva la charla y tome nota de los datos curiosos entregados por el acad\u00e9mico Gonzalo Silva Aguayo.<\/span><\/p>\n","protected":false},"excerpt":{"rendered":"<p>La iniciativa Ciencia Abierta, desarrollada por Explora \u00d1uble de la Universidad de Concepci\u00f3n, Campus Chill\u00e1n, y financiado por el Ministerio de Ciencia, Tecnolog\u00eda, Conocimiento e Innovaci\u00f3n, invita a descubrir conocimiento, a trav\u00e9s de charlas y\/o conversatorios con especialistas de diversas \u00e1reas. Con un recorrido por el Campus UdeC Chill\u00e1n y la charla online \u201cLa ciencia [&hellip;]<\/p>\n","protected":false},"author":25,"featured_media":35631,"comment_status":"open","ping_status":"open","sticky":false,"template":"","format":"standard","meta":{"_acf_changed":false,"_exactmetrics_skip_tracking":false,"_exactmetrics_sitenote_active":false,"_exactmetrics_sitenote_note":"","_exactmetrics_sitenote_category":0,"footnotes":"","_links_to":"","_links_to_target":""},"categories":[1],"tags":[],"class_list":["post-35646","post","type-post","status-publish","format-standard","has-post-thumbnail","hentry","category-sin-categoria"],"acf":[],"yoast_head":"<!-- This site is optimized with the Yoast SEO plugin v26.7 - https:\/\/yoast.com\/wordpress\/plugins\/seo\/ -->\n<title>Explora \u00d1uble comienza nuevo ciclo de charlas con Ciencia Abierta - \u00d1uble<\/title>\n<meta name=\"robots\" content=\"index, follow, max-snippet:-1, max-image-preview:large, max-video-preview:-1\" \/>\n<link rel=\"canonical\" href=\"https:\/\/dev.explora.cl\/nuble\/explora-nuble-comienza-nuevo-ciclo-de-charlas-con-ciencia-abierta\/\" class=\"yoast-seo-meta-tag\" \/>\n<meta property=\"og:locale\" content=\"es_ES\" class=\"yoast-seo-meta-tag\" \/>\n<meta property=\"og:type\" content=\"article\" class=\"yoast-seo-meta-tag\" \/>\n<meta property=\"og:title\" content=\"Explora \u00d1uble comienza nuevo ciclo de charlas con Ciencia Abierta - \u00d1uble\" class=\"yoast-seo-meta-tag\" \/>\n<meta property=\"og:description\" content=\"La iniciativa Ciencia Abierta, desarrollada por Explora \u00d1uble de la Universidad de Concepci\u00f3n, Campus Chill\u00e1n, y financiado por el Ministerio de Ciencia, Tecnolog\u00eda, Conocimiento e Innovaci\u00f3n, invita a descubrir conocimiento, a trav\u00e9s de charlas y\/o conversatorios con especialistas de diversas \u00e1reas. Con un recorrido por el Campus UdeC Chill\u00e1n y la charla online \u201cLa ciencia [&hellip;]\" class=\"yoast-seo-meta-tag\" \/>\n<meta property=\"og:url\" content=\"https:\/\/dev.explora.cl\/nuble\/explora-nuble-comienza-nuevo-ciclo-de-charlas-con-ciencia-abierta\/\" class=\"yoast-seo-meta-tag\" \/>\n<meta property=\"og:site_name\" content=\"\u00d1uble\" class=\"yoast-seo-meta-tag\" \/>\n<meta property=\"article:published_time\" content=\"2022-07-18T14:41:16+00:00\" class=\"yoast-seo-meta-tag\" \/>\n<meta property=\"article:modified_time\" content=\"2022-07-18T14:41:37+00:00\" class=\"yoast-seo-meta-tag\" \/>\n<meta property=\"og:image\" content=\"https:\/\/dev.explora.cl\/nuble\/wp-content\/uploads\/sites\/10\/2022\/07\/Invitacion-visita-udec-01.jpg\" class=\"yoast-seo-meta-tag\" \/>\n\t<meta property=\"og:image:width\" content=\"3128\" class=\"yoast-seo-meta-tag\" \/>\n\t<meta property=\"og:image:height\" content=\"1797\" class=\"yoast-seo-meta-tag\" \/>\n\t<meta property=\"og:image:type\" content=\"image\/jpeg\" class=\"yoast-seo-meta-tag\" \/>\n<meta name=\"author\" content=\"cbeltran\" class=\"yoast-seo-meta-tag\" \/>\n<meta name=\"twitter:card\" content=\"summary_large_image\" class=\"yoast-seo-meta-tag\" \/>\n<meta name=\"twitter:label1\" content=\"Escrito por\" class=\"yoast-seo-meta-tag\" \/>\n\t<meta name=\"twitter:data1\" content=\"cbeltran\" class=\"yoast-seo-meta-tag\" \/>\n\t<meta name=\"twitter:label2\" content=\"Tiempo estimado de lectura\" class=\"yoast-seo-meta-tag\" \/>\n\t<meta name=\"twitter:data2\" content=\"2 minutos\" class=\"yoast-seo-meta-tag\" \/>\n<script type=\"application\/ld+json\" class=\"yoast-schema-graph\">{\"@context\":\"https:\/\/schema.org\",\"@graph\":[{\"@type\":\"Article\",\"@id\":\"https:\/\/dev.explora.cl\/nuble\/explora-nuble-comienza-nuevo-ciclo-de-charlas-con-ciencia-abierta\/#article\",\"isPartOf\":{\"@id\":\"https:\/\/dev.explora.cl\/nuble\/explora-nuble-comienza-nuevo-ciclo-de-charlas-con-ciencia-abierta\/\"},\"author\":{\"name\":\"cbeltran\",\"@id\":\"https:\/\/dev.explora.cl\/nuble\/#\/schema\/person\/f611679f39b55ae7cdea76bc915b056e\"},\"headline\":\"Explora \u00d1uble comienza nuevo ciclo de charlas con Ciencia Abierta\",\"datePublished\":\"2022-07-18T14:41:16+00:00\",\"dateModified\":\"2022-07-18T14:41:37+00:00\",\"mainEntityOfPage\":{\"@id\":\"https:\/\/dev.explora.cl\/nuble\/explora-nuble-comienza-nuevo-ciclo-de-charlas-con-ciencia-abierta\/\"},\"wordCount\":494,\"commentCount\":0,\"image\":{\"@id\":\"https:\/\/dev.explora.cl\/nuble\/explora-nuble-comienza-nuevo-ciclo-de-charlas-con-ciencia-abierta\/#primaryimage\"},\"thumbnailUrl\":\"https:\/\/dev.explora.cl\/nuble\/wp-content\/uploads\/sites\/10\/2022\/07\/Invitacion-visita-udec-01.jpg\",\"inLanguage\":\"es-CL\",\"potentialAction\":[{\"@type\":\"CommentAction\",\"name\":\"Comment\",\"target\":[\"https:\/\/dev.explora.cl\/nuble\/explora-nuble-comienza-nuevo-ciclo-de-charlas-con-ciencia-abierta\/#respond\"]}]},{\"@type\":\"WebPage\",\"@id\":\"https:\/\/dev.explora.cl\/nuble\/explora-nuble-comienza-nuevo-ciclo-de-charlas-con-ciencia-abierta\/\",\"url\":\"https:\/\/dev.explora.cl\/nuble\/explora-nuble-comienza-nuevo-ciclo-de-charlas-con-ciencia-abierta\/\",\"name\":\"Explora \u00d1uble comienza nuevo ciclo de charlas con Ciencia Abierta - \u00d1uble\",\"isPartOf\":{\"@id\":\"https:\/\/dev.explora.cl\/nuble\/#website\"},\"primaryImageOfPage\":{\"@id\":\"https:\/\/dev.explora.cl\/nuble\/explora-nuble-comienza-nuevo-ciclo-de-charlas-con-ciencia-abierta\/#primaryimage\"},\"image\":{\"@id\":\"https:\/\/dev.explora.cl\/nuble\/explora-nuble-comienza-nuevo-ciclo-de-charlas-con-ciencia-abierta\/#primaryimage\"},\"thumbnailUrl\":\"https:\/\/dev.explora.cl\/nuble\/wp-content\/uploads\/sites\/10\/2022\/07\/Invitacion-visita-udec-01.jpg\",\"datePublished\":\"2022-07-18T14:41:16+00:00\",\"dateModified\":\"2022-07-18T14:41:37+00:00\",\"author\":{\"@id\":\"https:\/\/dev.explora.cl\/nuble\/#\/schema\/person\/f611679f39b55ae7cdea76bc915b056e\"},\"breadcrumb\":{\"@id\":\"https:\/\/dev.explora.cl\/nuble\/explora-nuble-comienza-nuevo-ciclo-de-charlas-con-ciencia-abierta\/#breadcrumb\"},\"inLanguage\":\"es-CL\",\"potentialAction\":[{\"@type\":\"ReadAction\",\"target\":[\"https:\/\/dev.explora.cl\/nuble\/explora-nuble-comienza-nuevo-ciclo-de-charlas-con-ciencia-abierta\/\"]}]},{\"@type\":\"ImageObject\",\"inLanguage\":\"es-CL\",\"@id\":\"https:\/\/dev.explora.cl\/nuble\/explora-nuble-comienza-nuevo-ciclo-de-charlas-con-ciencia-abierta\/#primaryimage\",\"url\":\"https:\/\/dev.explora.cl\/nuble\/wp-content\/uploads\/sites\/10\/2022\/07\/Invitacion-visita-udec-01.jpg\",\"contentUrl\":\"https:\/\/dev.explora.cl\/nuble\/wp-content\/uploads\/sites\/10\/2022\/07\/Invitacion-visita-udec-01.jpg\",\"width\":3128,\"height\":1797},{\"@type\":\"BreadcrumbList\",\"@id\":\"https:\/\/dev.explora.cl\/nuble\/explora-nuble-comienza-nuevo-ciclo-de-charlas-con-ciencia-abierta\/#breadcrumb\",\"itemListElement\":[{\"@type\":\"ListItem\",\"position\":1,\"name\":\"Portada\",\"item\":\"https:\/\/dev.explora.cl\/nuble\/\"},{\"@type\":\"ListItem\",\"position\":2,\"name\":\"Explora \u00d1uble comienza nuevo ciclo de charlas con Ciencia Abierta\"}]},{\"@type\":\"WebSite\",\"@id\":\"https:\/\/dev.explora.cl\/nuble\/#website\",\"url\":\"https:\/\/dev.explora.cl\/nuble\/\",\"name\":\"\u00d1uble\",\"description\":\"Otro sitio m\u00e1s de dev.explora.cl\",\"potentialAction\":[{\"@type\":\"SearchAction\",\"target\":{\"@type\":\"EntryPoint\",\"urlTemplate\":\"https:\/\/dev.explora.cl\/nuble\/?s={search_term_string}\"},\"query-input\":{\"@type\":\"PropertyValueSpecification\",\"valueRequired\":true,\"valueName\":\"search_term_string\"}}],\"inLanguage\":\"es-CL\"},{\"@type\":\"Person\",\"@id\":\"https:\/\/dev.explora.cl\/nuble\/#\/schema\/person\/f611679f39b55ae7cdea76bc915b056e\",\"name\":\"cbeltran\",\"image\":{\"@type\":\"ImageObject\",\"inLanguage\":\"es-CL\",\"@id\":\"https:\/\/dev.explora.cl\/nuble\/#\/schema\/person\/image\/\",\"url\":\"https:\/\/secure.gravatar.com\/avatar\/fde624b0b0faed85e420465a1cdb73a02c199b16b1d2d6bfe0a82b9ba438afbd?s=96&d=mm&r=g\",\"contentUrl\":\"https:\/\/secure.gravatar.com\/avatar\/fde624b0b0faed85e420465a1cdb73a02c199b16b1d2d6bfe0a82b9ba438afbd?s=96&d=mm&r=g\",\"caption\":\"cbeltran\"},\"url\":\"https:\/\/dev.explora.cl\/nuble\/author\/cbeltran\/\"}]}<\/script>\n<!-- \/ Yoast SEO plugin. -->","yoast_head_json":{"title":"Explora \u00d1uble comienza nuevo ciclo de charlas con Ciencia Abierta - \u00d1uble","robots":{"index":"index","follow":"follow","max-snippet":"max-snippet:-1","max-image-preview":"max-image-preview:large","max-video-preview":"max-video-preview:-1"},"canonical":"https:\/\/dev.explora.cl\/nuble\/explora-nuble-comienza-nuevo-ciclo-de-charlas-con-ciencia-abierta\/","og_locale":"es_ES","og_type":"article","og_title":"Explora \u00d1uble comienza nuevo ciclo de charlas con Ciencia Abierta - \u00d1uble","og_description":"La iniciativa Ciencia Abierta, desarrollada por Explora \u00d1uble de la Universidad de Concepci\u00f3n, Campus Chill\u00e1n, y financiado por el Ministerio de Ciencia, Tecnolog\u00eda, Conocimiento e Innovaci\u00f3n, invita a descubrir conocimiento, a trav\u00e9s de charlas y\/o conversatorios con especialistas de diversas \u00e1reas. Con un recorrido por el Campus UdeC Chill\u00e1n y la charla online \u201cLa ciencia [&hellip;]","og_url":"https:\/\/dev.explora.cl\/nuble\/explora-nuble-comienza-nuevo-ciclo-de-charlas-con-ciencia-abierta\/","og_site_name":"\u00d1uble","article_published_time":"2022-07-18T14:41:16+00:00","article_modified_time":"2022-07-18T14:41:37+00:00","og_image":[{"width":3128,"height":1797,"url":"https:\/\/dev.explora.cl\/nuble\/wp-content\/uploads\/sites\/10\/2022\/07\/Invitacion-visita-udec-01.jpg","type":"image\/jpeg"}],"author":"cbeltran","twitter_card":"summary_large_image","twitter_misc":{"Escrito por":"cbeltran","Tiempo estimado de lectura":"2 minutos"},"schema":{"@context":"https:\/\/schema.org","@graph":[{"@type":"Article","@id":"https:\/\/dev.explora.cl\/nuble\/explora-nuble-comienza-nuevo-ciclo-de-charlas-con-ciencia-abierta\/#article","isPartOf":{"@id":"https:\/\/dev.explora.cl\/nuble\/explora-nuble-comienza-nuevo-ciclo-de-charlas-con-ciencia-abierta\/"},"author":{"name":"cbeltran","@id":"https:\/\/dev.explora.cl\/nuble\/#\/schema\/person\/f611679f39b55ae7cdea76bc915b056e"},"headline":"Explora \u00d1uble comienza nuevo ciclo de charlas con Ciencia Abierta","datePublished":"2022-07-18T14:41:16+00:00","dateModified":"2022-07-18T14:41:37+00:00","mainEntityOfPage":{"@id":"https:\/\/dev.explora.cl\/nuble\/explora-nuble-comienza-nuevo-ciclo-de-charlas-con-ciencia-abierta\/"},"wordCount":494,"commentCount":0,"image":{"@id":"https:\/\/dev.explora.cl\/nuble\/explora-nuble-comienza-nuevo-ciclo-de-charlas-con-ciencia-abierta\/#primaryimage"},"thumbnailUrl":"https:\/\/dev.explora.cl\/nuble\/wp-content\/uploads\/sites\/10\/2022\/07\/Invitacion-visita-udec-01.jpg","inLanguage":"es-CL","potentialAction":[{"@type":"CommentAction","name":"Comment","target":["https:\/\/dev.explora.cl\/nuble\/explora-nuble-comienza-nuevo-ciclo-de-charlas-con-ciencia-abierta\/#respond"]}]},{"@type":"WebPage","@id":"https:\/\/dev.explora.cl\/nuble\/explora-nuble-comienza-nuevo-ciclo-de-charlas-con-ciencia-abierta\/","url":"https:\/\/dev.explora.cl\/nuble\/explora-nuble-comienza-nuevo-ciclo-de-charlas-con-ciencia-abierta\/","name":"Explora \u00d1uble comienza nuevo ciclo de charlas con Ciencia Abierta - \u00d1uble","isPartOf":{"@id":"https:\/\/dev.explora.cl\/nuble\/#website"},"primaryImageOfPage":{"@id":"https:\/\/dev.explora.cl\/nuble\/explora-nuble-comienza-nuevo-ciclo-de-charlas-con-ciencia-abierta\/#primaryimage"},"image":{"@id":"https:\/\/dev.explora.cl\/nuble\/explora-nuble-comienza-nuevo-ciclo-de-charlas-con-ciencia-abierta\/#primaryimage"},"thumbnailUrl":"https:\/\/dev.explora.cl\/nuble\/wp-content\/uploads\/sites\/10\/2022\/07\/Invitacion-visita-udec-01.jpg","datePublished":"2022-07-18T14:41:16+00:00","dateModified":"2022-07-18T14:41:37+00:00","author":{"@id":"https:\/\/dev.explora.cl\/nuble\/#\/schema\/person\/f611679f39b55ae7cdea76bc915b056e"},"breadcrumb":{"@id":"https:\/\/dev.explora.cl\/nuble\/explora-nuble-comienza-nuevo-ciclo-de-charlas-con-ciencia-abierta\/#breadcrumb"},"inLanguage":"es-CL","potentialAction":[{"@type":"ReadAction","target":["https:\/\/dev.explora.cl\/nuble\/explora-nuble-comienza-nuevo-ciclo-de-charlas-con-ciencia-abierta\/"]}]},{"@type":"ImageObject","inLanguage":"es-CL","@id":"https:\/\/dev.explora.cl\/nuble\/explora-nuble-comienza-nuevo-ciclo-de-charlas-con-ciencia-abierta\/#primaryimage","url":"https:\/\/dev.explora.cl\/nuble\/wp-content\/uploads\/sites\/10\/2022\/07\/Invitacion-visita-udec-01.jpg","contentUrl":"https:\/\/dev.explora.cl\/nuble\/wp-content\/uploads\/sites\/10\/2022\/07\/Invitacion-visita-udec-01.jpg","width":3128,"height":1797},{"@type":"BreadcrumbList","@id":"https:\/\/dev.explora.cl\/nuble\/explora-nuble-comienza-nuevo-ciclo-de-charlas-con-ciencia-abierta\/#breadcrumb","itemListElement":[{"@type":"ListItem","position":1,"name":"Portada","item":"https:\/\/dev.explora.cl\/nuble\/"},{"@type":"ListItem","position":2,"name":"Explora \u00d1uble comienza nuevo ciclo de charlas con Ciencia Abierta"}]},{"@type":"WebSite","@id":"https:\/\/dev.explora.cl\/nuble\/#website","url":"https:\/\/dev.explora.cl\/nuble\/","name":"\u00d1uble","description":"Otro sitio m\u00e1s de dev.explora.cl","potentialAction":[{"@type":"SearchAction","target":{"@type":"EntryPoint","urlTemplate":"https:\/\/dev.explora.cl\/nuble\/?s={search_term_string}"},"query-input":{"@type":"PropertyValueSpecification","valueRequired":true,"valueName":"search_term_string"}}],"inLanguage":"es-CL"},{"@type":"Person","@id":"https:\/\/dev.explora.cl\/nuble\/#\/schema\/person\/f611679f39b55ae7cdea76bc915b056e","name":"cbeltran","image":{"@type":"ImageObject","inLanguage":"es-CL","@id":"https:\/\/dev.explora.cl\/nuble\/#\/schema\/person\/image\/","url":"https:\/\/secure.gravatar.com\/avatar\/fde624b0b0faed85e420465a1cdb73a02c199b16b1d2d6bfe0a82b9ba438afbd?s=96&d=mm&r=g","contentUrl":"https:\/\/secure.gravatar.com\/avatar\/fde624b0b0faed85e420465a1cdb73a02c199b16b1d2d6bfe0a82b9ba438afbd?s=96&d=mm&r=g","caption":"cbeltran"},"url":"https:\/\/dev.explora.cl\/nuble\/author\/cbeltran\/"}]}},"_links":{"self":[{"href":"https:\/\/dev.explora.cl\/nuble\/wp-json\/wp\/v2\/posts\/35646","targetHints":{"allow":["GET"]}}],"collection":[{"href":"https:\/\/dev.explora.cl\/nuble\/wp-json\/wp\/v2\/posts"}],"about":[{"href":"https:\/\/dev.explora.cl\/nuble\/wp-json\/wp\/v2\/types\/post"}],"author":[{"embeddable":true,"href":"https:\/\/dev.explora.cl\/nuble\/wp-json\/wp\/v2\/users\/25"}],"replies":[{"embeddable":true,"href":"https:\/\/dev.explora.cl\/nuble\/wp-json\/wp\/v2\/comments?post=35646"}],"version-history":[{"count":5,"href":"https:\/\/dev.explora.cl\/nuble\/wp-json\/wp\/v2\/posts\/35646\/revisions"}],"predecessor-version":[{"id":35651,"href":"https:\/\/dev.explora.cl\/nuble\/wp-json\/wp\/v2\/posts\/35646\/revisions\/35651"}],"wp:featuredmedia":[{"embeddable":true,"href":"https:\/\/dev.explora.cl\/nuble\/wp-json\/wp\/v2\/media\/35631"}],"wp:attachment":[{"href":"https:\/\/dev.explora.cl\/nuble\/wp-json\/wp\/v2\/media?parent=35646"}],"wp:term":[{"taxonomy":"category","embeddable":true,"href":"https:\/\/dev.explora.cl\/nuble\/wp-json\/wp\/v2\/categories?post=35646"},{"taxonomy":"post_tag","embeddable":true,"href":"https:\/\/dev.explora.cl\/nuble\/wp-json\/wp\/v2\/tags?post=35646"}],"curies":[{"name":"wp","href":"https:\/\/api.w.org\/{rel}","templated":true}]}}