{"id":35292,"date":"2022-03-14T11:43:27","date_gmt":"2022-03-14T14:43:27","guid":{"rendered":"https:\/\/dev.explora.cl\/nuble\/?p=35292"},"modified":"2022-03-14T11:44:39","modified_gmt":"2022-03-14T14:44:39","slug":"explora-nuble-te-invita-a-ser-parte-del-dia-de-la-astronomia-2","status":"publish","type":"post","link":"https:\/\/dev.explora.cl\/nuble\/explora-nuble-te-invita-a-ser-parte-del-dia-de-la-astronomia-2\/","title":{"rendered":"Explora \u00d1uble te invita a ser parte del D\u00eda de la Astronom\u00eda"},"content":{"rendered":"<p>Invitamos a toda la comunidad de Punilla, Itata y Diguill\u00edn a participar del <strong>D\u00eda de la Astronom\u00eda junto a Explora \u00d1uble<\/strong> a trav\u00e9s de la <strong>obra de teatro &#8220;Acercando el universo&#8221;<\/strong> desarrollada por la <strong>Compa\u00f1\u00eda \u00d1eque Teatral.<\/strong><\/p>\n<p>La actividad se realizar\u00e1 el<strong> s\u00e1bado 19 de marzo, a las 19:30 horas, en el Teatro Municipal de Chill\u00e1n<\/strong> ubicado en calle Dieciocho de Septiembre 590, Chill\u00e1n (Frente a la plaza de Armas).<\/p>\n<p>Para participar se debe completar el formulario de inscripci\u00f3n<strong> <a href=\"https:\/\/docs.google.com\/forms\/d\/e\/1FAIpQLSdnISYS2qrYHLQg7B0wzijkmmrc0qgDR5ZyBwmeCQgWWCPS9A\/viewform\">PINCHA AQU\u00cd<\/a> <\/strong>y presentar el <strong>Pase de Movilidad<\/strong> el d\u00eda de la actividad a la entrada del teatro. \u00a1Cupos limitados!<\/p>\n<p>La obra dirigida a las familias de \u00d1uble nos invita a conocer el origen del universo, descubriendo la relaci\u00f3n entre los seres humanos y los misterios del cosmos, a trav\u00e9s de una experiencia que integra elementos audiovisuales y m\u00fasica en vivo.<\/p>\n<p>Esta actividad contar\u00e1 con <strong>interpretaci\u00f3n de Lengua de Se\u00f1as Chilena y ser\u00e1 transmitida en vivo por las redes sociales del PAR Explora \u00d1uble.<\/strong><\/p>\n<p>\u00a1Te esperamos!<\/p>\n","protected":false},"excerpt":{"rendered":"<p>Invitamos a toda la comunidad de Punilla, Itata y Diguill\u00edn a participar del D\u00eda de la Astronom\u00eda junto a Explora \u00d1uble a trav\u00e9s de la obra de teatro &#8220;Acercando el universo&#8221; desarrollada por la Compa\u00f1\u00eda \u00d1eque Teatral. La actividad se realizar\u00e1 el s\u00e1bado 19 de marzo, a las 19:30 horas, en el Teatro Municipal de [&hellip;]<\/p>\n","protected":false},"author":25,"featured_media":35289,"comment_status":"open","ping_status":"open","sticky":false,"template":"","format":"standard","meta":{"_acf_changed":false,"_exactmetrics_skip_tracking":false,"_exactmetrics_sitenote_active":false,"_exactmetrics_sitenote_note":"","_exactmetrics_sitenote_category":0,"footnotes":"","_links_to":"","_links_to_target":""},"categories":[1],"tags":[229],"class_list":["post-35292","post","type-post","status-publish","format-standard","has-post-thumbnail","hentry","category-sin-categoria","tag-diadelaastronomia-chilemiratucielo-astronomia"],"acf":[],"yoast_head":"<!-- This site is optimized with the Yoast SEO plugin v26.7 - https:\/\/yoast.com\/wordpress\/plugins\/seo\/ -->\n<title>Explora \u00d1uble te invita a ser parte del D\u00eda de la Astronom\u00eda - \u00d1uble<\/title>\n<meta name=\"robots\" content=\"index, follow, max-snippet:-1, max-image-preview:large, max-video-preview:-1\" \/>\n<link rel=\"canonical\" href=\"https:\/\/dev.explora.cl\/nuble\/explora-nuble-te-invita-a-ser-parte-del-dia-de-la-astronomia-2\/\" class=\"yoast-seo-meta-tag\" \/>\n<meta property=\"og:locale\" content=\"es_ES\" class=\"yoast-seo-meta-tag\" \/>\n<meta property=\"og:type\" content=\"article\" class=\"yoast-seo-meta-tag\" \/>\n<meta property=\"og:title\" content=\"Explora \u00d1uble te invita a ser parte del D\u00eda de la Astronom\u00eda - \u00d1uble\" class=\"yoast-seo-meta-tag\" \/>\n<meta property=\"og:description\" content=\"Invitamos a toda la comunidad de Punilla, Itata y Diguill\u00edn a participar del D\u00eda de la Astronom\u00eda junto a Explora \u00d1uble a trav\u00e9s de la obra de teatro &#8220;Acercando el universo&#8221; desarrollada por la Compa\u00f1\u00eda \u00d1eque Teatral. La actividad se realizar\u00e1 el s\u00e1bado 19 de marzo, a las 19:30 horas, en el Teatro Municipal de [&hellip;]\" class=\"yoast-seo-meta-tag\" \/>\n<meta property=\"og:url\" content=\"https:\/\/dev.explora.cl\/nuble\/explora-nuble-te-invita-a-ser-parte-del-dia-de-la-astronomia-2\/\" class=\"yoast-seo-meta-tag\" \/>\n<meta property=\"og:site_name\" content=\"\u00d1uble\" class=\"yoast-seo-meta-tag\" \/>\n<meta property=\"article:published_time\" content=\"2022-03-14T14:43:27+00:00\" class=\"yoast-seo-meta-tag\" \/>\n<meta property=\"article:modified_time\" content=\"2022-03-14T14:44:39+00:00\" class=\"yoast-seo-meta-tag\" \/>\n<meta property=\"og:image\" content=\"https:\/\/dev.explora.cl\/nuble\/wp-content\/uploads\/sites\/10\/2022\/03\/web-5-1024x654.jpg\" class=\"yoast-seo-meta-tag\" \/>\n\t<meta property=\"og:image:width\" content=\"1024\" class=\"yoast-seo-meta-tag\" \/>\n\t<meta property=\"og:image:height\" content=\"654\" class=\"yoast-seo-meta-tag\" \/>\n\t<meta property=\"og:image:type\" content=\"image\/jpeg\" class=\"yoast-seo-meta-tag\" \/>\n<meta name=\"author\" content=\"cbeltran\" class=\"yoast-seo-meta-tag\" \/>\n<meta name=\"twitter:card\" content=\"summary_large_image\" class=\"yoast-seo-meta-tag\" \/>\n<meta name=\"twitter:label1\" content=\"Escrito por\" class=\"yoast-seo-meta-tag\" \/>\n\t<meta name=\"twitter:data1\" content=\"cbeltran\" class=\"yoast-seo-meta-tag\" \/>\n\t<meta name=\"twitter:label2\" content=\"Tiempo estimado de lectura\" class=\"yoast-seo-meta-tag\" \/>\n\t<meta name=\"twitter:data2\" content=\"1 minuto\" class=\"yoast-seo-meta-tag\" \/>\n<script type=\"application\/ld+json\" class=\"yoast-schema-graph\">{\"@context\":\"https:\/\/schema.org\",\"@graph\":[{\"@type\":\"Article\",\"@id\":\"https:\/\/dev.explora.cl\/nuble\/explora-nuble-te-invita-a-ser-parte-del-dia-de-la-astronomia-2\/#article\",\"isPartOf\":{\"@id\":\"https:\/\/dev.explora.cl\/nuble\/explora-nuble-te-invita-a-ser-parte-del-dia-de-la-astronomia-2\/\"},\"author\":{\"name\":\"cbeltran\",\"@id\":\"https:\/\/dev.explora.cl\/nuble\/#\/schema\/person\/f611679f39b55ae7cdea76bc915b056e\"},\"headline\":\"Explora \u00d1uble te invita a ser parte del D\u00eda de la Astronom\u00eda\",\"datePublished\":\"2022-03-14T14:43:27+00:00\",\"dateModified\":\"2022-03-14T14:44:39+00:00\",\"mainEntityOfPage\":{\"@id\":\"https:\/\/dev.explora.cl\/nuble\/explora-nuble-te-invita-a-ser-parte-del-dia-de-la-astronomia-2\/\"},\"wordCount\":191,\"commentCount\":0,\"image\":{\"@id\":\"https:\/\/dev.explora.cl\/nuble\/explora-nuble-te-invita-a-ser-parte-del-dia-de-la-astronomia-2\/#primaryimage\"},\"thumbnailUrl\":\"https:\/\/dev.explora.cl\/nuble\/wp-content\/uploads\/sites\/10\/2022\/03\/web-5.jpg\",\"keywords\":[\"#D\u00edaDeLaAstronom\u00eda #ChileMiraTuCielo #Astronom\u00eda\"],\"inLanguage\":\"es-CL\",\"potentialAction\":[{\"@type\":\"CommentAction\",\"name\":\"Comment\",\"target\":[\"https:\/\/dev.explora.cl\/nuble\/explora-nuble-te-invita-a-ser-parte-del-dia-de-la-astronomia-2\/#respond\"]}]},{\"@type\":\"WebPage\",\"@id\":\"https:\/\/dev.explora.cl\/nuble\/explora-nuble-te-invita-a-ser-parte-del-dia-de-la-astronomia-2\/\",\"url\":\"https:\/\/dev.explora.cl\/nuble\/explora-nuble-te-invita-a-ser-parte-del-dia-de-la-astronomia-2\/\",\"name\":\"Explora \u00d1uble te invita a ser parte del D\u00eda de la Astronom\u00eda - \u00d1uble\",\"isPartOf\":{\"@id\":\"https:\/\/dev.explora.cl\/nuble\/#website\"},\"primaryImageOfPage\":{\"@id\":\"https:\/\/dev.explora.cl\/nuble\/explora-nuble-te-invita-a-ser-parte-del-dia-de-la-astronomia-2\/#primaryimage\"},\"image\":{\"@id\":\"https:\/\/dev.explora.cl\/nuble\/explora-nuble-te-invita-a-ser-parte-del-dia-de-la-astronomia-2\/#primaryimage\"},\"thumbnailUrl\":\"https:\/\/dev.explora.cl\/nuble\/wp-content\/uploads\/sites\/10\/2022\/03\/web-5.jpg\",\"datePublished\":\"2022-03-14T14:43:27+00:00\",\"dateModified\":\"2022-03-14T14:44:39+00:00\",\"author\":{\"@id\":\"https:\/\/dev.explora.cl\/nuble\/#\/schema\/person\/f611679f39b55ae7cdea76bc915b056e\"},\"breadcrumb\":{\"@id\":\"https:\/\/dev.explora.cl\/nuble\/explora-nuble-te-invita-a-ser-parte-del-dia-de-la-astronomia-2\/#breadcrumb\"},\"inLanguage\":\"es-CL\",\"potentialAction\":[{\"@type\":\"ReadAction\",\"target\":[\"https:\/\/dev.explora.cl\/nuble\/explora-nuble-te-invita-a-ser-parte-del-dia-de-la-astronomia-2\/\"]}]},{\"@type\":\"ImageObject\",\"inLanguage\":\"es-CL\",\"@id\":\"https:\/\/dev.explora.cl\/nuble\/explora-nuble-te-invita-a-ser-parte-del-dia-de-la-astronomia-2\/#primaryimage\",\"url\":\"https:\/\/dev.explora.cl\/nuble\/wp-content\/uploads\/sites\/10\/2022\/03\/web-5.jpg\",\"contentUrl\":\"https:\/\/dev.explora.cl\/nuble\/wp-content\/uploads\/sites\/10\/2022\/03\/web-5.jpg\",\"width\":7420,\"height\":4742},{\"@type\":\"BreadcrumbList\",\"@id\":\"https:\/\/dev.explora.cl\/nuble\/explora-nuble-te-invita-a-ser-parte-del-dia-de-la-astronomia-2\/#breadcrumb\",\"itemListElement\":[{\"@type\":\"ListItem\",\"position\":1,\"name\":\"Portada\",\"item\":\"https:\/\/dev.explora.cl\/nuble\/\"},{\"@type\":\"ListItem\",\"position\":2,\"name\":\"Explora \u00d1uble te invita a ser parte del D\u00eda de la Astronom\u00eda\"}]},{\"@type\":\"WebSite\",\"@id\":\"https:\/\/dev.explora.cl\/nuble\/#website\",\"url\":\"https:\/\/dev.explora.cl\/nuble\/\",\"name\":\"\u00d1uble\",\"description\":\"Otro sitio m\u00e1s de dev.explora.cl\",\"potentialAction\":[{\"@type\":\"SearchAction\",\"target\":{\"@type\":\"EntryPoint\",\"urlTemplate\":\"https:\/\/dev.explora.cl\/nuble\/?s={search_term_string}\"},\"query-input\":{\"@type\":\"PropertyValueSpecification\",\"valueRequired\":true,\"valueName\":\"search_term_string\"}}],\"inLanguage\":\"es-CL\"},{\"@type\":\"Person\",\"@id\":\"https:\/\/dev.explora.cl\/nuble\/#\/schema\/person\/f611679f39b55ae7cdea76bc915b056e\",\"name\":\"cbeltran\",\"image\":{\"@type\":\"ImageObject\",\"inLanguage\":\"es-CL\",\"@id\":\"https:\/\/dev.explora.cl\/nuble\/#\/schema\/person\/image\/\",\"url\":\"https:\/\/secure.gravatar.com\/avatar\/fde624b0b0faed85e420465a1cdb73a02c199b16b1d2d6bfe0a82b9ba438afbd?s=96&d=mm&r=g\",\"contentUrl\":\"https:\/\/secure.gravatar.com\/avatar\/fde624b0b0faed85e420465a1cdb73a02c199b16b1d2d6bfe0a82b9ba438afbd?s=96&d=mm&r=g\",\"caption\":\"cbeltran\"},\"url\":\"https:\/\/dev.explora.cl\/nuble\/author\/cbeltran\/\"}]}<\/script>\n<!-- \/ Yoast SEO plugin. -->","yoast_head_json":{"title":"Explora \u00d1uble te invita a ser parte del D\u00eda de la Astronom\u00eda - \u00d1uble","robots":{"index":"index","follow":"follow","max-snippet":"max-snippet:-1","max-image-preview":"max-image-preview:large","max-video-preview":"max-video-preview:-1"},"canonical":"https:\/\/dev.explora.cl\/nuble\/explora-nuble-te-invita-a-ser-parte-del-dia-de-la-astronomia-2\/","og_locale":"es_ES","og_type":"article","og_title":"Explora \u00d1uble te invita a ser parte del D\u00eda de la Astronom\u00eda - \u00d1uble","og_description":"Invitamos a toda la comunidad de Punilla, Itata y Diguill\u00edn a participar del D\u00eda de la Astronom\u00eda junto a Explora \u00d1uble a trav\u00e9s de la obra de teatro &#8220;Acercando el universo&#8221; desarrollada por la Compa\u00f1\u00eda \u00d1eque Teatral. La actividad se realizar\u00e1 el s\u00e1bado 19 de marzo, a las 19:30 horas, en el Teatro Municipal de [&hellip;]","og_url":"https:\/\/dev.explora.cl\/nuble\/explora-nuble-te-invita-a-ser-parte-del-dia-de-la-astronomia-2\/","og_site_name":"\u00d1uble","article_published_time":"2022-03-14T14:43:27+00:00","article_modified_time":"2022-03-14T14:44:39+00:00","og_image":[{"width":1024,"height":654,"url":"https:\/\/dev.explora.cl\/nuble\/wp-content\/uploads\/sites\/10\/2022\/03\/web-5-1024x654.jpg","type":"image\/jpeg"}],"author":"cbeltran","twitter_card":"summary_large_image","twitter_misc":{"Escrito por":"cbeltran","Tiempo estimado de lectura":"1 minuto"},"schema":{"@context":"https:\/\/schema.org","@graph":[{"@type":"Article","@id":"https:\/\/dev.explora.cl\/nuble\/explora-nuble-te-invita-a-ser-parte-del-dia-de-la-astronomia-2\/#article","isPartOf":{"@id":"https:\/\/dev.explora.cl\/nuble\/explora-nuble-te-invita-a-ser-parte-del-dia-de-la-astronomia-2\/"},"author":{"name":"cbeltran","@id":"https:\/\/dev.explora.cl\/nuble\/#\/schema\/person\/f611679f39b55ae7cdea76bc915b056e"},"headline":"Explora \u00d1uble te invita a ser parte del D\u00eda de la Astronom\u00eda","datePublished":"2022-03-14T14:43:27+00:00","dateModified":"2022-03-14T14:44:39+00:00","mainEntityOfPage":{"@id":"https:\/\/dev.explora.cl\/nuble\/explora-nuble-te-invita-a-ser-parte-del-dia-de-la-astronomia-2\/"},"wordCount":191,"commentCount":0,"image":{"@id":"https:\/\/dev.explora.cl\/nuble\/explora-nuble-te-invita-a-ser-parte-del-dia-de-la-astronomia-2\/#primaryimage"},"thumbnailUrl":"https:\/\/dev.explora.cl\/nuble\/wp-content\/uploads\/sites\/10\/2022\/03\/web-5.jpg","keywords":["#D\u00edaDeLaAstronom\u00eda #ChileMiraTuCielo #Astronom\u00eda"],"inLanguage":"es-CL","potentialAction":[{"@type":"CommentAction","name":"Comment","target":["https:\/\/dev.explora.cl\/nuble\/explora-nuble-te-invita-a-ser-parte-del-dia-de-la-astronomia-2\/#respond"]}]},{"@type":"WebPage","@id":"https:\/\/dev.explora.cl\/nuble\/explora-nuble-te-invita-a-ser-parte-del-dia-de-la-astronomia-2\/","url":"https:\/\/dev.explora.cl\/nuble\/explora-nuble-te-invita-a-ser-parte-del-dia-de-la-astronomia-2\/","name":"Explora \u00d1uble te invita a ser parte del D\u00eda de la Astronom\u00eda - \u00d1uble","isPartOf":{"@id":"https:\/\/dev.explora.cl\/nuble\/#website"},"primaryImageOfPage":{"@id":"https:\/\/dev.explora.cl\/nuble\/explora-nuble-te-invita-a-ser-parte-del-dia-de-la-astronomia-2\/#primaryimage"},"image":{"@id":"https:\/\/dev.explora.cl\/nuble\/explora-nuble-te-invita-a-ser-parte-del-dia-de-la-astronomia-2\/#primaryimage"},"thumbnailUrl":"https:\/\/dev.explora.cl\/nuble\/wp-content\/uploads\/sites\/10\/2022\/03\/web-5.jpg","datePublished":"2022-03-14T14:43:27+00:00","dateModified":"2022-03-14T14:44:39+00:00","author":{"@id":"https:\/\/dev.explora.cl\/nuble\/#\/schema\/person\/f611679f39b55ae7cdea76bc915b056e"},"breadcrumb":{"@id":"https:\/\/dev.explora.cl\/nuble\/explora-nuble-te-invita-a-ser-parte-del-dia-de-la-astronomia-2\/#breadcrumb"},"inLanguage":"es-CL","potentialAction":[{"@type":"ReadAction","target":["https:\/\/dev.explora.cl\/nuble\/explora-nuble-te-invita-a-ser-parte-del-dia-de-la-astronomia-2\/"]}]},{"@type":"ImageObject","inLanguage":"es-CL","@id":"https:\/\/dev.explora.cl\/nuble\/explora-nuble-te-invita-a-ser-parte-del-dia-de-la-astronomia-2\/#primaryimage","url":"https:\/\/dev.explora.cl\/nuble\/wp-content\/uploads\/sites\/10\/2022\/03\/web-5.jpg","contentUrl":"https:\/\/dev.explora.cl\/nuble\/wp-content\/uploads\/sites\/10\/2022\/03\/web-5.jpg","width":7420,"height":4742},{"@type":"BreadcrumbList","@id":"https:\/\/dev.explora.cl\/nuble\/explora-nuble-te-invita-a-ser-parte-del-dia-de-la-astronomia-2\/#breadcrumb","itemListElement":[{"@type":"ListItem","position":1,"name":"Portada","item":"https:\/\/dev.explora.cl\/nuble\/"},{"@type":"ListItem","position":2,"name":"Explora \u00d1uble te invita a ser parte del D\u00eda de la Astronom\u00eda"}]},{"@type":"WebSite","@id":"https:\/\/dev.explora.cl\/nuble\/#website","url":"https:\/\/dev.explora.cl\/nuble\/","name":"\u00d1uble","description":"Otro sitio m\u00e1s de dev.explora.cl","potentialAction":[{"@type":"SearchAction","target":{"@type":"EntryPoint","urlTemplate":"https:\/\/dev.explora.cl\/nuble\/?s={search_term_string}"},"query-input":{"@type":"PropertyValueSpecification","valueRequired":true,"valueName":"search_term_string"}}],"inLanguage":"es-CL"},{"@type":"Person","@id":"https:\/\/dev.explora.cl\/nuble\/#\/schema\/person\/f611679f39b55ae7cdea76bc915b056e","name":"cbeltran","image":{"@type":"ImageObject","inLanguage":"es-CL","@id":"https:\/\/dev.explora.cl\/nuble\/#\/schema\/person\/image\/","url":"https:\/\/secure.gravatar.com\/avatar\/fde624b0b0faed85e420465a1cdb73a02c199b16b1d2d6bfe0a82b9ba438afbd?s=96&d=mm&r=g","contentUrl":"https:\/\/secure.gravatar.com\/avatar\/fde624b0b0faed85e420465a1cdb73a02c199b16b1d2d6bfe0a82b9ba438afbd?s=96&d=mm&r=g","caption":"cbeltran"},"url":"https:\/\/dev.explora.cl\/nuble\/author\/cbeltran\/"}]}},"_links":{"self":[{"href":"https:\/\/dev.explora.cl\/nuble\/wp-json\/wp\/v2\/posts\/35292","targetHints":{"allow":["GET"]}}],"collection":[{"href":"https:\/\/dev.explora.cl\/nuble\/wp-json\/wp\/v2\/posts"}],"about":[{"href":"https:\/\/dev.explora.cl\/nuble\/wp-json\/wp\/v2\/types\/post"}],"author":[{"embeddable":true,"href":"https:\/\/dev.explora.cl\/nuble\/wp-json\/wp\/v2\/users\/25"}],"replies":[{"embeddable":true,"href":"https:\/\/dev.explora.cl\/nuble\/wp-json\/wp\/v2\/comments?post=35292"}],"version-history":[{"count":3,"href":"https:\/\/dev.explora.cl\/nuble\/wp-json\/wp\/v2\/posts\/35292\/revisions"}],"predecessor-version":[{"id":35295,"href":"https:\/\/dev.explora.cl\/nuble\/wp-json\/wp\/v2\/posts\/35292\/revisions\/35295"}],"wp:featuredmedia":[{"embeddable":true,"href":"https:\/\/dev.explora.cl\/nuble\/wp-json\/wp\/v2\/media\/35289"}],"wp:attachment":[{"href":"https:\/\/dev.explora.cl\/nuble\/wp-json\/wp\/v2\/media?parent=35292"}],"wp:term":[{"taxonomy":"category","embeddable":true,"href":"https:\/\/dev.explora.cl\/nuble\/wp-json\/wp\/v2\/categories?post=35292"},{"taxonomy":"post_tag","embeddable":true,"href":"https:\/\/dev.explora.cl\/nuble\/wp-json\/wp\/v2\/tags?post=35292"}],"curies":[{"name":"wp","href":"https:\/\/api.w.org\/{rel}","templated":true}]}}