{"id":35215,"date":"2021-11-30T10:31:40","date_gmt":"2021-11-30T13:31:40","guid":{"rendered":"https:\/\/dev.explora.cl\/nuble\/?p=35215"},"modified":"2021-11-30T11:10:22","modified_gmt":"2021-11-30T14:10:22","slug":"nuble-cuna-de-jovenes-cientificos-estudiantes-presentan-sus-investigaciones-en-el-congreso-regional-explora-2","status":"publish","type":"post","link":"https:\/\/dev.explora.cl\/nuble\/nuble-cuna-de-jovenes-cientificos-estudiantes-presentan-sus-investigaciones-en-el-congreso-regional-explora-2\/","title":{"rendered":"\u00d1uble cuna de j\u00f3venes cient\u00edficos: Estudiantes presentan sus investigaciones en el Congreso Regional Explora"},"content":{"rendered":"<h3><i>Ni\u00f1os, ni\u00f1as y adolescentes de siete comunas de \u00d1uble trabajaron por meses en encontrar respuesta a tem\u00e1ticas locales a trav\u00e9s del m\u00e9todo cient\u00edfico para presentar sus proyectos en el II Congreso Regional Explora de Investigaci\u00f3n e Innovaci\u00f3n Escolar.\u00a0<\/i><\/h3>\n<p><span style=\"font-weight: 400\">M\u00e1s de 50 escolares de las comunas de Coelemu, San Carlos, Portezuelos, R\u00e1nquil, Chill\u00e1n, Chill\u00e1n Viejo y Bulnes<\/span> <span style=\"font-weight: 400\">dieron vida a un libro de car\u00e1cter regional donde se abordan distintas problem\u00e1ticas locales desde las ciencias y la innovaci\u00f3n.\u00a0<\/span><\/p>\n<p><span style=\"font-weight: 400\">Se trata de 15 proyectos de investigaci\u00f3n<\/span><span style=\"font-weight: 400\"> e innovaci\u00f3n escolar pertenecientes a las ciencias naturales, ciencias sociales y tecnolog\u00eda,<\/span><span style=\"font-weight: 400\"> cuyos resultados se concretaron luego de tres meses de trabajo multidisciplinario y apoyo de la comunidad cient\u00edfica de la regi\u00f3n. El ejemplar de 28 p\u00e1ginas est\u00e1 disponible en la web de Explora \u00d1uble (<a href=\"https:\/\/drive.google.com\/file\/d\/1j6dr1x4AJf_htkRMpWkSry2bw7ae5ti2\/view?usp=sharing\">Pincha AQU\u00cd)<\/a>.\u00a0<\/span><\/p>\n<p><span style=\"font-weight: 400\">\u201cMe gusta investigar porque puedo expandir mis conocimientos a nuevas ideas, costumbres y pensamientos\u201d, cont\u00f3 Francisco Hermosilla, uno de los adolescentes que participaron del proyecto.<\/span><\/p>\n<p><b>CONGRESO REGIONAL EXPLORA DE \u00d1UBLE<\/b><\/p>\n<p><span style=\"font-weight: 400\">Con el compromiso de aportar a la construcci\u00f3n de una cultura cient\u00edfica se realiz\u00f3 el II Congreso Regional Explora de Investigaci\u00f3n e Innovaci\u00f3n escolar, instancia online de socializaci\u00f3n e interacci\u00f3n de diversas \u00e1reas del conocimiento que reuni\u00f3 a m\u00e1s de 50 estudiantes, desde 5\u00b0 a\u00f1o de Educaci\u00f3n B\u00e1sica a 4\u00b0 a\u00f1o de Educaci\u00f3n Media, quienes presentaron los resultados de sus proyectos de investigaci\u00f3n e innovaci\u00f3n escolar.\u00a0<\/span><\/p>\n<p><span style=\"font-weight: 400\">\u00bfPor qu\u00e9 te gusta investigar? Fue la interrogante que muchos escolares se realizaron durante la jornada. Florencia Rita, de la escuela Mar\u00eda Teresa Marchant de Coelemu, manifest\u00f3 que \u201cme encanta investigar porque puedo conocer a fondo nuevos temas que me llaman la atenci\u00f3n\u201d.\u00a0<\/span><\/p>\n<p><span style=\"font-weight: 400\">En cada una de las propuestas hay un largo proceso de indagaci\u00f3n, b\u00fasqueda de informaci\u00f3n, experimentos, prototipos y comunicaci\u00f3n de resultados. En resumen, las ilusiones y trabajo de los j\u00f3venes cient\u00edficos escolares que han superado las limitantes de una pandemia sin precedentes que nos brinda nuevos horizontes al investigar quedar\u00e1n plasmadas en el libro con los res\u00famenes de estas investigaciones escolares con car\u00e1cter territorial.\u00a0<\/span><\/p>\n<p><span style=\"font-weight: 400\">\u201cLos participantes prepararon sus trabajos durante 12 semanas. Gran parte de los equipos cont\u00f3 con asesores cient\u00edficos, quienes los guiaron a trav\u00e9s de distintas plataformas online. La instancia final de una investigaci\u00f3n es compartir el trabajo realizado. De esta forma, los y las estudiantes de \u00d1uble dieron a conocer sus investigaciones con la comunidad escolar y con cient\u00edficos provenientes de la academia\u201d, explic\u00f3 la Patricia Jana, encargada de Contenido de Explora \u00d1uble.\u00a0<\/span><\/p>\n<p><span style=\"font-weight: 400\">Por su parte la profesora Viviana Rivera, de la escuela Villa Jes\u00fas de Coelemu, coment\u00f3 que \u201ces sumamente importante que nuestros estudiantes tengan la oportunidad de participar en el desarrollo de investigaciones escolares de divulgaci\u00f3n cient\u00edfica , ya que les permite abrir la mirada a las ciencias, acercarlos a un mundo maravilloso, que indudablemente acarrear\u00e1 nuevos y significativos aprendizajes, con una huella imborrable que favorecer\u00e1 la comprensi\u00f3n de los fen\u00f3menos cient\u00edficos y sociales\u201d<\/span><\/p>\n<p><span style=\"font-weight: 400\">\u201cLos estudiantes fueron capaces de relacionarlos con los problemas de su entorno m\u00e1s cercano,\u00a0 poniendo en pr\u00e1ctica el trabajo en equipo el desarrollo de\u00a0 sus habilidades cient\u00edficas y por sobre todo porque ven que ellos pueden cambiar el mundo\u00a0 y ser un aporte real y concreto\u201d, agreg\u00f3 la docente.<\/span><\/p>\n<p><b>LA COMUNIDAD ESCOLAR DESARROLLA CONOCIMIENTO CIENT\u00cdFICO CON IDENTIDAD REGIONAL<\/b><\/p>\n<p><span style=\"font-weight: 400\">La divulgaci\u00f3n y valoraci\u00f3n de las ciencias y la tecnolog\u00eda, parten con la motivaci\u00f3n de profesores y profesoras junto a sus estudiantes, quienes trabajaron en las investigaciones y proyectos de innovaci\u00f3n, y que a trav\u00e9s de un libro disponible en la web de Explora \u00d1uble compartir\u00e1n su conocimiento con la comunidad.<\/span><\/p>\n<p><span style=\"font-weight: 400\">\u201cEs desafiante terminar <\/span><span style=\"font-weight: 400\">proyectos<\/span><span style=\"font-weight: 400\"> que llegan a ser incluidas en congresos, porque esa condici\u00f3n ya da nervios a los estudiantes, pero es sumamente enriquecedor pues en un momento ese fin lo pierdes de vista y s\u00f3lo trabajas en lo que te gusta, apasiona, y por supuesto esto es muy relevante para nuestros estudiantes\u201d, coment\u00f3 Paulina Figueroa, profesora del Colegio Teresa de Los Andes de Bulnes.\u00a0<\/span><\/p>\n<p><span style=\"font-weight: 400\">\u201cLa experiencia, el aprendizaje, todos estos nuevos conocimientos van generando m\u00e1s curiosidad lo que contribuye directamente en su propia creatividad, observaci\u00f3n de lo que les rodea y la necesidad de colaborar con su propia comunidad\u201d, agreg\u00f3.<\/span><\/p>\n<p><span style=\"font-weight: 400\">De los 15 proyectos de la Regi\u00f3n de \u00d1uble el Comit\u00e9 Cient\u00edfico Evaluador seleccion\u00f3 a cuatro equipos de estudiantes que representar\u00e1n a la regi\u00f3n en el pr\u00f3ximo Congreso Nacional Explora de Investigaci\u00f3n e Innovaci\u00f3n Escolar.<\/span><\/p>\n<p><span style=\"font-weight: 400\">A continuaci\u00f3n los trabajos destacados <\/span><span style=\"font-weight: 400\">en las cuatro categor\u00edas son:<\/span><\/p>\n<ul>\n<li><span style=\"font-weight: 400\">Investigaci\u00f3n, Ense\u00f1anza B\u00e1sica: Proyecto \u201cRescatando nuestras ra\u00edces\u201d de la Escuela Villa Jes\u00fas de Coelemu<\/span><\/li>\n<li><span style=\"font-weight: 400\">Innovaci\u00f3n, Ense\u00f1anza B\u00e1sica: Proyecto \u201cReutilizar lo reciclado: Sostenibilidad ambiental en las comunidades\u201d de la Escuela Mar\u00eda Teresa Marchant Contreras de Coelemu.\u00a0<\/span><\/li>\n<li><span style=\"font-weight: 400\">Investigaci\u00f3n, Ense\u00f1anza Media: Proyecto \u201cPlantas aut\u00f3ctonas que crecen en la regi\u00f3n de \u00d1uble y sus beneficios para preservar la salud, contribuir a la dermocosm\u00e9tica y otras acciones ben\u00e9ficas\u201d del Colegio Teresa de Los Andes de Bulnes.\u00a0<\/span><\/li>\n<li><span style=\"font-weight: 400\">Innovaci\u00f3n, Ense\u00f1anza Media: Proyecto \u201c<\/span><span style=\"font-weight: 400\">ECOLAB \u201cgenerando conciencia\u201d del Liceo Bicentenario Nuestra Se\u00f1ora de la Merced de San Carlos.\u00a0<\/span><\/li>\n<\/ul>\n<div id='gallery-1' class='gallery galleryid-35215 gallery-columns-4 gallery-size-thumbnail'><figure class='gallery-item'>\n\t\t\t<div class='gallery-icon landscape'>\n\t\t\t\t<a href='https:\/\/dev.explora.cl\/nuble\/ganadores-11\/'><img loading=\"lazy\" decoding=\"async\" width=\"150\" height=\"150\" src=\"https:\/\/dev.explora.cl\/nuble\/wp-content\/uploads\/sites\/10\/2021\/11\/Ganadores-11-150x150.jpg\" class=\"attachment-thumbnail size-thumbnail\" alt=\"Profe Viviana\" aria-describedby=\"gallery-1-35221\" srcset=\"https:\/\/dev.explora.cl\/nuble\/wp-content\/uploads\/sites\/10\/2021\/11\/Ganadores-11-150x150.jpg 150w, https:\/\/dev.explora.cl\/nuble\/wp-content\/uploads\/sites\/10\/2021\/11\/Ganadores-11-300x300.jpg 300w, https:\/\/dev.explora.cl\/nuble\/wp-content\/uploads\/sites\/10\/2021\/11\/Ganadores-11-60x60.jpg 60w\" sizes=\"auto, (max-width: 150px) 100vw, 150px\" \/><\/a>\n\t\t\t<\/div>\n\t\t\t\t<figcaption class='wp-caption-text gallery-caption' id='gallery-1-35221'>\n\t\t\t\tSeleccionados al Congreso Nacional Explora \n\t\t\t\t<\/figcaption><\/figure><figure class='gallery-item'>\n\t\t\t<div class='gallery-icon landscape'>\n\t\t\t\t<a href='https:\/\/dev.explora.cl\/nuble\/ganadores-10\/'><img loading=\"lazy\" decoding=\"async\" width=\"150\" height=\"150\" src=\"https:\/\/dev.explora.cl\/nuble\/wp-content\/uploads\/sites\/10\/2021\/11\/Ganadores-10-150x150.jpg\" class=\"attachment-thumbnail size-thumbnail\" alt=\"Profe Ana\" aria-describedby=\"gallery-1-35220\" srcset=\"https:\/\/dev.explora.cl\/nuble\/wp-content\/uploads\/sites\/10\/2021\/11\/Ganadores-10-150x150.jpg 150w, https:\/\/dev.explora.cl\/nuble\/wp-content\/uploads\/sites\/10\/2021\/11\/Ganadores-10-300x300.jpg 300w, https:\/\/dev.explora.cl\/nuble\/wp-content\/uploads\/sites\/10\/2021\/11\/Ganadores-10-60x60.jpg 60w\" sizes=\"auto, (max-width: 150px) 100vw, 150px\" \/><\/a>\n\t\t\t<\/div>\n\t\t\t\t<figcaption class='wp-caption-text gallery-caption' id='gallery-1-35220'>\n\t\t\t\tSeleccionados al Congreso Nacional Explora \n\t\t\t\t<\/figcaption><\/figure><figure class='gallery-item'>\n\t\t\t<div class='gallery-icon landscape'>\n\t\t\t\t<a href='https:\/\/dev.explora.cl\/nuble\/ganadores-09\/'><img loading=\"lazy\" decoding=\"async\" width=\"150\" height=\"150\" src=\"https:\/\/dev.explora.cl\/nuble\/wp-content\/uploads\/sites\/10\/2021\/11\/Ganadores-09-150x150.jpg\" class=\"attachment-thumbnail size-thumbnail\" alt=\"Profe Paulina\" aria-describedby=\"gallery-1-35219\" srcset=\"https:\/\/dev.explora.cl\/nuble\/wp-content\/uploads\/sites\/10\/2021\/11\/Ganadores-09-150x150.jpg 150w, https:\/\/dev.explora.cl\/nuble\/wp-content\/uploads\/sites\/10\/2021\/11\/Ganadores-09-300x300.jpg 300w, https:\/\/dev.explora.cl\/nuble\/wp-content\/uploads\/sites\/10\/2021\/11\/Ganadores-09-60x60.jpg 60w\" sizes=\"auto, (max-width: 150px) 100vw, 150px\" \/><\/a>\n\t\t\t<\/div>\n\t\t\t\t<figcaption class='wp-caption-text gallery-caption' id='gallery-1-35219'>\n\t\t\t\tSeleccionados al Congreso Nacional Explora \n\t\t\t\t<\/figcaption><\/figure><figure class='gallery-item'>\n\t\t\t<div class='gallery-icon landscape'>\n\t\t\t\t<a href='https:\/\/dev.explora.cl\/nuble\/ganadores-08\/'><img loading=\"lazy\" decoding=\"async\" width=\"150\" height=\"150\" src=\"https:\/\/dev.explora.cl\/nuble\/wp-content\/uploads\/sites\/10\/2021\/11\/Ganadores-08-150x150.jpg\" class=\"attachment-thumbnail size-thumbnail\" alt=\"Profe Dafne\" aria-describedby=\"gallery-1-35218\" srcset=\"https:\/\/dev.explora.cl\/nuble\/wp-content\/uploads\/sites\/10\/2021\/11\/Ganadores-08-150x150.jpg 150w, https:\/\/dev.explora.cl\/nuble\/wp-content\/uploads\/sites\/10\/2021\/11\/Ganadores-08-300x300.jpg 300w, https:\/\/dev.explora.cl\/nuble\/wp-content\/uploads\/sites\/10\/2021\/11\/Ganadores-08-60x60.jpg 60w\" sizes=\"auto, (max-width: 150px) 100vw, 150px\" \/><\/a>\n\t\t\t<\/div>\n\t\t\t\t<figcaption class='wp-caption-text gallery-caption' id='gallery-1-35218'>\n\t\t\t\tSeleccionados al Congreso Nacional Explora \n\t\t\t\t<\/figcaption><\/figure>\n\t\t<\/div>\n\n","protected":false},"excerpt":{"rendered":"<p>Ni\u00f1os, ni\u00f1as y adolescentes de siete comunas de \u00d1uble trabajaron por meses en encontrar respuesta a tem\u00e1ticas locales a trav\u00e9s del m\u00e9todo cient\u00edfico para presentar sus proyectos en el II Congreso Regional Explora de Investigaci\u00f3n e Innovaci\u00f3n Escolar.\u00a0 M\u00e1s de 50 escolares de las comunas de Coelemu, San Carlos, Portezuelos, R\u00e1nquil, Chill\u00e1n, Chill\u00e1n Viejo y [&hellip;]<\/p>\n","protected":false},"author":25,"featured_media":35216,"comment_status":"open","ping_status":"open","sticky":false,"template":"","format":"standard","meta":{"_acf_changed":false,"_exactmetrics_skip_tracking":false,"_exactmetrics_sitenote_active":false,"_exactmetrics_sitenote_note":"","_exactmetrics_sitenote_category":0,"footnotes":"","_links_to":"","_links_to_target":""},"categories":[1],"tags":[274,235],"class_list":["post-35215","post","type-post","status-publish","format-standard","has-post-thumbnail","hentry","category-sin-categoria","tag-congresoexplora","tag-investigacionescolar"],"acf":[],"yoast_head":"<!-- This site is optimized with the Yoast SEO plugin v26.7 - https:\/\/yoast.com\/wordpress\/plugins\/seo\/ -->\n<title>\u00d1uble cuna de j\u00f3venes cient\u00edficos: Estudiantes presentan sus investigaciones en el Congreso Regional Explora - \u00d1uble<\/title>\n<meta name=\"robots\" content=\"index, follow, max-snippet:-1, max-image-preview:large, max-video-preview:-1\" \/>\n<link rel=\"canonical\" href=\"https:\/\/dev.explora.cl\/nuble\/nuble-cuna-de-jovenes-cientificos-estudiantes-presentan-sus-investigaciones-en-el-congreso-regional-explora-2\/\" class=\"yoast-seo-meta-tag\" \/>\n<meta property=\"og:locale\" content=\"es_ES\" class=\"yoast-seo-meta-tag\" \/>\n<meta property=\"og:type\" content=\"article\" class=\"yoast-seo-meta-tag\" \/>\n<meta property=\"og:title\" content=\"\u00d1uble cuna de j\u00f3venes cient\u00edficos: Estudiantes presentan sus investigaciones en el Congreso Regional Explora - \u00d1uble\" class=\"yoast-seo-meta-tag\" \/>\n<meta property=\"og:description\" content=\"Ni\u00f1os, ni\u00f1as y adolescentes de siete comunas de \u00d1uble trabajaron por meses en encontrar respuesta a tem\u00e1ticas locales a trav\u00e9s del m\u00e9todo cient\u00edfico para presentar sus proyectos en el II Congreso Regional Explora de Investigaci\u00f3n e Innovaci\u00f3n Escolar.\u00a0 M\u00e1s de 50 escolares de las comunas de Coelemu, San Carlos, Portezuelos, R\u00e1nquil, Chill\u00e1n, Chill\u00e1n Viejo y [&hellip;]\" class=\"yoast-seo-meta-tag\" \/>\n<meta property=\"og:url\" content=\"https:\/\/dev.explora.cl\/nuble\/nuble-cuna-de-jovenes-cientificos-estudiantes-presentan-sus-investigaciones-en-el-congreso-regional-explora-2\/\" class=\"yoast-seo-meta-tag\" \/>\n<meta property=\"og:site_name\" content=\"\u00d1uble\" class=\"yoast-seo-meta-tag\" \/>\n<meta property=\"article:published_time\" content=\"2021-11-30T13:31:40+00:00\" class=\"yoast-seo-meta-tag\" \/>\n<meta property=\"article:modified_time\" content=\"2021-11-30T14:10:22+00:00\" class=\"yoast-seo-meta-tag\" \/>\n<meta property=\"og:image\" content=\"https:\/\/dev.explora.cl\/nuble\/wp-content\/uploads\/sites\/10\/2021\/11\/Ganadores-congreso-17-1024x655.jpg\" class=\"yoast-seo-meta-tag\" \/>\n\t<meta property=\"og:image:width\" content=\"1024\" class=\"yoast-seo-meta-tag\" \/>\n\t<meta property=\"og:image:height\" content=\"655\" class=\"yoast-seo-meta-tag\" \/>\n\t<meta property=\"og:image:type\" content=\"image\/jpeg\" class=\"yoast-seo-meta-tag\" \/>\n<meta name=\"author\" content=\"cbeltran\" class=\"yoast-seo-meta-tag\" \/>\n<meta name=\"twitter:card\" content=\"summary_large_image\" class=\"yoast-seo-meta-tag\" \/>\n<meta name=\"twitter:label1\" content=\"Escrito por\" class=\"yoast-seo-meta-tag\" \/>\n\t<meta name=\"twitter:data1\" content=\"cbeltran\" class=\"yoast-seo-meta-tag\" \/>\n\t<meta name=\"twitter:label2\" content=\"Tiempo estimado de lectura\" class=\"yoast-seo-meta-tag\" \/>\n\t<meta name=\"twitter:data2\" content=\"5 minutos\" class=\"yoast-seo-meta-tag\" \/>\n<script type=\"application\/ld+json\" class=\"yoast-schema-graph\">{\"@context\":\"https:\/\/schema.org\",\"@graph\":[{\"@type\":\"Article\",\"@id\":\"https:\/\/dev.explora.cl\/nuble\/nuble-cuna-de-jovenes-cientificos-estudiantes-presentan-sus-investigaciones-en-el-congreso-regional-explora-2\/#article\",\"isPartOf\":{\"@id\":\"https:\/\/dev.explora.cl\/nuble\/nuble-cuna-de-jovenes-cientificos-estudiantes-presentan-sus-investigaciones-en-el-congreso-regional-explora-2\/\"},\"author\":{\"name\":\"cbeltran\",\"@id\":\"https:\/\/dev.explora.cl\/nuble\/#\/schema\/person\/f611679f39b55ae7cdea76bc915b056e\"},\"headline\":\"\u00d1uble cuna de j\u00f3venes cient\u00edficos: Estudiantes presentan sus investigaciones en el Congreso Regional Explora\",\"datePublished\":\"2021-11-30T13:31:40+00:00\",\"dateModified\":\"2021-11-30T14:10:22+00:00\",\"mainEntityOfPage\":{\"@id\":\"https:\/\/dev.explora.cl\/nuble\/nuble-cuna-de-jovenes-cientificos-estudiantes-presentan-sus-investigaciones-en-el-congreso-regional-explora-2\/\"},\"wordCount\":930,\"commentCount\":0,\"image\":{\"@id\":\"https:\/\/dev.explora.cl\/nuble\/nuble-cuna-de-jovenes-cientificos-estudiantes-presentan-sus-investigaciones-en-el-congreso-regional-explora-2\/#primaryimage\"},\"thumbnailUrl\":\"https:\/\/dev.explora.cl\/nuble\/wp-content\/uploads\/sites\/10\/2021\/11\/Ganadores-congreso-17.jpg\",\"keywords\":[\"#CongresoExplora\",\"#Investigaci\u00f3nEscolar\"],\"inLanguage\":\"es-CL\",\"potentialAction\":[{\"@type\":\"CommentAction\",\"name\":\"Comment\",\"target\":[\"https:\/\/dev.explora.cl\/nuble\/nuble-cuna-de-jovenes-cientificos-estudiantes-presentan-sus-investigaciones-en-el-congreso-regional-explora-2\/#respond\"]}]},{\"@type\":\"WebPage\",\"@id\":\"https:\/\/dev.explora.cl\/nuble\/nuble-cuna-de-jovenes-cientificos-estudiantes-presentan-sus-investigaciones-en-el-congreso-regional-explora-2\/\",\"url\":\"https:\/\/dev.explora.cl\/nuble\/nuble-cuna-de-jovenes-cientificos-estudiantes-presentan-sus-investigaciones-en-el-congreso-regional-explora-2\/\",\"name\":\"\u00d1uble cuna de j\u00f3venes cient\u00edficos: Estudiantes presentan sus investigaciones en el Congreso Regional Explora - \u00d1uble\",\"isPartOf\":{\"@id\":\"https:\/\/dev.explora.cl\/nuble\/#website\"},\"primaryImageOfPage\":{\"@id\":\"https:\/\/dev.explora.cl\/nuble\/nuble-cuna-de-jovenes-cientificos-estudiantes-presentan-sus-investigaciones-en-el-congreso-regional-explora-2\/#primaryimage\"},\"image\":{\"@id\":\"https:\/\/dev.explora.cl\/nuble\/nuble-cuna-de-jovenes-cientificos-estudiantes-presentan-sus-investigaciones-en-el-congreso-regional-explora-2\/#primaryimage\"},\"thumbnailUrl\":\"https:\/\/dev.explora.cl\/nuble\/wp-content\/uploads\/sites\/10\/2021\/11\/Ganadores-congreso-17.jpg\",\"datePublished\":\"2021-11-30T13:31:40+00:00\",\"dateModified\":\"2021-11-30T14:10:22+00:00\",\"author\":{\"@id\":\"https:\/\/dev.explora.cl\/nuble\/#\/schema\/person\/f611679f39b55ae7cdea76bc915b056e\"},\"breadcrumb\":{\"@id\":\"https:\/\/dev.explora.cl\/nuble\/nuble-cuna-de-jovenes-cientificos-estudiantes-presentan-sus-investigaciones-en-el-congreso-regional-explora-2\/#breadcrumb\"},\"inLanguage\":\"es-CL\",\"potentialAction\":[{\"@type\":\"ReadAction\",\"target\":[\"https:\/\/dev.explora.cl\/nuble\/nuble-cuna-de-jovenes-cientificos-estudiantes-presentan-sus-investigaciones-en-el-congreso-regional-explora-2\/\"]}]},{\"@type\":\"ImageObject\",\"inLanguage\":\"es-CL\",\"@id\":\"https:\/\/dev.explora.cl\/nuble\/nuble-cuna-de-jovenes-cientificos-estudiantes-presentan-sus-investigaciones-en-el-congreso-regional-explora-2\/#primaryimage\",\"url\":\"https:\/\/dev.explora.cl\/nuble\/wp-content\/uploads\/sites\/10\/2021\/11\/Ganadores-congreso-17.jpg\",\"contentUrl\":\"https:\/\/dev.explora.cl\/nuble\/wp-content\/uploads\/sites\/10\/2021\/11\/Ganadores-congreso-17.jpg\",\"width\":7301,\"height\":4669},{\"@type\":\"BreadcrumbList\",\"@id\":\"https:\/\/dev.explora.cl\/nuble\/nuble-cuna-de-jovenes-cientificos-estudiantes-presentan-sus-investigaciones-en-el-congreso-regional-explora-2\/#breadcrumb\",\"itemListElement\":[{\"@type\":\"ListItem\",\"position\":1,\"name\":\"Portada\",\"item\":\"https:\/\/dev.explora.cl\/nuble\/\"},{\"@type\":\"ListItem\",\"position\":2,\"name\":\"\u00d1uble cuna de j\u00f3venes cient\u00edficos: Estudiantes presentan sus investigaciones en el Congreso Regional Explora\"}]},{\"@type\":\"WebSite\",\"@id\":\"https:\/\/dev.explora.cl\/nuble\/#website\",\"url\":\"https:\/\/dev.explora.cl\/nuble\/\",\"name\":\"\u00d1uble\",\"description\":\"Otro sitio m\u00e1s de dev.explora.cl\",\"potentialAction\":[{\"@type\":\"SearchAction\",\"target\":{\"@type\":\"EntryPoint\",\"urlTemplate\":\"https:\/\/dev.explora.cl\/nuble\/?s={search_term_string}\"},\"query-input\":{\"@type\":\"PropertyValueSpecification\",\"valueRequired\":true,\"valueName\":\"search_term_string\"}}],\"inLanguage\":\"es-CL\"},{\"@type\":\"Person\",\"@id\":\"https:\/\/dev.explora.cl\/nuble\/#\/schema\/person\/f611679f39b55ae7cdea76bc915b056e\",\"name\":\"cbeltran\",\"image\":{\"@type\":\"ImageObject\",\"inLanguage\":\"es-CL\",\"@id\":\"https:\/\/dev.explora.cl\/nuble\/#\/schema\/person\/image\/\",\"url\":\"https:\/\/secure.gravatar.com\/avatar\/fde624b0b0faed85e420465a1cdb73a02c199b16b1d2d6bfe0a82b9ba438afbd?s=96&d=mm&r=g\",\"contentUrl\":\"https:\/\/secure.gravatar.com\/avatar\/fde624b0b0faed85e420465a1cdb73a02c199b16b1d2d6bfe0a82b9ba438afbd?s=96&d=mm&r=g\",\"caption\":\"cbeltran\"},\"url\":\"https:\/\/dev.explora.cl\/nuble\/author\/cbeltran\/\"}]}<\/script>\n<!-- \/ Yoast SEO plugin. -->","yoast_head_json":{"title":"\u00d1uble cuna de j\u00f3venes cient\u00edficos: Estudiantes presentan sus investigaciones en el Congreso Regional Explora - \u00d1uble","robots":{"index":"index","follow":"follow","max-snippet":"max-snippet:-1","max-image-preview":"max-image-preview:large","max-video-preview":"max-video-preview:-1"},"canonical":"https:\/\/dev.explora.cl\/nuble\/nuble-cuna-de-jovenes-cientificos-estudiantes-presentan-sus-investigaciones-en-el-congreso-regional-explora-2\/","og_locale":"es_ES","og_type":"article","og_title":"\u00d1uble cuna de j\u00f3venes cient\u00edficos: Estudiantes presentan sus investigaciones en el Congreso Regional Explora - \u00d1uble","og_description":"Ni\u00f1os, ni\u00f1as y adolescentes de siete comunas de \u00d1uble trabajaron por meses en encontrar respuesta a tem\u00e1ticas locales a trav\u00e9s del m\u00e9todo cient\u00edfico para presentar sus proyectos en el II Congreso Regional Explora de Investigaci\u00f3n e Innovaci\u00f3n Escolar.\u00a0 M\u00e1s de 50 escolares de las comunas de Coelemu, San Carlos, Portezuelos, R\u00e1nquil, Chill\u00e1n, Chill\u00e1n Viejo y [&hellip;]","og_url":"https:\/\/dev.explora.cl\/nuble\/nuble-cuna-de-jovenes-cientificos-estudiantes-presentan-sus-investigaciones-en-el-congreso-regional-explora-2\/","og_site_name":"\u00d1uble","article_published_time":"2021-11-30T13:31:40+00:00","article_modified_time":"2021-11-30T14:10:22+00:00","og_image":[{"width":1024,"height":655,"url":"https:\/\/dev.explora.cl\/nuble\/wp-content\/uploads\/sites\/10\/2021\/11\/Ganadores-congreso-17-1024x655.jpg","type":"image\/jpeg"}],"author":"cbeltran","twitter_card":"summary_large_image","twitter_misc":{"Escrito por":"cbeltran","Tiempo estimado de lectura":"5 minutos"},"schema":{"@context":"https:\/\/schema.org","@graph":[{"@type":"Article","@id":"https:\/\/dev.explora.cl\/nuble\/nuble-cuna-de-jovenes-cientificos-estudiantes-presentan-sus-investigaciones-en-el-congreso-regional-explora-2\/#article","isPartOf":{"@id":"https:\/\/dev.explora.cl\/nuble\/nuble-cuna-de-jovenes-cientificos-estudiantes-presentan-sus-investigaciones-en-el-congreso-regional-explora-2\/"},"author":{"name":"cbeltran","@id":"https:\/\/dev.explora.cl\/nuble\/#\/schema\/person\/f611679f39b55ae7cdea76bc915b056e"},"headline":"\u00d1uble cuna de j\u00f3venes cient\u00edficos: Estudiantes presentan sus investigaciones en el Congreso Regional Explora","datePublished":"2021-11-30T13:31:40+00:00","dateModified":"2021-11-30T14:10:22+00:00","mainEntityOfPage":{"@id":"https:\/\/dev.explora.cl\/nuble\/nuble-cuna-de-jovenes-cientificos-estudiantes-presentan-sus-investigaciones-en-el-congreso-regional-explora-2\/"},"wordCount":930,"commentCount":0,"image":{"@id":"https:\/\/dev.explora.cl\/nuble\/nuble-cuna-de-jovenes-cientificos-estudiantes-presentan-sus-investigaciones-en-el-congreso-regional-explora-2\/#primaryimage"},"thumbnailUrl":"https:\/\/dev.explora.cl\/nuble\/wp-content\/uploads\/sites\/10\/2021\/11\/Ganadores-congreso-17.jpg","keywords":["#CongresoExplora","#Investigaci\u00f3nEscolar"],"inLanguage":"es-CL","potentialAction":[{"@type":"CommentAction","name":"Comment","target":["https:\/\/dev.explora.cl\/nuble\/nuble-cuna-de-jovenes-cientificos-estudiantes-presentan-sus-investigaciones-en-el-congreso-regional-explora-2\/#respond"]}]},{"@type":"WebPage","@id":"https:\/\/dev.explora.cl\/nuble\/nuble-cuna-de-jovenes-cientificos-estudiantes-presentan-sus-investigaciones-en-el-congreso-regional-explora-2\/","url":"https:\/\/dev.explora.cl\/nuble\/nuble-cuna-de-jovenes-cientificos-estudiantes-presentan-sus-investigaciones-en-el-congreso-regional-explora-2\/","name":"\u00d1uble cuna de j\u00f3venes cient\u00edficos: Estudiantes presentan sus investigaciones en el Congreso Regional Explora - \u00d1uble","isPartOf":{"@id":"https:\/\/dev.explora.cl\/nuble\/#website"},"primaryImageOfPage":{"@id":"https:\/\/dev.explora.cl\/nuble\/nuble-cuna-de-jovenes-cientificos-estudiantes-presentan-sus-investigaciones-en-el-congreso-regional-explora-2\/#primaryimage"},"image":{"@id":"https:\/\/dev.explora.cl\/nuble\/nuble-cuna-de-jovenes-cientificos-estudiantes-presentan-sus-investigaciones-en-el-congreso-regional-explora-2\/#primaryimage"},"thumbnailUrl":"https:\/\/dev.explora.cl\/nuble\/wp-content\/uploads\/sites\/10\/2021\/11\/Ganadores-congreso-17.jpg","datePublished":"2021-11-30T13:31:40+00:00","dateModified":"2021-11-30T14:10:22+00:00","author":{"@id":"https:\/\/dev.explora.cl\/nuble\/#\/schema\/person\/f611679f39b55ae7cdea76bc915b056e"},"breadcrumb":{"@id":"https:\/\/dev.explora.cl\/nuble\/nuble-cuna-de-jovenes-cientificos-estudiantes-presentan-sus-investigaciones-en-el-congreso-regional-explora-2\/#breadcrumb"},"inLanguage":"es-CL","potentialAction":[{"@type":"ReadAction","target":["https:\/\/dev.explora.cl\/nuble\/nuble-cuna-de-jovenes-cientificos-estudiantes-presentan-sus-investigaciones-en-el-congreso-regional-explora-2\/"]}]},{"@type":"ImageObject","inLanguage":"es-CL","@id":"https:\/\/dev.explora.cl\/nuble\/nuble-cuna-de-jovenes-cientificos-estudiantes-presentan-sus-investigaciones-en-el-congreso-regional-explora-2\/#primaryimage","url":"https:\/\/dev.explora.cl\/nuble\/wp-content\/uploads\/sites\/10\/2021\/11\/Ganadores-congreso-17.jpg","contentUrl":"https:\/\/dev.explora.cl\/nuble\/wp-content\/uploads\/sites\/10\/2021\/11\/Ganadores-congreso-17.jpg","width":7301,"height":4669},{"@type":"BreadcrumbList","@id":"https:\/\/dev.explora.cl\/nuble\/nuble-cuna-de-jovenes-cientificos-estudiantes-presentan-sus-investigaciones-en-el-congreso-regional-explora-2\/#breadcrumb","itemListElement":[{"@type":"ListItem","position":1,"name":"Portada","item":"https:\/\/dev.explora.cl\/nuble\/"},{"@type":"ListItem","position":2,"name":"\u00d1uble cuna de j\u00f3venes cient\u00edficos: Estudiantes presentan sus investigaciones en el Congreso Regional Explora"}]},{"@type":"WebSite","@id":"https:\/\/dev.explora.cl\/nuble\/#website","url":"https:\/\/dev.explora.cl\/nuble\/","name":"\u00d1uble","description":"Otro sitio m\u00e1s de dev.explora.cl","potentialAction":[{"@type":"SearchAction","target":{"@type":"EntryPoint","urlTemplate":"https:\/\/dev.explora.cl\/nuble\/?s={search_term_string}"},"query-input":{"@type":"PropertyValueSpecification","valueRequired":true,"valueName":"search_term_string"}}],"inLanguage":"es-CL"},{"@type":"Person","@id":"https:\/\/dev.explora.cl\/nuble\/#\/schema\/person\/f611679f39b55ae7cdea76bc915b056e","name":"cbeltran","image":{"@type":"ImageObject","inLanguage":"es-CL","@id":"https:\/\/dev.explora.cl\/nuble\/#\/schema\/person\/image\/","url":"https:\/\/secure.gravatar.com\/avatar\/fde624b0b0faed85e420465a1cdb73a02c199b16b1d2d6bfe0a82b9ba438afbd?s=96&d=mm&r=g","contentUrl":"https:\/\/secure.gravatar.com\/avatar\/fde624b0b0faed85e420465a1cdb73a02c199b16b1d2d6bfe0a82b9ba438afbd?s=96&d=mm&r=g","caption":"cbeltran"},"url":"https:\/\/dev.explora.cl\/nuble\/author\/cbeltran\/"}]}},"_links":{"self":[{"href":"https:\/\/dev.explora.cl\/nuble\/wp-json\/wp\/v2\/posts\/35215","targetHints":{"allow":["GET"]}}],"collection":[{"href":"https:\/\/dev.explora.cl\/nuble\/wp-json\/wp\/v2\/posts"}],"about":[{"href":"https:\/\/dev.explora.cl\/nuble\/wp-json\/wp\/v2\/types\/post"}],"author":[{"embeddable":true,"href":"https:\/\/dev.explora.cl\/nuble\/wp-json\/wp\/v2\/users\/25"}],"replies":[{"embeddable":true,"href":"https:\/\/dev.explora.cl\/nuble\/wp-json\/wp\/v2\/comments?post=35215"}],"version-history":[{"count":6,"href":"https:\/\/dev.explora.cl\/nuble\/wp-json\/wp\/v2\/posts\/35215\/revisions"}],"predecessor-version":[{"id":35226,"href":"https:\/\/dev.explora.cl\/nuble\/wp-json\/wp\/v2\/posts\/35215\/revisions\/35226"}],"wp:featuredmedia":[{"embeddable":true,"href":"https:\/\/dev.explora.cl\/nuble\/wp-json\/wp\/v2\/media\/35216"}],"wp:attachment":[{"href":"https:\/\/dev.explora.cl\/nuble\/wp-json\/wp\/v2\/media?parent=35215"}],"wp:term":[{"taxonomy":"category","embeddable":true,"href":"https:\/\/dev.explora.cl\/nuble\/wp-json\/wp\/v2\/categories?post=35215"},{"taxonomy":"post_tag","embeddable":true,"href":"https:\/\/dev.explora.cl\/nuble\/wp-json\/wp\/v2\/tags?post=35215"}],"curies":[{"name":"wp","href":"https:\/\/api.w.org\/{rel}","templated":true}]}}