{"id":35146,"date":"2021-10-28T12:34:55","date_gmt":"2021-10-28T15:34:55","guid":{"rendered":"https:\/\/dev.explora.cl\/nuble\/?p=35146"},"modified":"2021-11-05T11:51:28","modified_gmt":"2021-11-05T14:51:28","slug":"mas-de-4-mil-personas-fueron-parte-del-festival-de-la-ciencia-en-nuble","status":"publish","type":"post","link":"https:\/\/dev.explora.cl\/nuble\/mas-de-4-mil-personas-fueron-parte-del-festival-de-la-ciencia-en-nuble\/","title":{"rendered":"M\u00e1s de 4 mil personas fueron parte del Festival de la Ciencia en \u00d1uble"},"content":{"rendered":"<h3><i><span style=\"font-weight: 400\">Bajo el lema \u00a1Celebremos la curiosidad!, el Festival de la Ciencia (FECI) convoc\u00f3 a las familias de Punilla, Itata y Diguill\u00edn durante 5 d\u00edas para promover las diversas \u00e1reas del conocimiento a trav\u00e9s de una oferta de actividades gratuitas con identidad regional, en modalidades online y presencial, desarrolladas por 21 instituciones p\u00fablicas y privadas vinculadas al quehacer cient\u00edfico tecnol\u00f3gico de la zona.\u00a0<\/span><\/i><\/h3>\n<p><span style=\"font-weight: 400\"><strong>M\u00e1s de 4 mil personas participaron de la tercera versi\u00f3n del Festival de la Ciencia (FECI) en \u00d1uble.<\/strong> Show de magia y ciencia, talleres interactivos y conversatorios con expertos a trav\u00e9s de las redes sociales, fueron parte de las actividades que congregaron a cientos de familias.\u00a0<\/span><\/p>\n<p><span style=\"font-weight: 400\">La Dra. In\u00e9s Figueroa Cares, directora de Explora \u00d1uble a cargo del festival, expuso que \u201cFECI insta a posicionar la ciencia, la tecnolog\u00eda y la innovaci\u00f3n en el imaginario colectivo como parte de la cultura. Al mismo tiempo, busca promover la socializaci\u00f3n del conocimiento a trav\u00e9s de un enfoque transversal y con car\u00e1cter territorial\u201d.\u00a0<\/span><\/p>\n<p><span style=\"font-weight: 400\">\u201cPromoviendo el encuentro y la integraci\u00f3n de todos los y las habitantes, facilitando la apropiaci\u00f3n del conocimiento vinculado a las ciencias naturales, exactas y sociales, la investigaci\u00f3n en artes y humanidades junto con la tecnolog\u00eda y la innovaci\u00f3n\u201d, agreg\u00f3 la directora.<\/span><\/p>\n<p><b>FECI una fiesta nacional con car\u00e1cter territorial\u00a0<\/b><\/p>\n<p><span style=\"font-weight: 400\">Desde julio la Red Multi Institucional Explora \u00d1uble, integrada por instituciones p\u00fablicas y privadas vinculadas al quehacer cient\u00edfico tecnol\u00f3gico, comenz\u00f3 a preparar<strong> la tercera edici\u00f3n del FECI que este a\u00f1o consolid\u00f3 catorce actividades en\u00a0 modalidad online, semipresencial y presencial<\/strong> con el fin de entregar tem\u00e1ticas cient\u00edficas de inter\u00e9s a los habitantes de \u00d1uble, resguardando el acceso universal a todas las personas.\u00a0<\/span><\/p>\n<p><span style=\"font-weight: 400\">La magia, el radioteatro y la ciencia se unieron para dar inicio a la primera actividad presencial en pandemia desarrollada junto al Teatro Municipal de Chill\u00e1n.\u00a0 La instancia denominada \u201c<strong>La magia de la ciencia\u201d reuni\u00f3 a m\u00e1s de 150 personas de la zona<\/strong>, quienes tuvieron la oportunidad de disfrutar de un espect\u00e1culo gratuito que comenz\u00f3 con el radioteatro \u201cTu diferencia, tu talento\u201d a cargo de la compa\u00f1\u00eda de Teatro Inclusivo La Cuchara.\u00a0<\/span><\/p>\n<p><span style=\"font-weight: 400\">Otro de los pasajes fuertes de la jornada fue el que protagoniz\u00f3 el divulgador cient\u00edfico e ilusionista profesional, Jos\u00e9 Ilic. Utilizando una variedad de juegos de magia cl\u00e1sica y moderna explic\u00f3 conceptos de f\u00edsica dif\u00edciles de imaginar por medio de trucos generados a trav\u00e9s de la velocidad del cuerpo humano, el sonido y recursos audiovisuales.<\/span><\/p>\n<p><span style=\"font-weight: 400\">El espect\u00e1culo culmin\u00f3, desafiando la curiosidad y las leyes de la f\u00edsica, con la presentaci\u00f3n de danza a\u00e9rea a cargo de Universo Aerial Dreams. Sostenidas sobre telas y trapecios las acr\u00f3batas realizaron una serie de movimientos de fuerza, flexibilidad y coordinaci\u00f3n a m\u00e1s de 2 metros de altura, poniendo a prueba las capacidades humanas ante las leyes de la f\u00edsica.\u00a0<\/span><\/p>\n<p><span style=\"font-weight: 400\"><strong>La intervenci\u00f3n de 1 hora 30 minutos termin\u00f3 bajo los aplausos de los ni\u00f1os y padres<\/strong> que llegaron hasta el teatro chillanejo. La actividad, adem\u00e1s cont\u00f3 con una transmisi\u00f3n en vivo para toda la comunidad teniendo un alcance de m\u00e1s de 300 reproducciones v\u00eda streaming.\u00a0<\/span><\/p>\n<p><span style=\"font-weight: 400\">\u201cEstamos muy contentos de reencontrarnos a trav\u00e9s de intervenciones que estimulan y promueven la curiosidad en los ni\u00f1os y ni\u00f1as para que m\u00e1s tarde deriven en la formaci\u00f3n de los futuros cient\u00edficos de \u00d1uble. La ciencia es entretenida y a trav\u00e9s de estas instancias como FECI queda de manifiesto. Seguiremos trabajando y apoyando estas actividades en la regi\u00f3n\u201d, dijo el Dr. Pablo Rojas, director del Campus Chill\u00e1n de la Universidad de Concepci\u00f3n.<\/span><\/p>\n<p><b>La comunidad cient\u00edfica se conecta con \u00d1uble\u00a0<\/b><\/p>\n<p><span style=\"font-weight: 400\">Durante el festival, <strong>cient\u00edficos e investigadores participaron en \u201cRedes de Ciencia\u201d<\/strong> instancia en las que a trav\u00e9s de breves conversatorios y charlas compartieron sus investigaciones e interactuaron con el p\u00fablico a trav\u00e9s de las redes sociales.\u00a0<\/span><\/p>\n<p><span style=\"font-weight: 400\">Francisca Contreras, divulgadora cient\u00edfica del Centro de Astrof\u00edsica CATA, oriunda de Bulnes, coment\u00f3 su participaci\u00f3n por el conversatorio de f\u00edsica y astronom\u00eda \u201cgenerar espacios de conversaci\u00f3n como FECI u otras instancias permiten crear nuevas realidades para que m\u00e1s ni\u00f1as, adolescentes y j\u00f3venes se acerquen a las diversas \u00e1reas de las ciencias. La astronom\u00eda me enamor\u00f3 y espero transmitir mi conocimiento a m\u00e1s j\u00f3venes a trav\u00e9s de actividades festivas que inviten a dar a conocer la diversidad de saberes\u201d.<\/span><\/p>\n<p><b>El juego como motor de aprendizaje<\/b><\/p>\n<p><span style=\"font-weight: 400\">\u201cRecorriendo \u00d1uble\u201d fue la actividad que tuvo como eje principal a los ni\u00f1os, ni\u00f1as y adolescentes de la zona. <strong>La instancia permiti\u00f3 entregar m\u00e1s de 3 mil ejemplares de juegos did\u00e1cticos, \u201cMu\u00e9vete por \u00d1uble\u201d y \u201c\u00c1lbum de las Ecobrigadas\u201d<\/strong>, que abordan tem\u00e1ticas relacionadas a la alimentaci\u00f3n, vida saludable, patrimonio y medio ambiente.\u00a0<\/span><\/p>\n<p><span style=\"font-weight: 400\">Roxana Mu\u00f1oz, tutora beneficiaria de esta actividad de la comuna de Pinto y profesora de ciencia de la escuela Jos\u00e9 Toh\u00e1, manifest\u00f3 que \u201cnos enteramos por la Red Explora de \u00d1uble y de inmediato articulamos a nuestras comunidades para inscribir a los ni\u00f1os, ni\u00f1as y adolescentes de la localidad de Recinto. Estamos muy contentos de ser parte del festival y potenciar la curiosidad de los m\u00e1s peque\u00f1os\u201d.\u00a0<\/span><\/p>\n<p><span style=\"font-weight: 400\">El Festival de la Ciencia de \u00d1uble liderado en la zona por el Proyecto Asociativo Regional (PAR) Explora \u00d1uble del Ministerio de Ciencia, Tecnolog\u00eda, Conocimiento e Innovaci\u00f3n ejecutado por la Universidad de Concepci\u00f3n, Campus Chill\u00e1n, cont\u00f3 con <\/span><span style=\"font-weight: 400\">la colaboraci\u00f3n de UnACh, Universidad del B\u00edo-B\u00edo, INACAP, INIA Quilamapu, CRHIAM, MIRO, CATA, DAS, FCFM, Teatro Inclusivo La Cuchara, Teatro Municipal de Chill\u00e1n, diario La Discusi\u00f3n, SAG \u00d1uble, Seremi Mujer y Equidad de G\u00e9nero, SENAMA, DAEM de Chill\u00e1n, Municipalidad de El Carmen, Municipalidad de \u00d1iqu\u00e9n, Municipalidad de Portezuelo y Scouts de Chill\u00e1n.\u00a0<\/span><\/p>\n","protected":false},"excerpt":{"rendered":"<p>Bajo el lema \u00a1Celebremos la curiosidad!, el Festival de la Ciencia (FECI) convoc\u00f3 a las familias de Punilla, Itata y Diguill\u00edn durante 5 d\u00edas para promover las diversas \u00e1reas del conocimiento a trav\u00e9s de una oferta de actividades gratuitas con identidad regional, en modalidades online y presencial, desarrolladas por 21 instituciones p\u00fablicas y privadas vinculadas [&hellip;]<\/p>\n","protected":false},"author":25,"featured_media":35129,"comment_status":"open","ping_status":"open","sticky":false,"template":"","format":"standard","meta":{"_acf_changed":false,"_exactmetrics_skip_tracking":false,"_exactmetrics_sitenote_active":false,"_exactmetrics_sitenote_note":"","_exactmetrics_sitenote_category":0,"footnotes":"","_links_to":"","_links_to_target":""},"categories":[151,137,140,4],"tags":[217,253],"class_list":["post-35146","post","type-post","status-publish","format-standard","has-post-thumbnail","hentry","category-banner","category-lugar-2","category-lugar-5","category-noticias","tag-celebremoslacuriosidad","tag-fecinuble2021"],"acf":[],"yoast_head":"<!-- This site is optimized with the Yoast SEO plugin v26.7 - https:\/\/yoast.com\/wordpress\/plugins\/seo\/ -->\n<title>M\u00e1s de 4 mil personas fueron parte del Festival de la Ciencia en \u00d1uble - \u00d1uble<\/title>\n<meta name=\"robots\" content=\"index, follow, max-snippet:-1, max-image-preview:large, max-video-preview:-1\" \/>\n<link rel=\"canonical\" href=\"https:\/\/dev.explora.cl\/nuble\/mas-de-4-mil-personas-fueron-parte-del-festival-de-la-ciencia-en-nuble\/\" class=\"yoast-seo-meta-tag\" \/>\n<meta property=\"og:locale\" content=\"es_ES\" class=\"yoast-seo-meta-tag\" \/>\n<meta property=\"og:type\" content=\"article\" class=\"yoast-seo-meta-tag\" \/>\n<meta property=\"og:title\" content=\"M\u00e1s de 4 mil personas fueron parte del Festival de la Ciencia en \u00d1uble - \u00d1uble\" class=\"yoast-seo-meta-tag\" \/>\n<meta property=\"og:description\" content=\"Bajo el lema \u00a1Celebremos la curiosidad!, el Festival de la Ciencia (FECI) convoc\u00f3 a las familias de Punilla, Itata y Diguill\u00edn durante 5 d\u00edas para promover las diversas \u00e1reas del conocimiento a trav\u00e9s de una oferta de actividades gratuitas con identidad regional, en modalidades online y presencial, desarrolladas por 21 instituciones p\u00fablicas y privadas vinculadas [&hellip;]\" class=\"yoast-seo-meta-tag\" \/>\n<meta property=\"og:url\" content=\"https:\/\/dev.explora.cl\/nuble\/mas-de-4-mil-personas-fueron-parte-del-festival-de-la-ciencia-en-nuble\/\" class=\"yoast-seo-meta-tag\" \/>\n<meta property=\"og:site_name\" content=\"\u00d1uble\" class=\"yoast-seo-meta-tag\" \/>\n<meta property=\"article:published_time\" content=\"2021-10-28T15:34:55+00:00\" class=\"yoast-seo-meta-tag\" \/>\n<meta property=\"article:modified_time\" content=\"2021-11-05T14:51:28+00:00\" class=\"yoast-seo-meta-tag\" \/>\n<meta property=\"og:image\" content=\"https:\/\/dev.explora.cl\/nuble\/wp-content\/uploads\/sites\/10\/2021\/10\/Web-feci-03-1024x655.jpg\" class=\"yoast-seo-meta-tag\" \/>\n\t<meta property=\"og:image:width\" content=\"1024\" class=\"yoast-seo-meta-tag\" \/>\n\t<meta property=\"og:image:height\" content=\"655\" class=\"yoast-seo-meta-tag\" \/>\n\t<meta property=\"og:image:type\" content=\"image\/jpeg\" class=\"yoast-seo-meta-tag\" \/>\n<meta name=\"author\" content=\"cbeltran\" class=\"yoast-seo-meta-tag\" \/>\n<meta name=\"twitter:card\" content=\"summary_large_image\" class=\"yoast-seo-meta-tag\" \/>\n<meta name=\"twitter:label1\" content=\"Escrito por\" class=\"yoast-seo-meta-tag\" \/>\n\t<meta name=\"twitter:data1\" content=\"cbeltran\" class=\"yoast-seo-meta-tag\" \/>\n\t<meta name=\"twitter:label2\" content=\"Tiempo estimado de lectura\" class=\"yoast-seo-meta-tag\" \/>\n\t<meta name=\"twitter:data2\" content=\"5 minutos\" class=\"yoast-seo-meta-tag\" \/>\n<script type=\"application\/ld+json\" class=\"yoast-schema-graph\">{\"@context\":\"https:\/\/schema.org\",\"@graph\":[{\"@type\":\"Article\",\"@id\":\"https:\/\/dev.explora.cl\/nuble\/mas-de-4-mil-personas-fueron-parte-del-festival-de-la-ciencia-en-nuble\/#article\",\"isPartOf\":{\"@id\":\"https:\/\/dev.explora.cl\/nuble\/mas-de-4-mil-personas-fueron-parte-del-festival-de-la-ciencia-en-nuble\/\"},\"author\":{\"name\":\"cbeltran\",\"@id\":\"https:\/\/dev.explora.cl\/nuble\/#\/schema\/person\/f611679f39b55ae7cdea76bc915b056e\"},\"headline\":\"M\u00e1s de 4 mil personas fueron parte del Festival de la Ciencia en \u00d1uble\",\"datePublished\":\"2021-10-28T15:34:55+00:00\",\"dateModified\":\"2021-11-05T14:51:28+00:00\",\"mainEntityOfPage\":{\"@id\":\"https:\/\/dev.explora.cl\/nuble\/mas-de-4-mil-personas-fueron-parte-del-festival-de-la-ciencia-en-nuble\/\"},\"wordCount\":1020,\"commentCount\":0,\"image\":{\"@id\":\"https:\/\/dev.explora.cl\/nuble\/mas-de-4-mil-personas-fueron-parte-del-festival-de-la-ciencia-en-nuble\/#primaryimage\"},\"thumbnailUrl\":\"https:\/\/dev.explora.cl\/nuble\/wp-content\/uploads\/sites\/10\/2021\/10\/Web-feci-03.jpg\",\"keywords\":[\"#CelebremosLaCuriosidad\",\"#FECI\u00d1UBLE2021\"],\"articleSection\":[\"Banner\",\"Lugar 2\",\"Lugar 5\",\"Noticias\"],\"inLanguage\":\"es-CL\",\"potentialAction\":[{\"@type\":\"CommentAction\",\"name\":\"Comment\",\"target\":[\"https:\/\/dev.explora.cl\/nuble\/mas-de-4-mil-personas-fueron-parte-del-festival-de-la-ciencia-en-nuble\/#respond\"]}]},{\"@type\":\"WebPage\",\"@id\":\"https:\/\/dev.explora.cl\/nuble\/mas-de-4-mil-personas-fueron-parte-del-festival-de-la-ciencia-en-nuble\/\",\"url\":\"https:\/\/dev.explora.cl\/nuble\/mas-de-4-mil-personas-fueron-parte-del-festival-de-la-ciencia-en-nuble\/\",\"name\":\"M\u00e1s de 4 mil personas fueron parte del Festival de la Ciencia en \u00d1uble - \u00d1uble\",\"isPartOf\":{\"@id\":\"https:\/\/dev.explora.cl\/nuble\/#website\"},\"primaryImageOfPage\":{\"@id\":\"https:\/\/dev.explora.cl\/nuble\/mas-de-4-mil-personas-fueron-parte-del-festival-de-la-ciencia-en-nuble\/#primaryimage\"},\"image\":{\"@id\":\"https:\/\/dev.explora.cl\/nuble\/mas-de-4-mil-personas-fueron-parte-del-festival-de-la-ciencia-en-nuble\/#primaryimage\"},\"thumbnailUrl\":\"https:\/\/dev.explora.cl\/nuble\/wp-content\/uploads\/sites\/10\/2021\/10\/Web-feci-03.jpg\",\"datePublished\":\"2021-10-28T15:34:55+00:00\",\"dateModified\":\"2021-11-05T14:51:28+00:00\",\"author\":{\"@id\":\"https:\/\/dev.explora.cl\/nuble\/#\/schema\/person\/f611679f39b55ae7cdea76bc915b056e\"},\"breadcrumb\":{\"@id\":\"https:\/\/dev.explora.cl\/nuble\/mas-de-4-mil-personas-fueron-parte-del-festival-de-la-ciencia-en-nuble\/#breadcrumb\"},\"inLanguage\":\"es-CL\",\"potentialAction\":[{\"@type\":\"ReadAction\",\"target\":[\"https:\/\/dev.explora.cl\/nuble\/mas-de-4-mil-personas-fueron-parte-del-festival-de-la-ciencia-en-nuble\/\"]}]},{\"@type\":\"ImageObject\",\"inLanguage\":\"es-CL\",\"@id\":\"https:\/\/dev.explora.cl\/nuble\/mas-de-4-mil-personas-fueron-parte-del-festival-de-la-ciencia-en-nuble\/#primaryimage\",\"url\":\"https:\/\/dev.explora.cl\/nuble\/wp-content\/uploads\/sites\/10\/2021\/10\/Web-feci-03.jpg\",\"contentUrl\":\"https:\/\/dev.explora.cl\/nuble\/wp-content\/uploads\/sites\/10\/2021\/10\/Web-feci-03.jpg\",\"width\":8463,\"height\":5413},{\"@type\":\"BreadcrumbList\",\"@id\":\"https:\/\/dev.explora.cl\/nuble\/mas-de-4-mil-personas-fueron-parte-del-festival-de-la-ciencia-en-nuble\/#breadcrumb\",\"itemListElement\":[{\"@type\":\"ListItem\",\"position\":1,\"name\":\"Portada\",\"item\":\"https:\/\/dev.explora.cl\/nuble\/\"},{\"@type\":\"ListItem\",\"position\":2,\"name\":\"M\u00e1s de 4 mil personas fueron parte del Festival de la Ciencia en \u00d1uble\"}]},{\"@type\":\"WebSite\",\"@id\":\"https:\/\/dev.explora.cl\/nuble\/#website\",\"url\":\"https:\/\/dev.explora.cl\/nuble\/\",\"name\":\"\u00d1uble\",\"description\":\"Otro sitio m\u00e1s de dev.explora.cl\",\"potentialAction\":[{\"@type\":\"SearchAction\",\"target\":{\"@type\":\"EntryPoint\",\"urlTemplate\":\"https:\/\/dev.explora.cl\/nuble\/?s={search_term_string}\"},\"query-input\":{\"@type\":\"PropertyValueSpecification\",\"valueRequired\":true,\"valueName\":\"search_term_string\"}}],\"inLanguage\":\"es-CL\"},{\"@type\":\"Person\",\"@id\":\"https:\/\/dev.explora.cl\/nuble\/#\/schema\/person\/f611679f39b55ae7cdea76bc915b056e\",\"name\":\"cbeltran\",\"image\":{\"@type\":\"ImageObject\",\"inLanguage\":\"es-CL\",\"@id\":\"https:\/\/dev.explora.cl\/nuble\/#\/schema\/person\/image\/\",\"url\":\"https:\/\/secure.gravatar.com\/avatar\/fde624b0b0faed85e420465a1cdb73a02c199b16b1d2d6bfe0a82b9ba438afbd?s=96&d=mm&r=g\",\"contentUrl\":\"https:\/\/secure.gravatar.com\/avatar\/fde624b0b0faed85e420465a1cdb73a02c199b16b1d2d6bfe0a82b9ba438afbd?s=96&d=mm&r=g\",\"caption\":\"cbeltran\"},\"url\":\"https:\/\/dev.explora.cl\/nuble\/author\/cbeltran\/\"}]}<\/script>\n<!-- \/ Yoast SEO plugin. -->","yoast_head_json":{"title":"M\u00e1s de 4 mil personas fueron parte del Festival de la Ciencia en \u00d1uble - \u00d1uble","robots":{"index":"index","follow":"follow","max-snippet":"max-snippet:-1","max-image-preview":"max-image-preview:large","max-video-preview":"max-video-preview:-1"},"canonical":"https:\/\/dev.explora.cl\/nuble\/mas-de-4-mil-personas-fueron-parte-del-festival-de-la-ciencia-en-nuble\/","og_locale":"es_ES","og_type":"article","og_title":"M\u00e1s de 4 mil personas fueron parte del Festival de la Ciencia en \u00d1uble - \u00d1uble","og_description":"Bajo el lema \u00a1Celebremos la curiosidad!, el Festival de la Ciencia (FECI) convoc\u00f3 a las familias de Punilla, Itata y Diguill\u00edn durante 5 d\u00edas para promover las diversas \u00e1reas del conocimiento a trav\u00e9s de una oferta de actividades gratuitas con identidad regional, en modalidades online y presencial, desarrolladas por 21 instituciones p\u00fablicas y privadas vinculadas [&hellip;]","og_url":"https:\/\/dev.explora.cl\/nuble\/mas-de-4-mil-personas-fueron-parte-del-festival-de-la-ciencia-en-nuble\/","og_site_name":"\u00d1uble","article_published_time":"2021-10-28T15:34:55+00:00","article_modified_time":"2021-11-05T14:51:28+00:00","og_image":[{"width":1024,"height":655,"url":"https:\/\/dev.explora.cl\/nuble\/wp-content\/uploads\/sites\/10\/2021\/10\/Web-feci-03-1024x655.jpg","type":"image\/jpeg"}],"author":"cbeltran","twitter_card":"summary_large_image","twitter_misc":{"Escrito por":"cbeltran","Tiempo estimado de lectura":"5 minutos"},"schema":{"@context":"https:\/\/schema.org","@graph":[{"@type":"Article","@id":"https:\/\/dev.explora.cl\/nuble\/mas-de-4-mil-personas-fueron-parte-del-festival-de-la-ciencia-en-nuble\/#article","isPartOf":{"@id":"https:\/\/dev.explora.cl\/nuble\/mas-de-4-mil-personas-fueron-parte-del-festival-de-la-ciencia-en-nuble\/"},"author":{"name":"cbeltran","@id":"https:\/\/dev.explora.cl\/nuble\/#\/schema\/person\/f611679f39b55ae7cdea76bc915b056e"},"headline":"M\u00e1s de 4 mil personas fueron parte del Festival de la Ciencia en \u00d1uble","datePublished":"2021-10-28T15:34:55+00:00","dateModified":"2021-11-05T14:51:28+00:00","mainEntityOfPage":{"@id":"https:\/\/dev.explora.cl\/nuble\/mas-de-4-mil-personas-fueron-parte-del-festival-de-la-ciencia-en-nuble\/"},"wordCount":1020,"commentCount":0,"image":{"@id":"https:\/\/dev.explora.cl\/nuble\/mas-de-4-mil-personas-fueron-parte-del-festival-de-la-ciencia-en-nuble\/#primaryimage"},"thumbnailUrl":"https:\/\/dev.explora.cl\/nuble\/wp-content\/uploads\/sites\/10\/2021\/10\/Web-feci-03.jpg","keywords":["#CelebremosLaCuriosidad","#FECI\u00d1UBLE2021"],"articleSection":["Banner","Lugar 2","Lugar 5","Noticias"],"inLanguage":"es-CL","potentialAction":[{"@type":"CommentAction","name":"Comment","target":["https:\/\/dev.explora.cl\/nuble\/mas-de-4-mil-personas-fueron-parte-del-festival-de-la-ciencia-en-nuble\/#respond"]}]},{"@type":"WebPage","@id":"https:\/\/dev.explora.cl\/nuble\/mas-de-4-mil-personas-fueron-parte-del-festival-de-la-ciencia-en-nuble\/","url":"https:\/\/dev.explora.cl\/nuble\/mas-de-4-mil-personas-fueron-parte-del-festival-de-la-ciencia-en-nuble\/","name":"M\u00e1s de 4 mil personas fueron parte del Festival de la Ciencia en \u00d1uble - \u00d1uble","isPartOf":{"@id":"https:\/\/dev.explora.cl\/nuble\/#website"},"primaryImageOfPage":{"@id":"https:\/\/dev.explora.cl\/nuble\/mas-de-4-mil-personas-fueron-parte-del-festival-de-la-ciencia-en-nuble\/#primaryimage"},"image":{"@id":"https:\/\/dev.explora.cl\/nuble\/mas-de-4-mil-personas-fueron-parte-del-festival-de-la-ciencia-en-nuble\/#primaryimage"},"thumbnailUrl":"https:\/\/dev.explora.cl\/nuble\/wp-content\/uploads\/sites\/10\/2021\/10\/Web-feci-03.jpg","datePublished":"2021-10-28T15:34:55+00:00","dateModified":"2021-11-05T14:51:28+00:00","author":{"@id":"https:\/\/dev.explora.cl\/nuble\/#\/schema\/person\/f611679f39b55ae7cdea76bc915b056e"},"breadcrumb":{"@id":"https:\/\/dev.explora.cl\/nuble\/mas-de-4-mil-personas-fueron-parte-del-festival-de-la-ciencia-en-nuble\/#breadcrumb"},"inLanguage":"es-CL","potentialAction":[{"@type":"ReadAction","target":["https:\/\/dev.explora.cl\/nuble\/mas-de-4-mil-personas-fueron-parte-del-festival-de-la-ciencia-en-nuble\/"]}]},{"@type":"ImageObject","inLanguage":"es-CL","@id":"https:\/\/dev.explora.cl\/nuble\/mas-de-4-mil-personas-fueron-parte-del-festival-de-la-ciencia-en-nuble\/#primaryimage","url":"https:\/\/dev.explora.cl\/nuble\/wp-content\/uploads\/sites\/10\/2021\/10\/Web-feci-03.jpg","contentUrl":"https:\/\/dev.explora.cl\/nuble\/wp-content\/uploads\/sites\/10\/2021\/10\/Web-feci-03.jpg","width":8463,"height":5413},{"@type":"BreadcrumbList","@id":"https:\/\/dev.explora.cl\/nuble\/mas-de-4-mil-personas-fueron-parte-del-festival-de-la-ciencia-en-nuble\/#breadcrumb","itemListElement":[{"@type":"ListItem","position":1,"name":"Portada","item":"https:\/\/dev.explora.cl\/nuble\/"},{"@type":"ListItem","position":2,"name":"M\u00e1s de 4 mil personas fueron parte del Festival de la Ciencia en \u00d1uble"}]},{"@type":"WebSite","@id":"https:\/\/dev.explora.cl\/nuble\/#website","url":"https:\/\/dev.explora.cl\/nuble\/","name":"\u00d1uble","description":"Otro sitio m\u00e1s de dev.explora.cl","potentialAction":[{"@type":"SearchAction","target":{"@type":"EntryPoint","urlTemplate":"https:\/\/dev.explora.cl\/nuble\/?s={search_term_string}"},"query-input":{"@type":"PropertyValueSpecification","valueRequired":true,"valueName":"search_term_string"}}],"inLanguage":"es-CL"},{"@type":"Person","@id":"https:\/\/dev.explora.cl\/nuble\/#\/schema\/person\/f611679f39b55ae7cdea76bc915b056e","name":"cbeltran","image":{"@type":"ImageObject","inLanguage":"es-CL","@id":"https:\/\/dev.explora.cl\/nuble\/#\/schema\/person\/image\/","url":"https:\/\/secure.gravatar.com\/avatar\/fde624b0b0faed85e420465a1cdb73a02c199b16b1d2d6bfe0a82b9ba438afbd?s=96&d=mm&r=g","contentUrl":"https:\/\/secure.gravatar.com\/avatar\/fde624b0b0faed85e420465a1cdb73a02c199b16b1d2d6bfe0a82b9ba438afbd?s=96&d=mm&r=g","caption":"cbeltran"},"url":"https:\/\/dev.explora.cl\/nuble\/author\/cbeltran\/"}]}},"_links":{"self":[{"href":"https:\/\/dev.explora.cl\/nuble\/wp-json\/wp\/v2\/posts\/35146","targetHints":{"allow":["GET"]}}],"collection":[{"href":"https:\/\/dev.explora.cl\/nuble\/wp-json\/wp\/v2\/posts"}],"about":[{"href":"https:\/\/dev.explora.cl\/nuble\/wp-json\/wp\/v2\/types\/post"}],"author":[{"embeddable":true,"href":"https:\/\/dev.explora.cl\/nuble\/wp-json\/wp\/v2\/users\/25"}],"replies":[{"embeddable":true,"href":"https:\/\/dev.explora.cl\/nuble\/wp-json\/wp\/v2\/comments?post=35146"}],"version-history":[{"count":3,"href":"https:\/\/dev.explora.cl\/nuble\/wp-json\/wp\/v2\/posts\/35146\/revisions"}],"predecessor-version":[{"id":35150,"href":"https:\/\/dev.explora.cl\/nuble\/wp-json\/wp\/v2\/posts\/35146\/revisions\/35150"}],"wp:featuredmedia":[{"embeddable":true,"href":"https:\/\/dev.explora.cl\/nuble\/wp-json\/wp\/v2\/media\/35129"}],"wp:attachment":[{"href":"https:\/\/dev.explora.cl\/nuble\/wp-json\/wp\/v2\/media?parent=35146"}],"wp:term":[{"taxonomy":"category","embeddable":true,"href":"https:\/\/dev.explora.cl\/nuble\/wp-json\/wp\/v2\/categories?post=35146"},{"taxonomy":"post_tag","embeddable":true,"href":"https:\/\/dev.explora.cl\/nuble\/wp-json\/wp\/v2\/tags?post=35146"}],"curies":[{"name":"wp","href":"https:\/\/api.w.org\/{rel}","templated":true}]}}