{"id":34966,"date":"2021-07-30T15:31:44","date_gmt":"2021-07-30T19:31:44","guid":{"rendered":"https:\/\/dev.explora.cl\/nuble\/?p=34966"},"modified":"2021-08-04T17:18:28","modified_gmt":"2021-08-04T21:18:28","slug":"declaracion-publica-uso-fraudulento-de-la-marca-explora-nuble-en-grupos-de-whatsapp-no-oficiales-2","status":"publish","type":"post","link":"https:\/\/dev.explora.cl\/nuble\/declaracion-publica-uso-fraudulento-de-la-marca-explora-nuble-en-grupos-de-whatsapp-no-oficiales-2\/","title":{"rendered":"Declaraci\u00f3n p\u00fablica: Uso fraudulento de la marca Explora \u00d1uble en grupos de WhatsApp no oficiales"},"content":{"rendered":"<p><span style=\"font-weight: 400\">El Proyecto Asociativo Regional, PAR, Explora \u00d1uble ejecutado por la Universidad de Concepci\u00f3n, Campus Chill\u00e1n, se refiere al enga\u00f1o de particulares a trav\u00e9s <\/span><i><span style=\"font-weight: 400\">WhatsApp<\/span><\/i><span style=\"font-weight: 400\"> en actividades no acorde a los objetivos del proyecto, producto del robo de datos sufrido por una de las docentes de \u00d1uble participante de la Red Territorial Explora.\u00a0\u00a0<\/span><\/p>\n<p><span style=\"font-weight: 400\">Al respecto se declara que:<\/span><\/p>\n<ul>\n<li><span style=\"font-weight: 400\">Explora \u00d1uble nunca solicitar\u00e1 datos personales correspondientes a cuentas bancarias ni mucho menos solicitar\u00e1 transferencias electr\u00f3nicas para participar de las iniciativas, puesto que son abiertas a la comunidad escolar y general, previa inscripci\u00f3n, pero no incluyen ning\u00fan costo asociado.\u00a0<\/span><\/li>\n<li><span style=\"font-weight: 400\">Explora \u00d1uble env\u00eda la informaci\u00f3n a trav\u00e9s de los canales comunicaci\u00f3n oficiales correspondientes a: correo electr\u00f3nico institucional ( <\/span><a href=\"mailto:par.nuble.explora@gmail.com\"><span style=\"font-weight: 400\">par.nuble.explora@gmail.com<\/span><\/a><span style=\"font-weight: 400\"> y <\/span><a href=\"mailto:exploranuble@udec.cl\"><span style=\"font-weight: 400\">exploranuble@udec.cl<\/span><\/a><span style=\"font-weight: 400\">) , p\u00e1gina web (<\/span><a href=\"https:\/\/dev.explora.cl\/nuble\"><span style=\"font-weight: 400\">dev.explora.cl\/nuble<\/span><\/a><span style=\"font-weight: 400\">) y redes sociales (parexploranuble).\u00a0<\/span><\/li>\n<li><span style=\"font-weight: 400\">Explora \u00d1uble realiza recordatorios en los grupos de <em>WhatsApp<\/em> oficiales, los que son declarados al inicio de cada actividad. Esta informaci\u00f3n siempre est\u00e1 acompa\u00f1ada de piezas gr\u00e1ficas.\u00a0\u00a0<\/span><\/li>\n<li><span style=\"font-weight: 400\">Explora \u00d1uble presenta como misi\u00f3n contribuir al desarrollo de la cultura cient\u00edfica de la regi\u00f3n a trav\u00e9s de iniciativas gratuitas que promueven la valoraci\u00f3n y divulgaci\u00f3n de las ciencias, las artes y las tecnolog\u00edas en la comunidad escolar y general.\u00a0<\/span><\/li>\n<li><span style=\"font-weight: 400\">Explora \u00d1uble solicita en el caso de detectar una cuenta o mensaje no acorde a los lineamientos del programa, dar a conocer esta informaci\u00f3n para contar con los antecedentes del caso y tomar las medidas pertinentes.\u00a0<\/span><\/li>\n<li><span style=\"font-weight: 400\">Hacemos un llamado a las personas a informarse adecuadamente y a tomar todas las precauciones para evitar que estos delitos contin\u00faen ocurriendo.<\/span><\/li>\n<\/ul>\n","protected":false},"excerpt":{"rendered":"<p>El Proyecto Asociativo Regional, PAR, Explora \u00d1uble ejecutado por la Universidad de Concepci\u00f3n, Campus Chill\u00e1n, se refiere al enga\u00f1o de particulares a trav\u00e9s WhatsApp en actividades no acorde a los objetivos del proyecto, producto del robo de datos sufrido por una de las docentes de \u00d1uble participante de la Red Territorial Explora.\u00a0\u00a0 Al respecto se [&hellip;]<\/p>\n","protected":false},"author":25,"featured_media":34962,"comment_status":"open","ping_status":"open","sticky":false,"template":"","format":"standard","meta":{"_acf_changed":false,"_exactmetrics_skip_tracking":false,"_exactmetrics_sitenote_active":false,"_exactmetrics_sitenote_note":"","_exactmetrics_sitenote_category":0,"footnotes":"","_links_to":"","_links_to_target":""},"categories":[140,4],"tags":[],"class_list":["post-34966","post","type-post","status-publish","format-standard","has-post-thumbnail","hentry","category-lugar-5","category-noticias"],"acf":[],"yoast_head":"<!-- This site is optimized with the Yoast SEO plugin v26.7 - https:\/\/yoast.com\/wordpress\/plugins\/seo\/ -->\n<title>Declaraci\u00f3n p\u00fablica: Uso fraudulento de la marca Explora \u00d1uble en grupos de WhatsApp no oficiales - \u00d1uble<\/title>\n<meta name=\"robots\" content=\"index, follow, max-snippet:-1, max-image-preview:large, max-video-preview:-1\" \/>\n<link rel=\"canonical\" href=\"https:\/\/dev.explora.cl\/nuble\/declaracion-publica-uso-fraudulento-de-la-marca-explora-nuble-en-grupos-de-whatsapp-no-oficiales-2\/\" class=\"yoast-seo-meta-tag\" \/>\n<meta property=\"og:locale\" content=\"es_ES\" class=\"yoast-seo-meta-tag\" \/>\n<meta property=\"og:type\" content=\"article\" class=\"yoast-seo-meta-tag\" \/>\n<meta property=\"og:title\" content=\"Declaraci\u00f3n p\u00fablica: Uso fraudulento de la marca Explora \u00d1uble en grupos de WhatsApp no oficiales - \u00d1uble\" class=\"yoast-seo-meta-tag\" \/>\n<meta property=\"og:description\" content=\"El Proyecto Asociativo Regional, PAR, Explora \u00d1uble ejecutado por la Universidad de Concepci\u00f3n, Campus Chill\u00e1n, se refiere al enga\u00f1o de particulares a trav\u00e9s WhatsApp en actividades no acorde a los objetivos del proyecto, producto del robo de datos sufrido por una de las docentes de \u00d1uble participante de la Red Territorial Explora.\u00a0\u00a0 Al respecto se [&hellip;]\" class=\"yoast-seo-meta-tag\" \/>\n<meta property=\"og:url\" content=\"https:\/\/dev.explora.cl\/nuble\/declaracion-publica-uso-fraudulento-de-la-marca-explora-nuble-en-grupos-de-whatsapp-no-oficiales-2\/\" class=\"yoast-seo-meta-tag\" \/>\n<meta property=\"og:site_name\" content=\"\u00d1uble\" class=\"yoast-seo-meta-tag\" \/>\n<meta property=\"article:published_time\" content=\"2021-07-30T19:31:44+00:00\" class=\"yoast-seo-meta-tag\" \/>\n<meta property=\"article:modified_time\" content=\"2021-08-04T21:18:28+00:00\" class=\"yoast-seo-meta-tag\" \/>\n<meta property=\"og:image\" content=\"https:\/\/dev.explora.cl\/nuble\/wp-content\/uploads\/sites\/10\/2021\/07\/Declaracion-Jurada_Mesa-de-trabajo-1.jpg\" class=\"yoast-seo-meta-tag\" \/>\n\t<meta property=\"og:image:width\" content=\"8526\" class=\"yoast-seo-meta-tag\" \/>\n\t<meta property=\"og:image:height\" content=\"4868\" class=\"yoast-seo-meta-tag\" \/>\n\t<meta property=\"og:image:type\" content=\"image\/jpeg\" class=\"yoast-seo-meta-tag\" \/>\n<meta name=\"author\" content=\"cbeltran\" class=\"yoast-seo-meta-tag\" \/>\n<meta name=\"twitter:card\" content=\"summary_large_image\" class=\"yoast-seo-meta-tag\" \/>\n<meta name=\"twitter:label1\" content=\"Escrito por\" class=\"yoast-seo-meta-tag\" \/>\n\t<meta name=\"twitter:data1\" content=\"cbeltran\" class=\"yoast-seo-meta-tag\" \/>\n\t<meta name=\"twitter:label2\" content=\"Tiempo estimado de lectura\" class=\"yoast-seo-meta-tag\" \/>\n\t<meta name=\"twitter:data2\" content=\"1 minuto\" class=\"yoast-seo-meta-tag\" \/>\n<script type=\"application\/ld+json\" class=\"yoast-schema-graph\">{\"@context\":\"https:\/\/schema.org\",\"@graph\":[{\"@type\":\"Article\",\"@id\":\"https:\/\/dev.explora.cl\/nuble\/declaracion-publica-uso-fraudulento-de-la-marca-explora-nuble-en-grupos-de-whatsapp-no-oficiales-2\/#article\",\"isPartOf\":{\"@id\":\"https:\/\/dev.explora.cl\/nuble\/declaracion-publica-uso-fraudulento-de-la-marca-explora-nuble-en-grupos-de-whatsapp-no-oficiales-2\/\"},\"author\":{\"name\":\"cbeltran\",\"@id\":\"https:\/\/dev.explora.cl\/nuble\/#\/schema\/person\/f611679f39b55ae7cdea76bc915b056e\"},\"headline\":\"Declaraci\u00f3n p\u00fablica: Uso fraudulento de la marca Explora \u00d1uble en grupos de WhatsApp no oficiales\",\"datePublished\":\"2021-07-30T19:31:44+00:00\",\"dateModified\":\"2021-08-04T21:18:28+00:00\",\"mainEntityOfPage\":{\"@id\":\"https:\/\/dev.explora.cl\/nuble\/declaracion-publica-uso-fraudulento-de-la-marca-explora-nuble-en-grupos-de-whatsapp-no-oficiales-2\/\"},\"wordCount\":299,\"commentCount\":0,\"image\":{\"@id\":\"https:\/\/dev.explora.cl\/nuble\/declaracion-publica-uso-fraudulento-de-la-marca-explora-nuble-en-grupos-de-whatsapp-no-oficiales-2\/#primaryimage\"},\"thumbnailUrl\":\"https:\/\/dev.explora.cl\/nuble\/wp-content\/uploads\/sites\/10\/2021\/07\/Declaracion-Jurada_Mesa-de-trabajo-1.jpg\",\"articleSection\":[\"Lugar 5\",\"Noticias\"],\"inLanguage\":\"es-CL\",\"potentialAction\":[{\"@type\":\"CommentAction\",\"name\":\"Comment\",\"target\":[\"https:\/\/dev.explora.cl\/nuble\/declaracion-publica-uso-fraudulento-de-la-marca-explora-nuble-en-grupos-de-whatsapp-no-oficiales-2\/#respond\"]}]},{\"@type\":\"WebPage\",\"@id\":\"https:\/\/dev.explora.cl\/nuble\/declaracion-publica-uso-fraudulento-de-la-marca-explora-nuble-en-grupos-de-whatsapp-no-oficiales-2\/\",\"url\":\"https:\/\/dev.explora.cl\/nuble\/declaracion-publica-uso-fraudulento-de-la-marca-explora-nuble-en-grupos-de-whatsapp-no-oficiales-2\/\",\"name\":\"Declaraci\u00f3n p\u00fablica: Uso fraudulento de la marca Explora \u00d1uble en grupos de WhatsApp no oficiales - \u00d1uble\",\"isPartOf\":{\"@id\":\"https:\/\/dev.explora.cl\/nuble\/#website\"},\"primaryImageOfPage\":{\"@id\":\"https:\/\/dev.explora.cl\/nuble\/declaracion-publica-uso-fraudulento-de-la-marca-explora-nuble-en-grupos-de-whatsapp-no-oficiales-2\/#primaryimage\"},\"image\":{\"@id\":\"https:\/\/dev.explora.cl\/nuble\/declaracion-publica-uso-fraudulento-de-la-marca-explora-nuble-en-grupos-de-whatsapp-no-oficiales-2\/#primaryimage\"},\"thumbnailUrl\":\"https:\/\/dev.explora.cl\/nuble\/wp-content\/uploads\/sites\/10\/2021\/07\/Declaracion-Jurada_Mesa-de-trabajo-1.jpg\",\"datePublished\":\"2021-07-30T19:31:44+00:00\",\"dateModified\":\"2021-08-04T21:18:28+00:00\",\"author\":{\"@id\":\"https:\/\/dev.explora.cl\/nuble\/#\/schema\/person\/f611679f39b55ae7cdea76bc915b056e\"},\"breadcrumb\":{\"@id\":\"https:\/\/dev.explora.cl\/nuble\/declaracion-publica-uso-fraudulento-de-la-marca-explora-nuble-en-grupos-de-whatsapp-no-oficiales-2\/#breadcrumb\"},\"inLanguage\":\"es-CL\",\"potentialAction\":[{\"@type\":\"ReadAction\",\"target\":[\"https:\/\/dev.explora.cl\/nuble\/declaracion-publica-uso-fraudulento-de-la-marca-explora-nuble-en-grupos-de-whatsapp-no-oficiales-2\/\"]}]},{\"@type\":\"ImageObject\",\"inLanguage\":\"es-CL\",\"@id\":\"https:\/\/dev.explora.cl\/nuble\/declaracion-publica-uso-fraudulento-de-la-marca-explora-nuble-en-grupos-de-whatsapp-no-oficiales-2\/#primaryimage\",\"url\":\"https:\/\/dev.explora.cl\/nuble\/wp-content\/uploads\/sites\/10\/2021\/07\/Declaracion-Jurada_Mesa-de-trabajo-1.jpg\",\"contentUrl\":\"https:\/\/dev.explora.cl\/nuble\/wp-content\/uploads\/sites\/10\/2021\/07\/Declaracion-Jurada_Mesa-de-trabajo-1.jpg\",\"width\":8526,\"height\":4868},{\"@type\":\"BreadcrumbList\",\"@id\":\"https:\/\/dev.explora.cl\/nuble\/declaracion-publica-uso-fraudulento-de-la-marca-explora-nuble-en-grupos-de-whatsapp-no-oficiales-2\/#breadcrumb\",\"itemListElement\":[{\"@type\":\"ListItem\",\"position\":1,\"name\":\"Portada\",\"item\":\"https:\/\/dev.explora.cl\/nuble\/\"},{\"@type\":\"ListItem\",\"position\":2,\"name\":\"Declaraci\u00f3n p\u00fablica: Uso fraudulento de la marca Explora \u00d1uble en grupos de WhatsApp no oficiales\"}]},{\"@type\":\"WebSite\",\"@id\":\"https:\/\/dev.explora.cl\/nuble\/#website\",\"url\":\"https:\/\/dev.explora.cl\/nuble\/\",\"name\":\"\u00d1uble\",\"description\":\"Otro sitio m\u00e1s de dev.explora.cl\",\"potentialAction\":[{\"@type\":\"SearchAction\",\"target\":{\"@type\":\"EntryPoint\",\"urlTemplate\":\"https:\/\/dev.explora.cl\/nuble\/?s={search_term_string}\"},\"query-input\":{\"@type\":\"PropertyValueSpecification\",\"valueRequired\":true,\"valueName\":\"search_term_string\"}}],\"inLanguage\":\"es-CL\"},{\"@type\":\"Person\",\"@id\":\"https:\/\/dev.explora.cl\/nuble\/#\/schema\/person\/f611679f39b55ae7cdea76bc915b056e\",\"name\":\"cbeltran\",\"image\":{\"@type\":\"ImageObject\",\"inLanguage\":\"es-CL\",\"@id\":\"https:\/\/dev.explora.cl\/nuble\/#\/schema\/person\/image\/\",\"url\":\"https:\/\/secure.gravatar.com\/avatar\/fde624b0b0faed85e420465a1cdb73a02c199b16b1d2d6bfe0a82b9ba438afbd?s=96&d=mm&r=g\",\"contentUrl\":\"https:\/\/secure.gravatar.com\/avatar\/fde624b0b0faed85e420465a1cdb73a02c199b16b1d2d6bfe0a82b9ba438afbd?s=96&d=mm&r=g\",\"caption\":\"cbeltran\"},\"url\":\"https:\/\/dev.explora.cl\/nuble\/author\/cbeltran\/\"}]}<\/script>\n<!-- \/ Yoast SEO plugin. -->","yoast_head_json":{"title":"Declaraci\u00f3n p\u00fablica: Uso fraudulento de la marca Explora \u00d1uble en grupos de WhatsApp no oficiales - \u00d1uble","robots":{"index":"index","follow":"follow","max-snippet":"max-snippet:-1","max-image-preview":"max-image-preview:large","max-video-preview":"max-video-preview:-1"},"canonical":"https:\/\/dev.explora.cl\/nuble\/declaracion-publica-uso-fraudulento-de-la-marca-explora-nuble-en-grupos-de-whatsapp-no-oficiales-2\/","og_locale":"es_ES","og_type":"article","og_title":"Declaraci\u00f3n p\u00fablica: Uso fraudulento de la marca Explora \u00d1uble en grupos de WhatsApp no oficiales - \u00d1uble","og_description":"El Proyecto Asociativo Regional, PAR, Explora \u00d1uble ejecutado por la Universidad de Concepci\u00f3n, Campus Chill\u00e1n, se refiere al enga\u00f1o de particulares a trav\u00e9s WhatsApp en actividades no acorde a los objetivos del proyecto, producto del robo de datos sufrido por una de las docentes de \u00d1uble participante de la Red Territorial Explora.\u00a0\u00a0 Al respecto se [&hellip;]","og_url":"https:\/\/dev.explora.cl\/nuble\/declaracion-publica-uso-fraudulento-de-la-marca-explora-nuble-en-grupos-de-whatsapp-no-oficiales-2\/","og_site_name":"\u00d1uble","article_published_time":"2021-07-30T19:31:44+00:00","article_modified_time":"2021-08-04T21:18:28+00:00","og_image":[{"width":8526,"height":4868,"url":"https:\/\/dev.explora.cl\/nuble\/wp-content\/uploads\/sites\/10\/2021\/07\/Declaracion-Jurada_Mesa-de-trabajo-1.jpg","type":"image\/jpeg"}],"author":"cbeltran","twitter_card":"summary_large_image","twitter_misc":{"Escrito por":"cbeltran","Tiempo estimado de lectura":"1 minuto"},"schema":{"@context":"https:\/\/schema.org","@graph":[{"@type":"Article","@id":"https:\/\/dev.explora.cl\/nuble\/declaracion-publica-uso-fraudulento-de-la-marca-explora-nuble-en-grupos-de-whatsapp-no-oficiales-2\/#article","isPartOf":{"@id":"https:\/\/dev.explora.cl\/nuble\/declaracion-publica-uso-fraudulento-de-la-marca-explora-nuble-en-grupos-de-whatsapp-no-oficiales-2\/"},"author":{"name":"cbeltran","@id":"https:\/\/dev.explora.cl\/nuble\/#\/schema\/person\/f611679f39b55ae7cdea76bc915b056e"},"headline":"Declaraci\u00f3n p\u00fablica: Uso fraudulento de la marca Explora \u00d1uble en grupos de WhatsApp no oficiales","datePublished":"2021-07-30T19:31:44+00:00","dateModified":"2021-08-04T21:18:28+00:00","mainEntityOfPage":{"@id":"https:\/\/dev.explora.cl\/nuble\/declaracion-publica-uso-fraudulento-de-la-marca-explora-nuble-en-grupos-de-whatsapp-no-oficiales-2\/"},"wordCount":299,"commentCount":0,"image":{"@id":"https:\/\/dev.explora.cl\/nuble\/declaracion-publica-uso-fraudulento-de-la-marca-explora-nuble-en-grupos-de-whatsapp-no-oficiales-2\/#primaryimage"},"thumbnailUrl":"https:\/\/dev.explora.cl\/nuble\/wp-content\/uploads\/sites\/10\/2021\/07\/Declaracion-Jurada_Mesa-de-trabajo-1.jpg","articleSection":["Lugar 5","Noticias"],"inLanguage":"es-CL","potentialAction":[{"@type":"CommentAction","name":"Comment","target":["https:\/\/dev.explora.cl\/nuble\/declaracion-publica-uso-fraudulento-de-la-marca-explora-nuble-en-grupos-de-whatsapp-no-oficiales-2\/#respond"]}]},{"@type":"WebPage","@id":"https:\/\/dev.explora.cl\/nuble\/declaracion-publica-uso-fraudulento-de-la-marca-explora-nuble-en-grupos-de-whatsapp-no-oficiales-2\/","url":"https:\/\/dev.explora.cl\/nuble\/declaracion-publica-uso-fraudulento-de-la-marca-explora-nuble-en-grupos-de-whatsapp-no-oficiales-2\/","name":"Declaraci\u00f3n p\u00fablica: Uso fraudulento de la marca Explora \u00d1uble en grupos de WhatsApp no oficiales - \u00d1uble","isPartOf":{"@id":"https:\/\/dev.explora.cl\/nuble\/#website"},"primaryImageOfPage":{"@id":"https:\/\/dev.explora.cl\/nuble\/declaracion-publica-uso-fraudulento-de-la-marca-explora-nuble-en-grupos-de-whatsapp-no-oficiales-2\/#primaryimage"},"image":{"@id":"https:\/\/dev.explora.cl\/nuble\/declaracion-publica-uso-fraudulento-de-la-marca-explora-nuble-en-grupos-de-whatsapp-no-oficiales-2\/#primaryimage"},"thumbnailUrl":"https:\/\/dev.explora.cl\/nuble\/wp-content\/uploads\/sites\/10\/2021\/07\/Declaracion-Jurada_Mesa-de-trabajo-1.jpg","datePublished":"2021-07-30T19:31:44+00:00","dateModified":"2021-08-04T21:18:28+00:00","author":{"@id":"https:\/\/dev.explora.cl\/nuble\/#\/schema\/person\/f611679f39b55ae7cdea76bc915b056e"},"breadcrumb":{"@id":"https:\/\/dev.explora.cl\/nuble\/declaracion-publica-uso-fraudulento-de-la-marca-explora-nuble-en-grupos-de-whatsapp-no-oficiales-2\/#breadcrumb"},"inLanguage":"es-CL","potentialAction":[{"@type":"ReadAction","target":["https:\/\/dev.explora.cl\/nuble\/declaracion-publica-uso-fraudulento-de-la-marca-explora-nuble-en-grupos-de-whatsapp-no-oficiales-2\/"]}]},{"@type":"ImageObject","inLanguage":"es-CL","@id":"https:\/\/dev.explora.cl\/nuble\/declaracion-publica-uso-fraudulento-de-la-marca-explora-nuble-en-grupos-de-whatsapp-no-oficiales-2\/#primaryimage","url":"https:\/\/dev.explora.cl\/nuble\/wp-content\/uploads\/sites\/10\/2021\/07\/Declaracion-Jurada_Mesa-de-trabajo-1.jpg","contentUrl":"https:\/\/dev.explora.cl\/nuble\/wp-content\/uploads\/sites\/10\/2021\/07\/Declaracion-Jurada_Mesa-de-trabajo-1.jpg","width":8526,"height":4868},{"@type":"BreadcrumbList","@id":"https:\/\/dev.explora.cl\/nuble\/declaracion-publica-uso-fraudulento-de-la-marca-explora-nuble-en-grupos-de-whatsapp-no-oficiales-2\/#breadcrumb","itemListElement":[{"@type":"ListItem","position":1,"name":"Portada","item":"https:\/\/dev.explora.cl\/nuble\/"},{"@type":"ListItem","position":2,"name":"Declaraci\u00f3n p\u00fablica: Uso fraudulento de la marca Explora \u00d1uble en grupos de WhatsApp no oficiales"}]},{"@type":"WebSite","@id":"https:\/\/dev.explora.cl\/nuble\/#website","url":"https:\/\/dev.explora.cl\/nuble\/","name":"\u00d1uble","description":"Otro sitio m\u00e1s de dev.explora.cl","potentialAction":[{"@type":"SearchAction","target":{"@type":"EntryPoint","urlTemplate":"https:\/\/dev.explora.cl\/nuble\/?s={search_term_string}"},"query-input":{"@type":"PropertyValueSpecification","valueRequired":true,"valueName":"search_term_string"}}],"inLanguage":"es-CL"},{"@type":"Person","@id":"https:\/\/dev.explora.cl\/nuble\/#\/schema\/person\/f611679f39b55ae7cdea76bc915b056e","name":"cbeltran","image":{"@type":"ImageObject","inLanguage":"es-CL","@id":"https:\/\/dev.explora.cl\/nuble\/#\/schema\/person\/image\/","url":"https:\/\/secure.gravatar.com\/avatar\/fde624b0b0faed85e420465a1cdb73a02c199b16b1d2d6bfe0a82b9ba438afbd?s=96&d=mm&r=g","contentUrl":"https:\/\/secure.gravatar.com\/avatar\/fde624b0b0faed85e420465a1cdb73a02c199b16b1d2d6bfe0a82b9ba438afbd?s=96&d=mm&r=g","caption":"cbeltran"},"url":"https:\/\/dev.explora.cl\/nuble\/author\/cbeltran\/"}]}},"_links":{"self":[{"href":"https:\/\/dev.explora.cl\/nuble\/wp-json\/wp\/v2\/posts\/34966","targetHints":{"allow":["GET"]}}],"collection":[{"href":"https:\/\/dev.explora.cl\/nuble\/wp-json\/wp\/v2\/posts"}],"about":[{"href":"https:\/\/dev.explora.cl\/nuble\/wp-json\/wp\/v2\/types\/post"}],"author":[{"embeddable":true,"href":"https:\/\/dev.explora.cl\/nuble\/wp-json\/wp\/v2\/users\/25"}],"replies":[{"embeddable":true,"href":"https:\/\/dev.explora.cl\/nuble\/wp-json\/wp\/v2\/comments?post=34966"}],"version-history":[{"count":2,"href":"https:\/\/dev.explora.cl\/nuble\/wp-json\/wp\/v2\/posts\/34966\/revisions"}],"predecessor-version":[{"id":34968,"href":"https:\/\/dev.explora.cl\/nuble\/wp-json\/wp\/v2\/posts\/34966\/revisions\/34968"}],"wp:featuredmedia":[{"embeddable":true,"href":"https:\/\/dev.explora.cl\/nuble\/wp-json\/wp\/v2\/media\/34962"}],"wp:attachment":[{"href":"https:\/\/dev.explora.cl\/nuble\/wp-json\/wp\/v2\/media?parent=34966"}],"wp:term":[{"taxonomy":"category","embeddable":true,"href":"https:\/\/dev.explora.cl\/nuble\/wp-json\/wp\/v2\/categories?post=34966"},{"taxonomy":"post_tag","embeddable":true,"href":"https:\/\/dev.explora.cl\/nuble\/wp-json\/wp\/v2\/tags?post=34966"}],"curies":[{"name":"wp","href":"https:\/\/api.w.org\/{rel}","templated":true}]}}