{"id":34950,"date":"2021-07-05T15:30:38","date_gmt":"2021-07-05T19:30:38","guid":{"rendered":"https:\/\/dev.explora.cl\/nuble\/?p=34950"},"modified":"2021-07-05T15:37:06","modified_gmt":"2021-07-05T19:37:06","slug":"sumate-a-la-actividad-regional-explora-nuble-el-tesoro-de-nuble-relatos-de-nuestra-region","status":"publish","type":"post","link":"https:\/\/dev.explora.cl\/nuble\/sumate-a-la-actividad-regional-explora-nuble-el-tesoro-de-nuble-relatos-de-nuestra-region\/","title":{"rendered":"S\u00famate a la actividad regional &#8220;El Tesoro de \u00d1uble: relatos de nuestra regi\u00f3n&#8221;"},"content":{"rendered":"<h3><strong>El Tesoro de \u00d1uble: relatos de nuestra regi\u00f3n<\/strong><\/h3>\n<p>\u00a1Atenci\u00f3n profe! \u00bfTe gustar\u00eda ser embajador del patrimonio cultural de \u00d1uble? Te invitamos a realizar una\u00a0 investigaci\u00f3n sobre la historia de su comuna, desde las Ciencias Sociales, junto a sus estudiantes con el fin de generar relatos que se conviertan en un juego de cartas para la comunidad escolar de Punilla, Itata y Diguill\u00edn.<\/p>\n<p>Dirigido a docentes de:<\/p>\n<ul>\n<li>Lenguaje y Comunicaci\u00f3n\u00a0 que realicen clases a estudiantes 7\u00b0 a\u00f1o de Educaci\u00f3n B\u00e1sica a 4\u00b0 a\u00f1o de Educaci\u00f3n Media de la Regi\u00f3n de \u00d1uble<\/li>\n<li>Historia, Geograf\u00eda y Cs. Sociales que realicen clases a estudiantes 7\u00b0 a\u00f1o de Educaci\u00f3n B\u00e1sica a 4\u00b0 a\u00f1o de Educaci\u00f3n Media de la Regi\u00f3n de \u00d1uble<\/li>\n<\/ul>\n<p>Recibir\u00e1n:<\/p>\n<ul>\n<li>Capacitaci\u00f3n y acompa\u00f1amiento acerca de construcci\u00f3n de relatos literarios e investigaci\u00f3n hist\u00f3rica, con un enfoque de recopilaci\u00f3n oral<\/li>\n<li>Juego de cartas derivadas de la investigaci\u00f3n de los relatos de la regi\u00f3n para cada integrante del equipo<\/li>\n<li>Material digital sobre el juego de cartas y los relatos asociados<\/li>\n<li>Certificado de participaci\u00f3n para cada integrante del equipo<\/li>\n<li>Libro y material impreso para el establecimiento representado por el\/los equipos<\/li>\n<li>Inclusi\u00f3n del nombre de cada estudiante en los agradecimientos de la creaci\u00f3n del juego de cartas.<\/li>\n<\/ul>\n<p>Bases y anexos <a href=\"https:\/\/drive.google.com\/drive\/folders\/1uvCVY5BrSTlcLTVb-QXoCSiVXfeap3qb?usp=sharing\">AQU\u00cd\u00a0<\/a><\/p>\n<p>Las postulaciones se extender\u00e1n hasta el 30 de julio a trav\u00e9s del siguiente <a href=\"https:\/\/forms.gle\/DUsmQkuA8rRDpXCd6\">FORMULARIO, PINCHA AQU\u00cd.<\/a><\/p>\n","protected":false},"excerpt":{"rendered":"<p>El Tesoro de \u00d1uble: relatos de nuestra regi\u00f3n \u00a1Atenci\u00f3n profe! \u00bfTe gustar\u00eda ser embajador del patrimonio cultural de \u00d1uble? Te invitamos a realizar una\u00a0 investigaci\u00f3n sobre la historia de su comuna, desde las Ciencias Sociales, junto a sus estudiantes con el fin de generar relatos que se conviertan en un juego de cartas para la [&hellip;]<\/p>\n","protected":false},"author":25,"featured_media":34949,"comment_status":"open","ping_status":"open","sticky":false,"template":"","format":"standard","meta":{"_acf_changed":false,"_exactmetrics_skip_tracking":false,"_exactmetrics_sitenote_active":false,"_exactmetrics_sitenote_note":"","_exactmetrics_sitenote_category":0,"footnotes":"","_links_to":"","_links_to_target":""},"categories":[1],"tags":[242,243,244],"class_list":["post-34950","post","type-post","status-publish","format-standard","has-post-thumbnail","hentry","category-sin-categoria","tag-actividadregional","tag-eltesorodenuble","tag-juegodecarta"],"acf":[],"yoast_head":"<!-- This site is optimized with the Yoast SEO plugin v26.7 - https:\/\/yoast.com\/wordpress\/plugins\/seo\/ -->\n<title>S\u00famate a la actividad regional &quot;El Tesoro de \u00d1uble: relatos de nuestra regi\u00f3n&quot; - \u00d1uble<\/title>\n<meta name=\"robots\" content=\"index, follow, max-snippet:-1, max-image-preview:large, max-video-preview:-1\" \/>\n<link rel=\"canonical\" href=\"https:\/\/dev.explora.cl\/nuble\/sumate-a-la-actividad-regional-explora-nuble-el-tesoro-de-nuble-relatos-de-nuestra-region\/\" class=\"yoast-seo-meta-tag\" \/>\n<meta property=\"og:locale\" content=\"es_ES\" class=\"yoast-seo-meta-tag\" \/>\n<meta property=\"og:type\" content=\"article\" class=\"yoast-seo-meta-tag\" \/>\n<meta property=\"og:title\" content=\"S\u00famate a la actividad regional &quot;El Tesoro de \u00d1uble: relatos de nuestra regi\u00f3n&quot; - \u00d1uble\" class=\"yoast-seo-meta-tag\" \/>\n<meta property=\"og:description\" content=\"El Tesoro de \u00d1uble: relatos de nuestra regi\u00f3n \u00a1Atenci\u00f3n profe! \u00bfTe gustar\u00eda ser embajador del patrimonio cultural de \u00d1uble? Te invitamos a realizar una\u00a0 investigaci\u00f3n sobre la historia de su comuna, desde las Ciencias Sociales, junto a sus estudiantes con el fin de generar relatos que se conviertan en un juego de cartas para la [&hellip;]\" class=\"yoast-seo-meta-tag\" \/>\n<meta property=\"og:url\" content=\"https:\/\/dev.explora.cl\/nuble\/sumate-a-la-actividad-regional-explora-nuble-el-tesoro-de-nuble-relatos-de-nuestra-region\/\" class=\"yoast-seo-meta-tag\" \/>\n<meta property=\"og:site_name\" content=\"\u00d1uble\" class=\"yoast-seo-meta-tag\" \/>\n<meta property=\"article:published_time\" content=\"2021-07-05T19:30:38+00:00\" class=\"yoast-seo-meta-tag\" \/>\n<meta property=\"article:modified_time\" content=\"2021-07-05T19:37:06+00:00\" class=\"yoast-seo-meta-tag\" \/>\n<meta property=\"og:image\" content=\"https:\/\/dev.explora.cl\/nuble\/wp-content\/uploads\/sites\/10\/2021\/07\/Web.jpg\" class=\"yoast-seo-meta-tag\" \/>\n\t<meta property=\"og:image:width\" content=\"2047\" class=\"yoast-seo-meta-tag\" \/>\n\t<meta property=\"og:image:height\" content=\"1169\" class=\"yoast-seo-meta-tag\" \/>\n\t<meta property=\"og:image:type\" content=\"image\/jpeg\" class=\"yoast-seo-meta-tag\" \/>\n<meta name=\"author\" content=\"cbeltran\" class=\"yoast-seo-meta-tag\" \/>\n<meta name=\"twitter:card\" content=\"summary_large_image\" class=\"yoast-seo-meta-tag\" \/>\n<meta name=\"twitter:label1\" content=\"Escrito por\" class=\"yoast-seo-meta-tag\" \/>\n\t<meta name=\"twitter:data1\" content=\"cbeltran\" class=\"yoast-seo-meta-tag\" \/>\n\t<meta name=\"twitter:label2\" content=\"Tiempo estimado de lectura\" class=\"yoast-seo-meta-tag\" \/>\n\t<meta name=\"twitter:data2\" content=\"1 minuto\" class=\"yoast-seo-meta-tag\" \/>\n<script type=\"application\/ld+json\" class=\"yoast-schema-graph\">{\"@context\":\"https:\/\/schema.org\",\"@graph\":[{\"@type\":\"Article\",\"@id\":\"https:\/\/dev.explora.cl\/nuble\/sumate-a-la-actividad-regional-explora-nuble-el-tesoro-de-nuble-relatos-de-nuestra-region\/#article\",\"isPartOf\":{\"@id\":\"https:\/\/dev.explora.cl\/nuble\/sumate-a-la-actividad-regional-explora-nuble-el-tesoro-de-nuble-relatos-de-nuestra-region\/\"},\"author\":{\"name\":\"cbeltran\",\"@id\":\"https:\/\/dev.explora.cl\/nuble\/#\/schema\/person\/f611679f39b55ae7cdea76bc915b056e\"},\"headline\":\"S\u00famate a la actividad regional &#8220;El Tesoro de \u00d1uble: relatos de nuestra regi\u00f3n&#8221;\",\"datePublished\":\"2021-07-05T19:30:38+00:00\",\"dateModified\":\"2021-07-05T19:37:06+00:00\",\"mainEntityOfPage\":{\"@id\":\"https:\/\/dev.explora.cl\/nuble\/sumate-a-la-actividad-regional-explora-nuble-el-tesoro-de-nuble-relatos-de-nuestra-region\/\"},\"wordCount\":263,\"commentCount\":0,\"image\":{\"@id\":\"https:\/\/dev.explora.cl\/nuble\/sumate-a-la-actividad-regional-explora-nuble-el-tesoro-de-nuble-relatos-de-nuestra-region\/#primaryimage\"},\"thumbnailUrl\":\"https:\/\/dev.explora.cl\/nuble\/wp-content\/uploads\/sites\/10\/2021\/07\/Web.jpg\",\"keywords\":[\"ActividadRegional\",\"ElTesoroDe\u00d1uble\",\"JuegoDeCarta\"],\"inLanguage\":\"es-CL\",\"potentialAction\":[{\"@type\":\"CommentAction\",\"name\":\"Comment\",\"target\":[\"https:\/\/dev.explora.cl\/nuble\/sumate-a-la-actividad-regional-explora-nuble-el-tesoro-de-nuble-relatos-de-nuestra-region\/#respond\"]}]},{\"@type\":\"WebPage\",\"@id\":\"https:\/\/dev.explora.cl\/nuble\/sumate-a-la-actividad-regional-explora-nuble-el-tesoro-de-nuble-relatos-de-nuestra-region\/\",\"url\":\"https:\/\/dev.explora.cl\/nuble\/sumate-a-la-actividad-regional-explora-nuble-el-tesoro-de-nuble-relatos-de-nuestra-region\/\",\"name\":\"S\u00famate a la actividad regional \\\"El Tesoro de \u00d1uble: relatos de nuestra regi\u00f3n\\\" - \u00d1uble\",\"isPartOf\":{\"@id\":\"https:\/\/dev.explora.cl\/nuble\/#website\"},\"primaryImageOfPage\":{\"@id\":\"https:\/\/dev.explora.cl\/nuble\/sumate-a-la-actividad-regional-explora-nuble-el-tesoro-de-nuble-relatos-de-nuestra-region\/#primaryimage\"},\"image\":{\"@id\":\"https:\/\/dev.explora.cl\/nuble\/sumate-a-la-actividad-regional-explora-nuble-el-tesoro-de-nuble-relatos-de-nuestra-region\/#primaryimage\"},\"thumbnailUrl\":\"https:\/\/dev.explora.cl\/nuble\/wp-content\/uploads\/sites\/10\/2021\/07\/Web.jpg\",\"datePublished\":\"2021-07-05T19:30:38+00:00\",\"dateModified\":\"2021-07-05T19:37:06+00:00\",\"author\":{\"@id\":\"https:\/\/dev.explora.cl\/nuble\/#\/schema\/person\/f611679f39b55ae7cdea76bc915b056e\"},\"breadcrumb\":{\"@id\":\"https:\/\/dev.explora.cl\/nuble\/sumate-a-la-actividad-regional-explora-nuble-el-tesoro-de-nuble-relatos-de-nuestra-region\/#breadcrumb\"},\"inLanguage\":\"es-CL\",\"potentialAction\":[{\"@type\":\"ReadAction\",\"target\":[\"https:\/\/dev.explora.cl\/nuble\/sumate-a-la-actividad-regional-explora-nuble-el-tesoro-de-nuble-relatos-de-nuestra-region\/\"]}]},{\"@type\":\"ImageObject\",\"inLanguage\":\"es-CL\",\"@id\":\"https:\/\/dev.explora.cl\/nuble\/sumate-a-la-actividad-regional-explora-nuble-el-tesoro-de-nuble-relatos-de-nuestra-region\/#primaryimage\",\"url\":\"https:\/\/dev.explora.cl\/nuble\/wp-content\/uploads\/sites\/10\/2021\/07\/Web.jpg\",\"contentUrl\":\"https:\/\/dev.explora.cl\/nuble\/wp-content\/uploads\/sites\/10\/2021\/07\/Web.jpg\",\"width\":2047,\"height\":1169},{\"@type\":\"BreadcrumbList\",\"@id\":\"https:\/\/dev.explora.cl\/nuble\/sumate-a-la-actividad-regional-explora-nuble-el-tesoro-de-nuble-relatos-de-nuestra-region\/#breadcrumb\",\"itemListElement\":[{\"@type\":\"ListItem\",\"position\":1,\"name\":\"Portada\",\"item\":\"https:\/\/dev.explora.cl\/nuble\/\"},{\"@type\":\"ListItem\",\"position\":2,\"name\":\"S\u00famate a la actividad regional &#8220;El Tesoro de \u00d1uble: relatos de nuestra regi\u00f3n&#8221;\"}]},{\"@type\":\"WebSite\",\"@id\":\"https:\/\/dev.explora.cl\/nuble\/#website\",\"url\":\"https:\/\/dev.explora.cl\/nuble\/\",\"name\":\"\u00d1uble\",\"description\":\"Otro sitio m\u00e1s de dev.explora.cl\",\"potentialAction\":[{\"@type\":\"SearchAction\",\"target\":{\"@type\":\"EntryPoint\",\"urlTemplate\":\"https:\/\/dev.explora.cl\/nuble\/?s={search_term_string}\"},\"query-input\":{\"@type\":\"PropertyValueSpecification\",\"valueRequired\":true,\"valueName\":\"search_term_string\"}}],\"inLanguage\":\"es-CL\"},{\"@type\":\"Person\",\"@id\":\"https:\/\/dev.explora.cl\/nuble\/#\/schema\/person\/f611679f39b55ae7cdea76bc915b056e\",\"name\":\"cbeltran\",\"image\":{\"@type\":\"ImageObject\",\"inLanguage\":\"es-CL\",\"@id\":\"https:\/\/dev.explora.cl\/nuble\/#\/schema\/person\/image\/\",\"url\":\"https:\/\/secure.gravatar.com\/avatar\/fde624b0b0faed85e420465a1cdb73a02c199b16b1d2d6bfe0a82b9ba438afbd?s=96&d=mm&r=g\",\"contentUrl\":\"https:\/\/secure.gravatar.com\/avatar\/fde624b0b0faed85e420465a1cdb73a02c199b16b1d2d6bfe0a82b9ba438afbd?s=96&d=mm&r=g\",\"caption\":\"cbeltran\"},\"url\":\"https:\/\/dev.explora.cl\/nuble\/author\/cbeltran\/\"}]}<\/script>\n<!-- \/ Yoast SEO plugin. -->","yoast_head_json":{"title":"S\u00famate a la actividad regional \"El Tesoro de \u00d1uble: relatos de nuestra regi\u00f3n\" - \u00d1uble","robots":{"index":"index","follow":"follow","max-snippet":"max-snippet:-1","max-image-preview":"max-image-preview:large","max-video-preview":"max-video-preview:-1"},"canonical":"https:\/\/dev.explora.cl\/nuble\/sumate-a-la-actividad-regional-explora-nuble-el-tesoro-de-nuble-relatos-de-nuestra-region\/","og_locale":"es_ES","og_type":"article","og_title":"S\u00famate a la actividad regional \"El Tesoro de \u00d1uble: relatos de nuestra regi\u00f3n\" - \u00d1uble","og_description":"El Tesoro de \u00d1uble: relatos de nuestra regi\u00f3n \u00a1Atenci\u00f3n profe! \u00bfTe gustar\u00eda ser embajador del patrimonio cultural de \u00d1uble? Te invitamos a realizar una\u00a0 investigaci\u00f3n sobre la historia de su comuna, desde las Ciencias Sociales, junto a sus estudiantes con el fin de generar relatos que se conviertan en un juego de cartas para la [&hellip;]","og_url":"https:\/\/dev.explora.cl\/nuble\/sumate-a-la-actividad-regional-explora-nuble-el-tesoro-de-nuble-relatos-de-nuestra-region\/","og_site_name":"\u00d1uble","article_published_time":"2021-07-05T19:30:38+00:00","article_modified_time":"2021-07-05T19:37:06+00:00","og_image":[{"width":2047,"height":1169,"url":"https:\/\/dev.explora.cl\/nuble\/wp-content\/uploads\/sites\/10\/2021\/07\/Web.jpg","type":"image\/jpeg"}],"author":"cbeltran","twitter_card":"summary_large_image","twitter_misc":{"Escrito por":"cbeltran","Tiempo estimado de lectura":"1 minuto"},"schema":{"@context":"https:\/\/schema.org","@graph":[{"@type":"Article","@id":"https:\/\/dev.explora.cl\/nuble\/sumate-a-la-actividad-regional-explora-nuble-el-tesoro-de-nuble-relatos-de-nuestra-region\/#article","isPartOf":{"@id":"https:\/\/dev.explora.cl\/nuble\/sumate-a-la-actividad-regional-explora-nuble-el-tesoro-de-nuble-relatos-de-nuestra-region\/"},"author":{"name":"cbeltran","@id":"https:\/\/dev.explora.cl\/nuble\/#\/schema\/person\/f611679f39b55ae7cdea76bc915b056e"},"headline":"S\u00famate a la actividad regional &#8220;El Tesoro de \u00d1uble: relatos de nuestra regi\u00f3n&#8221;","datePublished":"2021-07-05T19:30:38+00:00","dateModified":"2021-07-05T19:37:06+00:00","mainEntityOfPage":{"@id":"https:\/\/dev.explora.cl\/nuble\/sumate-a-la-actividad-regional-explora-nuble-el-tesoro-de-nuble-relatos-de-nuestra-region\/"},"wordCount":263,"commentCount":0,"image":{"@id":"https:\/\/dev.explora.cl\/nuble\/sumate-a-la-actividad-regional-explora-nuble-el-tesoro-de-nuble-relatos-de-nuestra-region\/#primaryimage"},"thumbnailUrl":"https:\/\/dev.explora.cl\/nuble\/wp-content\/uploads\/sites\/10\/2021\/07\/Web.jpg","keywords":["ActividadRegional","ElTesoroDe\u00d1uble","JuegoDeCarta"],"inLanguage":"es-CL","potentialAction":[{"@type":"CommentAction","name":"Comment","target":["https:\/\/dev.explora.cl\/nuble\/sumate-a-la-actividad-regional-explora-nuble-el-tesoro-de-nuble-relatos-de-nuestra-region\/#respond"]}]},{"@type":"WebPage","@id":"https:\/\/dev.explora.cl\/nuble\/sumate-a-la-actividad-regional-explora-nuble-el-tesoro-de-nuble-relatos-de-nuestra-region\/","url":"https:\/\/dev.explora.cl\/nuble\/sumate-a-la-actividad-regional-explora-nuble-el-tesoro-de-nuble-relatos-de-nuestra-region\/","name":"S\u00famate a la actividad regional \"El Tesoro de \u00d1uble: relatos de nuestra regi\u00f3n\" - \u00d1uble","isPartOf":{"@id":"https:\/\/dev.explora.cl\/nuble\/#website"},"primaryImageOfPage":{"@id":"https:\/\/dev.explora.cl\/nuble\/sumate-a-la-actividad-regional-explora-nuble-el-tesoro-de-nuble-relatos-de-nuestra-region\/#primaryimage"},"image":{"@id":"https:\/\/dev.explora.cl\/nuble\/sumate-a-la-actividad-regional-explora-nuble-el-tesoro-de-nuble-relatos-de-nuestra-region\/#primaryimage"},"thumbnailUrl":"https:\/\/dev.explora.cl\/nuble\/wp-content\/uploads\/sites\/10\/2021\/07\/Web.jpg","datePublished":"2021-07-05T19:30:38+00:00","dateModified":"2021-07-05T19:37:06+00:00","author":{"@id":"https:\/\/dev.explora.cl\/nuble\/#\/schema\/person\/f611679f39b55ae7cdea76bc915b056e"},"breadcrumb":{"@id":"https:\/\/dev.explora.cl\/nuble\/sumate-a-la-actividad-regional-explora-nuble-el-tesoro-de-nuble-relatos-de-nuestra-region\/#breadcrumb"},"inLanguage":"es-CL","potentialAction":[{"@type":"ReadAction","target":["https:\/\/dev.explora.cl\/nuble\/sumate-a-la-actividad-regional-explora-nuble-el-tesoro-de-nuble-relatos-de-nuestra-region\/"]}]},{"@type":"ImageObject","inLanguage":"es-CL","@id":"https:\/\/dev.explora.cl\/nuble\/sumate-a-la-actividad-regional-explora-nuble-el-tesoro-de-nuble-relatos-de-nuestra-region\/#primaryimage","url":"https:\/\/dev.explora.cl\/nuble\/wp-content\/uploads\/sites\/10\/2021\/07\/Web.jpg","contentUrl":"https:\/\/dev.explora.cl\/nuble\/wp-content\/uploads\/sites\/10\/2021\/07\/Web.jpg","width":2047,"height":1169},{"@type":"BreadcrumbList","@id":"https:\/\/dev.explora.cl\/nuble\/sumate-a-la-actividad-regional-explora-nuble-el-tesoro-de-nuble-relatos-de-nuestra-region\/#breadcrumb","itemListElement":[{"@type":"ListItem","position":1,"name":"Portada","item":"https:\/\/dev.explora.cl\/nuble\/"},{"@type":"ListItem","position":2,"name":"S\u00famate a la actividad regional &#8220;El Tesoro de \u00d1uble: relatos de nuestra regi\u00f3n&#8221;"}]},{"@type":"WebSite","@id":"https:\/\/dev.explora.cl\/nuble\/#website","url":"https:\/\/dev.explora.cl\/nuble\/","name":"\u00d1uble","description":"Otro sitio m\u00e1s de dev.explora.cl","potentialAction":[{"@type":"SearchAction","target":{"@type":"EntryPoint","urlTemplate":"https:\/\/dev.explora.cl\/nuble\/?s={search_term_string}"},"query-input":{"@type":"PropertyValueSpecification","valueRequired":true,"valueName":"search_term_string"}}],"inLanguage":"es-CL"},{"@type":"Person","@id":"https:\/\/dev.explora.cl\/nuble\/#\/schema\/person\/f611679f39b55ae7cdea76bc915b056e","name":"cbeltran","image":{"@type":"ImageObject","inLanguage":"es-CL","@id":"https:\/\/dev.explora.cl\/nuble\/#\/schema\/person\/image\/","url":"https:\/\/secure.gravatar.com\/avatar\/fde624b0b0faed85e420465a1cdb73a02c199b16b1d2d6bfe0a82b9ba438afbd?s=96&d=mm&r=g","contentUrl":"https:\/\/secure.gravatar.com\/avatar\/fde624b0b0faed85e420465a1cdb73a02c199b16b1d2d6bfe0a82b9ba438afbd?s=96&d=mm&r=g","caption":"cbeltran"},"url":"https:\/\/dev.explora.cl\/nuble\/author\/cbeltran\/"}]}},"_links":{"self":[{"href":"https:\/\/dev.explora.cl\/nuble\/wp-json\/wp\/v2\/posts\/34950","targetHints":{"allow":["GET"]}}],"collection":[{"href":"https:\/\/dev.explora.cl\/nuble\/wp-json\/wp\/v2\/posts"}],"about":[{"href":"https:\/\/dev.explora.cl\/nuble\/wp-json\/wp\/v2\/types\/post"}],"author":[{"embeddable":true,"href":"https:\/\/dev.explora.cl\/nuble\/wp-json\/wp\/v2\/users\/25"}],"replies":[{"embeddable":true,"href":"https:\/\/dev.explora.cl\/nuble\/wp-json\/wp\/v2\/comments?post=34950"}],"version-history":[{"count":4,"href":"https:\/\/dev.explora.cl\/nuble\/wp-json\/wp\/v2\/posts\/34950\/revisions"}],"predecessor-version":[{"id":34954,"href":"https:\/\/dev.explora.cl\/nuble\/wp-json\/wp\/v2\/posts\/34950\/revisions\/34954"}],"wp:featuredmedia":[{"embeddable":true,"href":"https:\/\/dev.explora.cl\/nuble\/wp-json\/wp\/v2\/media\/34949"}],"wp:attachment":[{"href":"https:\/\/dev.explora.cl\/nuble\/wp-json\/wp\/v2\/media?parent=34950"}],"wp:term":[{"taxonomy":"category","embeddable":true,"href":"https:\/\/dev.explora.cl\/nuble\/wp-json\/wp\/v2\/categories?post=34950"},{"taxonomy":"post_tag","embeddable":true,"href":"https:\/\/dev.explora.cl\/nuble\/wp-json\/wp\/v2\/tags?post=34950"}],"curies":[{"name":"wp","href":"https:\/\/api.w.org\/{rel}","templated":true}]}}