{"id":34873,"date":"2021-03-25T09:57:07","date_gmt":"2021-03-25T12:57:07","guid":{"rendered":"https:\/\/dev.explora.cl\/nuble\/?p=34873"},"modified":"2021-03-25T09:58:55","modified_gmt":"2021-03-25T12:58:55","slug":"columna-de-opinion-ensenalo-con-un-cuento-la-narracion-como-herramienta-de-difusion-cientifica","status":"publish","type":"post","link":"https:\/\/dev.explora.cl\/nuble\/columna-de-opinion-ensenalo-con-un-cuento-la-narracion-como-herramienta-de-difusion-cientifica\/","title":{"rendered":"Columna de Opini\u00f3n: &#8220;Ens\u00e9\u00f1alo con un cuento: La narraci\u00f3n como herramienta de difusi\u00f3n cient\u00edfica&#8221;"},"content":{"rendered":"<h3>Escrito por Carolina Bravo Contreras<br \/>\nActriz, cuentista, dramaturga y directora teatral.<br \/>\nCuenteros Chile \/ Peripecia Producciones<\/h3>\n<p>A lo largo de nuestra vida la narraci\u00f3n tiene un rol importante, es la forma en la que comenzamos a\u200b entender\u00a0el mundo, le damos nombre a las cosas, \u200bcomprendemos \u200blos fen\u00f3menos. A\u00a0trav\u00e9s de los relatos de nuestr\u200ba\u200bs \u200babuelas\u200b y\u00a0\u00a0abuelos conocemos nuestros or\u00edgenes, escuchamos canciones infantiles que cuentan historias y, por supuesto, nos encantamos con los cuentos. La narrativa, sin darnos cuenta, es parte indispensable de nuestro cotidiano.<\/p>\n<p>\u200bTodos narramos, sin darnos cuenta todos contamos cuentos, al volver a casa despu\u00e9s de una jornada laboral\u200b o \u200bal co\u200bmpartir\u00a0una an\u00e9cdota en una reuni\u00f3n social\u200b. \u200bPero, \u00bfpor\u200b \u200bqu\u00e9 hay personas que cautivan la atenci\u00f3n y el inter\u00e9s de quien escucha y otras no?<\/p>\n<p>Esto es porque hay personas que estructuran mejor sus historias que otras, que ordenan la informaci\u00f3n de tal forma que al escucharla parece un verdadero cuento y se vuelve atractiv\u200ba.\u200b\u00a0S\u200bi a esto sumamos peque\u00f1as herramientas paraling\u00fc\u00edsticas como buenas inflexiones, las pausas adecuadas, y otros truquitos, ya te convertiste en el centro de atenci\u00f3n de tu audiencia\u200b.\u200b \u00bf\u200bN\u200bo ser\u00eda esto \u00fatil al momento de ense\u00f1ar a los ni\u00f1os\u200b?\u200b \u00bfNo nos ayudar\u00eda a hablar de\u00a0tem\u00e1ticas m\u00e1s complejas o menos cotidianas \u200bpara los ni\u00f1os \u200bcomo la ciencia\u200b\u200b?<\/p>\n<p>Esto es lo que aprendimos en la jornada del 17 de marzo en el Taller \u201cDivulgaci\u00f3n cient\u00edfica a trav\u00e9s del cuento\u201d instancia que fue parte \u00a0del seminario de divulgaci\u00f3n cient\u00edfica: \u201cLa ciencia se comparte\u201d del PAR Explora \u00d1uble\u200b, \u200bque se realiz\u00f3 entre\u200b el\u200b 16 y el 18 de marzo v\u00eda online.<\/p>\n<p>En este taller aprendrimos la importancia de una buena y atractiva narraci\u00f3n al momento de entregar conocimientos,\u200b entregamos herramientas\u200b para estructurar un cuento \u200by \u200bsazonarlo\u200b \u200b\u200bpara usar este recurso ya conocido por los ni\u00f1os como una herramienta para llevarlos a la ciencia de forma atractiva.<\/p>\n<p>&nbsp;<\/p>\n","protected":false},"excerpt":{"rendered":"<p>Escrito por Carolina Bravo Contreras Actriz, cuentista, dramaturga y directora teatral. Cuenteros Chile \/ Peripecia Producciones A lo largo de nuestra vida la narraci\u00f3n tiene un rol importante, es la forma en la que comenzamos a\u200b entender\u00a0el mundo, le damos nombre a las cosas, \u200bcomprendemos \u200blos fen\u00f3menos. A\u00a0trav\u00e9s de los relatos de nuestr\u200ba\u200bs \u200babuelas\u200b y\u00a0\u00a0abuelos [&hellip;]<\/p>\n","protected":false},"author":25,"featured_media":34874,"comment_status":"open","ping_status":"open","sticky":false,"template":"","format":"standard","meta":{"_acf_changed":false,"_exactmetrics_skip_tracking":false,"_exactmetrics_sitenote_active":false,"_exactmetrics_sitenote_note":"","_exactmetrics_sitenote_category":0,"footnotes":"","_links_to":"","_links_to_target":""},"categories":[141,4],"tags":[232],"class_list":["post-34873","post","type-post","status-publish","format-standard","has-post-thumbnail","hentry","category-lugar-6","category-noticias","tag-divulgacioncientifica-lacienciasecomparte"],"acf":[],"yoast_head":"<!-- This site is optimized with the Yoast SEO plugin v26.7 - https:\/\/yoast.com\/wordpress\/plugins\/seo\/ -->\n<title>Columna de Opini\u00f3n: &quot;Ens\u00e9\u00f1alo con un cuento: La narraci\u00f3n como herramienta de difusi\u00f3n cient\u00edfica&quot; - \u00d1uble<\/title>\n<meta name=\"robots\" content=\"index, follow, max-snippet:-1, max-image-preview:large, max-video-preview:-1\" \/>\n<link rel=\"canonical\" href=\"https:\/\/dev.explora.cl\/nuble\/columna-de-opinion-ensenalo-con-un-cuento-la-narracion-como-herramienta-de-difusion-cientifica\/\" class=\"yoast-seo-meta-tag\" \/>\n<meta property=\"og:locale\" content=\"es_ES\" class=\"yoast-seo-meta-tag\" \/>\n<meta property=\"og:type\" content=\"article\" class=\"yoast-seo-meta-tag\" \/>\n<meta property=\"og:title\" content=\"Columna de Opini\u00f3n: &quot;Ens\u00e9\u00f1alo con un cuento: La narraci\u00f3n como herramienta de difusi\u00f3n cient\u00edfica&quot; - \u00d1uble\" class=\"yoast-seo-meta-tag\" \/>\n<meta property=\"og:description\" content=\"Escrito por Carolina Bravo Contreras Actriz, cuentista, dramaturga y directora teatral. Cuenteros Chile \/ Peripecia Producciones A lo largo de nuestra vida la narraci\u00f3n tiene un rol importante, es la forma en la que comenzamos a\u200b entender\u00a0el mundo, le damos nombre a las cosas, \u200bcomprendemos \u200blos fen\u00f3menos. A\u00a0trav\u00e9s de los relatos de nuestr\u200ba\u200bs \u200babuelas\u200b y\u00a0\u00a0abuelos [&hellip;]\" class=\"yoast-seo-meta-tag\" \/>\n<meta property=\"og:url\" content=\"https:\/\/dev.explora.cl\/nuble\/columna-de-opinion-ensenalo-con-un-cuento-la-narracion-como-herramienta-de-difusion-cientifica\/\" class=\"yoast-seo-meta-tag\" \/>\n<meta property=\"og:site_name\" content=\"\u00d1uble\" class=\"yoast-seo-meta-tag\" \/>\n<meta property=\"article:published_time\" content=\"2021-03-25T12:57:07+00:00\" class=\"yoast-seo-meta-tag\" \/>\n<meta property=\"article:modified_time\" content=\"2021-03-25T12:58:55+00:00\" class=\"yoast-seo-meta-tag\" \/>\n<meta property=\"og:image\" content=\"https:\/\/dev.explora.cl\/nuble\/wp-content\/uploads\/sites\/10\/2021\/03\/Cuentacuentos-Chile-Carolina-e1616676992656.jpg\" class=\"yoast-seo-meta-tag\" \/>\n\t<meta property=\"og:image:width\" content=\"3120\" class=\"yoast-seo-meta-tag\" \/>\n\t<meta property=\"og:image:height\" content=\"4160\" class=\"yoast-seo-meta-tag\" \/>\n\t<meta property=\"og:image:type\" content=\"image\/jpeg\" class=\"yoast-seo-meta-tag\" \/>\n<meta name=\"author\" content=\"cbeltran\" class=\"yoast-seo-meta-tag\" \/>\n<meta name=\"twitter:card\" content=\"summary_large_image\" class=\"yoast-seo-meta-tag\" \/>\n<meta name=\"twitter:label1\" content=\"Escrito por\" class=\"yoast-seo-meta-tag\" \/>\n\t<meta name=\"twitter:data1\" content=\"cbeltran\" class=\"yoast-seo-meta-tag\" \/>\n\t<meta name=\"twitter:label2\" content=\"Tiempo estimado de lectura\" class=\"yoast-seo-meta-tag\" \/>\n\t<meta name=\"twitter:data2\" content=\"2 minutos\" class=\"yoast-seo-meta-tag\" \/>\n<script type=\"application\/ld+json\" class=\"yoast-schema-graph\">{\"@context\":\"https:\/\/schema.org\",\"@graph\":[{\"@type\":\"Article\",\"@id\":\"https:\/\/dev.explora.cl\/nuble\/columna-de-opinion-ensenalo-con-un-cuento-la-narracion-como-herramienta-de-difusion-cientifica\/#article\",\"isPartOf\":{\"@id\":\"https:\/\/dev.explora.cl\/nuble\/columna-de-opinion-ensenalo-con-un-cuento-la-narracion-como-herramienta-de-difusion-cientifica\/\"},\"author\":{\"name\":\"cbeltran\",\"@id\":\"https:\/\/dev.explora.cl\/nuble\/#\/schema\/person\/f611679f39b55ae7cdea76bc915b056e\"},\"headline\":\"Columna de Opini\u00f3n: &#8220;Ens\u00e9\u00f1alo con un cuento: La narraci\u00f3n como herramienta de difusi\u00f3n cient\u00edfica&#8221;\",\"datePublished\":\"2021-03-25T12:57:07+00:00\",\"dateModified\":\"2021-03-25T12:58:55+00:00\",\"mainEntityOfPage\":{\"@id\":\"https:\/\/dev.explora.cl\/nuble\/columna-de-opinion-ensenalo-con-un-cuento-la-narracion-como-herramienta-de-difusion-cientifica\/\"},\"wordCount\":362,\"commentCount\":0,\"image\":{\"@id\":\"https:\/\/dev.explora.cl\/nuble\/columna-de-opinion-ensenalo-con-un-cuento-la-narracion-como-herramienta-de-difusion-cientifica\/#primaryimage\"},\"thumbnailUrl\":\"https:\/\/dev.explora.cl\/nuble\/wp-content\/uploads\/sites\/10\/2021\/03\/Cuentacuentos-Chile-Carolina-e1616676992656.jpg\",\"keywords\":[\"#DivulgacionCient\u00edfica #LaCienciaSeComparte\"],\"articleSection\":[\"Lugar 6\",\"Noticias\"],\"inLanguage\":\"es-CL\",\"potentialAction\":[{\"@type\":\"CommentAction\",\"name\":\"Comment\",\"target\":[\"https:\/\/dev.explora.cl\/nuble\/columna-de-opinion-ensenalo-con-un-cuento-la-narracion-como-herramienta-de-difusion-cientifica\/#respond\"]}]},{\"@type\":\"WebPage\",\"@id\":\"https:\/\/dev.explora.cl\/nuble\/columna-de-opinion-ensenalo-con-un-cuento-la-narracion-como-herramienta-de-difusion-cientifica\/\",\"url\":\"https:\/\/dev.explora.cl\/nuble\/columna-de-opinion-ensenalo-con-un-cuento-la-narracion-como-herramienta-de-difusion-cientifica\/\",\"name\":\"Columna de Opini\u00f3n: \\\"Ens\u00e9\u00f1alo con un cuento: La narraci\u00f3n como herramienta de difusi\u00f3n cient\u00edfica\\\" - \u00d1uble\",\"isPartOf\":{\"@id\":\"https:\/\/dev.explora.cl\/nuble\/#website\"},\"primaryImageOfPage\":{\"@id\":\"https:\/\/dev.explora.cl\/nuble\/columna-de-opinion-ensenalo-con-un-cuento-la-narracion-como-herramienta-de-difusion-cientifica\/#primaryimage\"},\"image\":{\"@id\":\"https:\/\/dev.explora.cl\/nuble\/columna-de-opinion-ensenalo-con-un-cuento-la-narracion-como-herramienta-de-difusion-cientifica\/#primaryimage\"},\"thumbnailUrl\":\"https:\/\/dev.explora.cl\/nuble\/wp-content\/uploads\/sites\/10\/2021\/03\/Cuentacuentos-Chile-Carolina-e1616676992656.jpg\",\"datePublished\":\"2021-03-25T12:57:07+00:00\",\"dateModified\":\"2021-03-25T12:58:55+00:00\",\"author\":{\"@id\":\"https:\/\/dev.explora.cl\/nuble\/#\/schema\/person\/f611679f39b55ae7cdea76bc915b056e\"},\"breadcrumb\":{\"@id\":\"https:\/\/dev.explora.cl\/nuble\/columna-de-opinion-ensenalo-con-un-cuento-la-narracion-como-herramienta-de-difusion-cientifica\/#breadcrumb\"},\"inLanguage\":\"es-CL\",\"potentialAction\":[{\"@type\":\"ReadAction\",\"target\":[\"https:\/\/dev.explora.cl\/nuble\/columna-de-opinion-ensenalo-con-un-cuento-la-narracion-como-herramienta-de-difusion-cientifica\/\"]}]},{\"@type\":\"ImageObject\",\"inLanguage\":\"es-CL\",\"@id\":\"https:\/\/dev.explora.cl\/nuble\/columna-de-opinion-ensenalo-con-un-cuento-la-narracion-como-herramienta-de-difusion-cientifica\/#primaryimage\",\"url\":\"https:\/\/dev.explora.cl\/nuble\/wp-content\/uploads\/sites\/10\/2021\/03\/Cuentacuentos-Chile-Carolina-e1616676992656.jpg\",\"contentUrl\":\"https:\/\/dev.explora.cl\/nuble\/wp-content\/uploads\/sites\/10\/2021\/03\/Cuentacuentos-Chile-Carolina-e1616676992656.jpg\",\"width\":3120,\"height\":4160},{\"@type\":\"BreadcrumbList\",\"@id\":\"https:\/\/dev.explora.cl\/nuble\/columna-de-opinion-ensenalo-con-un-cuento-la-narracion-como-herramienta-de-difusion-cientifica\/#breadcrumb\",\"itemListElement\":[{\"@type\":\"ListItem\",\"position\":1,\"name\":\"Portada\",\"item\":\"https:\/\/dev.explora.cl\/nuble\/\"},{\"@type\":\"ListItem\",\"position\":2,\"name\":\"Columna de Opini\u00f3n: &#8220;Ens\u00e9\u00f1alo con un cuento: La narraci\u00f3n como herramienta de difusi\u00f3n cient\u00edfica&#8221;\"}]},{\"@type\":\"WebSite\",\"@id\":\"https:\/\/dev.explora.cl\/nuble\/#website\",\"url\":\"https:\/\/dev.explora.cl\/nuble\/\",\"name\":\"\u00d1uble\",\"description\":\"Otro sitio m\u00e1s de dev.explora.cl\",\"potentialAction\":[{\"@type\":\"SearchAction\",\"target\":{\"@type\":\"EntryPoint\",\"urlTemplate\":\"https:\/\/dev.explora.cl\/nuble\/?s={search_term_string}\"},\"query-input\":{\"@type\":\"PropertyValueSpecification\",\"valueRequired\":true,\"valueName\":\"search_term_string\"}}],\"inLanguage\":\"es-CL\"},{\"@type\":\"Person\",\"@id\":\"https:\/\/dev.explora.cl\/nuble\/#\/schema\/person\/f611679f39b55ae7cdea76bc915b056e\",\"name\":\"cbeltran\",\"image\":{\"@type\":\"ImageObject\",\"inLanguage\":\"es-CL\",\"@id\":\"https:\/\/dev.explora.cl\/nuble\/#\/schema\/person\/image\/\",\"url\":\"https:\/\/secure.gravatar.com\/avatar\/fde624b0b0faed85e420465a1cdb73a02c199b16b1d2d6bfe0a82b9ba438afbd?s=96&d=mm&r=g\",\"contentUrl\":\"https:\/\/secure.gravatar.com\/avatar\/fde624b0b0faed85e420465a1cdb73a02c199b16b1d2d6bfe0a82b9ba438afbd?s=96&d=mm&r=g\",\"caption\":\"cbeltran\"},\"url\":\"https:\/\/dev.explora.cl\/nuble\/author\/cbeltran\/\"}]}<\/script>\n<!-- \/ Yoast SEO plugin. -->","yoast_head_json":{"title":"Columna de Opini\u00f3n: \"Ens\u00e9\u00f1alo con un cuento: La narraci\u00f3n como herramienta de difusi\u00f3n cient\u00edfica\" - \u00d1uble","robots":{"index":"index","follow":"follow","max-snippet":"max-snippet:-1","max-image-preview":"max-image-preview:large","max-video-preview":"max-video-preview:-1"},"canonical":"https:\/\/dev.explora.cl\/nuble\/columna-de-opinion-ensenalo-con-un-cuento-la-narracion-como-herramienta-de-difusion-cientifica\/","og_locale":"es_ES","og_type":"article","og_title":"Columna de Opini\u00f3n: \"Ens\u00e9\u00f1alo con un cuento: La narraci\u00f3n como herramienta de difusi\u00f3n cient\u00edfica\" - \u00d1uble","og_description":"Escrito por Carolina Bravo Contreras Actriz, cuentista, dramaturga y directora teatral. Cuenteros Chile \/ Peripecia Producciones A lo largo de nuestra vida la narraci\u00f3n tiene un rol importante, es la forma en la que comenzamos a\u200b entender\u00a0el mundo, le damos nombre a las cosas, \u200bcomprendemos \u200blos fen\u00f3menos. A\u00a0trav\u00e9s de los relatos de nuestr\u200ba\u200bs \u200babuelas\u200b y\u00a0\u00a0abuelos [&hellip;]","og_url":"https:\/\/dev.explora.cl\/nuble\/columna-de-opinion-ensenalo-con-un-cuento-la-narracion-como-herramienta-de-difusion-cientifica\/","og_site_name":"\u00d1uble","article_published_time":"2021-03-25T12:57:07+00:00","article_modified_time":"2021-03-25T12:58:55+00:00","og_image":[{"width":3120,"height":4160,"url":"https:\/\/dev.explora.cl\/nuble\/wp-content\/uploads\/sites\/10\/2021\/03\/Cuentacuentos-Chile-Carolina-e1616676992656.jpg","type":"image\/jpeg"}],"author":"cbeltran","twitter_card":"summary_large_image","twitter_misc":{"Escrito por":"cbeltran","Tiempo estimado de lectura":"2 minutos"},"schema":{"@context":"https:\/\/schema.org","@graph":[{"@type":"Article","@id":"https:\/\/dev.explora.cl\/nuble\/columna-de-opinion-ensenalo-con-un-cuento-la-narracion-como-herramienta-de-difusion-cientifica\/#article","isPartOf":{"@id":"https:\/\/dev.explora.cl\/nuble\/columna-de-opinion-ensenalo-con-un-cuento-la-narracion-como-herramienta-de-difusion-cientifica\/"},"author":{"name":"cbeltran","@id":"https:\/\/dev.explora.cl\/nuble\/#\/schema\/person\/f611679f39b55ae7cdea76bc915b056e"},"headline":"Columna de Opini\u00f3n: &#8220;Ens\u00e9\u00f1alo con un cuento: La narraci\u00f3n como herramienta de difusi\u00f3n cient\u00edfica&#8221;","datePublished":"2021-03-25T12:57:07+00:00","dateModified":"2021-03-25T12:58:55+00:00","mainEntityOfPage":{"@id":"https:\/\/dev.explora.cl\/nuble\/columna-de-opinion-ensenalo-con-un-cuento-la-narracion-como-herramienta-de-difusion-cientifica\/"},"wordCount":362,"commentCount":0,"image":{"@id":"https:\/\/dev.explora.cl\/nuble\/columna-de-opinion-ensenalo-con-un-cuento-la-narracion-como-herramienta-de-difusion-cientifica\/#primaryimage"},"thumbnailUrl":"https:\/\/dev.explora.cl\/nuble\/wp-content\/uploads\/sites\/10\/2021\/03\/Cuentacuentos-Chile-Carolina-e1616676992656.jpg","keywords":["#DivulgacionCient\u00edfica #LaCienciaSeComparte"],"articleSection":["Lugar 6","Noticias"],"inLanguage":"es-CL","potentialAction":[{"@type":"CommentAction","name":"Comment","target":["https:\/\/dev.explora.cl\/nuble\/columna-de-opinion-ensenalo-con-un-cuento-la-narracion-como-herramienta-de-difusion-cientifica\/#respond"]}]},{"@type":"WebPage","@id":"https:\/\/dev.explora.cl\/nuble\/columna-de-opinion-ensenalo-con-un-cuento-la-narracion-como-herramienta-de-difusion-cientifica\/","url":"https:\/\/dev.explora.cl\/nuble\/columna-de-opinion-ensenalo-con-un-cuento-la-narracion-como-herramienta-de-difusion-cientifica\/","name":"Columna de Opini\u00f3n: \"Ens\u00e9\u00f1alo con un cuento: La narraci\u00f3n como herramienta de difusi\u00f3n cient\u00edfica\" - \u00d1uble","isPartOf":{"@id":"https:\/\/dev.explora.cl\/nuble\/#website"},"primaryImageOfPage":{"@id":"https:\/\/dev.explora.cl\/nuble\/columna-de-opinion-ensenalo-con-un-cuento-la-narracion-como-herramienta-de-difusion-cientifica\/#primaryimage"},"image":{"@id":"https:\/\/dev.explora.cl\/nuble\/columna-de-opinion-ensenalo-con-un-cuento-la-narracion-como-herramienta-de-difusion-cientifica\/#primaryimage"},"thumbnailUrl":"https:\/\/dev.explora.cl\/nuble\/wp-content\/uploads\/sites\/10\/2021\/03\/Cuentacuentos-Chile-Carolina-e1616676992656.jpg","datePublished":"2021-03-25T12:57:07+00:00","dateModified":"2021-03-25T12:58:55+00:00","author":{"@id":"https:\/\/dev.explora.cl\/nuble\/#\/schema\/person\/f611679f39b55ae7cdea76bc915b056e"},"breadcrumb":{"@id":"https:\/\/dev.explora.cl\/nuble\/columna-de-opinion-ensenalo-con-un-cuento-la-narracion-como-herramienta-de-difusion-cientifica\/#breadcrumb"},"inLanguage":"es-CL","potentialAction":[{"@type":"ReadAction","target":["https:\/\/dev.explora.cl\/nuble\/columna-de-opinion-ensenalo-con-un-cuento-la-narracion-como-herramienta-de-difusion-cientifica\/"]}]},{"@type":"ImageObject","inLanguage":"es-CL","@id":"https:\/\/dev.explora.cl\/nuble\/columna-de-opinion-ensenalo-con-un-cuento-la-narracion-como-herramienta-de-difusion-cientifica\/#primaryimage","url":"https:\/\/dev.explora.cl\/nuble\/wp-content\/uploads\/sites\/10\/2021\/03\/Cuentacuentos-Chile-Carolina-e1616676992656.jpg","contentUrl":"https:\/\/dev.explora.cl\/nuble\/wp-content\/uploads\/sites\/10\/2021\/03\/Cuentacuentos-Chile-Carolina-e1616676992656.jpg","width":3120,"height":4160},{"@type":"BreadcrumbList","@id":"https:\/\/dev.explora.cl\/nuble\/columna-de-opinion-ensenalo-con-un-cuento-la-narracion-como-herramienta-de-difusion-cientifica\/#breadcrumb","itemListElement":[{"@type":"ListItem","position":1,"name":"Portada","item":"https:\/\/dev.explora.cl\/nuble\/"},{"@type":"ListItem","position":2,"name":"Columna de Opini\u00f3n: &#8220;Ens\u00e9\u00f1alo con un cuento: La narraci\u00f3n como herramienta de difusi\u00f3n cient\u00edfica&#8221;"}]},{"@type":"WebSite","@id":"https:\/\/dev.explora.cl\/nuble\/#website","url":"https:\/\/dev.explora.cl\/nuble\/","name":"\u00d1uble","description":"Otro sitio m\u00e1s de dev.explora.cl","potentialAction":[{"@type":"SearchAction","target":{"@type":"EntryPoint","urlTemplate":"https:\/\/dev.explora.cl\/nuble\/?s={search_term_string}"},"query-input":{"@type":"PropertyValueSpecification","valueRequired":true,"valueName":"search_term_string"}}],"inLanguage":"es-CL"},{"@type":"Person","@id":"https:\/\/dev.explora.cl\/nuble\/#\/schema\/person\/f611679f39b55ae7cdea76bc915b056e","name":"cbeltran","image":{"@type":"ImageObject","inLanguage":"es-CL","@id":"https:\/\/dev.explora.cl\/nuble\/#\/schema\/person\/image\/","url":"https:\/\/secure.gravatar.com\/avatar\/fde624b0b0faed85e420465a1cdb73a02c199b16b1d2d6bfe0a82b9ba438afbd?s=96&d=mm&r=g","contentUrl":"https:\/\/secure.gravatar.com\/avatar\/fde624b0b0faed85e420465a1cdb73a02c199b16b1d2d6bfe0a82b9ba438afbd?s=96&d=mm&r=g","caption":"cbeltran"},"url":"https:\/\/dev.explora.cl\/nuble\/author\/cbeltran\/"}]}},"_links":{"self":[{"href":"https:\/\/dev.explora.cl\/nuble\/wp-json\/wp\/v2\/posts\/34873","targetHints":{"allow":["GET"]}}],"collection":[{"href":"https:\/\/dev.explora.cl\/nuble\/wp-json\/wp\/v2\/posts"}],"about":[{"href":"https:\/\/dev.explora.cl\/nuble\/wp-json\/wp\/v2\/types\/post"}],"author":[{"embeddable":true,"href":"https:\/\/dev.explora.cl\/nuble\/wp-json\/wp\/v2\/users\/25"}],"replies":[{"embeddable":true,"href":"https:\/\/dev.explora.cl\/nuble\/wp-json\/wp\/v2\/comments?post=34873"}],"version-history":[{"count":1,"href":"https:\/\/dev.explora.cl\/nuble\/wp-json\/wp\/v2\/posts\/34873\/revisions"}],"predecessor-version":[{"id":34875,"href":"https:\/\/dev.explora.cl\/nuble\/wp-json\/wp\/v2\/posts\/34873\/revisions\/34875"}],"wp:featuredmedia":[{"embeddable":true,"href":"https:\/\/dev.explora.cl\/nuble\/wp-json\/wp\/v2\/media\/34874"}],"wp:attachment":[{"href":"https:\/\/dev.explora.cl\/nuble\/wp-json\/wp\/v2\/media?parent=34873"}],"wp:term":[{"taxonomy":"category","embeddable":true,"href":"https:\/\/dev.explora.cl\/nuble\/wp-json\/wp\/v2\/categories?post=34873"},{"taxonomy":"post_tag","embeddable":true,"href":"https:\/\/dev.explora.cl\/nuble\/wp-json\/wp\/v2\/tags?post=34873"}],"curies":[{"name":"wp","href":"https:\/\/api.w.org\/{rel}","templated":true}]}}