{"id":34826,"date":"2021-02-23T11:31:06","date_gmt":"2021-02-23T14:31:06","guid":{"rendered":"https:\/\/dev.explora.cl\/nuble\/?p=34826"},"modified":"2021-02-23T17:28:15","modified_gmt":"2021-02-23T20:28:15","slug":"convocatoria-vive-la-ciencia-en-nuble","status":"publish","type":"post","link":"https:\/\/dev.explora.cl\/nuble\/convocatoria-vive-la-ciencia-en-nuble\/","title":{"rendered":"Te invitamos a participar de los talleres cient\u00edficos \u201cVive la ciencia en \u00d1uble\u201d dirigido a ni\u00f1os, ni\u00f1as y adolescentes"},"content":{"rendered":"<p>\u00a1Atenci\u00f3n comunidad de Punilla, Itata y Diguill\u00edn! Te invitamos a participar de los talleres online\u00a0 \u201cVive la ciencia en \u00d1uble\u201d dirigido a los ni\u00f1os, ni\u00f1as y adolescentes de las 21 comunas de la Regi\u00f3n de \u00d1uble.<\/p>\n<p>Si eres pap\u00e1, mam\u00e1 y\/o tutor de un ni\u00f1o, ni\u00f1a o adolescente de primero a octavo a\u00f1o de Educaci\u00f3n B\u00e1sica de la Regi\u00f3n de \u00d1uble, te instamos a desarrollar sus competencias cient\u00edficas como actuar con curiosidad y buscar alternativas de soluci\u00f3n junto a Explora \u00d1uble.<\/p>\n<p>Recibir\u00e1s un kit de materiales para resolver divertidos desaf\u00edos planteados por cient\u00edficos y cient\u00edficas de la regi\u00f3n.<\/p>\n<p>Dirigido a :<\/p>\n<ul>\n<li>Ni\u00f1os, ni\u00f1as y adolescentes, entre primero y octavo a\u00f1o de Educaci\u00f3n B\u00e1sica de la Regi\u00f3n de \u00d1uble.<\/li>\n<\/ul>\n<p>Requisitos:<\/p>\n<ul>\n<li>El responsable del ni\u00f1o, ni\u00f1a y\/o adolescente debe completar el formulario de inscripci\u00f3n.<\/li>\n<li>Adjuntar la cesi\u00f3n de derecho de imagen en el formulario.<\/li>\n<\/ul>\n<p>El programa incluye:<\/p>\n<ul>\n<li>Talleres cient\u00edficos online, los que se realizar\u00e1n el 10, 11 y 12 de marzo.<\/li>\n<li>Un kit de materiales para la realizaci\u00f3n de actividades.<\/li>\n<li>Certificado de participaci\u00f3n del programa.<\/li>\n<\/ul>\n<h3>Formulario de inscripci\u00f3n <a href=\"https:\/\/forms.gle\/zMyJ8y23mLKTZmJs7\">AQU\u00cd\u00a0<\/a><\/h3>\n<h4>IMPORTANTE:<\/h4>\n<p>-La cesi\u00f3n de derecho de imagen es obligatoria para la inscripci\u00f3n. <a href=\"https:\/\/drive.google.com\/file\/d\/1fjFyiLXBR1iMW3f3D7cC8bE3-8PbRUXb\/view?usp=sharing\">DESCARGUE FORMATO AQU\u00cd\u00a0<\/a> Es importante imprimir, firmar y luego adjuntar.\u00a0 No se considerar\u00e1n v\u00e1lidas las inscripciones que no cuenten con este documento.<br \/>\n-Las notificaciones de la inscripciones aceptadas se realizar\u00e1n desde el 8 de marzo de 2021<\/p>\n<h3>Iniciativa gratuita. Comenta, comparte y juntos construyamos una cultura cient\u00edfica en \u00d1uble.<\/h3>\n","protected":false},"excerpt":{"rendered":"<p>\u00a1Atenci\u00f3n comunidad de Punilla, Itata y Diguill\u00edn! Te invitamos a participar de los talleres online\u00a0 \u201cVive la ciencia en \u00d1uble\u201d dirigido a los ni\u00f1os, ni\u00f1as y adolescentes de las 21 comunas de la Regi\u00f3n de \u00d1uble. Si eres pap\u00e1, mam\u00e1 y\/o tutor de un ni\u00f1o, ni\u00f1a o adolescente de primero a octavo a\u00f1o de Educaci\u00f3n [&hellip;]<\/p>\n","protected":false},"author":25,"featured_media":34827,"comment_status":"open","ping_status":"open","sticky":false,"template":"","format":"standard","meta":{"_acf_changed":false,"_exactmetrics_skip_tracking":false,"_exactmetrics_sitenote_active":false,"_exactmetrics_sitenote_note":"","_exactmetrics_sitenote_category":0,"footnotes":"","_links_to":"","_links_to_target":""},"categories":[151,137],"tags":[227],"class_list":["post-34826","post","type-post","status-publish","format-standard","has-post-thumbnail","hentry","category-banner","category-lugar-2","tag-talleresdeciencia-ninos-ninas-cienciadivertidad-talleresgratuitos"],"acf":[],"yoast_head":"<!-- This site is optimized with the Yoast SEO plugin v26.7 - https:\/\/yoast.com\/wordpress\/plugins\/seo\/ -->\n<title>Te invitamos a participar de los talleres cient\u00edficos \u201cVive la ciencia en \u00d1uble\u201d dirigido a ni\u00f1os, ni\u00f1as y adolescentes - \u00d1uble<\/title>\n<meta name=\"robots\" content=\"index, follow, max-snippet:-1, max-image-preview:large, max-video-preview:-1\" \/>\n<link rel=\"canonical\" href=\"https:\/\/dev.explora.cl\/nuble\/convocatoria-vive-la-ciencia-en-nuble\/\" class=\"yoast-seo-meta-tag\" \/>\n<meta property=\"og:locale\" content=\"es_ES\" class=\"yoast-seo-meta-tag\" \/>\n<meta property=\"og:type\" content=\"article\" class=\"yoast-seo-meta-tag\" \/>\n<meta property=\"og:title\" content=\"Te invitamos a participar de los talleres cient\u00edficos \u201cVive la ciencia en \u00d1uble\u201d dirigido a ni\u00f1os, ni\u00f1as y adolescentes - \u00d1uble\" class=\"yoast-seo-meta-tag\" \/>\n<meta property=\"og:description\" content=\"\u00a1Atenci\u00f3n comunidad de Punilla, Itata y Diguill\u00edn! Te invitamos a participar de los talleres online\u00a0 \u201cVive la ciencia en \u00d1uble\u201d dirigido a los ni\u00f1os, ni\u00f1as y adolescentes de las 21 comunas de la Regi\u00f3n de \u00d1uble. Si eres pap\u00e1, mam\u00e1 y\/o tutor de un ni\u00f1o, ni\u00f1a o adolescente de primero a octavo a\u00f1o de Educaci\u00f3n [&hellip;]\" class=\"yoast-seo-meta-tag\" \/>\n<meta property=\"og:url\" content=\"https:\/\/dev.explora.cl\/nuble\/convocatoria-vive-la-ciencia-en-nuble\/\" class=\"yoast-seo-meta-tag\" \/>\n<meta property=\"og:site_name\" content=\"\u00d1uble\" class=\"yoast-seo-meta-tag\" \/>\n<meta property=\"article:published_time\" content=\"2021-02-23T14:31:06+00:00\" class=\"yoast-seo-meta-tag\" \/>\n<meta property=\"article:modified_time\" content=\"2021-02-23T20:28:15+00:00\" class=\"yoast-seo-meta-tag\" \/>\n<meta property=\"og:image\" content=\"https:\/\/dev.explora.cl\/nuble\/wp-content\/uploads\/sites\/10\/2021\/02\/banner_web_TALLER_ONLINE-81.jpg\" class=\"yoast-seo-meta-tag\" \/>\n\t<meta property=\"og:image:width\" content=\"1534\" class=\"yoast-seo-meta-tag\" \/>\n\t<meta property=\"og:image:height\" content=\"876\" class=\"yoast-seo-meta-tag\" \/>\n\t<meta property=\"og:image:type\" content=\"image\/jpeg\" class=\"yoast-seo-meta-tag\" \/>\n<meta name=\"author\" content=\"cbeltran\" class=\"yoast-seo-meta-tag\" \/>\n<meta name=\"twitter:card\" content=\"summary_large_image\" class=\"yoast-seo-meta-tag\" \/>\n<meta name=\"twitter:label1\" content=\"Escrito por\" class=\"yoast-seo-meta-tag\" \/>\n\t<meta name=\"twitter:data1\" content=\"cbeltran\" class=\"yoast-seo-meta-tag\" \/>\n\t<meta name=\"twitter:label2\" content=\"Tiempo estimado de lectura\" class=\"yoast-seo-meta-tag\" \/>\n\t<meta name=\"twitter:data2\" content=\"1 minuto\" class=\"yoast-seo-meta-tag\" \/>\n<script type=\"application\/ld+json\" class=\"yoast-schema-graph\">{\"@context\":\"https:\/\/schema.org\",\"@graph\":[{\"@type\":\"Article\",\"@id\":\"https:\/\/dev.explora.cl\/nuble\/convocatoria-vive-la-ciencia-en-nuble\/#article\",\"isPartOf\":{\"@id\":\"https:\/\/dev.explora.cl\/nuble\/convocatoria-vive-la-ciencia-en-nuble\/\"},\"author\":{\"name\":\"cbeltran\",\"@id\":\"https:\/\/dev.explora.cl\/nuble\/#\/schema\/person\/f611679f39b55ae7cdea76bc915b056e\"},\"headline\":\"Te invitamos a participar de los talleres cient\u00edficos \u201cVive la ciencia en \u00d1uble\u201d dirigido a ni\u00f1os, ni\u00f1as y adolescentes\",\"datePublished\":\"2021-02-23T14:31:06+00:00\",\"dateModified\":\"2021-02-23T20:28:15+00:00\",\"mainEntityOfPage\":{\"@id\":\"https:\/\/dev.explora.cl\/nuble\/convocatoria-vive-la-ciencia-en-nuble\/\"},\"wordCount\":294,\"commentCount\":0,\"image\":{\"@id\":\"https:\/\/dev.explora.cl\/nuble\/convocatoria-vive-la-ciencia-en-nuble\/#primaryimage\"},\"thumbnailUrl\":\"https:\/\/dev.explora.cl\/nuble\/wp-content\/uploads\/sites\/10\/2021\/02\/banner_web_TALLER_ONLINE-81.jpg\",\"keywords\":[\"#TalleresDeCiencia #Ni\u00f1os #Ni\u00f1as #CienciaDivertidad #TalleresGratuitos\"],\"articleSection\":[\"Banner\",\"Lugar 2\"],\"inLanguage\":\"es-CL\",\"potentialAction\":[{\"@type\":\"CommentAction\",\"name\":\"Comment\",\"target\":[\"https:\/\/dev.explora.cl\/nuble\/convocatoria-vive-la-ciencia-en-nuble\/#respond\"]}]},{\"@type\":\"WebPage\",\"@id\":\"https:\/\/dev.explora.cl\/nuble\/convocatoria-vive-la-ciencia-en-nuble\/\",\"url\":\"https:\/\/dev.explora.cl\/nuble\/convocatoria-vive-la-ciencia-en-nuble\/\",\"name\":\"Te invitamos a participar de los talleres cient\u00edficos \u201cVive la ciencia en \u00d1uble\u201d dirigido a ni\u00f1os, ni\u00f1as y adolescentes - \u00d1uble\",\"isPartOf\":{\"@id\":\"https:\/\/dev.explora.cl\/nuble\/#website\"},\"primaryImageOfPage\":{\"@id\":\"https:\/\/dev.explora.cl\/nuble\/convocatoria-vive-la-ciencia-en-nuble\/#primaryimage\"},\"image\":{\"@id\":\"https:\/\/dev.explora.cl\/nuble\/convocatoria-vive-la-ciencia-en-nuble\/#primaryimage\"},\"thumbnailUrl\":\"https:\/\/dev.explora.cl\/nuble\/wp-content\/uploads\/sites\/10\/2021\/02\/banner_web_TALLER_ONLINE-81.jpg\",\"datePublished\":\"2021-02-23T14:31:06+00:00\",\"dateModified\":\"2021-02-23T20:28:15+00:00\",\"author\":{\"@id\":\"https:\/\/dev.explora.cl\/nuble\/#\/schema\/person\/f611679f39b55ae7cdea76bc915b056e\"},\"breadcrumb\":{\"@id\":\"https:\/\/dev.explora.cl\/nuble\/convocatoria-vive-la-ciencia-en-nuble\/#breadcrumb\"},\"inLanguage\":\"es-CL\",\"potentialAction\":[{\"@type\":\"ReadAction\",\"target\":[\"https:\/\/dev.explora.cl\/nuble\/convocatoria-vive-la-ciencia-en-nuble\/\"]}]},{\"@type\":\"ImageObject\",\"inLanguage\":\"es-CL\",\"@id\":\"https:\/\/dev.explora.cl\/nuble\/convocatoria-vive-la-ciencia-en-nuble\/#primaryimage\",\"url\":\"https:\/\/dev.explora.cl\/nuble\/wp-content\/uploads\/sites\/10\/2021\/02\/banner_web_TALLER_ONLINE-81.jpg\",\"contentUrl\":\"https:\/\/dev.explora.cl\/nuble\/wp-content\/uploads\/sites\/10\/2021\/02\/banner_web_TALLER_ONLINE-81.jpg\",\"width\":1534,\"height\":876},{\"@type\":\"BreadcrumbList\",\"@id\":\"https:\/\/dev.explora.cl\/nuble\/convocatoria-vive-la-ciencia-en-nuble\/#breadcrumb\",\"itemListElement\":[{\"@type\":\"ListItem\",\"position\":1,\"name\":\"Portada\",\"item\":\"https:\/\/dev.explora.cl\/nuble\/\"},{\"@type\":\"ListItem\",\"position\":2,\"name\":\"Te invitamos a participar de los talleres cient\u00edficos \u201cVive la ciencia en \u00d1uble\u201d dirigido a ni\u00f1os, ni\u00f1as y adolescentes\"}]},{\"@type\":\"WebSite\",\"@id\":\"https:\/\/dev.explora.cl\/nuble\/#website\",\"url\":\"https:\/\/dev.explora.cl\/nuble\/\",\"name\":\"\u00d1uble\",\"description\":\"Otro sitio m\u00e1s de dev.explora.cl\",\"potentialAction\":[{\"@type\":\"SearchAction\",\"target\":{\"@type\":\"EntryPoint\",\"urlTemplate\":\"https:\/\/dev.explora.cl\/nuble\/?s={search_term_string}\"},\"query-input\":{\"@type\":\"PropertyValueSpecification\",\"valueRequired\":true,\"valueName\":\"search_term_string\"}}],\"inLanguage\":\"es-CL\"},{\"@type\":\"Person\",\"@id\":\"https:\/\/dev.explora.cl\/nuble\/#\/schema\/person\/f611679f39b55ae7cdea76bc915b056e\",\"name\":\"cbeltran\",\"image\":{\"@type\":\"ImageObject\",\"inLanguage\":\"es-CL\",\"@id\":\"https:\/\/dev.explora.cl\/nuble\/#\/schema\/person\/image\/\",\"url\":\"https:\/\/secure.gravatar.com\/avatar\/fde624b0b0faed85e420465a1cdb73a02c199b16b1d2d6bfe0a82b9ba438afbd?s=96&d=mm&r=g\",\"contentUrl\":\"https:\/\/secure.gravatar.com\/avatar\/fde624b0b0faed85e420465a1cdb73a02c199b16b1d2d6bfe0a82b9ba438afbd?s=96&d=mm&r=g\",\"caption\":\"cbeltran\"},\"url\":\"https:\/\/dev.explora.cl\/nuble\/author\/cbeltran\/\"}]}<\/script>\n<!-- \/ Yoast SEO plugin. -->","yoast_head_json":{"title":"Te invitamos a participar de los talleres cient\u00edficos \u201cVive la ciencia en \u00d1uble\u201d dirigido a ni\u00f1os, ni\u00f1as y adolescentes - \u00d1uble","robots":{"index":"index","follow":"follow","max-snippet":"max-snippet:-1","max-image-preview":"max-image-preview:large","max-video-preview":"max-video-preview:-1"},"canonical":"https:\/\/dev.explora.cl\/nuble\/convocatoria-vive-la-ciencia-en-nuble\/","og_locale":"es_ES","og_type":"article","og_title":"Te invitamos a participar de los talleres cient\u00edficos \u201cVive la ciencia en \u00d1uble\u201d dirigido a ni\u00f1os, ni\u00f1as y adolescentes - \u00d1uble","og_description":"\u00a1Atenci\u00f3n comunidad de Punilla, Itata y Diguill\u00edn! Te invitamos a participar de los talleres online\u00a0 \u201cVive la ciencia en \u00d1uble\u201d dirigido a los ni\u00f1os, ni\u00f1as y adolescentes de las 21 comunas de la Regi\u00f3n de \u00d1uble. Si eres pap\u00e1, mam\u00e1 y\/o tutor de un ni\u00f1o, ni\u00f1a o adolescente de primero a octavo a\u00f1o de Educaci\u00f3n [&hellip;]","og_url":"https:\/\/dev.explora.cl\/nuble\/convocatoria-vive-la-ciencia-en-nuble\/","og_site_name":"\u00d1uble","article_published_time":"2021-02-23T14:31:06+00:00","article_modified_time":"2021-02-23T20:28:15+00:00","og_image":[{"width":1534,"height":876,"url":"https:\/\/dev.explora.cl\/nuble\/wp-content\/uploads\/sites\/10\/2021\/02\/banner_web_TALLER_ONLINE-81.jpg","type":"image\/jpeg"}],"author":"cbeltran","twitter_card":"summary_large_image","twitter_misc":{"Escrito por":"cbeltran","Tiempo estimado de lectura":"1 minuto"},"schema":{"@context":"https:\/\/schema.org","@graph":[{"@type":"Article","@id":"https:\/\/dev.explora.cl\/nuble\/convocatoria-vive-la-ciencia-en-nuble\/#article","isPartOf":{"@id":"https:\/\/dev.explora.cl\/nuble\/convocatoria-vive-la-ciencia-en-nuble\/"},"author":{"name":"cbeltran","@id":"https:\/\/dev.explora.cl\/nuble\/#\/schema\/person\/f611679f39b55ae7cdea76bc915b056e"},"headline":"Te invitamos a participar de los talleres cient\u00edficos \u201cVive la ciencia en \u00d1uble\u201d dirigido a ni\u00f1os, ni\u00f1as y adolescentes","datePublished":"2021-02-23T14:31:06+00:00","dateModified":"2021-02-23T20:28:15+00:00","mainEntityOfPage":{"@id":"https:\/\/dev.explora.cl\/nuble\/convocatoria-vive-la-ciencia-en-nuble\/"},"wordCount":294,"commentCount":0,"image":{"@id":"https:\/\/dev.explora.cl\/nuble\/convocatoria-vive-la-ciencia-en-nuble\/#primaryimage"},"thumbnailUrl":"https:\/\/dev.explora.cl\/nuble\/wp-content\/uploads\/sites\/10\/2021\/02\/banner_web_TALLER_ONLINE-81.jpg","keywords":["#TalleresDeCiencia #Ni\u00f1os #Ni\u00f1as #CienciaDivertidad #TalleresGratuitos"],"articleSection":["Banner","Lugar 2"],"inLanguage":"es-CL","potentialAction":[{"@type":"CommentAction","name":"Comment","target":["https:\/\/dev.explora.cl\/nuble\/convocatoria-vive-la-ciencia-en-nuble\/#respond"]}]},{"@type":"WebPage","@id":"https:\/\/dev.explora.cl\/nuble\/convocatoria-vive-la-ciencia-en-nuble\/","url":"https:\/\/dev.explora.cl\/nuble\/convocatoria-vive-la-ciencia-en-nuble\/","name":"Te invitamos a participar de los talleres cient\u00edficos \u201cVive la ciencia en \u00d1uble\u201d dirigido a ni\u00f1os, ni\u00f1as y adolescentes - \u00d1uble","isPartOf":{"@id":"https:\/\/dev.explora.cl\/nuble\/#website"},"primaryImageOfPage":{"@id":"https:\/\/dev.explora.cl\/nuble\/convocatoria-vive-la-ciencia-en-nuble\/#primaryimage"},"image":{"@id":"https:\/\/dev.explora.cl\/nuble\/convocatoria-vive-la-ciencia-en-nuble\/#primaryimage"},"thumbnailUrl":"https:\/\/dev.explora.cl\/nuble\/wp-content\/uploads\/sites\/10\/2021\/02\/banner_web_TALLER_ONLINE-81.jpg","datePublished":"2021-02-23T14:31:06+00:00","dateModified":"2021-02-23T20:28:15+00:00","author":{"@id":"https:\/\/dev.explora.cl\/nuble\/#\/schema\/person\/f611679f39b55ae7cdea76bc915b056e"},"breadcrumb":{"@id":"https:\/\/dev.explora.cl\/nuble\/convocatoria-vive-la-ciencia-en-nuble\/#breadcrumb"},"inLanguage":"es-CL","potentialAction":[{"@type":"ReadAction","target":["https:\/\/dev.explora.cl\/nuble\/convocatoria-vive-la-ciencia-en-nuble\/"]}]},{"@type":"ImageObject","inLanguage":"es-CL","@id":"https:\/\/dev.explora.cl\/nuble\/convocatoria-vive-la-ciencia-en-nuble\/#primaryimage","url":"https:\/\/dev.explora.cl\/nuble\/wp-content\/uploads\/sites\/10\/2021\/02\/banner_web_TALLER_ONLINE-81.jpg","contentUrl":"https:\/\/dev.explora.cl\/nuble\/wp-content\/uploads\/sites\/10\/2021\/02\/banner_web_TALLER_ONLINE-81.jpg","width":1534,"height":876},{"@type":"BreadcrumbList","@id":"https:\/\/dev.explora.cl\/nuble\/convocatoria-vive-la-ciencia-en-nuble\/#breadcrumb","itemListElement":[{"@type":"ListItem","position":1,"name":"Portada","item":"https:\/\/dev.explora.cl\/nuble\/"},{"@type":"ListItem","position":2,"name":"Te invitamos a participar de los talleres cient\u00edficos \u201cVive la ciencia en \u00d1uble\u201d dirigido a ni\u00f1os, ni\u00f1as y adolescentes"}]},{"@type":"WebSite","@id":"https:\/\/dev.explora.cl\/nuble\/#website","url":"https:\/\/dev.explora.cl\/nuble\/","name":"\u00d1uble","description":"Otro sitio m\u00e1s de dev.explora.cl","potentialAction":[{"@type":"SearchAction","target":{"@type":"EntryPoint","urlTemplate":"https:\/\/dev.explora.cl\/nuble\/?s={search_term_string}"},"query-input":{"@type":"PropertyValueSpecification","valueRequired":true,"valueName":"search_term_string"}}],"inLanguage":"es-CL"},{"@type":"Person","@id":"https:\/\/dev.explora.cl\/nuble\/#\/schema\/person\/f611679f39b55ae7cdea76bc915b056e","name":"cbeltran","image":{"@type":"ImageObject","inLanguage":"es-CL","@id":"https:\/\/dev.explora.cl\/nuble\/#\/schema\/person\/image\/","url":"https:\/\/secure.gravatar.com\/avatar\/fde624b0b0faed85e420465a1cdb73a02c199b16b1d2d6bfe0a82b9ba438afbd?s=96&d=mm&r=g","contentUrl":"https:\/\/secure.gravatar.com\/avatar\/fde624b0b0faed85e420465a1cdb73a02c199b16b1d2d6bfe0a82b9ba438afbd?s=96&d=mm&r=g","caption":"cbeltran"},"url":"https:\/\/dev.explora.cl\/nuble\/author\/cbeltran\/"}]}},"_links":{"self":[{"href":"https:\/\/dev.explora.cl\/nuble\/wp-json\/wp\/v2\/posts\/34826","targetHints":{"allow":["GET"]}}],"collection":[{"href":"https:\/\/dev.explora.cl\/nuble\/wp-json\/wp\/v2\/posts"}],"about":[{"href":"https:\/\/dev.explora.cl\/nuble\/wp-json\/wp\/v2\/types\/post"}],"author":[{"embeddable":true,"href":"https:\/\/dev.explora.cl\/nuble\/wp-json\/wp\/v2\/users\/25"}],"replies":[{"embeddable":true,"href":"https:\/\/dev.explora.cl\/nuble\/wp-json\/wp\/v2\/comments?post=34826"}],"version-history":[{"count":8,"href":"https:\/\/dev.explora.cl\/nuble\/wp-json\/wp\/v2\/posts\/34826\/revisions"}],"predecessor-version":[{"id":34835,"href":"https:\/\/dev.explora.cl\/nuble\/wp-json\/wp\/v2\/posts\/34826\/revisions\/34835"}],"wp:featuredmedia":[{"embeddable":true,"href":"https:\/\/dev.explora.cl\/nuble\/wp-json\/wp\/v2\/media\/34827"}],"wp:attachment":[{"href":"https:\/\/dev.explora.cl\/nuble\/wp-json\/wp\/v2\/media?parent=34826"}],"wp:term":[{"taxonomy":"category","embeddable":true,"href":"https:\/\/dev.explora.cl\/nuble\/wp-json\/wp\/v2\/categories?post=34826"},{"taxonomy":"post_tag","embeddable":true,"href":"https:\/\/dev.explora.cl\/nuble\/wp-json\/wp\/v2\/tags?post=34826"}],"curies":[{"name":"wp","href":"https:\/\/api.w.org\/{rel}","templated":true}]}}