{"id":34729,"date":"2020-12-14T12:40:56","date_gmt":"2020-12-14T15:40:56","guid":{"rendered":"https:\/\/dev.explora.cl\/nuble\/?p=34729"},"modified":"2021-01-12T15:50:24","modified_gmt":"2021-01-12T18:50:24","slug":"explora-nuble-te-invita-a-conocer-los-proyectos-cientificos-del-programa-de-investigacion-e-innovacion-escolar-2","status":"publish","type":"post","link":"https:\/\/dev.explora.cl\/nuble\/explora-nuble-te-invita-a-conocer-los-proyectos-cientificos-del-programa-de-investigacion-e-innovacion-escolar-2\/","title":{"rendered":"Explora \u00d1uble te invita a conocer los proyectos cient\u00edficos del Programa de Investigaci\u00f3n e Innovaci\u00f3n Escolar"},"content":{"rendered":"<h3><em>La Universidad de Concepci\u00f3n, Campus Chill\u00e1n, y el Ministerio de Ciencia, Tecnolog\u00eda, Conocimiento e Innovaci\u00f3n, a trav\u00e9s de su programa Explora \u00d1uble, realizar\u00e1n entre el 15 y 17 de diciembre el <strong>Encuentro de Investigaci\u00f3n e Innovaci\u00f3n Escolar (IIE) 2020 \u00d1uble &#8220;Cient\u00edficos y cient\u00edficas del ma\u00f1ana&#8221; <\/strong>a trav\u00e9s de m\u00faltiples plataformas online.<\/em><\/h3>\n<p>Escrito por Cintia Beltr\u00e1n G\u00f3mez<\/p>\n<p>El programa IIE en la Regi\u00f3n de \u00d1uble comenz\u00f3 en julio en una modalidad 100% online, totalmente gratuito y cont\u00f3 con la participaci\u00f3n de estudiantes y educadores de las provincias de Punilla, Itata y Diguill\u00edn. Por medio de capacitaciones online, asesor\u00eda cient\u00edfica durante el proceso y charlas interactivas con investigadores e investigadoras nacionales e internacionales, los participantes desarrollaron proyectos de: Investigaci\u00f3n exploratoria, Investigaci\u00f3n cualitativa y cuantitativa (no experimental) en las disciplinas de ciencias naturales y exactas, ciencias sociales, artes y humanidades y Proyectos de innovaci\u00f3n tecnol\u00f3gica.<\/p>\n<p>La Dra. In\u00e9s Figueroa Cares, directora del PAR Explora \u00d1uble, coment\u00f3 que \u201cel compromiso de Explora \u00d1uble es promover la valoraci\u00f3n y divulgaci\u00f3n de las ciencias y la tecnolog\u00eda impulsando a la comunidad educativa, integrada por profesores y estudiantes, a ser los protagonistas del conocimiento utilizando todos los sentidos para observar, explorar y compartir ideas\u201d.<\/p>\n<p>\u201cSin duda fue un a\u00f1o de aprendizaje en el que todos y todas nos adaptamos a nuevo escenario digital, que permitiera generar una experiencia de aprendizaje distinta. A pesar de la pandemia y las cuarentenas parciales y totales, los estudiantes desarrollaron de muy buena manera investigaciones en ciencias naturales, ciencias sociales, tecnolog\u00eda e innovaci\u00f3n. En este sentido y para compensar de alguna manera el congreso, realizaremos este encuentro online con el prop\u00f3sito de comunicar lo aprendido, una de las competencias cient\u00edficas impulsadas por el Programa Explora\u201d, manifest\u00f3 la Dra. Figueroa.<\/p>\n<p>Durante tres d\u00edas se presentar\u00e1n 21 equipos integrados por estudiantes de Educaci\u00f3n B\u00e1sica y Media de las comunas de Chill\u00e1n, San Carlos, Quirihue, San Ignacio, Pinto, Coelemu, Bulnes, Trehuaco, San Nicol\u00e1s, R\u00e1nquil, Quill\u00f3n, El Carmen, Coihueco y Chill\u00e1n Viejo, con el prop\u00f3sito de fomentar el desarrollo de competencias cient\u00edficas para la investigaci\u00f3n e innovaci\u00f3n en la comunidad educativa, haciendo \u00e9nfasis en preguntas y necesidades que surjan desde el entorno y la vida cotidiana.<\/p>\n<p>Entre el 15 y 17 de diciembre, desde las 15 horas, la comunidad podr\u00e1 conocer estas investigaciones presentadas por los estudiantes y analizadas por cient\u00edficos y cient\u00edficas de la regi\u00f3n a trav\u00e9s de Facebook y Youtube del PAR EXPLORA NUBLE. Se contar\u00e1 con int\u00e9rprete de Lengua de Se\u00f1as Chilena. M\u00e1s informaci\u00f3n en <a href=\"https:\/\/dev.explora.cl\/nuble\">dev.explora.cl\/nuble<\/a> \u00a1El conocimiento se comparte!<\/p>\n","protected":false},"excerpt":{"rendered":"<p>La Universidad de Concepci\u00f3n, Campus Chill\u00e1n, y el Ministerio de Ciencia, Tecnolog\u00eda, Conocimiento e Innovaci\u00f3n, a trav\u00e9s de su programa Explora \u00d1uble, realizar\u00e1n entre el 15 y 17 de diciembre el Encuentro de Investigaci\u00f3n e Innovaci\u00f3n Escolar (IIE) 2020 \u00d1uble &#8220;Cient\u00edficos y cient\u00edficas del ma\u00f1ana&#8221; a trav\u00e9s de m\u00faltiples plataformas online. Escrito por Cintia Beltr\u00e1n [&hellip;]<\/p>\n","protected":false},"author":25,"featured_media":34722,"comment_status":"open","ping_status":"open","sticky":false,"template":"","format":"standard","meta":{"_acf_changed":false,"_exactmetrics_skip_tracking":false,"_exactmetrics_sitenote_active":false,"_exactmetrics_sitenote_note":"","_exactmetrics_sitenote_category":0,"footnotes":"","_links_to":"","_links_to_target":""},"categories":[151,138,1],"tags":[160],"class_list":["post-34729","post","type-post","status-publish","format-standard","has-post-thumbnail","hentry","category-banner","category-lugar-3","category-sin-categoria","tag-clubesdeinvestigacioncientificaescolar"],"acf":[],"yoast_head":"<!-- This site is optimized with the Yoast SEO plugin v26.7 - https:\/\/yoast.com\/wordpress\/plugins\/seo\/ -->\n<title>Explora \u00d1uble te invita a conocer los proyectos cient\u00edficos del Programa de Investigaci\u00f3n e Innovaci\u00f3n Escolar - \u00d1uble<\/title>\n<meta name=\"robots\" content=\"index, follow, max-snippet:-1, max-image-preview:large, max-video-preview:-1\" \/>\n<link rel=\"canonical\" href=\"https:\/\/dev.explora.cl\/nuble\/explora-nuble-te-invita-a-conocer-los-proyectos-cientificos-del-programa-de-investigacion-e-innovacion-escolar-2\/\" class=\"yoast-seo-meta-tag\" \/>\n<meta property=\"og:locale\" content=\"es_ES\" class=\"yoast-seo-meta-tag\" \/>\n<meta property=\"og:type\" content=\"article\" class=\"yoast-seo-meta-tag\" \/>\n<meta property=\"og:title\" content=\"Explora \u00d1uble te invita a conocer los proyectos cient\u00edficos del Programa de Investigaci\u00f3n e Innovaci\u00f3n Escolar - \u00d1uble\" class=\"yoast-seo-meta-tag\" \/>\n<meta property=\"og:description\" content=\"La Universidad de Concepci\u00f3n, Campus Chill\u00e1n, y el Ministerio de Ciencia, Tecnolog\u00eda, Conocimiento e Innovaci\u00f3n, a trav\u00e9s de su programa Explora \u00d1uble, realizar\u00e1n entre el 15 y 17 de diciembre el Encuentro de Investigaci\u00f3n e Innovaci\u00f3n Escolar (IIE) 2020 \u00d1uble &#8220;Cient\u00edficos y cient\u00edficas del ma\u00f1ana&#8221; a trav\u00e9s de m\u00faltiples plataformas online. Escrito por Cintia Beltr\u00e1n [&hellip;]\" class=\"yoast-seo-meta-tag\" \/>\n<meta property=\"og:url\" content=\"https:\/\/dev.explora.cl\/nuble\/explora-nuble-te-invita-a-conocer-los-proyectos-cientificos-del-programa-de-investigacion-e-innovacion-escolar-2\/\" class=\"yoast-seo-meta-tag\" \/>\n<meta property=\"og:site_name\" content=\"\u00d1uble\" class=\"yoast-seo-meta-tag\" \/>\n<meta property=\"article:published_time\" content=\"2020-12-14T15:40:56+00:00\" class=\"yoast-seo-meta-tag\" \/>\n<meta property=\"article:modified_time\" content=\"2021-01-12T18:50:24+00:00\" class=\"yoast-seo-meta-tag\" \/>\n<meta property=\"og:image\" content=\"https:\/\/dev.explora.cl\/nuble\/wp-content\/uploads\/sites\/10\/2020\/12\/banner_web_IIE_2020-67.jpg\" class=\"yoast-seo-meta-tag\" \/>\n\t<meta property=\"og:image:width\" content=\"1536\" class=\"yoast-seo-meta-tag\" \/>\n\t<meta property=\"og:image:height\" content=\"876\" class=\"yoast-seo-meta-tag\" \/>\n\t<meta property=\"og:image:type\" content=\"image\/jpeg\" class=\"yoast-seo-meta-tag\" \/>\n<meta name=\"author\" content=\"cbeltran\" class=\"yoast-seo-meta-tag\" \/>\n<meta name=\"twitter:card\" content=\"summary_large_image\" class=\"yoast-seo-meta-tag\" \/>\n<meta name=\"twitter:label1\" content=\"Escrito por\" class=\"yoast-seo-meta-tag\" \/>\n\t<meta name=\"twitter:data1\" content=\"cbeltran\" class=\"yoast-seo-meta-tag\" \/>\n\t<meta name=\"twitter:label2\" content=\"Tiempo estimado de lectura\" class=\"yoast-seo-meta-tag\" \/>\n\t<meta name=\"twitter:data2\" content=\"2 minutos\" class=\"yoast-seo-meta-tag\" \/>\n<script type=\"application\/ld+json\" class=\"yoast-schema-graph\">{\"@context\":\"https:\/\/schema.org\",\"@graph\":[{\"@type\":\"Article\",\"@id\":\"https:\/\/dev.explora.cl\/nuble\/explora-nuble-te-invita-a-conocer-los-proyectos-cientificos-del-programa-de-investigacion-e-innovacion-escolar-2\/#article\",\"isPartOf\":{\"@id\":\"https:\/\/dev.explora.cl\/nuble\/explora-nuble-te-invita-a-conocer-los-proyectos-cientificos-del-programa-de-investigacion-e-innovacion-escolar-2\/\"},\"author\":{\"name\":\"cbeltran\",\"@id\":\"https:\/\/dev.explora.cl\/nuble\/#\/schema\/person\/f611679f39b55ae7cdea76bc915b056e\"},\"headline\":\"Explora \u00d1uble te invita a conocer los proyectos cient\u00edficos del Programa de Investigaci\u00f3n e Innovaci\u00f3n Escolar\",\"datePublished\":\"2020-12-14T15:40:56+00:00\",\"dateModified\":\"2021-01-12T18:50:24+00:00\",\"mainEntityOfPage\":{\"@id\":\"https:\/\/dev.explora.cl\/nuble\/explora-nuble-te-invita-a-conocer-los-proyectos-cientificos-del-programa-de-investigacion-e-innovacion-escolar-2\/\"},\"wordCount\":485,\"commentCount\":0,\"image\":{\"@id\":\"https:\/\/dev.explora.cl\/nuble\/explora-nuble-te-invita-a-conocer-los-proyectos-cientificos-del-programa-de-investigacion-e-innovacion-escolar-2\/#primaryimage\"},\"thumbnailUrl\":\"https:\/\/dev.explora.cl\/nuble\/wp-content\/uploads\/sites\/10\/2020\/12\/banner_web_IIE_2020-67.jpg\",\"keywords\":[\"#ClubesDeInvestigaci\u00f3nCient\u00edficaEscolar\"],\"articleSection\":[\"Banner\",\"Lugar 3\"],\"inLanguage\":\"es-CL\",\"potentialAction\":[{\"@type\":\"CommentAction\",\"name\":\"Comment\",\"target\":[\"https:\/\/dev.explora.cl\/nuble\/explora-nuble-te-invita-a-conocer-los-proyectos-cientificos-del-programa-de-investigacion-e-innovacion-escolar-2\/#respond\"]}]},{\"@type\":\"WebPage\",\"@id\":\"https:\/\/dev.explora.cl\/nuble\/explora-nuble-te-invita-a-conocer-los-proyectos-cientificos-del-programa-de-investigacion-e-innovacion-escolar-2\/\",\"url\":\"https:\/\/dev.explora.cl\/nuble\/explora-nuble-te-invita-a-conocer-los-proyectos-cientificos-del-programa-de-investigacion-e-innovacion-escolar-2\/\",\"name\":\"Explora \u00d1uble te invita a conocer los proyectos cient\u00edficos del Programa de Investigaci\u00f3n e Innovaci\u00f3n Escolar - \u00d1uble\",\"isPartOf\":{\"@id\":\"https:\/\/dev.explora.cl\/nuble\/#website\"},\"primaryImageOfPage\":{\"@id\":\"https:\/\/dev.explora.cl\/nuble\/explora-nuble-te-invita-a-conocer-los-proyectos-cientificos-del-programa-de-investigacion-e-innovacion-escolar-2\/#primaryimage\"},\"image\":{\"@id\":\"https:\/\/dev.explora.cl\/nuble\/explora-nuble-te-invita-a-conocer-los-proyectos-cientificos-del-programa-de-investigacion-e-innovacion-escolar-2\/#primaryimage\"},\"thumbnailUrl\":\"https:\/\/dev.explora.cl\/nuble\/wp-content\/uploads\/sites\/10\/2020\/12\/banner_web_IIE_2020-67.jpg\",\"datePublished\":\"2020-12-14T15:40:56+00:00\",\"dateModified\":\"2021-01-12T18:50:24+00:00\",\"author\":{\"@id\":\"https:\/\/dev.explora.cl\/nuble\/#\/schema\/person\/f611679f39b55ae7cdea76bc915b056e\"},\"breadcrumb\":{\"@id\":\"https:\/\/dev.explora.cl\/nuble\/explora-nuble-te-invita-a-conocer-los-proyectos-cientificos-del-programa-de-investigacion-e-innovacion-escolar-2\/#breadcrumb\"},\"inLanguage\":\"es-CL\",\"potentialAction\":[{\"@type\":\"ReadAction\",\"target\":[\"https:\/\/dev.explora.cl\/nuble\/explora-nuble-te-invita-a-conocer-los-proyectos-cientificos-del-programa-de-investigacion-e-innovacion-escolar-2\/\"]}]},{\"@type\":\"ImageObject\",\"inLanguage\":\"es-CL\",\"@id\":\"https:\/\/dev.explora.cl\/nuble\/explora-nuble-te-invita-a-conocer-los-proyectos-cientificos-del-programa-de-investigacion-e-innovacion-escolar-2\/#primaryimage\",\"url\":\"https:\/\/dev.explora.cl\/nuble\/wp-content\/uploads\/sites\/10\/2020\/12\/banner_web_IIE_2020-67.jpg\",\"contentUrl\":\"https:\/\/dev.explora.cl\/nuble\/wp-content\/uploads\/sites\/10\/2020\/12\/banner_web_IIE_2020-67.jpg\",\"width\":1536,\"height\":876},{\"@type\":\"BreadcrumbList\",\"@id\":\"https:\/\/dev.explora.cl\/nuble\/explora-nuble-te-invita-a-conocer-los-proyectos-cientificos-del-programa-de-investigacion-e-innovacion-escolar-2\/#breadcrumb\",\"itemListElement\":[{\"@type\":\"ListItem\",\"position\":1,\"name\":\"Portada\",\"item\":\"https:\/\/dev.explora.cl\/nuble\/\"},{\"@type\":\"ListItem\",\"position\":2,\"name\":\"Explora \u00d1uble te invita a conocer los proyectos cient\u00edficos del Programa de Investigaci\u00f3n e Innovaci\u00f3n Escolar\"}]},{\"@type\":\"WebSite\",\"@id\":\"https:\/\/dev.explora.cl\/nuble\/#website\",\"url\":\"https:\/\/dev.explora.cl\/nuble\/\",\"name\":\"\u00d1uble\",\"description\":\"Otro sitio m\u00e1s de dev.explora.cl\",\"potentialAction\":[{\"@type\":\"SearchAction\",\"target\":{\"@type\":\"EntryPoint\",\"urlTemplate\":\"https:\/\/dev.explora.cl\/nuble\/?s={search_term_string}\"},\"query-input\":{\"@type\":\"PropertyValueSpecification\",\"valueRequired\":true,\"valueName\":\"search_term_string\"}}],\"inLanguage\":\"es-CL\"},{\"@type\":\"Person\",\"@id\":\"https:\/\/dev.explora.cl\/nuble\/#\/schema\/person\/f611679f39b55ae7cdea76bc915b056e\",\"name\":\"cbeltran\",\"image\":{\"@type\":\"ImageObject\",\"inLanguage\":\"es-CL\",\"@id\":\"https:\/\/dev.explora.cl\/nuble\/#\/schema\/person\/image\/\",\"url\":\"https:\/\/secure.gravatar.com\/avatar\/fde624b0b0faed85e420465a1cdb73a02c199b16b1d2d6bfe0a82b9ba438afbd?s=96&d=mm&r=g\",\"contentUrl\":\"https:\/\/secure.gravatar.com\/avatar\/fde624b0b0faed85e420465a1cdb73a02c199b16b1d2d6bfe0a82b9ba438afbd?s=96&d=mm&r=g\",\"caption\":\"cbeltran\"},\"url\":\"https:\/\/dev.explora.cl\/nuble\/author\/cbeltran\/\"}]}<\/script>\n<!-- \/ Yoast SEO plugin. -->","yoast_head_json":{"title":"Explora \u00d1uble te invita a conocer los proyectos cient\u00edficos del Programa de Investigaci\u00f3n e Innovaci\u00f3n Escolar - \u00d1uble","robots":{"index":"index","follow":"follow","max-snippet":"max-snippet:-1","max-image-preview":"max-image-preview:large","max-video-preview":"max-video-preview:-1"},"canonical":"https:\/\/dev.explora.cl\/nuble\/explora-nuble-te-invita-a-conocer-los-proyectos-cientificos-del-programa-de-investigacion-e-innovacion-escolar-2\/","og_locale":"es_ES","og_type":"article","og_title":"Explora \u00d1uble te invita a conocer los proyectos cient\u00edficos del Programa de Investigaci\u00f3n e Innovaci\u00f3n Escolar - \u00d1uble","og_description":"La Universidad de Concepci\u00f3n, Campus Chill\u00e1n, y el Ministerio de Ciencia, Tecnolog\u00eda, Conocimiento e Innovaci\u00f3n, a trav\u00e9s de su programa Explora \u00d1uble, realizar\u00e1n entre el 15 y 17 de diciembre el Encuentro de Investigaci\u00f3n e Innovaci\u00f3n Escolar (IIE) 2020 \u00d1uble &#8220;Cient\u00edficos y cient\u00edficas del ma\u00f1ana&#8221; a trav\u00e9s de m\u00faltiples plataformas online. Escrito por Cintia Beltr\u00e1n [&hellip;]","og_url":"https:\/\/dev.explora.cl\/nuble\/explora-nuble-te-invita-a-conocer-los-proyectos-cientificos-del-programa-de-investigacion-e-innovacion-escolar-2\/","og_site_name":"\u00d1uble","article_published_time":"2020-12-14T15:40:56+00:00","article_modified_time":"2021-01-12T18:50:24+00:00","og_image":[{"width":1536,"height":876,"url":"https:\/\/dev.explora.cl\/nuble\/wp-content\/uploads\/sites\/10\/2020\/12\/banner_web_IIE_2020-67.jpg","type":"image\/jpeg"}],"author":"cbeltran","twitter_card":"summary_large_image","twitter_misc":{"Escrito por":"cbeltran","Tiempo estimado de lectura":"2 minutos"},"schema":{"@context":"https:\/\/schema.org","@graph":[{"@type":"Article","@id":"https:\/\/dev.explora.cl\/nuble\/explora-nuble-te-invita-a-conocer-los-proyectos-cientificos-del-programa-de-investigacion-e-innovacion-escolar-2\/#article","isPartOf":{"@id":"https:\/\/dev.explora.cl\/nuble\/explora-nuble-te-invita-a-conocer-los-proyectos-cientificos-del-programa-de-investigacion-e-innovacion-escolar-2\/"},"author":{"name":"cbeltran","@id":"https:\/\/dev.explora.cl\/nuble\/#\/schema\/person\/f611679f39b55ae7cdea76bc915b056e"},"headline":"Explora \u00d1uble te invita a conocer los proyectos cient\u00edficos del Programa de Investigaci\u00f3n e Innovaci\u00f3n Escolar","datePublished":"2020-12-14T15:40:56+00:00","dateModified":"2021-01-12T18:50:24+00:00","mainEntityOfPage":{"@id":"https:\/\/dev.explora.cl\/nuble\/explora-nuble-te-invita-a-conocer-los-proyectos-cientificos-del-programa-de-investigacion-e-innovacion-escolar-2\/"},"wordCount":485,"commentCount":0,"image":{"@id":"https:\/\/dev.explora.cl\/nuble\/explora-nuble-te-invita-a-conocer-los-proyectos-cientificos-del-programa-de-investigacion-e-innovacion-escolar-2\/#primaryimage"},"thumbnailUrl":"https:\/\/dev.explora.cl\/nuble\/wp-content\/uploads\/sites\/10\/2020\/12\/banner_web_IIE_2020-67.jpg","keywords":["#ClubesDeInvestigaci\u00f3nCient\u00edficaEscolar"],"articleSection":["Banner","Lugar 3"],"inLanguage":"es-CL","potentialAction":[{"@type":"CommentAction","name":"Comment","target":["https:\/\/dev.explora.cl\/nuble\/explora-nuble-te-invita-a-conocer-los-proyectos-cientificos-del-programa-de-investigacion-e-innovacion-escolar-2\/#respond"]}]},{"@type":"WebPage","@id":"https:\/\/dev.explora.cl\/nuble\/explora-nuble-te-invita-a-conocer-los-proyectos-cientificos-del-programa-de-investigacion-e-innovacion-escolar-2\/","url":"https:\/\/dev.explora.cl\/nuble\/explora-nuble-te-invita-a-conocer-los-proyectos-cientificos-del-programa-de-investigacion-e-innovacion-escolar-2\/","name":"Explora \u00d1uble te invita a conocer los proyectos cient\u00edficos del Programa de Investigaci\u00f3n e Innovaci\u00f3n Escolar - \u00d1uble","isPartOf":{"@id":"https:\/\/dev.explora.cl\/nuble\/#website"},"primaryImageOfPage":{"@id":"https:\/\/dev.explora.cl\/nuble\/explora-nuble-te-invita-a-conocer-los-proyectos-cientificos-del-programa-de-investigacion-e-innovacion-escolar-2\/#primaryimage"},"image":{"@id":"https:\/\/dev.explora.cl\/nuble\/explora-nuble-te-invita-a-conocer-los-proyectos-cientificos-del-programa-de-investigacion-e-innovacion-escolar-2\/#primaryimage"},"thumbnailUrl":"https:\/\/dev.explora.cl\/nuble\/wp-content\/uploads\/sites\/10\/2020\/12\/banner_web_IIE_2020-67.jpg","datePublished":"2020-12-14T15:40:56+00:00","dateModified":"2021-01-12T18:50:24+00:00","author":{"@id":"https:\/\/dev.explora.cl\/nuble\/#\/schema\/person\/f611679f39b55ae7cdea76bc915b056e"},"breadcrumb":{"@id":"https:\/\/dev.explora.cl\/nuble\/explora-nuble-te-invita-a-conocer-los-proyectos-cientificos-del-programa-de-investigacion-e-innovacion-escolar-2\/#breadcrumb"},"inLanguage":"es-CL","potentialAction":[{"@type":"ReadAction","target":["https:\/\/dev.explora.cl\/nuble\/explora-nuble-te-invita-a-conocer-los-proyectos-cientificos-del-programa-de-investigacion-e-innovacion-escolar-2\/"]}]},{"@type":"ImageObject","inLanguage":"es-CL","@id":"https:\/\/dev.explora.cl\/nuble\/explora-nuble-te-invita-a-conocer-los-proyectos-cientificos-del-programa-de-investigacion-e-innovacion-escolar-2\/#primaryimage","url":"https:\/\/dev.explora.cl\/nuble\/wp-content\/uploads\/sites\/10\/2020\/12\/banner_web_IIE_2020-67.jpg","contentUrl":"https:\/\/dev.explora.cl\/nuble\/wp-content\/uploads\/sites\/10\/2020\/12\/banner_web_IIE_2020-67.jpg","width":1536,"height":876},{"@type":"BreadcrumbList","@id":"https:\/\/dev.explora.cl\/nuble\/explora-nuble-te-invita-a-conocer-los-proyectos-cientificos-del-programa-de-investigacion-e-innovacion-escolar-2\/#breadcrumb","itemListElement":[{"@type":"ListItem","position":1,"name":"Portada","item":"https:\/\/dev.explora.cl\/nuble\/"},{"@type":"ListItem","position":2,"name":"Explora \u00d1uble te invita a conocer los proyectos cient\u00edficos del Programa de Investigaci\u00f3n e Innovaci\u00f3n Escolar"}]},{"@type":"WebSite","@id":"https:\/\/dev.explora.cl\/nuble\/#website","url":"https:\/\/dev.explora.cl\/nuble\/","name":"\u00d1uble","description":"Otro sitio m\u00e1s de dev.explora.cl","potentialAction":[{"@type":"SearchAction","target":{"@type":"EntryPoint","urlTemplate":"https:\/\/dev.explora.cl\/nuble\/?s={search_term_string}"},"query-input":{"@type":"PropertyValueSpecification","valueRequired":true,"valueName":"search_term_string"}}],"inLanguage":"es-CL"},{"@type":"Person","@id":"https:\/\/dev.explora.cl\/nuble\/#\/schema\/person\/f611679f39b55ae7cdea76bc915b056e","name":"cbeltran","image":{"@type":"ImageObject","inLanguage":"es-CL","@id":"https:\/\/dev.explora.cl\/nuble\/#\/schema\/person\/image\/","url":"https:\/\/secure.gravatar.com\/avatar\/fde624b0b0faed85e420465a1cdb73a02c199b16b1d2d6bfe0a82b9ba438afbd?s=96&d=mm&r=g","contentUrl":"https:\/\/secure.gravatar.com\/avatar\/fde624b0b0faed85e420465a1cdb73a02c199b16b1d2d6bfe0a82b9ba438afbd?s=96&d=mm&r=g","caption":"cbeltran"},"url":"https:\/\/dev.explora.cl\/nuble\/author\/cbeltran\/"}]}},"_links":{"self":[{"href":"https:\/\/dev.explora.cl\/nuble\/wp-json\/wp\/v2\/posts\/34729","targetHints":{"allow":["GET"]}}],"collection":[{"href":"https:\/\/dev.explora.cl\/nuble\/wp-json\/wp\/v2\/posts"}],"about":[{"href":"https:\/\/dev.explora.cl\/nuble\/wp-json\/wp\/v2\/types\/post"}],"author":[{"embeddable":true,"href":"https:\/\/dev.explora.cl\/nuble\/wp-json\/wp\/v2\/users\/25"}],"replies":[{"embeddable":true,"href":"https:\/\/dev.explora.cl\/nuble\/wp-json\/wp\/v2\/comments?post=34729"}],"version-history":[{"count":4,"href":"https:\/\/dev.explora.cl\/nuble\/wp-json\/wp\/v2\/posts\/34729\/revisions"}],"predecessor-version":[{"id":34780,"href":"https:\/\/dev.explora.cl\/nuble\/wp-json\/wp\/v2\/posts\/34729\/revisions\/34780"}],"wp:featuredmedia":[{"embeddable":true,"href":"https:\/\/dev.explora.cl\/nuble\/wp-json\/wp\/v2\/media\/34722"}],"wp:attachment":[{"href":"https:\/\/dev.explora.cl\/nuble\/wp-json\/wp\/v2\/media?parent=34729"}],"wp:term":[{"taxonomy":"category","embeddable":true,"href":"https:\/\/dev.explora.cl\/nuble\/wp-json\/wp\/v2\/categories?post=34729"},{"taxonomy":"post_tag","embeddable":true,"href":"https:\/\/dev.explora.cl\/nuble\/wp-json\/wp\/v2\/tags?post=34729"}],"curies":[{"name":"wp","href":"https:\/\/api.w.org\/{rel}","templated":true}]}}