{"id":34683,"date":"2020-11-19T11:51:01","date_gmt":"2020-11-19T14:51:01","guid":{"rendered":"https:\/\/dev.explora.cl\/nuble\/?p=34683"},"modified":"2021-01-12T15:51:57","modified_gmt":"2021-01-12T18:51:57","slug":"conocimiento-emprendimiento-y-equidad-marcaron-la-pauta-de-feci-2020-nuble","status":"publish","type":"post","link":"https:\/\/dev.explora.cl\/nuble\/conocimiento-emprendimiento-y-equidad-marcaron-la-pauta-de-feci-2020-nuble\/","title":{"rendered":"Conocimiento, emprendimiento y equidad marcaron la pauta de FECI 2020 \u00d1uble"},"content":{"rendered":"<h3><em>El Festival de la Ciencia desarrollado por el Ministerio de Ciencia, Tecnolog\u00eda, Conocimiento e Innovaci\u00f3n junto al Proyecto Asociativo Regional, PAR, Explora \u00d1uble ejecutado por la Universidad de Concepci\u00f3n, Campus Chill\u00e1n, se realiz\u00f3 en modalidad virtual y cont\u00f3 con una alta participaci\u00f3n de la comunidad a trav\u00e9s de m\u00faltiples plataformas online.<\/em><\/h3>\n<p>Escrito por Cintia Beltr\u00e1n G\u00f3mez<\/p>\n<p>El festival que se efectu\u00f3 entre el 11 y 15 de noviembre, tuvo como eje central la competencia cient\u00edfica de actuar con curiosidad. Con ello este hito colectivo p\u00fablico y nacional pero descentralizado present\u00f3 una variada oferta de actividades con un sello inclusivo.<\/p>\n<p>La Dra. In\u00e9s Figueroa Cares, directora del PAR Explora \u00d1uble, expuso que \u201cFECI insta a posicionar la ciencia, la tecnolog\u00eda y la innovaci\u00f3n en el imaginario colectivo como parte de la cultura. Al mismo tiempo, busca promover la socializaci\u00f3n del conocimiento a trav\u00e9s de un enfoque transversal enmarcado en 4 dimensiones que son: inclusi\u00f3n, interculturalidad, g\u00e9nero y derecho de los ni\u00f1os, ni\u00f1as y j\u00f3venes\u201d.<\/p>\n<p>La jornada inici\u00f3 con la mesa redonda de equidad de g\u00e9nero \u201cMujeres que inspiran\u201d, para dar a conocer\u00a0 la apropiaci\u00f3n de competencias cient\u00edficas en el desarrollo personal y profesional de l\u00edderes de la regi\u00f3n del \u00e1rea cient\u00edfica, empresarial, p\u00fablica y rural, promoviendo las ciencias b\u00e1sicas, la tecnolog\u00eda, la ingenier\u00eda y las matem\u00e1ticas.<\/p>\n<h3><strong>FECI una oportunidad de encuentro entre la academia y la comunidad <\/strong><\/h3>\n<p>Durante la pandemia producto del Covid-19 que actualmente afecta al mundo entero,\u00a0 se ha dado a conocer con mayor \u00e9nfasis c\u00f3mo se construye el conocimiento en el mundo de la investigaci\u00f3n.<\/p>\n<p>En este sentido Cristi\u00e1n Espinoza Lizana, Coordinador ejecutivo de Explora \u00d1uble, comenta que \u201choy nos enteramos minuto a minuto de los \u00faltimos avances cient\u00edficos, as\u00ed como de los acuerdos y conflictos dentro de la comunidad especialista. La importancia como Explora \u00d1uble, ser el ente articulador entre la academia y la comunidad a trav\u00e9s del \u201cActuar con curiosidad\u201d, nos impulsa a seguir trabajando en facilitar el acceso al conocimiento para la construcci\u00f3n de una cultura cient\u00edfica en las 21 comunas de \u00d1uble\u201d.<\/p>\n<p>La propuesta 100% online, estuvo dividida en cinco ejes tem\u00e1ticos: Equidad de g\u00e9nero, Redes de ciencia, La ciencia emprende en \u00d1uble, La ciencia Comunica y Experimenta en familia. Las actividades quedaron alojadas en las redes sociales (Facebook, Instagram y YouTube) PAREXPLORANUBLE para ser reproducidas por la comunidad.<\/p>\n<p>Gracias a la colaboraci\u00f3n de INIA Quilamapu, CRHIAM, Universidad Adventista de Chile, Universidad del B\u00edo B\u00edo campus Chill\u00e1n, Facultad de Ingenier\u00eda Agr\u00edcola de la Universidad de Concepci\u00f3n, ProChile, CATA, Masisa S.A., Teatro Inclusivo La Cuchara, La Discusi\u00f3n, DAEM de Chill\u00e1n, Teatro Municipal de Chill\u00e1n, Mesa Regional de la Mujer Rural de \u00d1uble, SEREMI de la Mujer y equidad de G\u00e9nero y SEREMI de Desarrollo Social y Familia , los habitantes de las 21 comunas de \u00d1uble participaron de esta iniciativa totalmente gratuita.<\/p>\n<p>Te invitamos a revisar el video resumen<\/p>\n<p><iframe loading=\"lazy\" title=\"\u00a1Gracias por contribuir a la cultura cient\u00edfica! Festival de la Ciencia \u00d1uble 2020\" width=\"1180\" height=\"664\" src=\"https:\/\/www.youtube.com\/embed\/s8U4hVZNKew?feature=oembed\" frameborder=\"0\" allow=\"accelerometer; autoplay; clipboard-write; encrypted-media; gyroscope; picture-in-picture\" allowfullscreen><\/iframe><\/p>\n","protected":false},"excerpt":{"rendered":"<p>El Festival de la Ciencia desarrollado por el Ministerio de Ciencia, Tecnolog\u00eda, Conocimiento e Innovaci\u00f3n junto al Proyecto Asociativo Regional, PAR, Explora \u00d1uble ejecutado por la Universidad de Concepci\u00f3n, Campus Chill\u00e1n, se realiz\u00f3 en modalidad virtual y cont\u00f3 con una alta participaci\u00f3n de la comunidad a trav\u00e9s de m\u00faltiples plataformas online. Escrito por Cintia Beltr\u00e1n [&hellip;]<\/p>\n","protected":false},"author":25,"featured_media":34684,"comment_status":"open","ping_status":"open","sticky":false,"template":"","format":"standard","meta":{"_acf_changed":false,"_exactmetrics_skip_tracking":false,"_exactmetrics_sitenote_active":false,"_exactmetrics_sitenote_note":"","_exactmetrics_sitenote_category":0,"footnotes":"","_links_to":"","_links_to_target":""},"categories":[140,1],"tags":[220,219],"class_list":["post-34683","post","type-post","status-publish","format-standard","has-post-thumbnail","hentry","category-lugar-5","category-sin-categoria","tag-feci-festivaldelaciencia-exploranuble","tag-feci2020nuble"],"acf":[],"yoast_head":"<!-- This site is optimized with the Yoast SEO plugin v26.7 - https:\/\/yoast.com\/wordpress\/plugins\/seo\/ -->\n<title>Conocimiento, emprendimiento y equidad marcaron la pauta de FECI 2020 \u00d1uble - \u00d1uble<\/title>\n<meta name=\"robots\" content=\"index, follow, max-snippet:-1, max-image-preview:large, max-video-preview:-1\" \/>\n<link rel=\"canonical\" href=\"https:\/\/dev.explora.cl\/nuble\/conocimiento-emprendimiento-y-equidad-marcaron-la-pauta-de-feci-2020-nuble\/\" class=\"yoast-seo-meta-tag\" \/>\n<meta property=\"og:locale\" content=\"es_ES\" class=\"yoast-seo-meta-tag\" \/>\n<meta property=\"og:type\" content=\"article\" class=\"yoast-seo-meta-tag\" \/>\n<meta property=\"og:title\" content=\"Conocimiento, emprendimiento y equidad marcaron la pauta de FECI 2020 \u00d1uble - \u00d1uble\" class=\"yoast-seo-meta-tag\" \/>\n<meta property=\"og:description\" content=\"El Festival de la Ciencia desarrollado por el Ministerio de Ciencia, Tecnolog\u00eda, Conocimiento e Innovaci\u00f3n junto al Proyecto Asociativo Regional, PAR, Explora \u00d1uble ejecutado por la Universidad de Concepci\u00f3n, Campus Chill\u00e1n, se realiz\u00f3 en modalidad virtual y cont\u00f3 con una alta participaci\u00f3n de la comunidad a trav\u00e9s de m\u00faltiples plataformas online. Escrito por Cintia Beltr\u00e1n [&hellip;]\" class=\"yoast-seo-meta-tag\" \/>\n<meta property=\"og:url\" content=\"https:\/\/dev.explora.cl\/nuble\/conocimiento-emprendimiento-y-equidad-marcaron-la-pauta-de-feci-2020-nuble\/\" class=\"yoast-seo-meta-tag\" \/>\n<meta property=\"og:site_name\" content=\"\u00d1uble\" class=\"yoast-seo-meta-tag\" \/>\n<meta property=\"article:published_time\" content=\"2020-11-19T14:51:01+00:00\" class=\"yoast-seo-meta-tag\" \/>\n<meta property=\"article:modified_time\" content=\"2021-01-12T18:51:57+00:00\" class=\"yoast-seo-meta-tag\" \/>\n<meta property=\"og:image\" content=\"https:\/\/dev.explora.cl\/nuble\/wp-content\/uploads\/sites\/10\/2020\/11\/FECI-NOTA.png\" class=\"yoast-seo-meta-tag\" \/>\n\t<meta property=\"og:image:width\" content=\"1355\" class=\"yoast-seo-meta-tag\" \/>\n\t<meta property=\"og:image:height\" content=\"759\" class=\"yoast-seo-meta-tag\" \/>\n\t<meta property=\"og:image:type\" content=\"image\/png\" class=\"yoast-seo-meta-tag\" \/>\n<meta name=\"author\" content=\"cbeltran\" class=\"yoast-seo-meta-tag\" \/>\n<meta name=\"twitter:card\" content=\"summary_large_image\" class=\"yoast-seo-meta-tag\" \/>\n<meta name=\"twitter:label1\" content=\"Escrito por\" class=\"yoast-seo-meta-tag\" \/>\n\t<meta name=\"twitter:data1\" content=\"cbeltran\" class=\"yoast-seo-meta-tag\" \/>\n\t<meta name=\"twitter:label2\" content=\"Tiempo estimado de lectura\" class=\"yoast-seo-meta-tag\" \/>\n\t<meta name=\"twitter:data2\" content=\"3 minutos\" class=\"yoast-seo-meta-tag\" \/>\n<script type=\"application\/ld+json\" class=\"yoast-schema-graph\">{\"@context\":\"https:\/\/schema.org\",\"@graph\":[{\"@type\":\"Article\",\"@id\":\"https:\/\/dev.explora.cl\/nuble\/conocimiento-emprendimiento-y-equidad-marcaron-la-pauta-de-feci-2020-nuble\/#article\",\"isPartOf\":{\"@id\":\"https:\/\/dev.explora.cl\/nuble\/conocimiento-emprendimiento-y-equidad-marcaron-la-pauta-de-feci-2020-nuble\/\"},\"author\":{\"name\":\"cbeltran\",\"@id\":\"https:\/\/dev.explora.cl\/nuble\/#\/schema\/person\/f611679f39b55ae7cdea76bc915b056e\"},\"headline\":\"Conocimiento, emprendimiento y equidad marcaron la pauta de FECI 2020 \u00d1uble\",\"datePublished\":\"2020-11-19T14:51:01+00:00\",\"dateModified\":\"2021-01-12T18:51:57+00:00\",\"mainEntityOfPage\":{\"@id\":\"https:\/\/dev.explora.cl\/nuble\/conocimiento-emprendimiento-y-equidad-marcaron-la-pauta-de-feci-2020-nuble\/\"},\"wordCount\":545,\"commentCount\":0,\"image\":{\"@id\":\"https:\/\/dev.explora.cl\/nuble\/conocimiento-emprendimiento-y-equidad-marcaron-la-pauta-de-feci-2020-nuble\/#primaryimage\"},\"thumbnailUrl\":\"https:\/\/dev.explora.cl\/nuble\/wp-content\/uploads\/sites\/10\/2020\/11\/FECI-NOTA.png\",\"keywords\":[\"#FECI #FestivalDeLaCiencia #Explora\u00d1uble\",\"FECI2020\u00d1UBLE\"],\"articleSection\":[\"Lugar 5\"],\"inLanguage\":\"es-CL\",\"potentialAction\":[{\"@type\":\"CommentAction\",\"name\":\"Comment\",\"target\":[\"https:\/\/dev.explora.cl\/nuble\/conocimiento-emprendimiento-y-equidad-marcaron-la-pauta-de-feci-2020-nuble\/#respond\"]}]},{\"@type\":\"WebPage\",\"@id\":\"https:\/\/dev.explora.cl\/nuble\/conocimiento-emprendimiento-y-equidad-marcaron-la-pauta-de-feci-2020-nuble\/\",\"url\":\"https:\/\/dev.explora.cl\/nuble\/conocimiento-emprendimiento-y-equidad-marcaron-la-pauta-de-feci-2020-nuble\/\",\"name\":\"Conocimiento, emprendimiento y equidad marcaron la pauta de FECI 2020 \u00d1uble - \u00d1uble\",\"isPartOf\":{\"@id\":\"https:\/\/dev.explora.cl\/nuble\/#website\"},\"primaryImageOfPage\":{\"@id\":\"https:\/\/dev.explora.cl\/nuble\/conocimiento-emprendimiento-y-equidad-marcaron-la-pauta-de-feci-2020-nuble\/#primaryimage\"},\"image\":{\"@id\":\"https:\/\/dev.explora.cl\/nuble\/conocimiento-emprendimiento-y-equidad-marcaron-la-pauta-de-feci-2020-nuble\/#primaryimage\"},\"thumbnailUrl\":\"https:\/\/dev.explora.cl\/nuble\/wp-content\/uploads\/sites\/10\/2020\/11\/FECI-NOTA.png\",\"datePublished\":\"2020-11-19T14:51:01+00:00\",\"dateModified\":\"2021-01-12T18:51:57+00:00\",\"author\":{\"@id\":\"https:\/\/dev.explora.cl\/nuble\/#\/schema\/person\/f611679f39b55ae7cdea76bc915b056e\"},\"breadcrumb\":{\"@id\":\"https:\/\/dev.explora.cl\/nuble\/conocimiento-emprendimiento-y-equidad-marcaron-la-pauta-de-feci-2020-nuble\/#breadcrumb\"},\"inLanguage\":\"es-CL\",\"potentialAction\":[{\"@type\":\"ReadAction\",\"target\":[\"https:\/\/dev.explora.cl\/nuble\/conocimiento-emprendimiento-y-equidad-marcaron-la-pauta-de-feci-2020-nuble\/\"]}]},{\"@type\":\"ImageObject\",\"inLanguage\":\"es-CL\",\"@id\":\"https:\/\/dev.explora.cl\/nuble\/conocimiento-emprendimiento-y-equidad-marcaron-la-pauta-de-feci-2020-nuble\/#primaryimage\",\"url\":\"https:\/\/dev.explora.cl\/nuble\/wp-content\/uploads\/sites\/10\/2020\/11\/FECI-NOTA.png\",\"contentUrl\":\"https:\/\/dev.explora.cl\/nuble\/wp-content\/uploads\/sites\/10\/2020\/11\/FECI-NOTA.png\",\"width\":1355,\"height\":759},{\"@type\":\"BreadcrumbList\",\"@id\":\"https:\/\/dev.explora.cl\/nuble\/conocimiento-emprendimiento-y-equidad-marcaron-la-pauta-de-feci-2020-nuble\/#breadcrumb\",\"itemListElement\":[{\"@type\":\"ListItem\",\"position\":1,\"name\":\"Portada\",\"item\":\"https:\/\/dev.explora.cl\/nuble\/\"},{\"@type\":\"ListItem\",\"position\":2,\"name\":\"Conocimiento, emprendimiento y equidad marcaron la pauta de FECI 2020 \u00d1uble\"}]},{\"@type\":\"WebSite\",\"@id\":\"https:\/\/dev.explora.cl\/nuble\/#website\",\"url\":\"https:\/\/dev.explora.cl\/nuble\/\",\"name\":\"\u00d1uble\",\"description\":\"Otro sitio m\u00e1s de dev.explora.cl\",\"potentialAction\":[{\"@type\":\"SearchAction\",\"target\":{\"@type\":\"EntryPoint\",\"urlTemplate\":\"https:\/\/dev.explora.cl\/nuble\/?s={search_term_string}\"},\"query-input\":{\"@type\":\"PropertyValueSpecification\",\"valueRequired\":true,\"valueName\":\"search_term_string\"}}],\"inLanguage\":\"es-CL\"},{\"@type\":\"Person\",\"@id\":\"https:\/\/dev.explora.cl\/nuble\/#\/schema\/person\/f611679f39b55ae7cdea76bc915b056e\",\"name\":\"cbeltran\",\"image\":{\"@type\":\"ImageObject\",\"inLanguage\":\"es-CL\",\"@id\":\"https:\/\/dev.explora.cl\/nuble\/#\/schema\/person\/image\/\",\"url\":\"https:\/\/secure.gravatar.com\/avatar\/fde624b0b0faed85e420465a1cdb73a02c199b16b1d2d6bfe0a82b9ba438afbd?s=96&d=mm&r=g\",\"contentUrl\":\"https:\/\/secure.gravatar.com\/avatar\/fde624b0b0faed85e420465a1cdb73a02c199b16b1d2d6bfe0a82b9ba438afbd?s=96&d=mm&r=g\",\"caption\":\"cbeltran\"},\"url\":\"https:\/\/dev.explora.cl\/nuble\/author\/cbeltran\/\"}]}<\/script>\n<!-- \/ Yoast SEO plugin. -->","yoast_head_json":{"title":"Conocimiento, emprendimiento y equidad marcaron la pauta de FECI 2020 \u00d1uble - \u00d1uble","robots":{"index":"index","follow":"follow","max-snippet":"max-snippet:-1","max-image-preview":"max-image-preview:large","max-video-preview":"max-video-preview:-1"},"canonical":"https:\/\/dev.explora.cl\/nuble\/conocimiento-emprendimiento-y-equidad-marcaron-la-pauta-de-feci-2020-nuble\/","og_locale":"es_ES","og_type":"article","og_title":"Conocimiento, emprendimiento y equidad marcaron la pauta de FECI 2020 \u00d1uble - \u00d1uble","og_description":"El Festival de la Ciencia desarrollado por el Ministerio de Ciencia, Tecnolog\u00eda, Conocimiento e Innovaci\u00f3n junto al Proyecto Asociativo Regional, PAR, Explora \u00d1uble ejecutado por la Universidad de Concepci\u00f3n, Campus Chill\u00e1n, se realiz\u00f3 en modalidad virtual y cont\u00f3 con una alta participaci\u00f3n de la comunidad a trav\u00e9s de m\u00faltiples plataformas online. Escrito por Cintia Beltr\u00e1n [&hellip;]","og_url":"https:\/\/dev.explora.cl\/nuble\/conocimiento-emprendimiento-y-equidad-marcaron-la-pauta-de-feci-2020-nuble\/","og_site_name":"\u00d1uble","article_published_time":"2020-11-19T14:51:01+00:00","article_modified_time":"2021-01-12T18:51:57+00:00","og_image":[{"width":1355,"height":759,"url":"https:\/\/dev.explora.cl\/nuble\/wp-content\/uploads\/sites\/10\/2020\/11\/FECI-NOTA.png","type":"image\/png"}],"author":"cbeltran","twitter_card":"summary_large_image","twitter_misc":{"Escrito por":"cbeltran","Tiempo estimado de lectura":"3 minutos"},"schema":{"@context":"https:\/\/schema.org","@graph":[{"@type":"Article","@id":"https:\/\/dev.explora.cl\/nuble\/conocimiento-emprendimiento-y-equidad-marcaron-la-pauta-de-feci-2020-nuble\/#article","isPartOf":{"@id":"https:\/\/dev.explora.cl\/nuble\/conocimiento-emprendimiento-y-equidad-marcaron-la-pauta-de-feci-2020-nuble\/"},"author":{"name":"cbeltran","@id":"https:\/\/dev.explora.cl\/nuble\/#\/schema\/person\/f611679f39b55ae7cdea76bc915b056e"},"headline":"Conocimiento, emprendimiento y equidad marcaron la pauta de FECI 2020 \u00d1uble","datePublished":"2020-11-19T14:51:01+00:00","dateModified":"2021-01-12T18:51:57+00:00","mainEntityOfPage":{"@id":"https:\/\/dev.explora.cl\/nuble\/conocimiento-emprendimiento-y-equidad-marcaron-la-pauta-de-feci-2020-nuble\/"},"wordCount":545,"commentCount":0,"image":{"@id":"https:\/\/dev.explora.cl\/nuble\/conocimiento-emprendimiento-y-equidad-marcaron-la-pauta-de-feci-2020-nuble\/#primaryimage"},"thumbnailUrl":"https:\/\/dev.explora.cl\/nuble\/wp-content\/uploads\/sites\/10\/2020\/11\/FECI-NOTA.png","keywords":["#FECI #FestivalDeLaCiencia #Explora\u00d1uble","FECI2020\u00d1UBLE"],"articleSection":["Lugar 5"],"inLanguage":"es-CL","potentialAction":[{"@type":"CommentAction","name":"Comment","target":["https:\/\/dev.explora.cl\/nuble\/conocimiento-emprendimiento-y-equidad-marcaron-la-pauta-de-feci-2020-nuble\/#respond"]}]},{"@type":"WebPage","@id":"https:\/\/dev.explora.cl\/nuble\/conocimiento-emprendimiento-y-equidad-marcaron-la-pauta-de-feci-2020-nuble\/","url":"https:\/\/dev.explora.cl\/nuble\/conocimiento-emprendimiento-y-equidad-marcaron-la-pauta-de-feci-2020-nuble\/","name":"Conocimiento, emprendimiento y equidad marcaron la pauta de FECI 2020 \u00d1uble - \u00d1uble","isPartOf":{"@id":"https:\/\/dev.explora.cl\/nuble\/#website"},"primaryImageOfPage":{"@id":"https:\/\/dev.explora.cl\/nuble\/conocimiento-emprendimiento-y-equidad-marcaron-la-pauta-de-feci-2020-nuble\/#primaryimage"},"image":{"@id":"https:\/\/dev.explora.cl\/nuble\/conocimiento-emprendimiento-y-equidad-marcaron-la-pauta-de-feci-2020-nuble\/#primaryimage"},"thumbnailUrl":"https:\/\/dev.explora.cl\/nuble\/wp-content\/uploads\/sites\/10\/2020\/11\/FECI-NOTA.png","datePublished":"2020-11-19T14:51:01+00:00","dateModified":"2021-01-12T18:51:57+00:00","author":{"@id":"https:\/\/dev.explora.cl\/nuble\/#\/schema\/person\/f611679f39b55ae7cdea76bc915b056e"},"breadcrumb":{"@id":"https:\/\/dev.explora.cl\/nuble\/conocimiento-emprendimiento-y-equidad-marcaron-la-pauta-de-feci-2020-nuble\/#breadcrumb"},"inLanguage":"es-CL","potentialAction":[{"@type":"ReadAction","target":["https:\/\/dev.explora.cl\/nuble\/conocimiento-emprendimiento-y-equidad-marcaron-la-pauta-de-feci-2020-nuble\/"]}]},{"@type":"ImageObject","inLanguage":"es-CL","@id":"https:\/\/dev.explora.cl\/nuble\/conocimiento-emprendimiento-y-equidad-marcaron-la-pauta-de-feci-2020-nuble\/#primaryimage","url":"https:\/\/dev.explora.cl\/nuble\/wp-content\/uploads\/sites\/10\/2020\/11\/FECI-NOTA.png","contentUrl":"https:\/\/dev.explora.cl\/nuble\/wp-content\/uploads\/sites\/10\/2020\/11\/FECI-NOTA.png","width":1355,"height":759},{"@type":"BreadcrumbList","@id":"https:\/\/dev.explora.cl\/nuble\/conocimiento-emprendimiento-y-equidad-marcaron-la-pauta-de-feci-2020-nuble\/#breadcrumb","itemListElement":[{"@type":"ListItem","position":1,"name":"Portada","item":"https:\/\/dev.explora.cl\/nuble\/"},{"@type":"ListItem","position":2,"name":"Conocimiento, emprendimiento y equidad marcaron la pauta de FECI 2020 \u00d1uble"}]},{"@type":"WebSite","@id":"https:\/\/dev.explora.cl\/nuble\/#website","url":"https:\/\/dev.explora.cl\/nuble\/","name":"\u00d1uble","description":"Otro sitio m\u00e1s de dev.explora.cl","potentialAction":[{"@type":"SearchAction","target":{"@type":"EntryPoint","urlTemplate":"https:\/\/dev.explora.cl\/nuble\/?s={search_term_string}"},"query-input":{"@type":"PropertyValueSpecification","valueRequired":true,"valueName":"search_term_string"}}],"inLanguage":"es-CL"},{"@type":"Person","@id":"https:\/\/dev.explora.cl\/nuble\/#\/schema\/person\/f611679f39b55ae7cdea76bc915b056e","name":"cbeltran","image":{"@type":"ImageObject","inLanguage":"es-CL","@id":"https:\/\/dev.explora.cl\/nuble\/#\/schema\/person\/image\/","url":"https:\/\/secure.gravatar.com\/avatar\/fde624b0b0faed85e420465a1cdb73a02c199b16b1d2d6bfe0a82b9ba438afbd?s=96&d=mm&r=g","contentUrl":"https:\/\/secure.gravatar.com\/avatar\/fde624b0b0faed85e420465a1cdb73a02c199b16b1d2d6bfe0a82b9ba438afbd?s=96&d=mm&r=g","caption":"cbeltran"},"url":"https:\/\/dev.explora.cl\/nuble\/author\/cbeltran\/"}]}},"_links":{"self":[{"href":"https:\/\/dev.explora.cl\/nuble\/wp-json\/wp\/v2\/posts\/34683","targetHints":{"allow":["GET"]}}],"collection":[{"href":"https:\/\/dev.explora.cl\/nuble\/wp-json\/wp\/v2\/posts"}],"about":[{"href":"https:\/\/dev.explora.cl\/nuble\/wp-json\/wp\/v2\/types\/post"}],"author":[{"embeddable":true,"href":"https:\/\/dev.explora.cl\/nuble\/wp-json\/wp\/v2\/users\/25"}],"replies":[{"embeddable":true,"href":"https:\/\/dev.explora.cl\/nuble\/wp-json\/wp\/v2\/comments?post=34683"}],"version-history":[{"count":7,"href":"https:\/\/dev.explora.cl\/nuble\/wp-json\/wp\/v2\/posts\/34683\/revisions"}],"predecessor-version":[{"id":34781,"href":"https:\/\/dev.explora.cl\/nuble\/wp-json\/wp\/v2\/posts\/34683\/revisions\/34781"}],"wp:featuredmedia":[{"embeddable":true,"href":"https:\/\/dev.explora.cl\/nuble\/wp-json\/wp\/v2\/media\/34684"}],"wp:attachment":[{"href":"https:\/\/dev.explora.cl\/nuble\/wp-json\/wp\/v2\/media?parent=34683"}],"wp:term":[{"taxonomy":"category","embeddable":true,"href":"https:\/\/dev.explora.cl\/nuble\/wp-json\/wp\/v2\/categories?post=34683"},{"taxonomy":"post_tag","embeddable":true,"href":"https:\/\/dev.explora.cl\/nuble\/wp-json\/wp\/v2\/tags?post=34683"}],"curies":[{"name":"wp","href":"https:\/\/api.w.org\/{rel}","templated":true}]}}