{"id":34653,"date":"2020-11-06T11:54:47","date_gmt":"2020-11-06T14:54:47","guid":{"rendered":"https:\/\/dev.explora.cl\/nuble\/?p=34653"},"modified":"2020-11-06T12:23:10","modified_gmt":"2020-11-06T15:23:10","slug":"columna-de-opinion-huella-hidrica-una-herramienta-para-concientizarnos-sobre-el-consumo-del-agua","status":"publish","type":"post","link":"https:\/\/dev.explora.cl\/nuble\/columna-de-opinion-huella-hidrica-una-herramienta-para-concientizarnos-sobre-el-consumo-del-agua\/","title":{"rendered":"Columna de Opini\u00f3n: &#8220;Huella h\u00eddrica: una herramienta para concientizarnos sobre el consumo del agua&#8221;"},"content":{"rendered":"<p>Escrita por la Dra. Vanessa Novoa<br \/>\nPostdoctorado en CRHIAM<br \/>\nPhD. en Ciencias Ambientales<\/p>\n<p>Como es sabido, el agua es un elemento vital para la humanidad y ecosistemas, la que est\u00e1 siendo cada d\u00eda m\u00e1s escasa y cr\u00edtica. Actualmente, nuestro pa\u00eds vive una mega sequ\u00eda que se ha prolongado por cerca de 13 a\u00f1os y como en muchos lugares del mundo, es necesario investigar, estudiar y analizar los distintos escenarios.<\/p>\n<p>Una de las herramientas que nos indica cu\u00e1nta agua consumimos, de forma directa o indirecta, es la Huella H\u00eddrica, la cual expresa el volumen agua utilizada para elaborar los productos que comemos, compramos y empleamos en las distintas actividades cotidianas. Investigadores del proyecto FONDECYT N\u00b03200891, desarrollado en el Laboratorio de Reducci\u00f3n de Riesgos Socio-naturales (LARRS) y del Centro de Recursos H\u00eddricos para la Agricultura y la Miner\u00eda (CRHIAM), trabajan arduamente en el c\u00e1lculo de la huella h\u00eddrica para optimizar su utilizaci\u00f3n y contribuir a la gesti\u00f3n h\u00eddrica.<\/p>\n<p>Espec\u00edficamente, este indicador se puede aplicar en todas las cadenas productivas y en las diferentes escalas geogr\u00e1ficas de an\u00e1lisis -local, regional, nacional o mundial-. La cuantificaci\u00f3n del consumo de agua para la generaci\u00f3n de un producto o en un proceso, es la base para entender, sensibilizar y transformar los h\u00e1bitos de uso del agua, bajo una nueva cultura sustentable.<\/p>\n<p>Para conocer sobre este tema y mucho otros, se realizar\u00e1 del 11 al 15 de noviembre el Festival de la Ciencia organizado por PAR Explora \u00d1uble. La invitaci\u00f3n es a sumarse a esta iniciativa, que se realizar\u00e1 en forma digital, y aprovechar la oportunidad para reflexionar en familia sobre la importancia del cuidado del agua y la compleja interdependencia que se establece entre las sociedades y la seguridad h\u00eddrica, ya que cada uno de nosotros al entender y conocer m\u00e1s sobre su ciclo y cuidado, podremos aportar con peque\u00f1as gotas que al unirse generar\u00e1n caudales.<\/p>\n<p>&nbsp;<\/p>\n<p><strong><u>\u00a0<\/u><\/strong><\/p>\n","protected":false},"excerpt":{"rendered":"<p>Escrita por la Dra. Vanessa Novoa Postdoctorado en CRHIAM PhD. en Ciencias Ambientales Como es sabido, el agua es un elemento vital para la humanidad y ecosistemas, la que est\u00e1 siendo cada d\u00eda m\u00e1s escasa y cr\u00edtica. Actualmente, nuestro pa\u00eds vive una mega sequ\u00eda que se ha prolongado por cerca de 13 a\u00f1os y como [&hellip;]<\/p>\n","protected":false},"author":25,"featured_media":34654,"comment_status":"open","ping_status":"open","sticky":false,"template":"","format":"standard","meta":{"_acf_changed":false,"_exactmetrics_skip_tracking":false,"_exactmetrics_sitenote_active":false,"_exactmetrics_sitenote_note":"","_exactmetrics_sitenote_category":0,"footnotes":"","_links_to":"","_links_to_target":""},"categories":[142,4],"tags":[220],"class_list":["post-34653","post","type-post","status-publish","format-standard","has-post-thumbnail","hentry","category-lugar-7","category-noticias","tag-feci-festivaldelaciencia-exploranuble"],"acf":[],"yoast_head":"<!-- This site is optimized with the Yoast SEO plugin v26.7 - https:\/\/yoast.com\/wordpress\/plugins\/seo\/ -->\n<title>Columna de Opini\u00f3n: &quot;Huella h\u00eddrica: una herramienta para concientizarnos sobre el consumo del agua&quot; - \u00d1uble<\/title>\n<meta name=\"robots\" content=\"index, follow, max-snippet:-1, max-image-preview:large, max-video-preview:-1\" \/>\n<link rel=\"canonical\" href=\"https:\/\/dev.explora.cl\/nuble\/columna-de-opinion-huella-hidrica-una-herramienta-para-concientizarnos-sobre-el-consumo-del-agua\/\" class=\"yoast-seo-meta-tag\" \/>\n<meta property=\"og:locale\" content=\"es_ES\" class=\"yoast-seo-meta-tag\" \/>\n<meta property=\"og:type\" content=\"article\" class=\"yoast-seo-meta-tag\" \/>\n<meta property=\"og:title\" content=\"Columna de Opini\u00f3n: &quot;Huella h\u00eddrica: una herramienta para concientizarnos sobre el consumo del agua&quot; - \u00d1uble\" class=\"yoast-seo-meta-tag\" \/>\n<meta property=\"og:description\" content=\"Escrita por la Dra. Vanessa Novoa Postdoctorado en CRHIAM PhD. en Ciencias Ambientales Como es sabido, el agua es un elemento vital para la humanidad y ecosistemas, la que est\u00e1 siendo cada d\u00eda m\u00e1s escasa y cr\u00edtica. Actualmente, nuestro pa\u00eds vive una mega sequ\u00eda que se ha prolongado por cerca de 13 a\u00f1os y como [&hellip;]\" class=\"yoast-seo-meta-tag\" \/>\n<meta property=\"og:url\" content=\"https:\/\/dev.explora.cl\/nuble\/columna-de-opinion-huella-hidrica-una-herramienta-para-concientizarnos-sobre-el-consumo-del-agua\/\" class=\"yoast-seo-meta-tag\" \/>\n<meta property=\"og:site_name\" content=\"\u00d1uble\" class=\"yoast-seo-meta-tag\" \/>\n<meta property=\"article:published_time\" content=\"2020-11-06T14:54:47+00:00\" class=\"yoast-seo-meta-tag\" \/>\n<meta property=\"article:modified_time\" content=\"2020-11-06T15:23:10+00:00\" class=\"yoast-seo-meta-tag\" \/>\n<meta property=\"og:image\" content=\"https:\/\/dev.explora.cl\/nuble\/wp-content\/uploads\/sites\/10\/2020\/11\/Dra.-Vanesa-Novoa-de-CRHIAM.jpg\" class=\"yoast-seo-meta-tag\" \/>\n\t<meta property=\"og:image:width\" content=\"540\" class=\"yoast-seo-meta-tag\" \/>\n\t<meta property=\"og:image:height\" content=\"540\" class=\"yoast-seo-meta-tag\" \/>\n\t<meta property=\"og:image:type\" content=\"image\/jpeg\" class=\"yoast-seo-meta-tag\" \/>\n<meta name=\"author\" content=\"cbeltran\" class=\"yoast-seo-meta-tag\" \/>\n<meta name=\"twitter:card\" content=\"summary_large_image\" class=\"yoast-seo-meta-tag\" \/>\n<meta name=\"twitter:label1\" content=\"Escrito por\" class=\"yoast-seo-meta-tag\" \/>\n\t<meta name=\"twitter:data1\" content=\"cbeltran\" class=\"yoast-seo-meta-tag\" \/>\n\t<meta name=\"twitter:label2\" content=\"Tiempo estimado de lectura\" class=\"yoast-seo-meta-tag\" \/>\n\t<meta name=\"twitter:data2\" content=\"2 minutos\" class=\"yoast-seo-meta-tag\" \/>\n<script type=\"application\/ld+json\" class=\"yoast-schema-graph\">{\"@context\":\"https:\/\/schema.org\",\"@graph\":[{\"@type\":\"Article\",\"@id\":\"https:\/\/dev.explora.cl\/nuble\/columna-de-opinion-huella-hidrica-una-herramienta-para-concientizarnos-sobre-el-consumo-del-agua\/#article\",\"isPartOf\":{\"@id\":\"https:\/\/dev.explora.cl\/nuble\/columna-de-opinion-huella-hidrica-una-herramienta-para-concientizarnos-sobre-el-consumo-del-agua\/\"},\"author\":{\"name\":\"cbeltran\",\"@id\":\"https:\/\/dev.explora.cl\/nuble\/#\/schema\/person\/f611679f39b55ae7cdea76bc915b056e\"},\"headline\":\"Columna de Opini\u00f3n: &#8220;Huella h\u00eddrica: una herramienta para concientizarnos sobre el consumo del agua&#8221;\",\"datePublished\":\"2020-11-06T14:54:47+00:00\",\"dateModified\":\"2020-11-06T15:23:10+00:00\",\"mainEntityOfPage\":{\"@id\":\"https:\/\/dev.explora.cl\/nuble\/columna-de-opinion-huella-hidrica-una-herramienta-para-concientizarnos-sobre-el-consumo-del-agua\/\"},\"wordCount\":351,\"commentCount\":0,\"image\":{\"@id\":\"https:\/\/dev.explora.cl\/nuble\/columna-de-opinion-huella-hidrica-una-herramienta-para-concientizarnos-sobre-el-consumo-del-agua\/#primaryimage\"},\"thumbnailUrl\":\"https:\/\/dev.explora.cl\/nuble\/wp-content\/uploads\/sites\/10\/2020\/11\/Dra.-Vanesa-Novoa-de-CRHIAM.jpg\",\"keywords\":[\"#FECI #FestivalDeLaCiencia #Explora\u00d1uble\"],\"articleSection\":[\"Lugar 7\",\"Noticias\"],\"inLanguage\":\"es-CL\",\"potentialAction\":[{\"@type\":\"CommentAction\",\"name\":\"Comment\",\"target\":[\"https:\/\/dev.explora.cl\/nuble\/columna-de-opinion-huella-hidrica-una-herramienta-para-concientizarnos-sobre-el-consumo-del-agua\/#respond\"]}]},{\"@type\":\"WebPage\",\"@id\":\"https:\/\/dev.explora.cl\/nuble\/columna-de-opinion-huella-hidrica-una-herramienta-para-concientizarnos-sobre-el-consumo-del-agua\/\",\"url\":\"https:\/\/dev.explora.cl\/nuble\/columna-de-opinion-huella-hidrica-una-herramienta-para-concientizarnos-sobre-el-consumo-del-agua\/\",\"name\":\"Columna de Opini\u00f3n: \\\"Huella h\u00eddrica: una herramienta para concientizarnos sobre el consumo del agua\\\" - \u00d1uble\",\"isPartOf\":{\"@id\":\"https:\/\/dev.explora.cl\/nuble\/#website\"},\"primaryImageOfPage\":{\"@id\":\"https:\/\/dev.explora.cl\/nuble\/columna-de-opinion-huella-hidrica-una-herramienta-para-concientizarnos-sobre-el-consumo-del-agua\/#primaryimage\"},\"image\":{\"@id\":\"https:\/\/dev.explora.cl\/nuble\/columna-de-opinion-huella-hidrica-una-herramienta-para-concientizarnos-sobre-el-consumo-del-agua\/#primaryimage\"},\"thumbnailUrl\":\"https:\/\/dev.explora.cl\/nuble\/wp-content\/uploads\/sites\/10\/2020\/11\/Dra.-Vanesa-Novoa-de-CRHIAM.jpg\",\"datePublished\":\"2020-11-06T14:54:47+00:00\",\"dateModified\":\"2020-11-06T15:23:10+00:00\",\"author\":{\"@id\":\"https:\/\/dev.explora.cl\/nuble\/#\/schema\/person\/f611679f39b55ae7cdea76bc915b056e\"},\"breadcrumb\":{\"@id\":\"https:\/\/dev.explora.cl\/nuble\/columna-de-opinion-huella-hidrica-una-herramienta-para-concientizarnos-sobre-el-consumo-del-agua\/#breadcrumb\"},\"inLanguage\":\"es-CL\",\"potentialAction\":[{\"@type\":\"ReadAction\",\"target\":[\"https:\/\/dev.explora.cl\/nuble\/columna-de-opinion-huella-hidrica-una-herramienta-para-concientizarnos-sobre-el-consumo-del-agua\/\"]}]},{\"@type\":\"ImageObject\",\"inLanguage\":\"es-CL\",\"@id\":\"https:\/\/dev.explora.cl\/nuble\/columna-de-opinion-huella-hidrica-una-herramienta-para-concientizarnos-sobre-el-consumo-del-agua\/#primaryimage\",\"url\":\"https:\/\/dev.explora.cl\/nuble\/wp-content\/uploads\/sites\/10\/2020\/11\/Dra.-Vanesa-Novoa-de-CRHIAM.jpg\",\"contentUrl\":\"https:\/\/dev.explora.cl\/nuble\/wp-content\/uploads\/sites\/10\/2020\/11\/Dra.-Vanesa-Novoa-de-CRHIAM.jpg\",\"width\":540,\"height\":540},{\"@type\":\"BreadcrumbList\",\"@id\":\"https:\/\/dev.explora.cl\/nuble\/columna-de-opinion-huella-hidrica-una-herramienta-para-concientizarnos-sobre-el-consumo-del-agua\/#breadcrumb\",\"itemListElement\":[{\"@type\":\"ListItem\",\"position\":1,\"name\":\"Portada\",\"item\":\"https:\/\/dev.explora.cl\/nuble\/\"},{\"@type\":\"ListItem\",\"position\":2,\"name\":\"Columna de Opini\u00f3n: &#8220;Huella h\u00eddrica: una herramienta para concientizarnos sobre el consumo del agua&#8221;\"}]},{\"@type\":\"WebSite\",\"@id\":\"https:\/\/dev.explora.cl\/nuble\/#website\",\"url\":\"https:\/\/dev.explora.cl\/nuble\/\",\"name\":\"\u00d1uble\",\"description\":\"Otro sitio m\u00e1s de dev.explora.cl\",\"potentialAction\":[{\"@type\":\"SearchAction\",\"target\":{\"@type\":\"EntryPoint\",\"urlTemplate\":\"https:\/\/dev.explora.cl\/nuble\/?s={search_term_string}\"},\"query-input\":{\"@type\":\"PropertyValueSpecification\",\"valueRequired\":true,\"valueName\":\"search_term_string\"}}],\"inLanguage\":\"es-CL\"},{\"@type\":\"Person\",\"@id\":\"https:\/\/dev.explora.cl\/nuble\/#\/schema\/person\/f611679f39b55ae7cdea76bc915b056e\",\"name\":\"cbeltran\",\"image\":{\"@type\":\"ImageObject\",\"inLanguage\":\"es-CL\",\"@id\":\"https:\/\/dev.explora.cl\/nuble\/#\/schema\/person\/image\/\",\"url\":\"https:\/\/secure.gravatar.com\/avatar\/fde624b0b0faed85e420465a1cdb73a02c199b16b1d2d6bfe0a82b9ba438afbd?s=96&d=mm&r=g\",\"contentUrl\":\"https:\/\/secure.gravatar.com\/avatar\/fde624b0b0faed85e420465a1cdb73a02c199b16b1d2d6bfe0a82b9ba438afbd?s=96&d=mm&r=g\",\"caption\":\"cbeltran\"},\"url\":\"https:\/\/dev.explora.cl\/nuble\/author\/cbeltran\/\"}]}<\/script>\n<!-- \/ Yoast SEO plugin. -->","yoast_head_json":{"title":"Columna de Opini\u00f3n: \"Huella h\u00eddrica: una herramienta para concientizarnos sobre el consumo del agua\" - \u00d1uble","robots":{"index":"index","follow":"follow","max-snippet":"max-snippet:-1","max-image-preview":"max-image-preview:large","max-video-preview":"max-video-preview:-1"},"canonical":"https:\/\/dev.explora.cl\/nuble\/columna-de-opinion-huella-hidrica-una-herramienta-para-concientizarnos-sobre-el-consumo-del-agua\/","og_locale":"es_ES","og_type":"article","og_title":"Columna de Opini\u00f3n: \"Huella h\u00eddrica: una herramienta para concientizarnos sobre el consumo del agua\" - \u00d1uble","og_description":"Escrita por la Dra. Vanessa Novoa Postdoctorado en CRHIAM PhD. en Ciencias Ambientales Como es sabido, el agua es un elemento vital para la humanidad y ecosistemas, la que est\u00e1 siendo cada d\u00eda m\u00e1s escasa y cr\u00edtica. Actualmente, nuestro pa\u00eds vive una mega sequ\u00eda que se ha prolongado por cerca de 13 a\u00f1os y como [&hellip;]","og_url":"https:\/\/dev.explora.cl\/nuble\/columna-de-opinion-huella-hidrica-una-herramienta-para-concientizarnos-sobre-el-consumo-del-agua\/","og_site_name":"\u00d1uble","article_published_time":"2020-11-06T14:54:47+00:00","article_modified_time":"2020-11-06T15:23:10+00:00","og_image":[{"width":540,"height":540,"url":"https:\/\/dev.explora.cl\/nuble\/wp-content\/uploads\/sites\/10\/2020\/11\/Dra.-Vanesa-Novoa-de-CRHIAM.jpg","type":"image\/jpeg"}],"author":"cbeltran","twitter_card":"summary_large_image","twitter_misc":{"Escrito por":"cbeltran","Tiempo estimado de lectura":"2 minutos"},"schema":{"@context":"https:\/\/schema.org","@graph":[{"@type":"Article","@id":"https:\/\/dev.explora.cl\/nuble\/columna-de-opinion-huella-hidrica-una-herramienta-para-concientizarnos-sobre-el-consumo-del-agua\/#article","isPartOf":{"@id":"https:\/\/dev.explora.cl\/nuble\/columna-de-opinion-huella-hidrica-una-herramienta-para-concientizarnos-sobre-el-consumo-del-agua\/"},"author":{"name":"cbeltran","@id":"https:\/\/dev.explora.cl\/nuble\/#\/schema\/person\/f611679f39b55ae7cdea76bc915b056e"},"headline":"Columna de Opini\u00f3n: &#8220;Huella h\u00eddrica: una herramienta para concientizarnos sobre el consumo del agua&#8221;","datePublished":"2020-11-06T14:54:47+00:00","dateModified":"2020-11-06T15:23:10+00:00","mainEntityOfPage":{"@id":"https:\/\/dev.explora.cl\/nuble\/columna-de-opinion-huella-hidrica-una-herramienta-para-concientizarnos-sobre-el-consumo-del-agua\/"},"wordCount":351,"commentCount":0,"image":{"@id":"https:\/\/dev.explora.cl\/nuble\/columna-de-opinion-huella-hidrica-una-herramienta-para-concientizarnos-sobre-el-consumo-del-agua\/#primaryimage"},"thumbnailUrl":"https:\/\/dev.explora.cl\/nuble\/wp-content\/uploads\/sites\/10\/2020\/11\/Dra.-Vanesa-Novoa-de-CRHIAM.jpg","keywords":["#FECI #FestivalDeLaCiencia #Explora\u00d1uble"],"articleSection":["Lugar 7","Noticias"],"inLanguage":"es-CL","potentialAction":[{"@type":"CommentAction","name":"Comment","target":["https:\/\/dev.explora.cl\/nuble\/columna-de-opinion-huella-hidrica-una-herramienta-para-concientizarnos-sobre-el-consumo-del-agua\/#respond"]}]},{"@type":"WebPage","@id":"https:\/\/dev.explora.cl\/nuble\/columna-de-opinion-huella-hidrica-una-herramienta-para-concientizarnos-sobre-el-consumo-del-agua\/","url":"https:\/\/dev.explora.cl\/nuble\/columna-de-opinion-huella-hidrica-una-herramienta-para-concientizarnos-sobre-el-consumo-del-agua\/","name":"Columna de Opini\u00f3n: \"Huella h\u00eddrica: una herramienta para concientizarnos sobre el consumo del agua\" - \u00d1uble","isPartOf":{"@id":"https:\/\/dev.explora.cl\/nuble\/#website"},"primaryImageOfPage":{"@id":"https:\/\/dev.explora.cl\/nuble\/columna-de-opinion-huella-hidrica-una-herramienta-para-concientizarnos-sobre-el-consumo-del-agua\/#primaryimage"},"image":{"@id":"https:\/\/dev.explora.cl\/nuble\/columna-de-opinion-huella-hidrica-una-herramienta-para-concientizarnos-sobre-el-consumo-del-agua\/#primaryimage"},"thumbnailUrl":"https:\/\/dev.explora.cl\/nuble\/wp-content\/uploads\/sites\/10\/2020\/11\/Dra.-Vanesa-Novoa-de-CRHIAM.jpg","datePublished":"2020-11-06T14:54:47+00:00","dateModified":"2020-11-06T15:23:10+00:00","author":{"@id":"https:\/\/dev.explora.cl\/nuble\/#\/schema\/person\/f611679f39b55ae7cdea76bc915b056e"},"breadcrumb":{"@id":"https:\/\/dev.explora.cl\/nuble\/columna-de-opinion-huella-hidrica-una-herramienta-para-concientizarnos-sobre-el-consumo-del-agua\/#breadcrumb"},"inLanguage":"es-CL","potentialAction":[{"@type":"ReadAction","target":["https:\/\/dev.explora.cl\/nuble\/columna-de-opinion-huella-hidrica-una-herramienta-para-concientizarnos-sobre-el-consumo-del-agua\/"]}]},{"@type":"ImageObject","inLanguage":"es-CL","@id":"https:\/\/dev.explora.cl\/nuble\/columna-de-opinion-huella-hidrica-una-herramienta-para-concientizarnos-sobre-el-consumo-del-agua\/#primaryimage","url":"https:\/\/dev.explora.cl\/nuble\/wp-content\/uploads\/sites\/10\/2020\/11\/Dra.-Vanesa-Novoa-de-CRHIAM.jpg","contentUrl":"https:\/\/dev.explora.cl\/nuble\/wp-content\/uploads\/sites\/10\/2020\/11\/Dra.-Vanesa-Novoa-de-CRHIAM.jpg","width":540,"height":540},{"@type":"BreadcrumbList","@id":"https:\/\/dev.explora.cl\/nuble\/columna-de-opinion-huella-hidrica-una-herramienta-para-concientizarnos-sobre-el-consumo-del-agua\/#breadcrumb","itemListElement":[{"@type":"ListItem","position":1,"name":"Portada","item":"https:\/\/dev.explora.cl\/nuble\/"},{"@type":"ListItem","position":2,"name":"Columna de Opini\u00f3n: &#8220;Huella h\u00eddrica: una herramienta para concientizarnos sobre el consumo del agua&#8221;"}]},{"@type":"WebSite","@id":"https:\/\/dev.explora.cl\/nuble\/#website","url":"https:\/\/dev.explora.cl\/nuble\/","name":"\u00d1uble","description":"Otro sitio m\u00e1s de dev.explora.cl","potentialAction":[{"@type":"SearchAction","target":{"@type":"EntryPoint","urlTemplate":"https:\/\/dev.explora.cl\/nuble\/?s={search_term_string}"},"query-input":{"@type":"PropertyValueSpecification","valueRequired":true,"valueName":"search_term_string"}}],"inLanguage":"es-CL"},{"@type":"Person","@id":"https:\/\/dev.explora.cl\/nuble\/#\/schema\/person\/f611679f39b55ae7cdea76bc915b056e","name":"cbeltran","image":{"@type":"ImageObject","inLanguage":"es-CL","@id":"https:\/\/dev.explora.cl\/nuble\/#\/schema\/person\/image\/","url":"https:\/\/secure.gravatar.com\/avatar\/fde624b0b0faed85e420465a1cdb73a02c199b16b1d2d6bfe0a82b9ba438afbd?s=96&d=mm&r=g","contentUrl":"https:\/\/secure.gravatar.com\/avatar\/fde624b0b0faed85e420465a1cdb73a02c199b16b1d2d6bfe0a82b9ba438afbd?s=96&d=mm&r=g","caption":"cbeltran"},"url":"https:\/\/dev.explora.cl\/nuble\/author\/cbeltran\/"}]}},"_links":{"self":[{"href":"https:\/\/dev.explora.cl\/nuble\/wp-json\/wp\/v2\/posts\/34653","targetHints":{"allow":["GET"]}}],"collection":[{"href":"https:\/\/dev.explora.cl\/nuble\/wp-json\/wp\/v2\/posts"}],"about":[{"href":"https:\/\/dev.explora.cl\/nuble\/wp-json\/wp\/v2\/types\/post"}],"author":[{"embeddable":true,"href":"https:\/\/dev.explora.cl\/nuble\/wp-json\/wp\/v2\/users\/25"}],"replies":[{"embeddable":true,"href":"https:\/\/dev.explora.cl\/nuble\/wp-json\/wp\/v2\/comments?post=34653"}],"version-history":[{"count":2,"href":"https:\/\/dev.explora.cl\/nuble\/wp-json\/wp\/v2\/posts\/34653\/revisions"}],"predecessor-version":[{"id":34667,"href":"https:\/\/dev.explora.cl\/nuble\/wp-json\/wp\/v2\/posts\/34653\/revisions\/34667"}],"wp:featuredmedia":[{"embeddable":true,"href":"https:\/\/dev.explora.cl\/nuble\/wp-json\/wp\/v2\/media\/34654"}],"wp:attachment":[{"href":"https:\/\/dev.explora.cl\/nuble\/wp-json\/wp\/v2\/media?parent=34653"}],"wp:term":[{"taxonomy":"category","embeddable":true,"href":"https:\/\/dev.explora.cl\/nuble\/wp-json\/wp\/v2\/categories?post=34653"},{"taxonomy":"post_tag","embeddable":true,"href":"https:\/\/dev.explora.cl\/nuble\/wp-json\/wp\/v2\/tags?post=34653"}],"curies":[{"name":"wp","href":"https:\/\/api.w.org\/{rel}","templated":true}]}}