{"id":34529,"date":"2020-08-07T10:26:03","date_gmt":"2020-08-07T14:26:03","guid":{"rendered":"https:\/\/dev.explora.cl\/nuble\/?p=34529"},"modified":"2021-01-12T16:08:14","modified_gmt":"2021-01-12T19:08:14","slug":"explora-nuble-inicia-el-programa-de-innovacion-e-investigacion-escolar-2","status":"publish","type":"post","link":"https:\/\/dev.explora.cl\/nuble\/explora-nuble-inicia-el-programa-de-innovacion-e-investigacion-escolar-2\/","title":{"rendered":"Explora \u00d1uble inicia el Programa de Innovaci\u00f3n e Investigaci\u00f3n Escolar"},"content":{"rendered":"<h3><em>Con la participaci\u00f3n de 25 equipos integrados por estudiantes de Educaci\u00f3n B\u00e1sica y Media y profesores\/as de las comunas de Chill\u00e1n, San Carlos, Quirihue, San Ignacio, Pinto, Coelemu, Bulnes, Trehuaco, San Nicol\u00e1s, R\u00e1nquil, Quill\u00f3n, El Carmen, Coihueco y Chill\u00e1n Viejo, comenz\u00f3 la primera versi\u00f3n de IIE 2020 desarrollado por el Proyecto Asociativo Regional, PAR, Explora \u00d1uble de la Universidad de Concepci\u00f3n, Campus Chill\u00e1n, financiado por el Ministerio de Ciencia, Tecnolog\u00eda, Conocimiento e Innovaci\u00f3n.<\/em><\/h3>\n<p>Escrito por Cintia Beltr\u00e1n G\u00f3mez<\/p>\n<p>El programa que cuenta con la asistencia de escolares de las provincias de Punilla, Itata y Diguill\u00edn, presenta como objetivo central fomentar el desarrollo de competencias para la investigaci\u00f3n e innovaci\u00f3n en la comunidad educativa, haciendo \u00e9nfasis en preguntas y necesidades que surjan desde el entorno y la vida cotidiana, estren\u00f3 con la charla \u201cLas preguntas como ventana a la curiosidad\u201d presida por la Dra. Melina Furman, profesora asociada de la Escuela de Educaci\u00f3n de la Universidad San Andr\u00e9s y codirectora de la Especializaci\u00f3n en Educaci\u00f3n en Ciencias.<\/p>\n<p>La actividad virtual que cont\u00f3, por vez primera, con la participaci\u00f3n de estudiantes universitarios de pedagog\u00eda tuvo una asistencia especialmente atenta a las indicaciones de la Dra. Furman, quien en el primer bloque trabaj\u00f3 en la importancia de generar ense\u00f1anzas profundas.<\/p>\n<p><img loading=\"lazy\" decoding=\"async\" class=\"size-medium wp-image-34531 alignright\" src=\"https:\/\/dev.explora.cl\/nuble\/wp-content\/uploads\/sites\/10\/2020\/08\/Charla-2-300x169.png\" alt=\"\" width=\"300\" height=\"169\" srcset=\"https:\/\/dev.explora.cl\/nuble\/wp-content\/uploads\/sites\/10\/2020\/08\/Charla-2-300x169.png 300w, https:\/\/dev.explora.cl\/nuble\/wp-content\/uploads\/sites\/10\/2020\/08\/Charla-2-768x432.png 768w, https:\/\/dev.explora.cl\/nuble\/wp-content\/uploads\/sites\/10\/2020\/08\/Charla-2-1024x576.png 1024w, https:\/\/dev.explora.cl\/nuble\/wp-content\/uploads\/sites\/10\/2020\/08\/Charla-2.png 1366w\" sizes=\"auto, (max-width: 300px) 100vw, 300px\" \/><\/p>\n<p>\u201cLas preguntas son siempre esenciales en la posibilidad de generar aprendizajes, de abrir nuevas ventanas al conocimiento y de motivar a los alumnos para aprender, las preguntas que hacemos los docentes, tanto oralmente, como en las evaluaciones. Una de las modalidades que vengo trabajando desde a\u00f1os, tanto en<\/p>\n<p>la ense\u00f1anza preescolar como en la universitaria, es lo que se llama justamente preguntas para pensar. Se trata de casos, problemas, desaf\u00edos que invitan a poner en juego el conocimiento, a aplicarlo. No estamos hablando de preguntas f\u00e1cticas\u201d, explic\u00f3 en el marco de la charla.<\/p>\n<p>Por su parte la Dra. In\u00e9s Figueroa, directora del PAR Explora \u00d1uble, expuso que \u201cel compromiso de Explora \u00d1uble es promover la valoraci\u00f3n y divulgaci\u00f3n de las ciencias y la tecnolog\u00eda, impulsando a los profesores y las profesoras de las 21 comunas de \u00d1uble a ser los facilitadores del conocimiento, utilizando todos los sentidos para observar, explorar y compartir ideas desde sus celulares y\/o computadoras a trav\u00e9s de plataformas digitales que permitan generar una experiencia que facilite el aprendizaje.\u00a0 As\u00ed mismo, promover la apropiaci\u00f3n social de la investigaci\u00f3n e innovaci\u00f3n como pr\u00e1ctica cultural en la comunidad educativa\u201d.<\/p>\n<p><strong>La importancia del relato en el planteamiento de problem\u00e1ticas <\/strong><\/p>\n<p>La Dra. Furman es enf\u00e1tica en promover preguntas para pensar acompa\u00f1adas de un relato \u201cun ejemplo que siempre doy en torno a las preguntas f\u00e1cticas es el siguiente: \u00bfQu\u00e9 caracter\u00edsticas tienen los seres vivos? Uno la puede contestar de memoria, los seres vivos nacen, crecen, se reproducen y mueren. Una pregunta para pensar ser\u00eda una situaci\u00f3n, donde esas caracter\u00edsticas de los seres vivos me tienen que servir para tomar una decisi\u00f3n o resolver un problema, coment\u00f3.<\/p>\n<p><img loading=\"lazy\" decoding=\"async\" class=\"size-medium wp-image-34534 alignleft\" src=\"https:\/\/dev.explora.cl\/nuble\/wp-content\/uploads\/sites\/10\/2020\/08\/Charla-5-300x145.png\" alt=\"\" width=\"300\" height=\"145\" srcset=\"https:\/\/dev.explora.cl\/nuble\/wp-content\/uploads\/sites\/10\/2020\/08\/Charla-5-300x145.png 300w, https:\/\/dev.explora.cl\/nuble\/wp-content\/uploads\/sites\/10\/2020\/08\/Charla-5-768x372.png 768w, https:\/\/dev.explora.cl\/nuble\/wp-content\/uploads\/sites\/10\/2020\/08\/Charla-5-1024x496.png 1024w, https:\/\/dev.explora.cl\/nuble\/wp-content\/uploads\/sites\/10\/2020\/08\/Charla-5.png 1285w\" sizes=\"auto, (max-width: 300px) 100vw, 300px\" \/>\u201cUn relato que usamos mucho en las escuelas es decir que estoy en casa preparando masa de pizza y me doy cuenta que se me acaba la levadura. Voy al supermercado a comprar levadura y una se\u00f1ora en la fila me advierte que el producto est\u00e1 vivo y que yo tenga cuidado porque se me puede morir. Yo le explico que la levadura no se parece a otros seres vivos que yo conozco. Pero camino a casa me lo cuestiono y pienso en c\u00f3mo puedo averiguar si lo que me dice la se\u00f1ora es efectivo. Ah\u00ed las caracter\u00edsticas del ser vivo me pueden servir como punto de partida para hacer experiencias, observaciones, si la puedo matar, si se reproduce, en el fondo ver si la levadura las cumple o no. Son ventanas al conocimiento que ayudan a ampliar nuestros mundos\u201d, explic\u00f3 Furman.<\/p>\n<p>En cuanto a los errores m\u00e1s comunes que cometen los docentes, Melina advierte que \u201cno s\u00e9 si hablar de errores en el aula. Ayuda m\u00e1s pensar en c\u00f3mo fortalecer la pr\u00e1ctica, mejorar algunas cosas que se hacen habitualmente. Mucho de eso tiene que ver con tratar de darle vida al conocimiento. Una m\u00e1xima que para m\u00ed tiene sentido es que menos es m\u00e1s. Dado la longitud de los programas, muchas veces se cae en la pr\u00e1ctica de la cobertura, cuando ense\u00f1amos por arriba, con poca profundidad. Por ese hay que elegir muy estrat\u00e9gicamente cu\u00e1les son los saberes esenciales, qu\u00e9 es lo que no se puede perder un alumno, cu\u00e1les son las grandes ideas y dedicarle un tiempo a esto. Planificar da resultados muy distintos\u201d.<\/p>\n<p>Durante el segundo bloque, los estudiantes y profesores\/as del programa IIE trabajaron las competencias cient\u00edficas de actuar con curiosidad\u00a0 y buscar oportunidades de indagaci\u00f3n del modelo de competencias cient\u00edficas del Programa Explora. Adem\u00e1s, se profundiz\u00f3 sobre el efecto<em> Stroop <\/em>y la interferencia cognitiva a trav\u00e9s de experimentos y planteamiento de interesantes hip\u00f3tesis en que los estudiantes fueron los protagonistas.<\/p>\n","protected":false},"excerpt":{"rendered":"<p>Con la participaci\u00f3n de 25 equipos integrados por estudiantes de Educaci\u00f3n B\u00e1sica y Media y profesores\/as de las comunas de Chill\u00e1n, San Carlos, Quirihue, San Ignacio, Pinto, Coelemu, Bulnes, Trehuaco, San Nicol\u00e1s, R\u00e1nquil, Quill\u00f3n, El Carmen, Coihueco y Chill\u00e1n Viejo, comenz\u00f3 la primera versi\u00f3n de IIE 2020 desarrollado por el Proyecto Asociativo Regional, PAR, Explora [&hellip;]<\/p>\n","protected":false},"author":25,"featured_media":34526,"comment_status":"open","ping_status":"open","sticky":false,"template":"","format":"standard","meta":{"_acf_changed":false,"_exactmetrics_skip_tracking":false,"_exactmetrics_sitenote_active":false,"_exactmetrics_sitenote_note":"","_exactmetrics_sitenote_category":0,"footnotes":"","_links_to":"","_links_to_target":""},"categories":[140,1],"tags":[186,188,200],"class_list":["post-34529","post","type-post","status-publish","format-standard","has-post-thumbnail","hentry","category-lugar-5","category-sin-categoria","tag-iie-2020","tag-investigacion-e-innovacion-escolar","tag-region-de-nuble"],"acf":[],"yoast_head":"<!-- This site is optimized with the Yoast SEO plugin v26.7 - https:\/\/yoast.com\/wordpress\/plugins\/seo\/ -->\n<title>Explora \u00d1uble inicia el Programa de Innovaci\u00f3n e Investigaci\u00f3n Escolar - \u00d1uble<\/title>\n<meta name=\"robots\" content=\"index, follow, max-snippet:-1, max-image-preview:large, max-video-preview:-1\" \/>\n<link rel=\"canonical\" href=\"https:\/\/dev.explora.cl\/nuble\/explora-nuble-inicia-el-programa-de-innovacion-e-investigacion-escolar-2\/\" class=\"yoast-seo-meta-tag\" \/>\n<meta property=\"og:locale\" content=\"es_ES\" class=\"yoast-seo-meta-tag\" \/>\n<meta property=\"og:type\" content=\"article\" class=\"yoast-seo-meta-tag\" \/>\n<meta property=\"og:title\" content=\"Explora \u00d1uble inicia el Programa de Innovaci\u00f3n e Investigaci\u00f3n Escolar - \u00d1uble\" class=\"yoast-seo-meta-tag\" \/>\n<meta property=\"og:description\" content=\"Con la participaci\u00f3n de 25 equipos integrados por estudiantes de Educaci\u00f3n B\u00e1sica y Media y profesores\/as de las comunas de Chill\u00e1n, San Carlos, Quirihue, San Ignacio, Pinto, Coelemu, Bulnes, Trehuaco, San Nicol\u00e1s, R\u00e1nquil, Quill\u00f3n, El Carmen, Coihueco y Chill\u00e1n Viejo, comenz\u00f3 la primera versi\u00f3n de IIE 2020 desarrollado por el Proyecto Asociativo Regional, PAR, Explora [&hellip;]\" class=\"yoast-seo-meta-tag\" \/>\n<meta property=\"og:url\" content=\"https:\/\/dev.explora.cl\/nuble\/explora-nuble-inicia-el-programa-de-innovacion-e-investigacion-escolar-2\/\" class=\"yoast-seo-meta-tag\" \/>\n<meta property=\"og:site_name\" content=\"\u00d1uble\" class=\"yoast-seo-meta-tag\" \/>\n<meta property=\"article:published_time\" content=\"2020-08-07T14:26:03+00:00\" class=\"yoast-seo-meta-tag\" \/>\n<meta property=\"article:modified_time\" content=\"2021-01-12T19:08:14+00:00\" class=\"yoast-seo-meta-tag\" \/>\n<meta property=\"og:image\" content=\"https:\/\/dev.explora.cl\/nuble\/wp-content\/uploads\/sites\/10\/2020\/08\/Charla-15-.png\" class=\"yoast-seo-meta-tag\" \/>\n\t<meta property=\"og:image:width\" content=\"1174\" class=\"yoast-seo-meta-tag\" \/>\n\t<meta property=\"og:image:height\" content=\"684\" class=\"yoast-seo-meta-tag\" \/>\n\t<meta property=\"og:image:type\" content=\"image\/png\" class=\"yoast-seo-meta-tag\" \/>\n<meta name=\"author\" content=\"cbeltran\" class=\"yoast-seo-meta-tag\" \/>\n<meta name=\"twitter:card\" content=\"summary_large_image\" class=\"yoast-seo-meta-tag\" \/>\n<meta name=\"twitter:label1\" content=\"Escrito por\" class=\"yoast-seo-meta-tag\" \/>\n\t<meta name=\"twitter:data1\" content=\"cbeltran\" class=\"yoast-seo-meta-tag\" \/>\n\t<meta name=\"twitter:label2\" content=\"Tiempo estimado de lectura\" class=\"yoast-seo-meta-tag\" \/>\n\t<meta name=\"twitter:data2\" content=\"4 minutos\" class=\"yoast-seo-meta-tag\" \/>\n<script type=\"application\/ld+json\" class=\"yoast-schema-graph\">{\"@context\":\"https:\/\/schema.org\",\"@graph\":[{\"@type\":\"Article\",\"@id\":\"https:\/\/dev.explora.cl\/nuble\/explora-nuble-inicia-el-programa-de-innovacion-e-investigacion-escolar-2\/#article\",\"isPartOf\":{\"@id\":\"https:\/\/dev.explora.cl\/nuble\/explora-nuble-inicia-el-programa-de-innovacion-e-investigacion-escolar-2\/\"},\"author\":{\"name\":\"cbeltran\",\"@id\":\"https:\/\/dev.explora.cl\/nuble\/#\/schema\/person\/f611679f39b55ae7cdea76bc915b056e\"},\"headline\":\"Explora \u00d1uble inicia el Programa de Innovaci\u00f3n e Investigaci\u00f3n Escolar\",\"datePublished\":\"2020-08-07T14:26:03+00:00\",\"dateModified\":\"2021-01-12T19:08:14+00:00\",\"mainEntityOfPage\":{\"@id\":\"https:\/\/dev.explora.cl\/nuble\/explora-nuble-inicia-el-programa-de-innovacion-e-investigacion-escolar-2\/\"},\"wordCount\":887,\"commentCount\":0,\"image\":{\"@id\":\"https:\/\/dev.explora.cl\/nuble\/explora-nuble-inicia-el-programa-de-innovacion-e-investigacion-escolar-2\/#primaryimage\"},\"thumbnailUrl\":\"https:\/\/dev.explora.cl\/nuble\/wp-content\/uploads\/sites\/10\/2020\/08\/Charla-15-.png\",\"keywords\":[\"IIE 2020\",\"Investigaci\u00f3n e Innovaci\u00f3n Escolar\",\"Regi\u00f3n de \u00d1uble\"],\"articleSection\":[\"Lugar 5\"],\"inLanguage\":\"es-CL\",\"potentialAction\":[{\"@type\":\"CommentAction\",\"name\":\"Comment\",\"target\":[\"https:\/\/dev.explora.cl\/nuble\/explora-nuble-inicia-el-programa-de-innovacion-e-investigacion-escolar-2\/#respond\"]}]},{\"@type\":\"WebPage\",\"@id\":\"https:\/\/dev.explora.cl\/nuble\/explora-nuble-inicia-el-programa-de-innovacion-e-investigacion-escolar-2\/\",\"url\":\"https:\/\/dev.explora.cl\/nuble\/explora-nuble-inicia-el-programa-de-innovacion-e-investigacion-escolar-2\/\",\"name\":\"Explora \u00d1uble inicia el Programa de Innovaci\u00f3n e Investigaci\u00f3n Escolar - \u00d1uble\",\"isPartOf\":{\"@id\":\"https:\/\/dev.explora.cl\/nuble\/#website\"},\"primaryImageOfPage\":{\"@id\":\"https:\/\/dev.explora.cl\/nuble\/explora-nuble-inicia-el-programa-de-innovacion-e-investigacion-escolar-2\/#primaryimage\"},\"image\":{\"@id\":\"https:\/\/dev.explora.cl\/nuble\/explora-nuble-inicia-el-programa-de-innovacion-e-investigacion-escolar-2\/#primaryimage\"},\"thumbnailUrl\":\"https:\/\/dev.explora.cl\/nuble\/wp-content\/uploads\/sites\/10\/2020\/08\/Charla-15-.png\",\"datePublished\":\"2020-08-07T14:26:03+00:00\",\"dateModified\":\"2021-01-12T19:08:14+00:00\",\"author\":{\"@id\":\"https:\/\/dev.explora.cl\/nuble\/#\/schema\/person\/f611679f39b55ae7cdea76bc915b056e\"},\"breadcrumb\":{\"@id\":\"https:\/\/dev.explora.cl\/nuble\/explora-nuble-inicia-el-programa-de-innovacion-e-investigacion-escolar-2\/#breadcrumb\"},\"inLanguage\":\"es-CL\",\"potentialAction\":[{\"@type\":\"ReadAction\",\"target\":[\"https:\/\/dev.explora.cl\/nuble\/explora-nuble-inicia-el-programa-de-innovacion-e-investigacion-escolar-2\/\"]}]},{\"@type\":\"ImageObject\",\"inLanguage\":\"es-CL\",\"@id\":\"https:\/\/dev.explora.cl\/nuble\/explora-nuble-inicia-el-programa-de-innovacion-e-investigacion-escolar-2\/#primaryimage\",\"url\":\"https:\/\/dev.explora.cl\/nuble\/wp-content\/uploads\/sites\/10\/2020\/08\/Charla-15-.png\",\"contentUrl\":\"https:\/\/dev.explora.cl\/nuble\/wp-content\/uploads\/sites\/10\/2020\/08\/Charla-15-.png\",\"width\":1174,\"height\":684},{\"@type\":\"BreadcrumbList\",\"@id\":\"https:\/\/dev.explora.cl\/nuble\/explora-nuble-inicia-el-programa-de-innovacion-e-investigacion-escolar-2\/#breadcrumb\",\"itemListElement\":[{\"@type\":\"ListItem\",\"position\":1,\"name\":\"Portada\",\"item\":\"https:\/\/dev.explora.cl\/nuble\/\"},{\"@type\":\"ListItem\",\"position\":2,\"name\":\"Explora \u00d1uble inicia el Programa de Innovaci\u00f3n e Investigaci\u00f3n Escolar\"}]},{\"@type\":\"WebSite\",\"@id\":\"https:\/\/dev.explora.cl\/nuble\/#website\",\"url\":\"https:\/\/dev.explora.cl\/nuble\/\",\"name\":\"\u00d1uble\",\"description\":\"Otro sitio m\u00e1s de dev.explora.cl\",\"potentialAction\":[{\"@type\":\"SearchAction\",\"target\":{\"@type\":\"EntryPoint\",\"urlTemplate\":\"https:\/\/dev.explora.cl\/nuble\/?s={search_term_string}\"},\"query-input\":{\"@type\":\"PropertyValueSpecification\",\"valueRequired\":true,\"valueName\":\"search_term_string\"}}],\"inLanguage\":\"es-CL\"},{\"@type\":\"Person\",\"@id\":\"https:\/\/dev.explora.cl\/nuble\/#\/schema\/person\/f611679f39b55ae7cdea76bc915b056e\",\"name\":\"cbeltran\",\"image\":{\"@type\":\"ImageObject\",\"inLanguage\":\"es-CL\",\"@id\":\"https:\/\/dev.explora.cl\/nuble\/#\/schema\/person\/image\/\",\"url\":\"https:\/\/secure.gravatar.com\/avatar\/fde624b0b0faed85e420465a1cdb73a02c199b16b1d2d6bfe0a82b9ba438afbd?s=96&d=mm&r=g\",\"contentUrl\":\"https:\/\/secure.gravatar.com\/avatar\/fde624b0b0faed85e420465a1cdb73a02c199b16b1d2d6bfe0a82b9ba438afbd?s=96&d=mm&r=g\",\"caption\":\"cbeltran\"},\"url\":\"https:\/\/dev.explora.cl\/nuble\/author\/cbeltran\/\"}]}<\/script>\n<!-- \/ Yoast SEO plugin. -->","yoast_head_json":{"title":"Explora \u00d1uble inicia el Programa de Innovaci\u00f3n e Investigaci\u00f3n Escolar - \u00d1uble","robots":{"index":"index","follow":"follow","max-snippet":"max-snippet:-1","max-image-preview":"max-image-preview:large","max-video-preview":"max-video-preview:-1"},"canonical":"https:\/\/dev.explora.cl\/nuble\/explora-nuble-inicia-el-programa-de-innovacion-e-investigacion-escolar-2\/","og_locale":"es_ES","og_type":"article","og_title":"Explora \u00d1uble inicia el Programa de Innovaci\u00f3n e Investigaci\u00f3n Escolar - \u00d1uble","og_description":"Con la participaci\u00f3n de 25 equipos integrados por estudiantes de Educaci\u00f3n B\u00e1sica y Media y profesores\/as de las comunas de Chill\u00e1n, San Carlos, Quirihue, San Ignacio, Pinto, Coelemu, Bulnes, Trehuaco, San Nicol\u00e1s, R\u00e1nquil, Quill\u00f3n, El Carmen, Coihueco y Chill\u00e1n Viejo, comenz\u00f3 la primera versi\u00f3n de IIE 2020 desarrollado por el Proyecto Asociativo Regional, PAR, Explora [&hellip;]","og_url":"https:\/\/dev.explora.cl\/nuble\/explora-nuble-inicia-el-programa-de-innovacion-e-investigacion-escolar-2\/","og_site_name":"\u00d1uble","article_published_time":"2020-08-07T14:26:03+00:00","article_modified_time":"2021-01-12T19:08:14+00:00","og_image":[{"width":1174,"height":684,"url":"https:\/\/dev.explora.cl\/nuble\/wp-content\/uploads\/sites\/10\/2020\/08\/Charla-15-.png","type":"image\/png"}],"author":"cbeltran","twitter_card":"summary_large_image","twitter_misc":{"Escrito por":"cbeltran","Tiempo estimado de lectura":"4 minutos"},"schema":{"@context":"https:\/\/schema.org","@graph":[{"@type":"Article","@id":"https:\/\/dev.explora.cl\/nuble\/explora-nuble-inicia-el-programa-de-innovacion-e-investigacion-escolar-2\/#article","isPartOf":{"@id":"https:\/\/dev.explora.cl\/nuble\/explora-nuble-inicia-el-programa-de-innovacion-e-investigacion-escolar-2\/"},"author":{"name":"cbeltran","@id":"https:\/\/dev.explora.cl\/nuble\/#\/schema\/person\/f611679f39b55ae7cdea76bc915b056e"},"headline":"Explora \u00d1uble inicia el Programa de Innovaci\u00f3n e Investigaci\u00f3n Escolar","datePublished":"2020-08-07T14:26:03+00:00","dateModified":"2021-01-12T19:08:14+00:00","mainEntityOfPage":{"@id":"https:\/\/dev.explora.cl\/nuble\/explora-nuble-inicia-el-programa-de-innovacion-e-investigacion-escolar-2\/"},"wordCount":887,"commentCount":0,"image":{"@id":"https:\/\/dev.explora.cl\/nuble\/explora-nuble-inicia-el-programa-de-innovacion-e-investigacion-escolar-2\/#primaryimage"},"thumbnailUrl":"https:\/\/dev.explora.cl\/nuble\/wp-content\/uploads\/sites\/10\/2020\/08\/Charla-15-.png","keywords":["IIE 2020","Investigaci\u00f3n e Innovaci\u00f3n Escolar","Regi\u00f3n de \u00d1uble"],"articleSection":["Lugar 5"],"inLanguage":"es-CL","potentialAction":[{"@type":"CommentAction","name":"Comment","target":["https:\/\/dev.explora.cl\/nuble\/explora-nuble-inicia-el-programa-de-innovacion-e-investigacion-escolar-2\/#respond"]}]},{"@type":"WebPage","@id":"https:\/\/dev.explora.cl\/nuble\/explora-nuble-inicia-el-programa-de-innovacion-e-investigacion-escolar-2\/","url":"https:\/\/dev.explora.cl\/nuble\/explora-nuble-inicia-el-programa-de-innovacion-e-investigacion-escolar-2\/","name":"Explora \u00d1uble inicia el Programa de Innovaci\u00f3n e Investigaci\u00f3n Escolar - \u00d1uble","isPartOf":{"@id":"https:\/\/dev.explora.cl\/nuble\/#website"},"primaryImageOfPage":{"@id":"https:\/\/dev.explora.cl\/nuble\/explora-nuble-inicia-el-programa-de-innovacion-e-investigacion-escolar-2\/#primaryimage"},"image":{"@id":"https:\/\/dev.explora.cl\/nuble\/explora-nuble-inicia-el-programa-de-innovacion-e-investigacion-escolar-2\/#primaryimage"},"thumbnailUrl":"https:\/\/dev.explora.cl\/nuble\/wp-content\/uploads\/sites\/10\/2020\/08\/Charla-15-.png","datePublished":"2020-08-07T14:26:03+00:00","dateModified":"2021-01-12T19:08:14+00:00","author":{"@id":"https:\/\/dev.explora.cl\/nuble\/#\/schema\/person\/f611679f39b55ae7cdea76bc915b056e"},"breadcrumb":{"@id":"https:\/\/dev.explora.cl\/nuble\/explora-nuble-inicia-el-programa-de-innovacion-e-investigacion-escolar-2\/#breadcrumb"},"inLanguage":"es-CL","potentialAction":[{"@type":"ReadAction","target":["https:\/\/dev.explora.cl\/nuble\/explora-nuble-inicia-el-programa-de-innovacion-e-investigacion-escolar-2\/"]}]},{"@type":"ImageObject","inLanguage":"es-CL","@id":"https:\/\/dev.explora.cl\/nuble\/explora-nuble-inicia-el-programa-de-innovacion-e-investigacion-escolar-2\/#primaryimage","url":"https:\/\/dev.explora.cl\/nuble\/wp-content\/uploads\/sites\/10\/2020\/08\/Charla-15-.png","contentUrl":"https:\/\/dev.explora.cl\/nuble\/wp-content\/uploads\/sites\/10\/2020\/08\/Charla-15-.png","width":1174,"height":684},{"@type":"BreadcrumbList","@id":"https:\/\/dev.explora.cl\/nuble\/explora-nuble-inicia-el-programa-de-innovacion-e-investigacion-escolar-2\/#breadcrumb","itemListElement":[{"@type":"ListItem","position":1,"name":"Portada","item":"https:\/\/dev.explora.cl\/nuble\/"},{"@type":"ListItem","position":2,"name":"Explora \u00d1uble inicia el Programa de Innovaci\u00f3n e Investigaci\u00f3n Escolar"}]},{"@type":"WebSite","@id":"https:\/\/dev.explora.cl\/nuble\/#website","url":"https:\/\/dev.explora.cl\/nuble\/","name":"\u00d1uble","description":"Otro sitio m\u00e1s de dev.explora.cl","potentialAction":[{"@type":"SearchAction","target":{"@type":"EntryPoint","urlTemplate":"https:\/\/dev.explora.cl\/nuble\/?s={search_term_string}"},"query-input":{"@type":"PropertyValueSpecification","valueRequired":true,"valueName":"search_term_string"}}],"inLanguage":"es-CL"},{"@type":"Person","@id":"https:\/\/dev.explora.cl\/nuble\/#\/schema\/person\/f611679f39b55ae7cdea76bc915b056e","name":"cbeltran","image":{"@type":"ImageObject","inLanguage":"es-CL","@id":"https:\/\/dev.explora.cl\/nuble\/#\/schema\/person\/image\/","url":"https:\/\/secure.gravatar.com\/avatar\/fde624b0b0faed85e420465a1cdb73a02c199b16b1d2d6bfe0a82b9ba438afbd?s=96&d=mm&r=g","contentUrl":"https:\/\/secure.gravatar.com\/avatar\/fde624b0b0faed85e420465a1cdb73a02c199b16b1d2d6bfe0a82b9ba438afbd?s=96&d=mm&r=g","caption":"cbeltran"},"url":"https:\/\/dev.explora.cl\/nuble\/author\/cbeltran\/"}]}},"_links":{"self":[{"href":"https:\/\/dev.explora.cl\/nuble\/wp-json\/wp\/v2\/posts\/34529","targetHints":{"allow":["GET"]}}],"collection":[{"href":"https:\/\/dev.explora.cl\/nuble\/wp-json\/wp\/v2\/posts"}],"about":[{"href":"https:\/\/dev.explora.cl\/nuble\/wp-json\/wp\/v2\/types\/post"}],"author":[{"embeddable":true,"href":"https:\/\/dev.explora.cl\/nuble\/wp-json\/wp\/v2\/users\/25"}],"replies":[{"embeddable":true,"href":"https:\/\/dev.explora.cl\/nuble\/wp-json\/wp\/v2\/comments?post=34529"}],"version-history":[{"count":4,"href":"https:\/\/dev.explora.cl\/nuble\/wp-json\/wp\/v2\/posts\/34529\/revisions"}],"predecessor-version":[{"id":34784,"href":"https:\/\/dev.explora.cl\/nuble\/wp-json\/wp\/v2\/posts\/34529\/revisions\/34784"}],"wp:featuredmedia":[{"embeddable":true,"href":"https:\/\/dev.explora.cl\/nuble\/wp-json\/wp\/v2\/media\/34526"}],"wp:attachment":[{"href":"https:\/\/dev.explora.cl\/nuble\/wp-json\/wp\/v2\/media?parent=34529"}],"wp:term":[{"taxonomy":"category","embeddable":true,"href":"https:\/\/dev.explora.cl\/nuble\/wp-json\/wp\/v2\/categories?post=34529"},{"taxonomy":"post_tag","embeddable":true,"href":"https:\/\/dev.explora.cl\/nuble\/wp-json\/wp\/v2\/tags?post=34529"}],"curies":[{"name":"wp","href":"https:\/\/api.w.org\/{rel}","templated":true}]}}