{"id":34059,"date":"2019-07-10T10:52:32","date_gmt":"2019-07-10T14:52:32","guid":{"rendered":"https:\/\/dev.explora.cl\/nuble\/?p=34059"},"modified":"2019-07-10T12:20:23","modified_gmt":"2019-07-10T16:20:23","slug":"eclipsados-en-nuble-2-2-2","status":"publish","type":"post","link":"https:\/\/dev.explora.cl\/nuble\/eclipsados-en-nuble-2-2-2\/","title":{"rendered":"M\u00e1s de 11 mil personas participaron de una in\u00e9dita Semana del Sol"},"content":{"rendered":"<p><em>Desde el 25 de junio al 2 de julio la regi\u00f3n de \u00d1uble se visti\u00f3 de ciencia, arte, tecnolog\u00eda e innovaci\u00f3n para promover en los ni\u00f1os, ni\u00f1as, j\u00f3venes y adultos el inter\u00e9s por el conocimiento de nuestra estrella m\u00e1s importante a trav\u00e9s de \u201cLa Semana del Sol\u201d, iniciativa in\u00e9dita organizada por el Proyecto Asociativo Regional, PAR, Explora \u00d1uble de la Universidad de Concepci\u00f3n, Campus Chill\u00e1n. <\/em><\/p>\n<p>El Programa Explora de CONICYT y su Consejo Asesor, compuesto por once acad\u00e9micos expertos en diferentes \u00e1reas, proclamaron el 2019 como el A\u00f1o del Sol.\u00a0 Bajo esta l\u00ednea, el PAR Explora \u00d1uble, integrado por un equipo multidisciplinario, se propuso realizar durante 7 d\u00edas una cartelera de actividades cient\u00edficas dirigidas principalmente a la comunidad escolar.<\/p>\n<p>Durante el lanzamiento de la Semana del Sol, 25 de junio, cerca de 500 estudiantes de las provincias de Punilla, Itata y Diguill\u00edn llegaron al campus Chill\u00e1n, para ser parte de la charla multitudinaria \u201cEclipse solar: Luces, sombras y acci\u00f3n\u201d, dictada por la destacada astr\u00f3noma Lady Johana Henao Ocampo, del Departamento de Astronom\u00eda de la Universidad de Concepci\u00f3n. La cient\u00edfica asegur\u00f3 que el eclipse total de Sol es un \u201cevento \u00fanico, que muestra la alineaci\u00f3n c\u00f3smica perfecta de la tierra, la luna y el sol, dependiendo de su rotaci\u00f3n\u201d.<\/p>\n<p>Al mismo tiempo, comparti\u00f3 la satisfacci\u00f3n de compartir su conocimiento con los escolares \u201clas ciencias y las tecnolog\u00edas transforman nuestro pensamiento y nuestras vidas. Espero que todos los ni\u00f1os y ni\u00f1as interesados por las diversas \u00e1reas del conocimiento contin\u00faen este camino lleno de retos, satisfacciones y oportunidades para aportar al desarrollo de la sociedad\u201d, expres\u00f3.<\/p>\n<p>La m\u00e1xima autoridad del Campus Chill\u00e1n, Dr. Pedro Pablo Rojas, manifest\u00f3 que<strong> \u201cnos agrada que los peque\u00f1os, los futuros cient\u00edficos de la regi\u00f3n y el pa\u00eds, participen de estas instancias de aprendizaje, aqu\u00ed en nuestra universidad. Esperamos que a trav\u00e9s de las actividades propuestas por el PAR Explora \u00d1uble podamos entusiasmarlos desde peque\u00f1os con la ciencia para que ellos sean los futuros creadores de conocimiento. Sin duda, estas actividades contribuyen a ese entusiasmo\u201d.<\/strong><\/p>\n<p>Gracias al trabajo colaborativo de la Red Multi Institucional PAR Explora \u00d1uble integrada por CICAT, DAEM Chill\u00e1n, Universidad Adventista (UnACH), INACAP, diario La Discusi\u00f3n, Teatro Municipal de Chill\u00e1n, CORFO, Fundaci\u00f3n Yo Tambi\u00e9n, Municipalidad de Coelemu, The Oz cine &amp; cafeter\u00eda y complejo deportivo Quilamapu de la Municipalidad de Chill\u00e1n, se realizaron observaciones astron\u00f3micas, charlas interactivas, talleres did\u00e1cticos, laboratorios abiertos y cine 3D.<\/p>\n<p>En este sentido el director del PAR Explora \u00d1uble y Jefe de Vinculaci\u00f3n con el Medio, Dr. Diego Rivera, recalc\u00f3 el esp\u00edritu colaborativo con las instituciones vinculadas a quehacer cient\u00edfico tecnol\u00f3gico. <strong>\u201cDado que este es el primer proyecto PAR localizado en la nueva Regi\u00f3n de \u00d1uble, buscamos aumentar la cobertura de actividades de divulgaci\u00f3n de las ciencias -todas las ciencias- como las ciencias sociales, de la salud, de la comunicaci\u00f3n y las ciencias naturales y exactas, a todas las comunas de la regi\u00f3n. Por eso buscamos que \u00d1uble, cuna de h\u00e9roes y artistas, ahora sea adem\u00e1s la cuna de futuros cient\u00edficos a partir de alianzas y co-creaci\u00f3n de conocimiento con otras instituciones\u201d, expuso Rivera.<\/strong><\/p>\n<p>Bajo este esp\u00edritu de asociatividad la Universidad Adventista de Chile (UnACH) realiz\u00f3 el taller \u201cTransformar residuos en abonos\u201d para estudiantes de s\u00e9ptimo b\u00e1sico a cuarto medio. Al mismo tiempo, abri\u00f3 sus laboratorios para recibir a delegaciones de estudiantes de las comunas de Chill\u00e1n, Bulnes, Portezuelo y Coihueco.<\/p>\n<p>El rector de la Universidad Adventista de Chile (UnACh), Mauricio Comte, expres\u00f3 el sentido de colaboraci\u00f3n y compromiso entre las instituciones de educaci\u00f3n superior <strong>\u201cel desarrollo cient\u00edfico que podemos vislumbrar para \u00d1uble y el pa\u00eds debe sortear m\u00faltiples desaf\u00edos. En este sentido, la colaboraci\u00f3n que pueda existir entre las distintas casas de estudios superiores, la academia, y la comunidad, en el marco de establecer un compromiso con la transferencia y construcci\u00f3n del conocimiento, ser\u00e1 la v\u00eda para lograr un crecimiento sostenido y perdurable\u201d.<\/strong><\/p>\n<p>Los estudiantes de primer ciclo tambi\u00e9n estuvieron presentes en la Semana del Sol a trav\u00e9s de la colaboraci\u00f3n del proyecto Avanzado de Ciencia y Tecnolog\u00eda del Departamento de Educaci\u00f3n de la Municipalidad de Chill\u00e1n en conjunto con Cine The Oz, cerca de 50 ni\u00f1os y ni\u00f1as disfrutaron una funci\u00f3n de cine 3D en la que se present\u00f3 el \u201cLorax\u201d: historia animada que narra la vida en un pueblo en el cual ya no crecen \u00e1rboles ni nada vegetal. De esta manera, se transmite el cuidado al medio ambiente a trav\u00e9s de una experiencia did\u00e1ctica e interactiva.<\/p>\n<p>El arte tambi\u00e9n estuvo presente en la semana a trav\u00e9s de la premiaci\u00f3n de la expo fotogr\u00e1fica \u201cAmaneceres y atardeceres de \u00d1uble\u201d, la que se ejecut\u00f3 en colaboraci\u00f3n con el Teatro Municipal de Chill\u00e1n. Las im\u00e1genes fueron evaluadas por un selecto jurado integrado por el subdirector del Campus Chill\u00e1n, Dr. Juan Alberto Barrera, la encargada de Comunicaciones de la Secretar\u00eda Regional Ministerial de las culturas, las artes y el patrimonio, Sra. Pamela Cornejo, y el reconocido fot\u00f3grafo de \u00d1uble, el Sr. Eduardo Sol\u00eds Andrade. Cerca de 100 personas participaron, siendo Florencia Bustamante (16), Carla V\u00e1squez (17) y Juan Carmona (27) los ganadores de esta iniciativa adjudic\u00e1ndose un telescopio y lentes para observar nuestra estrella m\u00e1s importante.<\/p>\n<p>Para culminar la semana, el 2 de julio la regi\u00f3n fue protagonista de un evento astron\u00f3mico natural sorprendente. Eclipsados en \u00d1uble fue el nombre de la actividad que reuni\u00f3, desde las 14.30 horas, m\u00e1s de 1500 personas en el Complejo Deportivo Quilamapu.<\/p>\n<p>El evento consider\u00f3la entrega de lentes certificados para desarrollar un avistamiento masivo junto al Licenciado en Astronom\u00eda de la Universidad de Concepci\u00f3n, Miguel L\u00f3pez, quien explic\u00f3 las diferencias entre lo observado en \u00d1uble con La Serena, donde el eclipse tuvo un cien por ciento de visibilidad.<strong> \u201cEn La Serena lo que se va a ver es un eclipse total, justo lo que va a pasar sobre ellos es la zona de umbra, la parte m\u00e1s oscura de un eclipse, que se extiende solamente por 150 kil\u00f3metros. Lo que vamos a ver nosotros es la penumbra, que es la sombra m\u00e1s grande que tiene un eclipse y tambi\u00e9n la m\u00e1s clara, observando un 83% del fen\u00f3meno\u201d, analiz\u00f3.<\/strong><\/p>\n<p>Los ni\u00f1os formularon preguntas al astr\u00f3nomo, quien debi\u00f3 explicar por qu\u00e9 la temperatura baja cuando la Luna se interpone entre el Sol y la Tierra, o la causan por la que los animales actuar\u00edan diferente.<\/p>\n<p>La Semana del Sol, iniciativa in\u00e9dita de la regi\u00f3n, cont\u00f3 con la participaci\u00f3n de m\u00e1s de 11 mil personas. De ellas, destaca la alta convocatoria de p\u00fablico escolar, con 70,6% de establecimientos pertenecientes a la provincia de Diguill\u00edn, 20,6% de Punilla y 8,8% correspondiente a la zona de Itata. \u00a1\u00d1uble cuna de h\u00e9roes, artistas y ahora cient\u00edficos\/as!<\/p>\n","protected":false},"excerpt":{"rendered":"<p>Desde el 25 de junio al 2 de julio la regi\u00f3n de \u00d1uble se visti\u00f3 de ciencia, arte, tecnolog\u00eda e innovaci\u00f3n para promover en los ni\u00f1os, ni\u00f1as, j\u00f3venes y adultos el inter\u00e9s por el conocimiento de nuestra estrella m\u00e1s importante a trav\u00e9s de \u201cLa Semana del Sol\u201d, iniciativa in\u00e9dita organizada por el Proyecto Asociativo Regional, [&hellip;]<\/p>\n","protected":false},"author":25,"featured_media":34062,"comment_status":"open","ping_status":"open","sticky":false,"template":"","format":"standard","meta":{"_acf_changed":false,"_exactmetrics_skip_tracking":false,"_exactmetrics_sitenote_active":false,"_exactmetrics_sitenote_note":"","_exactmetrics_sitenote_category":0,"footnotes":"","_links_to":"","_links_to_target":""},"categories":[1],"tags":[168,169],"class_list":["post-34059","post","type-post","status-publish","format-standard","has-post-thumbnail","hentry","category-sin-categoria","tag-eclipsesolar-parexploranuble","tag-nuble-semanadelsol"],"acf":[],"yoast_head":"<!-- This site is optimized with the Yoast SEO plugin v26.7 - https:\/\/yoast.com\/wordpress\/plugins\/seo\/ -->\n<title>M\u00e1s de 11 mil personas participaron de una in\u00e9dita Semana del Sol - \u00d1uble<\/title>\n<meta name=\"robots\" content=\"index, follow, max-snippet:-1, max-image-preview:large, max-video-preview:-1\" \/>\n<link rel=\"canonical\" href=\"https:\/\/dev.explora.cl\/nuble\/eclipsados-en-nuble-2-2-2\/\" class=\"yoast-seo-meta-tag\" \/>\n<meta property=\"og:locale\" content=\"es_ES\" class=\"yoast-seo-meta-tag\" \/>\n<meta property=\"og:type\" content=\"article\" class=\"yoast-seo-meta-tag\" \/>\n<meta property=\"og:title\" content=\"M\u00e1s de 11 mil personas participaron de una in\u00e9dita Semana del Sol - \u00d1uble\" class=\"yoast-seo-meta-tag\" \/>\n<meta property=\"og:description\" content=\"Desde el 25 de junio al 2 de julio la regi\u00f3n de \u00d1uble se visti\u00f3 de ciencia, arte, tecnolog\u00eda e innovaci\u00f3n para promover en los ni\u00f1os, ni\u00f1as, j\u00f3venes y adultos el inter\u00e9s por el conocimiento de nuestra estrella m\u00e1s importante a trav\u00e9s de \u201cLa Semana del Sol\u201d, iniciativa in\u00e9dita organizada por el Proyecto Asociativo Regional, [&hellip;]\" class=\"yoast-seo-meta-tag\" \/>\n<meta property=\"og:url\" content=\"https:\/\/dev.explora.cl\/nuble\/eclipsados-en-nuble-2-2-2\/\" class=\"yoast-seo-meta-tag\" \/>\n<meta property=\"og:site_name\" content=\"\u00d1uble\" class=\"yoast-seo-meta-tag\" \/>\n<meta property=\"article:published_time\" content=\"2019-07-10T14:52:32+00:00\" class=\"yoast-seo-meta-tag\" \/>\n<meta property=\"article:modified_time\" content=\"2019-07-10T16:20:23+00:00\" class=\"yoast-seo-meta-tag\" \/>\n<meta property=\"og:image\" content=\"https:\/\/dev.explora.cl\/nuble\/wp-content\/uploads\/sites\/10\/2019\/07\/banner_web_explora_eclipsepng_Mesa-de-trabajo-1-copia-4.jpg\" class=\"yoast-seo-meta-tag\" \/>\n\t<meta property=\"og:image:width\" content=\"1535\" class=\"yoast-seo-meta-tag\" \/>\n\t<meta property=\"og:image:height\" content=\"875\" class=\"yoast-seo-meta-tag\" \/>\n\t<meta property=\"og:image:type\" content=\"image\/jpeg\" class=\"yoast-seo-meta-tag\" \/>\n<meta name=\"author\" content=\"cbeltran\" class=\"yoast-seo-meta-tag\" \/>\n<meta name=\"twitter:card\" content=\"summary_large_image\" class=\"yoast-seo-meta-tag\" \/>\n<meta name=\"twitter:label1\" content=\"Escrito por\" class=\"yoast-seo-meta-tag\" \/>\n\t<meta name=\"twitter:data1\" content=\"cbeltran\" class=\"yoast-seo-meta-tag\" \/>\n\t<meta name=\"twitter:label2\" content=\"Tiempo estimado de lectura\" class=\"yoast-seo-meta-tag\" \/>\n\t<meta name=\"twitter:data2\" content=\"6 minutos\" class=\"yoast-seo-meta-tag\" \/>\n<script type=\"application\/ld+json\" class=\"yoast-schema-graph\">{\"@context\":\"https:\/\/schema.org\",\"@graph\":[{\"@type\":\"Article\",\"@id\":\"https:\/\/dev.explora.cl\/nuble\/eclipsados-en-nuble-2-2-2\/#article\",\"isPartOf\":{\"@id\":\"https:\/\/dev.explora.cl\/nuble\/eclipsados-en-nuble-2-2-2\/\"},\"author\":{\"name\":\"cbeltran\",\"@id\":\"https:\/\/dev.explora.cl\/nuble\/#\/schema\/person\/f611679f39b55ae7cdea76bc915b056e\"},\"headline\":\"M\u00e1s de 11 mil personas participaron de una in\u00e9dita Semana del Sol\",\"datePublished\":\"2019-07-10T14:52:32+00:00\",\"dateModified\":\"2019-07-10T16:20:23+00:00\",\"mainEntityOfPage\":{\"@id\":\"https:\/\/dev.explora.cl\/nuble\/eclipsados-en-nuble-2-2-2\/\"},\"wordCount\":1221,\"commentCount\":0,\"image\":{\"@id\":\"https:\/\/dev.explora.cl\/nuble\/eclipsados-en-nuble-2-2-2\/#primaryimage\"},\"thumbnailUrl\":\"https:\/\/dev.explora.cl\/nuble\/wp-content\/uploads\/sites\/10\/2019\/07\/banner_web_explora_eclipsepng_Mesa-de-trabajo-1-copia-4.jpg\",\"keywords\":[\"#EclipseSolar #PARExplora\u00d1uble\",\"#nuble #SemanaDelSol\"],\"inLanguage\":\"es-CL\",\"potentialAction\":[{\"@type\":\"CommentAction\",\"name\":\"Comment\",\"target\":[\"https:\/\/dev.explora.cl\/nuble\/eclipsados-en-nuble-2-2-2\/#respond\"]}]},{\"@type\":\"WebPage\",\"@id\":\"https:\/\/dev.explora.cl\/nuble\/eclipsados-en-nuble-2-2-2\/\",\"url\":\"https:\/\/dev.explora.cl\/nuble\/eclipsados-en-nuble-2-2-2\/\",\"name\":\"M\u00e1s de 11 mil personas participaron de una in\u00e9dita Semana del Sol - \u00d1uble\",\"isPartOf\":{\"@id\":\"https:\/\/dev.explora.cl\/nuble\/#website\"},\"primaryImageOfPage\":{\"@id\":\"https:\/\/dev.explora.cl\/nuble\/eclipsados-en-nuble-2-2-2\/#primaryimage\"},\"image\":{\"@id\":\"https:\/\/dev.explora.cl\/nuble\/eclipsados-en-nuble-2-2-2\/#primaryimage\"},\"thumbnailUrl\":\"https:\/\/dev.explora.cl\/nuble\/wp-content\/uploads\/sites\/10\/2019\/07\/banner_web_explora_eclipsepng_Mesa-de-trabajo-1-copia-4.jpg\",\"datePublished\":\"2019-07-10T14:52:32+00:00\",\"dateModified\":\"2019-07-10T16:20:23+00:00\",\"author\":{\"@id\":\"https:\/\/dev.explora.cl\/nuble\/#\/schema\/person\/f611679f39b55ae7cdea76bc915b056e\"},\"breadcrumb\":{\"@id\":\"https:\/\/dev.explora.cl\/nuble\/eclipsados-en-nuble-2-2-2\/#breadcrumb\"},\"inLanguage\":\"es-CL\",\"potentialAction\":[{\"@type\":\"ReadAction\",\"target\":[\"https:\/\/dev.explora.cl\/nuble\/eclipsados-en-nuble-2-2-2\/\"]}]},{\"@type\":\"ImageObject\",\"inLanguage\":\"es-CL\",\"@id\":\"https:\/\/dev.explora.cl\/nuble\/eclipsados-en-nuble-2-2-2\/#primaryimage\",\"url\":\"https:\/\/dev.explora.cl\/nuble\/wp-content\/uploads\/sites\/10\/2019\/07\/banner_web_explora_eclipsepng_Mesa-de-trabajo-1-copia-4.jpg\",\"contentUrl\":\"https:\/\/dev.explora.cl\/nuble\/wp-content\/uploads\/sites\/10\/2019\/07\/banner_web_explora_eclipsepng_Mesa-de-trabajo-1-copia-4.jpg\",\"width\":1535,\"height\":875},{\"@type\":\"BreadcrumbList\",\"@id\":\"https:\/\/dev.explora.cl\/nuble\/eclipsados-en-nuble-2-2-2\/#breadcrumb\",\"itemListElement\":[{\"@type\":\"ListItem\",\"position\":1,\"name\":\"Portada\",\"item\":\"https:\/\/dev.explora.cl\/nuble\/\"},{\"@type\":\"ListItem\",\"position\":2,\"name\":\"M\u00e1s de 11 mil personas participaron de una in\u00e9dita Semana del Sol\"}]},{\"@type\":\"WebSite\",\"@id\":\"https:\/\/dev.explora.cl\/nuble\/#website\",\"url\":\"https:\/\/dev.explora.cl\/nuble\/\",\"name\":\"\u00d1uble\",\"description\":\"Otro sitio m\u00e1s de dev.explora.cl\",\"potentialAction\":[{\"@type\":\"SearchAction\",\"target\":{\"@type\":\"EntryPoint\",\"urlTemplate\":\"https:\/\/dev.explora.cl\/nuble\/?s={search_term_string}\"},\"query-input\":{\"@type\":\"PropertyValueSpecification\",\"valueRequired\":true,\"valueName\":\"search_term_string\"}}],\"inLanguage\":\"es-CL\"},{\"@type\":\"Person\",\"@id\":\"https:\/\/dev.explora.cl\/nuble\/#\/schema\/person\/f611679f39b55ae7cdea76bc915b056e\",\"name\":\"cbeltran\",\"image\":{\"@type\":\"ImageObject\",\"inLanguage\":\"es-CL\",\"@id\":\"https:\/\/dev.explora.cl\/nuble\/#\/schema\/person\/image\/\",\"url\":\"https:\/\/secure.gravatar.com\/avatar\/fde624b0b0faed85e420465a1cdb73a02c199b16b1d2d6bfe0a82b9ba438afbd?s=96&d=mm&r=g\",\"contentUrl\":\"https:\/\/secure.gravatar.com\/avatar\/fde624b0b0faed85e420465a1cdb73a02c199b16b1d2d6bfe0a82b9ba438afbd?s=96&d=mm&r=g\",\"caption\":\"cbeltran\"},\"url\":\"https:\/\/dev.explora.cl\/nuble\/author\/cbeltran\/\"}]}<\/script>\n<!-- \/ Yoast SEO plugin. -->","yoast_head_json":{"title":"M\u00e1s de 11 mil personas participaron de una in\u00e9dita Semana del Sol - \u00d1uble","robots":{"index":"index","follow":"follow","max-snippet":"max-snippet:-1","max-image-preview":"max-image-preview:large","max-video-preview":"max-video-preview:-1"},"canonical":"https:\/\/dev.explora.cl\/nuble\/eclipsados-en-nuble-2-2-2\/","og_locale":"es_ES","og_type":"article","og_title":"M\u00e1s de 11 mil personas participaron de una in\u00e9dita Semana del Sol - \u00d1uble","og_description":"Desde el 25 de junio al 2 de julio la regi\u00f3n de \u00d1uble se visti\u00f3 de ciencia, arte, tecnolog\u00eda e innovaci\u00f3n para promover en los ni\u00f1os, ni\u00f1as, j\u00f3venes y adultos el inter\u00e9s por el conocimiento de nuestra estrella m\u00e1s importante a trav\u00e9s de \u201cLa Semana del Sol\u201d, iniciativa in\u00e9dita organizada por el Proyecto Asociativo Regional, [&hellip;]","og_url":"https:\/\/dev.explora.cl\/nuble\/eclipsados-en-nuble-2-2-2\/","og_site_name":"\u00d1uble","article_published_time":"2019-07-10T14:52:32+00:00","article_modified_time":"2019-07-10T16:20:23+00:00","og_image":[{"width":1535,"height":875,"url":"https:\/\/dev.explora.cl\/nuble\/wp-content\/uploads\/sites\/10\/2019\/07\/banner_web_explora_eclipsepng_Mesa-de-trabajo-1-copia-4.jpg","type":"image\/jpeg"}],"author":"cbeltran","twitter_card":"summary_large_image","twitter_misc":{"Escrito por":"cbeltran","Tiempo estimado de lectura":"6 minutos"},"schema":{"@context":"https:\/\/schema.org","@graph":[{"@type":"Article","@id":"https:\/\/dev.explora.cl\/nuble\/eclipsados-en-nuble-2-2-2\/#article","isPartOf":{"@id":"https:\/\/dev.explora.cl\/nuble\/eclipsados-en-nuble-2-2-2\/"},"author":{"name":"cbeltran","@id":"https:\/\/dev.explora.cl\/nuble\/#\/schema\/person\/f611679f39b55ae7cdea76bc915b056e"},"headline":"M\u00e1s de 11 mil personas participaron de una in\u00e9dita Semana del Sol","datePublished":"2019-07-10T14:52:32+00:00","dateModified":"2019-07-10T16:20:23+00:00","mainEntityOfPage":{"@id":"https:\/\/dev.explora.cl\/nuble\/eclipsados-en-nuble-2-2-2\/"},"wordCount":1221,"commentCount":0,"image":{"@id":"https:\/\/dev.explora.cl\/nuble\/eclipsados-en-nuble-2-2-2\/#primaryimage"},"thumbnailUrl":"https:\/\/dev.explora.cl\/nuble\/wp-content\/uploads\/sites\/10\/2019\/07\/banner_web_explora_eclipsepng_Mesa-de-trabajo-1-copia-4.jpg","keywords":["#EclipseSolar #PARExplora\u00d1uble","#nuble #SemanaDelSol"],"inLanguage":"es-CL","potentialAction":[{"@type":"CommentAction","name":"Comment","target":["https:\/\/dev.explora.cl\/nuble\/eclipsados-en-nuble-2-2-2\/#respond"]}]},{"@type":"WebPage","@id":"https:\/\/dev.explora.cl\/nuble\/eclipsados-en-nuble-2-2-2\/","url":"https:\/\/dev.explora.cl\/nuble\/eclipsados-en-nuble-2-2-2\/","name":"M\u00e1s de 11 mil personas participaron de una in\u00e9dita Semana del Sol - \u00d1uble","isPartOf":{"@id":"https:\/\/dev.explora.cl\/nuble\/#website"},"primaryImageOfPage":{"@id":"https:\/\/dev.explora.cl\/nuble\/eclipsados-en-nuble-2-2-2\/#primaryimage"},"image":{"@id":"https:\/\/dev.explora.cl\/nuble\/eclipsados-en-nuble-2-2-2\/#primaryimage"},"thumbnailUrl":"https:\/\/dev.explora.cl\/nuble\/wp-content\/uploads\/sites\/10\/2019\/07\/banner_web_explora_eclipsepng_Mesa-de-trabajo-1-copia-4.jpg","datePublished":"2019-07-10T14:52:32+00:00","dateModified":"2019-07-10T16:20:23+00:00","author":{"@id":"https:\/\/dev.explora.cl\/nuble\/#\/schema\/person\/f611679f39b55ae7cdea76bc915b056e"},"breadcrumb":{"@id":"https:\/\/dev.explora.cl\/nuble\/eclipsados-en-nuble-2-2-2\/#breadcrumb"},"inLanguage":"es-CL","potentialAction":[{"@type":"ReadAction","target":["https:\/\/dev.explora.cl\/nuble\/eclipsados-en-nuble-2-2-2\/"]}]},{"@type":"ImageObject","inLanguage":"es-CL","@id":"https:\/\/dev.explora.cl\/nuble\/eclipsados-en-nuble-2-2-2\/#primaryimage","url":"https:\/\/dev.explora.cl\/nuble\/wp-content\/uploads\/sites\/10\/2019\/07\/banner_web_explora_eclipsepng_Mesa-de-trabajo-1-copia-4.jpg","contentUrl":"https:\/\/dev.explora.cl\/nuble\/wp-content\/uploads\/sites\/10\/2019\/07\/banner_web_explora_eclipsepng_Mesa-de-trabajo-1-copia-4.jpg","width":1535,"height":875},{"@type":"BreadcrumbList","@id":"https:\/\/dev.explora.cl\/nuble\/eclipsados-en-nuble-2-2-2\/#breadcrumb","itemListElement":[{"@type":"ListItem","position":1,"name":"Portada","item":"https:\/\/dev.explora.cl\/nuble\/"},{"@type":"ListItem","position":2,"name":"M\u00e1s de 11 mil personas participaron de una in\u00e9dita Semana del Sol"}]},{"@type":"WebSite","@id":"https:\/\/dev.explora.cl\/nuble\/#website","url":"https:\/\/dev.explora.cl\/nuble\/","name":"\u00d1uble","description":"Otro sitio m\u00e1s de dev.explora.cl","potentialAction":[{"@type":"SearchAction","target":{"@type":"EntryPoint","urlTemplate":"https:\/\/dev.explora.cl\/nuble\/?s={search_term_string}"},"query-input":{"@type":"PropertyValueSpecification","valueRequired":true,"valueName":"search_term_string"}}],"inLanguage":"es-CL"},{"@type":"Person","@id":"https:\/\/dev.explora.cl\/nuble\/#\/schema\/person\/f611679f39b55ae7cdea76bc915b056e","name":"cbeltran","image":{"@type":"ImageObject","inLanguage":"es-CL","@id":"https:\/\/dev.explora.cl\/nuble\/#\/schema\/person\/image\/","url":"https:\/\/secure.gravatar.com\/avatar\/fde624b0b0faed85e420465a1cdb73a02c199b16b1d2d6bfe0a82b9ba438afbd?s=96&d=mm&r=g","contentUrl":"https:\/\/secure.gravatar.com\/avatar\/fde624b0b0faed85e420465a1cdb73a02c199b16b1d2d6bfe0a82b9ba438afbd?s=96&d=mm&r=g","caption":"cbeltran"},"url":"https:\/\/dev.explora.cl\/nuble\/author\/cbeltran\/"}]}},"_links":{"self":[{"href":"https:\/\/dev.explora.cl\/nuble\/wp-json\/wp\/v2\/posts\/34059","targetHints":{"allow":["GET"]}}],"collection":[{"href":"https:\/\/dev.explora.cl\/nuble\/wp-json\/wp\/v2\/posts"}],"about":[{"href":"https:\/\/dev.explora.cl\/nuble\/wp-json\/wp\/v2\/types\/post"}],"author":[{"embeddable":true,"href":"https:\/\/dev.explora.cl\/nuble\/wp-json\/wp\/v2\/users\/25"}],"replies":[{"embeddable":true,"href":"https:\/\/dev.explora.cl\/nuble\/wp-json\/wp\/v2\/comments?post=34059"}],"version-history":[{"count":1,"href":"https:\/\/dev.explora.cl\/nuble\/wp-json\/wp\/v2\/posts\/34059\/revisions"}],"predecessor-version":[{"id":34060,"href":"https:\/\/dev.explora.cl\/nuble\/wp-json\/wp\/v2\/posts\/34059\/revisions\/34060"}],"wp:featuredmedia":[{"embeddable":true,"href":"https:\/\/dev.explora.cl\/nuble\/wp-json\/wp\/v2\/media\/34062"}],"wp:attachment":[{"href":"https:\/\/dev.explora.cl\/nuble\/wp-json\/wp\/v2\/media?parent=34059"}],"wp:term":[{"taxonomy":"category","embeddable":true,"href":"https:\/\/dev.explora.cl\/nuble\/wp-json\/wp\/v2\/categories?post=34059"},{"taxonomy":"post_tag","embeddable":true,"href":"https:\/\/dev.explora.cl\/nuble\/wp-json\/wp\/v2\/tags?post=34059"}],"curies":[{"name":"wp","href":"https:\/\/api.w.org\/{rel}","templated":true}]}}