{"id":34056,"date":"2019-07-03T16:17:49","date_gmt":"2019-07-03T20:17:49","guid":{"rendered":"https:\/\/dev.explora.cl\/nuble\/?p=34056"},"modified":"2019-07-03T16:17:49","modified_gmt":"2019-07-03T20:17:49","slug":"las-ciencias-se-toman-las-tablas-en-las-tierras-de-artistas-2","status":"publish","type":"post","link":"https:\/\/dev.explora.cl\/nuble\/las-ciencias-se-toman-las-tablas-en-las-tierras-de-artistas-2\/","title":{"rendered":"Las ciencias se toman las tablas en las tierras de artistas"},"content":{"rendered":"<p>Las ciencias, las artes y las tecnolog\u00edas han decidido estar m\u00e1s presentes que nunca y bajo el lema \u201c\u00d1uble, cuna de h\u00e9roes, artistas y ahora cient\u00edficos\u201d, es que se desarrollar\u00e1 la Primera Academia de Teatro Ciencia Explora \u00d1uble, dirigida a estudiantes de las provincias de Diguill\u00edn, Punilla e Itata.<\/p>\n<p><strong>La directora del Programa Explora de CONICYT, Natalia Mackenzie, coment\u00f3 que \u201clas artes esc\u00e9nicas son un recurso potente para llevar a cabo pr\u00e1cticas educativas que favorecen el aprendizaje, una herramienta que puede ser utilizada no s\u00f3lo como actividad extra curricular, sino tambi\u00e9n ser incorporada como un elemento m\u00e1s para traspasar contenidos en las clases. A trav\u00e9s de diversas iniciativas, el Programa Explora est\u00e1 impulsando \u00e9sta y otras formas de aprender ciencia, incentivando la experimentaci\u00f3n, el hacerse preguntas y la b\u00fasqueda de respuestas\u201d.<\/strong><\/p>\n<p>El pasado 6 de mayo el Proyecto Asociativo Regional, PAR, Explora CONICYT Regi\u00f3n de \u00d1uble present\u00f3 ante m\u00e1s de mil asistentes las iniciativas que desarrollar\u00e1 durante 2019. En esta oportunidad el director del programa, doctor Diego Rivera, anunci\u00f3 que se impulsar\u00e1 la primera promoci\u00f3n de actores cient\u00edficos escolares de la regi\u00f3n.<\/p>\n<p><strong>\u201cComo Universidad estamos muy contentos de estar a la vanguardia y ser los promotores de la primera generaci\u00f3n de actores cient\u00edficos escolares de la regi\u00f3n de \u00d1uble. Sin duda, establecer v\u00ednculos entre las artes esc\u00e9nicas y las ciencias, en sus diversas \u00e1reas, permite el desarrollo de personas integrales que podr\u00e1n tomar mejores decisiones en su futuro\u201d, coment\u00f3 Rivera.\u00a0<\/strong><\/p>\n<p>Desde el 16 de mayo y hasta el 18 de junio, los profesores y profesoras de establecimientos escolares particulares, subvencionados, municipales o administraci\u00f3n delegada, podr\u00e1n postular y ser los impulsores de obras art\u00edsticas con contenido cient\u00edfico y\/o tecnol\u00f3gico.<\/p>\n<p>La academia de teatro &#8220;Las Ciencias en las Tablas&#8221; del PAR Explora \u00d1uble entregar\u00e1 asesor\u00eda profesional art\u00edstica y cient\u00edfica a trav\u00e9s de 10 talleres en las que se abordar\u00e1: desarrollo de gui\u00f3n, t\u00e9cnicas actorales, dise\u00f1o de vestuario, impostaci\u00f3n de la voz, entre otras.<\/p>\n<p>Las obras se presentar\u00e1n en el teatro Municipal de Chill\u00e1n, ubicado en el centro c\u00edvico en torno a la plaza, espacio \u00edcono del sector por su historia y s\u00edmbolo de renacimiento de una ciudad que necesitaba ponerse de pie luego del terremoto de 8,3 grados Richter en 1939.<\/p>\n<p>\u00bfQu\u00e9 ser\u00eda de la ciencia si los ingenieros no supiesen dibujar?, o \u00bfqu\u00e9 ser\u00eda del arte, si los artistas no supiesen de dimensiones, perspectiva o ac\u00fastica? La directora de la Corporaci\u00f3n Cultural Municipal de Chill\u00e1n, Estrella Monroy, destac\u00f3 \u201cla importancia de desarrollar iniciativas dirigidas a estudiantes en las que se vinculen las artes y las diversas \u00e1reas del conocimiento\u201d.<\/p>\n<p><strong>\u201cYo pertenezco a una generaci\u00f3n que no tuvo la posibilidad de contar con un teatro para acceder a espect\u00e1culos art\u00edsticos, es una tremenda experiencia para los estudiantes, ni\u00f1os y ni\u00f1as pues desarrollan desde peque\u00f1os el inter\u00e9s por las artes, participaci\u00f3n directa con los actores relevantes del mundo art\u00edstico y cultural que llegan al teatro, eso incide en tener j\u00f3venes que ya saben c\u00f3mo comportarse, respetando los protocolos de un espacio como este y cumplimos nosotros con el desaf\u00edo de crear audiencias comprometidas\u201d, agreg\u00f3 Monroy.<\/strong><\/p>\n<p>Sin duda, el teatro les cambi\u00f3 la vida a los habitantes de la nueva regi\u00f3n y hoy el PAR Explora \u00d1uble trabaja para seguir aportando al legado cultural e hist\u00f3rico a trav\u00e9s de la primera academia de teatro ciencia dirigida a los estudiantes de Diguill\u00edn, Punilla e Itata.<\/p>\n","protected":false},"excerpt":{"rendered":"<p>Las ciencias, las artes y las tecnolog\u00edas han decidido estar m\u00e1s presentes que nunca y bajo el lema \u201c\u00d1uble, cuna de h\u00e9roes, artistas y ahora cient\u00edficos\u201d, es que se desarrollar\u00e1 la Primera Academia de Teatro Ciencia Explora \u00d1uble, dirigida a estudiantes de las provincias de Diguill\u00edn, Punilla e Itata. La directora del Programa Explora de [&hellip;]<\/p>\n","protected":false},"author":25,"featured_media":34054,"comment_status":"open","ping_status":"open","sticky":false,"template":"","format":"standard","meta":{"_acf_changed":false,"_exactmetrics_skip_tracking":false,"_exactmetrics_sitenote_active":false,"_exactmetrics_sitenote_note":"","_exactmetrics_sitenote_category":0,"footnotes":"","_links_to":"","_links_to_target":""},"categories":[1],"tags":[],"class_list":["post-34056","post","type-post","status-publish","format-standard","has-post-thumbnail","hentry","category-sin-categoria"],"acf":[],"yoast_head":"<!-- This site is optimized with the Yoast SEO plugin v26.7 - https:\/\/yoast.com\/wordpress\/plugins\/seo\/ -->\n<title>Las ciencias se toman las tablas en las tierras de artistas - \u00d1uble<\/title>\n<meta name=\"robots\" content=\"index, follow, max-snippet:-1, max-image-preview:large, max-video-preview:-1\" \/>\n<link rel=\"canonical\" href=\"https:\/\/dev.explora.cl\/nuble\/las-ciencias-se-toman-las-tablas-en-las-tierras-de-artistas-2\/\" class=\"yoast-seo-meta-tag\" \/>\n<meta property=\"og:locale\" content=\"es_ES\" class=\"yoast-seo-meta-tag\" \/>\n<meta property=\"og:type\" content=\"article\" class=\"yoast-seo-meta-tag\" \/>\n<meta property=\"og:title\" content=\"Las ciencias se toman las tablas en las tierras de artistas - \u00d1uble\" class=\"yoast-seo-meta-tag\" \/>\n<meta property=\"og:description\" content=\"Las ciencias, las artes y las tecnolog\u00edas han decidido estar m\u00e1s presentes que nunca y bajo el lema \u201c\u00d1uble, cuna de h\u00e9roes, artistas y ahora cient\u00edficos\u201d, es que se desarrollar\u00e1 la Primera Academia de Teatro Ciencia Explora \u00d1uble, dirigida a estudiantes de las provincias de Diguill\u00edn, Punilla e Itata. La directora del Programa Explora de [&hellip;]\" class=\"yoast-seo-meta-tag\" \/>\n<meta property=\"og:url\" content=\"https:\/\/dev.explora.cl\/nuble\/las-ciencias-se-toman-las-tablas-en-las-tierras-de-artistas-2\/\" class=\"yoast-seo-meta-tag\" \/>\n<meta property=\"og:site_name\" content=\"\u00d1uble\" class=\"yoast-seo-meta-tag\" \/>\n<meta property=\"article:published_time\" content=\"2019-07-03T20:17:49+00:00\" class=\"yoast-seo-meta-tag\" \/>\n<meta property=\"og:image\" content=\"https:\/\/dev.explora.cl\/nuble\/wp-content\/uploads\/sites\/10\/2019\/07\/par\u00f1ublexplora-253.jpg\" class=\"yoast-seo-meta-tag\" \/>\n\t<meta property=\"og:image:width\" content=\"5472\" class=\"yoast-seo-meta-tag\" \/>\n\t<meta property=\"og:image:height\" content=\"3648\" class=\"yoast-seo-meta-tag\" \/>\n\t<meta property=\"og:image:type\" content=\"image\/jpeg\" class=\"yoast-seo-meta-tag\" \/>\n<meta name=\"author\" content=\"cbeltran\" class=\"yoast-seo-meta-tag\" \/>\n<meta name=\"twitter:card\" content=\"summary_large_image\" class=\"yoast-seo-meta-tag\" \/>\n<meta name=\"twitter:label1\" content=\"Escrito por\" class=\"yoast-seo-meta-tag\" \/>\n\t<meta name=\"twitter:data1\" content=\"cbeltran\" class=\"yoast-seo-meta-tag\" \/>\n\t<meta name=\"twitter:label2\" content=\"Tiempo estimado de lectura\" class=\"yoast-seo-meta-tag\" \/>\n\t<meta name=\"twitter:data2\" content=\"3 minutos\" class=\"yoast-seo-meta-tag\" \/>\n<script type=\"application\/ld+json\" class=\"yoast-schema-graph\">{\"@context\":\"https:\/\/schema.org\",\"@graph\":[{\"@type\":\"Article\",\"@id\":\"https:\/\/dev.explora.cl\/nuble\/las-ciencias-se-toman-las-tablas-en-las-tierras-de-artistas-2\/#article\",\"isPartOf\":{\"@id\":\"https:\/\/dev.explora.cl\/nuble\/las-ciencias-se-toman-las-tablas-en-las-tierras-de-artistas-2\/\"},\"author\":{\"name\":\"cbeltran\",\"@id\":\"https:\/\/dev.explora.cl\/nuble\/#\/schema\/person\/f611679f39b55ae7cdea76bc915b056e\"},\"headline\":\"Las ciencias se toman las tablas en las tierras de artistas\",\"datePublished\":\"2019-07-03T20:17:49+00:00\",\"mainEntityOfPage\":{\"@id\":\"https:\/\/dev.explora.cl\/nuble\/las-ciencias-se-toman-las-tablas-en-las-tierras-de-artistas-2\/\"},\"wordCount\":627,\"commentCount\":0,\"image\":{\"@id\":\"https:\/\/dev.explora.cl\/nuble\/las-ciencias-se-toman-las-tablas-en-las-tierras-de-artistas-2\/#primaryimage\"},\"thumbnailUrl\":\"https:\/\/dev.explora.cl\/nuble\/wp-content\/uploads\/sites\/10\/2019\/07\/par\u00f1ublexplora-253.jpg\",\"inLanguage\":\"es-CL\",\"potentialAction\":[{\"@type\":\"CommentAction\",\"name\":\"Comment\",\"target\":[\"https:\/\/dev.explora.cl\/nuble\/las-ciencias-se-toman-las-tablas-en-las-tierras-de-artistas-2\/#respond\"]}]},{\"@type\":\"WebPage\",\"@id\":\"https:\/\/dev.explora.cl\/nuble\/las-ciencias-se-toman-las-tablas-en-las-tierras-de-artistas-2\/\",\"url\":\"https:\/\/dev.explora.cl\/nuble\/las-ciencias-se-toman-las-tablas-en-las-tierras-de-artistas-2\/\",\"name\":\"Las ciencias se toman las tablas en las tierras de artistas - \u00d1uble\",\"isPartOf\":{\"@id\":\"https:\/\/dev.explora.cl\/nuble\/#website\"},\"primaryImageOfPage\":{\"@id\":\"https:\/\/dev.explora.cl\/nuble\/las-ciencias-se-toman-las-tablas-en-las-tierras-de-artistas-2\/#primaryimage\"},\"image\":{\"@id\":\"https:\/\/dev.explora.cl\/nuble\/las-ciencias-se-toman-las-tablas-en-las-tierras-de-artistas-2\/#primaryimage\"},\"thumbnailUrl\":\"https:\/\/dev.explora.cl\/nuble\/wp-content\/uploads\/sites\/10\/2019\/07\/par\u00f1ublexplora-253.jpg\",\"datePublished\":\"2019-07-03T20:17:49+00:00\",\"author\":{\"@id\":\"https:\/\/dev.explora.cl\/nuble\/#\/schema\/person\/f611679f39b55ae7cdea76bc915b056e\"},\"breadcrumb\":{\"@id\":\"https:\/\/dev.explora.cl\/nuble\/las-ciencias-se-toman-las-tablas-en-las-tierras-de-artistas-2\/#breadcrumb\"},\"inLanguage\":\"es-CL\",\"potentialAction\":[{\"@type\":\"ReadAction\",\"target\":[\"https:\/\/dev.explora.cl\/nuble\/las-ciencias-se-toman-las-tablas-en-las-tierras-de-artistas-2\/\"]}]},{\"@type\":\"ImageObject\",\"inLanguage\":\"es-CL\",\"@id\":\"https:\/\/dev.explora.cl\/nuble\/las-ciencias-se-toman-las-tablas-en-las-tierras-de-artistas-2\/#primaryimage\",\"url\":\"https:\/\/dev.explora.cl\/nuble\/wp-content\/uploads\/sites\/10\/2019\/07\/par\u00f1ublexplora-253.jpg\",\"contentUrl\":\"https:\/\/dev.explora.cl\/nuble\/wp-content\/uploads\/sites\/10\/2019\/07\/par\u00f1ublexplora-253.jpg\",\"width\":5472,\"height\":3648},{\"@type\":\"BreadcrumbList\",\"@id\":\"https:\/\/dev.explora.cl\/nuble\/las-ciencias-se-toman-las-tablas-en-las-tierras-de-artistas-2\/#breadcrumb\",\"itemListElement\":[{\"@type\":\"ListItem\",\"position\":1,\"name\":\"Portada\",\"item\":\"https:\/\/dev.explora.cl\/nuble\/\"},{\"@type\":\"ListItem\",\"position\":2,\"name\":\"Las ciencias se toman las tablas en las tierras de artistas\"}]},{\"@type\":\"WebSite\",\"@id\":\"https:\/\/dev.explora.cl\/nuble\/#website\",\"url\":\"https:\/\/dev.explora.cl\/nuble\/\",\"name\":\"\u00d1uble\",\"description\":\"Otro sitio m\u00e1s de dev.explora.cl\",\"potentialAction\":[{\"@type\":\"SearchAction\",\"target\":{\"@type\":\"EntryPoint\",\"urlTemplate\":\"https:\/\/dev.explora.cl\/nuble\/?s={search_term_string}\"},\"query-input\":{\"@type\":\"PropertyValueSpecification\",\"valueRequired\":true,\"valueName\":\"search_term_string\"}}],\"inLanguage\":\"es-CL\"},{\"@type\":\"Person\",\"@id\":\"https:\/\/dev.explora.cl\/nuble\/#\/schema\/person\/f611679f39b55ae7cdea76bc915b056e\",\"name\":\"cbeltran\",\"image\":{\"@type\":\"ImageObject\",\"inLanguage\":\"es-CL\",\"@id\":\"https:\/\/dev.explora.cl\/nuble\/#\/schema\/person\/image\/\",\"url\":\"https:\/\/secure.gravatar.com\/avatar\/fde624b0b0faed85e420465a1cdb73a02c199b16b1d2d6bfe0a82b9ba438afbd?s=96&d=mm&r=g\",\"contentUrl\":\"https:\/\/secure.gravatar.com\/avatar\/fde624b0b0faed85e420465a1cdb73a02c199b16b1d2d6bfe0a82b9ba438afbd?s=96&d=mm&r=g\",\"caption\":\"cbeltran\"},\"url\":\"https:\/\/dev.explora.cl\/nuble\/author\/cbeltran\/\"}]}<\/script>\n<!-- \/ Yoast SEO plugin. -->","yoast_head_json":{"title":"Las ciencias se toman las tablas en las tierras de artistas - \u00d1uble","robots":{"index":"index","follow":"follow","max-snippet":"max-snippet:-1","max-image-preview":"max-image-preview:large","max-video-preview":"max-video-preview:-1"},"canonical":"https:\/\/dev.explora.cl\/nuble\/las-ciencias-se-toman-las-tablas-en-las-tierras-de-artistas-2\/","og_locale":"es_ES","og_type":"article","og_title":"Las ciencias se toman las tablas en las tierras de artistas - \u00d1uble","og_description":"Las ciencias, las artes y las tecnolog\u00edas han decidido estar m\u00e1s presentes que nunca y bajo el lema \u201c\u00d1uble, cuna de h\u00e9roes, artistas y ahora cient\u00edficos\u201d, es que se desarrollar\u00e1 la Primera Academia de Teatro Ciencia Explora \u00d1uble, dirigida a estudiantes de las provincias de Diguill\u00edn, Punilla e Itata. La directora del Programa Explora de [&hellip;]","og_url":"https:\/\/dev.explora.cl\/nuble\/las-ciencias-se-toman-las-tablas-en-las-tierras-de-artistas-2\/","og_site_name":"\u00d1uble","article_published_time":"2019-07-03T20:17:49+00:00","og_image":[{"width":5472,"height":3648,"url":"https:\/\/dev.explora.cl\/nuble\/wp-content\/uploads\/sites\/10\/2019\/07\/par\u00f1ublexplora-253.jpg","type":"image\/jpeg"}],"author":"cbeltran","twitter_card":"summary_large_image","twitter_misc":{"Escrito por":"cbeltran","Tiempo estimado de lectura":"3 minutos"},"schema":{"@context":"https:\/\/schema.org","@graph":[{"@type":"Article","@id":"https:\/\/dev.explora.cl\/nuble\/las-ciencias-se-toman-las-tablas-en-las-tierras-de-artistas-2\/#article","isPartOf":{"@id":"https:\/\/dev.explora.cl\/nuble\/las-ciencias-se-toman-las-tablas-en-las-tierras-de-artistas-2\/"},"author":{"name":"cbeltran","@id":"https:\/\/dev.explora.cl\/nuble\/#\/schema\/person\/f611679f39b55ae7cdea76bc915b056e"},"headline":"Las ciencias se toman las tablas en las tierras de artistas","datePublished":"2019-07-03T20:17:49+00:00","mainEntityOfPage":{"@id":"https:\/\/dev.explora.cl\/nuble\/las-ciencias-se-toman-las-tablas-en-las-tierras-de-artistas-2\/"},"wordCount":627,"commentCount":0,"image":{"@id":"https:\/\/dev.explora.cl\/nuble\/las-ciencias-se-toman-las-tablas-en-las-tierras-de-artistas-2\/#primaryimage"},"thumbnailUrl":"https:\/\/dev.explora.cl\/nuble\/wp-content\/uploads\/sites\/10\/2019\/07\/par\u00f1ublexplora-253.jpg","inLanguage":"es-CL","potentialAction":[{"@type":"CommentAction","name":"Comment","target":["https:\/\/dev.explora.cl\/nuble\/las-ciencias-se-toman-las-tablas-en-las-tierras-de-artistas-2\/#respond"]}]},{"@type":"WebPage","@id":"https:\/\/dev.explora.cl\/nuble\/las-ciencias-se-toman-las-tablas-en-las-tierras-de-artistas-2\/","url":"https:\/\/dev.explora.cl\/nuble\/las-ciencias-se-toman-las-tablas-en-las-tierras-de-artistas-2\/","name":"Las ciencias se toman las tablas en las tierras de artistas - \u00d1uble","isPartOf":{"@id":"https:\/\/dev.explora.cl\/nuble\/#website"},"primaryImageOfPage":{"@id":"https:\/\/dev.explora.cl\/nuble\/las-ciencias-se-toman-las-tablas-en-las-tierras-de-artistas-2\/#primaryimage"},"image":{"@id":"https:\/\/dev.explora.cl\/nuble\/las-ciencias-se-toman-las-tablas-en-las-tierras-de-artistas-2\/#primaryimage"},"thumbnailUrl":"https:\/\/dev.explora.cl\/nuble\/wp-content\/uploads\/sites\/10\/2019\/07\/par\u00f1ublexplora-253.jpg","datePublished":"2019-07-03T20:17:49+00:00","author":{"@id":"https:\/\/dev.explora.cl\/nuble\/#\/schema\/person\/f611679f39b55ae7cdea76bc915b056e"},"breadcrumb":{"@id":"https:\/\/dev.explora.cl\/nuble\/las-ciencias-se-toman-las-tablas-en-las-tierras-de-artistas-2\/#breadcrumb"},"inLanguage":"es-CL","potentialAction":[{"@type":"ReadAction","target":["https:\/\/dev.explora.cl\/nuble\/las-ciencias-se-toman-las-tablas-en-las-tierras-de-artistas-2\/"]}]},{"@type":"ImageObject","inLanguage":"es-CL","@id":"https:\/\/dev.explora.cl\/nuble\/las-ciencias-se-toman-las-tablas-en-las-tierras-de-artistas-2\/#primaryimage","url":"https:\/\/dev.explora.cl\/nuble\/wp-content\/uploads\/sites\/10\/2019\/07\/par\u00f1ublexplora-253.jpg","contentUrl":"https:\/\/dev.explora.cl\/nuble\/wp-content\/uploads\/sites\/10\/2019\/07\/par\u00f1ublexplora-253.jpg","width":5472,"height":3648},{"@type":"BreadcrumbList","@id":"https:\/\/dev.explora.cl\/nuble\/las-ciencias-se-toman-las-tablas-en-las-tierras-de-artistas-2\/#breadcrumb","itemListElement":[{"@type":"ListItem","position":1,"name":"Portada","item":"https:\/\/dev.explora.cl\/nuble\/"},{"@type":"ListItem","position":2,"name":"Las ciencias se toman las tablas en las tierras de artistas"}]},{"@type":"WebSite","@id":"https:\/\/dev.explora.cl\/nuble\/#website","url":"https:\/\/dev.explora.cl\/nuble\/","name":"\u00d1uble","description":"Otro sitio m\u00e1s de dev.explora.cl","potentialAction":[{"@type":"SearchAction","target":{"@type":"EntryPoint","urlTemplate":"https:\/\/dev.explora.cl\/nuble\/?s={search_term_string}"},"query-input":{"@type":"PropertyValueSpecification","valueRequired":true,"valueName":"search_term_string"}}],"inLanguage":"es-CL"},{"@type":"Person","@id":"https:\/\/dev.explora.cl\/nuble\/#\/schema\/person\/f611679f39b55ae7cdea76bc915b056e","name":"cbeltran","image":{"@type":"ImageObject","inLanguage":"es-CL","@id":"https:\/\/dev.explora.cl\/nuble\/#\/schema\/person\/image\/","url":"https:\/\/secure.gravatar.com\/avatar\/fde624b0b0faed85e420465a1cdb73a02c199b16b1d2d6bfe0a82b9ba438afbd?s=96&d=mm&r=g","contentUrl":"https:\/\/secure.gravatar.com\/avatar\/fde624b0b0faed85e420465a1cdb73a02c199b16b1d2d6bfe0a82b9ba438afbd?s=96&d=mm&r=g","caption":"cbeltran"},"url":"https:\/\/dev.explora.cl\/nuble\/author\/cbeltran\/"}]}},"_links":{"self":[{"href":"https:\/\/dev.explora.cl\/nuble\/wp-json\/wp\/v2\/posts\/34056","targetHints":{"allow":["GET"]}}],"collection":[{"href":"https:\/\/dev.explora.cl\/nuble\/wp-json\/wp\/v2\/posts"}],"about":[{"href":"https:\/\/dev.explora.cl\/nuble\/wp-json\/wp\/v2\/types\/post"}],"author":[{"embeddable":true,"href":"https:\/\/dev.explora.cl\/nuble\/wp-json\/wp\/v2\/users\/25"}],"replies":[{"embeddable":true,"href":"https:\/\/dev.explora.cl\/nuble\/wp-json\/wp\/v2\/comments?post=34056"}],"version-history":[{"count":1,"href":"https:\/\/dev.explora.cl\/nuble\/wp-json\/wp\/v2\/posts\/34056\/revisions"}],"predecessor-version":[{"id":34057,"href":"https:\/\/dev.explora.cl\/nuble\/wp-json\/wp\/v2\/posts\/34056\/revisions\/34057"}],"wp:featuredmedia":[{"embeddable":true,"href":"https:\/\/dev.explora.cl\/nuble\/wp-json\/wp\/v2\/media\/34054"}],"wp:attachment":[{"href":"https:\/\/dev.explora.cl\/nuble\/wp-json\/wp\/v2\/media?parent=34056"}],"wp:term":[{"taxonomy":"category","embeddable":true,"href":"https:\/\/dev.explora.cl\/nuble\/wp-json\/wp\/v2\/categories?post=34056"},{"taxonomy":"post_tag","embeddable":true,"href":"https:\/\/dev.explora.cl\/nuble\/wp-json\/wp\/v2\/tags?post=34056"}],"curies":[{"name":"wp","href":"https:\/\/api.w.org\/{rel}","templated":true}]}}