{"id":34001,"date":"2019-06-13T15:40:53","date_gmt":"2019-06-13T19:40:53","guid":{"rendered":"https:\/\/dev.explora.cl\/nuble\/?p=34001"},"modified":"2019-06-13T15:40:53","modified_gmt":"2019-06-13T19:40:53","slug":"la-gran-red-nacional-de-la-ciencia","status":"publish","type":"post","link":"https:\/\/dev.explora.cl\/nuble\/la-gran-red-nacional-de-la-ciencia\/","title":{"rendered":"La gran red nacional de la ciencia"},"content":{"rendered":"<h3>La semana pasada, los 18 equipos seleccionados como PARes regionales se reunieron en Santiago para discutir sobre los desaf\u00edos de su misi\u00f3n, que ya est\u00e1 en marcha: llevar la ciencia y la tecnolog\u00eda hasta el \u00faltimo rinc\u00f3n de esta tierra.<\/h3>\n<p>El lunes 29 de abril, los 18 proyectos ganadores del <a href=\"https:\/\/www.conicyt.cl\/explora\/convocatoria-pares-explora-2019-renueva-su-compromiso-con-la-cyt-en-todo-el-pais\/\" target=\"_blank\" rel=\"noopener noreferrer\">VIII Concurso de Proyectos Asociativos Regionales<\/a> (PAR) 2019-2022\u00a0 se reunieron en el sal\u00f3n principal del edificio de CONICYT, como parte de una extensa jornada de capacitaci\u00f3n y coordinaci\u00f3n para comenzar sus labores: ser los encargados de llevar la ciencia y la tecnolog\u00eda a todo el pa\u00eds. En ese marco, el desaf\u00edo principal que tendr\u00e1n los equipos \u2014convocar a ni\u00f1os, j\u00f3venes y adultos a participar de actividades de valoraci\u00f3n que involucran a las distintas \u00e1reas del\u00a0 conocimiento\u2014, fue analizado y discutido bajo el foco de temas tan relevantes como la inclusi\u00f3n, la diversidad y la perspectiva de g\u00e9nero.<\/p>\n<p>Adem\u00e1s de escuchar charlas de expertos en estos temas, como Mar\u00eda Ximena Rivas, directora del Servicio Nacional de Discapacidad; Andrea P\u00e9rez, de la Unidad de Educaci\u00f3n Especial del Mineduc; y Marcela Guti\u00e9rrez, de la Divisi\u00f3n de Pol\u00edticas de Igualdad del Ministerio de la Mujer; los PARes tuvieron la oportunidad de conversar con el ministro de Ciencia, Tecnolog\u00eda, Conocimiento e Innovaci\u00f3n, Andr\u00e9s Couve, quien remarc\u00f3 la importancia que tendr\u00e1n para su gesti\u00f3n estos 18 equipos, que estar\u00e1n desplegados por todo el pa\u00eds, para seguir formando el pensamiento cient\u00edfico y cr\u00edtico de los chilenos.<\/p>\n<p>\u201cSe trata de c\u00f3mo transformar el imaginario de Chile para que contenga a la ciencia, la tecnolog\u00eda y la innovaci\u00f3n\u201d, dijo el ministro a los equipos regionales. \u201cEstamos visitando las regiones por un inter\u00e9s genuino, porque hemos estado siempre convencidos del potencial gigantesco que tenemos en ellas. Ustedes son los embajadores de nuestro ministerio\u201d.<\/p>\n<div id=\"attachment_38522\" class=\"wp-caption alignleft\"><img loading=\"lazy\" decoding=\"async\" class=\"wp-image-38522\" src=\"https:\/\/dev.explora.cl\/wp-content\/uploads\/2019\/05\/47688493372_5f42bab845_k-1024x684.jpg\" alt=\"\" width=\"400\" height=\"267\" aria-describedby=\"caption-attachment-38522\" \/><\/p>\n<p id=\"caption-attachment-38522\" class=\"wp-caption-text\">Los equipos de los 18 PARes discutieron sobre nuevas formas de llevar la ciencia a la ciudadan\u00eda, con una mirada inclusiva y de g\u00e9nero.<\/p>\n<\/div>\n<p>Los 18 equipos, que fueron elegidos entre 46 postulantes y estar\u00e1n asociados a universidades de referencia en las distintas regiones, tendr\u00e1n en sus manos la organizaci\u00f3n de los campamentos cient\u00edficos para profesores, actividades destinadas a preescolares y academias de ciencia, adem\u00e1s de implementar programas centrales como <a href=\"https:\/\/dev.explora.cl\/iniciativas1000c-1000a\/\" target=\"_blank\" rel=\"noopener noreferrer\">1000 Cient\u00edficos 1000 Aulas\u00a0<\/a> y la<a href=\"https:\/\/dev.explora.cl\/semana-nacional-de-la-ciencia-y-la-tecnologia\/\" target=\"_blank\" rel=\"noopener noreferrer\"> Semana Nacional de la Ciencia y la Tecnolog\u00eda<\/a>.<\/p>\n<p>La directora del Programa Explora, Natalia Mackenzie, recalc\u00f3 el papel fundamental que cumplir\u00e1n los PARes para preparar la llegada del nuevo Ministerio de Ciencia, Tecnolog\u00eda e Innovaci\u00f3n a los ciudadanos de todo el pa\u00eds.<\/p>\n<p>\u201cEsta red le da al ministerio un mayor alcance para llegar con sus lineamientos y pol\u00edticas a todos los rincones. La idea es estimular un pensamiento cr\u00edtico, investigativo, creativo, reflexivo y consciente del entorno, para as\u00ed tomar mejores decisiones\u201d, dijo Mackenzie, quien hizo \u00e9nfasis en la importancia de tener un enfoque inclusivo y de g\u00e9nero. \u201cCuando decimos que la ciencia sea para todos y todas, no son palabras de buena crianza. Necesitamos que la ciudadan\u00eda se familiarice con las caracter\u00edsticas propias de la ciencia, no importando si tienen alg\u00fan grado de discapacidad o pertenecen a alguna minor\u00eda. Toda la comunidad est\u00e1 invitada a experimentar y valorar las ciencias\u201d.<\/p>\n<p>Entre los 18 equipos presentes estuvo el nuevo PAR \u00d1uble, asociado a la Universidad de Concepci\u00f3n, que fue constituido por primera vez luego de que, en 2017, \u00d1uble comenzara a existir como nueva regi\u00f3n. Su coordinadora, la educadora de p\u00e1rvulos Denisse Vel\u00e1squez, explic\u00f3 el gran desaf\u00edo que significa armar desde cero una red dedicada a la promoci\u00f3n de la ciencia. \u201cEn nuestra regi\u00f3n hay zonas de playa, de cordillera y de campo. La parte rural es la m\u00e1s lejana, pero tenemos un proyecto de talleres itinerantes, casas rodantes que se ir\u00e1n instalando en la zona\u201d, dijo la encargada. \u201cNuestro gran tema ser\u00e1n los alimentos saludables y la calidad de vida, porque este es el A\u00f1o del Sol y en \u00d1uble eso se relaciona con la agricultura\u201d.<\/p>\n<h3>\u201cSe trata de c\u00f3mo transformar el imaginario de Chile para que contenga a la ciencia, la tecnolog\u00eda y la innovaci\u00f3n. Estamos convencidos del potencial gigantesco que tenemos en la regiones, ustedes son los embajadores de nuestro ministerio\u201d, dijo el ministro Andr\u00e9s Couve.<\/h3>\n<p>Tambi\u00e9n asistieron a la reuni\u00f3n varios equipos nuevos, que se encargar\u00e1n de renovar el trabajo de PARes hist\u00f3ricos como el de la Regi\u00f3n de La Araucan\u00eda. El bi\u00f3logo Daniel Opazo, experto en conducta social de las aves y director de ese PAR, valor\u00f3 la importancia que tendr\u00e1 la red para enfrentar los problemas de los distintos territorios. \u201cNos gustar\u00eda desarrollar en la ciudadan\u00eda competencias cient\u00edficas, para que puedan tomar decisiones informadas y ser agentes de cambio\u201d, dijo. \u201cQueremos poner a la ciencia a conversar con otros saberes locales, como el saber mapuche, y tambi\u00e9n con otras formas de conocimiento, como el arte\u201d.<\/p>\n<p>Por su parte, la ec\u00f3loga Gabriela Navarro, directora del PAR Los Lagos, que tambi\u00e9n renov\u00f3 su equipo, se\u00f1al\u00f3 que intentar\u00e1 darle a su gesti\u00f3n un fuerte \u00e9nfasis en temas medioambientales. \u201cLa ciencia y la tecnolog\u00eda no son s\u00f3lo herramientas para el desarrollo, sino tambi\u00e9n para ayudar a mejorar condiciones que tienen que ver con derechos humanos, como vivir en un ambiente sano y de igualdad\u201d, dijo. \u201cPor eso, queremos fomentar una cultura cr\u00edtica, cient\u00edfica, y consciente desde el punto de vista ambiental\u201d. Para eso, ya est\u00e1n trabajando en cinco programas de educaci\u00f3n ambiental al aire libre orientados a quienes viven en la regi\u00f3n, y otro de visitas guiadas diarias a los distintos laboratorios de la Universidad Austral en Puerto Montt.<\/p>\n","protected":false},"excerpt":{"rendered":"<p>La semana pasada, los 18 equipos seleccionados como PARes regionales se reunieron en Santiago para discutir sobre los desaf\u00edos de su misi\u00f3n, que ya est\u00e1 en marcha: llevar la ciencia y la tecnolog\u00eda hasta el \u00faltimo rinc\u00f3n de esta tierra.<\/p>\n","protected":false},"author":25,"featured_media":34002,"comment_status":"open","ping_status":"open","sticky":false,"template":"","format":"standard","meta":{"_acf_changed":false,"_exactmetrics_skip_tracking":false,"_exactmetrics_sitenote_active":false,"_exactmetrics_sitenote_note":"","_exactmetrics_sitenote_category":0,"footnotes":"","_links_to":"","_links_to_target":""},"categories":[139,4],"tags":[],"class_list":["post-34001","post","type-post","status-publish","format-standard","has-post-thumbnail","hentry","category-lugar-4","category-noticias"],"acf":[],"yoast_head":"<!-- This site is optimized with the Yoast SEO plugin v26.7 - https:\/\/yoast.com\/wordpress\/plugins\/seo\/ -->\n<title>La gran red nacional de la ciencia - \u00d1uble<\/title>\n<meta name=\"robots\" content=\"index, follow, max-snippet:-1, max-image-preview:large, max-video-preview:-1\" \/>\n<link rel=\"canonical\" href=\"https:\/\/dev.explora.cl\/nuble\/la-gran-red-nacional-de-la-ciencia\/\" class=\"yoast-seo-meta-tag\" \/>\n<meta property=\"og:locale\" content=\"es_ES\" class=\"yoast-seo-meta-tag\" \/>\n<meta property=\"og:type\" content=\"article\" class=\"yoast-seo-meta-tag\" \/>\n<meta property=\"og:title\" content=\"La gran red nacional de la ciencia - \u00d1uble\" class=\"yoast-seo-meta-tag\" \/>\n<meta property=\"og:description\" content=\"La semana pasada, los 18 equipos seleccionados como PARes regionales se reunieron en Santiago para discutir sobre los desaf\u00edos de su misi\u00f3n, que ya est\u00e1 en marcha: llevar la ciencia y la tecnolog\u00eda hasta el \u00faltimo rinc\u00f3n de esta tierra.\" class=\"yoast-seo-meta-tag\" \/>\n<meta property=\"og:url\" content=\"https:\/\/dev.explora.cl\/nuble\/la-gran-red-nacional-de-la-ciencia\/\" class=\"yoast-seo-meta-tag\" \/>\n<meta property=\"og:site_name\" content=\"\u00d1uble\" class=\"yoast-seo-meta-tag\" \/>\n<meta property=\"article:published_time\" content=\"2019-06-13T19:40:53+00:00\" class=\"yoast-seo-meta-tag\" \/>\n<meta property=\"og:image\" content=\"https:\/\/dev.explora.cl\/nuble\/wp-content\/uploads\/sites\/10\/2019\/06\/pares-735x470.jpg\" class=\"yoast-seo-meta-tag\" \/>\n\t<meta property=\"og:image:width\" content=\"735\" class=\"yoast-seo-meta-tag\" \/>\n\t<meta property=\"og:image:height\" content=\"470\" class=\"yoast-seo-meta-tag\" \/>\n\t<meta property=\"og:image:type\" content=\"image\/jpeg\" class=\"yoast-seo-meta-tag\" \/>\n<meta name=\"author\" content=\"cbeltran\" class=\"yoast-seo-meta-tag\" \/>\n<meta name=\"twitter:card\" content=\"summary_large_image\" class=\"yoast-seo-meta-tag\" \/>\n<meta name=\"twitter:label1\" content=\"Escrito por\" class=\"yoast-seo-meta-tag\" \/>\n\t<meta name=\"twitter:data1\" content=\"cbeltran\" class=\"yoast-seo-meta-tag\" \/>\n\t<meta name=\"twitter:label2\" content=\"Tiempo estimado de lectura\" class=\"yoast-seo-meta-tag\" \/>\n\t<meta name=\"twitter:data2\" content=\"5 minutos\" class=\"yoast-seo-meta-tag\" \/>\n<script type=\"application\/ld+json\" class=\"yoast-schema-graph\">{\"@context\":\"https:\/\/schema.org\",\"@graph\":[{\"@type\":\"Article\",\"@id\":\"https:\/\/dev.explora.cl\/nuble\/la-gran-red-nacional-de-la-ciencia\/#article\",\"isPartOf\":{\"@id\":\"https:\/\/dev.explora.cl\/nuble\/la-gran-red-nacional-de-la-ciencia\/\"},\"author\":{\"name\":\"cbeltran\",\"@id\":\"https:\/\/dev.explora.cl\/nuble\/#\/schema\/person\/f611679f39b55ae7cdea76bc915b056e\"},\"headline\":\"La gran red nacional de la ciencia\",\"datePublished\":\"2019-06-13T19:40:53+00:00\",\"mainEntityOfPage\":{\"@id\":\"https:\/\/dev.explora.cl\/nuble\/la-gran-red-nacional-de-la-ciencia\/\"},\"wordCount\":999,\"commentCount\":0,\"image\":{\"@id\":\"https:\/\/dev.explora.cl\/nuble\/la-gran-red-nacional-de-la-ciencia\/#primaryimage\"},\"thumbnailUrl\":\"https:\/\/dev.explora.cl\/nuble\/wp-content\/uploads\/sites\/10\/2019\/06\/pares-735x470.jpg\",\"articleSection\":[\"Lugar 4\",\"Noticias\"],\"inLanguage\":\"es-CL\",\"potentialAction\":[{\"@type\":\"CommentAction\",\"name\":\"Comment\",\"target\":[\"https:\/\/dev.explora.cl\/nuble\/la-gran-red-nacional-de-la-ciencia\/#respond\"]}]},{\"@type\":\"WebPage\",\"@id\":\"https:\/\/dev.explora.cl\/nuble\/la-gran-red-nacional-de-la-ciencia\/\",\"url\":\"https:\/\/dev.explora.cl\/nuble\/la-gran-red-nacional-de-la-ciencia\/\",\"name\":\"La gran red nacional de la ciencia - \u00d1uble\",\"isPartOf\":{\"@id\":\"https:\/\/dev.explora.cl\/nuble\/#website\"},\"primaryImageOfPage\":{\"@id\":\"https:\/\/dev.explora.cl\/nuble\/la-gran-red-nacional-de-la-ciencia\/#primaryimage\"},\"image\":{\"@id\":\"https:\/\/dev.explora.cl\/nuble\/la-gran-red-nacional-de-la-ciencia\/#primaryimage\"},\"thumbnailUrl\":\"https:\/\/dev.explora.cl\/nuble\/wp-content\/uploads\/sites\/10\/2019\/06\/pares-735x470.jpg\",\"datePublished\":\"2019-06-13T19:40:53+00:00\",\"author\":{\"@id\":\"https:\/\/dev.explora.cl\/nuble\/#\/schema\/person\/f611679f39b55ae7cdea76bc915b056e\"},\"breadcrumb\":{\"@id\":\"https:\/\/dev.explora.cl\/nuble\/la-gran-red-nacional-de-la-ciencia\/#breadcrumb\"},\"inLanguage\":\"es-CL\",\"potentialAction\":[{\"@type\":\"ReadAction\",\"target\":[\"https:\/\/dev.explora.cl\/nuble\/la-gran-red-nacional-de-la-ciencia\/\"]}]},{\"@type\":\"ImageObject\",\"inLanguage\":\"es-CL\",\"@id\":\"https:\/\/dev.explora.cl\/nuble\/la-gran-red-nacional-de-la-ciencia\/#primaryimage\",\"url\":\"https:\/\/dev.explora.cl\/nuble\/wp-content\/uploads\/sites\/10\/2019\/06\/pares-735x470.jpg\",\"contentUrl\":\"https:\/\/dev.explora.cl\/nuble\/wp-content\/uploads\/sites\/10\/2019\/06\/pares-735x470.jpg\",\"width\":735,\"height\":470},{\"@type\":\"BreadcrumbList\",\"@id\":\"https:\/\/dev.explora.cl\/nuble\/la-gran-red-nacional-de-la-ciencia\/#breadcrumb\",\"itemListElement\":[{\"@type\":\"ListItem\",\"position\":1,\"name\":\"Portada\",\"item\":\"https:\/\/dev.explora.cl\/nuble\/\"},{\"@type\":\"ListItem\",\"position\":2,\"name\":\"La gran red nacional de la ciencia\"}]},{\"@type\":\"WebSite\",\"@id\":\"https:\/\/dev.explora.cl\/nuble\/#website\",\"url\":\"https:\/\/dev.explora.cl\/nuble\/\",\"name\":\"\u00d1uble\",\"description\":\"Otro sitio m\u00e1s de dev.explora.cl\",\"potentialAction\":[{\"@type\":\"SearchAction\",\"target\":{\"@type\":\"EntryPoint\",\"urlTemplate\":\"https:\/\/dev.explora.cl\/nuble\/?s={search_term_string}\"},\"query-input\":{\"@type\":\"PropertyValueSpecification\",\"valueRequired\":true,\"valueName\":\"search_term_string\"}}],\"inLanguage\":\"es-CL\"},{\"@type\":\"Person\",\"@id\":\"https:\/\/dev.explora.cl\/nuble\/#\/schema\/person\/f611679f39b55ae7cdea76bc915b056e\",\"name\":\"cbeltran\",\"image\":{\"@type\":\"ImageObject\",\"inLanguage\":\"es-CL\",\"@id\":\"https:\/\/dev.explora.cl\/nuble\/#\/schema\/person\/image\/\",\"url\":\"https:\/\/secure.gravatar.com\/avatar\/fde624b0b0faed85e420465a1cdb73a02c199b16b1d2d6bfe0a82b9ba438afbd?s=96&d=mm&r=g\",\"contentUrl\":\"https:\/\/secure.gravatar.com\/avatar\/fde624b0b0faed85e420465a1cdb73a02c199b16b1d2d6bfe0a82b9ba438afbd?s=96&d=mm&r=g\",\"caption\":\"cbeltran\"},\"url\":\"https:\/\/dev.explora.cl\/nuble\/author\/cbeltran\/\"}]}<\/script>\n<!-- \/ Yoast SEO plugin. -->","yoast_head_json":{"title":"La gran red nacional de la ciencia - \u00d1uble","robots":{"index":"index","follow":"follow","max-snippet":"max-snippet:-1","max-image-preview":"max-image-preview:large","max-video-preview":"max-video-preview:-1"},"canonical":"https:\/\/dev.explora.cl\/nuble\/la-gran-red-nacional-de-la-ciencia\/","og_locale":"es_ES","og_type":"article","og_title":"La gran red nacional de la ciencia - \u00d1uble","og_description":"La semana pasada, los 18 equipos seleccionados como PARes regionales se reunieron en Santiago para discutir sobre los desaf\u00edos de su misi\u00f3n, que ya est\u00e1 en marcha: llevar la ciencia y la tecnolog\u00eda hasta el \u00faltimo rinc\u00f3n de esta tierra.","og_url":"https:\/\/dev.explora.cl\/nuble\/la-gran-red-nacional-de-la-ciencia\/","og_site_name":"\u00d1uble","article_published_time":"2019-06-13T19:40:53+00:00","og_image":[{"width":735,"height":470,"url":"https:\/\/dev.explora.cl\/nuble\/wp-content\/uploads\/sites\/10\/2019\/06\/pares-735x470.jpg","type":"image\/jpeg"}],"author":"cbeltran","twitter_card":"summary_large_image","twitter_misc":{"Escrito por":"cbeltran","Tiempo estimado de lectura":"5 minutos"},"schema":{"@context":"https:\/\/schema.org","@graph":[{"@type":"Article","@id":"https:\/\/dev.explora.cl\/nuble\/la-gran-red-nacional-de-la-ciencia\/#article","isPartOf":{"@id":"https:\/\/dev.explora.cl\/nuble\/la-gran-red-nacional-de-la-ciencia\/"},"author":{"name":"cbeltran","@id":"https:\/\/dev.explora.cl\/nuble\/#\/schema\/person\/f611679f39b55ae7cdea76bc915b056e"},"headline":"La gran red nacional de la ciencia","datePublished":"2019-06-13T19:40:53+00:00","mainEntityOfPage":{"@id":"https:\/\/dev.explora.cl\/nuble\/la-gran-red-nacional-de-la-ciencia\/"},"wordCount":999,"commentCount":0,"image":{"@id":"https:\/\/dev.explora.cl\/nuble\/la-gran-red-nacional-de-la-ciencia\/#primaryimage"},"thumbnailUrl":"https:\/\/dev.explora.cl\/nuble\/wp-content\/uploads\/sites\/10\/2019\/06\/pares-735x470.jpg","articleSection":["Lugar 4","Noticias"],"inLanguage":"es-CL","potentialAction":[{"@type":"CommentAction","name":"Comment","target":["https:\/\/dev.explora.cl\/nuble\/la-gran-red-nacional-de-la-ciencia\/#respond"]}]},{"@type":"WebPage","@id":"https:\/\/dev.explora.cl\/nuble\/la-gran-red-nacional-de-la-ciencia\/","url":"https:\/\/dev.explora.cl\/nuble\/la-gran-red-nacional-de-la-ciencia\/","name":"La gran red nacional de la ciencia - \u00d1uble","isPartOf":{"@id":"https:\/\/dev.explora.cl\/nuble\/#website"},"primaryImageOfPage":{"@id":"https:\/\/dev.explora.cl\/nuble\/la-gran-red-nacional-de-la-ciencia\/#primaryimage"},"image":{"@id":"https:\/\/dev.explora.cl\/nuble\/la-gran-red-nacional-de-la-ciencia\/#primaryimage"},"thumbnailUrl":"https:\/\/dev.explora.cl\/nuble\/wp-content\/uploads\/sites\/10\/2019\/06\/pares-735x470.jpg","datePublished":"2019-06-13T19:40:53+00:00","author":{"@id":"https:\/\/dev.explora.cl\/nuble\/#\/schema\/person\/f611679f39b55ae7cdea76bc915b056e"},"breadcrumb":{"@id":"https:\/\/dev.explora.cl\/nuble\/la-gran-red-nacional-de-la-ciencia\/#breadcrumb"},"inLanguage":"es-CL","potentialAction":[{"@type":"ReadAction","target":["https:\/\/dev.explora.cl\/nuble\/la-gran-red-nacional-de-la-ciencia\/"]}]},{"@type":"ImageObject","inLanguage":"es-CL","@id":"https:\/\/dev.explora.cl\/nuble\/la-gran-red-nacional-de-la-ciencia\/#primaryimage","url":"https:\/\/dev.explora.cl\/nuble\/wp-content\/uploads\/sites\/10\/2019\/06\/pares-735x470.jpg","contentUrl":"https:\/\/dev.explora.cl\/nuble\/wp-content\/uploads\/sites\/10\/2019\/06\/pares-735x470.jpg","width":735,"height":470},{"@type":"BreadcrumbList","@id":"https:\/\/dev.explora.cl\/nuble\/la-gran-red-nacional-de-la-ciencia\/#breadcrumb","itemListElement":[{"@type":"ListItem","position":1,"name":"Portada","item":"https:\/\/dev.explora.cl\/nuble\/"},{"@type":"ListItem","position":2,"name":"La gran red nacional de la ciencia"}]},{"@type":"WebSite","@id":"https:\/\/dev.explora.cl\/nuble\/#website","url":"https:\/\/dev.explora.cl\/nuble\/","name":"\u00d1uble","description":"Otro sitio m\u00e1s de dev.explora.cl","potentialAction":[{"@type":"SearchAction","target":{"@type":"EntryPoint","urlTemplate":"https:\/\/dev.explora.cl\/nuble\/?s={search_term_string}"},"query-input":{"@type":"PropertyValueSpecification","valueRequired":true,"valueName":"search_term_string"}}],"inLanguage":"es-CL"},{"@type":"Person","@id":"https:\/\/dev.explora.cl\/nuble\/#\/schema\/person\/f611679f39b55ae7cdea76bc915b056e","name":"cbeltran","image":{"@type":"ImageObject","inLanguage":"es-CL","@id":"https:\/\/dev.explora.cl\/nuble\/#\/schema\/person\/image\/","url":"https:\/\/secure.gravatar.com\/avatar\/fde624b0b0faed85e420465a1cdb73a02c199b16b1d2d6bfe0a82b9ba438afbd?s=96&d=mm&r=g","contentUrl":"https:\/\/secure.gravatar.com\/avatar\/fde624b0b0faed85e420465a1cdb73a02c199b16b1d2d6bfe0a82b9ba438afbd?s=96&d=mm&r=g","caption":"cbeltran"},"url":"https:\/\/dev.explora.cl\/nuble\/author\/cbeltran\/"}]}},"_links":{"self":[{"href":"https:\/\/dev.explora.cl\/nuble\/wp-json\/wp\/v2\/posts\/34001","targetHints":{"allow":["GET"]}}],"collection":[{"href":"https:\/\/dev.explora.cl\/nuble\/wp-json\/wp\/v2\/posts"}],"about":[{"href":"https:\/\/dev.explora.cl\/nuble\/wp-json\/wp\/v2\/types\/post"}],"author":[{"embeddable":true,"href":"https:\/\/dev.explora.cl\/nuble\/wp-json\/wp\/v2\/users\/25"}],"replies":[{"embeddable":true,"href":"https:\/\/dev.explora.cl\/nuble\/wp-json\/wp\/v2\/comments?post=34001"}],"version-history":[{"count":1,"href":"https:\/\/dev.explora.cl\/nuble\/wp-json\/wp\/v2\/posts\/34001\/revisions"}],"predecessor-version":[{"id":34003,"href":"https:\/\/dev.explora.cl\/nuble\/wp-json\/wp\/v2\/posts\/34001\/revisions\/34003"}],"wp:featuredmedia":[{"embeddable":true,"href":"https:\/\/dev.explora.cl\/nuble\/wp-json\/wp\/v2\/media\/34002"}],"wp:attachment":[{"href":"https:\/\/dev.explora.cl\/nuble\/wp-json\/wp\/v2\/media?parent=34001"}],"wp:term":[{"taxonomy":"category","embeddable":true,"href":"https:\/\/dev.explora.cl\/nuble\/wp-json\/wp\/v2\/categories?post=34001"},{"taxonomy":"post_tag","embeddable":true,"href":"https:\/\/dev.explora.cl\/nuble\/wp-json\/wp\/v2\/tags?post=34001"}],"curies":[{"name":"wp","href":"https:\/\/api.w.org\/{rel}","templated":true}]}}