{"id":39237,"date":"2024-03-06T11:04:11","date_gmt":"2024-03-06T14:04:11","guid":{"rendered":"https:\/\/dev.explora.cl\/maule\/?p=39237"},"modified":"2024-03-06T11:04:11","modified_gmt":"2024-03-06T14:04:11","slug":"explora-maule-reune-a-docentes-de-la-region-en-campamento-cientifico","status":"publish","type":"post","link":"https:\/\/dev.explora.cl\/maule\/explora-maule-reune-a-docentes-de-la-region-en-campamento-cientifico\/","title":{"rendered":"Explora Maule re\u00fane a docentes de la regi\u00f3n en campamento cient\u00edfico"},"content":{"rendered":"<h3>El evento reuni\u00f3 a profesores de establecimientos educacionales de Maule quienes reflexionaron sobre sus pr\u00e1cticas pedag\u00f3gicas y desarrollaron competencias cient\u00edficas para integrar las ciencias, el conocimiento y la innovaci\u00f3n en las aulas.<\/h3>\n<p>Aprender a realizar proyectos en base a problem\u00e1ticas de sus territorios, generar preguntas que fomenten la curiosidad por el mundo natural, y aprender nuevas t\u00e9cnicas de ense\u00f1anza para aplicarlas con escolares fueron algunas de las acciones que 35 docentes provenientes de 15 comunas de la regi\u00f3n, realizaron en el Campamento Docente Explora Va!<\/p>\n<p>El evento que se llev\u00f3 a cabo durante cinco d\u00edas en la localidad cordillerana de Vilches tuvo como objetivo principal explorar teor\u00edas innovadoras de ense\u00f1anza como el Aprendizaje en Proyectos (ABP), el m\u00e9todo indagatorio y el aprendizaje situado. Todo este cuerpo te\u00f3rico debe decantar en la formaci\u00f3n de comunidades de aprendizaje y la formaci\u00f3n de redes de trabajo entre los docentes, para buscar soluciones pedag\u00f3gicas de forma colaborativa.<\/p>\n<p>La actividad es organizada por el PAR Explora Maule que ejecuta la Direcci\u00f3n General de Vinculaci\u00f3n con el Medio de la Universidad.<\/p>\n<p>Para el director de dicha organizaci\u00f3n, Leonardo Leottau, el campamento fue una oportunidad para reflexionar sobre las pr\u00e1cticas pedag\u00f3gicas, y llevar nuevas metodolog\u00edas al aula. \u201cEn este campamento buscamos generar una instancia de pausa a las actividades escolares cotidianas, para repasar algunas metodolog\u00edas de innovaci\u00f3n para el aprendizaje, dentro de un marco conceptual pr\u00e1ctico y aplicado al aula. Esperamos que con el soporte de la comunidad de aprendizaje que se forj\u00f3, los docentes puedan planificar el pr\u00f3ximo a\u00f1o, incluyendo estas pr\u00e1cticas con sus estudiantes\u201d, coment\u00f3.<\/p>\n<p>Por su parte, la Seremi de Ciencia, Tecnolog\u00edas, Conocimiento e Innovaci\u00f3n (CTCI) de la Macrozona Centro Sur, Sof\u00eda Valenzuela, destac\u00f3 la alta participaci\u00f3n de docentes. \u201cEl campamento tuvo un gran alcance regional, las y los docentes aprendieron y adoptaron herramientas para fomentar la investigaci\u00f3n y la indagaci\u00f3n en sus comunidades escolares. Estamos muy contentos como Ministerio de Ciencia, que se generen este tipo de actividades porque queremos que la ciencia llegu\u00e9 a todos los rincones de nuestro pa\u00eds\u201d, indic\u00f3.<\/p>\n<p><strong>Innovaci\u00f3n<\/strong><\/p>\n<p>Observaciones astron\u00f3micas, charlas de neurociencias por el N\u00facleo Milenio para la Ciencia del Aprendizaje (MiNSOL), talleres de autocuidado, un trekking por la Reserva Nacional Altos de Lircay y una observaci\u00f3n nocturna de insectos, fueron algunas de las actividades que realizaron los docentes durante su estad\u00eda.<\/p>\n<p>Entre quienes participaron de la actividad hubo coincidencia en que fue una experiencia altamente inspiradora para su formaci\u00f3n profesional.<\/p>\n<p>La profesora del Colegio San Marco de Curic\u00f3, Cecilia Moreno, indic\u00f3 que, \u201cfue una instancia grandiosa, ya que hemos compartido con colegas de distintas partes de la regi\u00f3n y conversamos sobre nuestras experiencias en aula, adem\u00e1s de reforzar conocimientos \u00fatiles para nuestro trabajo\u201d.<\/p>\n<p>En esa misma l\u00ednea, la profesora Isabel Espina de la escuela Vi\u00f1a Pur\u00edsima de Talca, cont\u00f3 que el campamento fue un laboratorio pedag\u00f3gico que permiti\u00f3 capacitarse en nuevas metodolog\u00edas de aprendizaje. \u201cSiento que la capacitaci\u00f3n permanente me lleva a mejores resultados en mi desarrollo profesional. Siempre estoy buscando instancias de participaci\u00f3n para llevar nuevos conocimientos y estrategias al aula para reencantar a las ni\u00f1as y los ni\u00f1os en algunas materias que pueden ser dificultosas para ellos\u201d, expres\u00f3.<\/p>\n","protected":false},"excerpt":{"rendered":"<p>El evento reuni\u00f3 a profesores de establecimientos educacionales de Maule quienes reflexionaron sobre sus pr\u00e1cticas pedag\u00f3gicas y desarrollaron competencias cient\u00edficas para integrar las ciencias, el conocimiento y la innovaci\u00f3n en las aulas.<\/p>\n","protected":false},"author":24,"featured_media":39238,"comment_status":"closed","ping_status":"open","sticky":false,"template":"","format":"standard","meta":{"_acf_changed":false,"_exactmetrics_skip_tracking":false,"_exactmetrics_sitenote_active":false,"_exactmetrics_sitenote_note":"","_exactmetrics_sitenote_category":0,"footnotes":"","_links_to":"","_links_to_target":""},"categories":[143,4],"tags":[],"class_list":["post-39237","post","type-post","status-publish","format-standard","has-post-thumbnail","hentry","category-lugar-8","category-noticias"],"acf":[],"yoast_head":"<!-- This site is optimized with the Yoast SEO plugin v26.7 - https:\/\/yoast.com\/wordpress\/plugins\/seo\/ -->\n<title>Explora Maule re\u00fane a docentes de la regi\u00f3n en campamento cient\u00edfico - Maule<\/title>\n<meta name=\"robots\" content=\"index, follow, max-snippet:-1, max-image-preview:large, max-video-preview:-1\" \/>\n<link rel=\"canonical\" href=\"https:\/\/dev.explora.cl\/maule\/explora-maule-reune-a-docentes-de-la-region-en-campamento-cientifico\/\" class=\"yoast-seo-meta-tag\" \/>\n<meta property=\"og:locale\" content=\"es_ES\" class=\"yoast-seo-meta-tag\" \/>\n<meta property=\"og:type\" content=\"article\" class=\"yoast-seo-meta-tag\" \/>\n<meta property=\"og:title\" content=\"Explora Maule re\u00fane a docentes de la regi\u00f3n en campamento cient\u00edfico - Maule\" class=\"yoast-seo-meta-tag\" \/>\n<meta property=\"og:description\" content=\"El evento reuni\u00f3 a profesores de establecimientos educacionales de Maule quienes reflexionaron sobre sus pr\u00e1cticas pedag\u00f3gicas y desarrollaron competencias cient\u00edficas para integrar las ciencias, el conocimiento y la innovaci\u00f3n en las aulas.\" class=\"yoast-seo-meta-tag\" \/>\n<meta property=\"og:url\" content=\"https:\/\/dev.explora.cl\/maule\/explora-maule-reune-a-docentes-de-la-region-en-campamento-cientifico\/\" class=\"yoast-seo-meta-tag\" \/>\n<meta property=\"og:site_name\" content=\"Maule\" class=\"yoast-seo-meta-tag\" \/>\n<meta property=\"article:published_time\" content=\"2024-03-06T14:04:11+00:00\" class=\"yoast-seo-meta-tag\" \/>\n<meta property=\"og:image\" content=\"https:\/\/dev.explora.cl\/maule\/wp-content\/uploads\/sites\/9\/2024\/03\/campamento-docentes.jpg\" class=\"yoast-seo-meta-tag\" \/>\n\t<meta property=\"og:image:width\" content=\"1280\" class=\"yoast-seo-meta-tag\" \/>\n\t<meta property=\"og:image:height\" content=\"1024\" class=\"yoast-seo-meta-tag\" \/>\n\t<meta property=\"og:image:type\" content=\"image\/jpeg\" class=\"yoast-seo-meta-tag\" \/>\n<meta name=\"author\" content=\"cpereira\" class=\"yoast-seo-meta-tag\" \/>\n<meta name=\"twitter:card\" content=\"summary_large_image\" class=\"yoast-seo-meta-tag\" \/>\n<meta name=\"twitter:label1\" content=\"Escrito por\" class=\"yoast-seo-meta-tag\" \/>\n\t<meta name=\"twitter:data1\" content=\"cpereira\" class=\"yoast-seo-meta-tag\" \/>\n\t<meta name=\"twitter:label2\" content=\"Tiempo estimado de lectura\" class=\"yoast-seo-meta-tag\" \/>\n\t<meta name=\"twitter:data2\" content=\"3 minutos\" class=\"yoast-seo-meta-tag\" \/>\n<script type=\"application\/ld+json\" class=\"yoast-schema-graph\">{\"@context\":\"https:\/\/schema.org\",\"@graph\":[{\"@type\":\"Article\",\"@id\":\"https:\/\/dev.explora.cl\/maule\/explora-maule-reune-a-docentes-de-la-region-en-campamento-cientifico\/#article\",\"isPartOf\":{\"@id\":\"https:\/\/dev.explora.cl\/maule\/explora-maule-reune-a-docentes-de-la-region-en-campamento-cientifico\/\"},\"author\":{\"name\":\"cpereira\",\"@id\":\"https:\/\/dev.explora.cl\/maule\/#\/schema\/person\/7c4a8d7da1b43fee83d990c08dd35f99\"},\"headline\":\"Explora Maule re\u00fane a docentes de la regi\u00f3n en campamento cient\u00edfico\",\"datePublished\":\"2024-03-06T14:04:11+00:00\",\"mainEntityOfPage\":{\"@id\":\"https:\/\/dev.explora.cl\/maule\/explora-maule-reune-a-docentes-de-la-region-en-campamento-cientifico\/\"},\"wordCount\":588,\"image\":{\"@id\":\"https:\/\/dev.explora.cl\/maule\/explora-maule-reune-a-docentes-de-la-region-en-campamento-cientifico\/#primaryimage\"},\"thumbnailUrl\":\"https:\/\/dev.explora.cl\/maule\/wp-content\/uploads\/sites\/9\/2024\/03\/campamento-docentes.jpg\",\"articleSection\":[\"Lugar 8\",\"Noticias\"],\"inLanguage\":\"es-CL\"},{\"@type\":\"WebPage\",\"@id\":\"https:\/\/dev.explora.cl\/maule\/explora-maule-reune-a-docentes-de-la-region-en-campamento-cientifico\/\",\"url\":\"https:\/\/dev.explora.cl\/maule\/explora-maule-reune-a-docentes-de-la-region-en-campamento-cientifico\/\",\"name\":\"Explora Maule re\u00fane a docentes de la regi\u00f3n en campamento cient\u00edfico - Maule\",\"isPartOf\":{\"@id\":\"https:\/\/dev.explora.cl\/maule\/#website\"},\"primaryImageOfPage\":{\"@id\":\"https:\/\/dev.explora.cl\/maule\/explora-maule-reune-a-docentes-de-la-region-en-campamento-cientifico\/#primaryimage\"},\"image\":{\"@id\":\"https:\/\/dev.explora.cl\/maule\/explora-maule-reune-a-docentes-de-la-region-en-campamento-cientifico\/#primaryimage\"},\"thumbnailUrl\":\"https:\/\/dev.explora.cl\/maule\/wp-content\/uploads\/sites\/9\/2024\/03\/campamento-docentes.jpg\",\"datePublished\":\"2024-03-06T14:04:11+00:00\",\"author\":{\"@id\":\"https:\/\/dev.explora.cl\/maule\/#\/schema\/person\/7c4a8d7da1b43fee83d990c08dd35f99\"},\"breadcrumb\":{\"@id\":\"https:\/\/dev.explora.cl\/maule\/explora-maule-reune-a-docentes-de-la-region-en-campamento-cientifico\/#breadcrumb\"},\"inLanguage\":\"es-CL\",\"potentialAction\":[{\"@type\":\"ReadAction\",\"target\":[\"https:\/\/dev.explora.cl\/maule\/explora-maule-reune-a-docentes-de-la-region-en-campamento-cientifico\/\"]}]},{\"@type\":\"ImageObject\",\"inLanguage\":\"es-CL\",\"@id\":\"https:\/\/dev.explora.cl\/maule\/explora-maule-reune-a-docentes-de-la-region-en-campamento-cientifico\/#primaryimage\",\"url\":\"https:\/\/dev.explora.cl\/maule\/wp-content\/uploads\/sites\/9\/2024\/03\/campamento-docentes.jpg\",\"contentUrl\":\"https:\/\/dev.explora.cl\/maule\/wp-content\/uploads\/sites\/9\/2024\/03\/campamento-docentes.jpg\",\"width\":1280,\"height\":1024},{\"@type\":\"BreadcrumbList\",\"@id\":\"https:\/\/dev.explora.cl\/maule\/explora-maule-reune-a-docentes-de-la-region-en-campamento-cientifico\/#breadcrumb\",\"itemListElement\":[{\"@type\":\"ListItem\",\"position\":1,\"name\":\"Portada\",\"item\":\"https:\/\/dev.explora.cl\/maule\/\"},{\"@type\":\"ListItem\",\"position\":2,\"name\":\"Explora Maule re\u00fane a docentes de la regi\u00f3n en campamento cient\u00edfico\"}]},{\"@type\":\"WebSite\",\"@id\":\"https:\/\/dev.explora.cl\/maule\/#website\",\"url\":\"https:\/\/dev.explora.cl\/maule\/\",\"name\":\"Maule\",\"description\":\"Otro sitio m\u00e1s de dev.explora.cl\",\"potentialAction\":[{\"@type\":\"SearchAction\",\"target\":{\"@type\":\"EntryPoint\",\"urlTemplate\":\"https:\/\/dev.explora.cl\/maule\/?s={search_term_string}\"},\"query-input\":{\"@type\":\"PropertyValueSpecification\",\"valueRequired\":true,\"valueName\":\"search_term_string\"}}],\"inLanguage\":\"es-CL\"},{\"@type\":\"Person\",\"@id\":\"https:\/\/dev.explora.cl\/maule\/#\/schema\/person\/7c4a8d7da1b43fee83d990c08dd35f99\",\"name\":\"cpereira\",\"image\":{\"@type\":\"ImageObject\",\"inLanguage\":\"es-CL\",\"@id\":\"https:\/\/dev.explora.cl\/maule\/#\/schema\/person\/image\/\",\"url\":\"https:\/\/secure.gravatar.com\/avatar\/b5fc66932e6c27119a245427f86f8c950201f3cbe1e64e508e0f7c39dc595157?s=96&d=mm&r=g\",\"contentUrl\":\"https:\/\/secure.gravatar.com\/avatar\/b5fc66932e6c27119a245427f86f8c950201f3cbe1e64e508e0f7c39dc595157?s=96&d=mm&r=g\",\"caption\":\"cpereira\"},\"url\":\"https:\/\/dev.explora.cl\/maule\/author\/cpereira\/\"}]}<\/script>\n<!-- \/ Yoast SEO plugin. -->","yoast_head_json":{"title":"Explora Maule re\u00fane a docentes de la regi\u00f3n en campamento cient\u00edfico - Maule","robots":{"index":"index","follow":"follow","max-snippet":"max-snippet:-1","max-image-preview":"max-image-preview:large","max-video-preview":"max-video-preview:-1"},"canonical":"https:\/\/dev.explora.cl\/maule\/explora-maule-reune-a-docentes-de-la-region-en-campamento-cientifico\/","og_locale":"es_ES","og_type":"article","og_title":"Explora Maule re\u00fane a docentes de la regi\u00f3n en campamento cient\u00edfico - Maule","og_description":"El evento reuni\u00f3 a profesores de establecimientos educacionales de Maule quienes reflexionaron sobre sus pr\u00e1cticas pedag\u00f3gicas y desarrollaron competencias cient\u00edficas para integrar las ciencias, el conocimiento y la innovaci\u00f3n en las aulas.","og_url":"https:\/\/dev.explora.cl\/maule\/explora-maule-reune-a-docentes-de-la-region-en-campamento-cientifico\/","og_site_name":"Maule","article_published_time":"2024-03-06T14:04:11+00:00","og_image":[{"width":1280,"height":1024,"url":"https:\/\/dev.explora.cl\/maule\/wp-content\/uploads\/sites\/9\/2024\/03\/campamento-docentes.jpg","type":"image\/jpeg"}],"author":"cpereira","twitter_card":"summary_large_image","twitter_misc":{"Escrito por":"cpereira","Tiempo estimado de lectura":"3 minutos"},"schema":{"@context":"https:\/\/schema.org","@graph":[{"@type":"Article","@id":"https:\/\/dev.explora.cl\/maule\/explora-maule-reune-a-docentes-de-la-region-en-campamento-cientifico\/#article","isPartOf":{"@id":"https:\/\/dev.explora.cl\/maule\/explora-maule-reune-a-docentes-de-la-region-en-campamento-cientifico\/"},"author":{"name":"cpereira","@id":"https:\/\/dev.explora.cl\/maule\/#\/schema\/person\/7c4a8d7da1b43fee83d990c08dd35f99"},"headline":"Explora Maule re\u00fane a docentes de la regi\u00f3n en campamento cient\u00edfico","datePublished":"2024-03-06T14:04:11+00:00","mainEntityOfPage":{"@id":"https:\/\/dev.explora.cl\/maule\/explora-maule-reune-a-docentes-de-la-region-en-campamento-cientifico\/"},"wordCount":588,"image":{"@id":"https:\/\/dev.explora.cl\/maule\/explora-maule-reune-a-docentes-de-la-region-en-campamento-cientifico\/#primaryimage"},"thumbnailUrl":"https:\/\/dev.explora.cl\/maule\/wp-content\/uploads\/sites\/9\/2024\/03\/campamento-docentes.jpg","articleSection":["Lugar 8","Noticias"],"inLanguage":"es-CL"},{"@type":"WebPage","@id":"https:\/\/dev.explora.cl\/maule\/explora-maule-reune-a-docentes-de-la-region-en-campamento-cientifico\/","url":"https:\/\/dev.explora.cl\/maule\/explora-maule-reune-a-docentes-de-la-region-en-campamento-cientifico\/","name":"Explora Maule re\u00fane a docentes de la regi\u00f3n en campamento cient\u00edfico - Maule","isPartOf":{"@id":"https:\/\/dev.explora.cl\/maule\/#website"},"primaryImageOfPage":{"@id":"https:\/\/dev.explora.cl\/maule\/explora-maule-reune-a-docentes-de-la-region-en-campamento-cientifico\/#primaryimage"},"image":{"@id":"https:\/\/dev.explora.cl\/maule\/explora-maule-reune-a-docentes-de-la-region-en-campamento-cientifico\/#primaryimage"},"thumbnailUrl":"https:\/\/dev.explora.cl\/maule\/wp-content\/uploads\/sites\/9\/2024\/03\/campamento-docentes.jpg","datePublished":"2024-03-06T14:04:11+00:00","author":{"@id":"https:\/\/dev.explora.cl\/maule\/#\/schema\/person\/7c4a8d7da1b43fee83d990c08dd35f99"},"breadcrumb":{"@id":"https:\/\/dev.explora.cl\/maule\/explora-maule-reune-a-docentes-de-la-region-en-campamento-cientifico\/#breadcrumb"},"inLanguage":"es-CL","potentialAction":[{"@type":"ReadAction","target":["https:\/\/dev.explora.cl\/maule\/explora-maule-reune-a-docentes-de-la-region-en-campamento-cientifico\/"]}]},{"@type":"ImageObject","inLanguage":"es-CL","@id":"https:\/\/dev.explora.cl\/maule\/explora-maule-reune-a-docentes-de-la-region-en-campamento-cientifico\/#primaryimage","url":"https:\/\/dev.explora.cl\/maule\/wp-content\/uploads\/sites\/9\/2024\/03\/campamento-docentes.jpg","contentUrl":"https:\/\/dev.explora.cl\/maule\/wp-content\/uploads\/sites\/9\/2024\/03\/campamento-docentes.jpg","width":1280,"height":1024},{"@type":"BreadcrumbList","@id":"https:\/\/dev.explora.cl\/maule\/explora-maule-reune-a-docentes-de-la-region-en-campamento-cientifico\/#breadcrumb","itemListElement":[{"@type":"ListItem","position":1,"name":"Portada","item":"https:\/\/dev.explora.cl\/maule\/"},{"@type":"ListItem","position":2,"name":"Explora Maule re\u00fane a docentes de la regi\u00f3n en campamento cient\u00edfico"}]},{"@type":"WebSite","@id":"https:\/\/dev.explora.cl\/maule\/#website","url":"https:\/\/dev.explora.cl\/maule\/","name":"Maule","description":"Otro sitio m\u00e1s de dev.explora.cl","potentialAction":[{"@type":"SearchAction","target":{"@type":"EntryPoint","urlTemplate":"https:\/\/dev.explora.cl\/maule\/?s={search_term_string}"},"query-input":{"@type":"PropertyValueSpecification","valueRequired":true,"valueName":"search_term_string"}}],"inLanguage":"es-CL"},{"@type":"Person","@id":"https:\/\/dev.explora.cl\/maule\/#\/schema\/person\/7c4a8d7da1b43fee83d990c08dd35f99","name":"cpereira","image":{"@type":"ImageObject","inLanguage":"es-CL","@id":"https:\/\/dev.explora.cl\/maule\/#\/schema\/person\/image\/","url":"https:\/\/secure.gravatar.com\/avatar\/b5fc66932e6c27119a245427f86f8c950201f3cbe1e64e508e0f7c39dc595157?s=96&d=mm&r=g","contentUrl":"https:\/\/secure.gravatar.com\/avatar\/b5fc66932e6c27119a245427f86f8c950201f3cbe1e64e508e0f7c39dc595157?s=96&d=mm&r=g","caption":"cpereira"},"url":"https:\/\/dev.explora.cl\/maule\/author\/cpereira\/"}]}},"_links":{"self":[{"href":"https:\/\/dev.explora.cl\/maule\/wp-json\/wp\/v2\/posts\/39237","targetHints":{"allow":["GET"]}}],"collection":[{"href":"https:\/\/dev.explora.cl\/maule\/wp-json\/wp\/v2\/posts"}],"about":[{"href":"https:\/\/dev.explora.cl\/maule\/wp-json\/wp\/v2\/types\/post"}],"author":[{"embeddable":true,"href":"https:\/\/dev.explora.cl\/maule\/wp-json\/wp\/v2\/users\/24"}],"replies":[{"embeddable":true,"href":"https:\/\/dev.explora.cl\/maule\/wp-json\/wp\/v2\/comments?post=39237"}],"version-history":[{"count":1,"href":"https:\/\/dev.explora.cl\/maule\/wp-json\/wp\/v2\/posts\/39237\/revisions"}],"predecessor-version":[{"id":39239,"href":"https:\/\/dev.explora.cl\/maule\/wp-json\/wp\/v2\/posts\/39237\/revisions\/39239"}],"wp:featuredmedia":[{"embeddable":true,"href":"https:\/\/dev.explora.cl\/maule\/wp-json\/wp\/v2\/media\/39238"}],"wp:attachment":[{"href":"https:\/\/dev.explora.cl\/maule\/wp-json\/wp\/v2\/media?parent=39237"}],"wp:term":[{"taxonomy":"category","embeddable":true,"href":"https:\/\/dev.explora.cl\/maule\/wp-json\/wp\/v2\/categories?post=39237"},{"taxonomy":"post_tag","embeddable":true,"href":"https:\/\/dev.explora.cl\/maule\/wp-json\/wp\/v2\/tags?post=39237"}],"curies":[{"name":"wp","href":"https:\/\/api.w.org\/{rel}","templated":true}]}}