{"id":39213,"date":"2023-09-08T11:43:08","date_gmt":"2023-09-08T14:43:08","guid":{"rendered":"https:\/\/dev.explora.cl\/maule\/?p=39213"},"modified":"2023-09-08T11:43:08","modified_gmt":"2023-09-08T14:43:08","slug":"jornada-para-academicas-os-interesadas-os-en-divulgacion-cientifica","status":"publish","type":"post","link":"https:\/\/dev.explora.cl\/maule\/jornada-para-academicas-os-interesadas-os-en-divulgacion-cientifica\/","title":{"rendered":"Jornada para acad\u00e9micas\/os interesadas\/os en Divulgaci\u00f3n Cient\u00edfica"},"content":{"rendered":"<h3>Actividad permitir\u00e1 conocer experiencias sobre el impacto de la difusi\u00f3n de la ciencia en la educaci\u00f3n y en la comunidad.<\/h3>\n<p>La Universidad de Talca ser\u00e1 la anfitriona del conversatorio \u00abLa Ciencia Sale al Territorio\u00bb, dirigido a la comunidad cient\u00edfica de universidades del Maule y a acad\u00e9micas\/os interesados en el dise\u00f1o de experiencias de divulgaci\u00f3n cient\u00edfica.<\/p>\n<p>La actividad tendr\u00e1 como expositores a las\/os docentes de la UTalca, Andrea Barrera, Ximena Colip\u00e1n y C\u00e9sar Retamal, adem\u00e1s de Jorge Toledo, acad\u00e9mico de la U. de Chile, quienes presentar\u00e1n casos exitosos y su experiencia en el dise\u00f1o de programas de divulgaci\u00f3n cient\u00edfica con impacto en la educaci\u00f3n escolar.<\/p>\n<p>Sobre el evento que se realizar\u00e1 el jueves 14 de septiembre a las 11:00 horas en el Sal\u00f3n Diego Portales del Campus Talca, el director de Explora Maule, Leonardo Leottau, destac\u00f3 que \u00abes una oportunidad para obtener ideas y reflexionar sobre c\u00f3mo involucrar a diversos p\u00fablicos en la exploraci\u00f3n y comprensi\u00f3n de la ciencia y la tecnolog\u00eda a trav\u00e9s de metodolog\u00edas innovadoras y efectivas\u00bb.<\/p>\n<p>Las inscripciones para participar en la jornada que es organizada por la Direcci\u00f3n General de Vinculaci\u00f3n con el Medio y Explora Maule, se deben realizar a trav\u00e9s del link\u00a0<a href=\"https:\/\/forms.office.com\/r\/WACB8cNeYg\" target=\"_blank\" rel=\"noopener noreferrer\">https:\/\/forms.office.com\/r\/WACB8cNeYg<\/a><\/p>\n<p>Quienes asistan podr\u00e1n conocer proyectos como los Laboratorios Abiertos de Microbiolog\u00eda, la fabricaci\u00f3n casera de microscopios de Micro Mundo, el Festival de las Matem\u00e1ticas y las iniciativas de la Facultad de Ingenier\u00eda, incluyendo el innovador \u00abTruck Lab\u00bb, laboratorio m\u00f3vil de la UTalca que lleva la ciencia a diferentes puntos de la regi\u00f3n y del pa\u00eds.<\/p>\n<p>Adem\u00e1s, se presentar\u00e1n experiencias como el desaf\u00edo \u00abDTC\u00bb y el espacio interactivo \u00abDTC+\u00bb, que han estimulado la curiosidad y el inter\u00e9s por la ciencia y la tecnolog\u00eda en estudiantes de la regi\u00f3n de Maule durante varios a\u00f1os.<\/p>\n","protected":false},"excerpt":{"rendered":"<p>Actividad permitir\u00e1 conocer experiencias sobre el impacto de la difusi\u00f3n de la ciencia en la educaci\u00f3n y en la comunidad.<\/p>\n","protected":false},"author":24,"featured_media":39214,"comment_status":"open","ping_status":"open","sticky":false,"template":"","format":"standard","meta":{"_acf_changed":false,"_exactmetrics_skip_tracking":false,"_exactmetrics_sitenote_active":false,"_exactmetrics_sitenote_note":"","_exactmetrics_sitenote_category":0,"footnotes":"","_links_to":"","_links_to_target":""},"categories":[139,4],"tags":[],"class_list":["post-39213","post","type-post","status-publish","format-standard","has-post-thumbnail","hentry","category-lugar-4","category-noticias"],"acf":[],"yoast_head":"<!-- This site is optimized with the Yoast SEO plugin v26.7 - https:\/\/yoast.com\/wordpress\/plugins\/seo\/ -->\n<title>Jornada para acad\u00e9micas\/os interesadas\/os en Divulgaci\u00f3n Cient\u00edfica - Maule<\/title>\n<meta name=\"robots\" content=\"index, follow, max-snippet:-1, max-image-preview:large, max-video-preview:-1\" \/>\n<link rel=\"canonical\" href=\"https:\/\/dev.explora.cl\/maule\/jornada-para-academicas-os-interesadas-os-en-divulgacion-cientifica\/\" class=\"yoast-seo-meta-tag\" \/>\n<meta property=\"og:locale\" content=\"es_ES\" class=\"yoast-seo-meta-tag\" \/>\n<meta property=\"og:type\" content=\"article\" class=\"yoast-seo-meta-tag\" \/>\n<meta property=\"og:title\" content=\"Jornada para acad\u00e9micas\/os interesadas\/os en Divulgaci\u00f3n Cient\u00edfica - Maule\" class=\"yoast-seo-meta-tag\" \/>\n<meta property=\"og:description\" content=\"Actividad permitir\u00e1 conocer experiencias sobre el impacto de la difusi\u00f3n de la ciencia en la educaci\u00f3n y en la comunidad.\" class=\"yoast-seo-meta-tag\" \/>\n<meta property=\"og:url\" content=\"https:\/\/dev.explora.cl\/maule\/jornada-para-academicas-os-interesadas-os-en-divulgacion-cientifica\/\" class=\"yoast-seo-meta-tag\" \/>\n<meta property=\"og:site_name\" content=\"Maule\" class=\"yoast-seo-meta-tag\" \/>\n<meta property=\"article:published_time\" content=\"2023-09-08T14:43:08+00:00\" class=\"yoast-seo-meta-tag\" \/>\n<meta property=\"og:image\" content=\"https:\/\/dev.explora.cl\/maule\/wp-content\/uploads\/sites\/9\/2023\/09\/Universidad-de-Talca-2023-09-07T165702.133-1.png\" class=\"yoast-seo-meta-tag\" \/>\n\t<meta property=\"og:image:width\" content=\"1280\" class=\"yoast-seo-meta-tag\" \/>\n\t<meta property=\"og:image:height\" content=\"1024\" class=\"yoast-seo-meta-tag\" \/>\n\t<meta property=\"og:image:type\" content=\"image\/png\" class=\"yoast-seo-meta-tag\" \/>\n<meta name=\"author\" content=\"cpereira\" class=\"yoast-seo-meta-tag\" \/>\n<meta name=\"twitter:card\" content=\"summary_large_image\" class=\"yoast-seo-meta-tag\" \/>\n<meta name=\"twitter:label1\" content=\"Escrito por\" class=\"yoast-seo-meta-tag\" \/>\n\t<meta name=\"twitter:data1\" content=\"cpereira\" class=\"yoast-seo-meta-tag\" \/>\n\t<meta name=\"twitter:label2\" content=\"Tiempo estimado de lectura\" class=\"yoast-seo-meta-tag\" \/>\n\t<meta name=\"twitter:data2\" content=\"2 minutos\" class=\"yoast-seo-meta-tag\" \/>\n<script type=\"application\/ld+json\" class=\"yoast-schema-graph\">{\"@context\":\"https:\/\/schema.org\",\"@graph\":[{\"@type\":\"Article\",\"@id\":\"https:\/\/dev.explora.cl\/maule\/jornada-para-academicas-os-interesadas-os-en-divulgacion-cientifica\/#article\",\"isPartOf\":{\"@id\":\"https:\/\/dev.explora.cl\/maule\/jornada-para-academicas-os-interesadas-os-en-divulgacion-cientifica\/\"},\"author\":{\"name\":\"cpereira\",\"@id\":\"https:\/\/dev.explora.cl\/maule\/#\/schema\/person\/7c4a8d7da1b43fee83d990c08dd35f99\"},\"headline\":\"Jornada para acad\u00e9micas\/os interesadas\/os en Divulgaci\u00f3n Cient\u00edfica\",\"datePublished\":\"2023-09-08T14:43:08+00:00\",\"mainEntityOfPage\":{\"@id\":\"https:\/\/dev.explora.cl\/maule\/jornada-para-academicas-os-interesadas-os-en-divulgacion-cientifica\/\"},\"wordCount\":350,\"commentCount\":0,\"image\":{\"@id\":\"https:\/\/dev.explora.cl\/maule\/jornada-para-academicas-os-interesadas-os-en-divulgacion-cientifica\/#primaryimage\"},\"thumbnailUrl\":\"https:\/\/dev.explora.cl\/maule\/wp-content\/uploads\/sites\/9\/2023\/09\/Universidad-de-Talca-2023-09-07T165702.133-1.png\",\"articleSection\":[\"Lugar 4\",\"Noticias\"],\"inLanguage\":\"es-CL\",\"potentialAction\":[{\"@type\":\"CommentAction\",\"name\":\"Comment\",\"target\":[\"https:\/\/dev.explora.cl\/maule\/jornada-para-academicas-os-interesadas-os-en-divulgacion-cientifica\/#respond\"]}]},{\"@type\":\"WebPage\",\"@id\":\"https:\/\/dev.explora.cl\/maule\/jornada-para-academicas-os-interesadas-os-en-divulgacion-cientifica\/\",\"url\":\"https:\/\/dev.explora.cl\/maule\/jornada-para-academicas-os-interesadas-os-en-divulgacion-cientifica\/\",\"name\":\"Jornada para acad\u00e9micas\/os interesadas\/os en Divulgaci\u00f3n Cient\u00edfica - Maule\",\"isPartOf\":{\"@id\":\"https:\/\/dev.explora.cl\/maule\/#website\"},\"primaryImageOfPage\":{\"@id\":\"https:\/\/dev.explora.cl\/maule\/jornada-para-academicas-os-interesadas-os-en-divulgacion-cientifica\/#primaryimage\"},\"image\":{\"@id\":\"https:\/\/dev.explora.cl\/maule\/jornada-para-academicas-os-interesadas-os-en-divulgacion-cientifica\/#primaryimage\"},\"thumbnailUrl\":\"https:\/\/dev.explora.cl\/maule\/wp-content\/uploads\/sites\/9\/2023\/09\/Universidad-de-Talca-2023-09-07T165702.133-1.png\",\"datePublished\":\"2023-09-08T14:43:08+00:00\",\"author\":{\"@id\":\"https:\/\/dev.explora.cl\/maule\/#\/schema\/person\/7c4a8d7da1b43fee83d990c08dd35f99\"},\"breadcrumb\":{\"@id\":\"https:\/\/dev.explora.cl\/maule\/jornada-para-academicas-os-interesadas-os-en-divulgacion-cientifica\/#breadcrumb\"},\"inLanguage\":\"es-CL\",\"potentialAction\":[{\"@type\":\"ReadAction\",\"target\":[\"https:\/\/dev.explora.cl\/maule\/jornada-para-academicas-os-interesadas-os-en-divulgacion-cientifica\/\"]}]},{\"@type\":\"ImageObject\",\"inLanguage\":\"es-CL\",\"@id\":\"https:\/\/dev.explora.cl\/maule\/jornada-para-academicas-os-interesadas-os-en-divulgacion-cientifica\/#primaryimage\",\"url\":\"https:\/\/dev.explora.cl\/maule\/wp-content\/uploads\/sites\/9\/2023\/09\/Universidad-de-Talca-2023-09-07T165702.133-1.png\",\"contentUrl\":\"https:\/\/dev.explora.cl\/maule\/wp-content\/uploads\/sites\/9\/2023\/09\/Universidad-de-Talca-2023-09-07T165702.133-1.png\",\"width\":1280,\"height\":1024},{\"@type\":\"BreadcrumbList\",\"@id\":\"https:\/\/dev.explora.cl\/maule\/jornada-para-academicas-os-interesadas-os-en-divulgacion-cientifica\/#breadcrumb\",\"itemListElement\":[{\"@type\":\"ListItem\",\"position\":1,\"name\":\"Portada\",\"item\":\"https:\/\/dev.explora.cl\/maule\/\"},{\"@type\":\"ListItem\",\"position\":2,\"name\":\"Jornada para acad\u00e9micas\/os interesadas\/os en Divulgaci\u00f3n Cient\u00edfica\"}]},{\"@type\":\"WebSite\",\"@id\":\"https:\/\/dev.explora.cl\/maule\/#website\",\"url\":\"https:\/\/dev.explora.cl\/maule\/\",\"name\":\"Maule\",\"description\":\"Otro sitio m\u00e1s de dev.explora.cl\",\"potentialAction\":[{\"@type\":\"SearchAction\",\"target\":{\"@type\":\"EntryPoint\",\"urlTemplate\":\"https:\/\/dev.explora.cl\/maule\/?s={search_term_string}\"},\"query-input\":{\"@type\":\"PropertyValueSpecification\",\"valueRequired\":true,\"valueName\":\"search_term_string\"}}],\"inLanguage\":\"es-CL\"},{\"@type\":\"Person\",\"@id\":\"https:\/\/dev.explora.cl\/maule\/#\/schema\/person\/7c4a8d7da1b43fee83d990c08dd35f99\",\"name\":\"cpereira\",\"image\":{\"@type\":\"ImageObject\",\"inLanguage\":\"es-CL\",\"@id\":\"https:\/\/dev.explora.cl\/maule\/#\/schema\/person\/image\/\",\"url\":\"https:\/\/secure.gravatar.com\/avatar\/b5fc66932e6c27119a245427f86f8c950201f3cbe1e64e508e0f7c39dc595157?s=96&d=mm&r=g\",\"contentUrl\":\"https:\/\/secure.gravatar.com\/avatar\/b5fc66932e6c27119a245427f86f8c950201f3cbe1e64e508e0f7c39dc595157?s=96&d=mm&r=g\",\"caption\":\"cpereira\"},\"url\":\"https:\/\/dev.explora.cl\/maule\/author\/cpereira\/\"}]}<\/script>\n<!-- \/ Yoast SEO plugin. -->","yoast_head_json":{"title":"Jornada para acad\u00e9micas\/os interesadas\/os en Divulgaci\u00f3n Cient\u00edfica - Maule","robots":{"index":"index","follow":"follow","max-snippet":"max-snippet:-1","max-image-preview":"max-image-preview:large","max-video-preview":"max-video-preview:-1"},"canonical":"https:\/\/dev.explora.cl\/maule\/jornada-para-academicas-os-interesadas-os-en-divulgacion-cientifica\/","og_locale":"es_ES","og_type":"article","og_title":"Jornada para acad\u00e9micas\/os interesadas\/os en Divulgaci\u00f3n Cient\u00edfica - Maule","og_description":"Actividad permitir\u00e1 conocer experiencias sobre el impacto de la difusi\u00f3n de la ciencia en la educaci\u00f3n y en la comunidad.","og_url":"https:\/\/dev.explora.cl\/maule\/jornada-para-academicas-os-interesadas-os-en-divulgacion-cientifica\/","og_site_name":"Maule","article_published_time":"2023-09-08T14:43:08+00:00","og_image":[{"width":1280,"height":1024,"url":"https:\/\/dev.explora.cl\/maule\/wp-content\/uploads\/sites\/9\/2023\/09\/Universidad-de-Talca-2023-09-07T165702.133-1.png","type":"image\/png"}],"author":"cpereira","twitter_card":"summary_large_image","twitter_misc":{"Escrito por":"cpereira","Tiempo estimado de lectura":"2 minutos"},"schema":{"@context":"https:\/\/schema.org","@graph":[{"@type":"Article","@id":"https:\/\/dev.explora.cl\/maule\/jornada-para-academicas-os-interesadas-os-en-divulgacion-cientifica\/#article","isPartOf":{"@id":"https:\/\/dev.explora.cl\/maule\/jornada-para-academicas-os-interesadas-os-en-divulgacion-cientifica\/"},"author":{"name":"cpereira","@id":"https:\/\/dev.explora.cl\/maule\/#\/schema\/person\/7c4a8d7da1b43fee83d990c08dd35f99"},"headline":"Jornada para acad\u00e9micas\/os interesadas\/os en Divulgaci\u00f3n Cient\u00edfica","datePublished":"2023-09-08T14:43:08+00:00","mainEntityOfPage":{"@id":"https:\/\/dev.explora.cl\/maule\/jornada-para-academicas-os-interesadas-os-en-divulgacion-cientifica\/"},"wordCount":350,"commentCount":0,"image":{"@id":"https:\/\/dev.explora.cl\/maule\/jornada-para-academicas-os-interesadas-os-en-divulgacion-cientifica\/#primaryimage"},"thumbnailUrl":"https:\/\/dev.explora.cl\/maule\/wp-content\/uploads\/sites\/9\/2023\/09\/Universidad-de-Talca-2023-09-07T165702.133-1.png","articleSection":["Lugar 4","Noticias"],"inLanguage":"es-CL","potentialAction":[{"@type":"CommentAction","name":"Comment","target":["https:\/\/dev.explora.cl\/maule\/jornada-para-academicas-os-interesadas-os-en-divulgacion-cientifica\/#respond"]}]},{"@type":"WebPage","@id":"https:\/\/dev.explora.cl\/maule\/jornada-para-academicas-os-interesadas-os-en-divulgacion-cientifica\/","url":"https:\/\/dev.explora.cl\/maule\/jornada-para-academicas-os-interesadas-os-en-divulgacion-cientifica\/","name":"Jornada para acad\u00e9micas\/os interesadas\/os en Divulgaci\u00f3n Cient\u00edfica - Maule","isPartOf":{"@id":"https:\/\/dev.explora.cl\/maule\/#website"},"primaryImageOfPage":{"@id":"https:\/\/dev.explora.cl\/maule\/jornada-para-academicas-os-interesadas-os-en-divulgacion-cientifica\/#primaryimage"},"image":{"@id":"https:\/\/dev.explora.cl\/maule\/jornada-para-academicas-os-interesadas-os-en-divulgacion-cientifica\/#primaryimage"},"thumbnailUrl":"https:\/\/dev.explora.cl\/maule\/wp-content\/uploads\/sites\/9\/2023\/09\/Universidad-de-Talca-2023-09-07T165702.133-1.png","datePublished":"2023-09-08T14:43:08+00:00","author":{"@id":"https:\/\/dev.explora.cl\/maule\/#\/schema\/person\/7c4a8d7da1b43fee83d990c08dd35f99"},"breadcrumb":{"@id":"https:\/\/dev.explora.cl\/maule\/jornada-para-academicas-os-interesadas-os-en-divulgacion-cientifica\/#breadcrumb"},"inLanguage":"es-CL","potentialAction":[{"@type":"ReadAction","target":["https:\/\/dev.explora.cl\/maule\/jornada-para-academicas-os-interesadas-os-en-divulgacion-cientifica\/"]}]},{"@type":"ImageObject","inLanguage":"es-CL","@id":"https:\/\/dev.explora.cl\/maule\/jornada-para-academicas-os-interesadas-os-en-divulgacion-cientifica\/#primaryimage","url":"https:\/\/dev.explora.cl\/maule\/wp-content\/uploads\/sites\/9\/2023\/09\/Universidad-de-Talca-2023-09-07T165702.133-1.png","contentUrl":"https:\/\/dev.explora.cl\/maule\/wp-content\/uploads\/sites\/9\/2023\/09\/Universidad-de-Talca-2023-09-07T165702.133-1.png","width":1280,"height":1024},{"@type":"BreadcrumbList","@id":"https:\/\/dev.explora.cl\/maule\/jornada-para-academicas-os-interesadas-os-en-divulgacion-cientifica\/#breadcrumb","itemListElement":[{"@type":"ListItem","position":1,"name":"Portada","item":"https:\/\/dev.explora.cl\/maule\/"},{"@type":"ListItem","position":2,"name":"Jornada para acad\u00e9micas\/os interesadas\/os en Divulgaci\u00f3n Cient\u00edfica"}]},{"@type":"WebSite","@id":"https:\/\/dev.explora.cl\/maule\/#website","url":"https:\/\/dev.explora.cl\/maule\/","name":"Maule","description":"Otro sitio m\u00e1s de dev.explora.cl","potentialAction":[{"@type":"SearchAction","target":{"@type":"EntryPoint","urlTemplate":"https:\/\/dev.explora.cl\/maule\/?s={search_term_string}"},"query-input":{"@type":"PropertyValueSpecification","valueRequired":true,"valueName":"search_term_string"}}],"inLanguage":"es-CL"},{"@type":"Person","@id":"https:\/\/dev.explora.cl\/maule\/#\/schema\/person\/7c4a8d7da1b43fee83d990c08dd35f99","name":"cpereira","image":{"@type":"ImageObject","inLanguage":"es-CL","@id":"https:\/\/dev.explora.cl\/maule\/#\/schema\/person\/image\/","url":"https:\/\/secure.gravatar.com\/avatar\/b5fc66932e6c27119a245427f86f8c950201f3cbe1e64e508e0f7c39dc595157?s=96&d=mm&r=g","contentUrl":"https:\/\/secure.gravatar.com\/avatar\/b5fc66932e6c27119a245427f86f8c950201f3cbe1e64e508e0f7c39dc595157?s=96&d=mm&r=g","caption":"cpereira"},"url":"https:\/\/dev.explora.cl\/maule\/author\/cpereira\/"}]}},"_links":{"self":[{"href":"https:\/\/dev.explora.cl\/maule\/wp-json\/wp\/v2\/posts\/39213","targetHints":{"allow":["GET"]}}],"collection":[{"href":"https:\/\/dev.explora.cl\/maule\/wp-json\/wp\/v2\/posts"}],"about":[{"href":"https:\/\/dev.explora.cl\/maule\/wp-json\/wp\/v2\/types\/post"}],"author":[{"embeddable":true,"href":"https:\/\/dev.explora.cl\/maule\/wp-json\/wp\/v2\/users\/24"}],"replies":[{"embeddable":true,"href":"https:\/\/dev.explora.cl\/maule\/wp-json\/wp\/v2\/comments?post=39213"}],"version-history":[{"count":1,"href":"https:\/\/dev.explora.cl\/maule\/wp-json\/wp\/v2\/posts\/39213\/revisions"}],"predecessor-version":[{"id":39215,"href":"https:\/\/dev.explora.cl\/maule\/wp-json\/wp\/v2\/posts\/39213\/revisions\/39215"}],"wp:featuredmedia":[{"embeddable":true,"href":"https:\/\/dev.explora.cl\/maule\/wp-json\/wp\/v2\/media\/39214"}],"wp:attachment":[{"href":"https:\/\/dev.explora.cl\/maule\/wp-json\/wp\/v2\/media?parent=39213"}],"wp:term":[{"taxonomy":"category","embeddable":true,"href":"https:\/\/dev.explora.cl\/maule\/wp-json\/wp\/v2\/categories?post=39213"},{"taxonomy":"post_tag","embeddable":true,"href":"https:\/\/dev.explora.cl\/maule\/wp-json\/wp\/v2\/tags?post=39213"}],"curies":[{"name":"wp","href":"https:\/\/api.w.org\/{rel}","templated":true}]}}