{"id":39117,"date":"2023-06-09T17:24:34","date_gmt":"2023-06-09T21:24:34","guid":{"rendered":"https:\/\/dev.explora.cl\/maule\/?p=39117"},"modified":"2023-07-26T08:50:01","modified_gmt":"2023-07-26T12:50:01","slug":"explora-maule-abre-convocatoria-del-programa-pipe-2023","status":"publish","type":"post","link":"https:\/\/dev.explora.cl\/maule\/explora-maule-abre-convocatoria-del-programa-pipe-2023\/","title":{"rendered":"Explora Maule se fortalece con la creaci\u00f3n del Comit\u00e9 Asesor Cient\u00edfico Transdisciplinario"},"content":{"rendered":"<h3><em>Destacados acad\u00e9micos y acad\u00e9micas\u00a0\u00a0 se unen para brindar asesoramiento y validar el contenido cient\u00edfico de las actividades del proyecto. Una iniciativa que busca inspirar y despertar el inter\u00e9s de los estudiantes por la ciencia y la tecnolog\u00eda desde temprana edad.<\/em><\/h3>\n<p>Con el prop\u00f3sito de fomentar la divulgaci\u00f3n cient\u00edfica entre la comunidad acad\u00e9mica y motivar su participaci\u00f3n en actividades de vinculaci\u00f3n con el mundo escolar en diversas \u00e1reas del conocimiento, la Direcci\u00f3n General de Vinculaci\u00f3n con el Medio ha establecido el Comit\u00e9 Asesor Cient\u00edfico Transdisciplinario para el proyecto Explora Maule.<\/p>\n<p>Este comit\u00e9 est\u00e1 conformado por destacados acad\u00e9micos de diferentes disciplinas, quienes tienen la responsabilidad de brindar asesoramiento estrat\u00e9gico y validar el contenido cient\u00edfico de las actividades que se llevar\u00e1n a cabo durante el a\u00f1o.<\/p>\n<p>Karin Saavedra, Directora General de Vinculaci\u00f3n con el Medio de la Universidad de Talca, destaca la importancia de este comit\u00e9 y comenta: &#8220;Es una instancia nueva que permitir\u00e1 fortalecer la participaci\u00f3n de la comunidad acad\u00e9mica en la ejecuci\u00f3n del proyecto, ya sea en el dise\u00f1o de actividades de divulgaci\u00f3n cient\u00edfica para que resulten m\u00e1s atractivas o coordinando la presencia en territorio, mejorando la vinculaci\u00f3n con las comunidades escolares.&#8221;<\/p>\n<p><img loading=\"lazy\" decoding=\"async\" class=\"wp-image-39176 alignright\" src=\"https:\/\/dev.explora.cl\/maule\/wp-content\/uploads\/sites\/9\/2023\/06\/1B7A7046-300x200.jpg\" alt=\"\" width=\"317\" height=\"211\" srcset=\"https:\/\/dev.explora.cl\/maule\/wp-content\/uploads\/sites\/9\/2023\/06\/1B7A7046-300x200.jpg 300w, https:\/\/dev.explora.cl\/maule\/wp-content\/uploads\/sites\/9\/2023\/06\/1B7A7046-768x512.jpg 768w, https:\/\/dev.explora.cl\/maule\/wp-content\/uploads\/sites\/9\/2023\/06\/1B7A7046-1024x683.jpg 1024w\" sizes=\"auto, (max-width: 317px) 100vw, 317px\" \/>El Comit\u00e9 Asesor Cient\u00edfico Transdisciplinario est\u00e1 integrado por Claire Mercier, acad\u00e9mica del Instituto Abate Molina; Marcela Lillo, acad\u00e9mica de la escuela de m\u00fasica; Francisca Orostica, gestora cultural de la Direcci\u00f3n de Extensi\u00f3n; Zoraya L\u00f3pez, acad\u00e9mica del Instituto de Qu\u00edmica; Carlos Padilla, Decano de la Facultad de Salud; Ismael Gallardo, Decano de la Facultad de Psicolog\u00eda; C\u00e9sar Retamal, acad\u00e9mico de la Facultad de Ingenier\u00eda; Roberto Jara, Director de Investigaci\u00f3n; Karin Saavedra, Directora General de Vinculaci\u00f3n con el Medio; y Leonardo Leottau, Director de Explora Maule.<\/p>\n<p>&#8220;Esta iniciativa es un paso significativo en nuestro trabajo, ya que estamos en la transici\u00f3n de ser un equipo ejecutor a uno articulador de l\u00edneas de trabajo, y necesitamos el apoyo de la comunidad cient\u00edfica para generar una parrilla de actividades que vinculen a la academia con los establecimientos educativos&#8221;, indic\u00f3 Leonardo Leottau, Director de Explora Maule.<\/p>\n<p>Roberto Jara, Director de Investigaci\u00f3n de la Universidad de Talca, destaca la relevancia de esta colaboraci\u00f3n al expresar: &#8220;El coraz\u00f3n de la Universidad es la vinculaci\u00f3n, nuestra postura institucional es difundir la ciencia en todos sus \u00e1mbitos. Tenemos que generar acciones bidireccionales, cautivar con el conocimiento y fomentar el esp\u00edritu cr\u00edtico desde tempranas edades en los estudiantes, y conocer sus opiniones para generar m\u00e1s y mejores actividades.&#8221;<\/p>\n<p><strong>Ciencia en los colegios<\/strong><\/p>\n<p>Durante este nuevo periodo de ejecuci\u00f3n, el proyecto Explora Maule, liderado por la Direcci\u00f3n General de Vinculaci\u00f3n con el Medio de la UTalca, se enfocar\u00e1 en colaborar con colegios de la regi\u00f3n, estableciendo un puente directo entre la comunidad acad\u00e9mica y escolar. Por este motivo, se invita a los acad\u00e9micos de la Universidad de Talca a compartir su conocimiento y experiencia a trav\u00e9s de actividades educativas interactivas, l\u00fadicas, pero con alto rigor cient\u00edfico en los establecimientos escolares.<\/p>\n<p><img loading=\"lazy\" decoding=\"async\" class=\"size-medium wp-image-39177 alignright\" src=\"https:\/\/dev.explora.cl\/maule\/wp-content\/uploads\/sites\/9\/2023\/06\/1B7A7072-300x200.jpg\" alt=\"\" width=\"300\" height=\"200\" srcset=\"https:\/\/dev.explora.cl\/maule\/wp-content\/uploads\/sites\/9\/2023\/06\/1B7A7072-300x200.jpg 300w, https:\/\/dev.explora.cl\/maule\/wp-content\/uploads\/sites\/9\/2023\/06\/1B7A7072-768x512.jpg 768w, https:\/\/dev.explora.cl\/maule\/wp-content\/uploads\/sites\/9\/2023\/06\/1B7A7072-1024x683.jpg 1024w\" sizes=\"auto, (max-width: 300px) 100vw, 300px\" \/>Marcela Lillo, acad\u00e9mica de la escuela de m\u00fasica, resalta la importancia de estimular la creatividad en los estudiantes. &#8220;La curiosidad y creatividad son innatas en las ni\u00f1as y los ni\u00f1os, y desde las artes tenemos herramientas para generar experiencias que estimulen la b\u00fasqueda y experimentaci\u00f3n, ya sea estudiando el sonido u otras experiencias, que potencien la creatividad de los escolares&#8221;, coment\u00f3 Lillo.<\/p>\n<p>La presencia de acad\u00e9micos en los colegios es una oportunidad invaluable para inspirar y motivar a los estudiantes. Al interactuar directamente con destacados cient\u00edficos y cient\u00edficas, los escolares tienen la posibilidad de despertar su inter\u00e9s por la ciencia y la tecnolog\u00eda, y quiz\u00e1s incluso descubrir su vocaci\u00f3n en estas \u00e1reas tan importantes para nuestro pa\u00eds.<\/p>\n<p>Por su parte, Zoraya L\u00f3pez, acad\u00e9mica de la Universidad de Talca y colaboradora de Explora Maule, destaca los beneficios de esta colaboraci\u00f3n. &#8220;Al generar acciones de vinculaci\u00f3n con el medio en los colegios, los cient\u00edficos contribuyen a la formaci\u00f3n de una cultura cient\u00edfica desde temprana edad. Los estudiantes se ven motivados a explorar y descubrir nuevas \u00e1reas de conocimiento, lo que les permitir\u00e1 desarrollar habilidades fundamentales para su futuro&#8221;.<\/p>\n<p>Los acad\u00e9micos interesados en participar en las actividades de la Direcci\u00f3n General con el Medio a trav\u00e9s de su programa Explora Maule, pueden postular mediante el formulario disponible en el siguiente enlace:<a href=\"https:\/\/forms.office.com\/r\/FjLvfZaGjX\"> https:\/\/forms.office.com\/r\/FjLvfZaGjX<\/a>, as\u00ed como en la p\u00e1gina<a href=\"https:\/\/dev.explora.cl\/maule\"> dev.explora.cl\/maule<\/a>.<\/p>\n<p>&nbsp;<\/p>\n<p>&nbsp;<\/p>\n","protected":false},"excerpt":{"rendered":"<p>Destacados acad\u00e9micos y acad\u00e9micas\u00a0\u00a0 se unen para brindar asesoramiento y validar el contenido cient\u00edfico de las actividades del proyecto. Una iniciativa que busca inspirar y despertar el inter\u00e9s de los estudiantes por la ciencia y la tecnolog\u00eda desde temprana edad.<\/p>\n","protected":false},"author":24,"featured_media":39174,"comment_status":"open","ping_status":"open","sticky":false,"template":"","format":"standard","meta":{"_acf_changed":false,"_exactmetrics_skip_tracking":false,"_exactmetrics_sitenote_active":false,"_exactmetrics_sitenote_note":"","_exactmetrics_sitenote_category":0,"footnotes":"","_links_to":"","_links_to_target":""},"categories":[139,4],"tags":[],"class_list":["post-39117","post","type-post","status-publish","format-standard","has-post-thumbnail","hentry","category-lugar-4","category-noticias"],"acf":[],"yoast_head":"<!-- This site is optimized with the Yoast SEO plugin v26.7 - https:\/\/yoast.com\/wordpress\/plugins\/seo\/ -->\n<title>Explora Maule se fortalece con la creaci\u00f3n del Comit\u00e9 Asesor Cient\u00edfico Transdisciplinario - Maule<\/title>\n<meta name=\"robots\" content=\"index, follow, max-snippet:-1, max-image-preview:large, max-video-preview:-1\" \/>\n<link rel=\"canonical\" href=\"https:\/\/dev.explora.cl\/maule\/explora-maule-abre-convocatoria-del-programa-pipe-2023\/\" class=\"yoast-seo-meta-tag\" \/>\n<meta property=\"og:locale\" content=\"es_ES\" class=\"yoast-seo-meta-tag\" \/>\n<meta property=\"og:type\" content=\"article\" class=\"yoast-seo-meta-tag\" \/>\n<meta property=\"og:title\" content=\"Explora Maule se fortalece con la creaci\u00f3n del Comit\u00e9 Asesor Cient\u00edfico Transdisciplinario - Maule\" class=\"yoast-seo-meta-tag\" \/>\n<meta property=\"og:description\" content=\"Destacados acad\u00e9micos y acad\u00e9micas\u00a0\u00a0 se unen para brindar asesoramiento y validar el contenido cient\u00edfico de las actividades del proyecto. Una iniciativa que busca inspirar y despertar el inter\u00e9s de los estudiantes por la ciencia y la tecnolog\u00eda desde temprana edad.\" class=\"yoast-seo-meta-tag\" \/>\n<meta property=\"og:url\" content=\"https:\/\/dev.explora.cl\/maule\/explora-maule-abre-convocatoria-del-programa-pipe-2023\/\" class=\"yoast-seo-meta-tag\" \/>\n<meta property=\"og:site_name\" content=\"Maule\" class=\"yoast-seo-meta-tag\" \/>\n<meta property=\"article:published_time\" content=\"2023-06-09T21:24:34+00:00\" class=\"yoast-seo-meta-tag\" \/>\n<meta property=\"article:modified_time\" content=\"2023-07-26T12:50:01+00:00\" class=\"yoast-seo-meta-tag\" \/>\n<meta property=\"og:image\" content=\"https:\/\/dev.explora.cl\/maule\/wp-content\/uploads\/sites\/9\/2023\/06\/1B7A7099-1024x683.jpg\" class=\"yoast-seo-meta-tag\" \/>\n\t<meta property=\"og:image:width\" content=\"1024\" class=\"yoast-seo-meta-tag\" \/>\n\t<meta property=\"og:image:height\" content=\"683\" class=\"yoast-seo-meta-tag\" \/>\n\t<meta property=\"og:image:type\" content=\"image\/jpeg\" class=\"yoast-seo-meta-tag\" \/>\n<meta name=\"author\" content=\"cpereira\" class=\"yoast-seo-meta-tag\" \/>\n<meta name=\"twitter:card\" content=\"summary_large_image\" class=\"yoast-seo-meta-tag\" \/>\n<meta name=\"twitter:label1\" content=\"Escrito por\" class=\"yoast-seo-meta-tag\" \/>\n\t<meta name=\"twitter:data1\" content=\"cpereira\" class=\"yoast-seo-meta-tag\" \/>\n\t<meta name=\"twitter:label2\" content=\"Tiempo estimado de lectura\" class=\"yoast-seo-meta-tag\" \/>\n\t<meta name=\"twitter:data2\" content=\"4 minutos\" class=\"yoast-seo-meta-tag\" \/>\n<script type=\"application\/ld+json\" class=\"yoast-schema-graph\">{\"@context\":\"https:\/\/schema.org\",\"@graph\":[{\"@type\":\"Article\",\"@id\":\"https:\/\/dev.explora.cl\/maule\/explora-maule-abre-convocatoria-del-programa-pipe-2023\/#article\",\"isPartOf\":{\"@id\":\"https:\/\/dev.explora.cl\/maule\/explora-maule-abre-convocatoria-del-programa-pipe-2023\/\"},\"author\":{\"name\":\"cpereira\",\"@id\":\"https:\/\/dev.explora.cl\/maule\/#\/schema\/person\/7c4a8d7da1b43fee83d990c08dd35f99\"},\"headline\":\"Explora Maule se fortalece con la creaci\u00f3n del Comit\u00e9 Asesor Cient\u00edfico Transdisciplinario\",\"datePublished\":\"2023-06-09T21:24:34+00:00\",\"dateModified\":\"2023-07-26T12:50:01+00:00\",\"mainEntityOfPage\":{\"@id\":\"https:\/\/dev.explora.cl\/maule\/explora-maule-abre-convocatoria-del-programa-pipe-2023\/\"},\"wordCount\":816,\"commentCount\":0,\"image\":{\"@id\":\"https:\/\/dev.explora.cl\/maule\/explora-maule-abre-convocatoria-del-programa-pipe-2023\/#primaryimage\"},\"thumbnailUrl\":\"https:\/\/dev.explora.cl\/maule\/wp-content\/uploads\/sites\/9\/2023\/06\/1B7A7099.jpg\",\"articleSection\":[\"Lugar 4\",\"Noticias\"],\"inLanguage\":\"es-CL\",\"potentialAction\":[{\"@type\":\"CommentAction\",\"name\":\"Comment\",\"target\":[\"https:\/\/dev.explora.cl\/maule\/explora-maule-abre-convocatoria-del-programa-pipe-2023\/#respond\"]}]},{\"@type\":\"WebPage\",\"@id\":\"https:\/\/dev.explora.cl\/maule\/explora-maule-abre-convocatoria-del-programa-pipe-2023\/\",\"url\":\"https:\/\/dev.explora.cl\/maule\/explora-maule-abre-convocatoria-del-programa-pipe-2023\/\",\"name\":\"Explora Maule se fortalece con la creaci\u00f3n del Comit\u00e9 Asesor Cient\u00edfico Transdisciplinario - Maule\",\"isPartOf\":{\"@id\":\"https:\/\/dev.explora.cl\/maule\/#website\"},\"primaryImageOfPage\":{\"@id\":\"https:\/\/dev.explora.cl\/maule\/explora-maule-abre-convocatoria-del-programa-pipe-2023\/#primaryimage\"},\"image\":{\"@id\":\"https:\/\/dev.explora.cl\/maule\/explora-maule-abre-convocatoria-del-programa-pipe-2023\/#primaryimage\"},\"thumbnailUrl\":\"https:\/\/dev.explora.cl\/maule\/wp-content\/uploads\/sites\/9\/2023\/06\/1B7A7099.jpg\",\"datePublished\":\"2023-06-09T21:24:34+00:00\",\"dateModified\":\"2023-07-26T12:50:01+00:00\",\"author\":{\"@id\":\"https:\/\/dev.explora.cl\/maule\/#\/schema\/person\/7c4a8d7da1b43fee83d990c08dd35f99\"},\"breadcrumb\":{\"@id\":\"https:\/\/dev.explora.cl\/maule\/explora-maule-abre-convocatoria-del-programa-pipe-2023\/#breadcrumb\"},\"inLanguage\":\"es-CL\",\"potentialAction\":[{\"@type\":\"ReadAction\",\"target\":[\"https:\/\/dev.explora.cl\/maule\/explora-maule-abre-convocatoria-del-programa-pipe-2023\/\"]}]},{\"@type\":\"ImageObject\",\"inLanguage\":\"es-CL\",\"@id\":\"https:\/\/dev.explora.cl\/maule\/explora-maule-abre-convocatoria-del-programa-pipe-2023\/#primaryimage\",\"url\":\"https:\/\/dev.explora.cl\/maule\/wp-content\/uploads\/sites\/9\/2023\/06\/1B7A7099.jpg\",\"contentUrl\":\"https:\/\/dev.explora.cl\/maule\/wp-content\/uploads\/sites\/9\/2023\/06\/1B7A7099.jpg\",\"width\":5000,\"height\":3335},{\"@type\":\"BreadcrumbList\",\"@id\":\"https:\/\/dev.explora.cl\/maule\/explora-maule-abre-convocatoria-del-programa-pipe-2023\/#breadcrumb\",\"itemListElement\":[{\"@type\":\"ListItem\",\"position\":1,\"name\":\"Portada\",\"item\":\"https:\/\/dev.explora.cl\/maule\/\"},{\"@type\":\"ListItem\",\"position\":2,\"name\":\"Explora Maule se fortalece con la creaci\u00f3n del Comit\u00e9 Asesor Cient\u00edfico Transdisciplinario\"}]},{\"@type\":\"WebSite\",\"@id\":\"https:\/\/dev.explora.cl\/maule\/#website\",\"url\":\"https:\/\/dev.explora.cl\/maule\/\",\"name\":\"Maule\",\"description\":\"Otro sitio m\u00e1s de dev.explora.cl\",\"potentialAction\":[{\"@type\":\"SearchAction\",\"target\":{\"@type\":\"EntryPoint\",\"urlTemplate\":\"https:\/\/dev.explora.cl\/maule\/?s={search_term_string}\"},\"query-input\":{\"@type\":\"PropertyValueSpecification\",\"valueRequired\":true,\"valueName\":\"search_term_string\"}}],\"inLanguage\":\"es-CL\"},{\"@type\":\"Person\",\"@id\":\"https:\/\/dev.explora.cl\/maule\/#\/schema\/person\/7c4a8d7da1b43fee83d990c08dd35f99\",\"name\":\"cpereira\",\"image\":{\"@type\":\"ImageObject\",\"inLanguage\":\"es-CL\",\"@id\":\"https:\/\/dev.explora.cl\/maule\/#\/schema\/person\/image\/\",\"url\":\"https:\/\/secure.gravatar.com\/avatar\/b5fc66932e6c27119a245427f86f8c950201f3cbe1e64e508e0f7c39dc595157?s=96&d=mm&r=g\",\"contentUrl\":\"https:\/\/secure.gravatar.com\/avatar\/b5fc66932e6c27119a245427f86f8c950201f3cbe1e64e508e0f7c39dc595157?s=96&d=mm&r=g\",\"caption\":\"cpereira\"},\"url\":\"https:\/\/dev.explora.cl\/maule\/author\/cpereira\/\"}]}<\/script>\n<!-- \/ Yoast SEO plugin. -->","yoast_head_json":{"title":"Explora Maule se fortalece con la creaci\u00f3n del Comit\u00e9 Asesor Cient\u00edfico Transdisciplinario - Maule","robots":{"index":"index","follow":"follow","max-snippet":"max-snippet:-1","max-image-preview":"max-image-preview:large","max-video-preview":"max-video-preview:-1"},"canonical":"https:\/\/dev.explora.cl\/maule\/explora-maule-abre-convocatoria-del-programa-pipe-2023\/","og_locale":"es_ES","og_type":"article","og_title":"Explora Maule se fortalece con la creaci\u00f3n del Comit\u00e9 Asesor Cient\u00edfico Transdisciplinario - Maule","og_description":"Destacados acad\u00e9micos y acad\u00e9micas\u00a0\u00a0 se unen para brindar asesoramiento y validar el contenido cient\u00edfico de las actividades del proyecto. Una iniciativa que busca inspirar y despertar el inter\u00e9s de los estudiantes por la ciencia y la tecnolog\u00eda desde temprana edad.","og_url":"https:\/\/dev.explora.cl\/maule\/explora-maule-abre-convocatoria-del-programa-pipe-2023\/","og_site_name":"Maule","article_published_time":"2023-06-09T21:24:34+00:00","article_modified_time":"2023-07-26T12:50:01+00:00","og_image":[{"width":1024,"height":683,"url":"https:\/\/dev.explora.cl\/maule\/wp-content\/uploads\/sites\/9\/2023\/06\/1B7A7099-1024x683.jpg","type":"image\/jpeg"}],"author":"cpereira","twitter_card":"summary_large_image","twitter_misc":{"Escrito por":"cpereira","Tiempo estimado de lectura":"4 minutos"},"schema":{"@context":"https:\/\/schema.org","@graph":[{"@type":"Article","@id":"https:\/\/dev.explora.cl\/maule\/explora-maule-abre-convocatoria-del-programa-pipe-2023\/#article","isPartOf":{"@id":"https:\/\/dev.explora.cl\/maule\/explora-maule-abre-convocatoria-del-programa-pipe-2023\/"},"author":{"name":"cpereira","@id":"https:\/\/dev.explora.cl\/maule\/#\/schema\/person\/7c4a8d7da1b43fee83d990c08dd35f99"},"headline":"Explora Maule se fortalece con la creaci\u00f3n del Comit\u00e9 Asesor Cient\u00edfico Transdisciplinario","datePublished":"2023-06-09T21:24:34+00:00","dateModified":"2023-07-26T12:50:01+00:00","mainEntityOfPage":{"@id":"https:\/\/dev.explora.cl\/maule\/explora-maule-abre-convocatoria-del-programa-pipe-2023\/"},"wordCount":816,"commentCount":0,"image":{"@id":"https:\/\/dev.explora.cl\/maule\/explora-maule-abre-convocatoria-del-programa-pipe-2023\/#primaryimage"},"thumbnailUrl":"https:\/\/dev.explora.cl\/maule\/wp-content\/uploads\/sites\/9\/2023\/06\/1B7A7099.jpg","articleSection":["Lugar 4","Noticias"],"inLanguage":"es-CL","potentialAction":[{"@type":"CommentAction","name":"Comment","target":["https:\/\/dev.explora.cl\/maule\/explora-maule-abre-convocatoria-del-programa-pipe-2023\/#respond"]}]},{"@type":"WebPage","@id":"https:\/\/dev.explora.cl\/maule\/explora-maule-abre-convocatoria-del-programa-pipe-2023\/","url":"https:\/\/dev.explora.cl\/maule\/explora-maule-abre-convocatoria-del-programa-pipe-2023\/","name":"Explora Maule se fortalece con la creaci\u00f3n del Comit\u00e9 Asesor Cient\u00edfico Transdisciplinario - Maule","isPartOf":{"@id":"https:\/\/dev.explora.cl\/maule\/#website"},"primaryImageOfPage":{"@id":"https:\/\/dev.explora.cl\/maule\/explora-maule-abre-convocatoria-del-programa-pipe-2023\/#primaryimage"},"image":{"@id":"https:\/\/dev.explora.cl\/maule\/explora-maule-abre-convocatoria-del-programa-pipe-2023\/#primaryimage"},"thumbnailUrl":"https:\/\/dev.explora.cl\/maule\/wp-content\/uploads\/sites\/9\/2023\/06\/1B7A7099.jpg","datePublished":"2023-06-09T21:24:34+00:00","dateModified":"2023-07-26T12:50:01+00:00","author":{"@id":"https:\/\/dev.explora.cl\/maule\/#\/schema\/person\/7c4a8d7da1b43fee83d990c08dd35f99"},"breadcrumb":{"@id":"https:\/\/dev.explora.cl\/maule\/explora-maule-abre-convocatoria-del-programa-pipe-2023\/#breadcrumb"},"inLanguage":"es-CL","potentialAction":[{"@type":"ReadAction","target":["https:\/\/dev.explora.cl\/maule\/explora-maule-abre-convocatoria-del-programa-pipe-2023\/"]}]},{"@type":"ImageObject","inLanguage":"es-CL","@id":"https:\/\/dev.explora.cl\/maule\/explora-maule-abre-convocatoria-del-programa-pipe-2023\/#primaryimage","url":"https:\/\/dev.explora.cl\/maule\/wp-content\/uploads\/sites\/9\/2023\/06\/1B7A7099.jpg","contentUrl":"https:\/\/dev.explora.cl\/maule\/wp-content\/uploads\/sites\/9\/2023\/06\/1B7A7099.jpg","width":5000,"height":3335},{"@type":"BreadcrumbList","@id":"https:\/\/dev.explora.cl\/maule\/explora-maule-abre-convocatoria-del-programa-pipe-2023\/#breadcrumb","itemListElement":[{"@type":"ListItem","position":1,"name":"Portada","item":"https:\/\/dev.explora.cl\/maule\/"},{"@type":"ListItem","position":2,"name":"Explora Maule se fortalece con la creaci\u00f3n del Comit\u00e9 Asesor Cient\u00edfico Transdisciplinario"}]},{"@type":"WebSite","@id":"https:\/\/dev.explora.cl\/maule\/#website","url":"https:\/\/dev.explora.cl\/maule\/","name":"Maule","description":"Otro sitio m\u00e1s de dev.explora.cl","potentialAction":[{"@type":"SearchAction","target":{"@type":"EntryPoint","urlTemplate":"https:\/\/dev.explora.cl\/maule\/?s={search_term_string}"},"query-input":{"@type":"PropertyValueSpecification","valueRequired":true,"valueName":"search_term_string"}}],"inLanguage":"es-CL"},{"@type":"Person","@id":"https:\/\/dev.explora.cl\/maule\/#\/schema\/person\/7c4a8d7da1b43fee83d990c08dd35f99","name":"cpereira","image":{"@type":"ImageObject","inLanguage":"es-CL","@id":"https:\/\/dev.explora.cl\/maule\/#\/schema\/person\/image\/","url":"https:\/\/secure.gravatar.com\/avatar\/b5fc66932e6c27119a245427f86f8c950201f3cbe1e64e508e0f7c39dc595157?s=96&d=mm&r=g","contentUrl":"https:\/\/secure.gravatar.com\/avatar\/b5fc66932e6c27119a245427f86f8c950201f3cbe1e64e508e0f7c39dc595157?s=96&d=mm&r=g","caption":"cpereira"},"url":"https:\/\/dev.explora.cl\/maule\/author\/cpereira\/"}]}},"_links":{"self":[{"href":"https:\/\/dev.explora.cl\/maule\/wp-json\/wp\/v2\/posts\/39117","targetHints":{"allow":["GET"]}}],"collection":[{"href":"https:\/\/dev.explora.cl\/maule\/wp-json\/wp\/v2\/posts"}],"about":[{"href":"https:\/\/dev.explora.cl\/maule\/wp-json\/wp\/v2\/types\/post"}],"author":[{"embeddable":true,"href":"https:\/\/dev.explora.cl\/maule\/wp-json\/wp\/v2\/users\/24"}],"replies":[{"embeddable":true,"href":"https:\/\/dev.explora.cl\/maule\/wp-json\/wp\/v2\/comments?post=39117"}],"version-history":[{"count":4,"href":"https:\/\/dev.explora.cl\/maule\/wp-json\/wp\/v2\/posts\/39117\/revisions"}],"predecessor-version":[{"id":39179,"href":"https:\/\/dev.explora.cl\/maule\/wp-json\/wp\/v2\/posts\/39117\/revisions\/39179"}],"wp:featuredmedia":[{"embeddable":true,"href":"https:\/\/dev.explora.cl\/maule\/wp-json\/wp\/v2\/media\/39174"}],"wp:attachment":[{"href":"https:\/\/dev.explora.cl\/maule\/wp-json\/wp\/v2\/media?parent=39117"}],"wp:term":[{"taxonomy":"category","embeddable":true,"href":"https:\/\/dev.explora.cl\/maule\/wp-json\/wp\/v2\/categories?post=39117"},{"taxonomy":"post_tag","embeddable":true,"href":"https:\/\/dev.explora.cl\/maule\/wp-json\/wp\/v2\/tags?post=39117"}],"curies":[{"name":"wp","href":"https:\/\/api.w.org\/{rel}","templated":true}]}}