{"id":39017,"date":"2022-05-10T16:03:32","date_gmt":"2022-05-10T20:03:32","guid":{"rendered":"https:\/\/dev.explora.cl\/maule\/?p=39017"},"modified":"2022-05-10T16:03:54","modified_gmt":"2022-05-10T20:03:54","slug":"academicas-motivaron-a-escolares-para-realizar-investigaciones-cientificas","status":"publish","type":"post","link":"https:\/\/dev.explora.cl\/maule\/academicas-motivaron-a-escolares-para-realizar-investigaciones-cientificas\/","title":{"rendered":"Acad\u00e9micas motivaron a escolares para realizar investigaciones cient\u00edficas"},"content":{"rendered":"<h3><em>Por medio de sus experiencias en el mundo de la ingenier\u00eda y humanidades, las investigadoras inspiraron a los estudiantes para solucionar problemas de sus territorios, a trav\u00e9s de las herramientas que entregan las ciencias, las tecnolog\u00edas y el conocimiento en general.<\/em><\/h3>\n<p>Estimular la creatividad para generar preguntas que se transformen en investigaciones o proyectos de innovaci\u00f3n tecnol\u00f3gicos, fue el objetivo del \u201cTaller de ideaci\u00f3n\u201d que realiz\u00f3 Explora Maule de la Direcci\u00f3n de Vinculaci\u00f3n con el Medio de la Universidad de Talca, junto a estudiantes y cient\u00edficas de la Regi\u00f3n en el marco de las actividades de promoci\u00f3n de la l\u00ednea de trabajo \u201cAcademia Maule Ciencia\u201d.<\/p>\n<p><img loading=\"lazy\" decoding=\"async\" class=\"size-medium wp-image-39020 alignleft\" src=\"https:\/\/dev.explora.cl\/maule\/wp-content\/uploads\/sites\/9\/2022\/05\/Taller-2-300x225.jpg\" alt=\"\" width=\"300\" height=\"225\" srcset=\"https:\/\/dev.explora.cl\/maule\/wp-content\/uploads\/sites\/9\/2022\/05\/Taller-2-300x225.jpg 300w, https:\/\/dev.explora.cl\/maule\/wp-content\/uploads\/sites\/9\/2022\/05\/Taller-2-768x576.jpg 768w, https:\/\/dev.explora.cl\/maule\/wp-content\/uploads\/sites\/9\/2022\/05\/Taller-2-1024x768.jpg 1024w\" sizes=\"auto, (max-width: 300px) 100vw, 300px\" \/>En el encuentro participaron m\u00e1s de 150 escolares de diversas comunas del Maule, quienes aprendieron herramientas y t\u00e9cnicas para generar ideas, para que puedan ser utilizadas para el desarrollo de una indagaci\u00f3n cient\u00edfica escolar. El Taller gir\u00f3 en tres momentos: definici\u00f3n de problemas, generaci\u00f3n de soluciones inspiradas en el territorio y luego, la sistematizaci\u00f3n de informaci\u00f3n para la presentaci\u00f3n de una propuesta de investigaci\u00f3n escolar.<\/p>\n<p>En la primera etapa, participaron de las acad\u00e9micas de la Universidad de Talca, Karin Saavedra y Claire Mercier, quienes inspiraron a los estudiantes con historias en torno a sus trayectorias cient\u00edficas, l\u00edneas de investigaci\u00f3n y sus procesos creativos que utilizan para generar preguntas o temas de investigaci\u00f3n.<\/p>\n<p><img loading=\"lazy\" decoding=\"async\" class=\"size-medium wp-image-39019 alignright\" src=\"https:\/\/dev.explora.cl\/maule\/wp-content\/uploads\/sites\/9\/2022\/05\/Karin-3-300x225.jpg\" alt=\"\" width=\"300\" height=\"225\" srcset=\"https:\/\/dev.explora.cl\/maule\/wp-content\/uploads\/sites\/9\/2022\/05\/Karin-3-300x225.jpg 300w, https:\/\/dev.explora.cl\/maule\/wp-content\/uploads\/sites\/9\/2022\/05\/Karin-3-768x576.jpg 768w, https:\/\/dev.explora.cl\/maule\/wp-content\/uploads\/sites\/9\/2022\/05\/Karin-3-1024x768.jpg 1024w\" sizes=\"auto, (max-width: 300px) 100vw, 300px\" \/>La actual directora de Vinculaci\u00f3n con el Medio de la Universidad de Talca, Karin Saavedra, narr\u00f3 sobre la historia de la carrera aeroespacial, adem\u00e1s de la trayectoria de nuestro pa\u00eds en materias espaciales, donde recalc\u00f3 la experiencia de las mujeres del Liceo N\u00b01 Javiera Carrera de Santiago, quienes enviaron \u201cChinitas\u201d al espacio, en un hist\u00f3rico experimento escolar, apoyado por la NASA.<\/p>\n<p>\u201cEstamos en un gran momento para crear e innovar en ciencia escolar, ya que son muchas las instituciones que est\u00e1n apoyando a los estudiantes para que desarrollen su creatividad y potencien sus competencias cient\u00edficas\u201d. Adem\u00e1s, agreg\u00f3 que: \u201cNuestro Explora Maule sigue esa l\u00ednea, sobre todo intencionando encuentros virtuosos entre cient\u00edficas, estudiantes y docentes en proyectos que solucionen problemas de los territorios\u201d, sostuvo Saavedra.<\/p>\n<p>Por su parte Claire Mercier, acad\u00e9mica del Instituto Abate Molina de la Universidad de Talca, ense\u00f1\u00f3 algunas metodolog\u00edas de investigaci\u00f3n aplicadas en humanidades y artes, la investigadora resalt\u00f3 en su presentaci\u00f3n el valor de la creatividad y el esp\u00edritu cr\u00edtico en la generaci\u00f3n de una investigaci\u00f3n cient\u00edfica.<\/p>\n<p>Tras la presentaci\u00f3n de las acad\u00e9micas, tanto estudiantes como docentes, trabajaron junto a profesionales de Explora Maule en micro talleres de formulaci\u00f3n de preguntas y metodolog\u00edas de investigaci\u00f3n cient\u00edfica.\u00a0 \u201cFue una experiencia bien entretenida, que nos entreg\u00f3 herramientas para desarrollar las ideas de investigaci\u00f3n, en nuestro caso en el \u00e1rea de las ciencias medicas que queremos realizar\u201d, indic\u00f3 P\u00eda Pezoa, estudiante del Liceo Bicentenario de Molina.<\/p>\n<p><strong>Academia Maule Ciencia<\/strong><\/p>\n<p>La novena versi\u00f3n de esta plataforma de fomento a la investigaci\u00f3n e innovaci\u00f3n escolar tiene algunas novedades como la inclusi\u00f3n de las humanidades y las artes como temas de estudios para la realizaci\u00f3n de proyectos de indagaci\u00f3n escolar.\u00a0 \u201cLa Academia Maule Ciencia es una innovaci\u00f3n pedag\u00f3gica \u00fanica en la Regi\u00f3n que une a cient\u00edficos, estudiantes y docentes en un proyecto de investigaci\u00f3n que se nutre de los problemas del entorno y sus soluciones como parte del proceso de ense\u00f1anza\u201d, coment\u00f3 Karen P\u00e9rez, coordinadora ejecutiva de Explora Maule.<\/p>\n<p>La iniciativa es de car\u00e1cter gratuita, y est\u00e1 dirigido a docentes que quieran realizar investigaciones junto a equipos de indagaci\u00f3n escolar desde primero b\u00e1sico a cuarto a\u00f1o medio. El plazo para postular se extendi\u00f3 hasta el 31 de mayo, las bases y el formulario de inscripci\u00f3n se encuentran en dev.explora.cl\/maule<\/p>\n<p>&nbsp;<\/p>\n<p>&nbsp;<\/p>\n","protected":false},"excerpt":{"rendered":"<p>Por medio de sus experiencias en el mundo de la ingenier\u00eda y humanidades, las investigadoras inspiraron a los estudiantes para solucionar problemas de sus territorios, a trav\u00e9s de las herramientas que entregan las ciencias, las tecnolog\u00edas y el conocimiento en general.<\/p>\n","protected":false},"author":24,"featured_media":39018,"comment_status":"closed","ping_status":"closed","sticky":false,"template":"","format":"standard","meta":{"_acf_changed":false,"_exactmetrics_skip_tracking":false,"_exactmetrics_sitenote_active":false,"_exactmetrics_sitenote_note":"","_exactmetrics_sitenote_category":0,"footnotes":"","_links_to":"","_links_to_target":""},"categories":[139,4],"tags":[81,21,166,167,168],"class_list":["post-39017","post","type-post","status-publish","format-standard","has-post-thumbnail","hentry","category-lugar-4","category-noticias","tag-biodiversidad","tag-explora-conicyt","tag-exposicion","tag-maule","tag-natural"],"acf":[],"yoast_head":"<!-- This site is optimized with the Yoast SEO plugin v26.7 - https:\/\/yoast.com\/wordpress\/plugins\/seo\/ -->\n<title>Acad\u00e9micas motivaron a escolares para realizar investigaciones cient\u00edficas - Maule<\/title>\n<meta name=\"robots\" content=\"index, follow, max-snippet:-1, max-image-preview:large, max-video-preview:-1\" \/>\n<link rel=\"canonical\" href=\"https:\/\/dev.explora.cl\/maule\/academicas-motivaron-a-escolares-para-realizar-investigaciones-cientificas\/\" class=\"yoast-seo-meta-tag\" \/>\n<meta property=\"og:locale\" content=\"es_ES\" class=\"yoast-seo-meta-tag\" \/>\n<meta property=\"og:type\" content=\"article\" class=\"yoast-seo-meta-tag\" \/>\n<meta property=\"og:title\" content=\"Acad\u00e9micas motivaron a escolares para realizar investigaciones cient\u00edficas - Maule\" class=\"yoast-seo-meta-tag\" \/>\n<meta property=\"og:description\" content=\"Por medio de sus experiencias en el mundo de la ingenier\u00eda y humanidades, las investigadoras inspiraron a los estudiantes para solucionar problemas de sus territorios, a trav\u00e9s de las herramientas que entregan las ciencias, las tecnolog\u00edas y el conocimiento en general.\" class=\"yoast-seo-meta-tag\" \/>\n<meta property=\"og:url\" content=\"https:\/\/dev.explora.cl\/maule\/academicas-motivaron-a-escolares-para-realizar-investigaciones-cientificas\/\" class=\"yoast-seo-meta-tag\" \/>\n<meta property=\"og:site_name\" content=\"Maule\" class=\"yoast-seo-meta-tag\" \/>\n<meta property=\"article:published_time\" content=\"2022-05-10T20:03:32+00:00\" class=\"yoast-seo-meta-tag\" \/>\n<meta property=\"article:modified_time\" content=\"2022-05-10T20:03:54+00:00\" class=\"yoast-seo-meta-tag\" \/>\n<meta property=\"og:image\" content=\"https:\/\/dev.explora.cl\/maule\/wp-content\/uploads\/sites\/9\/2022\/05\/Karin-2.jpg\" class=\"yoast-seo-meta-tag\" \/>\n\t<meta property=\"og:image:width\" content=\"4032\" class=\"yoast-seo-meta-tag\" \/>\n\t<meta property=\"og:image:height\" content=\"3024\" class=\"yoast-seo-meta-tag\" \/>\n\t<meta property=\"og:image:type\" content=\"image\/jpeg\" class=\"yoast-seo-meta-tag\" \/>\n<meta name=\"author\" content=\"cpereira\" class=\"yoast-seo-meta-tag\" \/>\n<meta name=\"twitter:card\" content=\"summary_large_image\" class=\"yoast-seo-meta-tag\" \/>\n<meta name=\"twitter:label1\" content=\"Escrito por\" class=\"yoast-seo-meta-tag\" \/>\n\t<meta name=\"twitter:data1\" content=\"cpereira\" class=\"yoast-seo-meta-tag\" \/>\n\t<meta name=\"twitter:label2\" content=\"Tiempo estimado de lectura\" class=\"yoast-seo-meta-tag\" \/>\n\t<meta name=\"twitter:data2\" content=\"3 minutos\" class=\"yoast-seo-meta-tag\" \/>\n<script type=\"application\/ld+json\" class=\"yoast-schema-graph\">{\"@context\":\"https:\/\/schema.org\",\"@graph\":[{\"@type\":\"Article\",\"@id\":\"https:\/\/dev.explora.cl\/maule\/academicas-motivaron-a-escolares-para-realizar-investigaciones-cientificas\/#article\",\"isPartOf\":{\"@id\":\"https:\/\/dev.explora.cl\/maule\/academicas-motivaron-a-escolares-para-realizar-investigaciones-cientificas\/\"},\"author\":{\"name\":\"cpereira\",\"@id\":\"https:\/\/dev.explora.cl\/maule\/#\/schema\/person\/7c4a8d7da1b43fee83d990c08dd35f99\"},\"headline\":\"Acad\u00e9micas motivaron a escolares para realizar investigaciones cient\u00edficas\",\"datePublished\":\"2022-05-10T20:03:32+00:00\",\"dateModified\":\"2022-05-10T20:03:54+00:00\",\"mainEntityOfPage\":{\"@id\":\"https:\/\/dev.explora.cl\/maule\/academicas-motivaron-a-escolares-para-realizar-investigaciones-cientificas\/\"},\"wordCount\":678,\"image\":{\"@id\":\"https:\/\/dev.explora.cl\/maule\/academicas-motivaron-a-escolares-para-realizar-investigaciones-cientificas\/#primaryimage\"},\"thumbnailUrl\":\"https:\/\/dev.explora.cl\/maule\/wp-content\/uploads\/sites\/9\/2022\/05\/Karin-2.jpg\",\"keywords\":[\"biodiversidad\",\"Explora Conicyt\",\"Exposici\u00f3n\",\"Maule\",\"natural\"],\"articleSection\":[\"Lugar 4\",\"Noticias\"],\"inLanguage\":\"es-CL\"},{\"@type\":\"WebPage\",\"@id\":\"https:\/\/dev.explora.cl\/maule\/academicas-motivaron-a-escolares-para-realizar-investigaciones-cientificas\/\",\"url\":\"https:\/\/dev.explora.cl\/maule\/academicas-motivaron-a-escolares-para-realizar-investigaciones-cientificas\/\",\"name\":\"Acad\u00e9micas motivaron a escolares para realizar investigaciones cient\u00edficas - Maule\",\"isPartOf\":{\"@id\":\"https:\/\/dev.explora.cl\/maule\/#website\"},\"primaryImageOfPage\":{\"@id\":\"https:\/\/dev.explora.cl\/maule\/academicas-motivaron-a-escolares-para-realizar-investigaciones-cientificas\/#primaryimage\"},\"image\":{\"@id\":\"https:\/\/dev.explora.cl\/maule\/academicas-motivaron-a-escolares-para-realizar-investigaciones-cientificas\/#primaryimage\"},\"thumbnailUrl\":\"https:\/\/dev.explora.cl\/maule\/wp-content\/uploads\/sites\/9\/2022\/05\/Karin-2.jpg\",\"datePublished\":\"2022-05-10T20:03:32+00:00\",\"dateModified\":\"2022-05-10T20:03:54+00:00\",\"author\":{\"@id\":\"https:\/\/dev.explora.cl\/maule\/#\/schema\/person\/7c4a8d7da1b43fee83d990c08dd35f99\"},\"breadcrumb\":{\"@id\":\"https:\/\/dev.explora.cl\/maule\/academicas-motivaron-a-escolares-para-realizar-investigaciones-cientificas\/#breadcrumb\"},\"inLanguage\":\"es-CL\",\"potentialAction\":[{\"@type\":\"ReadAction\",\"target\":[\"https:\/\/dev.explora.cl\/maule\/academicas-motivaron-a-escolares-para-realizar-investigaciones-cientificas\/\"]}]},{\"@type\":\"ImageObject\",\"inLanguage\":\"es-CL\",\"@id\":\"https:\/\/dev.explora.cl\/maule\/academicas-motivaron-a-escolares-para-realizar-investigaciones-cientificas\/#primaryimage\",\"url\":\"https:\/\/dev.explora.cl\/maule\/wp-content\/uploads\/sites\/9\/2022\/05\/Karin-2.jpg\",\"contentUrl\":\"https:\/\/dev.explora.cl\/maule\/wp-content\/uploads\/sites\/9\/2022\/05\/Karin-2.jpg\",\"width\":4032,\"height\":3024},{\"@type\":\"BreadcrumbList\",\"@id\":\"https:\/\/dev.explora.cl\/maule\/academicas-motivaron-a-escolares-para-realizar-investigaciones-cientificas\/#breadcrumb\",\"itemListElement\":[{\"@type\":\"ListItem\",\"position\":1,\"name\":\"Portada\",\"item\":\"https:\/\/dev.explora.cl\/maule\/\"},{\"@type\":\"ListItem\",\"position\":2,\"name\":\"Acad\u00e9micas motivaron a escolares para realizar investigaciones cient\u00edficas\"}]},{\"@type\":\"WebSite\",\"@id\":\"https:\/\/dev.explora.cl\/maule\/#website\",\"url\":\"https:\/\/dev.explora.cl\/maule\/\",\"name\":\"Maule\",\"description\":\"Otro sitio m\u00e1s de dev.explora.cl\",\"potentialAction\":[{\"@type\":\"SearchAction\",\"target\":{\"@type\":\"EntryPoint\",\"urlTemplate\":\"https:\/\/dev.explora.cl\/maule\/?s={search_term_string}\"},\"query-input\":{\"@type\":\"PropertyValueSpecification\",\"valueRequired\":true,\"valueName\":\"search_term_string\"}}],\"inLanguage\":\"es-CL\"},{\"@type\":\"Person\",\"@id\":\"https:\/\/dev.explora.cl\/maule\/#\/schema\/person\/7c4a8d7da1b43fee83d990c08dd35f99\",\"name\":\"cpereira\",\"image\":{\"@type\":\"ImageObject\",\"inLanguage\":\"es-CL\",\"@id\":\"https:\/\/dev.explora.cl\/maule\/#\/schema\/person\/image\/\",\"url\":\"https:\/\/secure.gravatar.com\/avatar\/b5fc66932e6c27119a245427f86f8c950201f3cbe1e64e508e0f7c39dc595157?s=96&d=mm&r=g\",\"contentUrl\":\"https:\/\/secure.gravatar.com\/avatar\/b5fc66932e6c27119a245427f86f8c950201f3cbe1e64e508e0f7c39dc595157?s=96&d=mm&r=g\",\"caption\":\"cpereira\"},\"url\":\"https:\/\/dev.explora.cl\/maule\/author\/cpereira\/\"}]}<\/script>\n<!-- \/ Yoast SEO plugin. -->","yoast_head_json":{"title":"Acad\u00e9micas motivaron a escolares para realizar investigaciones cient\u00edficas - Maule","robots":{"index":"index","follow":"follow","max-snippet":"max-snippet:-1","max-image-preview":"max-image-preview:large","max-video-preview":"max-video-preview:-1"},"canonical":"https:\/\/dev.explora.cl\/maule\/academicas-motivaron-a-escolares-para-realizar-investigaciones-cientificas\/","og_locale":"es_ES","og_type":"article","og_title":"Acad\u00e9micas motivaron a escolares para realizar investigaciones cient\u00edficas - Maule","og_description":"Por medio de sus experiencias en el mundo de la ingenier\u00eda y humanidades, las investigadoras inspiraron a los estudiantes para solucionar problemas de sus territorios, a trav\u00e9s de las herramientas que entregan las ciencias, las tecnolog\u00edas y el conocimiento en general.","og_url":"https:\/\/dev.explora.cl\/maule\/academicas-motivaron-a-escolares-para-realizar-investigaciones-cientificas\/","og_site_name":"Maule","article_published_time":"2022-05-10T20:03:32+00:00","article_modified_time":"2022-05-10T20:03:54+00:00","og_image":[{"width":4032,"height":3024,"url":"https:\/\/dev.explora.cl\/maule\/wp-content\/uploads\/sites\/9\/2022\/05\/Karin-2.jpg","type":"image\/jpeg"}],"author":"cpereira","twitter_card":"summary_large_image","twitter_misc":{"Escrito por":"cpereira","Tiempo estimado de lectura":"3 minutos"},"schema":{"@context":"https:\/\/schema.org","@graph":[{"@type":"Article","@id":"https:\/\/dev.explora.cl\/maule\/academicas-motivaron-a-escolares-para-realizar-investigaciones-cientificas\/#article","isPartOf":{"@id":"https:\/\/dev.explora.cl\/maule\/academicas-motivaron-a-escolares-para-realizar-investigaciones-cientificas\/"},"author":{"name":"cpereira","@id":"https:\/\/dev.explora.cl\/maule\/#\/schema\/person\/7c4a8d7da1b43fee83d990c08dd35f99"},"headline":"Acad\u00e9micas motivaron a escolares para realizar investigaciones cient\u00edficas","datePublished":"2022-05-10T20:03:32+00:00","dateModified":"2022-05-10T20:03:54+00:00","mainEntityOfPage":{"@id":"https:\/\/dev.explora.cl\/maule\/academicas-motivaron-a-escolares-para-realizar-investigaciones-cientificas\/"},"wordCount":678,"image":{"@id":"https:\/\/dev.explora.cl\/maule\/academicas-motivaron-a-escolares-para-realizar-investigaciones-cientificas\/#primaryimage"},"thumbnailUrl":"https:\/\/dev.explora.cl\/maule\/wp-content\/uploads\/sites\/9\/2022\/05\/Karin-2.jpg","keywords":["biodiversidad","Explora Conicyt","Exposici\u00f3n","Maule","natural"],"articleSection":["Lugar 4","Noticias"],"inLanguage":"es-CL"},{"@type":"WebPage","@id":"https:\/\/dev.explora.cl\/maule\/academicas-motivaron-a-escolares-para-realizar-investigaciones-cientificas\/","url":"https:\/\/dev.explora.cl\/maule\/academicas-motivaron-a-escolares-para-realizar-investigaciones-cientificas\/","name":"Acad\u00e9micas motivaron a escolares para realizar investigaciones cient\u00edficas - Maule","isPartOf":{"@id":"https:\/\/dev.explora.cl\/maule\/#website"},"primaryImageOfPage":{"@id":"https:\/\/dev.explora.cl\/maule\/academicas-motivaron-a-escolares-para-realizar-investigaciones-cientificas\/#primaryimage"},"image":{"@id":"https:\/\/dev.explora.cl\/maule\/academicas-motivaron-a-escolares-para-realizar-investigaciones-cientificas\/#primaryimage"},"thumbnailUrl":"https:\/\/dev.explora.cl\/maule\/wp-content\/uploads\/sites\/9\/2022\/05\/Karin-2.jpg","datePublished":"2022-05-10T20:03:32+00:00","dateModified":"2022-05-10T20:03:54+00:00","author":{"@id":"https:\/\/dev.explora.cl\/maule\/#\/schema\/person\/7c4a8d7da1b43fee83d990c08dd35f99"},"breadcrumb":{"@id":"https:\/\/dev.explora.cl\/maule\/academicas-motivaron-a-escolares-para-realizar-investigaciones-cientificas\/#breadcrumb"},"inLanguage":"es-CL","potentialAction":[{"@type":"ReadAction","target":["https:\/\/dev.explora.cl\/maule\/academicas-motivaron-a-escolares-para-realizar-investigaciones-cientificas\/"]}]},{"@type":"ImageObject","inLanguage":"es-CL","@id":"https:\/\/dev.explora.cl\/maule\/academicas-motivaron-a-escolares-para-realizar-investigaciones-cientificas\/#primaryimage","url":"https:\/\/dev.explora.cl\/maule\/wp-content\/uploads\/sites\/9\/2022\/05\/Karin-2.jpg","contentUrl":"https:\/\/dev.explora.cl\/maule\/wp-content\/uploads\/sites\/9\/2022\/05\/Karin-2.jpg","width":4032,"height":3024},{"@type":"BreadcrumbList","@id":"https:\/\/dev.explora.cl\/maule\/academicas-motivaron-a-escolares-para-realizar-investigaciones-cientificas\/#breadcrumb","itemListElement":[{"@type":"ListItem","position":1,"name":"Portada","item":"https:\/\/dev.explora.cl\/maule\/"},{"@type":"ListItem","position":2,"name":"Acad\u00e9micas motivaron a escolares para realizar investigaciones cient\u00edficas"}]},{"@type":"WebSite","@id":"https:\/\/dev.explora.cl\/maule\/#website","url":"https:\/\/dev.explora.cl\/maule\/","name":"Maule","description":"Otro sitio m\u00e1s de dev.explora.cl","potentialAction":[{"@type":"SearchAction","target":{"@type":"EntryPoint","urlTemplate":"https:\/\/dev.explora.cl\/maule\/?s={search_term_string}"},"query-input":{"@type":"PropertyValueSpecification","valueRequired":true,"valueName":"search_term_string"}}],"inLanguage":"es-CL"},{"@type":"Person","@id":"https:\/\/dev.explora.cl\/maule\/#\/schema\/person\/7c4a8d7da1b43fee83d990c08dd35f99","name":"cpereira","image":{"@type":"ImageObject","inLanguage":"es-CL","@id":"https:\/\/dev.explora.cl\/maule\/#\/schema\/person\/image\/","url":"https:\/\/secure.gravatar.com\/avatar\/b5fc66932e6c27119a245427f86f8c950201f3cbe1e64e508e0f7c39dc595157?s=96&d=mm&r=g","contentUrl":"https:\/\/secure.gravatar.com\/avatar\/b5fc66932e6c27119a245427f86f8c950201f3cbe1e64e508e0f7c39dc595157?s=96&d=mm&r=g","caption":"cpereira"},"url":"https:\/\/dev.explora.cl\/maule\/author\/cpereira\/"}]}},"_links":{"self":[{"href":"https:\/\/dev.explora.cl\/maule\/wp-json\/wp\/v2\/posts\/39017","targetHints":{"allow":["GET"]}}],"collection":[{"href":"https:\/\/dev.explora.cl\/maule\/wp-json\/wp\/v2\/posts"}],"about":[{"href":"https:\/\/dev.explora.cl\/maule\/wp-json\/wp\/v2\/types\/post"}],"author":[{"embeddable":true,"href":"https:\/\/dev.explora.cl\/maule\/wp-json\/wp\/v2\/users\/24"}],"replies":[{"embeddable":true,"href":"https:\/\/dev.explora.cl\/maule\/wp-json\/wp\/v2\/comments?post=39017"}],"version-history":[{"count":2,"href":"https:\/\/dev.explora.cl\/maule\/wp-json\/wp\/v2\/posts\/39017\/revisions"}],"predecessor-version":[{"id":39022,"href":"https:\/\/dev.explora.cl\/maule\/wp-json\/wp\/v2\/posts\/39017\/revisions\/39022"}],"wp:featuredmedia":[{"embeddable":true,"href":"https:\/\/dev.explora.cl\/maule\/wp-json\/wp\/v2\/media\/39018"}],"wp:attachment":[{"href":"https:\/\/dev.explora.cl\/maule\/wp-json\/wp\/v2\/media?parent=39017"}],"wp:term":[{"taxonomy":"category","embeddable":true,"href":"https:\/\/dev.explora.cl\/maule\/wp-json\/wp\/v2\/categories?post=39017"},{"taxonomy":"post_tag","embeddable":true,"href":"https:\/\/dev.explora.cl\/maule\/wp-json\/wp\/v2\/tags?post=39017"}],"curies":[{"name":"wp","href":"https:\/\/api.w.org\/{rel}","templated":true}]}}