{"id":38942,"date":"2021-11-18T15:27:21","date_gmt":"2021-11-18T18:27:21","guid":{"rendered":"https:\/\/dev.explora.cl\/maule\/?p=38942"},"modified":"2021-11-18T15:27:37","modified_gmt":"2021-11-18T18:27:37","slug":"el-maule-ya-tiene-representante-para-el-congreso-nacional-de-ciencia-y-tecnologia","status":"publish","type":"post","link":"https:\/\/dev.explora.cl\/maule\/el-maule-ya-tiene-representante-para-el-congreso-nacional-de-ciencia-y-tecnologia\/","title":{"rendered":"El Maule ya tiene representante para el congreso nacional de ciencia y tecnolog\u00eda"},"content":{"rendered":"<p><em>Esto tras la d\u00e9cima versi\u00f3n del Congreso Regional de Ciencia Escolar que organiz\u00f3 Explora Maule ejecutado por la Universidad de Talca, donde participaron 17 investigaciones escolares provenientes de colegios de tres provincias de la Regi\u00f3n del Maule.<\/em><\/p>\n<p>Cuatro son los equipos que representar\u00e1n al Maule en el Congreso Nacional Explora de Investigaci\u00f3n e Innovaci\u00f3n Escolar, instancia m\u00e1xima en la categor\u00eda a nivel pa\u00eds que organiza el programa Explora del Ministerio de Ciencia, Tecnolog\u00eda, Conocimiento e Innovaci\u00f3n, \u00a0y que se realizar\u00e1 por primera vez en su historia de manera virtual entre el 18 al 22 de enero del 2022.<\/p>\n<p>\u201cEl Congreso Explora cumpli\u00f3 10 a\u00f1os visualizando el trabajo de gran calidad cient\u00edfica que se realiza en los colegios maulinos, pero ha tambi\u00e9n ha permitido fortalecer un ecosistema de investigaci\u00f3n escolar, que se refleja en el \u00e9xito de los investigadores escolares de nuestra regi\u00f3n en las diversas instancias nacionales e internacionales\u201d, coment\u00f3 Pablo Gonz\u00e1lez, director de Explora Maule de la Universidad de Talca.<\/p>\n<p><img loading=\"lazy\" decoding=\"async\" class=\"size-medium wp-image-38944 alignright\" src=\"https:\/\/dev.explora.cl\/maule\/wp-content\/uploads\/sites\/9\/2021\/11\/Santa-Marta-1-300x225.jpeg\" alt=\"\" width=\"300\" height=\"225\" srcset=\"https:\/\/dev.explora.cl\/maule\/wp-content\/uploads\/sites\/9\/2021\/11\/Santa-Marta-1-300x225.jpeg 300w, https:\/\/dev.explora.cl\/maule\/wp-content\/uploads\/sites\/9\/2021\/11\/Santa-Marta-1-768x576.jpeg 768w, https:\/\/dev.explora.cl\/maule\/wp-content\/uploads\/sites\/9\/2021\/11\/Santa-Marta-1-1024x768.jpeg 1024w, https:\/\/dev.explora.cl\/maule\/wp-content\/uploads\/sites\/9\/2021\/11\/Santa-Marta-1.jpeg 1600w\" sizes=\"auto, (max-width: 300px) 100vw, 300px\" \/>Los trabajos destacados en educaci\u00f3n b\u00e1sica en categor\u00eda investigaci\u00f3n fueron \u201cEfectos en la salud humana del uso prolongado de mascarillas\u201d del Colegio San Esteban de la comuna de Maule, y en categor\u00eda innovaci\u00f3n el seleccionado por el comit\u00e9 cient\u00edfico es \u201cM\u00f3dulo aerop\u00f3nico como cultivo eficiente en la generaci\u00f3n de verduras\u201d del Liceo Bicentenario Santa Marta de Talca.<\/p>\n<p>\u201cNuestro proyecto es un prototipo que permite plantar verduras en peque\u00f1os espacios, utilizando poca cantidad de agua como una forma de ayudar a la comunidad con el autoconsumo de alimentos y al cuidado del planeta\u201d, indic\u00f3 Sof\u00eda Espinoza, estudiante del Liceo Santa Marta de Talca.<\/p>\n<p>En educaci\u00f3n media, las ciencias sociales de la mano de las estudiantes del Liceo Valent\u00edn Letelier de Linares dieron la sorpresa en categor\u00eda investigaci\u00f3n con el proyecto \u201cLa heteronorma en las expectativas de elecci\u00f3n de un futuro profesional en padres y apoderados de la comunidad del Liceo Valent\u00edn Letelier\u201d.<\/p>\n<p>\u201cEncontramos que la heteronorma no est\u00e1 profundamente internalizado en los padres y apoderados, pero si tiene relaci\u00f3n directa con la asignaci\u00f3n de roles y tarea dentro del hogar. Las sociedades actuales son m\u00e1s diversas, nos interes\u00f3 comprender el no binarismo, aceptarlo de mejor manera en bien de una comunidad moderna e inclusiva\u201d, indic\u00f3 Roc\u00edo Bascu\u00f1\u00e1n, estudiante del Liceo Valent\u00edn Letelier de Linares.<\/p>\n<p>El continente blanco fue la inspiraci\u00f3n del proyecto \u201cSistema medidor satelital multiparam\u00e9trico de los efectos del cambio clim\u00e1tico en la Ant\u00e1rtica\u201d, desarrollado por estudiantes del Colegio Constituci\u00f3n de Constituci\u00f3n, quienes se adjudicaron la categor\u00eda innovaci\u00f3n en educaci\u00f3n media.<\/p>\n<p>\u201cLa idea de estudiar ant\u00e1rtica desde el Maule, surge por la preocupaci\u00f3n por c\u00f3mo los polos est\u00e1n siendo afectados por el cambio clim\u00e1tico, por eso creamos un prototipo flotante que midan estos impactos en las aguas ant\u00e1rticas\u201d, cuenta Amparo Vald\u00e9s del Colegio Constituci\u00f3n.<\/p>\n<p>El X Congreso Regional Explora de Investigaci\u00f3n e Innovaci\u00f3n Escolar de Explora Maule de la Universidad de Talca, \u00a0cont\u00f3 con m\u00e1s de 45 acad\u00e9micas y acad\u00e9micos de diversas universidades del pa\u00eds que evaluaron las indagaciones de los estudiantes. M\u00e1s detalles de todos los proyectos finalistas est\u00e1n en el sitio dev.explora.cl\/maule<\/p>\n","protected":false},"excerpt":{"rendered":"<p>Esto tras la d\u00e9cima versi\u00f3n del Congreso Regional de Ciencia Escolar que organiz\u00f3 Explora Maule ejecutado por la Universidad de Talca, donde participaron 17 investigaciones escolares provenientes de colegios de tres provincias de la Regi\u00f3n del Maule.<\/p>\n","protected":false},"author":24,"featured_media":38943,"comment_status":"closed","ping_status":"closed","sticky":false,"template":"","format":"standard","meta":{"_acf_changed":false,"_exactmetrics_skip_tracking":false,"_exactmetrics_sitenote_active":false,"_exactmetrics_sitenote_note":"","_exactmetrics_sitenote_category":0,"footnotes":"","_links_to":"","_links_to_target":""},"categories":[139,4],"tags":[81,21,166,167,168],"class_list":["post-38942","post","type-post","status-publish","format-standard","has-post-thumbnail","hentry","category-lugar-4","category-noticias","tag-biodiversidad","tag-explora-conicyt","tag-exposicion","tag-maule","tag-natural"],"acf":[],"yoast_head":"<!-- This site is optimized with the Yoast SEO plugin v26.7 - https:\/\/yoast.com\/wordpress\/plugins\/seo\/ -->\n<title>El Maule ya tiene representante para el congreso nacional de ciencia y tecnolog\u00eda - Maule<\/title>\n<meta name=\"robots\" content=\"index, follow, max-snippet:-1, max-image-preview:large, max-video-preview:-1\" \/>\n<link rel=\"canonical\" href=\"https:\/\/dev.explora.cl\/maule\/el-maule-ya-tiene-representante-para-el-congreso-nacional-de-ciencia-y-tecnologia\/\" class=\"yoast-seo-meta-tag\" \/>\n<meta property=\"og:locale\" content=\"es_ES\" class=\"yoast-seo-meta-tag\" \/>\n<meta property=\"og:type\" content=\"article\" class=\"yoast-seo-meta-tag\" \/>\n<meta property=\"og:title\" content=\"El Maule ya tiene representante para el congreso nacional de ciencia y tecnolog\u00eda - Maule\" class=\"yoast-seo-meta-tag\" \/>\n<meta property=\"og:description\" content=\"Esto tras la d\u00e9cima versi\u00f3n del Congreso Regional de Ciencia Escolar que organiz\u00f3 Explora Maule ejecutado por la Universidad de Talca, donde participaron 17 investigaciones escolares provenientes de colegios de tres provincias de la Regi\u00f3n del Maule.\" class=\"yoast-seo-meta-tag\" \/>\n<meta property=\"og:url\" content=\"https:\/\/dev.explora.cl\/maule\/el-maule-ya-tiene-representante-para-el-congreso-nacional-de-ciencia-y-tecnologia\/\" class=\"yoast-seo-meta-tag\" \/>\n<meta property=\"og:site_name\" content=\"Maule\" class=\"yoast-seo-meta-tag\" \/>\n<meta property=\"article:published_time\" content=\"2021-11-18T18:27:21+00:00\" class=\"yoast-seo-meta-tag\" \/>\n<meta property=\"article:modified_time\" content=\"2021-11-18T18:27:37+00:00\" class=\"yoast-seo-meta-tag\" \/>\n<meta property=\"og:image\" content=\"https:\/\/dev.explora.cl\/maule\/wp-content\/uploads\/sites\/9\/2021\/11\/Santa-Marta-2.jpeg\" class=\"yoast-seo-meta-tag\" \/>\n\t<meta property=\"og:image:width\" content=\"1600\" class=\"yoast-seo-meta-tag\" \/>\n\t<meta property=\"og:image:height\" content=\"1200\" class=\"yoast-seo-meta-tag\" \/>\n\t<meta property=\"og:image:type\" content=\"image\/jpeg\" class=\"yoast-seo-meta-tag\" \/>\n<meta name=\"author\" content=\"cpereira\" class=\"yoast-seo-meta-tag\" \/>\n<meta name=\"twitter:card\" content=\"summary_large_image\" class=\"yoast-seo-meta-tag\" \/>\n<meta name=\"twitter:label1\" content=\"Escrito por\" class=\"yoast-seo-meta-tag\" \/>\n\t<meta name=\"twitter:data1\" content=\"cpereira\" class=\"yoast-seo-meta-tag\" \/>\n\t<meta name=\"twitter:label2\" content=\"Tiempo estimado de lectura\" class=\"yoast-seo-meta-tag\" \/>\n\t<meta name=\"twitter:data2\" content=\"3 minutos\" class=\"yoast-seo-meta-tag\" \/>\n<script type=\"application\/ld+json\" class=\"yoast-schema-graph\">{\"@context\":\"https:\/\/schema.org\",\"@graph\":[{\"@type\":\"Article\",\"@id\":\"https:\/\/dev.explora.cl\/maule\/el-maule-ya-tiene-representante-para-el-congreso-nacional-de-ciencia-y-tecnologia\/#article\",\"isPartOf\":{\"@id\":\"https:\/\/dev.explora.cl\/maule\/el-maule-ya-tiene-representante-para-el-congreso-nacional-de-ciencia-y-tecnologia\/\"},\"author\":{\"name\":\"cpereira\",\"@id\":\"https:\/\/dev.explora.cl\/maule\/#\/schema\/person\/7c4a8d7da1b43fee83d990c08dd35f99\"},\"headline\":\"El Maule ya tiene representante para el congreso nacional de ciencia y tecnolog\u00eda\",\"datePublished\":\"2021-11-18T18:27:21+00:00\",\"dateModified\":\"2021-11-18T18:27:37+00:00\",\"mainEntityOfPage\":{\"@id\":\"https:\/\/dev.explora.cl\/maule\/el-maule-ya-tiene-representante-para-el-congreso-nacional-de-ciencia-y-tecnologia\/\"},\"wordCount\":582,\"image\":{\"@id\":\"https:\/\/dev.explora.cl\/maule\/el-maule-ya-tiene-representante-para-el-congreso-nacional-de-ciencia-y-tecnologia\/#primaryimage\"},\"thumbnailUrl\":\"https:\/\/dev.explora.cl\/maule\/wp-content\/uploads\/sites\/9\/2021\/11\/Santa-Marta-2.jpeg\",\"keywords\":[\"biodiversidad\",\"Explora Conicyt\",\"Exposici\u00f3n\",\"Maule\",\"natural\"],\"articleSection\":[\"Lugar 4\",\"Noticias\"],\"inLanguage\":\"es-CL\"},{\"@type\":\"WebPage\",\"@id\":\"https:\/\/dev.explora.cl\/maule\/el-maule-ya-tiene-representante-para-el-congreso-nacional-de-ciencia-y-tecnologia\/\",\"url\":\"https:\/\/dev.explora.cl\/maule\/el-maule-ya-tiene-representante-para-el-congreso-nacional-de-ciencia-y-tecnologia\/\",\"name\":\"El Maule ya tiene representante para el congreso nacional de ciencia y tecnolog\u00eda - Maule\",\"isPartOf\":{\"@id\":\"https:\/\/dev.explora.cl\/maule\/#website\"},\"primaryImageOfPage\":{\"@id\":\"https:\/\/dev.explora.cl\/maule\/el-maule-ya-tiene-representante-para-el-congreso-nacional-de-ciencia-y-tecnologia\/#primaryimage\"},\"image\":{\"@id\":\"https:\/\/dev.explora.cl\/maule\/el-maule-ya-tiene-representante-para-el-congreso-nacional-de-ciencia-y-tecnologia\/#primaryimage\"},\"thumbnailUrl\":\"https:\/\/dev.explora.cl\/maule\/wp-content\/uploads\/sites\/9\/2021\/11\/Santa-Marta-2.jpeg\",\"datePublished\":\"2021-11-18T18:27:21+00:00\",\"dateModified\":\"2021-11-18T18:27:37+00:00\",\"author\":{\"@id\":\"https:\/\/dev.explora.cl\/maule\/#\/schema\/person\/7c4a8d7da1b43fee83d990c08dd35f99\"},\"breadcrumb\":{\"@id\":\"https:\/\/dev.explora.cl\/maule\/el-maule-ya-tiene-representante-para-el-congreso-nacional-de-ciencia-y-tecnologia\/#breadcrumb\"},\"inLanguage\":\"es-CL\",\"potentialAction\":[{\"@type\":\"ReadAction\",\"target\":[\"https:\/\/dev.explora.cl\/maule\/el-maule-ya-tiene-representante-para-el-congreso-nacional-de-ciencia-y-tecnologia\/\"]}]},{\"@type\":\"ImageObject\",\"inLanguage\":\"es-CL\",\"@id\":\"https:\/\/dev.explora.cl\/maule\/el-maule-ya-tiene-representante-para-el-congreso-nacional-de-ciencia-y-tecnologia\/#primaryimage\",\"url\":\"https:\/\/dev.explora.cl\/maule\/wp-content\/uploads\/sites\/9\/2021\/11\/Santa-Marta-2.jpeg\",\"contentUrl\":\"https:\/\/dev.explora.cl\/maule\/wp-content\/uploads\/sites\/9\/2021\/11\/Santa-Marta-2.jpeg\",\"width\":1600,\"height\":1200},{\"@type\":\"BreadcrumbList\",\"@id\":\"https:\/\/dev.explora.cl\/maule\/el-maule-ya-tiene-representante-para-el-congreso-nacional-de-ciencia-y-tecnologia\/#breadcrumb\",\"itemListElement\":[{\"@type\":\"ListItem\",\"position\":1,\"name\":\"Portada\",\"item\":\"https:\/\/dev.explora.cl\/maule\/\"},{\"@type\":\"ListItem\",\"position\":2,\"name\":\"El Maule ya tiene representante para el congreso nacional de ciencia y tecnolog\u00eda\"}]},{\"@type\":\"WebSite\",\"@id\":\"https:\/\/dev.explora.cl\/maule\/#website\",\"url\":\"https:\/\/dev.explora.cl\/maule\/\",\"name\":\"Maule\",\"description\":\"Otro sitio m\u00e1s de dev.explora.cl\",\"potentialAction\":[{\"@type\":\"SearchAction\",\"target\":{\"@type\":\"EntryPoint\",\"urlTemplate\":\"https:\/\/dev.explora.cl\/maule\/?s={search_term_string}\"},\"query-input\":{\"@type\":\"PropertyValueSpecification\",\"valueRequired\":true,\"valueName\":\"search_term_string\"}}],\"inLanguage\":\"es-CL\"},{\"@type\":\"Person\",\"@id\":\"https:\/\/dev.explora.cl\/maule\/#\/schema\/person\/7c4a8d7da1b43fee83d990c08dd35f99\",\"name\":\"cpereira\",\"image\":{\"@type\":\"ImageObject\",\"inLanguage\":\"es-CL\",\"@id\":\"https:\/\/dev.explora.cl\/maule\/#\/schema\/person\/image\/\",\"url\":\"https:\/\/secure.gravatar.com\/avatar\/b5fc66932e6c27119a245427f86f8c950201f3cbe1e64e508e0f7c39dc595157?s=96&d=mm&r=g\",\"contentUrl\":\"https:\/\/secure.gravatar.com\/avatar\/b5fc66932e6c27119a245427f86f8c950201f3cbe1e64e508e0f7c39dc595157?s=96&d=mm&r=g\",\"caption\":\"cpereira\"},\"url\":\"https:\/\/dev.explora.cl\/maule\/author\/cpereira\/\"}]}<\/script>\n<!-- \/ Yoast SEO plugin. -->","yoast_head_json":{"title":"El Maule ya tiene representante para el congreso nacional de ciencia y tecnolog\u00eda - Maule","robots":{"index":"index","follow":"follow","max-snippet":"max-snippet:-1","max-image-preview":"max-image-preview:large","max-video-preview":"max-video-preview:-1"},"canonical":"https:\/\/dev.explora.cl\/maule\/el-maule-ya-tiene-representante-para-el-congreso-nacional-de-ciencia-y-tecnologia\/","og_locale":"es_ES","og_type":"article","og_title":"El Maule ya tiene representante para el congreso nacional de ciencia y tecnolog\u00eda - Maule","og_description":"Esto tras la d\u00e9cima versi\u00f3n del Congreso Regional de Ciencia Escolar que organiz\u00f3 Explora Maule ejecutado por la Universidad de Talca, donde participaron 17 investigaciones escolares provenientes de colegios de tres provincias de la Regi\u00f3n del Maule.","og_url":"https:\/\/dev.explora.cl\/maule\/el-maule-ya-tiene-representante-para-el-congreso-nacional-de-ciencia-y-tecnologia\/","og_site_name":"Maule","article_published_time":"2021-11-18T18:27:21+00:00","article_modified_time":"2021-11-18T18:27:37+00:00","og_image":[{"width":1600,"height":1200,"url":"https:\/\/dev.explora.cl\/maule\/wp-content\/uploads\/sites\/9\/2021\/11\/Santa-Marta-2.jpeg","type":"image\/jpeg"}],"author":"cpereira","twitter_card":"summary_large_image","twitter_misc":{"Escrito por":"cpereira","Tiempo estimado de lectura":"3 minutos"},"schema":{"@context":"https:\/\/schema.org","@graph":[{"@type":"Article","@id":"https:\/\/dev.explora.cl\/maule\/el-maule-ya-tiene-representante-para-el-congreso-nacional-de-ciencia-y-tecnologia\/#article","isPartOf":{"@id":"https:\/\/dev.explora.cl\/maule\/el-maule-ya-tiene-representante-para-el-congreso-nacional-de-ciencia-y-tecnologia\/"},"author":{"name":"cpereira","@id":"https:\/\/dev.explora.cl\/maule\/#\/schema\/person\/7c4a8d7da1b43fee83d990c08dd35f99"},"headline":"El Maule ya tiene representante para el congreso nacional de ciencia y tecnolog\u00eda","datePublished":"2021-11-18T18:27:21+00:00","dateModified":"2021-11-18T18:27:37+00:00","mainEntityOfPage":{"@id":"https:\/\/dev.explora.cl\/maule\/el-maule-ya-tiene-representante-para-el-congreso-nacional-de-ciencia-y-tecnologia\/"},"wordCount":582,"image":{"@id":"https:\/\/dev.explora.cl\/maule\/el-maule-ya-tiene-representante-para-el-congreso-nacional-de-ciencia-y-tecnologia\/#primaryimage"},"thumbnailUrl":"https:\/\/dev.explora.cl\/maule\/wp-content\/uploads\/sites\/9\/2021\/11\/Santa-Marta-2.jpeg","keywords":["biodiversidad","Explora Conicyt","Exposici\u00f3n","Maule","natural"],"articleSection":["Lugar 4","Noticias"],"inLanguage":"es-CL"},{"@type":"WebPage","@id":"https:\/\/dev.explora.cl\/maule\/el-maule-ya-tiene-representante-para-el-congreso-nacional-de-ciencia-y-tecnologia\/","url":"https:\/\/dev.explora.cl\/maule\/el-maule-ya-tiene-representante-para-el-congreso-nacional-de-ciencia-y-tecnologia\/","name":"El Maule ya tiene representante para el congreso nacional de ciencia y tecnolog\u00eda - Maule","isPartOf":{"@id":"https:\/\/dev.explora.cl\/maule\/#website"},"primaryImageOfPage":{"@id":"https:\/\/dev.explora.cl\/maule\/el-maule-ya-tiene-representante-para-el-congreso-nacional-de-ciencia-y-tecnologia\/#primaryimage"},"image":{"@id":"https:\/\/dev.explora.cl\/maule\/el-maule-ya-tiene-representante-para-el-congreso-nacional-de-ciencia-y-tecnologia\/#primaryimage"},"thumbnailUrl":"https:\/\/dev.explora.cl\/maule\/wp-content\/uploads\/sites\/9\/2021\/11\/Santa-Marta-2.jpeg","datePublished":"2021-11-18T18:27:21+00:00","dateModified":"2021-11-18T18:27:37+00:00","author":{"@id":"https:\/\/dev.explora.cl\/maule\/#\/schema\/person\/7c4a8d7da1b43fee83d990c08dd35f99"},"breadcrumb":{"@id":"https:\/\/dev.explora.cl\/maule\/el-maule-ya-tiene-representante-para-el-congreso-nacional-de-ciencia-y-tecnologia\/#breadcrumb"},"inLanguage":"es-CL","potentialAction":[{"@type":"ReadAction","target":["https:\/\/dev.explora.cl\/maule\/el-maule-ya-tiene-representante-para-el-congreso-nacional-de-ciencia-y-tecnologia\/"]}]},{"@type":"ImageObject","inLanguage":"es-CL","@id":"https:\/\/dev.explora.cl\/maule\/el-maule-ya-tiene-representante-para-el-congreso-nacional-de-ciencia-y-tecnologia\/#primaryimage","url":"https:\/\/dev.explora.cl\/maule\/wp-content\/uploads\/sites\/9\/2021\/11\/Santa-Marta-2.jpeg","contentUrl":"https:\/\/dev.explora.cl\/maule\/wp-content\/uploads\/sites\/9\/2021\/11\/Santa-Marta-2.jpeg","width":1600,"height":1200},{"@type":"BreadcrumbList","@id":"https:\/\/dev.explora.cl\/maule\/el-maule-ya-tiene-representante-para-el-congreso-nacional-de-ciencia-y-tecnologia\/#breadcrumb","itemListElement":[{"@type":"ListItem","position":1,"name":"Portada","item":"https:\/\/dev.explora.cl\/maule\/"},{"@type":"ListItem","position":2,"name":"El Maule ya tiene representante para el congreso nacional de ciencia y tecnolog\u00eda"}]},{"@type":"WebSite","@id":"https:\/\/dev.explora.cl\/maule\/#website","url":"https:\/\/dev.explora.cl\/maule\/","name":"Maule","description":"Otro sitio m\u00e1s de dev.explora.cl","potentialAction":[{"@type":"SearchAction","target":{"@type":"EntryPoint","urlTemplate":"https:\/\/dev.explora.cl\/maule\/?s={search_term_string}"},"query-input":{"@type":"PropertyValueSpecification","valueRequired":true,"valueName":"search_term_string"}}],"inLanguage":"es-CL"},{"@type":"Person","@id":"https:\/\/dev.explora.cl\/maule\/#\/schema\/person\/7c4a8d7da1b43fee83d990c08dd35f99","name":"cpereira","image":{"@type":"ImageObject","inLanguage":"es-CL","@id":"https:\/\/dev.explora.cl\/maule\/#\/schema\/person\/image\/","url":"https:\/\/secure.gravatar.com\/avatar\/b5fc66932e6c27119a245427f86f8c950201f3cbe1e64e508e0f7c39dc595157?s=96&d=mm&r=g","contentUrl":"https:\/\/secure.gravatar.com\/avatar\/b5fc66932e6c27119a245427f86f8c950201f3cbe1e64e508e0f7c39dc595157?s=96&d=mm&r=g","caption":"cpereira"},"url":"https:\/\/dev.explora.cl\/maule\/author\/cpereira\/"}]}},"_links":{"self":[{"href":"https:\/\/dev.explora.cl\/maule\/wp-json\/wp\/v2\/posts\/38942","targetHints":{"allow":["GET"]}}],"collection":[{"href":"https:\/\/dev.explora.cl\/maule\/wp-json\/wp\/v2\/posts"}],"about":[{"href":"https:\/\/dev.explora.cl\/maule\/wp-json\/wp\/v2\/types\/post"}],"author":[{"embeddable":true,"href":"https:\/\/dev.explora.cl\/maule\/wp-json\/wp\/v2\/users\/24"}],"replies":[{"embeddable":true,"href":"https:\/\/dev.explora.cl\/maule\/wp-json\/wp\/v2\/comments?post=38942"}],"version-history":[{"count":1,"href":"https:\/\/dev.explora.cl\/maule\/wp-json\/wp\/v2\/posts\/38942\/revisions"}],"predecessor-version":[{"id":38945,"href":"https:\/\/dev.explora.cl\/maule\/wp-json\/wp\/v2\/posts\/38942\/revisions\/38945"}],"wp:featuredmedia":[{"embeddable":true,"href":"https:\/\/dev.explora.cl\/maule\/wp-json\/wp\/v2\/media\/38943"}],"wp:attachment":[{"href":"https:\/\/dev.explora.cl\/maule\/wp-json\/wp\/v2\/media?parent=38942"}],"wp:term":[{"taxonomy":"category","embeddable":true,"href":"https:\/\/dev.explora.cl\/maule\/wp-json\/wp\/v2\/categories?post=38942"},{"taxonomy":"post_tag","embeddable":true,"href":"https:\/\/dev.explora.cl\/maule\/wp-json\/wp\/v2\/tags?post=38942"}],"curies":[{"name":"wp","href":"https:\/\/api.w.org\/{rel}","templated":true}]}}