{"id":38937,"date":"2021-11-12T11:39:09","date_gmt":"2021-11-12T14:39:09","guid":{"rendered":"https:\/\/dev.explora.cl\/maule\/?p=38937"},"modified":"2021-11-12T11:39:09","modified_gmt":"2021-11-12T14:39:09","slug":"congreso-de-ciencias-escolar-explora-cumple-10-anos-y-por-primera-vez-se-realiza-de-manera-on-line","status":"publish","type":"post","link":"https:\/\/dev.explora.cl\/maule\/congreso-de-ciencias-escolar-explora-cumple-10-anos-y-por-primera-vez-se-realiza-de-manera-on-line\/","title":{"rendered":"Congreso de Ciencias escolar Explora cumple 10 a\u00f1os y por primera vez se realiza de manera on line"},"content":{"rendered":"<h3><em>A pesar del a\u00f1o escolar sin actividades extracurriculares, estudiantes de la regi\u00f3n prepararon sus trabajos e investigaciones cient\u00edficas, permitiendo la realizaci\u00f3n del Congreso de Ciencias escolar Explora, que cumple una d\u00e9cada de realizaci\u00f3n de forma ininterrumpida<\/em>.<\/h3>\n<p>Las investigaciones escolares contemplan temas que est\u00e1n en la discusi\u00f3n p\u00fablica, como el cambio clim\u00e1tico, la salud mental, la igualdad de g\u00e9nero o los escenarios sociales post pand\u00e9micos. Es as\u00ed como se presentaron estudios sobre el stress en estudiantes de ense\u00f1anza media durante la pandemia en colegios de la comuna Huala\u00f1\u00e9; efectos de la disminuci\u00f3n de salinidad en macroalgas ant\u00e1rticas productos de los deshielos en aguas oce\u00e1nicas; o un m\u00f3dulo aerop\u00f3nico para el cultivo eficiente de verduras creado por estudiantes de educaci\u00f3n b\u00e1sica, son algunas de las propuestas del X Congreso Regional Explora de Investigaci\u00f3n e Innovaci\u00f3n Escolar, organizado por el programa Explora Maule ejecutado por la Direcci\u00f3n de Vinculaci\u00f3n con el Medio de la Universidad de Talca.<\/p>\n<p>El evento que finaliza este viernes 12 de noviembre se realiza por primera vez de modo virtual producto de la pandemia. En su d\u00e9cima versi\u00f3n, participan 17 proyectos integrados por estudiantes de 5\u00b0 b\u00e1sico hasta 4\u00b0 medio provenientes de colegios municipales, subvencionados y particulares de las provincias de Curic\u00f3, Talca y Linares.<\/p>\n<p>Durante las jornadas efectuadas entre mi\u00e9rcoles y jueves a trav\u00e9s de la plataforma zoom, el comit\u00e9 cient\u00edfico, integrado por 45 acad\u00e9micos e investigadoras de distintas disciplinas y universidades del Pa\u00eds, evaluaron las propuestas de los estudiantes, quienes mostraron los resultados de las investigaciones tanto en las categor\u00edas investigaci\u00f3n escolar (Ciencias Naturales, sociales y Humanidades) como en productos e innovaciones tecnol\u00f3gicas, que fueron trabajados junto a sus docentes durante el a\u00f1o en las Academias de Investigaci\u00f3n e Innovaci\u00f3n Escolar (IIE) de Explora Maule.<\/p>\n<p><img loading=\"lazy\" decoding=\"async\" class=\"size-medium wp-image-38939 alignright\" src=\"https:\/\/dev.explora.cl\/maule\/wp-content\/uploads\/sites\/9\/2021\/11\/Investigaci\u00f3n-1-300x200.jpg\" alt=\"\" width=\"300\" height=\"200\" srcset=\"https:\/\/dev.explora.cl\/maule\/wp-content\/uploads\/sites\/9\/2021\/11\/Investigaci\u00f3n-1-300x200.jpg 300w, https:\/\/dev.explora.cl\/maule\/wp-content\/uploads\/sites\/9\/2021\/11\/Investigaci\u00f3n-1-768x513.jpg 768w, https:\/\/dev.explora.cl\/maule\/wp-content\/uploads\/sites\/9\/2021\/11\/Investigaci\u00f3n-1-1024x684.jpg 1024w, https:\/\/dev.explora.cl\/maule\/wp-content\/uploads\/sites\/9\/2021\/11\/Investigaci\u00f3n-1.jpg 2000w\" sizes=\"auto, (max-width: 300px) 100vw, 300px\" \/>\u201cEl Congreso Explora cumple 10 a\u00f1os visualizando el trabajo de gran calidad cient\u00edfica que se realiza en los colegios maulinos, pero ha tambi\u00e9n ha permitido fortalecer un ecosistema de investigaci\u00f3n escolar, que se refleja en el \u00e9xito de los investigadores escolares de nuestra regi\u00f3n en las diversas instancias nacionales e internacionales\u201d, coment\u00f3 Pablo Gonz\u00e1lez, director de Explora Maule de la Universidad de Talca.<\/p>\n<p>Para Amparo Vald\u00e9s, estudiante del Colegio Constituci\u00f3n de Constituci\u00f3n, la experiencia de participar en el congreso es \u00fanica ya que permite conocer compa\u00f1eros de distintas ciudades que comparten intereses comunes \u201c me encanta la investigaci\u00f3n, descubrir cosas nuevas que tambi\u00e9n pueden ayudar a las personas o pueden generar cambios en las comunidades \u201c, indic\u00f3.<\/p>\n<p>Por su parte, Ingo Dreyer, profesor titular de la facultad de ingenier\u00eda de la Universidad de Talca y parte del comit\u00e9 cient\u00edfico del Congreso Explora, destac\u00f3 el gran nivel de la ciencia escolar que se realiza en el Maule \u201cla investigaci\u00f3n escolar fomenta la creatividad y permite que los estudiantes busquen soluciones a los problemas de sus territorios, aprendiendo de una manera pr\u00e1ctica, necesitamos fomentar estas metodolog\u00edas con mayor fuerzas en los colegios para renovar la educaci\u00f3n\u201d, coment\u00f3 Dreeyer.<\/p>\n<p><strong>Conversatorio con cient\u00edficas <\/strong><\/p>\n<p>Unas de las actividades complementarias al Congreso Explora, son los di\u00e1logos inspiradores donde los y las estudiantes compartir\u00e1n con destacadas cient\u00edficas e investigadoras del Pa\u00eds como las acad\u00e9micas UTalca Karin Saavedra y Wendy Gonz\u00e1lez junto a Ingrid Carvacho, directora de investigaci\u00f3n de la UCM, quienes promover\u00e1n ni\u00f1as y j\u00f3venes en el camino de la ciencia y la tecnolog\u00eda, adem\u00e1s de reflexionar sobre la ruptura positiva de los estereotipos de g\u00e9nero en diversas \u00e1reas de la ciencia, la tecnolog\u00eda, el conocimiento y la innovaci\u00f3n.<\/p>\n<p>La instancia regional entrega cuatro cupos (2 educaci\u00f3n b\u00e1sica y de 2 educaci\u00f3n media) para representar al Maule en el Congreso Nacional Explora de Investigaci\u00f3n e Innovaci\u00f3n Escolar 2021 -2022, que se realizar\u00e1 entre el 18 y 22 de enero del 2022.<\/p>\n","protected":false},"excerpt":{"rendered":"<p>A pesar del a\u00f1o escolar sin actividades extracurriculares, estudiantes de la regi\u00f3n prepararon sus trabajos e investigaciones cient\u00edficas, permitiendo la realizaci\u00f3n del Congreso de Ciencias escolar Explora, que cumple una d\u00e9cada de realizaci\u00f3n de forma ininterrumpida.<\/p>\n","protected":false},"author":24,"featured_media":38938,"comment_status":"closed","ping_status":"closed","sticky":false,"template":"","format":"standard","meta":{"_acf_changed":false,"_exactmetrics_skip_tracking":false,"_exactmetrics_sitenote_active":false,"_exactmetrics_sitenote_note":"","_exactmetrics_sitenote_category":0,"footnotes":"","_links_to":"","_links_to_target":""},"categories":[139,4],"tags":[81,21,166,167,168],"class_list":["post-38937","post","type-post","status-publish","format-standard","has-post-thumbnail","hentry","category-lugar-4","category-noticias","tag-biodiversidad","tag-explora-conicyt","tag-exposicion","tag-maule","tag-natural"],"acf":[],"yoast_head":"<!-- This site is optimized with the Yoast SEO plugin v26.7 - https:\/\/yoast.com\/wordpress\/plugins\/seo\/ -->\n<title>Congreso de Ciencias escolar Explora cumple 10 a\u00f1os y por primera vez se realiza de manera on line - Maule<\/title>\n<meta name=\"robots\" content=\"index, follow, max-snippet:-1, max-image-preview:large, max-video-preview:-1\" \/>\n<link rel=\"canonical\" href=\"https:\/\/dev.explora.cl\/maule\/congreso-de-ciencias-escolar-explora-cumple-10-anos-y-por-primera-vez-se-realiza-de-manera-on-line\/\" class=\"yoast-seo-meta-tag\" \/>\n<meta property=\"og:locale\" content=\"es_ES\" class=\"yoast-seo-meta-tag\" \/>\n<meta property=\"og:type\" content=\"article\" class=\"yoast-seo-meta-tag\" \/>\n<meta property=\"og:title\" content=\"Congreso de Ciencias escolar Explora cumple 10 a\u00f1os y por primera vez se realiza de manera on line - Maule\" class=\"yoast-seo-meta-tag\" \/>\n<meta property=\"og:description\" content=\"A pesar del a\u00f1o escolar sin actividades extracurriculares, estudiantes de la regi\u00f3n prepararon sus trabajos e investigaciones cient\u00edficas, permitiendo la realizaci\u00f3n del Congreso de Ciencias escolar Explora, que cumple una d\u00e9cada de realizaci\u00f3n de forma ininterrumpida.\" class=\"yoast-seo-meta-tag\" \/>\n<meta property=\"og:url\" content=\"https:\/\/dev.explora.cl\/maule\/congreso-de-ciencias-escolar-explora-cumple-10-anos-y-por-primera-vez-se-realiza-de-manera-on-line\/\" class=\"yoast-seo-meta-tag\" \/>\n<meta property=\"og:site_name\" content=\"Maule\" class=\"yoast-seo-meta-tag\" \/>\n<meta property=\"article:published_time\" content=\"2021-11-12T14:39:09+00:00\" class=\"yoast-seo-meta-tag\" \/>\n<meta property=\"og:image\" content=\"https:\/\/dev.explora.cl\/maule\/wp-content\/uploads\/sites\/9\/2021\/11\/Investigaci\u00f3n-2.jpg\" class=\"yoast-seo-meta-tag\" \/>\n\t<meta property=\"og:image:width\" content=\"2048\" class=\"yoast-seo-meta-tag\" \/>\n\t<meta property=\"og:image:height\" content=\"1150\" class=\"yoast-seo-meta-tag\" \/>\n\t<meta property=\"og:image:type\" content=\"image\/jpeg\" class=\"yoast-seo-meta-tag\" \/>\n<meta name=\"author\" content=\"cpereira\" class=\"yoast-seo-meta-tag\" \/>\n<meta name=\"twitter:card\" content=\"summary_large_image\" class=\"yoast-seo-meta-tag\" \/>\n<meta name=\"twitter:label1\" content=\"Escrito por\" class=\"yoast-seo-meta-tag\" \/>\n\t<meta name=\"twitter:data1\" content=\"cpereira\" class=\"yoast-seo-meta-tag\" \/>\n\t<meta name=\"twitter:label2\" content=\"Tiempo estimado de lectura\" class=\"yoast-seo-meta-tag\" \/>\n\t<meta name=\"twitter:data2\" content=\"3 minutos\" class=\"yoast-seo-meta-tag\" \/>\n<script type=\"application\/ld+json\" class=\"yoast-schema-graph\">{\"@context\":\"https:\/\/schema.org\",\"@graph\":[{\"@type\":\"Article\",\"@id\":\"https:\/\/dev.explora.cl\/maule\/congreso-de-ciencias-escolar-explora-cumple-10-anos-y-por-primera-vez-se-realiza-de-manera-on-line\/#article\",\"isPartOf\":{\"@id\":\"https:\/\/dev.explora.cl\/maule\/congreso-de-ciencias-escolar-explora-cumple-10-anos-y-por-primera-vez-se-realiza-de-manera-on-line\/\"},\"author\":{\"name\":\"cpereira\",\"@id\":\"https:\/\/dev.explora.cl\/maule\/#\/schema\/person\/7c4a8d7da1b43fee83d990c08dd35f99\"},\"headline\":\"Congreso de Ciencias escolar Explora cumple 10 a\u00f1os y por primera vez se realiza de manera on line\",\"datePublished\":\"2021-11-12T14:39:09+00:00\",\"mainEntityOfPage\":{\"@id\":\"https:\/\/dev.explora.cl\/maule\/congreso-de-ciencias-escolar-explora-cumple-10-anos-y-por-primera-vez-se-realiza-de-manera-on-line\/\"},\"wordCount\":693,\"image\":{\"@id\":\"https:\/\/dev.explora.cl\/maule\/congreso-de-ciencias-escolar-explora-cumple-10-anos-y-por-primera-vez-se-realiza-de-manera-on-line\/#primaryimage\"},\"thumbnailUrl\":\"https:\/\/dev.explora.cl\/maule\/wp-content\/uploads\/sites\/9\/2021\/11\/Investigaci\u00f3n-2.jpg\",\"keywords\":[\"biodiversidad\",\"Explora Conicyt\",\"Exposici\u00f3n\",\"Maule\",\"natural\"],\"articleSection\":[\"Lugar 4\",\"Noticias\"],\"inLanguage\":\"es-CL\"},{\"@type\":\"WebPage\",\"@id\":\"https:\/\/dev.explora.cl\/maule\/congreso-de-ciencias-escolar-explora-cumple-10-anos-y-por-primera-vez-se-realiza-de-manera-on-line\/\",\"url\":\"https:\/\/dev.explora.cl\/maule\/congreso-de-ciencias-escolar-explora-cumple-10-anos-y-por-primera-vez-se-realiza-de-manera-on-line\/\",\"name\":\"Congreso de Ciencias escolar Explora cumple 10 a\u00f1os y por primera vez se realiza de manera on line - Maule\",\"isPartOf\":{\"@id\":\"https:\/\/dev.explora.cl\/maule\/#website\"},\"primaryImageOfPage\":{\"@id\":\"https:\/\/dev.explora.cl\/maule\/congreso-de-ciencias-escolar-explora-cumple-10-anos-y-por-primera-vez-se-realiza-de-manera-on-line\/#primaryimage\"},\"image\":{\"@id\":\"https:\/\/dev.explora.cl\/maule\/congreso-de-ciencias-escolar-explora-cumple-10-anos-y-por-primera-vez-se-realiza-de-manera-on-line\/#primaryimage\"},\"thumbnailUrl\":\"https:\/\/dev.explora.cl\/maule\/wp-content\/uploads\/sites\/9\/2021\/11\/Investigaci\u00f3n-2.jpg\",\"datePublished\":\"2021-11-12T14:39:09+00:00\",\"author\":{\"@id\":\"https:\/\/dev.explora.cl\/maule\/#\/schema\/person\/7c4a8d7da1b43fee83d990c08dd35f99\"},\"breadcrumb\":{\"@id\":\"https:\/\/dev.explora.cl\/maule\/congreso-de-ciencias-escolar-explora-cumple-10-anos-y-por-primera-vez-se-realiza-de-manera-on-line\/#breadcrumb\"},\"inLanguage\":\"es-CL\",\"potentialAction\":[{\"@type\":\"ReadAction\",\"target\":[\"https:\/\/dev.explora.cl\/maule\/congreso-de-ciencias-escolar-explora-cumple-10-anos-y-por-primera-vez-se-realiza-de-manera-on-line\/\"]}]},{\"@type\":\"ImageObject\",\"inLanguage\":\"es-CL\",\"@id\":\"https:\/\/dev.explora.cl\/maule\/congreso-de-ciencias-escolar-explora-cumple-10-anos-y-por-primera-vez-se-realiza-de-manera-on-line\/#primaryimage\",\"url\":\"https:\/\/dev.explora.cl\/maule\/wp-content\/uploads\/sites\/9\/2021\/11\/Investigaci\u00f3n-2.jpg\",\"contentUrl\":\"https:\/\/dev.explora.cl\/maule\/wp-content\/uploads\/sites\/9\/2021\/11\/Investigaci\u00f3n-2.jpg\",\"width\":2048,\"height\":1150},{\"@type\":\"BreadcrumbList\",\"@id\":\"https:\/\/dev.explora.cl\/maule\/congreso-de-ciencias-escolar-explora-cumple-10-anos-y-por-primera-vez-se-realiza-de-manera-on-line\/#breadcrumb\",\"itemListElement\":[{\"@type\":\"ListItem\",\"position\":1,\"name\":\"Portada\",\"item\":\"https:\/\/dev.explora.cl\/maule\/\"},{\"@type\":\"ListItem\",\"position\":2,\"name\":\"Congreso de Ciencias escolar Explora cumple 10 a\u00f1os y por primera vez se realiza de manera on line\"}]},{\"@type\":\"WebSite\",\"@id\":\"https:\/\/dev.explora.cl\/maule\/#website\",\"url\":\"https:\/\/dev.explora.cl\/maule\/\",\"name\":\"Maule\",\"description\":\"Otro sitio m\u00e1s de dev.explora.cl\",\"potentialAction\":[{\"@type\":\"SearchAction\",\"target\":{\"@type\":\"EntryPoint\",\"urlTemplate\":\"https:\/\/dev.explora.cl\/maule\/?s={search_term_string}\"},\"query-input\":{\"@type\":\"PropertyValueSpecification\",\"valueRequired\":true,\"valueName\":\"search_term_string\"}}],\"inLanguage\":\"es-CL\"},{\"@type\":\"Person\",\"@id\":\"https:\/\/dev.explora.cl\/maule\/#\/schema\/person\/7c4a8d7da1b43fee83d990c08dd35f99\",\"name\":\"cpereira\",\"image\":{\"@type\":\"ImageObject\",\"inLanguage\":\"es-CL\",\"@id\":\"https:\/\/dev.explora.cl\/maule\/#\/schema\/person\/image\/\",\"url\":\"https:\/\/secure.gravatar.com\/avatar\/b5fc66932e6c27119a245427f86f8c950201f3cbe1e64e508e0f7c39dc595157?s=96&d=mm&r=g\",\"contentUrl\":\"https:\/\/secure.gravatar.com\/avatar\/b5fc66932e6c27119a245427f86f8c950201f3cbe1e64e508e0f7c39dc595157?s=96&d=mm&r=g\",\"caption\":\"cpereira\"},\"url\":\"https:\/\/dev.explora.cl\/maule\/author\/cpereira\/\"}]}<\/script>\n<!-- \/ Yoast SEO plugin. -->","yoast_head_json":{"title":"Congreso de Ciencias escolar Explora cumple 10 a\u00f1os y por primera vez se realiza de manera on line - Maule","robots":{"index":"index","follow":"follow","max-snippet":"max-snippet:-1","max-image-preview":"max-image-preview:large","max-video-preview":"max-video-preview:-1"},"canonical":"https:\/\/dev.explora.cl\/maule\/congreso-de-ciencias-escolar-explora-cumple-10-anos-y-por-primera-vez-se-realiza-de-manera-on-line\/","og_locale":"es_ES","og_type":"article","og_title":"Congreso de Ciencias escolar Explora cumple 10 a\u00f1os y por primera vez se realiza de manera on line - Maule","og_description":"A pesar del a\u00f1o escolar sin actividades extracurriculares, estudiantes de la regi\u00f3n prepararon sus trabajos e investigaciones cient\u00edficas, permitiendo la realizaci\u00f3n del Congreso de Ciencias escolar Explora, que cumple una d\u00e9cada de realizaci\u00f3n de forma ininterrumpida.","og_url":"https:\/\/dev.explora.cl\/maule\/congreso-de-ciencias-escolar-explora-cumple-10-anos-y-por-primera-vez-se-realiza-de-manera-on-line\/","og_site_name":"Maule","article_published_time":"2021-11-12T14:39:09+00:00","og_image":[{"width":2048,"height":1150,"url":"https:\/\/dev.explora.cl\/maule\/wp-content\/uploads\/sites\/9\/2021\/11\/Investigaci\u00f3n-2.jpg","type":"image\/jpeg"}],"author":"cpereira","twitter_card":"summary_large_image","twitter_misc":{"Escrito por":"cpereira","Tiempo estimado de lectura":"3 minutos"},"schema":{"@context":"https:\/\/schema.org","@graph":[{"@type":"Article","@id":"https:\/\/dev.explora.cl\/maule\/congreso-de-ciencias-escolar-explora-cumple-10-anos-y-por-primera-vez-se-realiza-de-manera-on-line\/#article","isPartOf":{"@id":"https:\/\/dev.explora.cl\/maule\/congreso-de-ciencias-escolar-explora-cumple-10-anos-y-por-primera-vez-se-realiza-de-manera-on-line\/"},"author":{"name":"cpereira","@id":"https:\/\/dev.explora.cl\/maule\/#\/schema\/person\/7c4a8d7da1b43fee83d990c08dd35f99"},"headline":"Congreso de Ciencias escolar Explora cumple 10 a\u00f1os y por primera vez se realiza de manera on line","datePublished":"2021-11-12T14:39:09+00:00","mainEntityOfPage":{"@id":"https:\/\/dev.explora.cl\/maule\/congreso-de-ciencias-escolar-explora-cumple-10-anos-y-por-primera-vez-se-realiza-de-manera-on-line\/"},"wordCount":693,"image":{"@id":"https:\/\/dev.explora.cl\/maule\/congreso-de-ciencias-escolar-explora-cumple-10-anos-y-por-primera-vez-se-realiza-de-manera-on-line\/#primaryimage"},"thumbnailUrl":"https:\/\/dev.explora.cl\/maule\/wp-content\/uploads\/sites\/9\/2021\/11\/Investigaci\u00f3n-2.jpg","keywords":["biodiversidad","Explora Conicyt","Exposici\u00f3n","Maule","natural"],"articleSection":["Lugar 4","Noticias"],"inLanguage":"es-CL"},{"@type":"WebPage","@id":"https:\/\/dev.explora.cl\/maule\/congreso-de-ciencias-escolar-explora-cumple-10-anos-y-por-primera-vez-se-realiza-de-manera-on-line\/","url":"https:\/\/dev.explora.cl\/maule\/congreso-de-ciencias-escolar-explora-cumple-10-anos-y-por-primera-vez-se-realiza-de-manera-on-line\/","name":"Congreso de Ciencias escolar Explora cumple 10 a\u00f1os y por primera vez se realiza de manera on line - Maule","isPartOf":{"@id":"https:\/\/dev.explora.cl\/maule\/#website"},"primaryImageOfPage":{"@id":"https:\/\/dev.explora.cl\/maule\/congreso-de-ciencias-escolar-explora-cumple-10-anos-y-por-primera-vez-se-realiza-de-manera-on-line\/#primaryimage"},"image":{"@id":"https:\/\/dev.explora.cl\/maule\/congreso-de-ciencias-escolar-explora-cumple-10-anos-y-por-primera-vez-se-realiza-de-manera-on-line\/#primaryimage"},"thumbnailUrl":"https:\/\/dev.explora.cl\/maule\/wp-content\/uploads\/sites\/9\/2021\/11\/Investigaci\u00f3n-2.jpg","datePublished":"2021-11-12T14:39:09+00:00","author":{"@id":"https:\/\/dev.explora.cl\/maule\/#\/schema\/person\/7c4a8d7da1b43fee83d990c08dd35f99"},"breadcrumb":{"@id":"https:\/\/dev.explora.cl\/maule\/congreso-de-ciencias-escolar-explora-cumple-10-anos-y-por-primera-vez-se-realiza-de-manera-on-line\/#breadcrumb"},"inLanguage":"es-CL","potentialAction":[{"@type":"ReadAction","target":["https:\/\/dev.explora.cl\/maule\/congreso-de-ciencias-escolar-explora-cumple-10-anos-y-por-primera-vez-se-realiza-de-manera-on-line\/"]}]},{"@type":"ImageObject","inLanguage":"es-CL","@id":"https:\/\/dev.explora.cl\/maule\/congreso-de-ciencias-escolar-explora-cumple-10-anos-y-por-primera-vez-se-realiza-de-manera-on-line\/#primaryimage","url":"https:\/\/dev.explora.cl\/maule\/wp-content\/uploads\/sites\/9\/2021\/11\/Investigaci\u00f3n-2.jpg","contentUrl":"https:\/\/dev.explora.cl\/maule\/wp-content\/uploads\/sites\/9\/2021\/11\/Investigaci\u00f3n-2.jpg","width":2048,"height":1150},{"@type":"BreadcrumbList","@id":"https:\/\/dev.explora.cl\/maule\/congreso-de-ciencias-escolar-explora-cumple-10-anos-y-por-primera-vez-se-realiza-de-manera-on-line\/#breadcrumb","itemListElement":[{"@type":"ListItem","position":1,"name":"Portada","item":"https:\/\/dev.explora.cl\/maule\/"},{"@type":"ListItem","position":2,"name":"Congreso de Ciencias escolar Explora cumple 10 a\u00f1os y por primera vez se realiza de manera on line"}]},{"@type":"WebSite","@id":"https:\/\/dev.explora.cl\/maule\/#website","url":"https:\/\/dev.explora.cl\/maule\/","name":"Maule","description":"Otro sitio m\u00e1s de dev.explora.cl","potentialAction":[{"@type":"SearchAction","target":{"@type":"EntryPoint","urlTemplate":"https:\/\/dev.explora.cl\/maule\/?s={search_term_string}"},"query-input":{"@type":"PropertyValueSpecification","valueRequired":true,"valueName":"search_term_string"}}],"inLanguage":"es-CL"},{"@type":"Person","@id":"https:\/\/dev.explora.cl\/maule\/#\/schema\/person\/7c4a8d7da1b43fee83d990c08dd35f99","name":"cpereira","image":{"@type":"ImageObject","inLanguage":"es-CL","@id":"https:\/\/dev.explora.cl\/maule\/#\/schema\/person\/image\/","url":"https:\/\/secure.gravatar.com\/avatar\/b5fc66932e6c27119a245427f86f8c950201f3cbe1e64e508e0f7c39dc595157?s=96&d=mm&r=g","contentUrl":"https:\/\/secure.gravatar.com\/avatar\/b5fc66932e6c27119a245427f86f8c950201f3cbe1e64e508e0f7c39dc595157?s=96&d=mm&r=g","caption":"cpereira"},"url":"https:\/\/dev.explora.cl\/maule\/author\/cpereira\/"}]}},"_links":{"self":[{"href":"https:\/\/dev.explora.cl\/maule\/wp-json\/wp\/v2\/posts\/38937","targetHints":{"allow":["GET"]}}],"collection":[{"href":"https:\/\/dev.explora.cl\/maule\/wp-json\/wp\/v2\/posts"}],"about":[{"href":"https:\/\/dev.explora.cl\/maule\/wp-json\/wp\/v2\/types\/post"}],"author":[{"embeddable":true,"href":"https:\/\/dev.explora.cl\/maule\/wp-json\/wp\/v2\/users\/24"}],"replies":[{"embeddable":true,"href":"https:\/\/dev.explora.cl\/maule\/wp-json\/wp\/v2\/comments?post=38937"}],"version-history":[{"count":1,"href":"https:\/\/dev.explora.cl\/maule\/wp-json\/wp\/v2\/posts\/38937\/revisions"}],"predecessor-version":[{"id":38940,"href":"https:\/\/dev.explora.cl\/maule\/wp-json\/wp\/v2\/posts\/38937\/revisions\/38940"}],"wp:featuredmedia":[{"embeddable":true,"href":"https:\/\/dev.explora.cl\/maule\/wp-json\/wp\/v2\/media\/38938"}],"wp:attachment":[{"href":"https:\/\/dev.explora.cl\/maule\/wp-json\/wp\/v2\/media?parent=38937"}],"wp:term":[{"taxonomy":"category","embeddable":true,"href":"https:\/\/dev.explora.cl\/maule\/wp-json\/wp\/v2\/categories?post=38937"},{"taxonomy":"post_tag","embeddable":true,"href":"https:\/\/dev.explora.cl\/maule\/wp-json\/wp\/v2\/tags?post=38937"}],"curies":[{"name":"wp","href":"https:\/\/api.w.org\/{rel}","templated":true}]}}