{"id":38924,"date":"2021-10-19T12:50:10","date_gmt":"2021-10-19T15:50:10","guid":{"rendered":"https:\/\/dev.explora.cl\/maule\/?p=38924"},"modified":"2021-10-19T12:50:34","modified_gmt":"2021-10-19T15:50:34","slug":"animales-prehistoricos-seran-la-atraccion-del-festival-de-ciencia-en-el-jardin-botanico-utalca","status":"publish","type":"post","link":"https:\/\/dev.explora.cl\/maule\/animales-prehistoricos-seran-la-atraccion-del-festival-de-ciencia-en-el-jardin-botanico-utalca\/","title":{"rendered":"Animales Prehist\u00f3ricos ser\u00e1n la atracci\u00f3n del Festival de Ciencia en el Jard\u00edn Bot\u00e1nico UTalca"},"content":{"rendered":"<h3><em>Con un programa presencial y on line, la tradicional celebraci\u00f3n cient\u00edfica que lidera Explora Maule de la Universidad de Talca, contempla una parrilla program\u00e1tica con actividades gratuitas que acercan el conocimiento cient\u00edfico a toda la familia.<\/em><\/h3>\n<p>Bajo el lema \u201cCelebrar la curiosidad\u201d, el programa Explora Maule ejecutado por la Direcci\u00f3n de Vinculaci\u00f3n con el Medio de la Universidad de Talca, realizar\u00e1 el Festival de la Ciencia, evento donde instituciones vinculadas a la creaci\u00f3n de conocimiento se suman con actividades para acercar la ciencia y la tecnolog\u00eda a la comunidad.<\/p>\n<p>Entre el 20 y el 24 de octubre m\u00e1s de 16 actividades entre talleres, charlas en formatos on line y una exposici\u00f3n interactiva en formato presencial, ser\u00e1n parte de la parrilla program\u00e1tica que invita a sumarse a la familia de forma gratuita a esta fiesta de la ciencia, la tecnolog\u00eda y la innovaci\u00f3n.<\/p>\n<p>\u201cEsta es una celebraci\u00f3n que ya es parte de la comunidad, llevamos m\u00e1s de ocho a\u00f1os generando experiencias que permiten que cient\u00edficos y cient\u00edficas se vinculen con la ciudadan\u00eda, acercando la ciencia, mostrando que est\u00e1 en todas en su vida cotidiana, que es cercana y que puede mejorar la vida de las personas, en fin, cumplir nuestro rol que es democratizar el acceso al conocimiento\u201d, coment\u00f3 Pablo Gonz\u00e1lez, director de Explora Maule de la Universidad de Talca.<\/p>\n<p>Las actividades est\u00e1n segmentadas por p\u00fablicos, en el bloque de 6 a 11 a\u00f1os, los ni\u00f1as y ni\u00f1os, tienen diversas alternativas en el \u00e1rea de la programaci\u00f3n, rob\u00f3tica, biodiversidad,\u00a0 astronom\u00eda y matem\u00e1ticas mezclado con magia.\u00a0 Para j\u00f3venes y adultos, las experiencias est\u00e1n centradas en el dise\u00f1o de videojuegos y la generaci\u00f3n de cultivos en casa.<\/p>\n<p><img loading=\"lazy\" decoding=\"async\" class=\"size-medium wp-image-38925 alignright\" src=\"https:\/\/dev.explora.cl\/maule\/wp-content\/uploads\/sites\/9\/2021\/10\/CHILESAURIO-300x188.png\" alt=\"\" width=\"300\" height=\"188\" srcset=\"https:\/\/dev.explora.cl\/maule\/wp-content\/uploads\/sites\/9\/2021\/10\/CHILESAURIO-300x188.png 300w, https:\/\/dev.explora.cl\/maule\/wp-content\/uploads\/sites\/9\/2021\/10\/CHILESAURIO-768x480.png 768w, https:\/\/dev.explora.cl\/maule\/wp-content\/uploads\/sites\/9\/2021\/10\/CHILESAURIO-1024x640.png 1024w\" sizes=\"auto, (max-width: 300px) 100vw, 300px\" \/>Este a\u00f1o Explora Maule, vuelve a la presencialidad con la exposici\u00f3n \u201cCubios: Animales Prehist\u00f3ricos de Chile\u201d, donde los ni\u00f1os y las ni\u00f1as, podr\u00e1n armar en divertidos talleres, juguetes de papel relacionados con el patrimonio paleontol\u00f3gico de Chile, como el Gonfoterio, Milod\u00f3n, Dientes de sable, Hippidion, entre otros, adem\u00e1s podr\u00e1n sacarse fotos algunas de estas especies en tama\u00f1o XL.<\/p>\n<p>Los talleres y la exposici\u00f3n estar\u00e1n abierta al p\u00fablico los d\u00edas 23 y 24 de octubre de 11:00 a 18:00 horas en el Jard\u00edn Bot\u00e1nico de la Universidad de Talca (Aforo limitado 12 personas).<\/p>\n<p><strong>Actividades on Line<\/strong><\/p>\n<p><img loading=\"lazy\" decoding=\"async\" class=\"size-medium wp-image-38927 alignleft\" src=\"https:\/\/dev.explora.cl\/maule\/wp-content\/uploads\/sites\/9\/2021\/10\/DIENTES-DE-SABLE-300x300.png\" alt=\"\" width=\"300\" height=\"300\" srcset=\"https:\/\/dev.explora.cl\/maule\/wp-content\/uploads\/sites\/9\/2021\/10\/DIENTES-DE-SABLE-300x300.png 300w, https:\/\/dev.explora.cl\/maule\/wp-content\/uploads\/sites\/9\/2021\/10\/DIENTES-DE-SABLE-150x150.png 150w, https:\/\/dev.explora.cl\/maule\/wp-content\/uploads\/sites\/9\/2021\/10\/DIENTES-DE-SABLE-768x768.png 768w, https:\/\/dev.explora.cl\/maule\/wp-content\/uploads\/sites\/9\/2021\/10\/DIENTES-DE-SABLE-1024x1024.png 1024w, https:\/\/dev.explora.cl\/maule\/wp-content\/uploads\/sites\/9\/2021\/10\/DIENTES-DE-SABLE-60x60.png 60w\" sizes=\"auto, (max-width: 300px) 100vw, 300px\" \/>El Festival de la Ciencia, tiene como uno de sus principios la inclusividad, en este sentido, se realizar\u00e1 el taller \u201cMirar el Universo con las Manos\u201d, impartido por el N\u00facleo de Astronom\u00eda de la Universidad Diego Portales, que ense\u00f1an sobre estrellas y diferentes cuerpos celestes con metodolog\u00edas accesibles para personas con discapacidad visual. El taller, se realizar\u00e1 el 22 de octubre a las 17:00 horas v\u00eda zoom. Las fechas, horas e inscripciones de los talleres, los puedes encontrar en <a href=\"https:\/\/dev.explora.cl\/maule\">dev.explora.cl\/maule<\/a> y en las redes sociales de Explora Maule.<\/p>\n<p>En el Festival de la Ciencia, tambi\u00e9n habr\u00e1 charlas en entretenidos formatos uno de ellos ser\u00e1 \u201cComida Espacial\u201d, donde el conocido youtuber Leo Bascu\u00f1\u00e1n conversar\u00e1 con Tatiana L\u00f3pez, seleccionada recientemente como la primera astronauta an\u00e1loga chilena para la misi\u00f3n Asclepios II, esta conversaci\u00f3n imperdible ser\u00e1 el jueves 21 de octubre a las 16:30 horas en el Instagram de Leo Bascu\u00f1an : <a href=\"http:\/\/www.instagram.com\/leobascunan\/\">www.instagram.com\/leobascunan\/<\/a><\/p>\n<p>Tambi\u00e9n estar\u00e1 la divulgadora cient\u00edfica del momento, la astr\u00f3noma Teresa Paneque, quien ense\u00f1ar\u00e1 todos los secretos del sistema solar en el evento \u201cDi\u00e1logos Astron\u00f3micos\u201d, el pr\u00f3ximo domingo 24 de octubre a las 15:00 horas en Instagram Live de Explora Maule (<a href=\"http:\/\/www.instagram.com\/exploramaule\">www.instagram.com\/exploramaule<\/a> )<\/p>\n","protected":false},"excerpt":{"rendered":"<p>Con un programa presencial y on line, la tradicional celebraci\u00f3n cient\u00edfica que lidera Explora Maule de la Universidad de Talca, contempla una parrilla program\u00e1tica con actividades gratuitas que acercan el conocimiento cient\u00edfico a toda la familia.<\/p>\n","protected":false},"author":24,"featured_media":38926,"comment_status":"closed","ping_status":"closed","sticky":false,"template":"","format":"standard","meta":{"_acf_changed":false,"_exactmetrics_skip_tracking":false,"_exactmetrics_sitenote_active":false,"_exactmetrics_sitenote_note":"","_exactmetrics_sitenote_category":0,"footnotes":"","_links_to":"","_links_to_target":""},"categories":[139,4],"tags":[81,21,166,167,168],"class_list":["post-38924","post","type-post","status-publish","format-standard","has-post-thumbnail","hentry","category-lugar-4","category-noticias","tag-biodiversidad","tag-explora-conicyt","tag-exposicion","tag-maule","tag-natural"],"acf":[],"yoast_head":"<!-- This site is optimized with the Yoast SEO plugin v26.7 - https:\/\/yoast.com\/wordpress\/plugins\/seo\/ -->\n<title>Animales Prehist\u00f3ricos ser\u00e1n la atracci\u00f3n del Festival de Ciencia en el Jard\u00edn Bot\u00e1nico UTalca - Maule<\/title>\n<meta name=\"robots\" content=\"index, follow, max-snippet:-1, max-image-preview:large, max-video-preview:-1\" \/>\n<link rel=\"canonical\" href=\"https:\/\/dev.explora.cl\/maule\/animales-prehistoricos-seran-la-atraccion-del-festival-de-ciencia-en-el-jardin-botanico-utalca\/\" class=\"yoast-seo-meta-tag\" \/>\n<meta property=\"og:locale\" content=\"es_ES\" class=\"yoast-seo-meta-tag\" \/>\n<meta property=\"og:type\" content=\"article\" class=\"yoast-seo-meta-tag\" \/>\n<meta property=\"og:title\" content=\"Animales Prehist\u00f3ricos ser\u00e1n la atracci\u00f3n del Festival de Ciencia en el Jard\u00edn Bot\u00e1nico UTalca - Maule\" class=\"yoast-seo-meta-tag\" \/>\n<meta property=\"og:description\" content=\"Con un programa presencial y on line, la tradicional celebraci\u00f3n cient\u00edfica que lidera Explora Maule de la Universidad de Talca, contempla una parrilla program\u00e1tica con actividades gratuitas que acercan el conocimiento cient\u00edfico a toda la familia.\" class=\"yoast-seo-meta-tag\" \/>\n<meta property=\"og:url\" content=\"https:\/\/dev.explora.cl\/maule\/animales-prehistoricos-seran-la-atraccion-del-festival-de-ciencia-en-el-jardin-botanico-utalca\/\" class=\"yoast-seo-meta-tag\" \/>\n<meta property=\"og:site_name\" content=\"Maule\" class=\"yoast-seo-meta-tag\" \/>\n<meta property=\"article:published_time\" content=\"2021-10-19T15:50:10+00:00\" class=\"yoast-seo-meta-tag\" \/>\n<meta property=\"article:modified_time\" content=\"2021-10-19T15:50:34+00:00\" class=\"yoast-seo-meta-tag\" \/>\n<meta property=\"og:image\" content=\"https:\/\/dev.explora.cl\/maule\/wp-content\/uploads\/sites\/9\/2021\/10\/Experimentos-Jard\u00edn.jpg\" class=\"yoast-seo-meta-tag\" \/>\n\t<meta property=\"og:image:width\" content=\"960\" class=\"yoast-seo-meta-tag\" \/>\n\t<meta property=\"og:image:height\" content=\"640\" class=\"yoast-seo-meta-tag\" \/>\n\t<meta property=\"og:image:type\" content=\"image\/jpeg\" class=\"yoast-seo-meta-tag\" \/>\n<meta name=\"author\" content=\"cpereira\" class=\"yoast-seo-meta-tag\" \/>\n<meta name=\"twitter:card\" content=\"summary_large_image\" class=\"yoast-seo-meta-tag\" \/>\n<meta name=\"twitter:label1\" content=\"Escrito por\" class=\"yoast-seo-meta-tag\" \/>\n\t<meta name=\"twitter:data1\" content=\"cpereira\" class=\"yoast-seo-meta-tag\" \/>\n\t<meta name=\"twitter:label2\" content=\"Tiempo estimado de lectura\" class=\"yoast-seo-meta-tag\" \/>\n\t<meta name=\"twitter:data2\" content=\"3 minutos\" class=\"yoast-seo-meta-tag\" \/>\n<script type=\"application\/ld+json\" class=\"yoast-schema-graph\">{\"@context\":\"https:\/\/schema.org\",\"@graph\":[{\"@type\":\"Article\",\"@id\":\"https:\/\/dev.explora.cl\/maule\/animales-prehistoricos-seran-la-atraccion-del-festival-de-ciencia-en-el-jardin-botanico-utalca\/#article\",\"isPartOf\":{\"@id\":\"https:\/\/dev.explora.cl\/maule\/animales-prehistoricos-seran-la-atraccion-del-festival-de-ciencia-en-el-jardin-botanico-utalca\/\"},\"author\":{\"name\":\"cpereira\",\"@id\":\"https:\/\/dev.explora.cl\/maule\/#\/schema\/person\/7c4a8d7da1b43fee83d990c08dd35f99\"},\"headline\":\"Animales Prehist\u00f3ricos ser\u00e1n la atracci\u00f3n del Festival de Ciencia en el Jard\u00edn Bot\u00e1nico UTalca\",\"datePublished\":\"2021-10-19T15:50:10+00:00\",\"dateModified\":\"2021-10-19T15:50:34+00:00\",\"mainEntityOfPage\":{\"@id\":\"https:\/\/dev.explora.cl\/maule\/animales-prehistoricos-seran-la-atraccion-del-festival-de-ciencia-en-el-jardin-botanico-utalca\/\"},\"wordCount\":641,\"image\":{\"@id\":\"https:\/\/dev.explora.cl\/maule\/animales-prehistoricos-seran-la-atraccion-del-festival-de-ciencia-en-el-jardin-botanico-utalca\/#primaryimage\"},\"thumbnailUrl\":\"https:\/\/dev.explora.cl\/maule\/wp-content\/uploads\/sites\/9\/2021\/10\/Experimentos-Jard\u00edn.jpg\",\"keywords\":[\"biodiversidad\",\"Explora Conicyt\",\"Exposici\u00f3n\",\"Maule\",\"natural\"],\"articleSection\":[\"Lugar 4\",\"Noticias\"],\"inLanguage\":\"es-CL\"},{\"@type\":\"WebPage\",\"@id\":\"https:\/\/dev.explora.cl\/maule\/animales-prehistoricos-seran-la-atraccion-del-festival-de-ciencia-en-el-jardin-botanico-utalca\/\",\"url\":\"https:\/\/dev.explora.cl\/maule\/animales-prehistoricos-seran-la-atraccion-del-festival-de-ciencia-en-el-jardin-botanico-utalca\/\",\"name\":\"Animales Prehist\u00f3ricos ser\u00e1n la atracci\u00f3n del Festival de Ciencia en el Jard\u00edn Bot\u00e1nico UTalca - Maule\",\"isPartOf\":{\"@id\":\"https:\/\/dev.explora.cl\/maule\/#website\"},\"primaryImageOfPage\":{\"@id\":\"https:\/\/dev.explora.cl\/maule\/animales-prehistoricos-seran-la-atraccion-del-festival-de-ciencia-en-el-jardin-botanico-utalca\/#primaryimage\"},\"image\":{\"@id\":\"https:\/\/dev.explora.cl\/maule\/animales-prehistoricos-seran-la-atraccion-del-festival-de-ciencia-en-el-jardin-botanico-utalca\/#primaryimage\"},\"thumbnailUrl\":\"https:\/\/dev.explora.cl\/maule\/wp-content\/uploads\/sites\/9\/2021\/10\/Experimentos-Jard\u00edn.jpg\",\"datePublished\":\"2021-10-19T15:50:10+00:00\",\"dateModified\":\"2021-10-19T15:50:34+00:00\",\"author\":{\"@id\":\"https:\/\/dev.explora.cl\/maule\/#\/schema\/person\/7c4a8d7da1b43fee83d990c08dd35f99\"},\"breadcrumb\":{\"@id\":\"https:\/\/dev.explora.cl\/maule\/animales-prehistoricos-seran-la-atraccion-del-festival-de-ciencia-en-el-jardin-botanico-utalca\/#breadcrumb\"},\"inLanguage\":\"es-CL\",\"potentialAction\":[{\"@type\":\"ReadAction\",\"target\":[\"https:\/\/dev.explora.cl\/maule\/animales-prehistoricos-seran-la-atraccion-del-festival-de-ciencia-en-el-jardin-botanico-utalca\/\"]}]},{\"@type\":\"ImageObject\",\"inLanguage\":\"es-CL\",\"@id\":\"https:\/\/dev.explora.cl\/maule\/animales-prehistoricos-seran-la-atraccion-del-festival-de-ciencia-en-el-jardin-botanico-utalca\/#primaryimage\",\"url\":\"https:\/\/dev.explora.cl\/maule\/wp-content\/uploads\/sites\/9\/2021\/10\/Experimentos-Jard\u00edn.jpg\",\"contentUrl\":\"https:\/\/dev.explora.cl\/maule\/wp-content\/uploads\/sites\/9\/2021\/10\/Experimentos-Jard\u00edn.jpg\",\"width\":960,\"height\":640},{\"@type\":\"BreadcrumbList\",\"@id\":\"https:\/\/dev.explora.cl\/maule\/animales-prehistoricos-seran-la-atraccion-del-festival-de-ciencia-en-el-jardin-botanico-utalca\/#breadcrumb\",\"itemListElement\":[{\"@type\":\"ListItem\",\"position\":1,\"name\":\"Portada\",\"item\":\"https:\/\/dev.explora.cl\/maule\/\"},{\"@type\":\"ListItem\",\"position\":2,\"name\":\"Animales Prehist\u00f3ricos ser\u00e1n la atracci\u00f3n del Festival de Ciencia en el Jard\u00edn Bot\u00e1nico UTalca\"}]},{\"@type\":\"WebSite\",\"@id\":\"https:\/\/dev.explora.cl\/maule\/#website\",\"url\":\"https:\/\/dev.explora.cl\/maule\/\",\"name\":\"Maule\",\"description\":\"Otro sitio m\u00e1s de dev.explora.cl\",\"potentialAction\":[{\"@type\":\"SearchAction\",\"target\":{\"@type\":\"EntryPoint\",\"urlTemplate\":\"https:\/\/dev.explora.cl\/maule\/?s={search_term_string}\"},\"query-input\":{\"@type\":\"PropertyValueSpecification\",\"valueRequired\":true,\"valueName\":\"search_term_string\"}}],\"inLanguage\":\"es-CL\"},{\"@type\":\"Person\",\"@id\":\"https:\/\/dev.explora.cl\/maule\/#\/schema\/person\/7c4a8d7da1b43fee83d990c08dd35f99\",\"name\":\"cpereira\",\"image\":{\"@type\":\"ImageObject\",\"inLanguage\":\"es-CL\",\"@id\":\"https:\/\/dev.explora.cl\/maule\/#\/schema\/person\/image\/\",\"url\":\"https:\/\/secure.gravatar.com\/avatar\/b5fc66932e6c27119a245427f86f8c950201f3cbe1e64e508e0f7c39dc595157?s=96&d=mm&r=g\",\"contentUrl\":\"https:\/\/secure.gravatar.com\/avatar\/b5fc66932e6c27119a245427f86f8c950201f3cbe1e64e508e0f7c39dc595157?s=96&d=mm&r=g\",\"caption\":\"cpereira\"},\"url\":\"https:\/\/dev.explora.cl\/maule\/author\/cpereira\/\"}]}<\/script>\n<!-- \/ Yoast SEO plugin. -->","yoast_head_json":{"title":"Animales Prehist\u00f3ricos ser\u00e1n la atracci\u00f3n del Festival de Ciencia en el Jard\u00edn Bot\u00e1nico UTalca - Maule","robots":{"index":"index","follow":"follow","max-snippet":"max-snippet:-1","max-image-preview":"max-image-preview:large","max-video-preview":"max-video-preview:-1"},"canonical":"https:\/\/dev.explora.cl\/maule\/animales-prehistoricos-seran-la-atraccion-del-festival-de-ciencia-en-el-jardin-botanico-utalca\/","og_locale":"es_ES","og_type":"article","og_title":"Animales Prehist\u00f3ricos ser\u00e1n la atracci\u00f3n del Festival de Ciencia en el Jard\u00edn Bot\u00e1nico UTalca - Maule","og_description":"Con un programa presencial y on line, la tradicional celebraci\u00f3n cient\u00edfica que lidera Explora Maule de la Universidad de Talca, contempla una parrilla program\u00e1tica con actividades gratuitas que acercan el conocimiento cient\u00edfico a toda la familia.","og_url":"https:\/\/dev.explora.cl\/maule\/animales-prehistoricos-seran-la-atraccion-del-festival-de-ciencia-en-el-jardin-botanico-utalca\/","og_site_name":"Maule","article_published_time":"2021-10-19T15:50:10+00:00","article_modified_time":"2021-10-19T15:50:34+00:00","og_image":[{"width":960,"height":640,"url":"https:\/\/dev.explora.cl\/maule\/wp-content\/uploads\/sites\/9\/2021\/10\/Experimentos-Jard\u00edn.jpg","type":"image\/jpeg"}],"author":"cpereira","twitter_card":"summary_large_image","twitter_misc":{"Escrito por":"cpereira","Tiempo estimado de lectura":"3 minutos"},"schema":{"@context":"https:\/\/schema.org","@graph":[{"@type":"Article","@id":"https:\/\/dev.explora.cl\/maule\/animales-prehistoricos-seran-la-atraccion-del-festival-de-ciencia-en-el-jardin-botanico-utalca\/#article","isPartOf":{"@id":"https:\/\/dev.explora.cl\/maule\/animales-prehistoricos-seran-la-atraccion-del-festival-de-ciencia-en-el-jardin-botanico-utalca\/"},"author":{"name":"cpereira","@id":"https:\/\/dev.explora.cl\/maule\/#\/schema\/person\/7c4a8d7da1b43fee83d990c08dd35f99"},"headline":"Animales Prehist\u00f3ricos ser\u00e1n la atracci\u00f3n del Festival de Ciencia en el Jard\u00edn Bot\u00e1nico UTalca","datePublished":"2021-10-19T15:50:10+00:00","dateModified":"2021-10-19T15:50:34+00:00","mainEntityOfPage":{"@id":"https:\/\/dev.explora.cl\/maule\/animales-prehistoricos-seran-la-atraccion-del-festival-de-ciencia-en-el-jardin-botanico-utalca\/"},"wordCount":641,"image":{"@id":"https:\/\/dev.explora.cl\/maule\/animales-prehistoricos-seran-la-atraccion-del-festival-de-ciencia-en-el-jardin-botanico-utalca\/#primaryimage"},"thumbnailUrl":"https:\/\/dev.explora.cl\/maule\/wp-content\/uploads\/sites\/9\/2021\/10\/Experimentos-Jard\u00edn.jpg","keywords":["biodiversidad","Explora Conicyt","Exposici\u00f3n","Maule","natural"],"articleSection":["Lugar 4","Noticias"],"inLanguage":"es-CL"},{"@type":"WebPage","@id":"https:\/\/dev.explora.cl\/maule\/animales-prehistoricos-seran-la-atraccion-del-festival-de-ciencia-en-el-jardin-botanico-utalca\/","url":"https:\/\/dev.explora.cl\/maule\/animales-prehistoricos-seran-la-atraccion-del-festival-de-ciencia-en-el-jardin-botanico-utalca\/","name":"Animales Prehist\u00f3ricos ser\u00e1n la atracci\u00f3n del Festival de Ciencia en el Jard\u00edn Bot\u00e1nico UTalca - Maule","isPartOf":{"@id":"https:\/\/dev.explora.cl\/maule\/#website"},"primaryImageOfPage":{"@id":"https:\/\/dev.explora.cl\/maule\/animales-prehistoricos-seran-la-atraccion-del-festival-de-ciencia-en-el-jardin-botanico-utalca\/#primaryimage"},"image":{"@id":"https:\/\/dev.explora.cl\/maule\/animales-prehistoricos-seran-la-atraccion-del-festival-de-ciencia-en-el-jardin-botanico-utalca\/#primaryimage"},"thumbnailUrl":"https:\/\/dev.explora.cl\/maule\/wp-content\/uploads\/sites\/9\/2021\/10\/Experimentos-Jard\u00edn.jpg","datePublished":"2021-10-19T15:50:10+00:00","dateModified":"2021-10-19T15:50:34+00:00","author":{"@id":"https:\/\/dev.explora.cl\/maule\/#\/schema\/person\/7c4a8d7da1b43fee83d990c08dd35f99"},"breadcrumb":{"@id":"https:\/\/dev.explora.cl\/maule\/animales-prehistoricos-seran-la-atraccion-del-festival-de-ciencia-en-el-jardin-botanico-utalca\/#breadcrumb"},"inLanguage":"es-CL","potentialAction":[{"@type":"ReadAction","target":["https:\/\/dev.explora.cl\/maule\/animales-prehistoricos-seran-la-atraccion-del-festival-de-ciencia-en-el-jardin-botanico-utalca\/"]}]},{"@type":"ImageObject","inLanguage":"es-CL","@id":"https:\/\/dev.explora.cl\/maule\/animales-prehistoricos-seran-la-atraccion-del-festival-de-ciencia-en-el-jardin-botanico-utalca\/#primaryimage","url":"https:\/\/dev.explora.cl\/maule\/wp-content\/uploads\/sites\/9\/2021\/10\/Experimentos-Jard\u00edn.jpg","contentUrl":"https:\/\/dev.explora.cl\/maule\/wp-content\/uploads\/sites\/9\/2021\/10\/Experimentos-Jard\u00edn.jpg","width":960,"height":640},{"@type":"BreadcrumbList","@id":"https:\/\/dev.explora.cl\/maule\/animales-prehistoricos-seran-la-atraccion-del-festival-de-ciencia-en-el-jardin-botanico-utalca\/#breadcrumb","itemListElement":[{"@type":"ListItem","position":1,"name":"Portada","item":"https:\/\/dev.explora.cl\/maule\/"},{"@type":"ListItem","position":2,"name":"Animales Prehist\u00f3ricos ser\u00e1n la atracci\u00f3n del Festival de Ciencia en el Jard\u00edn Bot\u00e1nico UTalca"}]},{"@type":"WebSite","@id":"https:\/\/dev.explora.cl\/maule\/#website","url":"https:\/\/dev.explora.cl\/maule\/","name":"Maule","description":"Otro sitio m\u00e1s de dev.explora.cl","potentialAction":[{"@type":"SearchAction","target":{"@type":"EntryPoint","urlTemplate":"https:\/\/dev.explora.cl\/maule\/?s={search_term_string}"},"query-input":{"@type":"PropertyValueSpecification","valueRequired":true,"valueName":"search_term_string"}}],"inLanguage":"es-CL"},{"@type":"Person","@id":"https:\/\/dev.explora.cl\/maule\/#\/schema\/person\/7c4a8d7da1b43fee83d990c08dd35f99","name":"cpereira","image":{"@type":"ImageObject","inLanguage":"es-CL","@id":"https:\/\/dev.explora.cl\/maule\/#\/schema\/person\/image\/","url":"https:\/\/secure.gravatar.com\/avatar\/b5fc66932e6c27119a245427f86f8c950201f3cbe1e64e508e0f7c39dc595157?s=96&d=mm&r=g","contentUrl":"https:\/\/secure.gravatar.com\/avatar\/b5fc66932e6c27119a245427f86f8c950201f3cbe1e64e508e0f7c39dc595157?s=96&d=mm&r=g","caption":"cpereira"},"url":"https:\/\/dev.explora.cl\/maule\/author\/cpereira\/"}]}},"_links":{"self":[{"href":"https:\/\/dev.explora.cl\/maule\/wp-json\/wp\/v2\/posts\/38924","targetHints":{"allow":["GET"]}}],"collection":[{"href":"https:\/\/dev.explora.cl\/maule\/wp-json\/wp\/v2\/posts"}],"about":[{"href":"https:\/\/dev.explora.cl\/maule\/wp-json\/wp\/v2\/types\/post"}],"author":[{"embeddable":true,"href":"https:\/\/dev.explora.cl\/maule\/wp-json\/wp\/v2\/users\/24"}],"replies":[{"embeddable":true,"href":"https:\/\/dev.explora.cl\/maule\/wp-json\/wp\/v2\/comments?post=38924"}],"version-history":[{"count":2,"href":"https:\/\/dev.explora.cl\/maule\/wp-json\/wp\/v2\/posts\/38924\/revisions"}],"predecessor-version":[{"id":38929,"href":"https:\/\/dev.explora.cl\/maule\/wp-json\/wp\/v2\/posts\/38924\/revisions\/38929"}],"wp:featuredmedia":[{"embeddable":true,"href":"https:\/\/dev.explora.cl\/maule\/wp-json\/wp\/v2\/media\/38926"}],"wp:attachment":[{"href":"https:\/\/dev.explora.cl\/maule\/wp-json\/wp\/v2\/media?parent=38924"}],"wp:term":[{"taxonomy":"category","embeddable":true,"href":"https:\/\/dev.explora.cl\/maule\/wp-json\/wp\/v2\/categories?post=38924"},{"taxonomy":"post_tag","embeddable":true,"href":"https:\/\/dev.explora.cl\/maule\/wp-json\/wp\/v2\/tags?post=38924"}],"curies":[{"name":"wp","href":"https:\/\/api.w.org\/{rel}","templated":true}]}}