{"id":38913,"date":"2021-08-13T15:15:48","date_gmt":"2021-08-13T19:15:48","guid":{"rendered":"https:\/\/dev.explora.cl\/maule\/?p=38913"},"modified":"2021-08-13T15:15:48","modified_gmt":"2021-08-13T19:15:48","slug":"uppa-animado-la-nueva-web-serie-que-estrena-explora-maule","status":"publish","type":"post","link":"https:\/\/dev.explora.cl\/maule\/uppa-animado-la-nueva-web-serie-que-estrena-explora-maule\/","title":{"rendered":"\u201cUppa Animado\u201d, la nueva web serie que estrena Explora Maule"},"content":{"rendered":"<h3><em>El programa de divulgaci\u00f3n cient\u00edfica ejecutado por la Universidad de Talca, lanza su primera serie animada, dirigida a ni\u00f1as y ni\u00f1os en edad preescolar.<\/em><\/h3>\n<p>Ense\u00f1ar sobre la clasificaci\u00f3n de los animales seg\u00fan su nacimiento, y la adaptaci\u00f3n de los seres vivos a sus entornos, son algunos de temas educativos que aborda \u201cUppa Animado\u201d, la serie de dibujos animados que estrena en formato web serie el proyecto de la Explora Maule de la Universidad de Talca.<\/p>\n<p>Los cap\u00edtulos tienen una estructura de cuentacuentos que son narrados por \u201cWedo e Ido\u201d, los personajes protagonistas del videojuego \u201cUppa: La Ciencia de Aprender Juntos\u201d, desarrollado por la Universidad de Talca, quienes cuentan las aventuras de diversos animales end\u00e9micos de Chile, donde se van ense\u00f1ando contenidos pedag\u00f3gicos relacionados al m\u00f3dulo \u201cexploraci\u00f3n del entorno natural\u201d del curr\u00edculum escolar del nivel de transici\u00f3n ( Pre Kinder y Kinder).<img loading=\"lazy\" decoding=\"async\" class=\"size-medium wp-image-38915 alignright\" src=\"https:\/\/dev.explora.cl\/maule\/wp-content\/uploads\/sites\/9\/2021\/08\/UPPA-OVI-1-300x169.png\" alt=\"\" width=\"300\" height=\"169\" srcset=\"https:\/\/dev.explora.cl\/maule\/wp-content\/uploads\/sites\/9\/2021\/08\/UPPA-OVI-1-300x169.png 300w, https:\/\/dev.explora.cl\/maule\/wp-content\/uploads\/sites\/9\/2021\/08\/UPPA-OVI-1-768x432.png 768w, https:\/\/dev.explora.cl\/maule\/wp-content\/uploads\/sites\/9\/2021\/08\/UPPA-OVI-1-1024x576.png 1024w, https:\/\/dev.explora.cl\/maule\/wp-content\/uploads\/sites\/9\/2021\/08\/UPPA-OVI-1.png 1919w\" sizes=\"auto, (max-width: 300px) 100vw, 300px\" \/><\/p>\n<p>\u201cEsta serie busca entregar contenidos cient\u00edficos de manera l\u00fadica a los ni\u00f1os y a las ni\u00f1as para que acerquen a las ciencias , exploren y generen preguntas sobre todo sobre el entorno natural en que viven, en fin, fomentar el esp\u00edritu cr\u00edtico y fomentar la curiosidad genuina de la ni\u00f1ez\u201d, coment\u00f3 Pablo Gonz\u00e1lez, director de Explora Maule de la Universidad de Talca.<\/p>\n<p>Una de las principales caracter\u00edsticas que sobresalen en este producto de divulgaci\u00f3n cient\u00edfica, es que permite que las educadoras de p\u00e1rvulos junto a sus asistentes puedan trabajar \u201cUppa Animado\u201d como complemento en sus clases, para motivar el aprendizaje de ni\u00f1os y ni\u00f1as. El contenido se basa en tem\u00e1ticas curriculares, priorizadas actualmente por el Mineduc.<\/p>\n<p>Para C<img loading=\"lazy\" decoding=\"async\" class=\"size-medium wp-image-38916 alignright\" src=\"https:\/\/dev.explora.cl\/maule\/wp-content\/uploads\/sites\/9\/2021\/08\/UPPA-ADP-2-300x169.png\" alt=\"\" width=\"300\" height=\"169\" srcset=\"https:\/\/dev.explora.cl\/maule\/wp-content\/uploads\/sites\/9\/2021\/08\/UPPA-ADP-2-300x169.png 300w, https:\/\/dev.explora.cl\/maule\/wp-content\/uploads\/sites\/9\/2021\/08\/UPPA-ADP-2-768x432.png 768w, https:\/\/dev.explora.cl\/maule\/wp-content\/uploads\/sites\/9\/2021\/08\/UPPA-ADP-2-1024x576.png 1024w, https:\/\/dev.explora.cl\/maule\/wp-content\/uploads\/sites\/9\/2021\/08\/UPPA-ADP-2.png 1919w\" sizes=\"auto, (max-width: 300px) 100vw, 300px\" \/>amila D\u00edaz, asesora pedag\u00f3gica de Explora Maule, esta versatilidad de la serie animada entrega un recurso de aprendizaje audiovisual did\u00e1ctico e innovador, que permite ser utilizado como una herramienta de ense\u00f1anza complementaria,\u00a0 en este tiempo de educaci\u00f3n de emergencia, producto de la pandemia.<\/p>\n<p>En este sentido, la serie se colocar\u00e1 a disposici\u00f3n de las educadoras y asistentes que participan en el programa\u201c Uppa: Mi Primera Aventura Cient\u00edfica\u201d que ejecuta Explora Maule en colegios y jardines infantiles del Maule, beneficiando a 606 ni\u00f1os junto a sus familias.<\/p>\n<p>\u201cUppa Animado\u201d estar\u00e1 disponible desde el s\u00e1bado 14 de agosto en la plataforma de divulgaci\u00f3n cient\u00edfica \u201cRecreoExplora\u201d de Explora Maule de la Universidad de Talca, en www.recreodev.explora.cl<\/p>\n<p>&nbsp;<\/p>\n<h3><\/h3>\n","protected":false},"excerpt":{"rendered":"<p>El programa de divulgaci\u00f3n cient\u00edfica ejecutado por la Universidad de Talca, lanza su primera serie animada, dirigida a ni\u00f1as y ni\u00f1os en edad preescolar.<\/p>\n","protected":false},"author":24,"featured_media":38914,"comment_status":"closed","ping_status":"closed","sticky":false,"template":"","format":"standard","meta":{"_acf_changed":false,"_exactmetrics_skip_tracking":false,"_exactmetrics_sitenote_active":false,"_exactmetrics_sitenote_note":"","_exactmetrics_sitenote_category":0,"footnotes":"","_links_to":"","_links_to_target":""},"categories":[139,4],"tags":[81,21,166,167,168],"class_list":["post-38913","post","type-post","status-publish","format-standard","has-post-thumbnail","hentry","category-lugar-4","category-noticias","tag-biodiversidad","tag-explora-conicyt","tag-exposicion","tag-maule","tag-natural"],"acf":[],"yoast_head":"<!-- This site is optimized with the Yoast SEO plugin v26.7 - https:\/\/yoast.com\/wordpress\/plugins\/seo\/ -->\n<title>\u201cUppa Animado\u201d, la nueva web serie que estrena Explora Maule - Maule<\/title>\n<meta name=\"robots\" content=\"index, follow, max-snippet:-1, max-image-preview:large, max-video-preview:-1\" \/>\n<link rel=\"canonical\" href=\"https:\/\/dev.explora.cl\/maule\/uppa-animado-la-nueva-web-serie-que-estrena-explora-maule\/\" class=\"yoast-seo-meta-tag\" \/>\n<meta property=\"og:locale\" content=\"es_ES\" class=\"yoast-seo-meta-tag\" \/>\n<meta property=\"og:type\" content=\"article\" class=\"yoast-seo-meta-tag\" \/>\n<meta property=\"og:title\" content=\"\u201cUppa Animado\u201d, la nueva web serie que estrena Explora Maule - Maule\" class=\"yoast-seo-meta-tag\" \/>\n<meta property=\"og:description\" content=\"El programa de divulgaci\u00f3n cient\u00edfica ejecutado por la Universidad de Talca, lanza su primera serie animada, dirigida a ni\u00f1as y ni\u00f1os en edad preescolar.\" class=\"yoast-seo-meta-tag\" \/>\n<meta property=\"og:url\" content=\"https:\/\/dev.explora.cl\/maule\/uppa-animado-la-nueva-web-serie-que-estrena-explora-maule\/\" class=\"yoast-seo-meta-tag\" \/>\n<meta property=\"og:site_name\" content=\"Maule\" class=\"yoast-seo-meta-tag\" \/>\n<meta property=\"article:published_time\" content=\"2021-08-13T19:15:48+00:00\" class=\"yoast-seo-meta-tag\" \/>\n<meta property=\"og:image\" content=\"https:\/\/dev.explora.cl\/maule\/wp-content\/uploads\/sites\/9\/2021\/08\/UPPA-OVI-2.png\" class=\"yoast-seo-meta-tag\" \/>\n\t<meta property=\"og:image:width\" content=\"1918\" class=\"yoast-seo-meta-tag\" \/>\n\t<meta property=\"og:image:height\" content=\"1079\" class=\"yoast-seo-meta-tag\" \/>\n\t<meta property=\"og:image:type\" content=\"image\/png\" class=\"yoast-seo-meta-tag\" \/>\n<meta name=\"author\" content=\"cpereira\" class=\"yoast-seo-meta-tag\" \/>\n<meta name=\"twitter:card\" content=\"summary_large_image\" class=\"yoast-seo-meta-tag\" \/>\n<meta name=\"twitter:label1\" content=\"Escrito por\" class=\"yoast-seo-meta-tag\" \/>\n\t<meta name=\"twitter:data1\" content=\"cpereira\" class=\"yoast-seo-meta-tag\" \/>\n\t<meta name=\"twitter:label2\" content=\"Tiempo estimado de lectura\" class=\"yoast-seo-meta-tag\" \/>\n\t<meta name=\"twitter:data2\" content=\"2 minutos\" class=\"yoast-seo-meta-tag\" \/>\n<script type=\"application\/ld+json\" class=\"yoast-schema-graph\">{\"@context\":\"https:\/\/schema.org\",\"@graph\":[{\"@type\":\"Article\",\"@id\":\"https:\/\/dev.explora.cl\/maule\/uppa-animado-la-nueva-web-serie-que-estrena-explora-maule\/#article\",\"isPartOf\":{\"@id\":\"https:\/\/dev.explora.cl\/maule\/uppa-animado-la-nueva-web-serie-que-estrena-explora-maule\/\"},\"author\":{\"name\":\"cpereira\",\"@id\":\"https:\/\/dev.explora.cl\/maule\/#\/schema\/person\/7c4a8d7da1b43fee83d990c08dd35f99\"},\"headline\":\"\u201cUppa Animado\u201d, la nueva web serie que estrena Explora Maule\",\"datePublished\":\"2021-08-13T19:15:48+00:00\",\"mainEntityOfPage\":{\"@id\":\"https:\/\/dev.explora.cl\/maule\/uppa-animado-la-nueva-web-serie-que-estrena-explora-maule\/\"},\"wordCount\":423,\"image\":{\"@id\":\"https:\/\/dev.explora.cl\/maule\/uppa-animado-la-nueva-web-serie-que-estrena-explora-maule\/#primaryimage\"},\"thumbnailUrl\":\"https:\/\/dev.explora.cl\/maule\/wp-content\/uploads\/sites\/9\/2021\/08\/UPPA-OVI-2.png\",\"keywords\":[\"biodiversidad\",\"Explora Conicyt\",\"Exposici\u00f3n\",\"Maule\",\"natural\"],\"articleSection\":[\"Lugar 4\",\"Noticias\"],\"inLanguage\":\"es-CL\"},{\"@type\":\"WebPage\",\"@id\":\"https:\/\/dev.explora.cl\/maule\/uppa-animado-la-nueva-web-serie-que-estrena-explora-maule\/\",\"url\":\"https:\/\/dev.explora.cl\/maule\/uppa-animado-la-nueva-web-serie-que-estrena-explora-maule\/\",\"name\":\"\u201cUppa Animado\u201d, la nueva web serie que estrena Explora Maule - Maule\",\"isPartOf\":{\"@id\":\"https:\/\/dev.explora.cl\/maule\/#website\"},\"primaryImageOfPage\":{\"@id\":\"https:\/\/dev.explora.cl\/maule\/uppa-animado-la-nueva-web-serie-que-estrena-explora-maule\/#primaryimage\"},\"image\":{\"@id\":\"https:\/\/dev.explora.cl\/maule\/uppa-animado-la-nueva-web-serie-que-estrena-explora-maule\/#primaryimage\"},\"thumbnailUrl\":\"https:\/\/dev.explora.cl\/maule\/wp-content\/uploads\/sites\/9\/2021\/08\/UPPA-OVI-2.png\",\"datePublished\":\"2021-08-13T19:15:48+00:00\",\"author\":{\"@id\":\"https:\/\/dev.explora.cl\/maule\/#\/schema\/person\/7c4a8d7da1b43fee83d990c08dd35f99\"},\"breadcrumb\":{\"@id\":\"https:\/\/dev.explora.cl\/maule\/uppa-animado-la-nueva-web-serie-que-estrena-explora-maule\/#breadcrumb\"},\"inLanguage\":\"es-CL\",\"potentialAction\":[{\"@type\":\"ReadAction\",\"target\":[\"https:\/\/dev.explora.cl\/maule\/uppa-animado-la-nueva-web-serie-que-estrena-explora-maule\/\"]}]},{\"@type\":\"ImageObject\",\"inLanguage\":\"es-CL\",\"@id\":\"https:\/\/dev.explora.cl\/maule\/uppa-animado-la-nueva-web-serie-que-estrena-explora-maule\/#primaryimage\",\"url\":\"https:\/\/dev.explora.cl\/maule\/wp-content\/uploads\/sites\/9\/2021\/08\/UPPA-OVI-2.png\",\"contentUrl\":\"https:\/\/dev.explora.cl\/maule\/wp-content\/uploads\/sites\/9\/2021\/08\/UPPA-OVI-2.png\",\"width\":1918,\"height\":1079},{\"@type\":\"BreadcrumbList\",\"@id\":\"https:\/\/dev.explora.cl\/maule\/uppa-animado-la-nueva-web-serie-que-estrena-explora-maule\/#breadcrumb\",\"itemListElement\":[{\"@type\":\"ListItem\",\"position\":1,\"name\":\"Portada\",\"item\":\"https:\/\/dev.explora.cl\/maule\/\"},{\"@type\":\"ListItem\",\"position\":2,\"name\":\"\u201cUppa Animado\u201d, la nueva web serie que estrena Explora Maule\"}]},{\"@type\":\"WebSite\",\"@id\":\"https:\/\/dev.explora.cl\/maule\/#website\",\"url\":\"https:\/\/dev.explora.cl\/maule\/\",\"name\":\"Maule\",\"description\":\"Otro sitio m\u00e1s de dev.explora.cl\",\"potentialAction\":[{\"@type\":\"SearchAction\",\"target\":{\"@type\":\"EntryPoint\",\"urlTemplate\":\"https:\/\/dev.explora.cl\/maule\/?s={search_term_string}\"},\"query-input\":{\"@type\":\"PropertyValueSpecification\",\"valueRequired\":true,\"valueName\":\"search_term_string\"}}],\"inLanguage\":\"es-CL\"},{\"@type\":\"Person\",\"@id\":\"https:\/\/dev.explora.cl\/maule\/#\/schema\/person\/7c4a8d7da1b43fee83d990c08dd35f99\",\"name\":\"cpereira\",\"image\":{\"@type\":\"ImageObject\",\"inLanguage\":\"es-CL\",\"@id\":\"https:\/\/dev.explora.cl\/maule\/#\/schema\/person\/image\/\",\"url\":\"https:\/\/secure.gravatar.com\/avatar\/b5fc66932e6c27119a245427f86f8c950201f3cbe1e64e508e0f7c39dc595157?s=96&d=mm&r=g\",\"contentUrl\":\"https:\/\/secure.gravatar.com\/avatar\/b5fc66932e6c27119a245427f86f8c950201f3cbe1e64e508e0f7c39dc595157?s=96&d=mm&r=g\",\"caption\":\"cpereira\"},\"url\":\"https:\/\/dev.explora.cl\/maule\/author\/cpereira\/\"}]}<\/script>\n<!-- \/ Yoast SEO plugin. -->","yoast_head_json":{"title":"\u201cUppa Animado\u201d, la nueva web serie que estrena Explora Maule - Maule","robots":{"index":"index","follow":"follow","max-snippet":"max-snippet:-1","max-image-preview":"max-image-preview:large","max-video-preview":"max-video-preview:-1"},"canonical":"https:\/\/dev.explora.cl\/maule\/uppa-animado-la-nueva-web-serie-que-estrena-explora-maule\/","og_locale":"es_ES","og_type":"article","og_title":"\u201cUppa Animado\u201d, la nueva web serie que estrena Explora Maule - Maule","og_description":"El programa de divulgaci\u00f3n cient\u00edfica ejecutado por la Universidad de Talca, lanza su primera serie animada, dirigida a ni\u00f1as y ni\u00f1os en edad preescolar.","og_url":"https:\/\/dev.explora.cl\/maule\/uppa-animado-la-nueva-web-serie-que-estrena-explora-maule\/","og_site_name":"Maule","article_published_time":"2021-08-13T19:15:48+00:00","og_image":[{"width":1918,"height":1079,"url":"https:\/\/dev.explora.cl\/maule\/wp-content\/uploads\/sites\/9\/2021\/08\/UPPA-OVI-2.png","type":"image\/png"}],"author":"cpereira","twitter_card":"summary_large_image","twitter_misc":{"Escrito por":"cpereira","Tiempo estimado de lectura":"2 minutos"},"schema":{"@context":"https:\/\/schema.org","@graph":[{"@type":"Article","@id":"https:\/\/dev.explora.cl\/maule\/uppa-animado-la-nueva-web-serie-que-estrena-explora-maule\/#article","isPartOf":{"@id":"https:\/\/dev.explora.cl\/maule\/uppa-animado-la-nueva-web-serie-que-estrena-explora-maule\/"},"author":{"name":"cpereira","@id":"https:\/\/dev.explora.cl\/maule\/#\/schema\/person\/7c4a8d7da1b43fee83d990c08dd35f99"},"headline":"\u201cUppa Animado\u201d, la nueva web serie que estrena Explora Maule","datePublished":"2021-08-13T19:15:48+00:00","mainEntityOfPage":{"@id":"https:\/\/dev.explora.cl\/maule\/uppa-animado-la-nueva-web-serie-que-estrena-explora-maule\/"},"wordCount":423,"image":{"@id":"https:\/\/dev.explora.cl\/maule\/uppa-animado-la-nueva-web-serie-que-estrena-explora-maule\/#primaryimage"},"thumbnailUrl":"https:\/\/dev.explora.cl\/maule\/wp-content\/uploads\/sites\/9\/2021\/08\/UPPA-OVI-2.png","keywords":["biodiversidad","Explora Conicyt","Exposici\u00f3n","Maule","natural"],"articleSection":["Lugar 4","Noticias"],"inLanguage":"es-CL"},{"@type":"WebPage","@id":"https:\/\/dev.explora.cl\/maule\/uppa-animado-la-nueva-web-serie-que-estrena-explora-maule\/","url":"https:\/\/dev.explora.cl\/maule\/uppa-animado-la-nueva-web-serie-que-estrena-explora-maule\/","name":"\u201cUppa Animado\u201d, la nueva web serie que estrena Explora Maule - Maule","isPartOf":{"@id":"https:\/\/dev.explora.cl\/maule\/#website"},"primaryImageOfPage":{"@id":"https:\/\/dev.explora.cl\/maule\/uppa-animado-la-nueva-web-serie-que-estrena-explora-maule\/#primaryimage"},"image":{"@id":"https:\/\/dev.explora.cl\/maule\/uppa-animado-la-nueva-web-serie-que-estrena-explora-maule\/#primaryimage"},"thumbnailUrl":"https:\/\/dev.explora.cl\/maule\/wp-content\/uploads\/sites\/9\/2021\/08\/UPPA-OVI-2.png","datePublished":"2021-08-13T19:15:48+00:00","author":{"@id":"https:\/\/dev.explora.cl\/maule\/#\/schema\/person\/7c4a8d7da1b43fee83d990c08dd35f99"},"breadcrumb":{"@id":"https:\/\/dev.explora.cl\/maule\/uppa-animado-la-nueva-web-serie-que-estrena-explora-maule\/#breadcrumb"},"inLanguage":"es-CL","potentialAction":[{"@type":"ReadAction","target":["https:\/\/dev.explora.cl\/maule\/uppa-animado-la-nueva-web-serie-que-estrena-explora-maule\/"]}]},{"@type":"ImageObject","inLanguage":"es-CL","@id":"https:\/\/dev.explora.cl\/maule\/uppa-animado-la-nueva-web-serie-que-estrena-explora-maule\/#primaryimage","url":"https:\/\/dev.explora.cl\/maule\/wp-content\/uploads\/sites\/9\/2021\/08\/UPPA-OVI-2.png","contentUrl":"https:\/\/dev.explora.cl\/maule\/wp-content\/uploads\/sites\/9\/2021\/08\/UPPA-OVI-2.png","width":1918,"height":1079},{"@type":"BreadcrumbList","@id":"https:\/\/dev.explora.cl\/maule\/uppa-animado-la-nueva-web-serie-que-estrena-explora-maule\/#breadcrumb","itemListElement":[{"@type":"ListItem","position":1,"name":"Portada","item":"https:\/\/dev.explora.cl\/maule\/"},{"@type":"ListItem","position":2,"name":"\u201cUppa Animado\u201d, la nueva web serie que estrena Explora Maule"}]},{"@type":"WebSite","@id":"https:\/\/dev.explora.cl\/maule\/#website","url":"https:\/\/dev.explora.cl\/maule\/","name":"Maule","description":"Otro sitio m\u00e1s de dev.explora.cl","potentialAction":[{"@type":"SearchAction","target":{"@type":"EntryPoint","urlTemplate":"https:\/\/dev.explora.cl\/maule\/?s={search_term_string}"},"query-input":{"@type":"PropertyValueSpecification","valueRequired":true,"valueName":"search_term_string"}}],"inLanguage":"es-CL"},{"@type":"Person","@id":"https:\/\/dev.explora.cl\/maule\/#\/schema\/person\/7c4a8d7da1b43fee83d990c08dd35f99","name":"cpereira","image":{"@type":"ImageObject","inLanguage":"es-CL","@id":"https:\/\/dev.explora.cl\/maule\/#\/schema\/person\/image\/","url":"https:\/\/secure.gravatar.com\/avatar\/b5fc66932e6c27119a245427f86f8c950201f3cbe1e64e508e0f7c39dc595157?s=96&d=mm&r=g","contentUrl":"https:\/\/secure.gravatar.com\/avatar\/b5fc66932e6c27119a245427f86f8c950201f3cbe1e64e508e0f7c39dc595157?s=96&d=mm&r=g","caption":"cpereira"},"url":"https:\/\/dev.explora.cl\/maule\/author\/cpereira\/"}]}},"_links":{"self":[{"href":"https:\/\/dev.explora.cl\/maule\/wp-json\/wp\/v2\/posts\/38913","targetHints":{"allow":["GET"]}}],"collection":[{"href":"https:\/\/dev.explora.cl\/maule\/wp-json\/wp\/v2\/posts"}],"about":[{"href":"https:\/\/dev.explora.cl\/maule\/wp-json\/wp\/v2\/types\/post"}],"author":[{"embeddable":true,"href":"https:\/\/dev.explora.cl\/maule\/wp-json\/wp\/v2\/users\/24"}],"replies":[{"embeddable":true,"href":"https:\/\/dev.explora.cl\/maule\/wp-json\/wp\/v2\/comments?post=38913"}],"version-history":[{"count":1,"href":"https:\/\/dev.explora.cl\/maule\/wp-json\/wp\/v2\/posts\/38913\/revisions"}],"predecessor-version":[{"id":38917,"href":"https:\/\/dev.explora.cl\/maule\/wp-json\/wp\/v2\/posts\/38913\/revisions\/38917"}],"wp:featuredmedia":[{"embeddable":true,"href":"https:\/\/dev.explora.cl\/maule\/wp-json\/wp\/v2\/media\/38914"}],"wp:attachment":[{"href":"https:\/\/dev.explora.cl\/maule\/wp-json\/wp\/v2\/media?parent=38913"}],"wp:term":[{"taxonomy":"category","embeddable":true,"href":"https:\/\/dev.explora.cl\/maule\/wp-json\/wp\/v2\/categories?post=38913"},{"taxonomy":"post_tag","embeddable":true,"href":"https:\/\/dev.explora.cl\/maule\/wp-json\/wp\/v2\/tags?post=38913"}],"curies":[{"name":"wp","href":"https:\/\/api.w.org\/{rel}","templated":true}]}}