{"id":38884,"date":"2021-07-15T16:09:28","date_gmt":"2021-07-15T20:09:28","guid":{"rendered":"https:\/\/dev.explora.cl\/maule\/?p=38884"},"modified":"2021-07-15T16:11:24","modified_gmt":"2021-07-15T20:11:24","slug":"conoce-los-panoramas-cientificos-que-tiene-explora-maule-para-las-vacaciones-de-invierno","status":"publish","type":"post","link":"https:\/\/dev.explora.cl\/maule\/conoce-los-panoramas-cientificos-que-tiene-explora-maule-para-las-vacaciones-de-invierno\/","title":{"rendered":"Conoce los panoramas cient\u00edficos que tiene Explora Maule para las vacaciones de invierno"},"content":{"rendered":"<h3><em>Talleres interactivos, videojuegos y una miniserie animada, son algunas de las actividades, para que la familia aprenda y se entretenga con ciencia y tecnolog\u00eda.<\/em><\/h3>\n<p>Alternativas l\u00fadicas, educativas y que entretenidas para grandes y chicos, ofrece el programa Explora Maule de la Direcci\u00f3n de Vinculaci\u00f3n con el Medio, que prepar\u00f3 una serie de actividades para que toda la familia juegue y aprenda con ciencia y tecnolog\u00eda en vacaciones de invierno. <img loading=\"lazy\" decoding=\"async\" class=\"size-medium wp-image-38886 alignright\" src=\"https:\/\/dev.explora.cl\/maule\/wp-content\/uploads\/sites\/9\/2021\/07\/TALLER-PALEO-300x300.png\" alt=\"\" width=\"300\" height=\"300\" srcset=\"https:\/\/dev.explora.cl\/maule\/wp-content\/uploads\/sites\/9\/2021\/07\/TALLER-PALEO-300x300.png 300w, https:\/\/dev.explora.cl\/maule\/wp-content\/uploads\/sites\/9\/2021\/07\/TALLER-PALEO-150x150.png 150w, https:\/\/dev.explora.cl\/maule\/wp-content\/uploads\/sites\/9\/2021\/07\/TALLER-PALEO-768x768.png 768w, https:\/\/dev.explora.cl\/maule\/wp-content\/uploads\/sites\/9\/2021\/07\/TALLER-PALEO-1024x1024.png 1024w, https:\/\/dev.explora.cl\/maule\/wp-content\/uploads\/sites\/9\/2021\/07\/TALLER-PALEO-60x60.png 60w, https:\/\/dev.explora.cl\/maule\/wp-content\/uploads\/sites\/9\/2021\/07\/TALLER-PALEO.png 1080w\" sizes=\"auto, (max-width: 300px) 100vw, 300px\" \/>El s\u00e1bado 17 de julio desde las 10:00 horas, se realizar\u00e1 el taller \u201cViaje al pasado: creando f\u00f3siles\u201d, donde ni\u00f1os de seis a once a\u00f1os, aprender\u00e1n sobre la historia de algunos animales del pasado y c\u00f3mo se han llegado a reconstruir especies a partir de los hallazgos f\u00f3siles.<\/p>\n<p>Luego a las 12:00 horas, se realizar\u00e1 la experiencia \u201cCoheter\u00eda Espacial\u201d, que cuenta de una forma l\u00fadica la historia de los viajes espaciales, y tambi\u00e9n conceptos b\u00e1sicos para construir un cohete con materiales reciclados.<\/p>\n<p>\u201cLas actividades de RecreoExplora, est\u00e1n pensadas para que toda la familia tenga acceso a actividades l\u00fadicas, pero tambi\u00e9n educativas, que permitan conocer el mundo de la ciencia y la tecnolog\u00eda por medio de experiencias memorables de aprendizaje\u201d, indic\u00f3 Iv\u00e1n Coydan, director de Vinculaci\u00f3n con el Medio UTalca.<\/p>\n<p>Los talleres \u201cRecreo\u201d contin\u00faan el s\u00e1bado 24 de julio a las 10:00 horas, con la experiencia \u201cMi laboratorio gen\u00e9tico\u201d, por medio de experimentos sencillos de extracci\u00f3n de ADN, las y los participantes, aprender\u00e1n sobre la importancia de este \u00e1cido nucleico en las instrucciones gen\u00e9ticas usadas en el desarrollo y funcionamiento de todos los organismos vivos.<\/p>\n<p>Los talleres de vacaciones de invierno de Explora Maule UTalca, finalizar\u00e1n a las 12:00 horas con la experiencia \u201cMi propio submarino en casa\u201d, que ayuda a comprender el concepto de densidad y el principio de Arqu\u00edmedes para construir un submarino con materiales reciclados.<\/p>\n<p>Todos los talleres se dictar\u00e1n de forma on line por medio de la plataforma Zoom, son gratuitos, pero don cupos limitados. Las familias se pueden inscribir en este link: https:\/\/linktr.ee\/exploramaule , y en las redes sociales del proyecto Explora Maule.<\/p>\n<p><strong>Recreo Explora<\/strong><\/p>\n<p><img loading=\"lazy\" decoding=\"async\" class=\"size-medium wp-image-38854 alignright\" src=\"https:\/\/dev.explora.cl\/maule\/wp-content\/uploads\/sites\/9\/2021\/06\/RECREO-EXPLORA-1-300x300.png\" alt=\"\" width=\"300\" height=\"300\" srcset=\"https:\/\/dev.explora.cl\/maule\/wp-content\/uploads\/sites\/9\/2021\/06\/RECREO-EXPLORA-1-300x300.png 300w, https:\/\/dev.explora.cl\/maule\/wp-content\/uploads\/sites\/9\/2021\/06\/RECREO-EXPLORA-1-150x150.png 150w, https:\/\/dev.explora.cl\/maule\/wp-content\/uploads\/sites\/9\/2021\/06\/RECREO-EXPLORA-1-768x768.png 768w, https:\/\/dev.explora.cl\/maule\/wp-content\/uploads\/sites\/9\/2021\/06\/RECREO-EXPLORA-1-1024x1024.png 1024w, https:\/\/dev.explora.cl\/maule\/wp-content\/uploads\/sites\/9\/2021\/06\/RECREO-EXPLORA-1-60x60.png 60w, https:\/\/dev.explora.cl\/maule\/wp-content\/uploads\/sites\/9\/2021\/06\/RECREO-EXPLORA-1.png 1080w\" sizes=\"auto, (max-width: 300px) 100vw, 300px\" \/>Otra alternativa para entretener de manera educativa a los ni\u00f1os y ni\u00f1as en estas vacaciones de invierno es la plataforma <a href=\"http:\/\/www.recreodev.explora.cl\">www.recreodev.explora.cl<\/a>. En este sitio encontrar\u00e1n actividades gratuitas como: videojuegos, libros con realidad aumentada, audiocuentos y actividades manuales. Entre los estrenos para esta temporada de vacaciones, est\u00e1 la miniserie \u201c Uppa Animado\u201d, donde los m\u00e1s peque\u00f1os del hogar podr\u00e1n aprender de flora y fauna junto a Wedo e Ido, personajes del videojuego \u201cUppa: La Ciencia de Aprender juntos\u201d, creado por acad\u00e9micas de la Universidad de Talca.<\/p>\n<p>Otra novedad es el libro \u201c(Molinai) El Encuentro con la naturaleza\u201d, que por medio de lenguajes atractivos como el comic, \u00a0realidad aumentada y podcasts, ense\u00f1a sobre la vida y obra del Abate Juan Ignacio Molina, uno de los primeros cient\u00edficos de Chile, adem\u00e1s de contenidos sobre los ecosistemas y la biodiversidad de la zona central del Pa\u00eds.<\/p>\n<p>&nbsp;<\/p>\n","protected":false},"excerpt":{"rendered":"<p>A trav\u00e9s de coloridas ilustraciones que cobran vida gracias a una app para tel\u00e9fonos m\u00f3viles, audiorelatos y actividades para realizar en casa, Explora Maule de la Universidad de Talca, busca acercar el legado naturalista del primer cient\u00edfico de Chile a las nuevas generaciones.<\/p>\n","protected":false},"author":24,"featured_media":38885,"comment_status":"closed","ping_status":"closed","sticky":false,"template":"","format":"standard","meta":{"_acf_changed":false,"_exactmetrics_skip_tracking":false,"_exactmetrics_sitenote_active":false,"_exactmetrics_sitenote_note":"","_exactmetrics_sitenote_category":0,"footnotes":"","_links_to":"","_links_to_target":""},"categories":[139,4],"tags":[81,21,166,167,168],"class_list":["post-38884","post","type-post","status-publish","format-standard","has-post-thumbnail","hentry","category-lugar-4","category-noticias","tag-biodiversidad","tag-explora-conicyt","tag-exposicion","tag-maule","tag-natural"],"acf":[],"yoast_head":"<!-- This site is optimized with the Yoast SEO plugin v26.7 - https:\/\/yoast.com\/wordpress\/plugins\/seo\/ -->\n<title>Conoce los panoramas cient\u00edficos que tiene Explora Maule para las vacaciones de invierno - Maule<\/title>\n<meta name=\"robots\" content=\"index, follow, max-snippet:-1, max-image-preview:large, max-video-preview:-1\" \/>\n<link rel=\"canonical\" href=\"https:\/\/dev.explora.cl\/maule\/conoce-los-panoramas-cientificos-que-tiene-explora-maule-para-las-vacaciones-de-invierno\/\" class=\"yoast-seo-meta-tag\" \/>\n<meta property=\"og:locale\" content=\"es_ES\" class=\"yoast-seo-meta-tag\" \/>\n<meta property=\"og:type\" content=\"article\" class=\"yoast-seo-meta-tag\" \/>\n<meta property=\"og:title\" content=\"Conoce los panoramas cient\u00edficos que tiene Explora Maule para las vacaciones de invierno - Maule\" class=\"yoast-seo-meta-tag\" \/>\n<meta property=\"og:description\" content=\"A trav\u00e9s de coloridas ilustraciones que cobran vida gracias a una app para tel\u00e9fonos m\u00f3viles, audiorelatos y actividades para realizar en casa, Explora Maule de la Universidad de Talca, busca acercar el legado naturalista del primer cient\u00edfico de Chile a las nuevas generaciones.\" class=\"yoast-seo-meta-tag\" \/>\n<meta property=\"og:url\" content=\"https:\/\/dev.explora.cl\/maule\/conoce-los-panoramas-cientificos-que-tiene-explora-maule-para-las-vacaciones-de-invierno\/\" class=\"yoast-seo-meta-tag\" \/>\n<meta property=\"og:site_name\" content=\"Maule\" class=\"yoast-seo-meta-tag\" \/>\n<meta property=\"article:published_time\" content=\"2021-07-15T20:09:28+00:00\" class=\"yoast-seo-meta-tag\" \/>\n<meta property=\"article:modified_time\" content=\"2021-07-15T20:11:24+00:00\" class=\"yoast-seo-meta-tag\" \/>\n<meta property=\"og:image\" content=\"https:\/\/dev.explora.cl\/maule\/wp-content\/uploads\/sites\/9\/2021\/07\/IMG_6710-1024x768.jpg\" class=\"yoast-seo-meta-tag\" \/>\n\t<meta property=\"og:image:width\" content=\"1024\" class=\"yoast-seo-meta-tag\" \/>\n\t<meta property=\"og:image:height\" content=\"768\" class=\"yoast-seo-meta-tag\" \/>\n\t<meta property=\"og:image:type\" content=\"image\/jpeg\" class=\"yoast-seo-meta-tag\" \/>\n<meta name=\"author\" content=\"cpereira\" class=\"yoast-seo-meta-tag\" \/>\n<meta name=\"twitter:card\" content=\"summary_large_image\" class=\"yoast-seo-meta-tag\" \/>\n<meta name=\"twitter:label1\" content=\"Escrito por\" class=\"yoast-seo-meta-tag\" \/>\n\t<meta name=\"twitter:data1\" content=\"cpereira\" class=\"yoast-seo-meta-tag\" \/>\n\t<meta name=\"twitter:label2\" content=\"Tiempo estimado de lectura\" class=\"yoast-seo-meta-tag\" \/>\n\t<meta name=\"twitter:data2\" content=\"3 minutos\" class=\"yoast-seo-meta-tag\" \/>\n<script type=\"application\/ld+json\" class=\"yoast-schema-graph\">{\"@context\":\"https:\/\/schema.org\",\"@graph\":[{\"@type\":\"Article\",\"@id\":\"https:\/\/dev.explora.cl\/maule\/conoce-los-panoramas-cientificos-que-tiene-explora-maule-para-las-vacaciones-de-invierno\/#article\",\"isPartOf\":{\"@id\":\"https:\/\/dev.explora.cl\/maule\/conoce-los-panoramas-cientificos-que-tiene-explora-maule-para-las-vacaciones-de-invierno\/\"},\"author\":{\"name\":\"cpereira\",\"@id\":\"https:\/\/dev.explora.cl\/maule\/#\/schema\/person\/7c4a8d7da1b43fee83d990c08dd35f99\"},\"headline\":\"Conoce los panoramas cient\u00edficos que tiene Explora Maule para las vacaciones de invierno\",\"datePublished\":\"2021-07-15T20:09:28+00:00\",\"dateModified\":\"2021-07-15T20:11:24+00:00\",\"mainEntityOfPage\":{\"@id\":\"https:\/\/dev.explora.cl\/maule\/conoce-los-panoramas-cientificos-que-tiene-explora-maule-para-las-vacaciones-de-invierno\/\"},\"wordCount\":535,\"image\":{\"@id\":\"https:\/\/dev.explora.cl\/maule\/conoce-los-panoramas-cientificos-que-tiene-explora-maule-para-las-vacaciones-de-invierno\/#primaryimage\"},\"thumbnailUrl\":\"https:\/\/dev.explora.cl\/maule\/wp-content\/uploads\/sites\/9\/2021\/07\/IMG_6710.jpg\",\"keywords\":[\"biodiversidad\",\"Explora Conicyt\",\"Exposici\u00f3n\",\"Maule\",\"natural\"],\"articleSection\":[\"Lugar 4\",\"Noticias\"],\"inLanguage\":\"es-CL\"},{\"@type\":\"WebPage\",\"@id\":\"https:\/\/dev.explora.cl\/maule\/conoce-los-panoramas-cientificos-que-tiene-explora-maule-para-las-vacaciones-de-invierno\/\",\"url\":\"https:\/\/dev.explora.cl\/maule\/conoce-los-panoramas-cientificos-que-tiene-explora-maule-para-las-vacaciones-de-invierno\/\",\"name\":\"Conoce los panoramas cient\u00edficos que tiene Explora Maule para las vacaciones de invierno - Maule\",\"isPartOf\":{\"@id\":\"https:\/\/dev.explora.cl\/maule\/#website\"},\"primaryImageOfPage\":{\"@id\":\"https:\/\/dev.explora.cl\/maule\/conoce-los-panoramas-cientificos-que-tiene-explora-maule-para-las-vacaciones-de-invierno\/#primaryimage\"},\"image\":{\"@id\":\"https:\/\/dev.explora.cl\/maule\/conoce-los-panoramas-cientificos-que-tiene-explora-maule-para-las-vacaciones-de-invierno\/#primaryimage\"},\"thumbnailUrl\":\"https:\/\/dev.explora.cl\/maule\/wp-content\/uploads\/sites\/9\/2021\/07\/IMG_6710.jpg\",\"datePublished\":\"2021-07-15T20:09:28+00:00\",\"dateModified\":\"2021-07-15T20:11:24+00:00\",\"author\":{\"@id\":\"https:\/\/dev.explora.cl\/maule\/#\/schema\/person\/7c4a8d7da1b43fee83d990c08dd35f99\"},\"breadcrumb\":{\"@id\":\"https:\/\/dev.explora.cl\/maule\/conoce-los-panoramas-cientificos-que-tiene-explora-maule-para-las-vacaciones-de-invierno\/#breadcrumb\"},\"inLanguage\":\"es-CL\",\"potentialAction\":[{\"@type\":\"ReadAction\",\"target\":[\"https:\/\/dev.explora.cl\/maule\/conoce-los-panoramas-cientificos-que-tiene-explora-maule-para-las-vacaciones-de-invierno\/\"]}]},{\"@type\":\"ImageObject\",\"inLanguage\":\"es-CL\",\"@id\":\"https:\/\/dev.explora.cl\/maule\/conoce-los-panoramas-cientificos-que-tiene-explora-maule-para-las-vacaciones-de-invierno\/#primaryimage\",\"url\":\"https:\/\/dev.explora.cl\/maule\/wp-content\/uploads\/sites\/9\/2021\/07\/IMG_6710.jpg\",\"contentUrl\":\"https:\/\/dev.explora.cl\/maule\/wp-content\/uploads\/sites\/9\/2021\/07\/IMG_6710.jpg\",\"width\":4032,\"height\":3024},{\"@type\":\"BreadcrumbList\",\"@id\":\"https:\/\/dev.explora.cl\/maule\/conoce-los-panoramas-cientificos-que-tiene-explora-maule-para-las-vacaciones-de-invierno\/#breadcrumb\",\"itemListElement\":[{\"@type\":\"ListItem\",\"position\":1,\"name\":\"Portada\",\"item\":\"https:\/\/dev.explora.cl\/maule\/\"},{\"@type\":\"ListItem\",\"position\":2,\"name\":\"Conoce los panoramas cient\u00edficos que tiene Explora Maule para las vacaciones de invierno\"}]},{\"@type\":\"WebSite\",\"@id\":\"https:\/\/dev.explora.cl\/maule\/#website\",\"url\":\"https:\/\/dev.explora.cl\/maule\/\",\"name\":\"Maule\",\"description\":\"Otro sitio m\u00e1s de dev.explora.cl\",\"potentialAction\":[{\"@type\":\"SearchAction\",\"target\":{\"@type\":\"EntryPoint\",\"urlTemplate\":\"https:\/\/dev.explora.cl\/maule\/?s={search_term_string}\"},\"query-input\":{\"@type\":\"PropertyValueSpecification\",\"valueRequired\":true,\"valueName\":\"search_term_string\"}}],\"inLanguage\":\"es-CL\"},{\"@type\":\"Person\",\"@id\":\"https:\/\/dev.explora.cl\/maule\/#\/schema\/person\/7c4a8d7da1b43fee83d990c08dd35f99\",\"name\":\"cpereira\",\"image\":{\"@type\":\"ImageObject\",\"inLanguage\":\"es-CL\",\"@id\":\"https:\/\/dev.explora.cl\/maule\/#\/schema\/person\/image\/\",\"url\":\"https:\/\/secure.gravatar.com\/avatar\/b5fc66932e6c27119a245427f86f8c950201f3cbe1e64e508e0f7c39dc595157?s=96&d=mm&r=g\",\"contentUrl\":\"https:\/\/secure.gravatar.com\/avatar\/b5fc66932e6c27119a245427f86f8c950201f3cbe1e64e508e0f7c39dc595157?s=96&d=mm&r=g\",\"caption\":\"cpereira\"},\"url\":\"https:\/\/dev.explora.cl\/maule\/author\/cpereira\/\"}]}<\/script>\n<!-- \/ Yoast SEO plugin. -->","yoast_head_json":{"title":"Conoce los panoramas cient\u00edficos que tiene Explora Maule para las vacaciones de invierno - Maule","robots":{"index":"index","follow":"follow","max-snippet":"max-snippet:-1","max-image-preview":"max-image-preview:large","max-video-preview":"max-video-preview:-1"},"canonical":"https:\/\/dev.explora.cl\/maule\/conoce-los-panoramas-cientificos-que-tiene-explora-maule-para-las-vacaciones-de-invierno\/","og_locale":"es_ES","og_type":"article","og_title":"Conoce los panoramas cient\u00edficos que tiene Explora Maule para las vacaciones de invierno - Maule","og_description":"A trav\u00e9s de coloridas ilustraciones que cobran vida gracias a una app para tel\u00e9fonos m\u00f3viles, audiorelatos y actividades para realizar en casa, Explora Maule de la Universidad de Talca, busca acercar el legado naturalista del primer cient\u00edfico de Chile a las nuevas generaciones.","og_url":"https:\/\/dev.explora.cl\/maule\/conoce-los-panoramas-cientificos-que-tiene-explora-maule-para-las-vacaciones-de-invierno\/","og_site_name":"Maule","article_published_time":"2021-07-15T20:09:28+00:00","article_modified_time":"2021-07-15T20:11:24+00:00","og_image":[{"width":1024,"height":768,"url":"https:\/\/dev.explora.cl\/maule\/wp-content\/uploads\/sites\/9\/2021\/07\/IMG_6710-1024x768.jpg","type":"image\/jpeg"}],"author":"cpereira","twitter_card":"summary_large_image","twitter_misc":{"Escrito por":"cpereira","Tiempo estimado de lectura":"3 minutos"},"schema":{"@context":"https:\/\/schema.org","@graph":[{"@type":"Article","@id":"https:\/\/dev.explora.cl\/maule\/conoce-los-panoramas-cientificos-que-tiene-explora-maule-para-las-vacaciones-de-invierno\/#article","isPartOf":{"@id":"https:\/\/dev.explora.cl\/maule\/conoce-los-panoramas-cientificos-que-tiene-explora-maule-para-las-vacaciones-de-invierno\/"},"author":{"name":"cpereira","@id":"https:\/\/dev.explora.cl\/maule\/#\/schema\/person\/7c4a8d7da1b43fee83d990c08dd35f99"},"headline":"Conoce los panoramas cient\u00edficos que tiene Explora Maule para las vacaciones de invierno","datePublished":"2021-07-15T20:09:28+00:00","dateModified":"2021-07-15T20:11:24+00:00","mainEntityOfPage":{"@id":"https:\/\/dev.explora.cl\/maule\/conoce-los-panoramas-cientificos-que-tiene-explora-maule-para-las-vacaciones-de-invierno\/"},"wordCount":535,"image":{"@id":"https:\/\/dev.explora.cl\/maule\/conoce-los-panoramas-cientificos-que-tiene-explora-maule-para-las-vacaciones-de-invierno\/#primaryimage"},"thumbnailUrl":"https:\/\/dev.explora.cl\/maule\/wp-content\/uploads\/sites\/9\/2021\/07\/IMG_6710.jpg","keywords":["biodiversidad","Explora Conicyt","Exposici\u00f3n","Maule","natural"],"articleSection":["Lugar 4","Noticias"],"inLanguage":"es-CL"},{"@type":"WebPage","@id":"https:\/\/dev.explora.cl\/maule\/conoce-los-panoramas-cientificos-que-tiene-explora-maule-para-las-vacaciones-de-invierno\/","url":"https:\/\/dev.explora.cl\/maule\/conoce-los-panoramas-cientificos-que-tiene-explora-maule-para-las-vacaciones-de-invierno\/","name":"Conoce los panoramas cient\u00edficos que tiene Explora Maule para las vacaciones de invierno - Maule","isPartOf":{"@id":"https:\/\/dev.explora.cl\/maule\/#website"},"primaryImageOfPage":{"@id":"https:\/\/dev.explora.cl\/maule\/conoce-los-panoramas-cientificos-que-tiene-explora-maule-para-las-vacaciones-de-invierno\/#primaryimage"},"image":{"@id":"https:\/\/dev.explora.cl\/maule\/conoce-los-panoramas-cientificos-que-tiene-explora-maule-para-las-vacaciones-de-invierno\/#primaryimage"},"thumbnailUrl":"https:\/\/dev.explora.cl\/maule\/wp-content\/uploads\/sites\/9\/2021\/07\/IMG_6710.jpg","datePublished":"2021-07-15T20:09:28+00:00","dateModified":"2021-07-15T20:11:24+00:00","author":{"@id":"https:\/\/dev.explora.cl\/maule\/#\/schema\/person\/7c4a8d7da1b43fee83d990c08dd35f99"},"breadcrumb":{"@id":"https:\/\/dev.explora.cl\/maule\/conoce-los-panoramas-cientificos-que-tiene-explora-maule-para-las-vacaciones-de-invierno\/#breadcrumb"},"inLanguage":"es-CL","potentialAction":[{"@type":"ReadAction","target":["https:\/\/dev.explora.cl\/maule\/conoce-los-panoramas-cientificos-que-tiene-explora-maule-para-las-vacaciones-de-invierno\/"]}]},{"@type":"ImageObject","inLanguage":"es-CL","@id":"https:\/\/dev.explora.cl\/maule\/conoce-los-panoramas-cientificos-que-tiene-explora-maule-para-las-vacaciones-de-invierno\/#primaryimage","url":"https:\/\/dev.explora.cl\/maule\/wp-content\/uploads\/sites\/9\/2021\/07\/IMG_6710.jpg","contentUrl":"https:\/\/dev.explora.cl\/maule\/wp-content\/uploads\/sites\/9\/2021\/07\/IMG_6710.jpg","width":4032,"height":3024},{"@type":"BreadcrumbList","@id":"https:\/\/dev.explora.cl\/maule\/conoce-los-panoramas-cientificos-que-tiene-explora-maule-para-las-vacaciones-de-invierno\/#breadcrumb","itemListElement":[{"@type":"ListItem","position":1,"name":"Portada","item":"https:\/\/dev.explora.cl\/maule\/"},{"@type":"ListItem","position":2,"name":"Conoce los panoramas cient\u00edficos que tiene Explora Maule para las vacaciones de invierno"}]},{"@type":"WebSite","@id":"https:\/\/dev.explora.cl\/maule\/#website","url":"https:\/\/dev.explora.cl\/maule\/","name":"Maule","description":"Otro sitio m\u00e1s de dev.explora.cl","potentialAction":[{"@type":"SearchAction","target":{"@type":"EntryPoint","urlTemplate":"https:\/\/dev.explora.cl\/maule\/?s={search_term_string}"},"query-input":{"@type":"PropertyValueSpecification","valueRequired":true,"valueName":"search_term_string"}}],"inLanguage":"es-CL"},{"@type":"Person","@id":"https:\/\/dev.explora.cl\/maule\/#\/schema\/person\/7c4a8d7da1b43fee83d990c08dd35f99","name":"cpereira","image":{"@type":"ImageObject","inLanguage":"es-CL","@id":"https:\/\/dev.explora.cl\/maule\/#\/schema\/person\/image\/","url":"https:\/\/secure.gravatar.com\/avatar\/b5fc66932e6c27119a245427f86f8c950201f3cbe1e64e508e0f7c39dc595157?s=96&d=mm&r=g","contentUrl":"https:\/\/secure.gravatar.com\/avatar\/b5fc66932e6c27119a245427f86f8c950201f3cbe1e64e508e0f7c39dc595157?s=96&d=mm&r=g","caption":"cpereira"},"url":"https:\/\/dev.explora.cl\/maule\/author\/cpereira\/"}]}},"_links":{"self":[{"href":"https:\/\/dev.explora.cl\/maule\/wp-json\/wp\/v2\/posts\/38884","targetHints":{"allow":["GET"]}}],"collection":[{"href":"https:\/\/dev.explora.cl\/maule\/wp-json\/wp\/v2\/posts"}],"about":[{"href":"https:\/\/dev.explora.cl\/maule\/wp-json\/wp\/v2\/types\/post"}],"author":[{"embeddable":true,"href":"https:\/\/dev.explora.cl\/maule\/wp-json\/wp\/v2\/users\/24"}],"replies":[{"embeddable":true,"href":"https:\/\/dev.explora.cl\/maule\/wp-json\/wp\/v2\/comments?post=38884"}],"version-history":[{"count":1,"href":"https:\/\/dev.explora.cl\/maule\/wp-json\/wp\/v2\/posts\/38884\/revisions"}],"predecessor-version":[{"id":38887,"href":"https:\/\/dev.explora.cl\/maule\/wp-json\/wp\/v2\/posts\/38884\/revisions\/38887"}],"wp:featuredmedia":[{"embeddable":true,"href":"https:\/\/dev.explora.cl\/maule\/wp-json\/wp\/v2\/media\/38885"}],"wp:attachment":[{"href":"https:\/\/dev.explora.cl\/maule\/wp-json\/wp\/v2\/media?parent=38884"}],"wp:term":[{"taxonomy":"category","embeddable":true,"href":"https:\/\/dev.explora.cl\/maule\/wp-json\/wp\/v2\/categories?post=38884"},{"taxonomy":"post_tag","embeddable":true,"href":"https:\/\/dev.explora.cl\/maule\/wp-json\/wp\/v2\/tags?post=38884"}],"curies":[{"name":"wp","href":"https:\/\/api.w.org\/{rel}","templated":true}]}}