{"id":38736,"date":"2020-12-04T11:51:04","date_gmt":"2020-12-04T14:51:04","guid":{"rendered":"https:\/\/dev.explora.cl\/maule\/?p=38736"},"modified":"2020-12-04T11:53:46","modified_gmt":"2020-12-04T14:53:46","slug":"escolares-aprenden-a-investigar-sobre-matematicas","status":"publish","type":"post","link":"https:\/\/dev.explora.cl\/maule\/escolares-aprenden-a-investigar-sobre-matematicas\/","title":{"rendered":"Escolares aprenden a investigar sobre matem\u00e1ticas"},"content":{"rendered":"<h3>Actividad permiti\u00f3 que ni\u00f1os y ni\u00f1as de la comuna de Longav\u00ed mejoraran adem\u00e1s su rendimiento acad\u00e9mico.<\/h3>\n<p>Recrear la actividad cient\u00edfica que realiza una investigadora o investigador en matem\u00e1ticas, adem\u00e1s de potenciar las habilidades relacionadas a estas ciencias como son modelizar, experimentar y resolver problemas, fueron algunos de los objetivos que se plante\u00f3 el grupo \u201cRakin\u201d (contar en mapudungun),\u00a0 compuesto por estudiantes de la escuela Cardenal Jos\u00e9 Mar\u00eda Caro de Longav\u00ed, quienes junto a Ximena Colip\u00e1n, acad\u00e9mica de la Universidad de Talca, trabajaron en el proyecto \u201cUn problema de cuadrados\u201d .<\/p>\n<p>La investigaci\u00f3n, que form\u00f3 parte de la \u201cAcademia Maule Ciencia\u201d del programa Explora Maule de la Direcci\u00f3n General de Vinculaci\u00f3n con el Medio, permiti\u00f3 que los escolares se acercar\u00e1n a las matem\u00e1ticas, a trav\u00e9s de la resoluci\u00f3n de problemas, tal como los enfrentan las y los cient\u00edficos en un laboratorio universitario.<\/p>\n<p>El problema planteado fue: \u00bfCon cu\u00e1ntos cuadrados se puede embaldosar un cuadrado?, el proceso de b\u00fasqueda contempl\u00f3 reuniones virtuales con su asesora cient\u00edfica, discusiones pedag\u00f3gicas y construcci\u00f3n de esquemas predictivos, esto deriv\u00f3 a generar tres patrones algebraicos ( x<sup>2<\/sup>, 2x y 3x -2 ), \u00a0que resolvieron el embaldosado en una figura cuadrada.<\/p>\n<p>La Dra. Ximena Colip\u00e1n, acad\u00e9mica de la UTalca, \u00a0comenta: \u201cFue un gran desaf\u00edo trabajar con los estudiantes sobre todo por los problemas de conexi\u00f3n pero result\u00f3 muy enriquecedora, ya que potenciamos competencias que est\u00e1n presentes en el curr\u00edculum nacional y sobre todo motivarlos a resolver problemas\u201d, indic\u00f3 Colip\u00e1n.<\/p>\n<p><img loading=\"lazy\" decoding=\"async\" class=\"size-medium wp-image-38738 alignright\" src=\"https:\/\/dev.explora.cl\/maule\/wp-content\/uploads\/sites\/9\/2020\/12\/IMG_9866-300x225.jpg\" alt=\"\" width=\"300\" height=\"225\" srcset=\"https:\/\/dev.explora.cl\/maule\/wp-content\/uploads\/sites\/9\/2020\/12\/IMG_9866-300x225.jpg 300w, https:\/\/dev.explora.cl\/maule\/wp-content\/uploads\/sites\/9\/2020\/12\/IMG_9866-768x576.jpg 768w, https:\/\/dev.explora.cl\/maule\/wp-content\/uploads\/sites\/9\/2020\/12\/IMG_9866-1024x768.jpg 1024w\" sizes=\"auto, (max-width: 300px) 100vw, 300px\" \/>Para Karen Salgado, estudiantes del s\u00e9ptimo b\u00e1sico de la Esc. Cardenal Jos\u00e9 Mar\u00eda Caro, la experiencia permiti\u00f3 cambiar su mirada sobre las matem\u00e1ticas, como un conocimiento m\u00e1s accesible y amigable. \u201cAhora nos enfocaremos en buscar soluciones de problemas futuros, como los relacionados con los n\u00fameros primos, que se utilizan por ejemplo en la encriptaci\u00f3n de cuentas bancarias\u201d, se\u00f1al\u00f3.<\/p>\n<p>La Academia Maule Ciencia de Explora Maule permite el encuentro entre la comunidad cient\u00edfica, docentes y escolares, quienes en conjunto buscan soluciones por medio de proyectos o investigaciones a nivel escolar.<\/p>\n<p>Iv\u00e1n Coydan, Director de Vinculaci\u00f3n con el Medio, reflexion\u00f3 sobre esta triada virtuosa y sus impactos en las aulas del Maule. \u201cEste debe ser una de las instancias de vinculaci\u00f3n m\u00e1s potentes de nuestra Universidad, ya que vincula a nuestros investigadores desde sus practica principal que es la generaci\u00f3n de conocimiento con estudiantes que esperan convertirse en los futuros cient\u00edficos y cient\u00edficas de nuestro pa\u00eds\u201d.<\/p>\n<p><strong>\u00a0<\/strong><\/p>\n<p>&nbsp;<\/p>\n","protected":false},"excerpt":{"rendered":"<p>Actividad permiti\u00f3 que ni\u00f1os y ni\u00f1as de la comuna de Longav\u00ed mejoraran adem\u00e1s su rendimiento acad\u00e9mico.<\/p>\n","protected":false},"author":24,"featured_media":38737,"comment_status":"closed","ping_status":"closed","sticky":false,"template":"","format":"standard","meta":{"_acf_changed":false,"_exactmetrics_skip_tracking":false,"_exactmetrics_sitenote_active":false,"_exactmetrics_sitenote_note":"","_exactmetrics_sitenote_category":0,"footnotes":"","_links_to":"","_links_to_target":""},"categories":[139,4],"tags":[81,21,166,167,168],"class_list":["post-38736","post","type-post","status-publish","format-standard","has-post-thumbnail","hentry","category-lugar-4","category-noticias","tag-biodiversidad","tag-explora-conicyt","tag-exposicion","tag-maule","tag-natural"],"acf":[],"yoast_head":"<!-- This site is optimized with the Yoast SEO plugin v26.7 - https:\/\/yoast.com\/wordpress\/plugins\/seo\/ -->\n<title>Escolares aprenden a investigar sobre matem\u00e1ticas - Maule<\/title>\n<meta name=\"robots\" content=\"index, follow, max-snippet:-1, max-image-preview:large, max-video-preview:-1\" \/>\n<link rel=\"canonical\" href=\"https:\/\/dev.explora.cl\/maule\/escolares-aprenden-a-investigar-sobre-matematicas\/\" class=\"yoast-seo-meta-tag\" \/>\n<meta property=\"og:locale\" content=\"es_ES\" class=\"yoast-seo-meta-tag\" \/>\n<meta property=\"og:type\" content=\"article\" class=\"yoast-seo-meta-tag\" \/>\n<meta property=\"og:title\" content=\"Escolares aprenden a investigar sobre matem\u00e1ticas - Maule\" class=\"yoast-seo-meta-tag\" \/>\n<meta property=\"og:description\" content=\"Actividad permiti\u00f3 que ni\u00f1os y ni\u00f1as de la comuna de Longav\u00ed mejoraran adem\u00e1s su rendimiento acad\u00e9mico.\" class=\"yoast-seo-meta-tag\" \/>\n<meta property=\"og:url\" content=\"https:\/\/dev.explora.cl\/maule\/escolares-aprenden-a-investigar-sobre-matematicas\/\" class=\"yoast-seo-meta-tag\" \/>\n<meta property=\"og:site_name\" content=\"Maule\" class=\"yoast-seo-meta-tag\" \/>\n<meta property=\"article:published_time\" content=\"2020-12-04T14:51:04+00:00\" class=\"yoast-seo-meta-tag\" \/>\n<meta property=\"article:modified_time\" content=\"2020-12-04T14:53:46+00:00\" class=\"yoast-seo-meta-tag\" \/>\n<meta property=\"og:image\" content=\"https:\/\/dev.explora.cl\/maule\/wp-content\/uploads\/sites\/9\/2020\/12\/WhatsApp-Image-2020-12-04-at-10.09.29.jpeg\" class=\"yoast-seo-meta-tag\" \/>\n\t<meta property=\"og:image:width\" content=\"1280\" class=\"yoast-seo-meta-tag\" \/>\n\t<meta property=\"og:image:height\" content=\"1280\" class=\"yoast-seo-meta-tag\" \/>\n\t<meta property=\"og:image:type\" content=\"image\/jpeg\" class=\"yoast-seo-meta-tag\" \/>\n<meta name=\"author\" content=\"cpereira\" class=\"yoast-seo-meta-tag\" \/>\n<meta name=\"twitter:card\" content=\"summary_large_image\" class=\"yoast-seo-meta-tag\" \/>\n<meta name=\"twitter:label1\" content=\"Escrito por\" class=\"yoast-seo-meta-tag\" \/>\n\t<meta name=\"twitter:data1\" content=\"cpereira\" class=\"yoast-seo-meta-tag\" \/>\n\t<meta name=\"twitter:label2\" content=\"Tiempo estimado de lectura\" class=\"yoast-seo-meta-tag\" \/>\n\t<meta name=\"twitter:data2\" content=\"2 minutos\" class=\"yoast-seo-meta-tag\" \/>\n<script type=\"application\/ld+json\" class=\"yoast-schema-graph\">{\"@context\":\"https:\/\/schema.org\",\"@graph\":[{\"@type\":\"Article\",\"@id\":\"https:\/\/dev.explora.cl\/maule\/escolares-aprenden-a-investigar-sobre-matematicas\/#article\",\"isPartOf\":{\"@id\":\"https:\/\/dev.explora.cl\/maule\/escolares-aprenden-a-investigar-sobre-matematicas\/\"},\"author\":{\"name\":\"cpereira\",\"@id\":\"https:\/\/dev.explora.cl\/maule\/#\/schema\/person\/7c4a8d7da1b43fee83d990c08dd35f99\"},\"headline\":\"Escolares aprenden a investigar sobre matem\u00e1ticas\",\"datePublished\":\"2020-12-04T14:51:04+00:00\",\"dateModified\":\"2020-12-04T14:53:46+00:00\",\"mainEntityOfPage\":{\"@id\":\"https:\/\/dev.explora.cl\/maule\/escolares-aprenden-a-investigar-sobre-matematicas\/\"},\"wordCount\":447,\"image\":{\"@id\":\"https:\/\/dev.explora.cl\/maule\/escolares-aprenden-a-investigar-sobre-matematicas\/#primaryimage\"},\"thumbnailUrl\":\"https:\/\/dev.explora.cl\/maule\/wp-content\/uploads\/sites\/9\/2020\/12\/WhatsApp-Image-2020-12-04-at-10.09.29.jpeg\",\"keywords\":[\"biodiversidad\",\"Explora Conicyt\",\"Exposici\u00f3n\",\"Maule\",\"natural\"],\"articleSection\":[\"Lugar 4\",\"Noticias\"],\"inLanguage\":\"es-CL\"},{\"@type\":\"WebPage\",\"@id\":\"https:\/\/dev.explora.cl\/maule\/escolares-aprenden-a-investigar-sobre-matematicas\/\",\"url\":\"https:\/\/dev.explora.cl\/maule\/escolares-aprenden-a-investigar-sobre-matematicas\/\",\"name\":\"Escolares aprenden a investigar sobre matem\u00e1ticas - Maule\",\"isPartOf\":{\"@id\":\"https:\/\/dev.explora.cl\/maule\/#website\"},\"primaryImageOfPage\":{\"@id\":\"https:\/\/dev.explora.cl\/maule\/escolares-aprenden-a-investigar-sobre-matematicas\/#primaryimage\"},\"image\":{\"@id\":\"https:\/\/dev.explora.cl\/maule\/escolares-aprenden-a-investigar-sobre-matematicas\/#primaryimage\"},\"thumbnailUrl\":\"https:\/\/dev.explora.cl\/maule\/wp-content\/uploads\/sites\/9\/2020\/12\/WhatsApp-Image-2020-12-04-at-10.09.29.jpeg\",\"datePublished\":\"2020-12-04T14:51:04+00:00\",\"dateModified\":\"2020-12-04T14:53:46+00:00\",\"author\":{\"@id\":\"https:\/\/dev.explora.cl\/maule\/#\/schema\/person\/7c4a8d7da1b43fee83d990c08dd35f99\"},\"breadcrumb\":{\"@id\":\"https:\/\/dev.explora.cl\/maule\/escolares-aprenden-a-investigar-sobre-matematicas\/#breadcrumb\"},\"inLanguage\":\"es-CL\",\"potentialAction\":[{\"@type\":\"ReadAction\",\"target\":[\"https:\/\/dev.explora.cl\/maule\/escolares-aprenden-a-investigar-sobre-matematicas\/\"]}]},{\"@type\":\"ImageObject\",\"inLanguage\":\"es-CL\",\"@id\":\"https:\/\/dev.explora.cl\/maule\/escolares-aprenden-a-investigar-sobre-matematicas\/#primaryimage\",\"url\":\"https:\/\/dev.explora.cl\/maule\/wp-content\/uploads\/sites\/9\/2020\/12\/WhatsApp-Image-2020-12-04-at-10.09.29.jpeg\",\"contentUrl\":\"https:\/\/dev.explora.cl\/maule\/wp-content\/uploads\/sites\/9\/2020\/12\/WhatsApp-Image-2020-12-04-at-10.09.29.jpeg\",\"width\":1280,\"height\":1280},{\"@type\":\"BreadcrumbList\",\"@id\":\"https:\/\/dev.explora.cl\/maule\/escolares-aprenden-a-investigar-sobre-matematicas\/#breadcrumb\",\"itemListElement\":[{\"@type\":\"ListItem\",\"position\":1,\"name\":\"Portada\",\"item\":\"https:\/\/dev.explora.cl\/maule\/\"},{\"@type\":\"ListItem\",\"position\":2,\"name\":\"Escolares aprenden a investigar sobre matem\u00e1ticas\"}]},{\"@type\":\"WebSite\",\"@id\":\"https:\/\/dev.explora.cl\/maule\/#website\",\"url\":\"https:\/\/dev.explora.cl\/maule\/\",\"name\":\"Maule\",\"description\":\"Otro sitio m\u00e1s de dev.explora.cl\",\"potentialAction\":[{\"@type\":\"SearchAction\",\"target\":{\"@type\":\"EntryPoint\",\"urlTemplate\":\"https:\/\/dev.explora.cl\/maule\/?s={search_term_string}\"},\"query-input\":{\"@type\":\"PropertyValueSpecification\",\"valueRequired\":true,\"valueName\":\"search_term_string\"}}],\"inLanguage\":\"es-CL\"},{\"@type\":\"Person\",\"@id\":\"https:\/\/dev.explora.cl\/maule\/#\/schema\/person\/7c4a8d7da1b43fee83d990c08dd35f99\",\"name\":\"cpereira\",\"image\":{\"@type\":\"ImageObject\",\"inLanguage\":\"es-CL\",\"@id\":\"https:\/\/dev.explora.cl\/maule\/#\/schema\/person\/image\/\",\"url\":\"https:\/\/secure.gravatar.com\/avatar\/b5fc66932e6c27119a245427f86f8c950201f3cbe1e64e508e0f7c39dc595157?s=96&d=mm&r=g\",\"contentUrl\":\"https:\/\/secure.gravatar.com\/avatar\/b5fc66932e6c27119a245427f86f8c950201f3cbe1e64e508e0f7c39dc595157?s=96&d=mm&r=g\",\"caption\":\"cpereira\"},\"url\":\"https:\/\/dev.explora.cl\/maule\/author\/cpereira\/\"}]}<\/script>\n<!-- \/ Yoast SEO plugin. -->","yoast_head_json":{"title":"Escolares aprenden a investigar sobre matem\u00e1ticas - Maule","robots":{"index":"index","follow":"follow","max-snippet":"max-snippet:-1","max-image-preview":"max-image-preview:large","max-video-preview":"max-video-preview:-1"},"canonical":"https:\/\/dev.explora.cl\/maule\/escolares-aprenden-a-investigar-sobre-matematicas\/","og_locale":"es_ES","og_type":"article","og_title":"Escolares aprenden a investigar sobre matem\u00e1ticas - Maule","og_description":"Actividad permiti\u00f3 que ni\u00f1os y ni\u00f1as de la comuna de Longav\u00ed mejoraran adem\u00e1s su rendimiento acad\u00e9mico.","og_url":"https:\/\/dev.explora.cl\/maule\/escolares-aprenden-a-investigar-sobre-matematicas\/","og_site_name":"Maule","article_published_time":"2020-12-04T14:51:04+00:00","article_modified_time":"2020-12-04T14:53:46+00:00","og_image":[{"width":1280,"height":1280,"url":"https:\/\/dev.explora.cl\/maule\/wp-content\/uploads\/sites\/9\/2020\/12\/WhatsApp-Image-2020-12-04-at-10.09.29.jpeg","type":"image\/jpeg"}],"author":"cpereira","twitter_card":"summary_large_image","twitter_misc":{"Escrito por":"cpereira","Tiempo estimado de lectura":"2 minutos"},"schema":{"@context":"https:\/\/schema.org","@graph":[{"@type":"Article","@id":"https:\/\/dev.explora.cl\/maule\/escolares-aprenden-a-investigar-sobre-matematicas\/#article","isPartOf":{"@id":"https:\/\/dev.explora.cl\/maule\/escolares-aprenden-a-investigar-sobre-matematicas\/"},"author":{"name":"cpereira","@id":"https:\/\/dev.explora.cl\/maule\/#\/schema\/person\/7c4a8d7da1b43fee83d990c08dd35f99"},"headline":"Escolares aprenden a investigar sobre matem\u00e1ticas","datePublished":"2020-12-04T14:51:04+00:00","dateModified":"2020-12-04T14:53:46+00:00","mainEntityOfPage":{"@id":"https:\/\/dev.explora.cl\/maule\/escolares-aprenden-a-investigar-sobre-matematicas\/"},"wordCount":447,"image":{"@id":"https:\/\/dev.explora.cl\/maule\/escolares-aprenden-a-investigar-sobre-matematicas\/#primaryimage"},"thumbnailUrl":"https:\/\/dev.explora.cl\/maule\/wp-content\/uploads\/sites\/9\/2020\/12\/WhatsApp-Image-2020-12-04-at-10.09.29.jpeg","keywords":["biodiversidad","Explora Conicyt","Exposici\u00f3n","Maule","natural"],"articleSection":["Lugar 4","Noticias"],"inLanguage":"es-CL"},{"@type":"WebPage","@id":"https:\/\/dev.explora.cl\/maule\/escolares-aprenden-a-investigar-sobre-matematicas\/","url":"https:\/\/dev.explora.cl\/maule\/escolares-aprenden-a-investigar-sobre-matematicas\/","name":"Escolares aprenden a investigar sobre matem\u00e1ticas - Maule","isPartOf":{"@id":"https:\/\/dev.explora.cl\/maule\/#website"},"primaryImageOfPage":{"@id":"https:\/\/dev.explora.cl\/maule\/escolares-aprenden-a-investigar-sobre-matematicas\/#primaryimage"},"image":{"@id":"https:\/\/dev.explora.cl\/maule\/escolares-aprenden-a-investigar-sobre-matematicas\/#primaryimage"},"thumbnailUrl":"https:\/\/dev.explora.cl\/maule\/wp-content\/uploads\/sites\/9\/2020\/12\/WhatsApp-Image-2020-12-04-at-10.09.29.jpeg","datePublished":"2020-12-04T14:51:04+00:00","dateModified":"2020-12-04T14:53:46+00:00","author":{"@id":"https:\/\/dev.explora.cl\/maule\/#\/schema\/person\/7c4a8d7da1b43fee83d990c08dd35f99"},"breadcrumb":{"@id":"https:\/\/dev.explora.cl\/maule\/escolares-aprenden-a-investigar-sobre-matematicas\/#breadcrumb"},"inLanguage":"es-CL","potentialAction":[{"@type":"ReadAction","target":["https:\/\/dev.explora.cl\/maule\/escolares-aprenden-a-investigar-sobre-matematicas\/"]}]},{"@type":"ImageObject","inLanguage":"es-CL","@id":"https:\/\/dev.explora.cl\/maule\/escolares-aprenden-a-investigar-sobre-matematicas\/#primaryimage","url":"https:\/\/dev.explora.cl\/maule\/wp-content\/uploads\/sites\/9\/2020\/12\/WhatsApp-Image-2020-12-04-at-10.09.29.jpeg","contentUrl":"https:\/\/dev.explora.cl\/maule\/wp-content\/uploads\/sites\/9\/2020\/12\/WhatsApp-Image-2020-12-04-at-10.09.29.jpeg","width":1280,"height":1280},{"@type":"BreadcrumbList","@id":"https:\/\/dev.explora.cl\/maule\/escolares-aprenden-a-investigar-sobre-matematicas\/#breadcrumb","itemListElement":[{"@type":"ListItem","position":1,"name":"Portada","item":"https:\/\/dev.explora.cl\/maule\/"},{"@type":"ListItem","position":2,"name":"Escolares aprenden a investigar sobre matem\u00e1ticas"}]},{"@type":"WebSite","@id":"https:\/\/dev.explora.cl\/maule\/#website","url":"https:\/\/dev.explora.cl\/maule\/","name":"Maule","description":"Otro sitio m\u00e1s de dev.explora.cl","potentialAction":[{"@type":"SearchAction","target":{"@type":"EntryPoint","urlTemplate":"https:\/\/dev.explora.cl\/maule\/?s={search_term_string}"},"query-input":{"@type":"PropertyValueSpecification","valueRequired":true,"valueName":"search_term_string"}}],"inLanguage":"es-CL"},{"@type":"Person","@id":"https:\/\/dev.explora.cl\/maule\/#\/schema\/person\/7c4a8d7da1b43fee83d990c08dd35f99","name":"cpereira","image":{"@type":"ImageObject","inLanguage":"es-CL","@id":"https:\/\/dev.explora.cl\/maule\/#\/schema\/person\/image\/","url":"https:\/\/secure.gravatar.com\/avatar\/b5fc66932e6c27119a245427f86f8c950201f3cbe1e64e508e0f7c39dc595157?s=96&d=mm&r=g","contentUrl":"https:\/\/secure.gravatar.com\/avatar\/b5fc66932e6c27119a245427f86f8c950201f3cbe1e64e508e0f7c39dc595157?s=96&d=mm&r=g","caption":"cpereira"},"url":"https:\/\/dev.explora.cl\/maule\/author\/cpereira\/"}]}},"_links":{"self":[{"href":"https:\/\/dev.explora.cl\/maule\/wp-json\/wp\/v2\/posts\/38736","targetHints":{"allow":["GET"]}}],"collection":[{"href":"https:\/\/dev.explora.cl\/maule\/wp-json\/wp\/v2\/posts"}],"about":[{"href":"https:\/\/dev.explora.cl\/maule\/wp-json\/wp\/v2\/types\/post"}],"author":[{"embeddable":true,"href":"https:\/\/dev.explora.cl\/maule\/wp-json\/wp\/v2\/users\/24"}],"replies":[{"embeddable":true,"href":"https:\/\/dev.explora.cl\/maule\/wp-json\/wp\/v2\/comments?post=38736"}],"version-history":[{"count":2,"href":"https:\/\/dev.explora.cl\/maule\/wp-json\/wp\/v2\/posts\/38736\/revisions"}],"predecessor-version":[{"id":38740,"href":"https:\/\/dev.explora.cl\/maule\/wp-json\/wp\/v2\/posts\/38736\/revisions\/38740"}],"wp:featuredmedia":[{"embeddable":true,"href":"https:\/\/dev.explora.cl\/maule\/wp-json\/wp\/v2\/media\/38737"}],"wp:attachment":[{"href":"https:\/\/dev.explora.cl\/maule\/wp-json\/wp\/v2\/media?parent=38736"}],"wp:term":[{"taxonomy":"category","embeddable":true,"href":"https:\/\/dev.explora.cl\/maule\/wp-json\/wp\/v2\/categories?post=38736"},{"taxonomy":"post_tag","embeddable":true,"href":"https:\/\/dev.explora.cl\/maule\/wp-json\/wp\/v2\/tags?post=38736"}],"curies":[{"name":"wp","href":"https:\/\/api.w.org\/{rel}","templated":true}]}}