{"id":38717,"date":"2020-11-18T15:58:49","date_gmt":"2020-11-18T18:58:49","guid":{"rendered":"https:\/\/dev.explora.cl\/maule\/?p=38717"},"modified":"2020-11-18T15:58:49","modified_gmt":"2020-11-18T18:58:49","slug":"el-maule-celebro-la-ciencia-y-el-conocimiento-en-feci-2020","status":"publish","type":"post","link":"https:\/\/dev.explora.cl\/maule\/el-maule-celebro-la-ciencia-y-el-conocimiento-en-feci-2020\/","title":{"rendered":"El Maule celebr\u00f3 la ciencia y el conocimiento en FECI 2020"},"content":{"rendered":"<h3><em>Inteligencia artificial,\u00a0 agricultura del futuro y la educaci\u00f3n en contextos de emergencias fueron algunos de los temas que se abordaron en el principal evento de divulgaci\u00f3n cient\u00edfica de la Regi\u00f3n.<\/em><\/h3>\n<p>Cinco d\u00edas de ciencia y tecnolog\u00eda se vivieron en la Regi\u00f3n, gracias a la segunda versi\u00f3n del Festival de la Ciencia (FECI), organizado por el programa Explora Maule de la Direcci\u00f3n General de Vinculaci\u00f3n y transmitido v\u00eda online.<\/p>\n<p>El evento, cuyos contenidos se pueden revisar en la plataforma <a href=\"https:\/\/dev.explora.cl\/maule\">dev.explora.cl\/maule<\/a>, convoc\u00f3 a cientos de personas de diversas edades y lugares quienes participaron de las m\u00e1s de 17 actividades entre talleres, charlas y espect\u00e1culos de ciencia, preparados por destacados cient\u00edficos y cient\u00edficas tanto de la Universidad de Talca como de otras once instituciones de Educaci\u00f3n Superior, centros de Investigaci\u00f3n, laboratorios, ONG\u00b4s y Museos ligados a la divulgaci\u00f3n y popularizaci\u00f3n de la ciencia y la tecnolog\u00eda.<\/p>\n<p><img loading=\"lazy\" decoding=\"async\" class=\" wp-image-38719 alignright\" src=\"https:\/\/dev.explora.cl\/maule\/wp-content\/uploads\/sites\/9\/2020\/11\/Gomberoff-Coydan-300x173.jpeg\" alt=\"\" width=\"324\" height=\"187\" srcset=\"https:\/\/dev.explora.cl\/maule\/wp-content\/uploads\/sites\/9\/2020\/11\/Gomberoff-Coydan-300x173.jpeg 300w, https:\/\/dev.explora.cl\/maule\/wp-content\/uploads\/sites\/9\/2020\/11\/Gomberoff-Coydan-768x442.jpeg 768w, https:\/\/dev.explora.cl\/maule\/wp-content\/uploads\/sites\/9\/2020\/11\/Gomberoff-Coydan-1024x589.jpeg 1024w, https:\/\/dev.explora.cl\/maule\/wp-content\/uploads\/sites\/9\/2020\/11\/Gomberoff-Coydan.jpeg 1147w\" sizes=\"auto, (max-width: 324px) 100vw, 324px\" \/>Entre los n\u00fameros m\u00e1s esperados por las audiencias, destacaron la charla \u201cM\u00fasica del Cosmos\u201d, que present\u00f3 el escritor cient\u00edfico e investigador del Centros de Estudios Cient\u00edficos, Andr\u00e9s Gomberoff, quien utiliz\u00f3 canciones de The Beatles para explicar leyes de la f\u00edsica.<\/p>\n<p>Otro de los puntos altos fue la presentaci\u00f3n de Barbarita Lara, ingeniera chilena y una de las emprendedoras tecnol\u00f3gicas de mayor proyecci\u00f3n internacional, en su inspiradora presentaci\u00f3n promovi\u00f3 la participaci\u00f3n de las mujeres en ciencia.<\/p>\n<p>Para el director General de Vinculaci\u00f3n con el Medio UTalca, Iv\u00e1n Coydan, a trav\u00e9s de un lenguaje l\u00fadico e innovador el FECI permiti\u00f3 acercar el trabajo de investigadores a la comunidad, la cual no tiene mayor acceso a este tipo de actividades.<\/p>\n<p>\u201cDise\u00f1amos una parrilla program\u00e1tica para que toda la familia accediera a experiencias memorables que les permitieran de una forma apropiarse de los contenidos cient\u00edficos, pero tambi\u00e9n experimentar\u00e1n en casa y potenciaran su curiosidad natural por acceder al conocimiento\u201d, indic\u00f3 el directivo.<\/p>\n<p>Unos de los espacios virtuales m\u00e1s populares de esta versi\u00f3n de FECI Maule 2020 fue \u201cLa Ciencia que entretiene\u201d, en el cual el acad\u00e9mico de la Escuela de Ingenier\u00eda en Videojuegos y Realidad Virtual, Pablo Rojas, quien ense\u00f1\u00f3 a programar por medio de talleres pr\u00e1cticos efectuados en base a la metodolog\u00eda\u201d aprender haciendo\u201d.<\/p>\n<p>Por su parte, la acad\u00e9mica del Instituto de Qu\u00edmica UTalca, Zoraya L\u00f3pez, utiliz\u00f3 su experiencia en divulgaci\u00f3n cient\u00edfica para crear \u201cTodo es Qu\u00edmica\u201d, un taller donde mostr\u00f3 fen\u00f3menos naturales a trav\u00e9s de divertidos experimentos.<\/p>\n<p>\u201cSi anhelamos que la ciencia y la tecnolog\u00eda formen parte de nuestra cultura, debemos impulsar actividades y estrategias que acerquen la ciencia a toda la familia. La promoci\u00f3n de actividades l\u00fadicas con contenidos impactantes donde se produzca la participaci\u00f3n y el encuentro entre personas es significativo en el proceso de acercar la ciencia a toda la sociedad\u201d, coment\u00f3 la investigadora.<\/p>\n","protected":false},"excerpt":{"rendered":"<p>Inteligencia artificial,\u00a0 agricultura del futuro y la educaci\u00f3n en contextos de emergencias fueron algunos de los temas que se abordaron en el principal evento de divulgaci\u00f3n cient\u00edfica de la Regi\u00f3n.<\/p>\n","protected":false},"author":24,"featured_media":38718,"comment_status":"closed","ping_status":"closed","sticky":false,"template":"","format":"standard","meta":{"_acf_changed":false,"_exactmetrics_skip_tracking":false,"_exactmetrics_sitenote_active":false,"_exactmetrics_sitenote_note":"","_exactmetrics_sitenote_category":0,"footnotes":"","_links_to":"","_links_to_target":""},"categories":[139,4],"tags":[81,21,166,167,168],"class_list":["post-38717","post","type-post","status-publish","format-standard","has-post-thumbnail","hentry","category-lugar-4","category-noticias","tag-biodiversidad","tag-explora-conicyt","tag-exposicion","tag-maule","tag-natural"],"acf":[],"yoast_head":"<!-- This site is optimized with the Yoast SEO plugin v26.7 - https:\/\/yoast.com\/wordpress\/plugins\/seo\/ -->\n<title>El Maule celebr\u00f3 la ciencia y el conocimiento en FECI 2020 - Maule<\/title>\n<meta name=\"robots\" content=\"index, follow, max-snippet:-1, max-image-preview:large, max-video-preview:-1\" \/>\n<link rel=\"canonical\" href=\"https:\/\/dev.explora.cl\/maule\/el-maule-celebro-la-ciencia-y-el-conocimiento-en-feci-2020\/\" class=\"yoast-seo-meta-tag\" \/>\n<meta property=\"og:locale\" content=\"es_ES\" class=\"yoast-seo-meta-tag\" \/>\n<meta property=\"og:type\" content=\"article\" class=\"yoast-seo-meta-tag\" \/>\n<meta property=\"og:title\" content=\"El Maule celebr\u00f3 la ciencia y el conocimiento en FECI 2020 - Maule\" class=\"yoast-seo-meta-tag\" \/>\n<meta property=\"og:description\" content=\"Inteligencia artificial,\u00a0 agricultura del futuro y la educaci\u00f3n en contextos de emergencias fueron algunos de los temas que se abordaron en el principal evento de divulgaci\u00f3n cient\u00edfica de la Regi\u00f3n.\" class=\"yoast-seo-meta-tag\" \/>\n<meta property=\"og:url\" content=\"https:\/\/dev.explora.cl\/maule\/el-maule-celebro-la-ciencia-y-el-conocimiento-en-feci-2020\/\" class=\"yoast-seo-meta-tag\" \/>\n<meta property=\"og:site_name\" content=\"Maule\" class=\"yoast-seo-meta-tag\" \/>\n<meta property=\"article:published_time\" content=\"2020-11-18T18:58:49+00:00\" class=\"yoast-seo-meta-tag\" \/>\n<meta property=\"og:image\" content=\"https:\/\/dev.explora.cl\/maule\/wp-content\/uploads\/sites\/9\/2020\/11\/zoraya.jpg\" class=\"yoast-seo-meta-tag\" \/>\n\t<meta property=\"og:image:width\" content=\"1280\" class=\"yoast-seo-meta-tag\" \/>\n\t<meta property=\"og:image:height\" content=\"720\" class=\"yoast-seo-meta-tag\" \/>\n\t<meta property=\"og:image:type\" content=\"image\/jpeg\" class=\"yoast-seo-meta-tag\" \/>\n<meta name=\"author\" content=\"cpereira\" class=\"yoast-seo-meta-tag\" \/>\n<meta name=\"twitter:card\" content=\"summary_large_image\" class=\"yoast-seo-meta-tag\" \/>\n<meta name=\"twitter:label1\" content=\"Escrito por\" class=\"yoast-seo-meta-tag\" \/>\n\t<meta name=\"twitter:data1\" content=\"cpereira\" class=\"yoast-seo-meta-tag\" \/>\n\t<meta name=\"twitter:label2\" content=\"Tiempo estimado de lectura\" class=\"yoast-seo-meta-tag\" \/>\n\t<meta name=\"twitter:data2\" content=\"3 minutos\" class=\"yoast-seo-meta-tag\" \/>\n<script type=\"application\/ld+json\" class=\"yoast-schema-graph\">{\"@context\":\"https:\/\/schema.org\",\"@graph\":[{\"@type\":\"Article\",\"@id\":\"https:\/\/dev.explora.cl\/maule\/el-maule-celebro-la-ciencia-y-el-conocimiento-en-feci-2020\/#article\",\"isPartOf\":{\"@id\":\"https:\/\/dev.explora.cl\/maule\/el-maule-celebro-la-ciencia-y-el-conocimiento-en-feci-2020\/\"},\"author\":{\"name\":\"cpereira\",\"@id\":\"https:\/\/dev.explora.cl\/maule\/#\/schema\/person\/7c4a8d7da1b43fee83d990c08dd35f99\"},\"headline\":\"El Maule celebr\u00f3 la ciencia y el conocimiento en FECI 2020\",\"datePublished\":\"2020-11-18T18:58:49+00:00\",\"mainEntityOfPage\":{\"@id\":\"https:\/\/dev.explora.cl\/maule\/el-maule-celebro-la-ciencia-y-el-conocimiento-en-feci-2020\/\"},\"wordCount\":519,\"image\":{\"@id\":\"https:\/\/dev.explora.cl\/maule\/el-maule-celebro-la-ciencia-y-el-conocimiento-en-feci-2020\/#primaryimage\"},\"thumbnailUrl\":\"https:\/\/dev.explora.cl\/maule\/wp-content\/uploads\/sites\/9\/2020\/11\/zoraya.jpg\",\"keywords\":[\"biodiversidad\",\"Explora Conicyt\",\"Exposici\u00f3n\",\"Maule\",\"natural\"],\"articleSection\":[\"Lugar 4\",\"Noticias\"],\"inLanguage\":\"es-CL\"},{\"@type\":\"WebPage\",\"@id\":\"https:\/\/dev.explora.cl\/maule\/el-maule-celebro-la-ciencia-y-el-conocimiento-en-feci-2020\/\",\"url\":\"https:\/\/dev.explora.cl\/maule\/el-maule-celebro-la-ciencia-y-el-conocimiento-en-feci-2020\/\",\"name\":\"El Maule celebr\u00f3 la ciencia y el conocimiento en FECI 2020 - Maule\",\"isPartOf\":{\"@id\":\"https:\/\/dev.explora.cl\/maule\/#website\"},\"primaryImageOfPage\":{\"@id\":\"https:\/\/dev.explora.cl\/maule\/el-maule-celebro-la-ciencia-y-el-conocimiento-en-feci-2020\/#primaryimage\"},\"image\":{\"@id\":\"https:\/\/dev.explora.cl\/maule\/el-maule-celebro-la-ciencia-y-el-conocimiento-en-feci-2020\/#primaryimage\"},\"thumbnailUrl\":\"https:\/\/dev.explora.cl\/maule\/wp-content\/uploads\/sites\/9\/2020\/11\/zoraya.jpg\",\"datePublished\":\"2020-11-18T18:58:49+00:00\",\"author\":{\"@id\":\"https:\/\/dev.explora.cl\/maule\/#\/schema\/person\/7c4a8d7da1b43fee83d990c08dd35f99\"},\"breadcrumb\":{\"@id\":\"https:\/\/dev.explora.cl\/maule\/el-maule-celebro-la-ciencia-y-el-conocimiento-en-feci-2020\/#breadcrumb\"},\"inLanguage\":\"es-CL\",\"potentialAction\":[{\"@type\":\"ReadAction\",\"target\":[\"https:\/\/dev.explora.cl\/maule\/el-maule-celebro-la-ciencia-y-el-conocimiento-en-feci-2020\/\"]}]},{\"@type\":\"ImageObject\",\"inLanguage\":\"es-CL\",\"@id\":\"https:\/\/dev.explora.cl\/maule\/el-maule-celebro-la-ciencia-y-el-conocimiento-en-feci-2020\/#primaryimage\",\"url\":\"https:\/\/dev.explora.cl\/maule\/wp-content\/uploads\/sites\/9\/2020\/11\/zoraya.jpg\",\"contentUrl\":\"https:\/\/dev.explora.cl\/maule\/wp-content\/uploads\/sites\/9\/2020\/11\/zoraya.jpg\",\"width\":1280,\"height\":720},{\"@type\":\"BreadcrumbList\",\"@id\":\"https:\/\/dev.explora.cl\/maule\/el-maule-celebro-la-ciencia-y-el-conocimiento-en-feci-2020\/#breadcrumb\",\"itemListElement\":[{\"@type\":\"ListItem\",\"position\":1,\"name\":\"Portada\",\"item\":\"https:\/\/dev.explora.cl\/maule\/\"},{\"@type\":\"ListItem\",\"position\":2,\"name\":\"El Maule celebr\u00f3 la ciencia y el conocimiento en FECI 2020\"}]},{\"@type\":\"WebSite\",\"@id\":\"https:\/\/dev.explora.cl\/maule\/#website\",\"url\":\"https:\/\/dev.explora.cl\/maule\/\",\"name\":\"Maule\",\"description\":\"Otro sitio m\u00e1s de dev.explora.cl\",\"potentialAction\":[{\"@type\":\"SearchAction\",\"target\":{\"@type\":\"EntryPoint\",\"urlTemplate\":\"https:\/\/dev.explora.cl\/maule\/?s={search_term_string}\"},\"query-input\":{\"@type\":\"PropertyValueSpecification\",\"valueRequired\":true,\"valueName\":\"search_term_string\"}}],\"inLanguage\":\"es-CL\"},{\"@type\":\"Person\",\"@id\":\"https:\/\/dev.explora.cl\/maule\/#\/schema\/person\/7c4a8d7da1b43fee83d990c08dd35f99\",\"name\":\"cpereira\",\"image\":{\"@type\":\"ImageObject\",\"inLanguage\":\"es-CL\",\"@id\":\"https:\/\/dev.explora.cl\/maule\/#\/schema\/person\/image\/\",\"url\":\"https:\/\/secure.gravatar.com\/avatar\/b5fc66932e6c27119a245427f86f8c950201f3cbe1e64e508e0f7c39dc595157?s=96&d=mm&r=g\",\"contentUrl\":\"https:\/\/secure.gravatar.com\/avatar\/b5fc66932e6c27119a245427f86f8c950201f3cbe1e64e508e0f7c39dc595157?s=96&d=mm&r=g\",\"caption\":\"cpereira\"},\"url\":\"https:\/\/dev.explora.cl\/maule\/author\/cpereira\/\"}]}<\/script>\n<!-- \/ Yoast SEO plugin. -->","yoast_head_json":{"title":"El Maule celebr\u00f3 la ciencia y el conocimiento en FECI 2020 - Maule","robots":{"index":"index","follow":"follow","max-snippet":"max-snippet:-1","max-image-preview":"max-image-preview:large","max-video-preview":"max-video-preview:-1"},"canonical":"https:\/\/dev.explora.cl\/maule\/el-maule-celebro-la-ciencia-y-el-conocimiento-en-feci-2020\/","og_locale":"es_ES","og_type":"article","og_title":"El Maule celebr\u00f3 la ciencia y el conocimiento en FECI 2020 - Maule","og_description":"Inteligencia artificial,\u00a0 agricultura del futuro y la educaci\u00f3n en contextos de emergencias fueron algunos de los temas que se abordaron en el principal evento de divulgaci\u00f3n cient\u00edfica de la Regi\u00f3n.","og_url":"https:\/\/dev.explora.cl\/maule\/el-maule-celebro-la-ciencia-y-el-conocimiento-en-feci-2020\/","og_site_name":"Maule","article_published_time":"2020-11-18T18:58:49+00:00","og_image":[{"width":1280,"height":720,"url":"https:\/\/dev.explora.cl\/maule\/wp-content\/uploads\/sites\/9\/2020\/11\/zoraya.jpg","type":"image\/jpeg"}],"author":"cpereira","twitter_card":"summary_large_image","twitter_misc":{"Escrito por":"cpereira","Tiempo estimado de lectura":"3 minutos"},"schema":{"@context":"https:\/\/schema.org","@graph":[{"@type":"Article","@id":"https:\/\/dev.explora.cl\/maule\/el-maule-celebro-la-ciencia-y-el-conocimiento-en-feci-2020\/#article","isPartOf":{"@id":"https:\/\/dev.explora.cl\/maule\/el-maule-celebro-la-ciencia-y-el-conocimiento-en-feci-2020\/"},"author":{"name":"cpereira","@id":"https:\/\/dev.explora.cl\/maule\/#\/schema\/person\/7c4a8d7da1b43fee83d990c08dd35f99"},"headline":"El Maule celebr\u00f3 la ciencia y el conocimiento en FECI 2020","datePublished":"2020-11-18T18:58:49+00:00","mainEntityOfPage":{"@id":"https:\/\/dev.explora.cl\/maule\/el-maule-celebro-la-ciencia-y-el-conocimiento-en-feci-2020\/"},"wordCount":519,"image":{"@id":"https:\/\/dev.explora.cl\/maule\/el-maule-celebro-la-ciencia-y-el-conocimiento-en-feci-2020\/#primaryimage"},"thumbnailUrl":"https:\/\/dev.explora.cl\/maule\/wp-content\/uploads\/sites\/9\/2020\/11\/zoraya.jpg","keywords":["biodiversidad","Explora Conicyt","Exposici\u00f3n","Maule","natural"],"articleSection":["Lugar 4","Noticias"],"inLanguage":"es-CL"},{"@type":"WebPage","@id":"https:\/\/dev.explora.cl\/maule\/el-maule-celebro-la-ciencia-y-el-conocimiento-en-feci-2020\/","url":"https:\/\/dev.explora.cl\/maule\/el-maule-celebro-la-ciencia-y-el-conocimiento-en-feci-2020\/","name":"El Maule celebr\u00f3 la ciencia y el conocimiento en FECI 2020 - Maule","isPartOf":{"@id":"https:\/\/dev.explora.cl\/maule\/#website"},"primaryImageOfPage":{"@id":"https:\/\/dev.explora.cl\/maule\/el-maule-celebro-la-ciencia-y-el-conocimiento-en-feci-2020\/#primaryimage"},"image":{"@id":"https:\/\/dev.explora.cl\/maule\/el-maule-celebro-la-ciencia-y-el-conocimiento-en-feci-2020\/#primaryimage"},"thumbnailUrl":"https:\/\/dev.explora.cl\/maule\/wp-content\/uploads\/sites\/9\/2020\/11\/zoraya.jpg","datePublished":"2020-11-18T18:58:49+00:00","author":{"@id":"https:\/\/dev.explora.cl\/maule\/#\/schema\/person\/7c4a8d7da1b43fee83d990c08dd35f99"},"breadcrumb":{"@id":"https:\/\/dev.explora.cl\/maule\/el-maule-celebro-la-ciencia-y-el-conocimiento-en-feci-2020\/#breadcrumb"},"inLanguage":"es-CL","potentialAction":[{"@type":"ReadAction","target":["https:\/\/dev.explora.cl\/maule\/el-maule-celebro-la-ciencia-y-el-conocimiento-en-feci-2020\/"]}]},{"@type":"ImageObject","inLanguage":"es-CL","@id":"https:\/\/dev.explora.cl\/maule\/el-maule-celebro-la-ciencia-y-el-conocimiento-en-feci-2020\/#primaryimage","url":"https:\/\/dev.explora.cl\/maule\/wp-content\/uploads\/sites\/9\/2020\/11\/zoraya.jpg","contentUrl":"https:\/\/dev.explora.cl\/maule\/wp-content\/uploads\/sites\/9\/2020\/11\/zoraya.jpg","width":1280,"height":720},{"@type":"BreadcrumbList","@id":"https:\/\/dev.explora.cl\/maule\/el-maule-celebro-la-ciencia-y-el-conocimiento-en-feci-2020\/#breadcrumb","itemListElement":[{"@type":"ListItem","position":1,"name":"Portada","item":"https:\/\/dev.explora.cl\/maule\/"},{"@type":"ListItem","position":2,"name":"El Maule celebr\u00f3 la ciencia y el conocimiento en FECI 2020"}]},{"@type":"WebSite","@id":"https:\/\/dev.explora.cl\/maule\/#website","url":"https:\/\/dev.explora.cl\/maule\/","name":"Maule","description":"Otro sitio m\u00e1s de dev.explora.cl","potentialAction":[{"@type":"SearchAction","target":{"@type":"EntryPoint","urlTemplate":"https:\/\/dev.explora.cl\/maule\/?s={search_term_string}"},"query-input":{"@type":"PropertyValueSpecification","valueRequired":true,"valueName":"search_term_string"}}],"inLanguage":"es-CL"},{"@type":"Person","@id":"https:\/\/dev.explora.cl\/maule\/#\/schema\/person\/7c4a8d7da1b43fee83d990c08dd35f99","name":"cpereira","image":{"@type":"ImageObject","inLanguage":"es-CL","@id":"https:\/\/dev.explora.cl\/maule\/#\/schema\/person\/image\/","url":"https:\/\/secure.gravatar.com\/avatar\/b5fc66932e6c27119a245427f86f8c950201f3cbe1e64e508e0f7c39dc595157?s=96&d=mm&r=g","contentUrl":"https:\/\/secure.gravatar.com\/avatar\/b5fc66932e6c27119a245427f86f8c950201f3cbe1e64e508e0f7c39dc595157?s=96&d=mm&r=g","caption":"cpereira"},"url":"https:\/\/dev.explora.cl\/maule\/author\/cpereira\/"}]}},"_links":{"self":[{"href":"https:\/\/dev.explora.cl\/maule\/wp-json\/wp\/v2\/posts\/38717","targetHints":{"allow":["GET"]}}],"collection":[{"href":"https:\/\/dev.explora.cl\/maule\/wp-json\/wp\/v2\/posts"}],"about":[{"href":"https:\/\/dev.explora.cl\/maule\/wp-json\/wp\/v2\/types\/post"}],"author":[{"embeddable":true,"href":"https:\/\/dev.explora.cl\/maule\/wp-json\/wp\/v2\/users\/24"}],"replies":[{"embeddable":true,"href":"https:\/\/dev.explora.cl\/maule\/wp-json\/wp\/v2\/comments?post=38717"}],"version-history":[{"count":1,"href":"https:\/\/dev.explora.cl\/maule\/wp-json\/wp\/v2\/posts\/38717\/revisions"}],"predecessor-version":[{"id":38720,"href":"https:\/\/dev.explora.cl\/maule\/wp-json\/wp\/v2\/posts\/38717\/revisions\/38720"}],"wp:featuredmedia":[{"embeddable":true,"href":"https:\/\/dev.explora.cl\/maule\/wp-json\/wp\/v2\/media\/38718"}],"wp:attachment":[{"href":"https:\/\/dev.explora.cl\/maule\/wp-json\/wp\/v2\/media?parent=38717"}],"wp:term":[{"taxonomy":"category","embeddable":true,"href":"https:\/\/dev.explora.cl\/maule\/wp-json\/wp\/v2\/categories?post=38717"},{"taxonomy":"post_tag","embeddable":true,"href":"https:\/\/dev.explora.cl\/maule\/wp-json\/wp\/v2\/tags?post=38717"}],"curies":[{"name":"wp","href":"https:\/\/api.w.org\/{rel}","templated":true}]}}