{"id":38707,"date":"2020-11-09T21:37:48","date_gmt":"2020-11-10T00:37:48","guid":{"rendered":"https:\/\/dev.explora.cl\/maule\/?p=38707"},"modified":"2020-11-09T22:13:26","modified_gmt":"2020-11-10T01:13:26","slug":"explora-maule-celebra-la-curiosidad-con-festival-de-la-ciencia-on-line","status":"publish","type":"post","link":"https:\/\/dev.explora.cl\/maule\/explora-maule-celebra-la-curiosidad-con-festival-de-la-ciencia-on-line\/","title":{"rendered":"Explora Maule celebra la curiosidad con Festival de la Ciencia on line"},"content":{"rendered":"<h3>Charlas,talleres y espect\u00e1culos ser\u00e1n algunas de las actividades, donde destacan la participaci\u00f3n del divulgador cient\u00edfico Andr\u00e9s Gomberoff, quien presentar\u00e1 su \u00faltimo libro \u201c M\u00fasica del cosmos\u201d y Barbarita Lara, una de las innovadoras tecnol\u00f3gicas m\u00e1s importante del mundo.<\/h3>\n<p>Acercar la ciencia y la tecnolog\u00eda a la comunidad, \u00a0a trav\u00e9s de lenguajes l\u00fadicos y entretenidos, pero con rigor cient\u00edficos es el objetivo del Festival de la Ciencia (FECI Maule 2020), que organiza Explora Maule, programa de divulgaci\u00f3n cient\u00edfica que ejecuta la Direcci\u00f3n General de Vinculaci\u00f3n de la Universidad de Talca.<\/p>\n<p>Desde el 11 hasta el 15 de noviembre se podr\u00e1n participar en m\u00e1s de 17 actividades, organizadas en tres escenarios virtuales: \u201cFestivalera\u201d, \u201cLa Ciencia que entretiene\u201d y \u201c La Ciencia es un espect\u00e1culo\u201d, donde se realizar\u00e1n talleres pr\u00e1cticos, show educativos y teatro para toda la familia, adem\u00e1s de charlas tipo \u201cTed\u201d con los \u00faltimos adelantos en investigaci\u00f3n, que cerrar\u00e1n cada jornada.<\/p>\n<p style=\"text-align: left\">Entre los invitados destacan Barbarita Lara, desarrolladora tecnol\u00f3gica y reconocida por el MIT como unas innovadoras j\u00f3venes m\u00e1s destacadas del mundo, ella abordar\u00e1 el papel de la mujer en la tecnolog\u00eda en una inspiradora charla el viernes 13 de noviembre a las 19:00 horas. Tambi\u00e9n estar\u00e1 el f\u00edsico y escritor, Andr\u00e9s Gomberoff, unos de los divulgadores cient\u00edficos del Pa\u00eds, quien presentar\u00e1 su \u00faltimo libro \u201cM\u00fasica del Cosmos\u201d, el s\u00e1bado 14 de noviembre a las 19:00 horas.<\/p>\n<p><img loading=\"lazy\" decoding=\"async\" class=\"size-medium wp-image-38714 alignright\" src=\"https:\/\/dev.explora.cl\/maule\/wp-content\/uploads\/sites\/9\/2020\/11\/FECI-2020-EXPLORA-MAULE-300x166.png\" alt=\"\" width=\"300\" height=\"166\" srcset=\"https:\/\/dev.explora.cl\/maule\/wp-content\/uploads\/sites\/9\/2020\/11\/FECI-2020-EXPLORA-MAULE-300x166.png 300w, https:\/\/dev.explora.cl\/maule\/wp-content\/uploads\/sites\/9\/2020\/11\/FECI-2020-EXPLORA-MAULE-768x425.png 768w, https:\/\/dev.explora.cl\/maule\/wp-content\/uploads\/sites\/9\/2020\/11\/FECI-2020-EXPLORA-MAULE-1024x567.png 1024w\" sizes=\"auto, (max-width: 300px) 100vw, 300px\" \/>Las charlas magistrales finalizan el domingo a las 17:00 horas con la presentaci\u00f3n de Paulina Assmann, astrof\u00edsica y Seremi de CTCI Macrozona Centro Sur, quien hablar\u00e1 sobre astronom\u00eda y c\u00f3mo la ciencia beneficia a las comunidades.<\/p>\n<p>En la parte m\u00e1s pr\u00e1ctica, el espacio \u201c La Ciencia que entretiene\u201d, encontrar\u00e1n durante los cinco d\u00edas, talleres donde cient\u00edficas y cient\u00edficos, ense\u00f1ar\u00e1n a desarrollar videojuegos, ilustraci\u00f3n cient\u00edfica, sembrar super alimentos en casa hasta la creaci\u00f3n de microscopios caseros o qu\u00edmica con elementos cotidianos.<\/p>\n<p>El jueves 12 de noviembre a las 16:00 horas, los profesores y los estudiantes de pedagog\u00eda, tendr\u00e1n su espacio el taller: \u201cEducaci\u00f3n en contextos de emergencia\u201d, donde ense\u00f1ar\u00e1n metodolog\u00edas innovadoras para crear objetos de aprendizaje para el contexto de educaci\u00f3n online, tambi\u00e9n estar\u00e1 Juan Carlos Gacit\u00faa, director del Centro Interactivo CICAT, quien mostrar\u00e1 su experiencia en la creaci\u00f3n de experiencias memorables de aprendizaje para los estudiantes.<\/p>\n<p>Otra de las novedades ser\u00e1 los espect\u00e1culos de ciencia que se realizar\u00e1n el s\u00e1bado y domingo a partir de las 10:30 de la ma\u00f1ana. Biodiversidad, astronom\u00eda o el patrimonio del Maule, ser\u00e1n algunas de las tem\u00e1ticas que ser\u00e1n presentadas por medio obra teatrales, shows de magia y cuentacuentos.<\/p>\n<p>El Festival de Ciencias #FECIMaule2020, se podr\u00e1 ver de manera on line y gratuita en la plataforma Facebook de Explora Maule ( www.facebook.com\/cientificosescolaresmaule ).<\/p>\n<p>El programa completo preparado junto a 11 organizaciones entre Universidades, centros tecnol\u00f3gicos, laboratorio y museos, y los horarios de los cinco d\u00edas, se pueden revisar en <a href=\"https:\/\/dev.explora.cl\/maule\">dev.explora.cl\/maule<\/a><\/p>\n","protected":false},"excerpt":{"rendered":"<p>Charlas,talleres y espect\u00e1culos ser\u00e1n algunas de las actividades, donde destacan la participaci\u00f3n del divulgador cient\u00edfico Andr\u00e9s Gomberoff, quien presentar\u00e1 su \u00faltimo libro \u201c M\u00fasica del cosmos\u201d y Barbarita Lara, una de las innovadoras tecnol\u00f3gicas m\u00e1s importante del mundo.<\/p>\n","protected":false},"author":24,"featured_media":38712,"comment_status":"closed","ping_status":"closed","sticky":false,"template":"","format":"standard","meta":{"_acf_changed":false,"_exactmetrics_skip_tracking":false,"_exactmetrics_sitenote_active":false,"_exactmetrics_sitenote_note":"","_exactmetrics_sitenote_category":0,"footnotes":"","_links_to":"","_links_to_target":""},"categories":[139,4],"tags":[81,21,166,167,168],"class_list":["post-38707","post","type-post","status-publish","format-standard","has-post-thumbnail","hentry","category-lugar-4","category-noticias","tag-biodiversidad","tag-explora-conicyt","tag-exposicion","tag-maule","tag-natural"],"acf":[],"yoast_head":"<!-- This site is optimized with the Yoast SEO plugin v26.7 - https:\/\/yoast.com\/wordpress\/plugins\/seo\/ -->\n<title>Explora Maule celebra la curiosidad con Festival de la Ciencia on line - Maule<\/title>\n<meta name=\"robots\" content=\"index, follow, max-snippet:-1, max-image-preview:large, max-video-preview:-1\" \/>\n<link rel=\"canonical\" href=\"https:\/\/dev.explora.cl\/maule\/explora-maule-celebra-la-curiosidad-con-festival-de-la-ciencia-on-line\/\" class=\"yoast-seo-meta-tag\" \/>\n<meta property=\"og:locale\" content=\"es_ES\" class=\"yoast-seo-meta-tag\" \/>\n<meta property=\"og:type\" content=\"article\" class=\"yoast-seo-meta-tag\" \/>\n<meta property=\"og:title\" content=\"Explora Maule celebra la curiosidad con Festival de la Ciencia on line - Maule\" class=\"yoast-seo-meta-tag\" \/>\n<meta property=\"og:description\" content=\"Charlas,talleres y espect\u00e1culos ser\u00e1n algunas de las actividades, donde destacan la participaci\u00f3n del divulgador cient\u00edfico Andr\u00e9s Gomberoff, quien presentar\u00e1 su \u00faltimo libro \u201c M\u00fasica del cosmos\u201d y Barbarita Lara, una de las innovadoras tecnol\u00f3gicas m\u00e1s importante del mundo.\" class=\"yoast-seo-meta-tag\" \/>\n<meta property=\"og:url\" content=\"https:\/\/dev.explora.cl\/maule\/explora-maule-celebra-la-curiosidad-con-festival-de-la-ciencia-on-line\/\" class=\"yoast-seo-meta-tag\" \/>\n<meta property=\"og:site_name\" content=\"Maule\" class=\"yoast-seo-meta-tag\" \/>\n<meta property=\"article:published_time\" content=\"2020-11-10T00:37:48+00:00\" class=\"yoast-seo-meta-tag\" \/>\n<meta property=\"article:modified_time\" content=\"2020-11-10T01:13:26+00:00\" class=\"yoast-seo-meta-tag\" \/>\n<meta property=\"og:image\" content=\"https:\/\/dev.explora.cl\/maule\/wp-content\/uploads\/sites\/9\/2020\/11\/FECI-EXPLORA-MAULE-PROMO.png\" class=\"yoast-seo-meta-tag\" \/>\n\t<meta property=\"og:image:width\" content=\"3000\" class=\"yoast-seo-meta-tag\" \/>\n\t<meta property=\"og:image:height\" content=\"1688\" class=\"yoast-seo-meta-tag\" \/>\n\t<meta property=\"og:image:type\" content=\"image\/png\" class=\"yoast-seo-meta-tag\" \/>\n<meta name=\"author\" content=\"cpereira\" class=\"yoast-seo-meta-tag\" \/>\n<meta name=\"twitter:card\" content=\"summary_large_image\" class=\"yoast-seo-meta-tag\" \/>\n<meta name=\"twitter:label1\" content=\"Escrito por\" class=\"yoast-seo-meta-tag\" \/>\n\t<meta name=\"twitter:data1\" content=\"cpereira\" class=\"yoast-seo-meta-tag\" \/>\n\t<meta name=\"twitter:label2\" content=\"Tiempo estimado de lectura\" class=\"yoast-seo-meta-tag\" \/>\n\t<meta name=\"twitter:data2\" content=\"3 minutos\" class=\"yoast-seo-meta-tag\" \/>\n<script type=\"application\/ld+json\" class=\"yoast-schema-graph\">{\"@context\":\"https:\/\/schema.org\",\"@graph\":[{\"@type\":\"Article\",\"@id\":\"https:\/\/dev.explora.cl\/maule\/explora-maule-celebra-la-curiosidad-con-festival-de-la-ciencia-on-line\/#article\",\"isPartOf\":{\"@id\":\"https:\/\/dev.explora.cl\/maule\/explora-maule-celebra-la-curiosidad-con-festival-de-la-ciencia-on-line\/\"},\"author\":{\"name\":\"cpereira\",\"@id\":\"https:\/\/dev.explora.cl\/maule\/#\/schema\/person\/7c4a8d7da1b43fee83d990c08dd35f99\"},\"headline\":\"Explora Maule celebra la curiosidad con Festival de la Ciencia on line\",\"datePublished\":\"2020-11-10T00:37:48+00:00\",\"dateModified\":\"2020-11-10T01:13:26+00:00\",\"mainEntityOfPage\":{\"@id\":\"https:\/\/dev.explora.cl\/maule\/explora-maule-celebra-la-curiosidad-con-festival-de-la-ciencia-on-line\/\"},\"wordCount\":543,\"image\":{\"@id\":\"https:\/\/dev.explora.cl\/maule\/explora-maule-celebra-la-curiosidad-con-festival-de-la-ciencia-on-line\/#primaryimage\"},\"thumbnailUrl\":\"https:\/\/dev.explora.cl\/maule\/wp-content\/uploads\/sites\/9\/2020\/11\/FECI-EXPLORA-MAULE-PROMO.png\",\"keywords\":[\"biodiversidad\",\"Explora Conicyt\",\"Exposici\u00f3n\",\"Maule\",\"natural\"],\"articleSection\":[\"Lugar 4\",\"Noticias\"],\"inLanguage\":\"es-CL\"},{\"@type\":\"WebPage\",\"@id\":\"https:\/\/dev.explora.cl\/maule\/explora-maule-celebra-la-curiosidad-con-festival-de-la-ciencia-on-line\/\",\"url\":\"https:\/\/dev.explora.cl\/maule\/explora-maule-celebra-la-curiosidad-con-festival-de-la-ciencia-on-line\/\",\"name\":\"Explora Maule celebra la curiosidad con Festival de la Ciencia on line - Maule\",\"isPartOf\":{\"@id\":\"https:\/\/dev.explora.cl\/maule\/#website\"},\"primaryImageOfPage\":{\"@id\":\"https:\/\/dev.explora.cl\/maule\/explora-maule-celebra-la-curiosidad-con-festival-de-la-ciencia-on-line\/#primaryimage\"},\"image\":{\"@id\":\"https:\/\/dev.explora.cl\/maule\/explora-maule-celebra-la-curiosidad-con-festival-de-la-ciencia-on-line\/#primaryimage\"},\"thumbnailUrl\":\"https:\/\/dev.explora.cl\/maule\/wp-content\/uploads\/sites\/9\/2020\/11\/FECI-EXPLORA-MAULE-PROMO.png\",\"datePublished\":\"2020-11-10T00:37:48+00:00\",\"dateModified\":\"2020-11-10T01:13:26+00:00\",\"author\":{\"@id\":\"https:\/\/dev.explora.cl\/maule\/#\/schema\/person\/7c4a8d7da1b43fee83d990c08dd35f99\"},\"breadcrumb\":{\"@id\":\"https:\/\/dev.explora.cl\/maule\/explora-maule-celebra-la-curiosidad-con-festival-de-la-ciencia-on-line\/#breadcrumb\"},\"inLanguage\":\"es-CL\",\"potentialAction\":[{\"@type\":\"ReadAction\",\"target\":[\"https:\/\/dev.explora.cl\/maule\/explora-maule-celebra-la-curiosidad-con-festival-de-la-ciencia-on-line\/\"]}]},{\"@type\":\"ImageObject\",\"inLanguage\":\"es-CL\",\"@id\":\"https:\/\/dev.explora.cl\/maule\/explora-maule-celebra-la-curiosidad-con-festival-de-la-ciencia-on-line\/#primaryimage\",\"url\":\"https:\/\/dev.explora.cl\/maule\/wp-content\/uploads\/sites\/9\/2020\/11\/FECI-EXPLORA-MAULE-PROMO.png\",\"contentUrl\":\"https:\/\/dev.explora.cl\/maule\/wp-content\/uploads\/sites\/9\/2020\/11\/FECI-EXPLORA-MAULE-PROMO.png\",\"width\":3000,\"height\":1688},{\"@type\":\"BreadcrumbList\",\"@id\":\"https:\/\/dev.explora.cl\/maule\/explora-maule-celebra-la-curiosidad-con-festival-de-la-ciencia-on-line\/#breadcrumb\",\"itemListElement\":[{\"@type\":\"ListItem\",\"position\":1,\"name\":\"Portada\",\"item\":\"https:\/\/dev.explora.cl\/maule\/\"},{\"@type\":\"ListItem\",\"position\":2,\"name\":\"Explora Maule celebra la curiosidad con Festival de la Ciencia on line\"}]},{\"@type\":\"WebSite\",\"@id\":\"https:\/\/dev.explora.cl\/maule\/#website\",\"url\":\"https:\/\/dev.explora.cl\/maule\/\",\"name\":\"Maule\",\"description\":\"Otro sitio m\u00e1s de dev.explora.cl\",\"potentialAction\":[{\"@type\":\"SearchAction\",\"target\":{\"@type\":\"EntryPoint\",\"urlTemplate\":\"https:\/\/dev.explora.cl\/maule\/?s={search_term_string}\"},\"query-input\":{\"@type\":\"PropertyValueSpecification\",\"valueRequired\":true,\"valueName\":\"search_term_string\"}}],\"inLanguage\":\"es-CL\"},{\"@type\":\"Person\",\"@id\":\"https:\/\/dev.explora.cl\/maule\/#\/schema\/person\/7c4a8d7da1b43fee83d990c08dd35f99\",\"name\":\"cpereira\",\"image\":{\"@type\":\"ImageObject\",\"inLanguage\":\"es-CL\",\"@id\":\"https:\/\/dev.explora.cl\/maule\/#\/schema\/person\/image\/\",\"url\":\"https:\/\/secure.gravatar.com\/avatar\/b5fc66932e6c27119a245427f86f8c950201f3cbe1e64e508e0f7c39dc595157?s=96&d=mm&r=g\",\"contentUrl\":\"https:\/\/secure.gravatar.com\/avatar\/b5fc66932e6c27119a245427f86f8c950201f3cbe1e64e508e0f7c39dc595157?s=96&d=mm&r=g\",\"caption\":\"cpereira\"},\"url\":\"https:\/\/dev.explora.cl\/maule\/author\/cpereira\/\"}]}<\/script>\n<!-- \/ Yoast SEO plugin. -->","yoast_head_json":{"title":"Explora Maule celebra la curiosidad con Festival de la Ciencia on line - Maule","robots":{"index":"index","follow":"follow","max-snippet":"max-snippet:-1","max-image-preview":"max-image-preview:large","max-video-preview":"max-video-preview:-1"},"canonical":"https:\/\/dev.explora.cl\/maule\/explora-maule-celebra-la-curiosidad-con-festival-de-la-ciencia-on-line\/","og_locale":"es_ES","og_type":"article","og_title":"Explora Maule celebra la curiosidad con Festival de la Ciencia on line - Maule","og_description":"Charlas,talleres y espect\u00e1culos ser\u00e1n algunas de las actividades, donde destacan la participaci\u00f3n del divulgador cient\u00edfico Andr\u00e9s Gomberoff, quien presentar\u00e1 su \u00faltimo libro \u201c M\u00fasica del cosmos\u201d y Barbarita Lara, una de las innovadoras tecnol\u00f3gicas m\u00e1s importante del mundo.","og_url":"https:\/\/dev.explora.cl\/maule\/explora-maule-celebra-la-curiosidad-con-festival-de-la-ciencia-on-line\/","og_site_name":"Maule","article_published_time":"2020-11-10T00:37:48+00:00","article_modified_time":"2020-11-10T01:13:26+00:00","og_image":[{"width":3000,"height":1688,"url":"https:\/\/dev.explora.cl\/maule\/wp-content\/uploads\/sites\/9\/2020\/11\/FECI-EXPLORA-MAULE-PROMO.png","type":"image\/png"}],"author":"cpereira","twitter_card":"summary_large_image","twitter_misc":{"Escrito por":"cpereira","Tiempo estimado de lectura":"3 minutos"},"schema":{"@context":"https:\/\/schema.org","@graph":[{"@type":"Article","@id":"https:\/\/dev.explora.cl\/maule\/explora-maule-celebra-la-curiosidad-con-festival-de-la-ciencia-on-line\/#article","isPartOf":{"@id":"https:\/\/dev.explora.cl\/maule\/explora-maule-celebra-la-curiosidad-con-festival-de-la-ciencia-on-line\/"},"author":{"name":"cpereira","@id":"https:\/\/dev.explora.cl\/maule\/#\/schema\/person\/7c4a8d7da1b43fee83d990c08dd35f99"},"headline":"Explora Maule celebra la curiosidad con Festival de la Ciencia on line","datePublished":"2020-11-10T00:37:48+00:00","dateModified":"2020-11-10T01:13:26+00:00","mainEntityOfPage":{"@id":"https:\/\/dev.explora.cl\/maule\/explora-maule-celebra-la-curiosidad-con-festival-de-la-ciencia-on-line\/"},"wordCount":543,"image":{"@id":"https:\/\/dev.explora.cl\/maule\/explora-maule-celebra-la-curiosidad-con-festival-de-la-ciencia-on-line\/#primaryimage"},"thumbnailUrl":"https:\/\/dev.explora.cl\/maule\/wp-content\/uploads\/sites\/9\/2020\/11\/FECI-EXPLORA-MAULE-PROMO.png","keywords":["biodiversidad","Explora Conicyt","Exposici\u00f3n","Maule","natural"],"articleSection":["Lugar 4","Noticias"],"inLanguage":"es-CL"},{"@type":"WebPage","@id":"https:\/\/dev.explora.cl\/maule\/explora-maule-celebra-la-curiosidad-con-festival-de-la-ciencia-on-line\/","url":"https:\/\/dev.explora.cl\/maule\/explora-maule-celebra-la-curiosidad-con-festival-de-la-ciencia-on-line\/","name":"Explora Maule celebra la curiosidad con Festival de la Ciencia on line - Maule","isPartOf":{"@id":"https:\/\/dev.explora.cl\/maule\/#website"},"primaryImageOfPage":{"@id":"https:\/\/dev.explora.cl\/maule\/explora-maule-celebra-la-curiosidad-con-festival-de-la-ciencia-on-line\/#primaryimage"},"image":{"@id":"https:\/\/dev.explora.cl\/maule\/explora-maule-celebra-la-curiosidad-con-festival-de-la-ciencia-on-line\/#primaryimage"},"thumbnailUrl":"https:\/\/dev.explora.cl\/maule\/wp-content\/uploads\/sites\/9\/2020\/11\/FECI-EXPLORA-MAULE-PROMO.png","datePublished":"2020-11-10T00:37:48+00:00","dateModified":"2020-11-10T01:13:26+00:00","author":{"@id":"https:\/\/dev.explora.cl\/maule\/#\/schema\/person\/7c4a8d7da1b43fee83d990c08dd35f99"},"breadcrumb":{"@id":"https:\/\/dev.explora.cl\/maule\/explora-maule-celebra-la-curiosidad-con-festival-de-la-ciencia-on-line\/#breadcrumb"},"inLanguage":"es-CL","potentialAction":[{"@type":"ReadAction","target":["https:\/\/dev.explora.cl\/maule\/explora-maule-celebra-la-curiosidad-con-festival-de-la-ciencia-on-line\/"]}]},{"@type":"ImageObject","inLanguage":"es-CL","@id":"https:\/\/dev.explora.cl\/maule\/explora-maule-celebra-la-curiosidad-con-festival-de-la-ciencia-on-line\/#primaryimage","url":"https:\/\/dev.explora.cl\/maule\/wp-content\/uploads\/sites\/9\/2020\/11\/FECI-EXPLORA-MAULE-PROMO.png","contentUrl":"https:\/\/dev.explora.cl\/maule\/wp-content\/uploads\/sites\/9\/2020\/11\/FECI-EXPLORA-MAULE-PROMO.png","width":3000,"height":1688},{"@type":"BreadcrumbList","@id":"https:\/\/dev.explora.cl\/maule\/explora-maule-celebra-la-curiosidad-con-festival-de-la-ciencia-on-line\/#breadcrumb","itemListElement":[{"@type":"ListItem","position":1,"name":"Portada","item":"https:\/\/dev.explora.cl\/maule\/"},{"@type":"ListItem","position":2,"name":"Explora Maule celebra la curiosidad con Festival de la Ciencia on line"}]},{"@type":"WebSite","@id":"https:\/\/dev.explora.cl\/maule\/#website","url":"https:\/\/dev.explora.cl\/maule\/","name":"Maule","description":"Otro sitio m\u00e1s de dev.explora.cl","potentialAction":[{"@type":"SearchAction","target":{"@type":"EntryPoint","urlTemplate":"https:\/\/dev.explora.cl\/maule\/?s={search_term_string}"},"query-input":{"@type":"PropertyValueSpecification","valueRequired":true,"valueName":"search_term_string"}}],"inLanguage":"es-CL"},{"@type":"Person","@id":"https:\/\/dev.explora.cl\/maule\/#\/schema\/person\/7c4a8d7da1b43fee83d990c08dd35f99","name":"cpereira","image":{"@type":"ImageObject","inLanguage":"es-CL","@id":"https:\/\/dev.explora.cl\/maule\/#\/schema\/person\/image\/","url":"https:\/\/secure.gravatar.com\/avatar\/b5fc66932e6c27119a245427f86f8c950201f3cbe1e64e508e0f7c39dc595157?s=96&d=mm&r=g","contentUrl":"https:\/\/secure.gravatar.com\/avatar\/b5fc66932e6c27119a245427f86f8c950201f3cbe1e64e508e0f7c39dc595157?s=96&d=mm&r=g","caption":"cpereira"},"url":"https:\/\/dev.explora.cl\/maule\/author\/cpereira\/"}]}},"_links":{"self":[{"href":"https:\/\/dev.explora.cl\/maule\/wp-json\/wp\/v2\/posts\/38707","targetHints":{"allow":["GET"]}}],"collection":[{"href":"https:\/\/dev.explora.cl\/maule\/wp-json\/wp\/v2\/posts"}],"about":[{"href":"https:\/\/dev.explora.cl\/maule\/wp-json\/wp\/v2\/types\/post"}],"author":[{"embeddable":true,"href":"https:\/\/dev.explora.cl\/maule\/wp-json\/wp\/v2\/users\/24"}],"replies":[{"embeddable":true,"href":"https:\/\/dev.explora.cl\/maule\/wp-json\/wp\/v2\/comments?post=38707"}],"version-history":[{"count":4,"href":"https:\/\/dev.explora.cl\/maule\/wp-json\/wp\/v2\/posts\/38707\/revisions"}],"predecessor-version":[{"id":38715,"href":"https:\/\/dev.explora.cl\/maule\/wp-json\/wp\/v2\/posts\/38707\/revisions\/38715"}],"wp:featuredmedia":[{"embeddable":true,"href":"https:\/\/dev.explora.cl\/maule\/wp-json\/wp\/v2\/media\/38712"}],"wp:attachment":[{"href":"https:\/\/dev.explora.cl\/maule\/wp-json\/wp\/v2\/media?parent=38707"}],"wp:term":[{"taxonomy":"category","embeddable":true,"href":"https:\/\/dev.explora.cl\/maule\/wp-json\/wp\/v2\/categories?post=38707"},{"taxonomy":"post_tag","embeddable":true,"href":"https:\/\/dev.explora.cl\/maule\/wp-json\/wp\/v2\/tags?post=38707"}],"curies":[{"name":"wp","href":"https:\/\/api.w.org\/{rel}","templated":true}]}}