{"id":38670,"date":"2020-09-25T15:39:42","date_gmt":"2020-09-25T18:39:42","guid":{"rendered":"https:\/\/dev.explora.cl\/maule\/?p=38670"},"modified":"2020-09-25T15:40:11","modified_gmt":"2020-09-25T18:40:11","slug":"profesores-cuentan-como-adaptan-su-trabajo-en-tiempos-de-educacion-de-emergencia","status":"publish","type":"post","link":"https:\/\/dev.explora.cl\/maule\/profesores-cuentan-como-adaptan-su-trabajo-en-tiempos-de-educacion-de-emergencia\/","title":{"rendered":"Profesores cuentan c\u00f3mo adaptan su trabajo en tiempos de educaci\u00f3n de emergencia"},"content":{"rendered":"<p><strong>En Zona de Profes, el nuevo webinar de entrevistas de Explora Maule, donde cada semana profesores de la Regi\u00f3n y del Pa\u00eds, reflexionan sobre sus pr\u00e1cticas pedag\u00f3gicas en contextos virtuales debido a la pandemia del COVID 19. <\/strong><\/p>\n<p>Ibrahim Maldonado, profesor del Liceo Marta Donoso Espejo de Talca, cuenta que nunca pens\u00f3 estar dictando clases tanto tiempo en forma virtual, y que este reto debe ser uno de los mayores desaf\u00edos para el profesorado, sobre todo en Latinoam\u00e9rica que tiene una estructura m\u00e1s precaria en torno a la digitalizaci\u00f3n de la ense\u00f1anza.<\/p>\n<p>\u201cEsto fue un sacud\u00f3n que nos a llevado a reflexionar sobre como los est\u00e1bamos haciendo en el aula, ya que si antes no capt\u00e1bamos o logr\u00e1bamos motivar a los chicos en forma presencial ahora es m\u00e1s dif\u00edcil\u201d, explica Maldonado.<\/p>\n<p>Pero no todo est\u00e1 perdido, se puede y as\u00ed lo han demostrado los profesores y profesoras de la regi\u00f3n del Maule y de otros puntos del Pa\u00eds, que han participado en \u201cZona de Profes\u201d, que el programa Explora Maule ejecutado por la Universidad de Talca, cre\u00f3 como un espacio para reflexionar sobre las practicas pedag\u00f3gicas en contexto de pandemia del COVID 19.<\/p>\n<p><img loading=\"lazy\" decoding=\"async\" class=\"size-medium wp-image-38671 alignright\" src=\"https:\/\/dev.explora.cl\/maule\/wp-content\/uploads\/sites\/9\/2020\/09\/Entrevista-al-profesor-Exequiel-Co\u00f1oman-finalista-del-premio-Global-Teacher-Prize-300x169.jpg\" alt=\"\" width=\"300\" height=\"169\" srcset=\"https:\/\/dev.explora.cl\/maule\/wp-content\/uploads\/sites\/9\/2020\/09\/Entrevista-al-profesor-Exequiel-Co\u00f1oman-finalista-del-premio-Global-Teacher-Prize-300x169.jpg 300w, https:\/\/dev.explora.cl\/maule\/wp-content\/uploads\/sites\/9\/2020\/09\/Entrevista-al-profesor-Exequiel-Co\u00f1oman-finalista-del-premio-Global-Teacher-Prize-768x432.jpg 768w, https:\/\/dev.explora.cl\/maule\/wp-content\/uploads\/sites\/9\/2020\/09\/Entrevista-al-profesor-Exequiel-Co\u00f1oman-finalista-del-premio-Global-Teacher-Prize-1024x576.jpg 1024w, https:\/\/dev.explora.cl\/maule\/wp-content\/uploads\/sites\/9\/2020\/09\/Entrevista-al-profesor-Exequiel-Co\u00f1oman-finalista-del-premio-Global-Teacher-Prize.jpg 1920w\" sizes=\"auto, (max-width: 300px) 100vw, 300px\" \/>El programa, que se emite en vivo todos los martes a las 17:00 horas a trav\u00e9s de Facebook Live. ha congregado a una decena de docentes, quienes han compartido sus metodolog\u00edas y t\u00e9cnicas de ense\u00f1anza que les ha permitido conectarse con sus estudiantes y poder generar una rutina educativa en forma estable.<\/p>\n<p>Para Pablo Gonz\u00e1lez, director de Explora Maule y de Vinculaci\u00f3n UTalca, la iniciativa nace como resultado de las jornadas de escucha activa que se ha realizado con los docentes de la Red Territorial \u201cMaule Ciencia\u201d, donde manifestaron su inquietud por conocer practicas generadas desde las comunidades educativas.<\/p>\n<p>\u201cHemos generado desde el comienzo del trabajo virtual, diversas estrategias y espacios de apoyo a nuestros profesores, es imperativo para un proyecto como el nuestro, estar junto con su comunidad de base en uno de los momentos mas desafiantes para el profesorado en la historia, dijo el directivo.<\/p>\n<p>Una de las invitadas fue Roxana Nahuelcura, profesora del Liceo de Ni\u00f1as N\u00b01 Javiera Carrera de Santiago, quien reflexion\u00f3 sobre lo que va a ocurrir en las aulas post pandemia, \u201cCreo que una clase presencial no se remplaza por una clase virtual, el aprendizaje se logra desde las emociones y esto lo logramos con el acercamiento con los estudiantes. Vamos a tener que repensar el n\u00famero de estudiantes en una sala, y la virtualidad nos va a servir para complementar nuestro trabajo\u201d, se\u00f1al\u00f3.<\/p>\n<p>El pr\u00f3ximo cap\u00edtulo de \u201cZona de Profes\u201d, se emitir\u00e1 el martes 29 de septiembre a las 17:00 horas y estar\u00e1 dedicado a la rob\u00f3tica educativa.\u00a0 El invitado ser\u00e1 el profesor Jorge Soto del Colegio San Jorge de Talca, establecimiento que se ha destacado por sus participaciones en diversos concursos de rob\u00f3tica internacional, adem\u00e1s de la utilizaci\u00f3n de esta tecnolog\u00eda en proyectos de investigaci\u00f3n escolar, que han sido apoyado por diversos estamentos acad\u00e9micos de la Universidad de Talca.<\/p>\n<p>&nbsp;<\/p>\n<p>&nbsp;<\/p>\n","protected":false},"excerpt":{"rendered":"<p>En Zona de Profes, el nuevo webinar de entrevistas de Explora Maule, donde cada semana profesores de la Regi\u00f3n y del Pa\u00eds, reflexionan sobre sus pr\u00e1cticas pedag\u00f3gicas en contextos virtuales debido a la pandemia del COVID 19.<\/p>\n","protected":false},"author":24,"featured_media":38671,"comment_status":"closed","ping_status":"closed","sticky":false,"template":"","format":"standard","meta":{"_acf_changed":false,"_exactmetrics_skip_tracking":false,"_exactmetrics_sitenote_active":false,"_exactmetrics_sitenote_note":"","_exactmetrics_sitenote_category":0,"footnotes":"","_links_to":"","_links_to_target":""},"categories":[139,4],"tags":[81,21,166,167,168],"class_list":["post-38670","post","type-post","status-publish","format-standard","has-post-thumbnail","hentry","category-lugar-4","category-noticias","tag-biodiversidad","tag-explora-conicyt","tag-exposicion","tag-maule","tag-natural"],"acf":[],"yoast_head":"<!-- This site is optimized with the Yoast SEO plugin v26.7 - https:\/\/yoast.com\/wordpress\/plugins\/seo\/ -->\n<title>Profesores cuentan c\u00f3mo adaptan su trabajo en tiempos de educaci\u00f3n de emergencia - Maule<\/title>\n<meta name=\"robots\" content=\"index, follow, max-snippet:-1, max-image-preview:large, max-video-preview:-1\" \/>\n<link rel=\"canonical\" href=\"https:\/\/dev.explora.cl\/maule\/profesores-cuentan-como-adaptan-su-trabajo-en-tiempos-de-educacion-de-emergencia\/\" class=\"yoast-seo-meta-tag\" \/>\n<meta property=\"og:locale\" content=\"es_ES\" class=\"yoast-seo-meta-tag\" \/>\n<meta property=\"og:type\" content=\"article\" class=\"yoast-seo-meta-tag\" \/>\n<meta property=\"og:title\" content=\"Profesores cuentan c\u00f3mo adaptan su trabajo en tiempos de educaci\u00f3n de emergencia - Maule\" class=\"yoast-seo-meta-tag\" \/>\n<meta property=\"og:description\" content=\"En Zona de Profes, el nuevo webinar de entrevistas de Explora Maule, donde cada semana profesores de la Regi\u00f3n y del Pa\u00eds, reflexionan sobre sus pr\u00e1cticas pedag\u00f3gicas en contextos virtuales debido a la pandemia del COVID 19.\" class=\"yoast-seo-meta-tag\" \/>\n<meta property=\"og:url\" content=\"https:\/\/dev.explora.cl\/maule\/profesores-cuentan-como-adaptan-su-trabajo-en-tiempos-de-educacion-de-emergencia\/\" class=\"yoast-seo-meta-tag\" \/>\n<meta property=\"og:site_name\" content=\"Maule\" class=\"yoast-seo-meta-tag\" \/>\n<meta property=\"article:published_time\" content=\"2020-09-25T18:39:42+00:00\" class=\"yoast-seo-meta-tag\" \/>\n<meta property=\"article:modified_time\" content=\"2020-09-25T18:40:11+00:00\" class=\"yoast-seo-meta-tag\" \/>\n<meta property=\"og:image\" content=\"https:\/\/dev.explora.cl\/maule\/wp-content\/uploads\/sites\/9\/2020\/09\/Entrevista-al-profesor-Exequiel-Co\u00f1oman-finalista-del-premio-Global-Teacher-Prize.jpg\" class=\"yoast-seo-meta-tag\" \/>\n\t<meta property=\"og:image:width\" content=\"1920\" class=\"yoast-seo-meta-tag\" \/>\n\t<meta property=\"og:image:height\" content=\"1080\" class=\"yoast-seo-meta-tag\" \/>\n\t<meta property=\"og:image:type\" content=\"image\/jpeg\" class=\"yoast-seo-meta-tag\" \/>\n<meta name=\"author\" content=\"cpereira\" class=\"yoast-seo-meta-tag\" \/>\n<meta name=\"twitter:card\" content=\"summary_large_image\" class=\"yoast-seo-meta-tag\" \/>\n<meta name=\"twitter:label1\" content=\"Escrito por\" class=\"yoast-seo-meta-tag\" \/>\n\t<meta name=\"twitter:data1\" content=\"cpereira\" class=\"yoast-seo-meta-tag\" \/>\n\t<meta name=\"twitter:label2\" content=\"Tiempo estimado de lectura\" class=\"yoast-seo-meta-tag\" \/>\n\t<meta name=\"twitter:data2\" content=\"3 minutos\" class=\"yoast-seo-meta-tag\" \/>\n<script type=\"application\/ld+json\" class=\"yoast-schema-graph\">{\"@context\":\"https:\/\/schema.org\",\"@graph\":[{\"@type\":\"Article\",\"@id\":\"https:\/\/dev.explora.cl\/maule\/profesores-cuentan-como-adaptan-su-trabajo-en-tiempos-de-educacion-de-emergencia\/#article\",\"isPartOf\":{\"@id\":\"https:\/\/dev.explora.cl\/maule\/profesores-cuentan-como-adaptan-su-trabajo-en-tiempos-de-educacion-de-emergencia\/\"},\"author\":{\"name\":\"cpereira\",\"@id\":\"https:\/\/dev.explora.cl\/maule\/#\/schema\/person\/7c4a8d7da1b43fee83d990c08dd35f99\"},\"headline\":\"Profesores cuentan c\u00f3mo adaptan su trabajo en tiempos de educaci\u00f3n de emergencia\",\"datePublished\":\"2020-09-25T18:39:42+00:00\",\"dateModified\":\"2020-09-25T18:40:11+00:00\",\"mainEntityOfPage\":{\"@id\":\"https:\/\/dev.explora.cl\/maule\/profesores-cuentan-como-adaptan-su-trabajo-en-tiempos-de-educacion-de-emergencia\/\"},\"wordCount\":546,\"image\":{\"@id\":\"https:\/\/dev.explora.cl\/maule\/profesores-cuentan-como-adaptan-su-trabajo-en-tiempos-de-educacion-de-emergencia\/#primaryimage\"},\"thumbnailUrl\":\"https:\/\/dev.explora.cl\/maule\/wp-content\/uploads\/sites\/9\/2020\/09\/Entrevista-al-profesor-Exequiel-Co\u00f1oman-finalista-del-premio-Global-Teacher-Prize.jpg\",\"keywords\":[\"biodiversidad\",\"Explora Conicyt\",\"Exposici\u00f3n\",\"Maule\",\"natural\"],\"articleSection\":[\"Lugar 4\",\"Noticias\"],\"inLanguage\":\"es-CL\"},{\"@type\":\"WebPage\",\"@id\":\"https:\/\/dev.explora.cl\/maule\/profesores-cuentan-como-adaptan-su-trabajo-en-tiempos-de-educacion-de-emergencia\/\",\"url\":\"https:\/\/dev.explora.cl\/maule\/profesores-cuentan-como-adaptan-su-trabajo-en-tiempos-de-educacion-de-emergencia\/\",\"name\":\"Profesores cuentan c\u00f3mo adaptan su trabajo en tiempos de educaci\u00f3n de emergencia - Maule\",\"isPartOf\":{\"@id\":\"https:\/\/dev.explora.cl\/maule\/#website\"},\"primaryImageOfPage\":{\"@id\":\"https:\/\/dev.explora.cl\/maule\/profesores-cuentan-como-adaptan-su-trabajo-en-tiempos-de-educacion-de-emergencia\/#primaryimage\"},\"image\":{\"@id\":\"https:\/\/dev.explora.cl\/maule\/profesores-cuentan-como-adaptan-su-trabajo-en-tiempos-de-educacion-de-emergencia\/#primaryimage\"},\"thumbnailUrl\":\"https:\/\/dev.explora.cl\/maule\/wp-content\/uploads\/sites\/9\/2020\/09\/Entrevista-al-profesor-Exequiel-Co\u00f1oman-finalista-del-premio-Global-Teacher-Prize.jpg\",\"datePublished\":\"2020-09-25T18:39:42+00:00\",\"dateModified\":\"2020-09-25T18:40:11+00:00\",\"author\":{\"@id\":\"https:\/\/dev.explora.cl\/maule\/#\/schema\/person\/7c4a8d7da1b43fee83d990c08dd35f99\"},\"breadcrumb\":{\"@id\":\"https:\/\/dev.explora.cl\/maule\/profesores-cuentan-como-adaptan-su-trabajo-en-tiempos-de-educacion-de-emergencia\/#breadcrumb\"},\"inLanguage\":\"es-CL\",\"potentialAction\":[{\"@type\":\"ReadAction\",\"target\":[\"https:\/\/dev.explora.cl\/maule\/profesores-cuentan-como-adaptan-su-trabajo-en-tiempos-de-educacion-de-emergencia\/\"]}]},{\"@type\":\"ImageObject\",\"inLanguage\":\"es-CL\",\"@id\":\"https:\/\/dev.explora.cl\/maule\/profesores-cuentan-como-adaptan-su-trabajo-en-tiempos-de-educacion-de-emergencia\/#primaryimage\",\"url\":\"https:\/\/dev.explora.cl\/maule\/wp-content\/uploads\/sites\/9\/2020\/09\/Entrevista-al-profesor-Exequiel-Co\u00f1oman-finalista-del-premio-Global-Teacher-Prize.jpg\",\"contentUrl\":\"https:\/\/dev.explora.cl\/maule\/wp-content\/uploads\/sites\/9\/2020\/09\/Entrevista-al-profesor-Exequiel-Co\u00f1oman-finalista-del-premio-Global-Teacher-Prize.jpg\",\"width\":1920,\"height\":1080},{\"@type\":\"BreadcrumbList\",\"@id\":\"https:\/\/dev.explora.cl\/maule\/profesores-cuentan-como-adaptan-su-trabajo-en-tiempos-de-educacion-de-emergencia\/#breadcrumb\",\"itemListElement\":[{\"@type\":\"ListItem\",\"position\":1,\"name\":\"Portada\",\"item\":\"https:\/\/dev.explora.cl\/maule\/\"},{\"@type\":\"ListItem\",\"position\":2,\"name\":\"Profesores cuentan c\u00f3mo adaptan su trabajo en tiempos de educaci\u00f3n de emergencia\"}]},{\"@type\":\"WebSite\",\"@id\":\"https:\/\/dev.explora.cl\/maule\/#website\",\"url\":\"https:\/\/dev.explora.cl\/maule\/\",\"name\":\"Maule\",\"description\":\"Otro sitio m\u00e1s de dev.explora.cl\",\"potentialAction\":[{\"@type\":\"SearchAction\",\"target\":{\"@type\":\"EntryPoint\",\"urlTemplate\":\"https:\/\/dev.explora.cl\/maule\/?s={search_term_string}\"},\"query-input\":{\"@type\":\"PropertyValueSpecification\",\"valueRequired\":true,\"valueName\":\"search_term_string\"}}],\"inLanguage\":\"es-CL\"},{\"@type\":\"Person\",\"@id\":\"https:\/\/dev.explora.cl\/maule\/#\/schema\/person\/7c4a8d7da1b43fee83d990c08dd35f99\",\"name\":\"cpereira\",\"image\":{\"@type\":\"ImageObject\",\"inLanguage\":\"es-CL\",\"@id\":\"https:\/\/dev.explora.cl\/maule\/#\/schema\/person\/image\/\",\"url\":\"https:\/\/secure.gravatar.com\/avatar\/b5fc66932e6c27119a245427f86f8c950201f3cbe1e64e508e0f7c39dc595157?s=96&d=mm&r=g\",\"contentUrl\":\"https:\/\/secure.gravatar.com\/avatar\/b5fc66932e6c27119a245427f86f8c950201f3cbe1e64e508e0f7c39dc595157?s=96&d=mm&r=g\",\"caption\":\"cpereira\"},\"url\":\"https:\/\/dev.explora.cl\/maule\/author\/cpereira\/\"}]}<\/script>\n<!-- \/ Yoast SEO plugin. -->","yoast_head_json":{"title":"Profesores cuentan c\u00f3mo adaptan su trabajo en tiempos de educaci\u00f3n de emergencia - Maule","robots":{"index":"index","follow":"follow","max-snippet":"max-snippet:-1","max-image-preview":"max-image-preview:large","max-video-preview":"max-video-preview:-1"},"canonical":"https:\/\/dev.explora.cl\/maule\/profesores-cuentan-como-adaptan-su-trabajo-en-tiempos-de-educacion-de-emergencia\/","og_locale":"es_ES","og_type":"article","og_title":"Profesores cuentan c\u00f3mo adaptan su trabajo en tiempos de educaci\u00f3n de emergencia - Maule","og_description":"En Zona de Profes, el nuevo webinar de entrevistas de Explora Maule, donde cada semana profesores de la Regi\u00f3n y del Pa\u00eds, reflexionan sobre sus pr\u00e1cticas pedag\u00f3gicas en contextos virtuales debido a la pandemia del COVID 19.","og_url":"https:\/\/dev.explora.cl\/maule\/profesores-cuentan-como-adaptan-su-trabajo-en-tiempos-de-educacion-de-emergencia\/","og_site_name":"Maule","article_published_time":"2020-09-25T18:39:42+00:00","article_modified_time":"2020-09-25T18:40:11+00:00","og_image":[{"width":1920,"height":1080,"url":"https:\/\/dev.explora.cl\/maule\/wp-content\/uploads\/sites\/9\/2020\/09\/Entrevista-al-profesor-Exequiel-Co\u00f1oman-finalista-del-premio-Global-Teacher-Prize.jpg","type":"image\/jpeg"}],"author":"cpereira","twitter_card":"summary_large_image","twitter_misc":{"Escrito por":"cpereira","Tiempo estimado de lectura":"3 minutos"},"schema":{"@context":"https:\/\/schema.org","@graph":[{"@type":"Article","@id":"https:\/\/dev.explora.cl\/maule\/profesores-cuentan-como-adaptan-su-trabajo-en-tiempos-de-educacion-de-emergencia\/#article","isPartOf":{"@id":"https:\/\/dev.explora.cl\/maule\/profesores-cuentan-como-adaptan-su-trabajo-en-tiempos-de-educacion-de-emergencia\/"},"author":{"name":"cpereira","@id":"https:\/\/dev.explora.cl\/maule\/#\/schema\/person\/7c4a8d7da1b43fee83d990c08dd35f99"},"headline":"Profesores cuentan c\u00f3mo adaptan su trabajo en tiempos de educaci\u00f3n de emergencia","datePublished":"2020-09-25T18:39:42+00:00","dateModified":"2020-09-25T18:40:11+00:00","mainEntityOfPage":{"@id":"https:\/\/dev.explora.cl\/maule\/profesores-cuentan-como-adaptan-su-trabajo-en-tiempos-de-educacion-de-emergencia\/"},"wordCount":546,"image":{"@id":"https:\/\/dev.explora.cl\/maule\/profesores-cuentan-como-adaptan-su-trabajo-en-tiempos-de-educacion-de-emergencia\/#primaryimage"},"thumbnailUrl":"https:\/\/dev.explora.cl\/maule\/wp-content\/uploads\/sites\/9\/2020\/09\/Entrevista-al-profesor-Exequiel-Co\u00f1oman-finalista-del-premio-Global-Teacher-Prize.jpg","keywords":["biodiversidad","Explora Conicyt","Exposici\u00f3n","Maule","natural"],"articleSection":["Lugar 4","Noticias"],"inLanguage":"es-CL"},{"@type":"WebPage","@id":"https:\/\/dev.explora.cl\/maule\/profesores-cuentan-como-adaptan-su-trabajo-en-tiempos-de-educacion-de-emergencia\/","url":"https:\/\/dev.explora.cl\/maule\/profesores-cuentan-como-adaptan-su-trabajo-en-tiempos-de-educacion-de-emergencia\/","name":"Profesores cuentan c\u00f3mo adaptan su trabajo en tiempos de educaci\u00f3n de emergencia - Maule","isPartOf":{"@id":"https:\/\/dev.explora.cl\/maule\/#website"},"primaryImageOfPage":{"@id":"https:\/\/dev.explora.cl\/maule\/profesores-cuentan-como-adaptan-su-trabajo-en-tiempos-de-educacion-de-emergencia\/#primaryimage"},"image":{"@id":"https:\/\/dev.explora.cl\/maule\/profesores-cuentan-como-adaptan-su-trabajo-en-tiempos-de-educacion-de-emergencia\/#primaryimage"},"thumbnailUrl":"https:\/\/dev.explora.cl\/maule\/wp-content\/uploads\/sites\/9\/2020\/09\/Entrevista-al-profesor-Exequiel-Co\u00f1oman-finalista-del-premio-Global-Teacher-Prize.jpg","datePublished":"2020-09-25T18:39:42+00:00","dateModified":"2020-09-25T18:40:11+00:00","author":{"@id":"https:\/\/dev.explora.cl\/maule\/#\/schema\/person\/7c4a8d7da1b43fee83d990c08dd35f99"},"breadcrumb":{"@id":"https:\/\/dev.explora.cl\/maule\/profesores-cuentan-como-adaptan-su-trabajo-en-tiempos-de-educacion-de-emergencia\/#breadcrumb"},"inLanguage":"es-CL","potentialAction":[{"@type":"ReadAction","target":["https:\/\/dev.explora.cl\/maule\/profesores-cuentan-como-adaptan-su-trabajo-en-tiempos-de-educacion-de-emergencia\/"]}]},{"@type":"ImageObject","inLanguage":"es-CL","@id":"https:\/\/dev.explora.cl\/maule\/profesores-cuentan-como-adaptan-su-trabajo-en-tiempos-de-educacion-de-emergencia\/#primaryimage","url":"https:\/\/dev.explora.cl\/maule\/wp-content\/uploads\/sites\/9\/2020\/09\/Entrevista-al-profesor-Exequiel-Co\u00f1oman-finalista-del-premio-Global-Teacher-Prize.jpg","contentUrl":"https:\/\/dev.explora.cl\/maule\/wp-content\/uploads\/sites\/9\/2020\/09\/Entrevista-al-profesor-Exequiel-Co\u00f1oman-finalista-del-premio-Global-Teacher-Prize.jpg","width":1920,"height":1080},{"@type":"BreadcrumbList","@id":"https:\/\/dev.explora.cl\/maule\/profesores-cuentan-como-adaptan-su-trabajo-en-tiempos-de-educacion-de-emergencia\/#breadcrumb","itemListElement":[{"@type":"ListItem","position":1,"name":"Portada","item":"https:\/\/dev.explora.cl\/maule\/"},{"@type":"ListItem","position":2,"name":"Profesores cuentan c\u00f3mo adaptan su trabajo en tiempos de educaci\u00f3n de emergencia"}]},{"@type":"WebSite","@id":"https:\/\/dev.explora.cl\/maule\/#website","url":"https:\/\/dev.explora.cl\/maule\/","name":"Maule","description":"Otro sitio m\u00e1s de dev.explora.cl","potentialAction":[{"@type":"SearchAction","target":{"@type":"EntryPoint","urlTemplate":"https:\/\/dev.explora.cl\/maule\/?s={search_term_string}"},"query-input":{"@type":"PropertyValueSpecification","valueRequired":true,"valueName":"search_term_string"}}],"inLanguage":"es-CL"},{"@type":"Person","@id":"https:\/\/dev.explora.cl\/maule\/#\/schema\/person\/7c4a8d7da1b43fee83d990c08dd35f99","name":"cpereira","image":{"@type":"ImageObject","inLanguage":"es-CL","@id":"https:\/\/dev.explora.cl\/maule\/#\/schema\/person\/image\/","url":"https:\/\/secure.gravatar.com\/avatar\/b5fc66932e6c27119a245427f86f8c950201f3cbe1e64e508e0f7c39dc595157?s=96&d=mm&r=g","contentUrl":"https:\/\/secure.gravatar.com\/avatar\/b5fc66932e6c27119a245427f86f8c950201f3cbe1e64e508e0f7c39dc595157?s=96&d=mm&r=g","caption":"cpereira"},"url":"https:\/\/dev.explora.cl\/maule\/author\/cpereira\/"}]}},"_links":{"self":[{"href":"https:\/\/dev.explora.cl\/maule\/wp-json\/wp\/v2\/posts\/38670","targetHints":{"allow":["GET"]}}],"collection":[{"href":"https:\/\/dev.explora.cl\/maule\/wp-json\/wp\/v2\/posts"}],"about":[{"href":"https:\/\/dev.explora.cl\/maule\/wp-json\/wp\/v2\/types\/post"}],"author":[{"embeddable":true,"href":"https:\/\/dev.explora.cl\/maule\/wp-json\/wp\/v2\/users\/24"}],"replies":[{"embeddable":true,"href":"https:\/\/dev.explora.cl\/maule\/wp-json\/wp\/v2\/comments?post=38670"}],"version-history":[{"count":2,"href":"https:\/\/dev.explora.cl\/maule\/wp-json\/wp\/v2\/posts\/38670\/revisions"}],"predecessor-version":[{"id":38673,"href":"https:\/\/dev.explora.cl\/maule\/wp-json\/wp\/v2\/posts\/38670\/revisions\/38673"}],"wp:featuredmedia":[{"embeddable":true,"href":"https:\/\/dev.explora.cl\/maule\/wp-json\/wp\/v2\/media\/38671"}],"wp:attachment":[{"href":"https:\/\/dev.explora.cl\/maule\/wp-json\/wp\/v2\/media?parent=38670"}],"wp:term":[{"taxonomy":"category","embeddable":true,"href":"https:\/\/dev.explora.cl\/maule\/wp-json\/wp\/v2\/categories?post=38670"},{"taxonomy":"post_tag","embeddable":true,"href":"https:\/\/dev.explora.cl\/maule\/wp-json\/wp\/v2\/tags?post=38670"}],"curies":[{"name":"wp","href":"https:\/\/api.w.org\/{rel}","templated":true}]}}