{"id":38541,"date":"2020-06-17T14:11:59","date_gmt":"2020-06-17T18:11:59","guid":{"rendered":"https:\/\/dev.explora.cl\/maule\/?p=38541"},"modified":"2020-06-17T17:38:12","modified_gmt":"2020-06-17T21:38:12","slug":"explora-maule-invita-a-escolares-para-realizar-investigaciones-juntos-a-cientificos-del-pais-2","status":"publish","type":"post","link":"https:\/\/dev.explora.cl\/maule\/explora-maule-invita-a-escolares-para-realizar-investigaciones-juntos-a-cientificos-del-pais-2\/","title":{"rendered":"Explora Maule invita a escolares para realizar investigaciones juntos a cient\u00edficos del Pa\u00eds"},"content":{"rendered":"<p><em>El programa que lidera la Universidad de Talca abre la convocatoria de las \u201cAcademias Maule Ciencia\u201d, un espacio virtual donde docentes, escolares e investigadores trabajar\u00e1n en proyectos de indagaci\u00f3n escolar que exploren soluciones a problemas de sus territorios. <\/em><\/p>\n<p>La pandemia del Covid 19 ha generado cambios en nuestra forma de relacionarnos, tanto socialmente, como con nuestro entorno\u00a0 y en la vida cotidiana. Buscar soluciones a los retos que ha develado esta situaci\u00f3n es una oportunidad para generar investigaci\u00f3n cient\u00edfica escolar desde la escuela, a trav\u00e9s del aprendizaje basado en proyectos (ABP).<\/p>\n<p>En este el contexto, el PAR Explora Maule ejecutado por la Universidad de Talca, invita a los estudiantes y a docentes de todos los niveles educativos a participar en una nueva versi\u00f3n de la \u201cAcademia Maule Ciencia \u201c, plataforma de encuentro entre la comunidad escolar y cient\u00edfica de la Regi\u00f3n, quienes realizan en conjuntos proyectos de investigaci\u00f3n que buscan solucionar problem\u00e1ticas cient\u00edficas y tecnol\u00f3gicas de sus comunidades.<\/p>\n<p>\u201cEn estos momentos nuestra vida cotidiana se convirti\u00f3 en un gran laboratorio donde estamos experimentando d\u00eda a d\u00eda cambios profundos en nuestras diversas esferas sociales, a trav\u00e9s de esta plataforma educativa, invitamos a los estudiantes y a sus docentes a volcar su creatividad en soluciones al servicio de sus comunidades\u201d, se\u00f1al\u00f3 Pablo Gonz\u00e1lez, director de Explora Maule\/UTalca.<\/p>\n<p><img loading=\"lazy\" decoding=\"async\" class=\"size-medium wp-image-38543 alignright\" src=\"https:\/\/dev.explora.cl\/maule\/wp-content\/uploads\/sites\/9\/2020\/06\/Foto-9-300x225.jpeg\" alt=\"\" width=\"300\" height=\"225\" srcset=\"https:\/\/dev.explora.cl\/maule\/wp-content\/uploads\/sites\/9\/2020\/06\/Foto-9-300x225.jpeg 300w, https:\/\/dev.explora.cl\/maule\/wp-content\/uploads\/sites\/9\/2020\/06\/Foto-9-768x576.jpeg 768w, https:\/\/dev.explora.cl\/maule\/wp-content\/uploads\/sites\/9\/2020\/06\/Foto-9-1024x768.jpeg 1024w, https:\/\/dev.explora.cl\/maule\/wp-content\/uploads\/sites\/9\/2020\/06\/Foto-9.jpeg 1280w\" sizes=\"auto, (max-width: 300px) 100vw, 300px\" \/>Para ejecutar esta sexta versi\u00f3n, se han realizado varios cambios para adaptar el formato a las din\u00e1micas de estudios que se est\u00e1n generando por la pandemia. Todo el trabajo ser\u00e1 en forma remota por lo que las investigaciones, s\u00f3lo podr\u00e1n ser proyectos cualitativos o cuantitativos, no experimentales.<\/p>\n<p>El programa formativo de la \u201cAcademia Maule Ciencia\u201d, contempla un taller de ideaci\u00f3n, donde se motivar\u00e1 a generar y canalizar las preguntas de investigaci\u00f3n. Un segundo paso, ser\u00e1n las capacitaciones metodol\u00f3gicas, donde aprender\u00e1n t\u00e9cnicas cualitativas y cuantitativas para generar sus proyectos, y, por \u00faltimo, la residencia cient\u00edfica donde trabajar\u00e1n apoyados por investigadores e investigadoras de la Universidad de Talca y de otras casas de estudios del Pa\u00eds, en la materializaci\u00f3n de sus proyectos.<\/p>\n<p><strong>Inteligencia colectiva<\/strong><\/p>\n<p>Una de las novedades de esta edici\u00f3n, ser\u00e1 la incorporaci\u00f3n del uso de plataforma de redes sociales como herramientas para generar comunidades de aprendizaje, que afronten los desaf\u00edos de investigaci\u00f3n de forma colaborativa.<\/p>\n<p><img loading=\"lazy\" decoding=\"async\" class=\"size-medium wp-image-38545 alignright\" src=\"https:\/\/dev.explora.cl\/maule\/wp-content\/uploads\/sites\/9\/2020\/06\/Foto-3-300x225.jpeg\" alt=\"\" width=\"300\" height=\"225\" srcset=\"https:\/\/dev.explora.cl\/maule\/wp-content\/uploads\/sites\/9\/2020\/06\/Foto-3-300x225.jpeg 300w, https:\/\/dev.explora.cl\/maule\/wp-content\/uploads\/sites\/9\/2020\/06\/Foto-3-768x576.jpeg 768w, https:\/\/dev.explora.cl\/maule\/wp-content\/uploads\/sites\/9\/2020\/06\/Foto-3-1024x768.jpeg 1024w, https:\/\/dev.explora.cl\/maule\/wp-content\/uploads\/sites\/9\/2020\/06\/Foto-3.jpeg 1280w\" sizes=\"auto, (max-width: 300px) 100vw, 300px\" \/>\u201cEsta es una oportunidad para que los docentes y sus escolares de diversos puntos de la Regi\u00f3n, interaccionen y coloquen a disposici\u00f3n sus talentos en la b\u00fasqueda de soluciones a problemas comunes, adem\u00e1s de promover la investigaci\u00f3n como practica en la cultura de las comunidades educativas\u201d, indic\u00f3 Catalina Letelier, encargada del \u00e1rea escolar de Explora Maule.<\/p>\n<p>La Academia Maule Ciencia, est\u00e1 dirigida a estudiantes, desde primero b\u00e1sico a cuarto medio de establecimientos educacionales del Maule. \u00a0Los docentes y escolares interesados pueden descargar las bases y el formulario de postulaci\u00f3n en el sitio web: <a href=\"https:\/\/dev.explora.cl\/maule\/\">dev.explora.cl\/maule\/<\/a>.<\/p>\n<p>Las inscripciones se recibir\u00e1n hasta el mi\u00e9rcoles 15 de julio, en el correo electr\u00f3nico: convocatorias@exploramaule.org<\/p>\n<p><strong>Bases y formulario de inscripci\u00f3n: <\/strong><a href=\"https:\/\/forms.gle\/3S1jQYizy1pse6Z67\">https:\/\/forms.gle\/3S1jQYizy1pse6Z67<\/a><\/p>\n<p>&nbsp;<\/p>\n<p>&nbsp;<\/p>\n","protected":false},"excerpt":{"rendered":"<p>El programa que lidera la Universidad de Talca abre la convocatoria de las \u201cAcademias Maule Ciencia\u201d, un espacio virtual donde docentes, escolares e investigadores trabajar\u00e1n en proyectos de indagaci\u00f3n escolar que exploren soluciones a problemas de sus territorios.<\/p>\n","protected":false},"author":24,"featured_media":38542,"comment_status":"closed","ping_status":"closed","sticky":false,"template":"","format":"standard","meta":{"_acf_changed":false,"_exactmetrics_skip_tracking":false,"_exactmetrics_sitenote_active":false,"_exactmetrics_sitenote_note":"","_exactmetrics_sitenote_category":0,"footnotes":"","_links_to":"","_links_to_target":""},"categories":[139,4],"tags":[81,21,166,167,168],"class_list":["post-38541","post","type-post","status-publish","format-standard","has-post-thumbnail","hentry","category-lugar-4","category-noticias","tag-biodiversidad","tag-explora-conicyt","tag-exposicion","tag-maule","tag-natural"],"acf":[],"yoast_head":"<!-- This site is optimized with the Yoast SEO plugin v26.7 - https:\/\/yoast.com\/wordpress\/plugins\/seo\/ -->\n<title>Explora Maule invita a escolares para realizar investigaciones juntos a cient\u00edficos del Pa\u00eds - Maule<\/title>\n<meta name=\"robots\" content=\"index, follow, max-snippet:-1, max-image-preview:large, max-video-preview:-1\" \/>\n<link rel=\"canonical\" href=\"https:\/\/dev.explora.cl\/maule\/explora-maule-invita-a-escolares-para-realizar-investigaciones-juntos-a-cientificos-del-pais-2\/\" class=\"yoast-seo-meta-tag\" \/>\n<meta property=\"og:locale\" content=\"es_ES\" class=\"yoast-seo-meta-tag\" \/>\n<meta property=\"og:type\" content=\"article\" class=\"yoast-seo-meta-tag\" \/>\n<meta property=\"og:title\" content=\"Explora Maule invita a escolares para realizar investigaciones juntos a cient\u00edficos del Pa\u00eds - Maule\" class=\"yoast-seo-meta-tag\" \/>\n<meta property=\"og:description\" content=\"El programa que lidera la Universidad de Talca abre la convocatoria de las \u201cAcademias Maule Ciencia\u201d, un espacio virtual donde docentes, escolares e investigadores trabajar\u00e1n en proyectos de indagaci\u00f3n escolar que exploren soluciones a problemas de sus territorios.\" class=\"yoast-seo-meta-tag\" \/>\n<meta property=\"og:url\" content=\"https:\/\/dev.explora.cl\/maule\/explora-maule-invita-a-escolares-para-realizar-investigaciones-juntos-a-cientificos-del-pais-2\/\" class=\"yoast-seo-meta-tag\" \/>\n<meta property=\"og:site_name\" content=\"Maule\" class=\"yoast-seo-meta-tag\" \/>\n<meta property=\"article:published_time\" content=\"2020-06-17T18:11:59+00:00\" class=\"yoast-seo-meta-tag\" \/>\n<meta property=\"article:modified_time\" content=\"2020-06-17T21:38:12+00:00\" class=\"yoast-seo-meta-tag\" \/>\n<meta property=\"og:image\" content=\"https:\/\/dev.explora.cl\/maule\/wp-content\/uploads\/sites\/9\/2020\/06\/Foto-6-1.jpeg\" class=\"yoast-seo-meta-tag\" \/>\n\t<meta property=\"og:image:width\" content=\"1280\" class=\"yoast-seo-meta-tag\" \/>\n\t<meta property=\"og:image:height\" content=\"960\" class=\"yoast-seo-meta-tag\" \/>\n\t<meta property=\"og:image:type\" content=\"image\/jpeg\" class=\"yoast-seo-meta-tag\" \/>\n<meta name=\"author\" content=\"cpereira\" class=\"yoast-seo-meta-tag\" \/>\n<meta name=\"twitter:card\" content=\"summary_large_image\" class=\"yoast-seo-meta-tag\" \/>\n<meta name=\"twitter:label1\" content=\"Escrito por\" class=\"yoast-seo-meta-tag\" \/>\n\t<meta name=\"twitter:data1\" content=\"cpereira\" class=\"yoast-seo-meta-tag\" \/>\n\t<meta name=\"twitter:label2\" content=\"Tiempo estimado de lectura\" class=\"yoast-seo-meta-tag\" \/>\n\t<meta name=\"twitter:data2\" content=\"3 minutos\" class=\"yoast-seo-meta-tag\" \/>\n<script type=\"application\/ld+json\" class=\"yoast-schema-graph\">{\"@context\":\"https:\/\/schema.org\",\"@graph\":[{\"@type\":\"Article\",\"@id\":\"https:\/\/dev.explora.cl\/maule\/explora-maule-invita-a-escolares-para-realizar-investigaciones-juntos-a-cientificos-del-pais-2\/#article\",\"isPartOf\":{\"@id\":\"https:\/\/dev.explora.cl\/maule\/explora-maule-invita-a-escolares-para-realizar-investigaciones-juntos-a-cientificos-del-pais-2\/\"},\"author\":{\"name\":\"cpereira\",\"@id\":\"https:\/\/dev.explora.cl\/maule\/#\/schema\/person\/7c4a8d7da1b43fee83d990c08dd35f99\"},\"headline\":\"Explora Maule invita a escolares para realizar investigaciones juntos a cient\u00edficos del Pa\u00eds\",\"datePublished\":\"2020-06-17T18:11:59+00:00\",\"dateModified\":\"2020-06-17T21:38:12+00:00\",\"mainEntityOfPage\":{\"@id\":\"https:\/\/dev.explora.cl\/maule\/explora-maule-invita-a-escolares-para-realizar-investigaciones-juntos-a-cientificos-del-pais-2\/\"},\"wordCount\":559,\"image\":{\"@id\":\"https:\/\/dev.explora.cl\/maule\/explora-maule-invita-a-escolares-para-realizar-investigaciones-juntos-a-cientificos-del-pais-2\/#primaryimage\"},\"thumbnailUrl\":\"https:\/\/dev.explora.cl\/maule\/wp-content\/uploads\/sites\/9\/2020\/06\/Foto-6-1.jpeg\",\"keywords\":[\"biodiversidad\",\"Explora Conicyt\",\"Exposici\u00f3n\",\"Maule\",\"natural\"],\"articleSection\":[\"Lugar 4\",\"Noticias\"],\"inLanguage\":\"es-CL\"},{\"@type\":\"WebPage\",\"@id\":\"https:\/\/dev.explora.cl\/maule\/explora-maule-invita-a-escolares-para-realizar-investigaciones-juntos-a-cientificos-del-pais-2\/\",\"url\":\"https:\/\/dev.explora.cl\/maule\/explora-maule-invita-a-escolares-para-realizar-investigaciones-juntos-a-cientificos-del-pais-2\/\",\"name\":\"Explora Maule invita a escolares para realizar investigaciones juntos a cient\u00edficos del Pa\u00eds - Maule\",\"isPartOf\":{\"@id\":\"https:\/\/dev.explora.cl\/maule\/#website\"},\"primaryImageOfPage\":{\"@id\":\"https:\/\/dev.explora.cl\/maule\/explora-maule-invita-a-escolares-para-realizar-investigaciones-juntos-a-cientificos-del-pais-2\/#primaryimage\"},\"image\":{\"@id\":\"https:\/\/dev.explora.cl\/maule\/explora-maule-invita-a-escolares-para-realizar-investigaciones-juntos-a-cientificos-del-pais-2\/#primaryimage\"},\"thumbnailUrl\":\"https:\/\/dev.explora.cl\/maule\/wp-content\/uploads\/sites\/9\/2020\/06\/Foto-6-1.jpeg\",\"datePublished\":\"2020-06-17T18:11:59+00:00\",\"dateModified\":\"2020-06-17T21:38:12+00:00\",\"author\":{\"@id\":\"https:\/\/dev.explora.cl\/maule\/#\/schema\/person\/7c4a8d7da1b43fee83d990c08dd35f99\"},\"breadcrumb\":{\"@id\":\"https:\/\/dev.explora.cl\/maule\/explora-maule-invita-a-escolares-para-realizar-investigaciones-juntos-a-cientificos-del-pais-2\/#breadcrumb\"},\"inLanguage\":\"es-CL\",\"potentialAction\":[{\"@type\":\"ReadAction\",\"target\":[\"https:\/\/dev.explora.cl\/maule\/explora-maule-invita-a-escolares-para-realizar-investigaciones-juntos-a-cientificos-del-pais-2\/\"]}]},{\"@type\":\"ImageObject\",\"inLanguage\":\"es-CL\",\"@id\":\"https:\/\/dev.explora.cl\/maule\/explora-maule-invita-a-escolares-para-realizar-investigaciones-juntos-a-cientificos-del-pais-2\/#primaryimage\",\"url\":\"https:\/\/dev.explora.cl\/maule\/wp-content\/uploads\/sites\/9\/2020\/06\/Foto-6-1.jpeg\",\"contentUrl\":\"https:\/\/dev.explora.cl\/maule\/wp-content\/uploads\/sites\/9\/2020\/06\/Foto-6-1.jpeg\",\"width\":1280,\"height\":960},{\"@type\":\"BreadcrumbList\",\"@id\":\"https:\/\/dev.explora.cl\/maule\/explora-maule-invita-a-escolares-para-realizar-investigaciones-juntos-a-cientificos-del-pais-2\/#breadcrumb\",\"itemListElement\":[{\"@type\":\"ListItem\",\"position\":1,\"name\":\"Portada\",\"item\":\"https:\/\/dev.explora.cl\/maule\/\"},{\"@type\":\"ListItem\",\"position\":2,\"name\":\"Explora Maule invita a escolares para realizar investigaciones juntos a cient\u00edficos del Pa\u00eds\"}]},{\"@type\":\"WebSite\",\"@id\":\"https:\/\/dev.explora.cl\/maule\/#website\",\"url\":\"https:\/\/dev.explora.cl\/maule\/\",\"name\":\"Maule\",\"description\":\"Otro sitio m\u00e1s de dev.explora.cl\",\"potentialAction\":[{\"@type\":\"SearchAction\",\"target\":{\"@type\":\"EntryPoint\",\"urlTemplate\":\"https:\/\/dev.explora.cl\/maule\/?s={search_term_string}\"},\"query-input\":{\"@type\":\"PropertyValueSpecification\",\"valueRequired\":true,\"valueName\":\"search_term_string\"}}],\"inLanguage\":\"es-CL\"},{\"@type\":\"Person\",\"@id\":\"https:\/\/dev.explora.cl\/maule\/#\/schema\/person\/7c4a8d7da1b43fee83d990c08dd35f99\",\"name\":\"cpereira\",\"image\":{\"@type\":\"ImageObject\",\"inLanguage\":\"es-CL\",\"@id\":\"https:\/\/dev.explora.cl\/maule\/#\/schema\/person\/image\/\",\"url\":\"https:\/\/secure.gravatar.com\/avatar\/b5fc66932e6c27119a245427f86f8c950201f3cbe1e64e508e0f7c39dc595157?s=96&d=mm&r=g\",\"contentUrl\":\"https:\/\/secure.gravatar.com\/avatar\/b5fc66932e6c27119a245427f86f8c950201f3cbe1e64e508e0f7c39dc595157?s=96&d=mm&r=g\",\"caption\":\"cpereira\"},\"url\":\"https:\/\/dev.explora.cl\/maule\/author\/cpereira\/\"}]}<\/script>\n<!-- \/ Yoast SEO plugin. -->","yoast_head_json":{"title":"Explora Maule invita a escolares para realizar investigaciones juntos a cient\u00edficos del Pa\u00eds - Maule","robots":{"index":"index","follow":"follow","max-snippet":"max-snippet:-1","max-image-preview":"max-image-preview:large","max-video-preview":"max-video-preview:-1"},"canonical":"https:\/\/dev.explora.cl\/maule\/explora-maule-invita-a-escolares-para-realizar-investigaciones-juntos-a-cientificos-del-pais-2\/","og_locale":"es_ES","og_type":"article","og_title":"Explora Maule invita a escolares para realizar investigaciones juntos a cient\u00edficos del Pa\u00eds - Maule","og_description":"El programa que lidera la Universidad de Talca abre la convocatoria de las \u201cAcademias Maule Ciencia\u201d, un espacio virtual donde docentes, escolares e investigadores trabajar\u00e1n en proyectos de indagaci\u00f3n escolar que exploren soluciones a problemas de sus territorios.","og_url":"https:\/\/dev.explora.cl\/maule\/explora-maule-invita-a-escolares-para-realizar-investigaciones-juntos-a-cientificos-del-pais-2\/","og_site_name":"Maule","article_published_time":"2020-06-17T18:11:59+00:00","article_modified_time":"2020-06-17T21:38:12+00:00","og_image":[{"width":1280,"height":960,"url":"https:\/\/dev.explora.cl\/maule\/wp-content\/uploads\/sites\/9\/2020\/06\/Foto-6-1.jpeg","type":"image\/jpeg"}],"author":"cpereira","twitter_card":"summary_large_image","twitter_misc":{"Escrito por":"cpereira","Tiempo estimado de lectura":"3 minutos"},"schema":{"@context":"https:\/\/schema.org","@graph":[{"@type":"Article","@id":"https:\/\/dev.explora.cl\/maule\/explora-maule-invita-a-escolares-para-realizar-investigaciones-juntos-a-cientificos-del-pais-2\/#article","isPartOf":{"@id":"https:\/\/dev.explora.cl\/maule\/explora-maule-invita-a-escolares-para-realizar-investigaciones-juntos-a-cientificos-del-pais-2\/"},"author":{"name":"cpereira","@id":"https:\/\/dev.explora.cl\/maule\/#\/schema\/person\/7c4a8d7da1b43fee83d990c08dd35f99"},"headline":"Explora Maule invita a escolares para realizar investigaciones juntos a cient\u00edficos del Pa\u00eds","datePublished":"2020-06-17T18:11:59+00:00","dateModified":"2020-06-17T21:38:12+00:00","mainEntityOfPage":{"@id":"https:\/\/dev.explora.cl\/maule\/explora-maule-invita-a-escolares-para-realizar-investigaciones-juntos-a-cientificos-del-pais-2\/"},"wordCount":559,"image":{"@id":"https:\/\/dev.explora.cl\/maule\/explora-maule-invita-a-escolares-para-realizar-investigaciones-juntos-a-cientificos-del-pais-2\/#primaryimage"},"thumbnailUrl":"https:\/\/dev.explora.cl\/maule\/wp-content\/uploads\/sites\/9\/2020\/06\/Foto-6-1.jpeg","keywords":["biodiversidad","Explora Conicyt","Exposici\u00f3n","Maule","natural"],"articleSection":["Lugar 4","Noticias"],"inLanguage":"es-CL"},{"@type":"WebPage","@id":"https:\/\/dev.explora.cl\/maule\/explora-maule-invita-a-escolares-para-realizar-investigaciones-juntos-a-cientificos-del-pais-2\/","url":"https:\/\/dev.explora.cl\/maule\/explora-maule-invita-a-escolares-para-realizar-investigaciones-juntos-a-cientificos-del-pais-2\/","name":"Explora Maule invita a escolares para realizar investigaciones juntos a cient\u00edficos del Pa\u00eds - Maule","isPartOf":{"@id":"https:\/\/dev.explora.cl\/maule\/#website"},"primaryImageOfPage":{"@id":"https:\/\/dev.explora.cl\/maule\/explora-maule-invita-a-escolares-para-realizar-investigaciones-juntos-a-cientificos-del-pais-2\/#primaryimage"},"image":{"@id":"https:\/\/dev.explora.cl\/maule\/explora-maule-invita-a-escolares-para-realizar-investigaciones-juntos-a-cientificos-del-pais-2\/#primaryimage"},"thumbnailUrl":"https:\/\/dev.explora.cl\/maule\/wp-content\/uploads\/sites\/9\/2020\/06\/Foto-6-1.jpeg","datePublished":"2020-06-17T18:11:59+00:00","dateModified":"2020-06-17T21:38:12+00:00","author":{"@id":"https:\/\/dev.explora.cl\/maule\/#\/schema\/person\/7c4a8d7da1b43fee83d990c08dd35f99"},"breadcrumb":{"@id":"https:\/\/dev.explora.cl\/maule\/explora-maule-invita-a-escolares-para-realizar-investigaciones-juntos-a-cientificos-del-pais-2\/#breadcrumb"},"inLanguage":"es-CL","potentialAction":[{"@type":"ReadAction","target":["https:\/\/dev.explora.cl\/maule\/explora-maule-invita-a-escolares-para-realizar-investigaciones-juntos-a-cientificos-del-pais-2\/"]}]},{"@type":"ImageObject","inLanguage":"es-CL","@id":"https:\/\/dev.explora.cl\/maule\/explora-maule-invita-a-escolares-para-realizar-investigaciones-juntos-a-cientificos-del-pais-2\/#primaryimage","url":"https:\/\/dev.explora.cl\/maule\/wp-content\/uploads\/sites\/9\/2020\/06\/Foto-6-1.jpeg","contentUrl":"https:\/\/dev.explora.cl\/maule\/wp-content\/uploads\/sites\/9\/2020\/06\/Foto-6-1.jpeg","width":1280,"height":960},{"@type":"BreadcrumbList","@id":"https:\/\/dev.explora.cl\/maule\/explora-maule-invita-a-escolares-para-realizar-investigaciones-juntos-a-cientificos-del-pais-2\/#breadcrumb","itemListElement":[{"@type":"ListItem","position":1,"name":"Portada","item":"https:\/\/dev.explora.cl\/maule\/"},{"@type":"ListItem","position":2,"name":"Explora Maule invita a escolares para realizar investigaciones juntos a cient\u00edficos del Pa\u00eds"}]},{"@type":"WebSite","@id":"https:\/\/dev.explora.cl\/maule\/#website","url":"https:\/\/dev.explora.cl\/maule\/","name":"Maule","description":"Otro sitio m\u00e1s de dev.explora.cl","potentialAction":[{"@type":"SearchAction","target":{"@type":"EntryPoint","urlTemplate":"https:\/\/dev.explora.cl\/maule\/?s={search_term_string}"},"query-input":{"@type":"PropertyValueSpecification","valueRequired":true,"valueName":"search_term_string"}}],"inLanguage":"es-CL"},{"@type":"Person","@id":"https:\/\/dev.explora.cl\/maule\/#\/schema\/person\/7c4a8d7da1b43fee83d990c08dd35f99","name":"cpereira","image":{"@type":"ImageObject","inLanguage":"es-CL","@id":"https:\/\/dev.explora.cl\/maule\/#\/schema\/person\/image\/","url":"https:\/\/secure.gravatar.com\/avatar\/b5fc66932e6c27119a245427f86f8c950201f3cbe1e64e508e0f7c39dc595157?s=96&d=mm&r=g","contentUrl":"https:\/\/secure.gravatar.com\/avatar\/b5fc66932e6c27119a245427f86f8c950201f3cbe1e64e508e0f7c39dc595157?s=96&d=mm&r=g","caption":"cpereira"},"url":"https:\/\/dev.explora.cl\/maule\/author\/cpereira\/"}]}},"_links":{"self":[{"href":"https:\/\/dev.explora.cl\/maule\/wp-json\/wp\/v2\/posts\/38541","targetHints":{"allow":["GET"]}}],"collection":[{"href":"https:\/\/dev.explora.cl\/maule\/wp-json\/wp\/v2\/posts"}],"about":[{"href":"https:\/\/dev.explora.cl\/maule\/wp-json\/wp\/v2\/types\/post"}],"author":[{"embeddable":true,"href":"https:\/\/dev.explora.cl\/maule\/wp-json\/wp\/v2\/users\/24"}],"replies":[{"embeddable":true,"href":"https:\/\/dev.explora.cl\/maule\/wp-json\/wp\/v2\/comments?post=38541"}],"version-history":[{"count":2,"href":"https:\/\/dev.explora.cl\/maule\/wp-json\/wp\/v2\/posts\/38541\/revisions"}],"predecessor-version":[{"id":38547,"href":"https:\/\/dev.explora.cl\/maule\/wp-json\/wp\/v2\/posts\/38541\/revisions\/38547"}],"wp:featuredmedia":[{"embeddable":true,"href":"https:\/\/dev.explora.cl\/maule\/wp-json\/wp\/v2\/media\/38542"}],"wp:attachment":[{"href":"https:\/\/dev.explora.cl\/maule\/wp-json\/wp\/v2\/media?parent=38541"}],"wp:term":[{"taxonomy":"category","embeddable":true,"href":"https:\/\/dev.explora.cl\/maule\/wp-json\/wp\/v2\/categories?post=38541"},{"taxonomy":"post_tag","embeddable":true,"href":"https:\/\/dev.explora.cl\/maule\/wp-json\/wp\/v2\/tags?post=38541"}],"curies":[{"name":"wp","href":"https:\/\/api.w.org\/{rel}","templated":true}]}}