{"id":38472,"date":"2020-03-03T15:21:38","date_gmt":"2020-03-03T18:21:38","guid":{"rendered":"https:\/\/dev.explora.cl\/maule\/?p=38472"},"modified":"2020-03-03T15:24:39","modified_gmt":"2020-03-03T18:24:39","slug":"estudiantes-de-curico-y-talca-realizaran-una-expedicion-cientifica-en-reserva-altos-de-lircay","status":"publish","type":"post","link":"https:\/\/dev.explora.cl\/maule\/estudiantes-de-curico-y-talca-realizaran-una-expedicion-cientifica-en-reserva-altos-de-lircay\/","title":{"rendered":"Estudiantes de Curic\u00f3 y Talca realizar\u00e1n una expedici\u00f3n cient\u00edfica en reserva Altos de Lircay"},"content":{"rendered":"<h3><em>Los escolares aprender\u00e1n sobre biodiversidad en un laboratorio natural junto a cient\u00edficos de la Universidad de Talca.<\/em><\/h3>\n<p>Ni\u00f1as y ni\u00f1os del cuarto b\u00e1sico del colegio Alta Cumbre de Curic\u00f3 y de la escuela Santa Marta de Talca, se insertar\u00e1n en los bosques maulinos junto a cient\u00edficos y cient\u00edficas de la Universidad de Talca, para aprender ciencias de una forma inmersiva en un entorno natural.<\/p>\n<p>Esto gracias a su destacada participaci\u00f3n en el \u00e1lbum \u201cEclipsados\u201d que el programa Explora del Ministerio de Ciencia, Tecnolog\u00eda, conocimiento e Innovaci\u00f3n, implement\u00f3 en el Pa\u00eds, para acercar la ciencia de una forma l\u00fadica y entretenida entre escolares del primer ciclo de educaci\u00f3n b\u00e1sica.<\/p>\n<p>\u201cLos estudiantes completaron el \u00e1lbum y realizaron las diversas actividades de indagaci\u00f3n que se propusieron para entender y aprender sobre astronom\u00eda, especialmente sobre eclipses\u201d, explic\u00f3 Catalina Letelier, encargada de valoraci\u00f3n de la ciencia de Explora Maule.<\/p>\n<p><img loading=\"lazy\" decoding=\"async\" class=\"size-full wp-image-38474 alignleft\" src=\"https:\/\/dev.explora.cl\/maule\/wp-content\/uploads\/sites\/9\/2020\/03\/descarga.jpg\" alt=\"\" width=\"275\" height=\"184\" \/>Para premiar a los estudiantes, profesionales de Explora Maule &#8211; UTalca junto a los guardaparques de CONAF Maule, dise\u00f1aron una actividad de indagaci\u00f3n donde los estudiantes ser\u00e1n los protagonistas de sus propios aprendizajes, esto a trav\u00e9s de un recorrido por la reserva Altos de Lircay, ubicada en la precordillera de San Clemente, donde aprender\u00e1n sobre biodiversidad de los ecosistemas maulinos.<\/p>\n<p>Una de las herramientas pedag\u00f3gicas que se utilizar\u00e1n en la expedici\u00f3n cient\u00edfica ser\u00e1 el libro \u201cConociendo la Flora y Fauna con el Abate Molina\u201d, proyecto generado por cient\u00edficos de la Universidad de Talca, que ense\u00f1a a trav\u00e9s de una gu\u00eda pedag\u00f3gica y experimentos sencillos, principios de ecolog\u00eda maulina a los escolares.<\/p>\n<p>\u201cQueremos que los estudiantes conozcan y valoren el patrimonio natural maulino por medio de la observaci\u00f3n y la indagaci\u00f3n en un laboratorio natural como es la reserva Altos de Lircay, esta actividad es una oportunidad para que aprendan sobre el Maule Nativo y lo complementen con el aprendizaje en ciencias naturales que reciben en sus aulas\u201d, indic\u00f3 Diego Miranda, bi\u00f3logo y encargado de divulgaci\u00f3n cient\u00edfica de Explora Maule.<\/p>\n<p>La expedici\u00f3n cient\u00edfica por la reserva Altos de Lircay se realizar\u00e1 durante marzo 2020 y ser\u00e1 completamente gratuita para los estudiantes galardonados.<\/p>\n<p>&nbsp;<\/p>\n<p>&nbsp;<\/p>\n<p>&nbsp;<\/p>\n<p>&nbsp;<\/p>\n","protected":false},"excerpt":{"rendered":"<p>Los escolares aprender\u00e1n sobre biodiversidad en un laboratorio natural junto a cient\u00edficos de la Universidad de Talca.<\/p>\n","protected":false},"author":24,"featured_media":38473,"comment_status":"closed","ping_status":"closed","sticky":false,"template":"","format":"standard","meta":{"_acf_changed":false,"_exactmetrics_skip_tracking":false,"_exactmetrics_sitenote_active":false,"_exactmetrics_sitenote_note":"","_exactmetrics_sitenote_category":0,"footnotes":"","_links_to":"","_links_to_target":""},"categories":[139,4],"tags":[81,21,166,167,168],"class_list":["post-38472","post","type-post","status-publish","format-standard","has-post-thumbnail","hentry","category-lugar-4","category-noticias","tag-biodiversidad","tag-explora-conicyt","tag-exposicion","tag-maule","tag-natural"],"acf":[],"yoast_head":"<!-- This site is optimized with the Yoast SEO plugin v26.7 - https:\/\/yoast.com\/wordpress\/plugins\/seo\/ -->\n<title>Estudiantes de Curic\u00f3 y Talca realizar\u00e1n una expedici\u00f3n cient\u00edfica en reserva Altos de Lircay - Maule<\/title>\n<meta name=\"robots\" content=\"index, follow, max-snippet:-1, max-image-preview:large, max-video-preview:-1\" \/>\n<link rel=\"canonical\" href=\"https:\/\/dev.explora.cl\/maule\/estudiantes-de-curico-y-talca-realizaran-una-expedicion-cientifica-en-reserva-altos-de-lircay\/\" class=\"yoast-seo-meta-tag\" \/>\n<meta property=\"og:locale\" content=\"es_ES\" class=\"yoast-seo-meta-tag\" \/>\n<meta property=\"og:type\" content=\"article\" class=\"yoast-seo-meta-tag\" \/>\n<meta property=\"og:title\" content=\"Estudiantes de Curic\u00f3 y Talca realizar\u00e1n una expedici\u00f3n cient\u00edfica en reserva Altos de Lircay - Maule\" class=\"yoast-seo-meta-tag\" \/>\n<meta property=\"og:description\" content=\"Los escolares aprender\u00e1n sobre biodiversidad en un laboratorio natural junto a cient\u00edficos de la Universidad de Talca.\" class=\"yoast-seo-meta-tag\" \/>\n<meta property=\"og:url\" content=\"https:\/\/dev.explora.cl\/maule\/estudiantes-de-curico-y-talca-realizaran-una-expedicion-cientifica-en-reserva-altos-de-lircay\/\" class=\"yoast-seo-meta-tag\" \/>\n<meta property=\"og:site_name\" content=\"Maule\" class=\"yoast-seo-meta-tag\" \/>\n<meta property=\"article:published_time\" content=\"2020-03-03T18:21:38+00:00\" class=\"yoast-seo-meta-tag\" \/>\n<meta property=\"article:modified_time\" content=\"2020-03-03T18:24:39+00:00\" class=\"yoast-seo-meta-tag\" \/>\n<meta property=\"og:image\" content=\"https:\/\/dev.explora.cl\/maule\/wp-content\/uploads\/sites\/9\/2020\/03\/th_4adc6ebe3e2b0d2fbfea201316181ee9_NUEVA-Altos-de-Lircay-32.jpg\" class=\"yoast-seo-meta-tag\" \/>\n\t<meta property=\"og:image:width\" content=\"600\" class=\"yoast-seo-meta-tag\" \/>\n\t<meta property=\"og:image:height\" content=\"480\" class=\"yoast-seo-meta-tag\" \/>\n\t<meta property=\"og:image:type\" content=\"image\/jpeg\" class=\"yoast-seo-meta-tag\" \/>\n<meta name=\"author\" content=\"cpereira\" class=\"yoast-seo-meta-tag\" \/>\n<meta name=\"twitter:card\" content=\"summary_large_image\" class=\"yoast-seo-meta-tag\" \/>\n<meta name=\"twitter:label1\" content=\"Escrito por\" class=\"yoast-seo-meta-tag\" \/>\n\t<meta name=\"twitter:data1\" content=\"cpereira\" class=\"yoast-seo-meta-tag\" \/>\n\t<meta name=\"twitter:label2\" content=\"Tiempo estimado de lectura\" class=\"yoast-seo-meta-tag\" \/>\n\t<meta name=\"twitter:data2\" content=\"2 minutos\" class=\"yoast-seo-meta-tag\" \/>\n<script type=\"application\/ld+json\" class=\"yoast-schema-graph\">{\"@context\":\"https:\/\/schema.org\",\"@graph\":[{\"@type\":\"Article\",\"@id\":\"https:\/\/dev.explora.cl\/maule\/estudiantes-de-curico-y-talca-realizaran-una-expedicion-cientifica-en-reserva-altos-de-lircay\/#article\",\"isPartOf\":{\"@id\":\"https:\/\/dev.explora.cl\/maule\/estudiantes-de-curico-y-talca-realizaran-una-expedicion-cientifica-en-reserva-altos-de-lircay\/\"},\"author\":{\"name\":\"cpereira\",\"@id\":\"https:\/\/dev.explora.cl\/maule\/#\/schema\/person\/7c4a8d7da1b43fee83d990c08dd35f99\"},\"headline\":\"Estudiantes de Curic\u00f3 y Talca realizar\u00e1n una expedici\u00f3n cient\u00edfica en reserva Altos de Lircay\",\"datePublished\":\"2020-03-03T18:21:38+00:00\",\"dateModified\":\"2020-03-03T18:24:39+00:00\",\"mainEntityOfPage\":{\"@id\":\"https:\/\/dev.explora.cl\/maule\/estudiantes-de-curico-y-talca-realizaran-una-expedicion-cientifica-en-reserva-altos-de-lircay\/\"},\"wordCount\":405,\"image\":{\"@id\":\"https:\/\/dev.explora.cl\/maule\/estudiantes-de-curico-y-talca-realizaran-una-expedicion-cientifica-en-reserva-altos-de-lircay\/#primaryimage\"},\"thumbnailUrl\":\"https:\/\/dev.explora.cl\/maule\/wp-content\/uploads\/sites\/9\/2020\/03\/th_4adc6ebe3e2b0d2fbfea201316181ee9_NUEVA-Altos-de-Lircay-32.jpg\",\"keywords\":[\"biodiversidad\",\"Explora Conicyt\",\"Exposici\u00f3n\",\"Maule\",\"natural\"],\"articleSection\":[\"Lugar 4\",\"Noticias\"],\"inLanguage\":\"es-CL\"},{\"@type\":\"WebPage\",\"@id\":\"https:\/\/dev.explora.cl\/maule\/estudiantes-de-curico-y-talca-realizaran-una-expedicion-cientifica-en-reserva-altos-de-lircay\/\",\"url\":\"https:\/\/dev.explora.cl\/maule\/estudiantes-de-curico-y-talca-realizaran-una-expedicion-cientifica-en-reserva-altos-de-lircay\/\",\"name\":\"Estudiantes de Curic\u00f3 y Talca realizar\u00e1n una expedici\u00f3n cient\u00edfica en reserva Altos de Lircay - Maule\",\"isPartOf\":{\"@id\":\"https:\/\/dev.explora.cl\/maule\/#website\"},\"primaryImageOfPage\":{\"@id\":\"https:\/\/dev.explora.cl\/maule\/estudiantes-de-curico-y-talca-realizaran-una-expedicion-cientifica-en-reserva-altos-de-lircay\/#primaryimage\"},\"image\":{\"@id\":\"https:\/\/dev.explora.cl\/maule\/estudiantes-de-curico-y-talca-realizaran-una-expedicion-cientifica-en-reserva-altos-de-lircay\/#primaryimage\"},\"thumbnailUrl\":\"https:\/\/dev.explora.cl\/maule\/wp-content\/uploads\/sites\/9\/2020\/03\/th_4adc6ebe3e2b0d2fbfea201316181ee9_NUEVA-Altos-de-Lircay-32.jpg\",\"datePublished\":\"2020-03-03T18:21:38+00:00\",\"dateModified\":\"2020-03-03T18:24:39+00:00\",\"author\":{\"@id\":\"https:\/\/dev.explora.cl\/maule\/#\/schema\/person\/7c4a8d7da1b43fee83d990c08dd35f99\"},\"breadcrumb\":{\"@id\":\"https:\/\/dev.explora.cl\/maule\/estudiantes-de-curico-y-talca-realizaran-una-expedicion-cientifica-en-reserva-altos-de-lircay\/#breadcrumb\"},\"inLanguage\":\"es-CL\",\"potentialAction\":[{\"@type\":\"ReadAction\",\"target\":[\"https:\/\/dev.explora.cl\/maule\/estudiantes-de-curico-y-talca-realizaran-una-expedicion-cientifica-en-reserva-altos-de-lircay\/\"]}]},{\"@type\":\"ImageObject\",\"inLanguage\":\"es-CL\",\"@id\":\"https:\/\/dev.explora.cl\/maule\/estudiantes-de-curico-y-talca-realizaran-una-expedicion-cientifica-en-reserva-altos-de-lircay\/#primaryimage\",\"url\":\"https:\/\/dev.explora.cl\/maule\/wp-content\/uploads\/sites\/9\/2020\/03\/th_4adc6ebe3e2b0d2fbfea201316181ee9_NUEVA-Altos-de-Lircay-32.jpg\",\"contentUrl\":\"https:\/\/dev.explora.cl\/maule\/wp-content\/uploads\/sites\/9\/2020\/03\/th_4adc6ebe3e2b0d2fbfea201316181ee9_NUEVA-Altos-de-Lircay-32.jpg\",\"width\":600,\"height\":480},{\"@type\":\"BreadcrumbList\",\"@id\":\"https:\/\/dev.explora.cl\/maule\/estudiantes-de-curico-y-talca-realizaran-una-expedicion-cientifica-en-reserva-altos-de-lircay\/#breadcrumb\",\"itemListElement\":[{\"@type\":\"ListItem\",\"position\":1,\"name\":\"Portada\",\"item\":\"https:\/\/dev.explora.cl\/maule\/\"},{\"@type\":\"ListItem\",\"position\":2,\"name\":\"Estudiantes de Curic\u00f3 y Talca realizar\u00e1n una expedici\u00f3n cient\u00edfica en reserva Altos de Lircay\"}]},{\"@type\":\"WebSite\",\"@id\":\"https:\/\/dev.explora.cl\/maule\/#website\",\"url\":\"https:\/\/dev.explora.cl\/maule\/\",\"name\":\"Maule\",\"description\":\"Otro sitio m\u00e1s de dev.explora.cl\",\"potentialAction\":[{\"@type\":\"SearchAction\",\"target\":{\"@type\":\"EntryPoint\",\"urlTemplate\":\"https:\/\/dev.explora.cl\/maule\/?s={search_term_string}\"},\"query-input\":{\"@type\":\"PropertyValueSpecification\",\"valueRequired\":true,\"valueName\":\"search_term_string\"}}],\"inLanguage\":\"es-CL\"},{\"@type\":\"Person\",\"@id\":\"https:\/\/dev.explora.cl\/maule\/#\/schema\/person\/7c4a8d7da1b43fee83d990c08dd35f99\",\"name\":\"cpereira\",\"image\":{\"@type\":\"ImageObject\",\"inLanguage\":\"es-CL\",\"@id\":\"https:\/\/dev.explora.cl\/maule\/#\/schema\/person\/image\/\",\"url\":\"https:\/\/secure.gravatar.com\/avatar\/b5fc66932e6c27119a245427f86f8c950201f3cbe1e64e508e0f7c39dc595157?s=96&d=mm&r=g\",\"contentUrl\":\"https:\/\/secure.gravatar.com\/avatar\/b5fc66932e6c27119a245427f86f8c950201f3cbe1e64e508e0f7c39dc595157?s=96&d=mm&r=g\",\"caption\":\"cpereira\"},\"url\":\"https:\/\/dev.explora.cl\/maule\/author\/cpereira\/\"}]}<\/script>\n<!-- \/ Yoast SEO plugin. -->","yoast_head_json":{"title":"Estudiantes de Curic\u00f3 y Talca realizar\u00e1n una expedici\u00f3n cient\u00edfica en reserva Altos de Lircay - Maule","robots":{"index":"index","follow":"follow","max-snippet":"max-snippet:-1","max-image-preview":"max-image-preview:large","max-video-preview":"max-video-preview:-1"},"canonical":"https:\/\/dev.explora.cl\/maule\/estudiantes-de-curico-y-talca-realizaran-una-expedicion-cientifica-en-reserva-altos-de-lircay\/","og_locale":"es_ES","og_type":"article","og_title":"Estudiantes de Curic\u00f3 y Talca realizar\u00e1n una expedici\u00f3n cient\u00edfica en reserva Altos de Lircay - Maule","og_description":"Los escolares aprender\u00e1n sobre biodiversidad en un laboratorio natural junto a cient\u00edficos de la Universidad de Talca.","og_url":"https:\/\/dev.explora.cl\/maule\/estudiantes-de-curico-y-talca-realizaran-una-expedicion-cientifica-en-reserva-altos-de-lircay\/","og_site_name":"Maule","article_published_time":"2020-03-03T18:21:38+00:00","article_modified_time":"2020-03-03T18:24:39+00:00","og_image":[{"width":600,"height":480,"url":"https:\/\/dev.explora.cl\/maule\/wp-content\/uploads\/sites\/9\/2020\/03\/th_4adc6ebe3e2b0d2fbfea201316181ee9_NUEVA-Altos-de-Lircay-32.jpg","type":"image\/jpeg"}],"author":"cpereira","twitter_card":"summary_large_image","twitter_misc":{"Escrito por":"cpereira","Tiempo estimado de lectura":"2 minutos"},"schema":{"@context":"https:\/\/schema.org","@graph":[{"@type":"Article","@id":"https:\/\/dev.explora.cl\/maule\/estudiantes-de-curico-y-talca-realizaran-una-expedicion-cientifica-en-reserva-altos-de-lircay\/#article","isPartOf":{"@id":"https:\/\/dev.explora.cl\/maule\/estudiantes-de-curico-y-talca-realizaran-una-expedicion-cientifica-en-reserva-altos-de-lircay\/"},"author":{"name":"cpereira","@id":"https:\/\/dev.explora.cl\/maule\/#\/schema\/person\/7c4a8d7da1b43fee83d990c08dd35f99"},"headline":"Estudiantes de Curic\u00f3 y Talca realizar\u00e1n una expedici\u00f3n cient\u00edfica en reserva Altos de Lircay","datePublished":"2020-03-03T18:21:38+00:00","dateModified":"2020-03-03T18:24:39+00:00","mainEntityOfPage":{"@id":"https:\/\/dev.explora.cl\/maule\/estudiantes-de-curico-y-talca-realizaran-una-expedicion-cientifica-en-reserva-altos-de-lircay\/"},"wordCount":405,"image":{"@id":"https:\/\/dev.explora.cl\/maule\/estudiantes-de-curico-y-talca-realizaran-una-expedicion-cientifica-en-reserva-altos-de-lircay\/#primaryimage"},"thumbnailUrl":"https:\/\/dev.explora.cl\/maule\/wp-content\/uploads\/sites\/9\/2020\/03\/th_4adc6ebe3e2b0d2fbfea201316181ee9_NUEVA-Altos-de-Lircay-32.jpg","keywords":["biodiversidad","Explora Conicyt","Exposici\u00f3n","Maule","natural"],"articleSection":["Lugar 4","Noticias"],"inLanguage":"es-CL"},{"@type":"WebPage","@id":"https:\/\/dev.explora.cl\/maule\/estudiantes-de-curico-y-talca-realizaran-una-expedicion-cientifica-en-reserva-altos-de-lircay\/","url":"https:\/\/dev.explora.cl\/maule\/estudiantes-de-curico-y-talca-realizaran-una-expedicion-cientifica-en-reserva-altos-de-lircay\/","name":"Estudiantes de Curic\u00f3 y Talca realizar\u00e1n una expedici\u00f3n cient\u00edfica en reserva Altos de Lircay - Maule","isPartOf":{"@id":"https:\/\/dev.explora.cl\/maule\/#website"},"primaryImageOfPage":{"@id":"https:\/\/dev.explora.cl\/maule\/estudiantes-de-curico-y-talca-realizaran-una-expedicion-cientifica-en-reserva-altos-de-lircay\/#primaryimage"},"image":{"@id":"https:\/\/dev.explora.cl\/maule\/estudiantes-de-curico-y-talca-realizaran-una-expedicion-cientifica-en-reserva-altos-de-lircay\/#primaryimage"},"thumbnailUrl":"https:\/\/dev.explora.cl\/maule\/wp-content\/uploads\/sites\/9\/2020\/03\/th_4adc6ebe3e2b0d2fbfea201316181ee9_NUEVA-Altos-de-Lircay-32.jpg","datePublished":"2020-03-03T18:21:38+00:00","dateModified":"2020-03-03T18:24:39+00:00","author":{"@id":"https:\/\/dev.explora.cl\/maule\/#\/schema\/person\/7c4a8d7da1b43fee83d990c08dd35f99"},"breadcrumb":{"@id":"https:\/\/dev.explora.cl\/maule\/estudiantes-de-curico-y-talca-realizaran-una-expedicion-cientifica-en-reserva-altos-de-lircay\/#breadcrumb"},"inLanguage":"es-CL","potentialAction":[{"@type":"ReadAction","target":["https:\/\/dev.explora.cl\/maule\/estudiantes-de-curico-y-talca-realizaran-una-expedicion-cientifica-en-reserva-altos-de-lircay\/"]}]},{"@type":"ImageObject","inLanguage":"es-CL","@id":"https:\/\/dev.explora.cl\/maule\/estudiantes-de-curico-y-talca-realizaran-una-expedicion-cientifica-en-reserva-altos-de-lircay\/#primaryimage","url":"https:\/\/dev.explora.cl\/maule\/wp-content\/uploads\/sites\/9\/2020\/03\/th_4adc6ebe3e2b0d2fbfea201316181ee9_NUEVA-Altos-de-Lircay-32.jpg","contentUrl":"https:\/\/dev.explora.cl\/maule\/wp-content\/uploads\/sites\/9\/2020\/03\/th_4adc6ebe3e2b0d2fbfea201316181ee9_NUEVA-Altos-de-Lircay-32.jpg","width":600,"height":480},{"@type":"BreadcrumbList","@id":"https:\/\/dev.explora.cl\/maule\/estudiantes-de-curico-y-talca-realizaran-una-expedicion-cientifica-en-reserva-altos-de-lircay\/#breadcrumb","itemListElement":[{"@type":"ListItem","position":1,"name":"Portada","item":"https:\/\/dev.explora.cl\/maule\/"},{"@type":"ListItem","position":2,"name":"Estudiantes de Curic\u00f3 y Talca realizar\u00e1n una expedici\u00f3n cient\u00edfica en reserva Altos de Lircay"}]},{"@type":"WebSite","@id":"https:\/\/dev.explora.cl\/maule\/#website","url":"https:\/\/dev.explora.cl\/maule\/","name":"Maule","description":"Otro sitio m\u00e1s de dev.explora.cl","potentialAction":[{"@type":"SearchAction","target":{"@type":"EntryPoint","urlTemplate":"https:\/\/dev.explora.cl\/maule\/?s={search_term_string}"},"query-input":{"@type":"PropertyValueSpecification","valueRequired":true,"valueName":"search_term_string"}}],"inLanguage":"es-CL"},{"@type":"Person","@id":"https:\/\/dev.explora.cl\/maule\/#\/schema\/person\/7c4a8d7da1b43fee83d990c08dd35f99","name":"cpereira","image":{"@type":"ImageObject","inLanguage":"es-CL","@id":"https:\/\/dev.explora.cl\/maule\/#\/schema\/person\/image\/","url":"https:\/\/secure.gravatar.com\/avatar\/b5fc66932e6c27119a245427f86f8c950201f3cbe1e64e508e0f7c39dc595157?s=96&d=mm&r=g","contentUrl":"https:\/\/secure.gravatar.com\/avatar\/b5fc66932e6c27119a245427f86f8c950201f3cbe1e64e508e0f7c39dc595157?s=96&d=mm&r=g","caption":"cpereira"},"url":"https:\/\/dev.explora.cl\/maule\/author\/cpereira\/"}]}},"_links":{"self":[{"href":"https:\/\/dev.explora.cl\/maule\/wp-json\/wp\/v2\/posts\/38472","targetHints":{"allow":["GET"]}}],"collection":[{"href":"https:\/\/dev.explora.cl\/maule\/wp-json\/wp\/v2\/posts"}],"about":[{"href":"https:\/\/dev.explora.cl\/maule\/wp-json\/wp\/v2\/types\/post"}],"author":[{"embeddable":true,"href":"https:\/\/dev.explora.cl\/maule\/wp-json\/wp\/v2\/users\/24"}],"replies":[{"embeddable":true,"href":"https:\/\/dev.explora.cl\/maule\/wp-json\/wp\/v2\/comments?post=38472"}],"version-history":[{"count":1,"href":"https:\/\/dev.explora.cl\/maule\/wp-json\/wp\/v2\/posts\/38472\/revisions"}],"predecessor-version":[{"id":38475,"href":"https:\/\/dev.explora.cl\/maule\/wp-json\/wp\/v2\/posts\/38472\/revisions\/38475"}],"wp:featuredmedia":[{"embeddable":true,"href":"https:\/\/dev.explora.cl\/maule\/wp-json\/wp\/v2\/media\/38473"}],"wp:attachment":[{"href":"https:\/\/dev.explora.cl\/maule\/wp-json\/wp\/v2\/media?parent=38472"}],"wp:term":[{"taxonomy":"category","embeddable":true,"href":"https:\/\/dev.explora.cl\/maule\/wp-json\/wp\/v2\/categories?post=38472"},{"taxonomy":"post_tag","embeddable":true,"href":"https:\/\/dev.explora.cl\/maule\/wp-json\/wp\/v2\/tags?post=38472"}],"curies":[{"name":"wp","href":"https:\/\/api.w.org\/{rel}","templated":true}]}}