{"id":38445,"date":"2020-01-24T15:42:41","date_gmt":"2020-01-24T18:42:41","guid":{"rendered":"https:\/\/dev.explora.cl\/maule\/?p=38445"},"modified":"2020-01-24T15:45:30","modified_gmt":"2020-01-24T18:45:30","slug":"docentes-aprendieron-sobre-innovacion-educativa-en-campamento-explora-va","status":"publish","type":"post","link":"https:\/\/dev.explora.cl\/maule\/docentes-aprendieron-sobre-innovacion-educativa-en-campamento-explora-va\/","title":{"rendered":"Docentes aprendieron sobre innovaci\u00f3n educativa en Campamento Explora Va!"},"content":{"rendered":"<h3>Por medio de talleres, conversatorios y salidas a terrenos, los profesores y las profesoras, estudiaron metodolog\u00edas activas que les permitir\u00e1n reforzar su trabajo en el aula .<\/h3>\n<p>Aprender a calcular la biodiversidad, utilizar la naturaleza como aula abierta para ense\u00f1ar ciencias, adoptar nuevos marcos te\u00f3ricos para trabajar junto a sus estudiantes y convertirse en agentes de cambio para impactar en los aprendizajes de ni\u00f1os, ni\u00f1as y adolescentes del Maule fueron algunas de las acciones que 50 docentes provenientes de 25 comunas de la Regi\u00f3n, realizaron en la primera versi\u00f3n del Campamento Explora Va! que organiz\u00f3 el PAR Explora Maule ejecutado por la Universidad de Talca.<\/p>\n<p>La actividad que se realiz\u00f3 durante cinco d\u00edas en modo internado en la localidad cordillerana de Vilches tuvo a la innovaci\u00f3n educativa como tema central. Para ello, se trabaj\u00f3 junto a los acad\u00e9micos Sonia Stevens y Juan Carlos Guti\u00e9rrez, quienes reforzaron diversas t\u00e9cnicas pedag\u00f3gicas como el aprendizaje basado en competencias, el aprendizaje basado en indagaci\u00f3n, aprendizaje colaborativo, entre otras metodolog\u00edas.<\/p>\n<p style=\"text-align: left\"><img loading=\"lazy\" decoding=\"async\" class=\"size-medium wp-image-38447 alignleft\" src=\"https:\/\/dev.explora.cl\/maule\/wp-content\/uploads\/sites\/9\/2020\/01\/82287654_10163310963530497_2330861146468253696_o-1-300x169.jpg\" alt=\"\" width=\"300\" height=\"169\" srcset=\"https:\/\/dev.explora.cl\/maule\/wp-content\/uploads\/sites\/9\/2020\/01\/82287654_10163310963530497_2330861146468253696_o-1-300x169.jpg 300w, https:\/\/dev.explora.cl\/maule\/wp-content\/uploads\/sites\/9\/2020\/01\/82287654_10163310963530497_2330861146468253696_o-1-768x432.jpg 768w, https:\/\/dev.explora.cl\/maule\/wp-content\/uploads\/sites\/9\/2020\/01\/82287654_10163310963530497_2330861146468253696_o-1-1024x576.jpg 1024w, https:\/\/dev.explora.cl\/maule\/wp-content\/uploads\/sites\/9\/2020\/01\/82287654_10163310963530497_2330861146468253696_o-1.jpg 2048w\" sizes=\"auto, (max-width: 300px) 100vw, 300px\" \/>\u201cLos profesores se vieron expuestos durante a una semana, primero a mirarse a si mismos, a desafiar sus paradigmas personales y a transitar por aquello que los motiva y los mueve para generar innovaciones en el aula\u201d, explic\u00f3 Stevens.<\/p>\n<p>Uno de los puntos centrales del Campamento organizado por la Universidad de Talca, fue la charla que ofreci\u00f3 el investigador y director de Proyectos de la Corporaci\u00f3n de Estudios para Latinoam\u00e9rica (Cieplan), Patricio Meller, quien present\u00f3 algunas de las reflexiones trabajadas en su libro \u201cClaves Para la Educaci\u00f3n del Futuro, creatividad y pensamiento cr\u00edtico\u201d, en el que reflexiona sobre la calidad de la educaci\u00f3n en las escuelas chilenas.<\/p>\n<p>\u201cEste campamento es muy innovador y relevante, ya que apunta a renovar el compromiso de los profesores para impactar en los aprendizajes de sus comunidades y esto es una tarea tit\u00e1nica\u201d, coment\u00f3 el acad\u00e9mico.<\/p>\n<p><img loading=\"lazy\" decoding=\"async\" class=\"size-medium wp-image-38449 alignleft\" src=\"https:\/\/dev.explora.cl\/maule\/wp-content\/uploads\/sites\/9\/2020\/01\/83656180_10163334364040497_6664555887698378752_o-1-300x169.jpg\" alt=\"\" width=\"300\" height=\"169\" srcset=\"https:\/\/dev.explora.cl\/maule\/wp-content\/uploads\/sites\/9\/2020\/01\/83656180_10163334364040497_6664555887698378752_o-1-300x169.jpg 300w, https:\/\/dev.explora.cl\/maule\/wp-content\/uploads\/sites\/9\/2020\/01\/83656180_10163334364040497_6664555887698378752_o-1-768x432.jpg 768w, https:\/\/dev.explora.cl\/maule\/wp-content\/uploads\/sites\/9\/2020\/01\/83656180_10163334364040497_6664555887698378752_o-1-1024x576.jpg 1024w, https:\/\/dev.explora.cl\/maule\/wp-content\/uploads\/sites\/9\/2020\/01\/83656180_10163334364040497_6664555887698378752_o-1.jpg 2048w\" sizes=\"auto, (max-width: 300px) 100vw, 300px\" \/>Entre quienes participaron de la actividad hubo coincidencia en que fue una experiencia altamente inspiradora. \u201cEl campamento me permiti\u00f3 reflexionar mucho sobre mis practicas pedag\u00f3gicas, a motivarme y volver a tener ese amor por la educaci\u00f3n que sent\u00ed cuando reci\u00e9n egres\u00e9 de la universidad\u201d, explic\u00f3 Estefan\u00eda Romero, docente de la Escuela Las Liras de la comuna de Teno.<\/p>\n<p>Por su parte Fabi\u00e1n Abarza, docente del Liceo Comercial de Talca, cuenta que el campamento representa un antes y un despu\u00e9s en su carrera laboral \u201cLlevo casi nueve a\u00f1os ejerciendo esta profesi\u00f3n, trabajando en investigaci\u00f3n escolar y acercando la ciencia a lo j\u00f3venes, y esta actividad, me marc\u00f3 porque nos inst\u00f3 y permiti\u00f3 ratificar nuestra vocaci\u00f3n como docentes\u201d, coment\u00f3 Abarza.<\/p>\n<p><img loading=\"lazy\" decoding=\"async\" class=\"size-medium wp-image-38448 alignleft\" src=\"https:\/\/dev.explora.cl\/maule\/wp-content\/uploads\/sites\/9\/2020\/01\/83285055_10163314050090497_2233163113069281280_o-1-300x169.jpg\" alt=\"\" width=\"300\" height=\"169\" srcset=\"https:\/\/dev.explora.cl\/maule\/wp-content\/uploads\/sites\/9\/2020\/01\/83285055_10163314050090497_2233163113069281280_o-1-300x169.jpg 300w, https:\/\/dev.explora.cl\/maule\/wp-content\/uploads\/sites\/9\/2020\/01\/83285055_10163314050090497_2233163113069281280_o-1-768x432.jpg 768w, https:\/\/dev.explora.cl\/maule\/wp-content\/uploads\/sites\/9\/2020\/01\/83285055_10163314050090497_2233163113069281280_o-1-1024x576.jpg 1024w, https:\/\/dev.explora.cl\/maule\/wp-content\/uploads\/sites\/9\/2020\/01\/83285055_10163314050090497_2233163113069281280_o-1.jpg 2048w\" sizes=\"auto, (max-width: 300px) 100vw, 300px\" \/>Todos los d\u00edas contemplaron variadas actividades como encuentros con estudiantes sobresalientes en investigaci\u00f3n escolar, lideres educativos a nivel nacional, visitas a la reserva Alto de Lircay y talleres con destacados centros de investigaci\u00f3n como el Instituto de Neurociencia Biom\u00e9dica (BNI) y el N\u00facleo Milenio Formaci\u00f3n de Planetas.<\/p>\n<p>Adem\u00e1s, conocieron los proyectos de divulgaci\u00f3n cient\u00edfica \u201cConociendo la Flora y Fauna con Abate Molina\u201d, \u201cUppa: La Ciencia de Aprender Juntos \u201cy \u201cProtectores de la Ciencia\u201d, todos desarrollados por la Universidad de Talca.<\/p>\n<p>\u201cGeneramos estas instancias, no solo para transferir conocimientos, tambi\u00e9n para intercambiar saberes con las comunidades educativas que conocen la realidad regional. Este grupo sin duda, elaborar\u00e1 objetos y escenarios de aprendizajes que mejorar\u00e1n los procesos de ense\u00f1anza de los escolares del Maule\u201d, dijo Pablo Gonz\u00e1lez, director de Vinculaci\u00f3n UTalca y de Explora Maule.<\/p>\n<p>La participaci\u00f3n de los 50 docentes del Maule fue completamente gratuita gracias al financiamiento del Programa Explora y Proyecto Asociativo Regional (PAR) Explora Maule de la Vicerrector\u00eda de Vinculaci\u00f3n con el Medio de la Universidad de Talca.<\/p>\n<p>&nbsp;<\/p>\n","protected":false},"excerpt":{"rendered":"<p>Por medio de talleres, conversatorios y salidas a terrenos, los profesores y las profesoras, estudiaron metodolog\u00edas activas que les permitir\u00e1n reforzar su trabajo en el aula .<\/p>\n","protected":false},"author":24,"featured_media":38446,"comment_status":"closed","ping_status":"closed","sticky":false,"template":"","format":"standard","meta":{"_acf_changed":false,"_exactmetrics_skip_tracking":false,"_exactmetrics_sitenote_active":false,"_exactmetrics_sitenote_note":"","_exactmetrics_sitenote_category":0,"footnotes":"","_links_to":"","_links_to_target":""},"categories":[139,4],"tags":[81,21,166,167,168],"class_list":["post-38445","post","type-post","status-publish","format-standard","has-post-thumbnail","hentry","category-lugar-4","category-noticias","tag-biodiversidad","tag-explora-conicyt","tag-exposicion","tag-maule","tag-natural"],"acf":[],"yoast_head":"<!-- This site is optimized with the Yoast SEO plugin v26.7 - https:\/\/yoast.com\/wordpress\/plugins\/seo\/ -->\n<title>Docentes aprendieron sobre innovaci\u00f3n educativa en Campamento Explora Va! - Maule<\/title>\n<meta name=\"robots\" content=\"index, follow, max-snippet:-1, max-image-preview:large, max-video-preview:-1\" \/>\n<link rel=\"canonical\" href=\"https:\/\/dev.explora.cl\/maule\/docentes-aprendieron-sobre-innovacion-educativa-en-campamento-explora-va\/\" class=\"yoast-seo-meta-tag\" \/>\n<meta property=\"og:locale\" content=\"es_ES\" class=\"yoast-seo-meta-tag\" \/>\n<meta property=\"og:type\" content=\"article\" class=\"yoast-seo-meta-tag\" \/>\n<meta property=\"og:title\" content=\"Docentes aprendieron sobre innovaci\u00f3n educativa en Campamento Explora Va! - Maule\" class=\"yoast-seo-meta-tag\" \/>\n<meta property=\"og:description\" content=\"Por medio de talleres, conversatorios y salidas a terrenos, los profesores y las profesoras, estudiaron metodolog\u00edas activas que les permitir\u00e1n reforzar su trabajo en el aula .\" class=\"yoast-seo-meta-tag\" \/>\n<meta property=\"og:url\" content=\"https:\/\/dev.explora.cl\/maule\/docentes-aprendieron-sobre-innovacion-educativa-en-campamento-explora-va\/\" class=\"yoast-seo-meta-tag\" \/>\n<meta property=\"og:site_name\" content=\"Maule\" class=\"yoast-seo-meta-tag\" \/>\n<meta property=\"article:published_time\" content=\"2020-01-24T18:42:41+00:00\" class=\"yoast-seo-meta-tag\" \/>\n<meta property=\"article:modified_time\" content=\"2020-01-24T18:45:30+00:00\" class=\"yoast-seo-meta-tag\" \/>\n<meta property=\"og:image\" content=\"https:\/\/dev.explora.cl\/maule\/wp-content\/uploads\/sites\/9\/2020\/01\/82526994_10163306202530497_7530021106699206656_o-1.jpg\" class=\"yoast-seo-meta-tag\" \/>\n\t<meta property=\"og:image:width\" content=\"2048\" class=\"yoast-seo-meta-tag\" \/>\n\t<meta property=\"og:image:height\" content=\"1152\" class=\"yoast-seo-meta-tag\" \/>\n\t<meta property=\"og:image:type\" content=\"image\/jpeg\" class=\"yoast-seo-meta-tag\" \/>\n<meta name=\"author\" content=\"cpereira\" class=\"yoast-seo-meta-tag\" \/>\n<meta name=\"twitter:card\" content=\"summary_large_image\" class=\"yoast-seo-meta-tag\" \/>\n<meta name=\"twitter:label1\" content=\"Escrito por\" class=\"yoast-seo-meta-tag\" \/>\n\t<meta name=\"twitter:data1\" content=\"cpereira\" class=\"yoast-seo-meta-tag\" \/>\n\t<meta name=\"twitter:label2\" content=\"Tiempo estimado de lectura\" class=\"yoast-seo-meta-tag\" \/>\n\t<meta name=\"twitter:data2\" content=\"3 minutos\" class=\"yoast-seo-meta-tag\" \/>\n<script type=\"application\/ld+json\" class=\"yoast-schema-graph\">{\"@context\":\"https:\/\/schema.org\",\"@graph\":[{\"@type\":\"Article\",\"@id\":\"https:\/\/dev.explora.cl\/maule\/docentes-aprendieron-sobre-innovacion-educativa-en-campamento-explora-va\/#article\",\"isPartOf\":{\"@id\":\"https:\/\/dev.explora.cl\/maule\/docentes-aprendieron-sobre-innovacion-educativa-en-campamento-explora-va\/\"},\"author\":{\"name\":\"cpereira\",\"@id\":\"https:\/\/dev.explora.cl\/maule\/#\/schema\/person\/7c4a8d7da1b43fee83d990c08dd35f99\"},\"headline\":\"Docentes aprendieron sobre innovaci\u00f3n educativa en Campamento Explora Va!\",\"datePublished\":\"2020-01-24T18:42:41+00:00\",\"dateModified\":\"2020-01-24T18:45:30+00:00\",\"mainEntityOfPage\":{\"@id\":\"https:\/\/dev.explora.cl\/maule\/docentes-aprendieron-sobre-innovacion-educativa-en-campamento-explora-va\/\"},\"wordCount\":652,\"image\":{\"@id\":\"https:\/\/dev.explora.cl\/maule\/docentes-aprendieron-sobre-innovacion-educativa-en-campamento-explora-va\/#primaryimage\"},\"thumbnailUrl\":\"https:\/\/dev.explora.cl\/maule\/wp-content\/uploads\/sites\/9\/2020\/01\/82526994_10163306202530497_7530021106699206656_o-1.jpg\",\"keywords\":[\"biodiversidad\",\"Explora Conicyt\",\"Exposici\u00f3n\",\"Maule\",\"natural\"],\"articleSection\":[\"Lugar 4\",\"Noticias\"],\"inLanguage\":\"es-CL\"},{\"@type\":\"WebPage\",\"@id\":\"https:\/\/dev.explora.cl\/maule\/docentes-aprendieron-sobre-innovacion-educativa-en-campamento-explora-va\/\",\"url\":\"https:\/\/dev.explora.cl\/maule\/docentes-aprendieron-sobre-innovacion-educativa-en-campamento-explora-va\/\",\"name\":\"Docentes aprendieron sobre innovaci\u00f3n educativa en Campamento Explora Va! - Maule\",\"isPartOf\":{\"@id\":\"https:\/\/dev.explora.cl\/maule\/#website\"},\"primaryImageOfPage\":{\"@id\":\"https:\/\/dev.explora.cl\/maule\/docentes-aprendieron-sobre-innovacion-educativa-en-campamento-explora-va\/#primaryimage\"},\"image\":{\"@id\":\"https:\/\/dev.explora.cl\/maule\/docentes-aprendieron-sobre-innovacion-educativa-en-campamento-explora-va\/#primaryimage\"},\"thumbnailUrl\":\"https:\/\/dev.explora.cl\/maule\/wp-content\/uploads\/sites\/9\/2020\/01\/82526994_10163306202530497_7530021106699206656_o-1.jpg\",\"datePublished\":\"2020-01-24T18:42:41+00:00\",\"dateModified\":\"2020-01-24T18:45:30+00:00\",\"author\":{\"@id\":\"https:\/\/dev.explora.cl\/maule\/#\/schema\/person\/7c4a8d7da1b43fee83d990c08dd35f99\"},\"breadcrumb\":{\"@id\":\"https:\/\/dev.explora.cl\/maule\/docentes-aprendieron-sobre-innovacion-educativa-en-campamento-explora-va\/#breadcrumb\"},\"inLanguage\":\"es-CL\",\"potentialAction\":[{\"@type\":\"ReadAction\",\"target\":[\"https:\/\/dev.explora.cl\/maule\/docentes-aprendieron-sobre-innovacion-educativa-en-campamento-explora-va\/\"]}]},{\"@type\":\"ImageObject\",\"inLanguage\":\"es-CL\",\"@id\":\"https:\/\/dev.explora.cl\/maule\/docentes-aprendieron-sobre-innovacion-educativa-en-campamento-explora-va\/#primaryimage\",\"url\":\"https:\/\/dev.explora.cl\/maule\/wp-content\/uploads\/sites\/9\/2020\/01\/82526994_10163306202530497_7530021106699206656_o-1.jpg\",\"contentUrl\":\"https:\/\/dev.explora.cl\/maule\/wp-content\/uploads\/sites\/9\/2020\/01\/82526994_10163306202530497_7530021106699206656_o-1.jpg\",\"width\":2048,\"height\":1152},{\"@type\":\"BreadcrumbList\",\"@id\":\"https:\/\/dev.explora.cl\/maule\/docentes-aprendieron-sobre-innovacion-educativa-en-campamento-explora-va\/#breadcrumb\",\"itemListElement\":[{\"@type\":\"ListItem\",\"position\":1,\"name\":\"Portada\",\"item\":\"https:\/\/dev.explora.cl\/maule\/\"},{\"@type\":\"ListItem\",\"position\":2,\"name\":\"Docentes aprendieron sobre innovaci\u00f3n educativa en Campamento Explora Va!\"}]},{\"@type\":\"WebSite\",\"@id\":\"https:\/\/dev.explora.cl\/maule\/#website\",\"url\":\"https:\/\/dev.explora.cl\/maule\/\",\"name\":\"Maule\",\"description\":\"Otro sitio m\u00e1s de dev.explora.cl\",\"potentialAction\":[{\"@type\":\"SearchAction\",\"target\":{\"@type\":\"EntryPoint\",\"urlTemplate\":\"https:\/\/dev.explora.cl\/maule\/?s={search_term_string}\"},\"query-input\":{\"@type\":\"PropertyValueSpecification\",\"valueRequired\":true,\"valueName\":\"search_term_string\"}}],\"inLanguage\":\"es-CL\"},{\"@type\":\"Person\",\"@id\":\"https:\/\/dev.explora.cl\/maule\/#\/schema\/person\/7c4a8d7da1b43fee83d990c08dd35f99\",\"name\":\"cpereira\",\"image\":{\"@type\":\"ImageObject\",\"inLanguage\":\"es-CL\",\"@id\":\"https:\/\/dev.explora.cl\/maule\/#\/schema\/person\/image\/\",\"url\":\"https:\/\/secure.gravatar.com\/avatar\/b5fc66932e6c27119a245427f86f8c950201f3cbe1e64e508e0f7c39dc595157?s=96&d=mm&r=g\",\"contentUrl\":\"https:\/\/secure.gravatar.com\/avatar\/b5fc66932e6c27119a245427f86f8c950201f3cbe1e64e508e0f7c39dc595157?s=96&d=mm&r=g\",\"caption\":\"cpereira\"},\"url\":\"https:\/\/dev.explora.cl\/maule\/author\/cpereira\/\"}]}<\/script>\n<!-- \/ Yoast SEO plugin. -->","yoast_head_json":{"title":"Docentes aprendieron sobre innovaci\u00f3n educativa en Campamento Explora Va! - Maule","robots":{"index":"index","follow":"follow","max-snippet":"max-snippet:-1","max-image-preview":"max-image-preview:large","max-video-preview":"max-video-preview:-1"},"canonical":"https:\/\/dev.explora.cl\/maule\/docentes-aprendieron-sobre-innovacion-educativa-en-campamento-explora-va\/","og_locale":"es_ES","og_type":"article","og_title":"Docentes aprendieron sobre innovaci\u00f3n educativa en Campamento Explora Va! - Maule","og_description":"Por medio de talleres, conversatorios y salidas a terrenos, los profesores y las profesoras, estudiaron metodolog\u00edas activas que les permitir\u00e1n reforzar su trabajo en el aula .","og_url":"https:\/\/dev.explora.cl\/maule\/docentes-aprendieron-sobre-innovacion-educativa-en-campamento-explora-va\/","og_site_name":"Maule","article_published_time":"2020-01-24T18:42:41+00:00","article_modified_time":"2020-01-24T18:45:30+00:00","og_image":[{"width":2048,"height":1152,"url":"https:\/\/dev.explora.cl\/maule\/wp-content\/uploads\/sites\/9\/2020\/01\/82526994_10163306202530497_7530021106699206656_o-1.jpg","type":"image\/jpeg"}],"author":"cpereira","twitter_card":"summary_large_image","twitter_misc":{"Escrito por":"cpereira","Tiempo estimado de lectura":"3 minutos"},"schema":{"@context":"https:\/\/schema.org","@graph":[{"@type":"Article","@id":"https:\/\/dev.explora.cl\/maule\/docentes-aprendieron-sobre-innovacion-educativa-en-campamento-explora-va\/#article","isPartOf":{"@id":"https:\/\/dev.explora.cl\/maule\/docentes-aprendieron-sobre-innovacion-educativa-en-campamento-explora-va\/"},"author":{"name":"cpereira","@id":"https:\/\/dev.explora.cl\/maule\/#\/schema\/person\/7c4a8d7da1b43fee83d990c08dd35f99"},"headline":"Docentes aprendieron sobre innovaci\u00f3n educativa en Campamento Explora Va!","datePublished":"2020-01-24T18:42:41+00:00","dateModified":"2020-01-24T18:45:30+00:00","mainEntityOfPage":{"@id":"https:\/\/dev.explora.cl\/maule\/docentes-aprendieron-sobre-innovacion-educativa-en-campamento-explora-va\/"},"wordCount":652,"image":{"@id":"https:\/\/dev.explora.cl\/maule\/docentes-aprendieron-sobre-innovacion-educativa-en-campamento-explora-va\/#primaryimage"},"thumbnailUrl":"https:\/\/dev.explora.cl\/maule\/wp-content\/uploads\/sites\/9\/2020\/01\/82526994_10163306202530497_7530021106699206656_o-1.jpg","keywords":["biodiversidad","Explora Conicyt","Exposici\u00f3n","Maule","natural"],"articleSection":["Lugar 4","Noticias"],"inLanguage":"es-CL"},{"@type":"WebPage","@id":"https:\/\/dev.explora.cl\/maule\/docentes-aprendieron-sobre-innovacion-educativa-en-campamento-explora-va\/","url":"https:\/\/dev.explora.cl\/maule\/docentes-aprendieron-sobre-innovacion-educativa-en-campamento-explora-va\/","name":"Docentes aprendieron sobre innovaci\u00f3n educativa en Campamento Explora Va! - Maule","isPartOf":{"@id":"https:\/\/dev.explora.cl\/maule\/#website"},"primaryImageOfPage":{"@id":"https:\/\/dev.explora.cl\/maule\/docentes-aprendieron-sobre-innovacion-educativa-en-campamento-explora-va\/#primaryimage"},"image":{"@id":"https:\/\/dev.explora.cl\/maule\/docentes-aprendieron-sobre-innovacion-educativa-en-campamento-explora-va\/#primaryimage"},"thumbnailUrl":"https:\/\/dev.explora.cl\/maule\/wp-content\/uploads\/sites\/9\/2020\/01\/82526994_10163306202530497_7530021106699206656_o-1.jpg","datePublished":"2020-01-24T18:42:41+00:00","dateModified":"2020-01-24T18:45:30+00:00","author":{"@id":"https:\/\/dev.explora.cl\/maule\/#\/schema\/person\/7c4a8d7da1b43fee83d990c08dd35f99"},"breadcrumb":{"@id":"https:\/\/dev.explora.cl\/maule\/docentes-aprendieron-sobre-innovacion-educativa-en-campamento-explora-va\/#breadcrumb"},"inLanguage":"es-CL","potentialAction":[{"@type":"ReadAction","target":["https:\/\/dev.explora.cl\/maule\/docentes-aprendieron-sobre-innovacion-educativa-en-campamento-explora-va\/"]}]},{"@type":"ImageObject","inLanguage":"es-CL","@id":"https:\/\/dev.explora.cl\/maule\/docentes-aprendieron-sobre-innovacion-educativa-en-campamento-explora-va\/#primaryimage","url":"https:\/\/dev.explora.cl\/maule\/wp-content\/uploads\/sites\/9\/2020\/01\/82526994_10163306202530497_7530021106699206656_o-1.jpg","contentUrl":"https:\/\/dev.explora.cl\/maule\/wp-content\/uploads\/sites\/9\/2020\/01\/82526994_10163306202530497_7530021106699206656_o-1.jpg","width":2048,"height":1152},{"@type":"BreadcrumbList","@id":"https:\/\/dev.explora.cl\/maule\/docentes-aprendieron-sobre-innovacion-educativa-en-campamento-explora-va\/#breadcrumb","itemListElement":[{"@type":"ListItem","position":1,"name":"Portada","item":"https:\/\/dev.explora.cl\/maule\/"},{"@type":"ListItem","position":2,"name":"Docentes aprendieron sobre innovaci\u00f3n educativa en Campamento Explora Va!"}]},{"@type":"WebSite","@id":"https:\/\/dev.explora.cl\/maule\/#website","url":"https:\/\/dev.explora.cl\/maule\/","name":"Maule","description":"Otro sitio m\u00e1s de dev.explora.cl","potentialAction":[{"@type":"SearchAction","target":{"@type":"EntryPoint","urlTemplate":"https:\/\/dev.explora.cl\/maule\/?s={search_term_string}"},"query-input":{"@type":"PropertyValueSpecification","valueRequired":true,"valueName":"search_term_string"}}],"inLanguage":"es-CL"},{"@type":"Person","@id":"https:\/\/dev.explora.cl\/maule\/#\/schema\/person\/7c4a8d7da1b43fee83d990c08dd35f99","name":"cpereira","image":{"@type":"ImageObject","inLanguage":"es-CL","@id":"https:\/\/dev.explora.cl\/maule\/#\/schema\/person\/image\/","url":"https:\/\/secure.gravatar.com\/avatar\/b5fc66932e6c27119a245427f86f8c950201f3cbe1e64e508e0f7c39dc595157?s=96&d=mm&r=g","contentUrl":"https:\/\/secure.gravatar.com\/avatar\/b5fc66932e6c27119a245427f86f8c950201f3cbe1e64e508e0f7c39dc595157?s=96&d=mm&r=g","caption":"cpereira"},"url":"https:\/\/dev.explora.cl\/maule\/author\/cpereira\/"}]}},"_links":{"self":[{"href":"https:\/\/dev.explora.cl\/maule\/wp-json\/wp\/v2\/posts\/38445","targetHints":{"allow":["GET"]}}],"collection":[{"href":"https:\/\/dev.explora.cl\/maule\/wp-json\/wp\/v2\/posts"}],"about":[{"href":"https:\/\/dev.explora.cl\/maule\/wp-json\/wp\/v2\/types\/post"}],"author":[{"embeddable":true,"href":"https:\/\/dev.explora.cl\/maule\/wp-json\/wp\/v2\/users\/24"}],"replies":[{"embeddable":true,"href":"https:\/\/dev.explora.cl\/maule\/wp-json\/wp\/v2\/comments?post=38445"}],"version-history":[{"count":2,"href":"https:\/\/dev.explora.cl\/maule\/wp-json\/wp\/v2\/posts\/38445\/revisions"}],"predecessor-version":[{"id":38452,"href":"https:\/\/dev.explora.cl\/maule\/wp-json\/wp\/v2\/posts\/38445\/revisions\/38452"}],"wp:featuredmedia":[{"embeddable":true,"href":"https:\/\/dev.explora.cl\/maule\/wp-json\/wp\/v2\/media\/38446"}],"wp:attachment":[{"href":"https:\/\/dev.explora.cl\/maule\/wp-json\/wp\/v2\/media?parent=38445"}],"wp:term":[{"taxonomy":"category","embeddable":true,"href":"https:\/\/dev.explora.cl\/maule\/wp-json\/wp\/v2\/categories?post=38445"},{"taxonomy":"post_tag","embeddable":true,"href":"https:\/\/dev.explora.cl\/maule\/wp-json\/wp\/v2\/tags?post=38445"}],"curies":[{"name":"wp","href":"https:\/\/api.w.org\/{rel}","templated":true}]}}