{"id":940,"date":"2018-05-28T00:00:00","date_gmt":"2018-05-28T04:00:00","guid":{"rendered":"https:\/\/dev.explora.cl\/magallanes\/blog\/2018\/05\/28\/exitosa-ultima-edicion-de-la-feria-cientifica-escolar-en-puerto-natales\/"},"modified":"2019-05-20T21:34:24","modified_gmt":"2019-05-20T21:34:24","slug":"exitosa-ultima-edicion-de-la-feria-cientifica-escolar-en-puerto-natales","status":"publish","type":"post","link":"https:\/\/dev.explora.cl\/magallanes\/exitosa-ultima-edicion-de-la-feria-cientifica-escolar-en-puerto-natales\/","title":{"rendered":"[Galer\u00eda de fotos] Revisa las postales que dej\u00f3 la \u00faltima Feria Cient\u00edfica Escolar"},"content":{"rendered":"<h5>28 proyectos cient\u00edficos realizados por estudiantes de distintos establecimientos de Magallanes participaron de muestra que culmin\u00f3 este jueves en el Gimnasio Jos\u00e9 Miguel Carrera.<\/h5>\n<p>Para algunos fueron casi tres meses de arduo trabajo que presentaron cerca de 60 escolares durante este mi\u00e9rcoles y jueves en la XIX versi\u00f3n de la Feria Cient\u00edfica Escolar, que cada a\u00f1o organiza el Liceo Mar\u00eda Mazzarello en conjunto con el Proyecto Asociativo Regional PAR Explora de CONICYT, Magallanes y Ant\u00e1rtica Chilena, y apoyado por la Ilustre Municipalidad de Puerto Natales y la empresa Gasco.<\/p>\n<p>El Liceo Polivalente Hernando de Magallanes,&nbsp; La Escuela Coronel Santiago Bueras, el Liceo San Jos\u00e9 y el Liceo Nobelios fueron solo algunos de los m\u00e1s de 15 establecimientos educacionales que participaron de esta iniciativa, desarrollada en el Gimnasio Jos\u00e9 Miguel Carrera en la capital de la Provincia de \u00daltima Esperanza.<\/p>\n<p>Los estudiantes \u2013 entre 11 y 16 a\u00f1os- presentaron variadas problem\u00e1ticas asociadas a situaciones cotidianas que observaron de su entorno. Presentaci\u00f3n, manejo del tema, e innovaci\u00f3n, fueron parte de los criterios utilizados por el jurado para evaluar.<\/p>\n<p>Pincha la imagen para revisar la galer\u00eda de fotos de la actividad (en caso de no funcionar haz click<a href=\"https:\/\/flic.kr\/s\/aHsmiN6ZMH\"> aqu\u00ed<\/a>)<a href=\"https:\/\/flic.kr\/s\/aHsmiN6ZMH\"><br \/><\/a><\/p>\n<p><img decoding=\"async\" src=\"https:\/\/flic.kr\/s\/aHsmiN6ZMH\" alt=\"\" \/><\/p>\n<p><a href=\"https:\/\/www.flickr.com\/photos\/158509961@N07\/albums\/72157695649244071\" title=\"Feria Cient\u00edfica Escolar\" data-flickr-embed=\"true\" data-header=\"true\"><img loading=\"lazy\" decoding=\"async\" src=\"https:\/\/farm2.staticflickr.com\/1752\/42361158122_ed5abbc7cf.jpg\" alt=\"Feria Cient\u00edfica Escolar\" width=\"500\" height=\"333\" \/><\/a><\/p><\/p>\n","protected":false},"excerpt":{"rendered":"<p>28 proyectos cient\u00edficos realizados por estudiantes de distintos establecimientos de Magallanes participaron de muestra que culmin\u00f3 este jueves en el Gimnasio Jos\u00e9 Miguel Carrera. Para algunos fueron casi tres meses de arduo trabajo que presentaron cerca de 60 escolares durante este mi\u00e9rcoles y jueves en la XIX versi\u00f3n de la Feria Cient\u00edfica Escolar, que cada [&hellip;]<\/p>\n","protected":false},"author":2,"featured_media":941,"comment_status":"open","ping_status":"open","sticky":false,"template":"","format":"standard","meta":{"_acf_changed":false,"_exactmetrics_skip_tracking":false,"_exactmetrics_sitenote_active":false,"_exactmetrics_sitenote_note":"","_exactmetrics_sitenote_category":0,"footnotes":"","_links_to":"","_links_to_target":""},"categories":[4],"tags":[],"class_list":["post-940","post","type-post","status-publish","format-standard","has-post-thumbnail","hentry","category-noticias"],"acf":[],"yoast_head":"<!-- This site is optimized with the Yoast SEO plugin v26.7 - https:\/\/yoast.com\/wordpress\/plugins\/seo\/ -->\n<title>[Galer\u00eda de fotos] Revisa las postales que dej\u00f3 la \u00faltima Feria Cient\u00edfica Escolar - Magallanes<\/title>\n<meta name=\"robots\" content=\"index, follow, max-snippet:-1, max-image-preview:large, max-video-preview:-1\" \/>\n<link rel=\"canonical\" href=\"https:\/\/dev.explora.cl\/magallanes\/exitosa-ultima-edicion-de-la-feria-cientifica-escolar-en-puerto-natales\/\" class=\"yoast-seo-meta-tag\" \/>\n<meta property=\"og:locale\" content=\"es_ES\" class=\"yoast-seo-meta-tag\" \/>\n<meta property=\"og:type\" content=\"article\" class=\"yoast-seo-meta-tag\" \/>\n<meta property=\"og:title\" content=\"[Galer\u00eda de fotos] Revisa las postales que dej\u00f3 la \u00faltima Feria Cient\u00edfica Escolar - Magallanes\" class=\"yoast-seo-meta-tag\" \/>\n<meta property=\"og:description\" content=\"28 proyectos cient\u00edficos realizados por estudiantes de distintos establecimientos de Magallanes participaron de muestra que culmin\u00f3 este jueves en el Gimnasio Jos\u00e9 Miguel Carrera. Para algunos fueron casi tres meses de arduo trabajo que presentaron cerca de 60 escolares durante este mi\u00e9rcoles y jueves en la XIX versi\u00f3n de la Feria Cient\u00edfica Escolar, que cada [&hellip;]\" class=\"yoast-seo-meta-tag\" \/>\n<meta property=\"og:url\" content=\"https:\/\/dev.explora.cl\/magallanes\/exitosa-ultima-edicion-de-la-feria-cientifica-escolar-en-puerto-natales\/\" class=\"yoast-seo-meta-tag\" \/>\n<meta property=\"og:site_name\" content=\"Magallanes\" class=\"yoast-seo-meta-tag\" \/>\n<meta property=\"article:published_time\" content=\"2018-05-28T04:00:00+00:00\" class=\"yoast-seo-meta-tag\" \/>\n<meta property=\"article:modified_time\" content=\"2019-05-20T21:34:24+00:00\" class=\"yoast-seo-meta-tag\" \/>\n<meta property=\"og:image\" content=\"https:\/\/dev.explora.cl\/magallanes\/wp-content\/uploads\/sites\/19\/2018\/06\/IMG_88091.jpg\" class=\"yoast-seo-meta-tag\" \/>\n\t<meta property=\"og:image:width\" content=\"2048\" class=\"yoast-seo-meta-tag\" \/>\n\t<meta property=\"og:image:height\" content=\"1343\" class=\"yoast-seo-meta-tag\" \/>\n\t<meta property=\"og:image:type\" content=\"image\/jpeg\" class=\"yoast-seo-meta-tag\" \/>\n<meta name=\"author\" content=\"webman\" class=\"yoast-seo-meta-tag\" \/>\n<meta name=\"twitter:card\" content=\"summary_large_image\" class=\"yoast-seo-meta-tag\" \/>\n<meta name=\"twitter:label1\" content=\"Escrito por\" class=\"yoast-seo-meta-tag\" \/>\n\t<meta name=\"twitter:data1\" content=\"webman\" class=\"yoast-seo-meta-tag\" \/>\n\t<meta name=\"twitter:label2\" content=\"Tiempo estimado de lectura\" class=\"yoast-seo-meta-tag\" \/>\n\t<meta name=\"twitter:data2\" content=\"1 minuto\" class=\"yoast-seo-meta-tag\" \/>\n<script type=\"application\/ld+json\" class=\"yoast-schema-graph\">{\"@context\":\"https:\/\/schema.org\",\"@graph\":[{\"@type\":\"Article\",\"@id\":\"https:\/\/dev.explora.cl\/magallanes\/exitosa-ultima-edicion-de-la-feria-cientifica-escolar-en-puerto-natales\/#article\",\"isPartOf\":{\"@id\":\"https:\/\/dev.explora.cl\/magallanes\/exitosa-ultima-edicion-de-la-feria-cientifica-escolar-en-puerto-natales\/\"},\"author\":{\"name\":\"webman\",\"@id\":\"https:\/\/dev.explora.cl\/magallanes\/#\/schema\/person\/cb8349c13ea2d324080adf8480d7ba5d\"},\"headline\":\"[Galer\u00eda de fotos] Revisa las postales que dej\u00f3 la \u00faltima Feria Cient\u00edfica Escolar\",\"datePublished\":\"2018-05-28T04:00:00+00:00\",\"dateModified\":\"2019-05-20T21:34:24+00:00\",\"mainEntityOfPage\":{\"@id\":\"https:\/\/dev.explora.cl\/magallanes\/exitosa-ultima-edicion-de-la-feria-cientifica-escolar-en-puerto-natales\/\"},\"wordCount\":219,\"commentCount\":0,\"publisher\":{\"@id\":\"https:\/\/dev.explora.cl\/magallanes\/#organization\"},\"image\":{\"@id\":\"https:\/\/dev.explora.cl\/magallanes\/exitosa-ultima-edicion-de-la-feria-cientifica-escolar-en-puerto-natales\/#primaryimage\"},\"thumbnailUrl\":\"https:\/\/dev.explora.cl\/magallanes\/wp-content\/uploads\/sites\/19\/2018\/06\/IMG_88091.jpg\",\"articleSection\":[\"Noticias\"],\"inLanguage\":\"es-CL\",\"potentialAction\":[{\"@type\":\"CommentAction\",\"name\":\"Comment\",\"target\":[\"https:\/\/dev.explora.cl\/magallanes\/exitosa-ultima-edicion-de-la-feria-cientifica-escolar-en-puerto-natales\/#respond\"]}]},{\"@type\":\"WebPage\",\"@id\":\"https:\/\/dev.explora.cl\/magallanes\/exitosa-ultima-edicion-de-la-feria-cientifica-escolar-en-puerto-natales\/\",\"url\":\"https:\/\/dev.explora.cl\/magallanes\/exitosa-ultima-edicion-de-la-feria-cientifica-escolar-en-puerto-natales\/\",\"name\":\"[Galer\u00eda de fotos] Revisa las postales que dej\u00f3 la \u00faltima Feria Cient\u00edfica Escolar - Magallanes\",\"isPartOf\":{\"@id\":\"https:\/\/dev.explora.cl\/magallanes\/#website\"},\"primaryImageOfPage\":{\"@id\":\"https:\/\/dev.explora.cl\/magallanes\/exitosa-ultima-edicion-de-la-feria-cientifica-escolar-en-puerto-natales\/#primaryimage\"},\"image\":{\"@id\":\"https:\/\/dev.explora.cl\/magallanes\/exitosa-ultima-edicion-de-la-feria-cientifica-escolar-en-puerto-natales\/#primaryimage\"},\"thumbnailUrl\":\"https:\/\/dev.explora.cl\/magallanes\/wp-content\/uploads\/sites\/19\/2018\/06\/IMG_88091.jpg\",\"datePublished\":\"2018-05-28T04:00:00+00:00\",\"dateModified\":\"2019-05-20T21:34:24+00:00\",\"breadcrumb\":{\"@id\":\"https:\/\/dev.explora.cl\/magallanes\/exitosa-ultima-edicion-de-la-feria-cientifica-escolar-en-puerto-natales\/#breadcrumb\"},\"inLanguage\":\"es-CL\",\"potentialAction\":[{\"@type\":\"ReadAction\",\"target\":[\"https:\/\/dev.explora.cl\/magallanes\/exitosa-ultima-edicion-de-la-feria-cientifica-escolar-en-puerto-natales\/\"]}]},{\"@type\":\"ImageObject\",\"inLanguage\":\"es-CL\",\"@id\":\"https:\/\/dev.explora.cl\/magallanes\/exitosa-ultima-edicion-de-la-feria-cientifica-escolar-en-puerto-natales\/#primaryimage\",\"url\":\"https:\/\/dev.explora.cl\/magallanes\/wp-content\/uploads\/sites\/19\/2018\/06\/IMG_88091.jpg\",\"contentUrl\":\"https:\/\/dev.explora.cl\/magallanes\/wp-content\/uploads\/sites\/19\/2018\/06\/IMG_88091.jpg\",\"width\":2048,\"height\":1343},{\"@type\":\"BreadcrumbList\",\"@id\":\"https:\/\/dev.explora.cl\/magallanes\/exitosa-ultima-edicion-de-la-feria-cientifica-escolar-en-puerto-natales\/#breadcrumb\",\"itemListElement\":[{\"@type\":\"ListItem\",\"position\":1,\"name\":\"Portada\",\"item\":\"https:\/\/dev.explora.cl\/magallanes\/\"},{\"@type\":\"ListItem\",\"position\":2,\"name\":\"[Galer\u00eda de fotos] Revisa las postales que dej\u00f3 la \u00faltima Feria Cient\u00edfica Escolar\"}]},{\"@type\":\"WebSite\",\"@id\":\"https:\/\/dev.explora.cl\/magallanes\/#website\",\"url\":\"https:\/\/dev.explora.cl\/magallanes\/\",\"name\":\"Magallanes\",\"description\":\"Otro sitio m\u00e1s de dev.explora.cl\",\"publisher\":{\"@id\":\"https:\/\/dev.explora.cl\/magallanes\/#organization\"},\"potentialAction\":[{\"@type\":\"SearchAction\",\"target\":{\"@type\":\"EntryPoint\",\"urlTemplate\":\"https:\/\/dev.explora.cl\/magallanes\/?s={search_term_string}\"},\"query-input\":{\"@type\":\"PropertyValueSpecification\",\"valueRequired\":true,\"valueName\":\"search_term_string\"}}],\"inLanguage\":\"es-CL\"},{\"@type\":\"Organization\",\"@id\":\"https:\/\/dev.explora.cl\/magallanes\/#organization\",\"name\":\"Magallanes\",\"url\":\"https:\/\/dev.explora.cl\/magallanes\/\",\"logo\":{\"@type\":\"ImageObject\",\"inLanguage\":\"es-CL\",\"@id\":\"https:\/\/dev.explora.cl\/magallanes\/#\/schema\/logo\/image\/\",\"url\":\"https:\/\/dev.explora.cl\/magallanes\/wp-content\/uploads\/sites\/19\/2021\/06\/cropped-ICONO-COLOR-2.jpg\",\"contentUrl\":\"https:\/\/dev.explora.cl\/magallanes\/wp-content\/uploads\/sites\/19\/2021\/06\/cropped-ICONO-COLOR-2.jpg\",\"width\":1181,\"height\":1181,\"caption\":\"Magallanes\"},\"image\":{\"@id\":\"https:\/\/dev.explora.cl\/magallanes\/#\/schema\/logo\/image\/\"}},{\"@type\":\"Person\",\"@id\":\"https:\/\/dev.explora.cl\/magallanes\/#\/schema\/person\/cb8349c13ea2d324080adf8480d7ba5d\",\"name\":\"webman\",\"image\":{\"@type\":\"ImageObject\",\"inLanguage\":\"es-CL\",\"@id\":\"https:\/\/dev.explora.cl\/magallanes\/#\/schema\/person\/image\/\",\"url\":\"https:\/\/secure.gravatar.com\/avatar\/eeff3c82f2c02f7177d13663b7e6f890e9a6a0647ce9bb29cae02dcb094c7312?s=96&d=mm&r=g\",\"contentUrl\":\"https:\/\/secure.gravatar.com\/avatar\/eeff3c82f2c02f7177d13663b7e6f890e9a6a0647ce9bb29cae02dcb094c7312?s=96&d=mm&r=g\",\"caption\":\"webman\"},\"url\":\"https:\/\/dev.explora.cl\/magallanes\/author\/webman\/\"}]}<\/script>\n<!-- \/ Yoast SEO plugin. -->","yoast_head_json":{"title":"[Galer\u00eda de fotos] Revisa las postales que dej\u00f3 la \u00faltima Feria Cient\u00edfica Escolar - Magallanes","robots":{"index":"index","follow":"follow","max-snippet":"max-snippet:-1","max-image-preview":"max-image-preview:large","max-video-preview":"max-video-preview:-1"},"canonical":"https:\/\/dev.explora.cl\/magallanes\/exitosa-ultima-edicion-de-la-feria-cientifica-escolar-en-puerto-natales\/","og_locale":"es_ES","og_type":"article","og_title":"[Galer\u00eda de fotos] Revisa las postales que dej\u00f3 la \u00faltima Feria Cient\u00edfica Escolar - Magallanes","og_description":"28 proyectos cient\u00edficos realizados por estudiantes de distintos establecimientos de Magallanes participaron de muestra que culmin\u00f3 este jueves en el Gimnasio Jos\u00e9 Miguel Carrera. Para algunos fueron casi tres meses de arduo trabajo que presentaron cerca de 60 escolares durante este mi\u00e9rcoles y jueves en la XIX versi\u00f3n de la Feria Cient\u00edfica Escolar, que cada [&hellip;]","og_url":"https:\/\/dev.explora.cl\/magallanes\/exitosa-ultima-edicion-de-la-feria-cientifica-escolar-en-puerto-natales\/","og_site_name":"Magallanes","article_published_time":"2018-05-28T04:00:00+00:00","article_modified_time":"2019-05-20T21:34:24+00:00","og_image":[{"width":2048,"height":1343,"url":"https:\/\/dev.explora.cl\/magallanes\/wp-content\/uploads\/sites\/19\/2018\/06\/IMG_88091.jpg","type":"image\/jpeg"}],"author":"webman","twitter_card":"summary_large_image","twitter_misc":{"Escrito por":"webman","Tiempo estimado de lectura":"1 minuto"},"schema":{"@context":"https:\/\/schema.org","@graph":[{"@type":"Article","@id":"https:\/\/dev.explora.cl\/magallanes\/exitosa-ultima-edicion-de-la-feria-cientifica-escolar-en-puerto-natales\/#article","isPartOf":{"@id":"https:\/\/dev.explora.cl\/magallanes\/exitosa-ultima-edicion-de-la-feria-cientifica-escolar-en-puerto-natales\/"},"author":{"name":"webman","@id":"https:\/\/dev.explora.cl\/magallanes\/#\/schema\/person\/cb8349c13ea2d324080adf8480d7ba5d"},"headline":"[Galer\u00eda de fotos] Revisa las postales que dej\u00f3 la \u00faltima Feria Cient\u00edfica Escolar","datePublished":"2018-05-28T04:00:00+00:00","dateModified":"2019-05-20T21:34:24+00:00","mainEntityOfPage":{"@id":"https:\/\/dev.explora.cl\/magallanes\/exitosa-ultima-edicion-de-la-feria-cientifica-escolar-en-puerto-natales\/"},"wordCount":219,"commentCount":0,"publisher":{"@id":"https:\/\/dev.explora.cl\/magallanes\/#organization"},"image":{"@id":"https:\/\/dev.explora.cl\/magallanes\/exitosa-ultima-edicion-de-la-feria-cientifica-escolar-en-puerto-natales\/#primaryimage"},"thumbnailUrl":"https:\/\/dev.explora.cl\/magallanes\/wp-content\/uploads\/sites\/19\/2018\/06\/IMG_88091.jpg","articleSection":["Noticias"],"inLanguage":"es-CL","potentialAction":[{"@type":"CommentAction","name":"Comment","target":["https:\/\/dev.explora.cl\/magallanes\/exitosa-ultima-edicion-de-la-feria-cientifica-escolar-en-puerto-natales\/#respond"]}]},{"@type":"WebPage","@id":"https:\/\/dev.explora.cl\/magallanes\/exitosa-ultima-edicion-de-la-feria-cientifica-escolar-en-puerto-natales\/","url":"https:\/\/dev.explora.cl\/magallanes\/exitosa-ultima-edicion-de-la-feria-cientifica-escolar-en-puerto-natales\/","name":"[Galer\u00eda de fotos] Revisa las postales que dej\u00f3 la \u00faltima Feria Cient\u00edfica Escolar - Magallanes","isPartOf":{"@id":"https:\/\/dev.explora.cl\/magallanes\/#website"},"primaryImageOfPage":{"@id":"https:\/\/dev.explora.cl\/magallanes\/exitosa-ultima-edicion-de-la-feria-cientifica-escolar-en-puerto-natales\/#primaryimage"},"image":{"@id":"https:\/\/dev.explora.cl\/magallanes\/exitosa-ultima-edicion-de-la-feria-cientifica-escolar-en-puerto-natales\/#primaryimage"},"thumbnailUrl":"https:\/\/dev.explora.cl\/magallanes\/wp-content\/uploads\/sites\/19\/2018\/06\/IMG_88091.jpg","datePublished":"2018-05-28T04:00:00+00:00","dateModified":"2019-05-20T21:34:24+00:00","breadcrumb":{"@id":"https:\/\/dev.explora.cl\/magallanes\/exitosa-ultima-edicion-de-la-feria-cientifica-escolar-en-puerto-natales\/#breadcrumb"},"inLanguage":"es-CL","potentialAction":[{"@type":"ReadAction","target":["https:\/\/dev.explora.cl\/magallanes\/exitosa-ultima-edicion-de-la-feria-cientifica-escolar-en-puerto-natales\/"]}]},{"@type":"ImageObject","inLanguage":"es-CL","@id":"https:\/\/dev.explora.cl\/magallanes\/exitosa-ultima-edicion-de-la-feria-cientifica-escolar-en-puerto-natales\/#primaryimage","url":"https:\/\/dev.explora.cl\/magallanes\/wp-content\/uploads\/sites\/19\/2018\/06\/IMG_88091.jpg","contentUrl":"https:\/\/dev.explora.cl\/magallanes\/wp-content\/uploads\/sites\/19\/2018\/06\/IMG_88091.jpg","width":2048,"height":1343},{"@type":"BreadcrumbList","@id":"https:\/\/dev.explora.cl\/magallanes\/exitosa-ultima-edicion-de-la-feria-cientifica-escolar-en-puerto-natales\/#breadcrumb","itemListElement":[{"@type":"ListItem","position":1,"name":"Portada","item":"https:\/\/dev.explora.cl\/magallanes\/"},{"@type":"ListItem","position":2,"name":"[Galer\u00eda de fotos] Revisa las postales que dej\u00f3 la \u00faltima Feria Cient\u00edfica Escolar"}]},{"@type":"WebSite","@id":"https:\/\/dev.explora.cl\/magallanes\/#website","url":"https:\/\/dev.explora.cl\/magallanes\/","name":"Magallanes","description":"Otro sitio m\u00e1s de dev.explora.cl","publisher":{"@id":"https:\/\/dev.explora.cl\/magallanes\/#organization"},"potentialAction":[{"@type":"SearchAction","target":{"@type":"EntryPoint","urlTemplate":"https:\/\/dev.explora.cl\/magallanes\/?s={search_term_string}"},"query-input":{"@type":"PropertyValueSpecification","valueRequired":true,"valueName":"search_term_string"}}],"inLanguage":"es-CL"},{"@type":"Organization","@id":"https:\/\/dev.explora.cl\/magallanes\/#organization","name":"Magallanes","url":"https:\/\/dev.explora.cl\/magallanes\/","logo":{"@type":"ImageObject","inLanguage":"es-CL","@id":"https:\/\/dev.explora.cl\/magallanes\/#\/schema\/logo\/image\/","url":"https:\/\/dev.explora.cl\/magallanes\/wp-content\/uploads\/sites\/19\/2021\/06\/cropped-ICONO-COLOR-2.jpg","contentUrl":"https:\/\/dev.explora.cl\/magallanes\/wp-content\/uploads\/sites\/19\/2021\/06\/cropped-ICONO-COLOR-2.jpg","width":1181,"height":1181,"caption":"Magallanes"},"image":{"@id":"https:\/\/dev.explora.cl\/magallanes\/#\/schema\/logo\/image\/"}},{"@type":"Person","@id":"https:\/\/dev.explora.cl\/magallanes\/#\/schema\/person\/cb8349c13ea2d324080adf8480d7ba5d","name":"webman","image":{"@type":"ImageObject","inLanguage":"es-CL","@id":"https:\/\/dev.explora.cl\/magallanes\/#\/schema\/person\/image\/","url":"https:\/\/secure.gravatar.com\/avatar\/eeff3c82f2c02f7177d13663b7e6f890e9a6a0647ce9bb29cae02dcb094c7312?s=96&d=mm&r=g","contentUrl":"https:\/\/secure.gravatar.com\/avatar\/eeff3c82f2c02f7177d13663b7e6f890e9a6a0647ce9bb29cae02dcb094c7312?s=96&d=mm&r=g","caption":"webman"},"url":"https:\/\/dev.explora.cl\/magallanes\/author\/webman\/"}]}},"_links":{"self":[{"href":"https:\/\/dev.explora.cl\/magallanes\/wp-json\/wp\/v2\/posts\/940","targetHints":{"allow":["GET"]}}],"collection":[{"href":"https:\/\/dev.explora.cl\/magallanes\/wp-json\/wp\/v2\/posts"}],"about":[{"href":"https:\/\/dev.explora.cl\/magallanes\/wp-json\/wp\/v2\/types\/post"}],"author":[{"embeddable":true,"href":"https:\/\/dev.explora.cl\/magallanes\/wp-json\/wp\/v2\/users\/2"}],"replies":[{"embeddable":true,"href":"https:\/\/dev.explora.cl\/magallanes\/wp-json\/wp\/v2\/comments?post=940"}],"version-history":[{"count":1,"href":"https:\/\/dev.explora.cl\/magallanes\/wp-json\/wp\/v2\/posts\/940\/revisions"}],"predecessor-version":[{"id":37583,"href":"https:\/\/dev.explora.cl\/magallanes\/wp-json\/wp\/v2\/posts\/940\/revisions\/37583"}],"wp:featuredmedia":[{"embeddable":true,"href":"https:\/\/dev.explora.cl\/magallanes\/wp-json\/wp\/v2\/media\/941"}],"wp:attachment":[{"href":"https:\/\/dev.explora.cl\/magallanes\/wp-json\/wp\/v2\/media?parent=940"}],"wp:term":[{"taxonomy":"category","embeddable":true,"href":"https:\/\/dev.explora.cl\/magallanes\/wp-json\/wp\/v2\/categories?post=940"},{"taxonomy":"post_tag","embeddable":true,"href":"https:\/\/dev.explora.cl\/magallanes\/wp-json\/wp\/v2\/tags?post=940"}],"curies":[{"name":"wp","href":"https:\/\/api.w.org\/{rel}","templated":true}]}}